{"id":64243,"date":"2025-06-30T07:15:18","date_gmt":"2025-06-30T05:15:18","guid":{"rendered":"https:\/\/www.immobilienbusiness.ch\/?p=64243"},"modified":"2025-07-03T12:26:51","modified_gmt":"2025-07-03T10:26:51","slug":"ebikon-schindler-plant-ein-eigenes-hotel","status":"publish","type":"post","link":"https:\/\/www.immobilienbusiness.ch\/it\/regionen\/2025-06-30\/ebikon-schindler-plant-ein-eigenes-hotel\/","title":{"rendered":"Ebikon: Schindler progetta hotel e appartamenti"},"content":{"rendered":"<figure id=\"attachment_64244\" aria-describedby=\"caption-attachment-64244\" style=\"width: 768px\" class=\"wp-caption alignnone\"><a href=\"https:\/\/www.immobilienbusiness.ch\/wp-content\/uploads\/2025\/06\/Hotel_Schindler_Ebikon_K05_Final-01-scaled.jpg\"><img loading=\"lazy\" decoding=\"async\" class=\"size-large wp-image-64244\" src=\"https:\/\/www.immobilienbusiness.ch\/wp-content\/uploads\/2025\/06\/Hotel_Schindler_Ebikon_K05_Final-01-1024x611.jpg\" alt=\"\" width=\"768\" height=\"458\" srcset=\"https:\/\/www.immobilienbusiness.ch\/wp-content\/uploads\/2025\/06\/Hotel_Schindler_Ebikon_K05_Final-01-1024x611.jpg 1024w, https:\/\/www.immobilienbusiness.ch\/wp-content\/uploads\/2025\/06\/Hotel_Schindler_Ebikon_K05_Final-01-300x179.jpg 300w, https:\/\/www.immobilienbusiness.ch\/wp-content\/uploads\/2025\/06\/Hotel_Schindler_Ebikon_K05_Final-01-768x458.jpg 768w, https:\/\/www.immobilienbusiness.ch\/wp-content\/uploads\/2025\/06\/Hotel_Schindler_Ebikon_K05_Final-01-1536x917.jpg 1536w, https:\/\/www.immobilienbusiness.ch\/wp-content\/uploads\/2025\/06\/Hotel_Schindler_Ebikon_K05_Final-01-2048x1223.jpg 2048w, https:\/\/www.immobilienbusiness.ch\/wp-content\/uploads\/2025\/06\/Hotel_Schindler_Ebikon_K05_Final-01-18x12.jpg 18w, https:\/\/www.immobilienbusiness.ch\/wp-content\/uploads\/2025\/06\/Hotel_Schindler_Ebikon_K05_Final-01-375x224.jpg 375w, https:\/\/www.immobilienbusiness.ch\/wp-content\/uploads\/2025\/06\/Hotel_Schindler_Ebikon_K05_Final-01-586x350.jpg 586w, https:\/\/www.immobilienbusiness.ch\/wp-content\/uploads\/2025\/06\/Hotel_Schindler_Ebikon_K05_Final-01-1000x597.jpg 1000w, https:\/\/www.immobilienbusiness.ch\/wp-content\/uploads\/2025\/06\/Hotel_Schindler_Ebikon_K05_Final-01-scaled.jpg 1200w\" sizes=\"auto, (max-width: 768px) 100vw, 768px\" \/><\/a><figcaption id=\"caption-attachment-64244\" class=\"wp-caption-text\">Il complesso Schindler previsto a Ebikon comprende un hotel e appartamenti in affitto (visualizzazione: zVg)<\/figcaption><\/figure>\n<p>Schindler Aufz\u00fcge AG sta progettando la costruzione di un complesso alberghiero e residenziale a Ebikon. L'azienda, attiva a livello globale, spiega cos\u00ec i suoi piani: \"\u00c8 urgente trovare una sistemazione per gli ospiti internazionali del campus Schindler e per i dipendenti\". Con una previsione di 130 camere d'albergo e diversi appartamenti in affitto, il nuovo edificio contribuir\u00e0 anche alla riqualificazione del sito.<\/p>\n<p>L'edificio sar\u00e0 costruito di fronte alla sede centrale di Schindler. L'hotel sar\u00e0 gestito da un \"fornitore esperto\" e sar\u00e0 aperto a tutti gli ospiti. Tuttavia, l'operatore non \u00e8 ancora stato definito. Il piano di progettazione sar\u00e0 presentato all'inizio di luglio. Secondo Schindler, il retro dell'edificio sar\u00e0 \"aperto e paesaggistico\". Sono ipotizzabili altri servizi, come la ristorazione. La domanda di costruzione \u00e8 prevista per l'inizio del 2026. La costruzione inizier\u00e0 nell'autunno del 2026, mentre il completamento e l'apertura sono previsti per la met\u00e0 del 2028.<\/p>\n<h3>La comunit\u00e0 accoglie con favore i piani<\/h3>\n<p>Il Comune di Ebikon sostiene il progetto. \"Siamo molto soddisfatti dei piani di Schindler\", afferma il sindaco Daniel Gasser. Il nuovo hotel colma una lacuna nell'offerta di Ebikon. \"Con la costruzione non vogliamo solo soddisfare un'esigenza pratica, ma anche dare un contributo sostenibile e positivo alla regione\", afferma Franz-Xaver Simmen, CEO di Schindler. <em>(aw)<\/em><\/p>","protected":false},"excerpt":{"rendered":"<p>L'azienda produttrice di ascensori a livello mondiale vuole realizzare un edificio ad uso alberghiero e appartamenti in affitto entro il 2028, creando cos\u00ec un alloggio urgentemente necessario per i dipendenti e i visitatori del suo campus aziendale.<\/p>","protected":false},"author":102,"featured_media":64244,"comment_status":"closed","ping_status":"closed","sticky":false,"template":"","format":"standard","meta":{"_acf_changed":false,"_yoast_wpseo_focuskw":"Ebikon","_yoast_wpseo_title":"","_yoast_wpseo_metadesc":"Der weltweit t\u00e4tige Aufzug-Hersteller will bis 2028 ein Geb\u00e4ude mit Hotelnutzung und Mietwohnungen realisieren und damit dringend ben\u00f6tigte Unterk\u00fcnfte f\u00fcr Besch\u00e4ftigte und Besucher seines Unternehmenscampus schaffen.","_yoast_wpseo_linkdex":70,"pgc_sgb_lightbox_settings":"","footnotes":""},"categories":[985],"tags":[2237,1181,1313,1492,1600,4239],"class_list":["post-64243","post","type-post","status-publish","format-standard","has-post-thumbnail","hentry","category-regionen","tag-corporate-real-estate","tag-ebikon","tag-hotel","tag-mietwohnungen","tag-projekt-in-planung","tag-schindler"],"acf":[],"yoast_head":"<!-- This site is optimized with the Yoast SEO plugin v27.5 - https:\/\/yoast.com\/product\/yoast-seo-wordpress\/ -->\n<title>Ebikon: Schindler plant Hotel und Wohnungen - IMMOBILIEN Business<\/title>\n<meta name=\"description\" content=\"Der weltweit t\u00e4tige Aufzug-Hersteller will bis 2028 ein Geb\u00e4ude mit Hotelnutzung und Mietwohnungen realisieren und damit dringend ben\u00f6tigte Unterk\u00fcnfte f\u00fcr Besch\u00e4ftigte und Besucher seines Unternehmenscampus schaffen.\" \/>\n<meta name=\"robots\" content=\"index, follow, max-snippet:-1, max-image-preview:large, max-video-preview:-1\" \/>\n<link rel=\"canonical\" href=\"https:\/\/www.immobilienbusiness.ch\/it\/regionen\/2025-06-30\/ebikon-schindler-plant-ein-eigenes-hotel\/\" \/>\n<meta property=\"og:locale\" content=\"it_IT\" \/>\n<meta property=\"og:type\" content=\"article\" \/>\n<meta property=\"og:title\" content=\"Ebikon: Schindler plant Hotel und Wohnungen - IMMOBILIEN Business\" \/>\n<meta property=\"og:description\" content=\"Der weltweit t\u00e4tige Aufzug-Hersteller will bis 2028 ein Geb\u00e4ude mit Hotelnutzung und Mietwohnungen realisieren und damit dringend ben\u00f6tigte Unterk\u00fcnfte f\u00fcr Besch\u00e4ftigte und Besucher seines Unternehmenscampus schaffen.\" \/>\n<meta property=\"og:url\" content=\"https:\/\/www.immobilienbusiness.ch\/it\/regionen\/2025-06-30\/ebikon-schindler-plant-ein-eigenes-hotel\/\" \/>\n<meta property=\"og:site_name\" content=\"IMMOBILIEN Business\" \/>\n<meta property=\"article:publisher\" content=\"https:\/\/www.facebook.com\/immobilienbusiness\/\" \/>\n<meta property=\"article:published_time\" content=\"2025-06-30T05:15:18+00:00\" \/>\n<meta property=\"article:modified_time\" content=\"2025-07-03T10:26:51+00:00\" \/>\n<meta property=\"og:image\" content=\"https:\/\/www.immobilienbusiness.ch\/wp-content\/uploads\/2025\/06\/Hotel_Schindler_Ebikon_K05_Final-01-scaled.jpg\" \/>\n\t<meta property=\"og:image:width\" content=\"1200\" \/>\n\t<meta property=\"og:image:height\" content=\"717\" \/>\n\t<meta property=\"og:image:type\" content=\"image\/jpeg\" \/>\n<meta name=\"author\" content=\"Alexander Wachter\" \/>\n<meta name=\"twitter:card\" content=\"summary_large_image\" \/>\n<script type=\"application\/ld+json\" class=\"yoast-schema-graph\">{\"@context\":\"https:\\\/\\\/schema.org\",\"@graph\":[{\"@type\":\"Article\",\"@id\":\"https:\\\/\\\/www.immobilienbusiness.ch\\\/de\\\/regionen\\\/2025-06-30\\\/ebikon-schindler-plant-ein-eigenes-hotel\\\/#article\",\"isPartOf\":{\"@id\":\"https:\\\/\\\/www.immobilienbusiness.ch\\\/de\\\/regionen\\\/2025-06-30\\\/ebikon-schindler-plant-ein-eigenes-hotel\\\/\"},\"author\":{\"name\":\"Alexander Wachter\",\"@id\":\"https:\\\/\\\/www.immobilienbusiness.ch\\\/#\\\/schema\\\/person\\\/aba8bea2db926aa0c24c08c43fe1fcd5\"},\"headline\":\"Ebikon: Schindler plant Hotel und Wohnungen\",\"datePublished\":\"2025-06-30T05:15:18+00:00\",\"dateModified\":\"2025-07-03T10:26:51+00:00\",\"mainEntityOfPage\":{\"@id\":\"https:\\\/\\\/www.immobilienbusiness.ch\\\/de\\\/regionen\\\/2025-06-30\\\/ebikon-schindler-plant-ein-eigenes-hotel\\\/\"},\"wordCount\":239,\"publisher\":{\"@id\":\"https:\\\/\\\/www.immobilienbusiness.ch\\\/#organization\"},\"image\":{\"@id\":\"https:\\\/\\\/www.immobilienbusiness.ch\\\/de\\\/regionen\\\/2025-06-30\\\/ebikon-schindler-plant-ein-eigenes-hotel\\\/#primaryimage\"},\"thumbnailUrl\":\"https:\\\/\\\/www.immobilienbusiness.ch\\\/wp-content\\\/uploads\\\/2025\\\/06\\\/Hotel_Schindler_Ebikon_K05_Final-01-scaled.jpg\",\"keywords\":[\"Corporate Real Estate\",\"Ebikon\",\"Hotel\",\"Mietwohnungen\",\"Projekt in Planung\",\"Schindler\"],\"articleSection\":[\"REGIONEN\"],\"inLanguage\":\"it-IT\"},{\"@type\":\"WebPage\",\"@id\":\"https:\\\/\\\/www.immobilienbusiness.ch\\\/de\\\/regionen\\\/2025-06-30\\\/ebikon-schindler-plant-ein-eigenes-hotel\\\/\",\"url\":\"https:\\\/\\\/www.immobilienbusiness.ch\\\/de\\\/regionen\\\/2025-06-30\\\/ebikon-schindler-plant-ein-eigenes-hotel\\\/\",\"name\":\"Ebikon: Schindler plant Hotel und Wohnungen - IMMOBILIEN Business\",\"isPartOf\":{\"@id\":\"https:\\\/\\\/www.immobilienbusiness.ch\\\/#website\"},\"primaryImageOfPage\":{\"@id\":\"https:\\\/\\\/www.immobilienbusiness.ch\\\/de\\\/regionen\\\/2025-06-30\\\/ebikon-schindler-plant-ein-eigenes-hotel\\\/#primaryimage\"},\"image\":{\"@id\":\"https:\\\/\\\/www.immobilienbusiness.ch\\\/de\\\/regionen\\\/2025-06-30\\\/ebikon-schindler-plant-ein-eigenes-hotel\\\/#primaryimage\"},\"thumbnailUrl\":\"https:\\\/\\\/www.immobilienbusiness.ch\\\/wp-content\\\/uploads\\\/2025\\\/06\\\/Hotel_Schindler_Ebikon_K05_Final-01-scaled.jpg\",\"datePublished\":\"2025-06-30T05:15:18+00:00\",\"dateModified\":\"2025-07-03T10:26:51+00:00\",\"description\":\"Der weltweit t\u00e4tige Aufzug-Hersteller will bis 2028 ein Geb\u00e4ude mit Hotelnutzung und Mietwohnungen realisieren und damit dringend ben\u00f6tigte Unterk\u00fcnfte f\u00fcr Besch\u00e4ftigte und Besucher seines Unternehmenscampus schaffen.\",\"breadcrumb\":{\"@id\":\"https:\\\/\\\/www.immobilienbusiness.ch\\\/de\\\/regionen\\\/2025-06-30\\\/ebikon-schindler-plant-ein-eigenes-hotel\\\/#breadcrumb\"},\"inLanguage\":\"it-IT\",\"potentialAction\":[{\"@type\":\"ReadAction\",\"target\":[\"https:\\\/\\\/www.immobilienbusiness.ch\\\/de\\\/regionen\\\/2025-06-30\\\/ebikon-schindler-plant-ein-eigenes-hotel\\\/\"]}]},{\"@type\":\"ImageObject\",\"inLanguage\":\"it-IT\",\"@id\":\"https:\\\/\\\/www.immobilienbusiness.ch\\\/de\\\/regionen\\\/2025-06-30\\\/ebikon-schindler-plant-ein-eigenes-hotel\\\/#primaryimage\",\"url\":\"https:\\\/\\\/www.immobilienbusiness.ch\\\/wp-content\\\/uploads\\\/2025\\\/06\\\/Hotel_Schindler_Ebikon_K05_Final-01-scaled.jpg\",\"contentUrl\":\"https:\\\/\\\/www.immobilienbusiness.ch\\\/wp-content\\\/uploads\\\/2025\\\/06\\\/Hotel_Schindler_Ebikon_K05_Final-01-scaled.jpg\",\"width\":1200,\"height\":717,\"caption\":\"Der geplante Komplex von Schindler in Ebikon umfasst ein Hotel und Mietwohnungen (Visualisierung: zVg)\"},{\"@type\":\"BreadcrumbList\",\"@id\":\"https:\\\/\\\/www.immobilienbusiness.ch\\\/de\\\/regionen\\\/2025-06-30\\\/ebikon-schindler-plant-ein-eigenes-hotel\\\/#breadcrumb\",\"itemListElement\":[{\"@type\":\"ListItem\",\"position\":1,\"name\":\"Home\",\"item\":\"https:\\\/\\\/www.immobilienbusiness.ch\\\/\"},{\"@type\":\"ListItem\",\"position\":2,\"name\":\"Ebikon: Schindler plant Hotel und Wohnungen\"}]},{\"@type\":\"WebSite\",\"@id\":\"https:\\\/\\\/www.immobilienbusiness.ch\\\/#website\",\"url\":\"https:\\\/\\\/www.immobilienbusiness.ch\\\/\",\"name\":\"IMMOBILIEN Business\",\"description\":\"Unabh\u00e4ngiges Schweizer Wirtschaftsmagazin mit Fokus auf Immobilien, Architektur- und Bau sowie Investment- und Finanzierung.\",\"publisher\":{\"@id\":\"https:\\\/\\\/www.immobilienbusiness.ch\\\/#organization\"},\"potentialAction\":[{\"@type\":\"SearchAction\",\"target\":{\"@type\":\"EntryPoint\",\"urlTemplate\":\"https:\\\/\\\/www.immobilienbusiness.ch\\\/?s={search_term_string}\"},\"query-input\":{\"@type\":\"PropertyValueSpecification\",\"valueRequired\":true,\"valueName\":\"search_term_string\"}}],\"inLanguage\":\"it-IT\"},{\"@type\":\"Organization\",\"@id\":\"https:\\\/\\\/www.immobilienbusiness.ch\\\/#organization\",\"name\":\"IMMOBILIEN Business\",\"url\":\"https:\\\/\\\/www.immobilienbusiness.ch\\\/\",\"logo\":{\"@type\":\"ImageObject\",\"inLanguage\":\"it-IT\",\"@id\":\"https:\\\/\\\/www.immobilienbusiness.ch\\\/#\\\/schema\\\/logo\\\/image\\\/\",\"url\":\"https:\\\/\\\/www.immobilienbusiness.ch\\\/wp-content\\\/uploads\\\/2021\\\/07\\\/logo_ib.png\",\"contentUrl\":\"https:\\\/\\\/www.immobilienbusiness.ch\\\/wp-content\\\/uploads\\\/2021\\\/07\\\/logo_ib.png\",\"width\":800,\"height\":181,\"caption\":\"IMMOBILIEN Business\"},\"image\":{\"@id\":\"https:\\\/\\\/www.immobilienbusiness.ch\\\/#\\\/schema\\\/logo\\\/image\\\/\"},\"sameAs\":[\"https:\\\/\\\/www.facebook.com\\\/immobilienbusiness\\\/\"]},{\"@type\":\"Person\",\"@id\":\"https:\\\/\\\/www.immobilienbusiness.ch\\\/#\\\/schema\\\/person\\\/aba8bea2db926aa0c24c08c43fe1fcd5\",\"name\":\"Alexander Wachter\",\"image\":{\"@type\":\"ImageObject\",\"inLanguage\":\"it-IT\",\"@id\":\"https:\\\/\\\/secure.gravatar.com\\\/avatar\\\/1a09e471f5389b0e0a6416eac287e0927c7c97a7b77f9e787eba3af7aee281dd?s=96&d=mm&r=g\",\"url\":\"https:\\\/\\\/secure.gravatar.com\\\/avatar\\\/1a09e471f5389b0e0a6416eac287e0927c7c97a7b77f9e787eba3af7aee281dd?s=96&d=mm&r=g\",\"contentUrl\":\"https:\\\/\\\/secure.gravatar.com\\\/avatar\\\/1a09e471f5389b0e0a6416eac287e0927c7c97a7b77f9e787eba3af7aee281dd?s=96&d=mm&r=g\",\"caption\":\"Alexander Wachter\"},\"url\":\"https:\\\/\\\/www.immobilienbusiness.ch\\\/it\\\/author\\\/alexander-wachter\\\/\"}]}<\/script>\n<!-- \/ Yoast SEO plugin. -->","yoast_head_json":{"title":"Ebikon: Schindler progetta hotel e appartamenti - IMMOBILIEN Business","description":"L'azienda produttrice di ascensori a livello mondiale vuole realizzare un edificio ad uso alberghiero e appartamenti in affitto entro il 2028, creando cos\u00ec un alloggio urgentemente necessario per i dipendenti e i visitatori del suo campus aziendale.","robots":{"index":"index","follow":"follow","max-snippet":"max-snippet:-1","max-image-preview":"max-image-preview:large","max-video-preview":"max-video-preview:-1"},"canonical":"https:\/\/www.immobilienbusiness.ch\/it\/regionen\/2025-06-30\/ebikon-schindler-plant-ein-eigenes-hotel\/","og_locale":"it_IT","og_type":"article","og_title":"Ebikon: Schindler plant Hotel und Wohnungen - IMMOBILIEN Business","og_description":"Der weltweit t\u00e4tige Aufzug-Hersteller will bis 2028 ein Geb\u00e4ude mit Hotelnutzung und Mietwohnungen realisieren und damit dringend ben\u00f6tigte Unterk\u00fcnfte f\u00fcr Besch\u00e4ftigte und Besucher seines Unternehmenscampus schaffen.","og_url":"https:\/\/www.immobilienbusiness.ch\/it\/regionen\/2025-06-30\/ebikon-schindler-plant-ein-eigenes-hotel\/","og_site_name":"IMMOBILIEN Business","article_publisher":"https:\/\/www.facebook.com\/immobilienbusiness\/","article_published_time":"2025-06-30T05:15:18+00:00","article_modified_time":"2025-07-03T10:26:51+00:00","og_image":[{"width":1200,"height":717,"url":"https:\/\/www.immobilienbusiness.ch\/wp-content\/uploads\/2025\/06\/Hotel_Schindler_Ebikon_K05_Final-01-scaled.jpg","type":"image\/jpeg"}],"author":"Alexander Wachter","twitter_card":"summary_large_image","schema":{"@context":"https:\/\/schema.org","@graph":[{"@type":"Article","@id":"https:\/\/www.immobilienbusiness.ch\/de\/regionen\/2025-06-30\/ebikon-schindler-plant-ein-eigenes-hotel\/#article","isPartOf":{"@id":"https:\/\/www.immobilienbusiness.ch\/de\/regionen\/2025-06-30\/ebikon-schindler-plant-ein-eigenes-hotel\/"},"author":{"name":"Alexander Wachter","@id":"https:\/\/www.immobilienbusiness.ch\/#\/schema\/person\/aba8bea2db926aa0c24c08c43fe1fcd5"},"headline":"Ebikon: Schindler plant Hotel und Wohnungen","datePublished":"2025-06-30T05:15:18+00:00","dateModified":"2025-07-03T10:26:51+00:00","mainEntityOfPage":{"@id":"https:\/\/www.immobilienbusiness.ch\/de\/regionen\/2025-06-30\/ebikon-schindler-plant-ein-eigenes-hotel\/"},"wordCount":239,"publisher":{"@id":"https:\/\/www.immobilienbusiness.ch\/#organization"},"image":{"@id":"https:\/\/www.immobilienbusiness.ch\/de\/regionen\/2025-06-30\/ebikon-schindler-plant-ein-eigenes-hotel\/#primaryimage"},"thumbnailUrl":"https:\/\/www.immobilienbusiness.ch\/wp-content\/uploads\/2025\/06\/Hotel_Schindler_Ebikon_K05_Final-01-scaled.jpg","keywords":["Corporate Real Estate","Ebikon","Hotel","Mietwohnungen","Projekt in Planung","Schindler"],"articleSection":["REGIONEN"],"inLanguage":"it-IT"},{"@type":"WebPage","@id":"https:\/\/www.immobilienbusiness.ch\/de\/regionen\/2025-06-30\/ebikon-schindler-plant-ein-eigenes-hotel\/","url":"https:\/\/www.immobilienbusiness.ch\/de\/regionen\/2025-06-30\/ebikon-schindler-plant-ein-eigenes-hotel\/","name":"Ebikon: Schindler progetta hotel e appartamenti - IMMOBILIEN Business","isPartOf":{"@id":"https:\/\/www.immobilienbusiness.ch\/#website"},"primaryImageOfPage":{"@id":"https:\/\/www.immobilienbusiness.ch\/de\/regionen\/2025-06-30\/ebikon-schindler-plant-ein-eigenes-hotel\/#primaryimage"},"image":{"@id":"https:\/\/www.immobilienbusiness.ch\/de\/regionen\/2025-06-30\/ebikon-schindler-plant-ein-eigenes-hotel\/#primaryimage"},"thumbnailUrl":"https:\/\/www.immobilienbusiness.ch\/wp-content\/uploads\/2025\/06\/Hotel_Schindler_Ebikon_K05_Final-01-scaled.jpg","datePublished":"2025-06-30T05:15:18+00:00","dateModified":"2025-07-03T10:26:51+00:00","description":"L'azienda produttrice di ascensori a livello mondiale vuole realizzare un edificio ad uso alberghiero e appartamenti in affitto entro il 2028, creando cos\u00ec un alloggio urgentemente necessario per i dipendenti e i visitatori del suo campus aziendale.","breadcrumb":{"@id":"https:\/\/www.immobilienbusiness.ch\/de\/regionen\/2025-06-30\/ebikon-schindler-plant-ein-eigenes-hotel\/#breadcrumb"},"inLanguage":"it-IT","potentialAction":[{"@type":"ReadAction","target":["https:\/\/www.immobilienbusiness.ch\/de\/regionen\/2025-06-30\/ebikon-schindler-plant-ein-eigenes-hotel\/"]}]},{"@type":"ImageObject","inLanguage":"it-IT","@id":"https:\/\/www.immobilienbusiness.ch\/de\/regionen\/2025-06-30\/ebikon-schindler-plant-ein-eigenes-hotel\/#primaryimage","url":"https:\/\/www.immobilienbusiness.ch\/wp-content\/uploads\/2025\/06\/Hotel_Schindler_Ebikon_K05_Final-01-scaled.jpg","contentUrl":"https:\/\/www.immobilienbusiness.ch\/wp-content\/uploads\/2025\/06\/Hotel_Schindler_Ebikon_K05_Final-01-scaled.jpg","width":1200,"height":717,"caption":"Der geplante Komplex von Schindler in Ebikon umfasst ein Hotel und Mietwohnungen (Visualisierung: zVg)"},{"@type":"BreadcrumbList","@id":"https:\/\/www.immobilienbusiness.ch\/de\/regionen\/2025-06-30\/ebikon-schindler-plant-ein-eigenes-hotel\/#breadcrumb","itemListElement":[{"@type":"ListItem","position":1,"name":"Home","item":"https:\/\/www.immobilienbusiness.ch\/"},{"@type":"ListItem","position":2,"name":"Ebikon: Schindler plant Hotel und Wohnungen"}]},{"@type":"WebSite","@id":"https:\/\/www.immobilienbusiness.ch\/#website","url":"https:\/\/www.immobilienbusiness.ch\/","name":"Affari immobiliari","description":"Rivista economica indipendente svizzera che si concentra sul settore immobiliare, l'architettura e la costruzione, nonch\u00e9 sugli investimenti e i finanziamenti.","publisher":{"@id":"https:\/\/www.immobilienbusiness.ch\/#organization"},"potentialAction":[{"@type":"SearchAction","target":{"@type":"EntryPoint","urlTemplate":"https:\/\/www.immobilienbusiness.ch\/?s={search_term_string}"},"query-input":{"@type":"PropertyValueSpecification","valueRequired":true,"valueName":"search_term_string"}}],"inLanguage":"it-IT"},{"@type":"Organization","@id":"https:\/\/www.immobilienbusiness.ch\/#organization","name":"Affari immobiliari","url":"https:\/\/www.immobilienbusiness.ch\/","logo":{"@type":"ImageObject","inLanguage":"it-IT","@id":"https:\/\/www.immobilienbusiness.ch\/#\/schema\/logo\/image\/","url":"https:\/\/www.immobilienbusiness.ch\/wp-content\/uploads\/2021\/07\/logo_ib.png","contentUrl":"https:\/\/www.immobilienbusiness.ch\/wp-content\/uploads\/2021\/07\/logo_ib.png","width":800,"height":181,"caption":"IMMOBILIEN Business"},"image":{"@id":"https:\/\/www.immobilienbusiness.ch\/#\/schema\/logo\/image\/"},"sameAs":["https:\/\/www.facebook.com\/immobilienbusiness\/"]},{"@type":"Person","@id":"https:\/\/www.immobilienbusiness.ch\/#\/schema\/person\/aba8bea2db926aa0c24c08c43fe1fcd5","name":"Alexander Wachter","image":{"@type":"ImageObject","inLanguage":"it-IT","@id":"https:\/\/secure.gravatar.com\/avatar\/1a09e471f5389b0e0a6416eac287e0927c7c97a7b77f9e787eba3af7aee281dd?s=96&d=mm&r=g","url":"https:\/\/secure.gravatar.com\/avatar\/1a09e471f5389b0e0a6416eac287e0927c7c97a7b77f9e787eba3af7aee281dd?s=96&d=mm&r=g","contentUrl":"https:\/\/secure.gravatar.com\/avatar\/1a09e471f5389b0e0a6416eac287e0927c7c97a7b77f9e787eba3af7aee281dd?s=96&d=mm&r=g","caption":"Alexander Wachter"},"url":"https:\/\/www.immobilienbusiness.ch\/it\/author\/alexander-wachter\/"}]}},"_links":{"self":[{"href":"https:\/\/www.immobilienbusiness.ch\/it\/wp-json\/wp\/v2\/posts\/64243","targetHints":{"allow":["GET"]}}],"collection":[{"href":"https:\/\/www.immobilienbusiness.ch\/it\/wp-json\/wp\/v2\/posts"}],"about":[{"href":"https:\/\/www.immobilienbusiness.ch\/it\/wp-json\/wp\/v2\/types\/post"}],"author":[{"embeddable":true,"href":"https:\/\/www.immobilienbusiness.ch\/it\/wp-json\/wp\/v2\/users\/102"}],"replies":[{"embeddable":true,"href":"https:\/\/www.immobilienbusiness.ch\/it\/wp-json\/wp\/v2\/comments?post=64243"}],"version-history":[{"count":2,"href":"https:\/\/www.immobilienbusiness.ch\/it\/wp-json\/wp\/v2\/posts\/64243\/revisions"}],"predecessor-version":[{"id":64246,"href":"https:\/\/www.immobilienbusiness.ch\/it\/wp-json\/wp\/v2\/posts\/64243\/revisions\/64246"}],"wp:featuredmedia":[{"embeddable":true,"href":"https:\/\/www.immobilienbusiness.ch\/it\/wp-json\/wp\/v2\/media\/64244"}],"wp:attachment":[{"href":"https:\/\/www.immobilienbusiness.ch\/it\/wp-json\/wp\/v2\/media?parent=64243"}],"wp:term":[{"taxonomy":"category","embeddable":true,"href":"https:\/\/www.immobilienbusiness.ch\/it\/wp-json\/wp\/v2\/categories?post=64243"},{"taxonomy":"post_tag","embeddable":true,"href":"https:\/\/www.immobilienbusiness.ch\/it\/wp-json\/wp\/v2\/tags?post=64243"}],"curies":[{"name":"wp","href":"https:\/\/api.w.org\/{rel}","templated":true}]}}