{"id":63683,"date":"2025-05-20T06:50:22","date_gmt":"2025-05-20T04:50:22","guid":{"rendered":"https:\/\/www.immobilienbusiness.ch\/?p=63683"},"modified":"2025-05-21T18:01:26","modified_gmt":"2025-05-21T16:01:26","slug":"blkb-lanciert-immobilienfonds","status":"publish","type":"post","link":"https:\/\/www.immobilienbusiness.ch\/it\/unternehmen\/2025-05-20\/blkb-lanciert-immobilienfonds\/","title":{"rendered":"BLKB lancia un fondo immobiliare"},"content":{"rendered":"<figure id=\"attachment_63684\" aria-describedby=\"caption-attachment-63684\" style=\"width: 560px\" class=\"wp-caption alignnone\"><a href=\"https:\/\/www.immobilienbusiness.ch\/wp-content\/uploads\/2025\/05\/BLKB_FM_AG_Michel_Molinari-002.jpg\"><img loading=\"lazy\" decoding=\"async\" class=\"size-full wp-image-63684\" src=\"https:\/\/www.immobilienbusiness.ch\/wp-content\/uploads\/2025\/05\/BLKB_FM_AG_Michel_Molinari-002.jpg\" alt=\"\" width=\"560\" height=\"410\" srcset=\"https:\/\/www.immobilienbusiness.ch\/wp-content\/uploads\/2025\/05\/BLKB_FM_AG_Michel_Molinari-002.jpg 560w, https:\/\/www.immobilienbusiness.ch\/wp-content\/uploads\/2025\/05\/BLKB_FM_AG_Michel_Molinari-002-300x220.jpg 300w, https:\/\/www.immobilienbusiness.ch\/wp-content\/uploads\/2025\/05\/BLKB_FM_AG_Michel_Molinari-002-16x12.jpg 16w, https:\/\/www.immobilienbusiness.ch\/wp-content\/uploads\/2025\/05\/BLKB_FM_AG_Michel_Molinari-002-375x275.jpg 375w, https:\/\/www.immobilienbusiness.ch\/wp-content\/uploads\/2025\/05\/BLKB_FM_AG_Michel_Molinari-002-478x350.jpg 478w\" sizes=\"auto, (max-width: 560px) 100vw, 560px\" \/><\/a><figcaption id=\"caption-attachment-63684\" class=\"wp-caption-text\">Michel Molinari, CEO di BLKB Fund Management AG (Immagine: zVg)<\/figcaption><\/figure>\n<p>BLKB Fund Management AG, una filiale della Basellandschaftliche Kantonalbank (BLKB), sta lanciando un fondo immobiliare con un focus geografico sulla Svizzera nordoccidentale. Il fondo immobiliare sostenibile di BLKB (CH) si rivolge a investitori qualificati e dovrebbe completare la prima emissione entro la fine di luglio. Il periodo di sottoscrizione \u00e8 previsto dal 24 giugno al 23 luglio, con data di regolamento il 30 luglio.<\/p>\n<p>Secondo le informazioni fornite, l'obiettivo di investimento \u00e8 costituito da immobili ad alta efficienza energetica, principalmente nelle citt\u00e0 e negli agglomerati urbani della Svizzera nord-occidentale, ma anche nelle regioni limitrofe di Berna, della Svizzera centrale e di Zurigo. L'attenzione si concentrer\u00e0 su immobili residenziali, integrati da immobili a uso misto e immobili commerciali. Secondo quanto annunciato, la societ\u00e0 di gestione del fondo intende basare le proprie decisioni di investimento e la gestione degli immobili su criteri di sostenibilit\u00e0.<\/p>\n<h3>Sette propriet\u00e0 acquisite<\/h3>\n<p>L'emissione iniziale \u00e8 prevista per un volume massimo di 160 milioni di franchi svizzeri e la BLKB intende investire anche nel fondo stesso. \u00c8 gi\u00e0 stato costituito un portafoglio con un valore di mercato di circa 177 milioni di franchi svizzeri. \"Sette degli otto immobili in portafoglio sono stati acquistati da BLKB negli ultimi due anni proprio per il lancio del fondo\", scrive la banca cantonale. Uno degli immobili \u00e8 una propriet\u00e0 esistente della BLKB.<\/p>\n<p>Secondo la descrizione, il portafoglio \u00e8 costituito da immobili ad alta efficienza energetica in buone posizioni, con un'alta percentuale di immobili residenziali e un basso tasso di sfitto. Attualmente, 80 % del patrimonio immobiliare si trovano nella Svizzera nord-occidentale. Gli immobili sono gestiti da Wincasa. La Banque Cantonale Vaudoise funge da banca depositaria e la Z\u00fcrcher Kantonalbank e la BLKB da distributori. La quotazione alla Six Swiss Exchange \u00e8 prevista in un secondo momento. <em>(aw)<\/em><\/p>","protected":false},"excerpt":{"rendered":"<p>La Basellandschaftliche Kantonalbank ha in programma un'emissione iniziale di 160 milioni di franchi svizzeri alla fine di giugno per un fondo immobiliare con focus geografico sulla Svizzera nordoccidentale.<\/p>","protected":false},"author":102,"featured_media":63684,"comment_status":"closed","ping_status":"closed","sticky":false,"template":"","format":"standard","meta":{"_acf_changed":false,"_yoast_wpseo_focuskw":"BLKB","_yoast_wpseo_title":"","_yoast_wpseo_metadesc":"Die Basellandschaftliche Kantonalbank plant Ende Juni eine 160 Millionen Franken schwere Erstemission f\u00fcr einen Immobilienfonds mit geografischem Schwerpunkt in der Nordwestschweiz.","_yoast_wpseo_linkdex":55,"pgc_sgb_lightbox_settings":"","footnotes":""},"categories":[988],"tags":[1069,4204,4205,1344,1412,4139],"class_list":["post-63683","post","type-post","status-publish","format-standard","has-post-thumbnail","hentry","category-unternehmen","tag-basel","tag-blkb","tag-blkb-fund-management-ag","tag-immobilienfonds","tag-kapitalerhoehung","tag-neues-produkt"],"acf":[],"yoast_head":"<!-- This site is optimized with the Yoast SEO plugin v27.4 - https:\/\/yoast.com\/product\/yoast-seo-wordpress\/ -->\n<title>BLKB lanciert Immobilienfonds - IMMOBILIEN Business<\/title>\n<meta name=\"description\" content=\"Die Basellandschaftliche Kantonalbank plant Ende Juni eine 160 Millionen Franken schwere Erstemission f\u00fcr einen Immobilienfonds mit geografischem Schwerpunkt in der Nordwestschweiz.\" \/>\n<meta name=\"robots\" content=\"index, follow, max-snippet:-1, max-image-preview:large, max-video-preview:-1\" \/>\n<link rel=\"canonical\" href=\"https:\/\/www.immobilienbusiness.ch\/it\/unternehmen\/2025-05-20\/blkb-lanciert-immobilienfonds\/\" \/>\n<meta property=\"og:locale\" content=\"it_IT\" \/>\n<meta property=\"og:type\" content=\"article\" \/>\n<meta property=\"og:title\" content=\"BLKB lanciert Immobilienfonds - IMMOBILIEN Business\" \/>\n<meta property=\"og:description\" content=\"Die Basellandschaftliche Kantonalbank plant Ende Juni eine 160 Millionen Franken schwere Erstemission f\u00fcr einen Immobilienfonds mit geografischem Schwerpunkt in der Nordwestschweiz.\" \/>\n<meta property=\"og:url\" content=\"https:\/\/www.immobilienbusiness.ch\/it\/unternehmen\/2025-05-20\/blkb-lanciert-immobilienfonds\/\" \/>\n<meta property=\"og:site_name\" content=\"IMMOBILIEN Business\" \/>\n<meta property=\"article:publisher\" content=\"https:\/\/www.facebook.com\/immobilienbusiness\/\" \/>\n<meta property=\"article:published_time\" content=\"2025-05-20T04:50:22+00:00\" \/>\n<meta property=\"article:modified_time\" content=\"2025-05-21T16:01:26+00:00\" \/>\n<meta property=\"og:image\" content=\"https:\/\/www.immobilienbusiness.ch\/wp-content\/uploads\/2025\/05\/BLKB_FM_AG_Michel_Molinari-002.jpg\" \/>\n\t<meta property=\"og:image:width\" content=\"560\" \/>\n\t<meta property=\"og:image:height\" content=\"410\" \/>\n\t<meta property=\"og:image:type\" content=\"image\/jpeg\" \/>\n<meta name=\"author\" content=\"Alexander Wachter\" \/>\n<meta name=\"twitter:card\" content=\"summary_large_image\" \/>\n<script type=\"application\/ld+json\" class=\"yoast-schema-graph\">{\"@context\":\"https:\\\/\\\/schema.org\",\"@graph\":[{\"@type\":\"Article\",\"@id\":\"https:\\\/\\\/www.immobilienbusiness.ch\\\/de\\\/unternehmen\\\/2025-05-20\\\/blkb-lanciert-immobilienfonds\\\/#article\",\"isPartOf\":{\"@id\":\"https:\\\/\\\/www.immobilienbusiness.ch\\\/de\\\/unternehmen\\\/2025-05-20\\\/blkb-lanciert-immobilienfonds\\\/\"},\"author\":{\"name\":\"Alexander Wachter\",\"@id\":\"https:\\\/\\\/www.immobilienbusiness.ch\\\/#\\\/schema\\\/person\\\/aba8bea2db926aa0c24c08c43fe1fcd5\"},\"headline\":\"BLKB lanciert Immobilienfonds\",\"datePublished\":\"2025-05-20T04:50:22+00:00\",\"dateModified\":\"2025-05-21T16:01:26+00:00\",\"mainEntityOfPage\":{\"@id\":\"https:\\\/\\\/www.immobilienbusiness.ch\\\/de\\\/unternehmen\\\/2025-05-20\\\/blkb-lanciert-immobilienfonds\\\/\"},\"wordCount\":272,\"publisher\":{\"@id\":\"https:\\\/\\\/www.immobilienbusiness.ch\\\/#organization\"},\"image\":{\"@id\":\"https:\\\/\\\/www.immobilienbusiness.ch\\\/de\\\/unternehmen\\\/2025-05-20\\\/blkb-lanciert-immobilienfonds\\\/#primaryimage\"},\"thumbnailUrl\":\"https:\\\/\\\/www.immobilienbusiness.ch\\\/wp-content\\\/uploads\\\/2025\\\/05\\\/BLKB_FM_AG_Michel_Molinari-002.jpg\",\"keywords\":[\"Basel\",\"BLKB\",\"BLKB Fund Management AG\",\"Immobilienfonds\",\"Kapitalerh\u00f6hung\",\"Neues Produkt\"],\"articleSection\":[\"UNTERNEHMEN\"],\"inLanguage\":\"it-IT\"},{\"@type\":\"WebPage\",\"@id\":\"https:\\\/\\\/www.immobilienbusiness.ch\\\/de\\\/unternehmen\\\/2025-05-20\\\/blkb-lanciert-immobilienfonds\\\/\",\"url\":\"https:\\\/\\\/www.immobilienbusiness.ch\\\/de\\\/unternehmen\\\/2025-05-20\\\/blkb-lanciert-immobilienfonds\\\/\",\"name\":\"BLKB lanciert Immobilienfonds - IMMOBILIEN Business\",\"isPartOf\":{\"@id\":\"https:\\\/\\\/www.immobilienbusiness.ch\\\/#website\"},\"primaryImageOfPage\":{\"@id\":\"https:\\\/\\\/www.immobilienbusiness.ch\\\/de\\\/unternehmen\\\/2025-05-20\\\/blkb-lanciert-immobilienfonds\\\/#primaryimage\"},\"image\":{\"@id\":\"https:\\\/\\\/www.immobilienbusiness.ch\\\/de\\\/unternehmen\\\/2025-05-20\\\/blkb-lanciert-immobilienfonds\\\/#primaryimage\"},\"thumbnailUrl\":\"https:\\\/\\\/www.immobilienbusiness.ch\\\/wp-content\\\/uploads\\\/2025\\\/05\\\/BLKB_FM_AG_Michel_Molinari-002.jpg\",\"datePublished\":\"2025-05-20T04:50:22+00:00\",\"dateModified\":\"2025-05-21T16:01:26+00:00\",\"description\":\"Die Basellandschaftliche Kantonalbank plant Ende Juni eine 160 Millionen Franken schwere Erstemission f\u00fcr einen Immobilienfonds mit geografischem Schwerpunkt in der Nordwestschweiz.\",\"breadcrumb\":{\"@id\":\"https:\\\/\\\/www.immobilienbusiness.ch\\\/de\\\/unternehmen\\\/2025-05-20\\\/blkb-lanciert-immobilienfonds\\\/#breadcrumb\"},\"inLanguage\":\"it-IT\",\"potentialAction\":[{\"@type\":\"ReadAction\",\"target\":[\"https:\\\/\\\/www.immobilienbusiness.ch\\\/de\\\/unternehmen\\\/2025-05-20\\\/blkb-lanciert-immobilienfonds\\\/\"]}]},{\"@type\":\"ImageObject\",\"inLanguage\":\"it-IT\",\"@id\":\"https:\\\/\\\/www.immobilienbusiness.ch\\\/de\\\/unternehmen\\\/2025-05-20\\\/blkb-lanciert-immobilienfonds\\\/#primaryimage\",\"url\":\"https:\\\/\\\/www.immobilienbusiness.ch\\\/wp-content\\\/uploads\\\/2025\\\/05\\\/BLKB_FM_AG_Michel_Molinari-002.jpg\",\"contentUrl\":\"https:\\\/\\\/www.immobilienbusiness.ch\\\/wp-content\\\/uploads\\\/2025\\\/05\\\/BLKB_FM_AG_Michel_Molinari-002.jpg\",\"width\":560,\"height\":410,\"caption\":\"Michel Molinari, CEO der BLKB Fund Management AG (Bild: zVg)\"},{\"@type\":\"BreadcrumbList\",\"@id\":\"https:\\\/\\\/www.immobilienbusiness.ch\\\/de\\\/unternehmen\\\/2025-05-20\\\/blkb-lanciert-immobilienfonds\\\/#breadcrumb\",\"itemListElement\":[{\"@type\":\"ListItem\",\"position\":1,\"name\":\"Home\",\"item\":\"https:\\\/\\\/www.immobilienbusiness.ch\\\/\"},{\"@type\":\"ListItem\",\"position\":2,\"name\":\"BLKB lanciert Immobilienfonds\"}]},{\"@type\":\"WebSite\",\"@id\":\"https:\\\/\\\/www.immobilienbusiness.ch\\\/#website\",\"url\":\"https:\\\/\\\/www.immobilienbusiness.ch\\\/\",\"name\":\"IMMOBILIEN Business\",\"description\":\"Unabh\u00e4ngiges Schweizer Wirtschaftsmagazin mit Fokus auf Immobilien, Architektur- und Bau sowie Investment- und Finanzierung.\",\"publisher\":{\"@id\":\"https:\\\/\\\/www.immobilienbusiness.ch\\\/#organization\"},\"potentialAction\":[{\"@type\":\"SearchAction\",\"target\":{\"@type\":\"EntryPoint\",\"urlTemplate\":\"https:\\\/\\\/www.immobilienbusiness.ch\\\/?s={search_term_string}\"},\"query-input\":{\"@type\":\"PropertyValueSpecification\",\"valueRequired\":true,\"valueName\":\"search_term_string\"}}],\"inLanguage\":\"it-IT\"},{\"@type\":\"Organization\",\"@id\":\"https:\\\/\\\/www.immobilienbusiness.ch\\\/#organization\",\"name\":\"IMMOBILIEN Business\",\"url\":\"https:\\\/\\\/www.immobilienbusiness.ch\\\/\",\"logo\":{\"@type\":\"ImageObject\",\"inLanguage\":\"it-IT\",\"@id\":\"https:\\\/\\\/www.immobilienbusiness.ch\\\/#\\\/schema\\\/logo\\\/image\\\/\",\"url\":\"https:\\\/\\\/www.immobilienbusiness.ch\\\/wp-content\\\/uploads\\\/2021\\\/07\\\/logo_ib.png\",\"contentUrl\":\"https:\\\/\\\/www.immobilienbusiness.ch\\\/wp-content\\\/uploads\\\/2021\\\/07\\\/logo_ib.png\",\"width\":800,\"height\":181,\"caption\":\"IMMOBILIEN Business\"},\"image\":{\"@id\":\"https:\\\/\\\/www.immobilienbusiness.ch\\\/#\\\/schema\\\/logo\\\/image\\\/\"},\"sameAs\":[\"https:\\\/\\\/www.facebook.com\\\/immobilienbusiness\\\/\"]},{\"@type\":\"Person\",\"@id\":\"https:\\\/\\\/www.immobilienbusiness.ch\\\/#\\\/schema\\\/person\\\/aba8bea2db926aa0c24c08c43fe1fcd5\",\"name\":\"Alexander Wachter\",\"image\":{\"@type\":\"ImageObject\",\"inLanguage\":\"it-IT\",\"@id\":\"https:\\\/\\\/secure.gravatar.com\\\/avatar\\\/1a09e471f5389b0e0a6416eac287e0927c7c97a7b77f9e787eba3af7aee281dd?s=96&d=mm&r=g\",\"url\":\"https:\\\/\\\/secure.gravatar.com\\\/avatar\\\/1a09e471f5389b0e0a6416eac287e0927c7c97a7b77f9e787eba3af7aee281dd?s=96&d=mm&r=g\",\"contentUrl\":\"https:\\\/\\\/secure.gravatar.com\\\/avatar\\\/1a09e471f5389b0e0a6416eac287e0927c7c97a7b77f9e787eba3af7aee281dd?s=96&d=mm&r=g\",\"caption\":\"Alexander Wachter\"},\"url\":\"https:\\\/\\\/www.immobilienbusiness.ch\\\/it\\\/author\\\/alexander-wachter\\\/\"}]}<\/script>\n<!-- \/ Yoast SEO plugin. -->","yoast_head_json":{"title":"BLKB lanciert Immobilienfonds - IMMOBILIEN Business","description":"La Basellandschaftliche Kantonalbank ha in programma un'emissione iniziale di 160 milioni di franchi svizzeri alla fine di giugno per un fondo immobiliare con focus geografico sulla Svizzera nordoccidentale.","robots":{"index":"index","follow":"follow","max-snippet":"max-snippet:-1","max-image-preview":"max-image-preview:large","max-video-preview":"max-video-preview:-1"},"canonical":"https:\/\/www.immobilienbusiness.ch\/it\/unternehmen\/2025-05-20\/blkb-lanciert-immobilienfonds\/","og_locale":"it_IT","og_type":"article","og_title":"BLKB lanciert Immobilienfonds - IMMOBILIEN Business","og_description":"Die Basellandschaftliche Kantonalbank plant Ende Juni eine 160 Millionen Franken schwere Erstemission f\u00fcr einen Immobilienfonds mit geografischem Schwerpunkt in der Nordwestschweiz.","og_url":"https:\/\/www.immobilienbusiness.ch\/it\/unternehmen\/2025-05-20\/blkb-lanciert-immobilienfonds\/","og_site_name":"IMMOBILIEN Business","article_publisher":"https:\/\/www.facebook.com\/immobilienbusiness\/","article_published_time":"2025-05-20T04:50:22+00:00","article_modified_time":"2025-05-21T16:01:26+00:00","og_image":[{"width":560,"height":410,"url":"https:\/\/www.immobilienbusiness.ch\/wp-content\/uploads\/2025\/05\/BLKB_FM_AG_Michel_Molinari-002.jpg","type":"image\/jpeg"}],"author":"Alexander Wachter","twitter_card":"summary_large_image","schema":{"@context":"https:\/\/schema.org","@graph":[{"@type":"Article","@id":"https:\/\/www.immobilienbusiness.ch\/de\/unternehmen\/2025-05-20\/blkb-lanciert-immobilienfonds\/#article","isPartOf":{"@id":"https:\/\/www.immobilienbusiness.ch\/de\/unternehmen\/2025-05-20\/blkb-lanciert-immobilienfonds\/"},"author":{"name":"Alexander Wachter","@id":"https:\/\/www.immobilienbusiness.ch\/#\/schema\/person\/aba8bea2db926aa0c24c08c43fe1fcd5"},"headline":"BLKB lanciert Immobilienfonds","datePublished":"2025-05-20T04:50:22+00:00","dateModified":"2025-05-21T16:01:26+00:00","mainEntityOfPage":{"@id":"https:\/\/www.immobilienbusiness.ch\/de\/unternehmen\/2025-05-20\/blkb-lanciert-immobilienfonds\/"},"wordCount":272,"publisher":{"@id":"https:\/\/www.immobilienbusiness.ch\/#organization"},"image":{"@id":"https:\/\/www.immobilienbusiness.ch\/de\/unternehmen\/2025-05-20\/blkb-lanciert-immobilienfonds\/#primaryimage"},"thumbnailUrl":"https:\/\/www.immobilienbusiness.ch\/wp-content\/uploads\/2025\/05\/BLKB_FM_AG_Michel_Molinari-002.jpg","keywords":["Basel","BLKB","BLKB Fund Management AG","Immobilienfonds","Kapitalerh\u00f6hung","Neues Produkt"],"articleSection":["UNTERNEHMEN"],"inLanguage":"it-IT"},{"@type":"WebPage","@id":"https:\/\/www.immobilienbusiness.ch\/de\/unternehmen\/2025-05-20\/blkb-lanciert-immobilienfonds\/","url":"https:\/\/www.immobilienbusiness.ch\/de\/unternehmen\/2025-05-20\/blkb-lanciert-immobilienfonds\/","name":"BLKB lanciert Immobilienfonds - IMMOBILIEN Business","isPartOf":{"@id":"https:\/\/www.immobilienbusiness.ch\/#website"},"primaryImageOfPage":{"@id":"https:\/\/www.immobilienbusiness.ch\/de\/unternehmen\/2025-05-20\/blkb-lanciert-immobilienfonds\/#primaryimage"},"image":{"@id":"https:\/\/www.immobilienbusiness.ch\/de\/unternehmen\/2025-05-20\/blkb-lanciert-immobilienfonds\/#primaryimage"},"thumbnailUrl":"https:\/\/www.immobilienbusiness.ch\/wp-content\/uploads\/2025\/05\/BLKB_FM_AG_Michel_Molinari-002.jpg","datePublished":"2025-05-20T04:50:22+00:00","dateModified":"2025-05-21T16:01:26+00:00","description":"La Basellandschaftliche Kantonalbank ha in programma un'emissione iniziale di 160 milioni di franchi svizzeri alla fine di giugno per un fondo immobiliare con focus geografico sulla Svizzera nordoccidentale.","breadcrumb":{"@id":"https:\/\/www.immobilienbusiness.ch\/de\/unternehmen\/2025-05-20\/blkb-lanciert-immobilienfonds\/#breadcrumb"},"inLanguage":"it-IT","potentialAction":[{"@type":"ReadAction","target":["https:\/\/www.immobilienbusiness.ch\/de\/unternehmen\/2025-05-20\/blkb-lanciert-immobilienfonds\/"]}]},{"@type":"ImageObject","inLanguage":"it-IT","@id":"https:\/\/www.immobilienbusiness.ch\/de\/unternehmen\/2025-05-20\/blkb-lanciert-immobilienfonds\/#primaryimage","url":"https:\/\/www.immobilienbusiness.ch\/wp-content\/uploads\/2025\/05\/BLKB_FM_AG_Michel_Molinari-002.jpg","contentUrl":"https:\/\/www.immobilienbusiness.ch\/wp-content\/uploads\/2025\/05\/BLKB_FM_AG_Michel_Molinari-002.jpg","width":560,"height":410,"caption":"Michel Molinari, CEO der BLKB Fund Management AG (Bild: zVg)"},{"@type":"BreadcrumbList","@id":"https:\/\/www.immobilienbusiness.ch\/de\/unternehmen\/2025-05-20\/blkb-lanciert-immobilienfonds\/#breadcrumb","itemListElement":[{"@type":"ListItem","position":1,"name":"Home","item":"https:\/\/www.immobilienbusiness.ch\/"},{"@type":"ListItem","position":2,"name":"BLKB lanciert Immobilienfonds"}]},{"@type":"WebSite","@id":"https:\/\/www.immobilienbusiness.ch\/#website","url":"https:\/\/www.immobilienbusiness.ch\/","name":"Affari immobiliari","description":"Rivista economica indipendente svizzera che si concentra sul settore immobiliare, l'architettura e la costruzione, nonch\u00e9 sugli investimenti e i finanziamenti.","publisher":{"@id":"https:\/\/www.immobilienbusiness.ch\/#organization"},"potentialAction":[{"@type":"SearchAction","target":{"@type":"EntryPoint","urlTemplate":"https:\/\/www.immobilienbusiness.ch\/?s={search_term_string}"},"query-input":{"@type":"PropertyValueSpecification","valueRequired":true,"valueName":"search_term_string"}}],"inLanguage":"it-IT"},{"@type":"Organization","@id":"https:\/\/www.immobilienbusiness.ch\/#organization","name":"Affari immobiliari","url":"https:\/\/www.immobilienbusiness.ch\/","logo":{"@type":"ImageObject","inLanguage":"it-IT","@id":"https:\/\/www.immobilienbusiness.ch\/#\/schema\/logo\/image\/","url":"https:\/\/www.immobilienbusiness.ch\/wp-content\/uploads\/2021\/07\/logo_ib.png","contentUrl":"https:\/\/www.immobilienbusiness.ch\/wp-content\/uploads\/2021\/07\/logo_ib.png","width":800,"height":181,"caption":"IMMOBILIEN Business"},"image":{"@id":"https:\/\/www.immobilienbusiness.ch\/#\/schema\/logo\/image\/"},"sameAs":["https:\/\/www.facebook.com\/immobilienbusiness\/"]},{"@type":"Person","@id":"https:\/\/www.immobilienbusiness.ch\/#\/schema\/person\/aba8bea2db926aa0c24c08c43fe1fcd5","name":"Alexander Wachter","image":{"@type":"ImageObject","inLanguage":"it-IT","@id":"https:\/\/secure.gravatar.com\/avatar\/1a09e471f5389b0e0a6416eac287e0927c7c97a7b77f9e787eba3af7aee281dd?s=96&d=mm&r=g","url":"https:\/\/secure.gravatar.com\/avatar\/1a09e471f5389b0e0a6416eac287e0927c7c97a7b77f9e787eba3af7aee281dd?s=96&d=mm&r=g","contentUrl":"https:\/\/secure.gravatar.com\/avatar\/1a09e471f5389b0e0a6416eac287e0927c7c97a7b77f9e787eba3af7aee281dd?s=96&d=mm&r=g","caption":"Alexander Wachter"},"url":"https:\/\/www.immobilienbusiness.ch\/it\/author\/alexander-wachter\/"}]}},"_links":{"self":[{"href":"https:\/\/www.immobilienbusiness.ch\/it\/wp-json\/wp\/v2\/posts\/63683","targetHints":{"allow":["GET"]}}],"collection":[{"href":"https:\/\/www.immobilienbusiness.ch\/it\/wp-json\/wp\/v2\/posts"}],"about":[{"href":"https:\/\/www.immobilienbusiness.ch\/it\/wp-json\/wp\/v2\/types\/post"}],"author":[{"embeddable":true,"href":"https:\/\/www.immobilienbusiness.ch\/it\/wp-json\/wp\/v2\/users\/102"}],"replies":[{"embeddable":true,"href":"https:\/\/www.immobilienbusiness.ch\/it\/wp-json\/wp\/v2\/comments?post=63683"}],"version-history":[{"count":4,"href":"https:\/\/www.immobilienbusiness.ch\/it\/wp-json\/wp\/v2\/posts\/63683\/revisions"}],"predecessor-version":[{"id":63728,"href":"https:\/\/www.immobilienbusiness.ch\/it\/wp-json\/wp\/v2\/posts\/63683\/revisions\/63728"}],"wp:featuredmedia":[{"embeddable":true,"href":"https:\/\/www.immobilienbusiness.ch\/it\/wp-json\/wp\/v2\/media\/63684"}],"wp:attachment":[{"href":"https:\/\/www.immobilienbusiness.ch\/it\/wp-json\/wp\/v2\/media?parent=63683"}],"wp:term":[{"taxonomy":"category","embeddable":true,"href":"https:\/\/www.immobilienbusiness.ch\/it\/wp-json\/wp\/v2\/categories?post=63683"},{"taxonomy":"post_tag","embeddable":true,"href":"https:\/\/www.immobilienbusiness.ch\/it\/wp-json\/wp\/v2\/tags?post=63683"}],"curies":[{"name":"wp","href":"https:\/\/api.w.org\/{rel}","templated":true}]}}