{"id":63544,"date":"2025-05-14T05:32:00","date_gmt":"2025-05-14T03:32:00","guid":{"rendered":"https:\/\/www.immobilienbusiness.ch\/?p=63544"},"modified":"2025-05-15T11:01:20","modified_gmt":"2025-05-15T09:01:20","slug":"lenk-baustart-fuer-ferienanlage-von-reka","status":"publish","type":"post","link":"https:\/\/www.immobilienbusiness.ch\/it\/regionen\/2025-05-14\/lenk-baustart-fuer-ferienanlage-von-reka\/","title":{"rendered":"Lenk: inizio dei lavori di costruzione del complesso turistico Reka"},"content":{"rendered":"<figure id=\"attachment_63546\" aria-describedby=\"caption-attachment-63546\" style=\"width: 504px\" class=\"wp-caption alignnone\"><a href=\"https:\/\/www.immobilienbusiness.ch\/wp-content\/uploads\/2025\/05\/Reka-Lenk2-.png\"><img loading=\"lazy\" decoding=\"async\" class=\"size-full wp-image-63546\" src=\"https:\/\/www.immobilienbusiness.ch\/wp-content\/uploads\/2025\/05\/Reka-Lenk2-.png\" alt=\"\" width=\"504\" height=\"304\" srcset=\"https:\/\/www.immobilienbusiness.ch\/wp-content\/uploads\/2025\/05\/Reka-Lenk2-.png 504w, https:\/\/www.immobilienbusiness.ch\/wp-content\/uploads\/2025\/05\/Reka-Lenk2--300x181.png 300w, https:\/\/www.immobilienbusiness.ch\/wp-content\/uploads\/2025\/05\/Reka-Lenk2--18x12.png 18w, https:\/\/www.immobilienbusiness.ch\/wp-content\/uploads\/2025\/05\/Reka-Lenk2--375x226.png 375w\" sizes=\"auto, (max-width: 504px) 100vw, 504px\" \/><\/a><figcaption id=\"caption-attachment-63546\" class=\"wp-caption-text\">Ecco come apparir\u00e0 il nuovo resort Reka a Lenk a partire dal 2027 (Immagine: zVg)<\/figcaption><\/figure>\n<p>La nuova struttura dell'operatore di villaggi turistici Reka a Lenk (BE) \u00e8 in costruzione. Entro due anni e mezzo verr\u00e0 creata una nuova struttura con area benessere, ristorante self-service e stazione di biciclette. La riapertura \u00e8 stata annunciata per Natale 2027. Il numero di appartamenti per le vacanze \u00e8 stimato in 68 unit\u00e0. Tutti gli appartamenti saranno accessibili in pi\u00f9 fasi.<\/p>\n<p>Il villaggio vacanze originario, situato nella Mittlere Aegertenstrasse 60 nella Simmental, risale al 1976. <em>(aw)<\/em><\/p>","protected":false},"excerpt":{"rendered":"<p>Nella Simmental, nel cantone di Berna, si stanno costruendo 68 appartamenti per famiglie e strutture di ristorazione.<\/p>","protected":false},"author":102,"featured_media":0,"comment_status":"closed","ping_status":"closed","sticky":false,"template":"","format":"standard","meta":{"_acf_changed":false,"_yoast_wpseo_focuskw":"","_yoast_wpseo_title":"","_yoast_wpseo_metadesc":"","_yoast_wpseo_linkdex":0,"pgc_sgb_lightbox_settings":"","footnotes":""},"categories":[985],"tags":[],"class_list":["post-63544","post","type-post","status-publish","format-standard","hentry","category-regionen"],"acf":[],"yoast_head":"<!-- This site is optimized with the Yoast SEO plugin v27.4 - https:\/\/yoast.com\/product\/yoast-seo-wordpress\/ -->\n<title>Lenk: Baustart f\u00fcr Ferienanlage von Reka - IMMOBILIEN Business<\/title>\n<meta name=\"robots\" content=\"index, follow, max-snippet:-1, max-image-preview:large, max-video-preview:-1\" \/>\n<link rel=\"canonical\" href=\"https:\/\/www.immobilienbusiness.ch\/it\/regionen\/2025-05-14\/lenk-baustart-fuer-ferienanlage-von-reka\/\" \/>\n<meta property=\"og:locale\" content=\"it_IT\" \/>\n<meta property=\"og:type\" content=\"article\" \/>\n<meta property=\"og:title\" content=\"Lenk: Baustart f\u00fcr Ferienanlage von Reka - IMMOBILIEN Business\" \/>\n<meta property=\"og:description\" content=\"Im Simmental im Kanton Bern entstehen 68 Familienwohnungen und gastronomische Einrichtungen.\" \/>\n<meta property=\"og:url\" content=\"https:\/\/www.immobilienbusiness.ch\/it\/regionen\/2025-05-14\/lenk-baustart-fuer-ferienanlage-von-reka\/\" \/>\n<meta property=\"og:site_name\" content=\"IMMOBILIEN Business\" \/>\n<meta property=\"article:publisher\" content=\"https:\/\/www.facebook.com\/immobilienbusiness\/\" \/>\n<meta property=\"article:published_time\" content=\"2025-05-14T03:32:00+00:00\" \/>\n<meta property=\"article:modified_time\" content=\"2025-05-15T09:01:20+00:00\" \/>\n<meta property=\"og:image\" content=\"https:\/\/www.immobilienbusiness.ch\/wp-content\/uploads\/2025\/05\/Reka-Lenk2-.png\" \/>\n\t<meta property=\"og:image:width\" content=\"504\" \/>\n\t<meta property=\"og:image:height\" content=\"304\" \/>\n\t<meta property=\"og:image:type\" content=\"image\/png\" \/>\n<meta name=\"author\" content=\"Alexander Wachter\" \/>\n<meta name=\"twitter:card\" content=\"summary_large_image\" \/>\n<script type=\"application\/ld+json\" class=\"yoast-schema-graph\">{\"@context\":\"https:\\\/\\\/schema.org\",\"@graph\":[{\"@type\":\"Article\",\"@id\":\"https:\\\/\\\/www.immobilienbusiness.ch\\\/it\\\/regionen\\\/2025-05-14\\\/lenk-baustart-fuer-ferienanlage-von-reka\\\/#article\",\"isPartOf\":{\"@id\":\"https:\\\/\\\/www.immobilienbusiness.ch\\\/it\\\/regionen\\\/2025-05-14\\\/lenk-baustart-fuer-ferienanlage-von-reka\\\/\"},\"author\":{\"name\":\"Alexander Wachter\",\"@id\":\"https:\\\/\\\/www.immobilienbusiness.ch\\\/#\\\/schema\\\/person\\\/aba8bea2db926aa0c24c08c43fe1fcd5\"},\"headline\":\"Lenk: Baustart f\u00fcr Ferienanlage von Reka\",\"datePublished\":\"2025-05-14T03:32:00+00:00\",\"dateModified\":\"2025-05-15T09:01:20+00:00\",\"mainEntityOfPage\":{\"@id\":\"https:\\\/\\\/www.immobilienbusiness.ch\\\/it\\\/regionen\\\/2025-05-14\\\/lenk-baustart-fuer-ferienanlage-von-reka\\\/\"},\"wordCount\":91,\"publisher\":{\"@id\":\"https:\\\/\\\/www.immobilienbusiness.ch\\\/#organization\"},\"image\":{\"@id\":\"https:\\\/\\\/www.immobilienbusiness.ch\\\/it\\\/regionen\\\/2025-05-14\\\/lenk-baustart-fuer-ferienanlage-von-reka\\\/#primaryimage\"},\"thumbnailUrl\":\"https:\\\/\\\/www.immobilienbusiness.ch\\\/wp-content\\\/uploads\\\/2025\\\/05\\\/Reka-Lenk2-.png\",\"articleSection\":[\"REGIONEN\"],\"inLanguage\":\"it-IT\"},{\"@type\":\"WebPage\",\"@id\":\"https:\\\/\\\/www.immobilienbusiness.ch\\\/it\\\/regionen\\\/2025-05-14\\\/lenk-baustart-fuer-ferienanlage-von-reka\\\/\",\"url\":\"https:\\\/\\\/www.immobilienbusiness.ch\\\/it\\\/regionen\\\/2025-05-14\\\/lenk-baustart-fuer-ferienanlage-von-reka\\\/\",\"name\":\"Lenk: Baustart f\u00fcr Ferienanlage von Reka - IMMOBILIEN Business\",\"isPartOf\":{\"@id\":\"https:\\\/\\\/www.immobilienbusiness.ch\\\/#website\"},\"primaryImageOfPage\":{\"@id\":\"https:\\\/\\\/www.immobilienbusiness.ch\\\/it\\\/regionen\\\/2025-05-14\\\/lenk-baustart-fuer-ferienanlage-von-reka\\\/#primaryimage\"},\"image\":{\"@id\":\"https:\\\/\\\/www.immobilienbusiness.ch\\\/it\\\/regionen\\\/2025-05-14\\\/lenk-baustart-fuer-ferienanlage-von-reka\\\/#primaryimage\"},\"thumbnailUrl\":\"https:\\\/\\\/www.immobilienbusiness.ch\\\/wp-content\\\/uploads\\\/2025\\\/05\\\/Reka-Lenk2-.png\",\"datePublished\":\"2025-05-14T03:32:00+00:00\",\"dateModified\":\"2025-05-15T09:01:20+00:00\",\"breadcrumb\":{\"@id\":\"https:\\\/\\\/www.immobilienbusiness.ch\\\/it\\\/regionen\\\/2025-05-14\\\/lenk-baustart-fuer-ferienanlage-von-reka\\\/#breadcrumb\"},\"inLanguage\":\"it-IT\",\"potentialAction\":[{\"@type\":\"ReadAction\",\"target\":[\"https:\\\/\\\/www.immobilienbusiness.ch\\\/it\\\/regionen\\\/2025-05-14\\\/lenk-baustart-fuer-ferienanlage-von-reka\\\/\"]}]},{\"@type\":\"ImageObject\",\"inLanguage\":\"it-IT\",\"@id\":\"https:\\\/\\\/www.immobilienbusiness.ch\\\/it\\\/regionen\\\/2025-05-14\\\/lenk-baustart-fuer-ferienanlage-von-reka\\\/#primaryimage\",\"url\":\"https:\\\/\\\/www.immobilienbusiness.ch\\\/wp-content\\\/uploads\\\/2025\\\/05\\\/Reka-Lenk2-.png\",\"contentUrl\":\"https:\\\/\\\/www.immobilienbusiness.ch\\\/wp-content\\\/uploads\\\/2025\\\/05\\\/Reka-Lenk2-.png\"},{\"@type\":\"BreadcrumbList\",\"@id\":\"https:\\\/\\\/www.immobilienbusiness.ch\\\/it\\\/regionen\\\/2025-05-14\\\/lenk-baustart-fuer-ferienanlage-von-reka\\\/#breadcrumb\",\"itemListElement\":[{\"@type\":\"ListItem\",\"position\":1,\"name\":\"Home\",\"item\":\"https:\\\/\\\/www.immobilienbusiness.ch\\\/\"},{\"@type\":\"ListItem\",\"position\":2,\"name\":\"Lenk: Baustart f\u00fcr Ferienanlage von Reka\"}]},{\"@type\":\"WebSite\",\"@id\":\"https:\\\/\\\/www.immobilienbusiness.ch\\\/#website\",\"url\":\"https:\\\/\\\/www.immobilienbusiness.ch\\\/\",\"name\":\"IMMOBILIEN Business\",\"description\":\"Unabh\u00e4ngiges Schweizer Wirtschaftsmagazin mit Fokus auf Immobilien, Architektur- und Bau sowie Investment- und Finanzierung.\",\"publisher\":{\"@id\":\"https:\\\/\\\/www.immobilienbusiness.ch\\\/#organization\"},\"potentialAction\":[{\"@type\":\"SearchAction\",\"target\":{\"@type\":\"EntryPoint\",\"urlTemplate\":\"https:\\\/\\\/www.immobilienbusiness.ch\\\/?s={search_term_string}\"},\"query-input\":{\"@type\":\"PropertyValueSpecification\",\"valueRequired\":true,\"valueName\":\"search_term_string\"}}],\"inLanguage\":\"it-IT\"},{\"@type\":\"Organization\",\"@id\":\"https:\\\/\\\/www.immobilienbusiness.ch\\\/#organization\",\"name\":\"IMMOBILIEN Business\",\"url\":\"https:\\\/\\\/www.immobilienbusiness.ch\\\/\",\"logo\":{\"@type\":\"ImageObject\",\"inLanguage\":\"it-IT\",\"@id\":\"https:\\\/\\\/www.immobilienbusiness.ch\\\/#\\\/schema\\\/logo\\\/image\\\/\",\"url\":\"https:\\\/\\\/www.immobilienbusiness.ch\\\/wp-content\\\/uploads\\\/2021\\\/07\\\/logo_ib.png\",\"contentUrl\":\"https:\\\/\\\/www.immobilienbusiness.ch\\\/wp-content\\\/uploads\\\/2021\\\/07\\\/logo_ib.png\",\"width\":800,\"height\":181,\"caption\":\"IMMOBILIEN Business\"},\"image\":{\"@id\":\"https:\\\/\\\/www.immobilienbusiness.ch\\\/#\\\/schema\\\/logo\\\/image\\\/\"},\"sameAs\":[\"https:\\\/\\\/www.facebook.com\\\/immobilienbusiness\\\/\"]},{\"@type\":\"Person\",\"@id\":\"https:\\\/\\\/www.immobilienbusiness.ch\\\/#\\\/schema\\\/person\\\/aba8bea2db926aa0c24c08c43fe1fcd5\",\"name\":\"Alexander Wachter\",\"image\":{\"@type\":\"ImageObject\",\"inLanguage\":\"it-IT\",\"@id\":\"https:\\\/\\\/secure.gravatar.com\\\/avatar\\\/1a09e471f5389b0e0a6416eac287e0927c7c97a7b77f9e787eba3af7aee281dd?s=96&d=mm&r=g\",\"url\":\"https:\\\/\\\/secure.gravatar.com\\\/avatar\\\/1a09e471f5389b0e0a6416eac287e0927c7c97a7b77f9e787eba3af7aee281dd?s=96&d=mm&r=g\",\"contentUrl\":\"https:\\\/\\\/secure.gravatar.com\\\/avatar\\\/1a09e471f5389b0e0a6416eac287e0927c7c97a7b77f9e787eba3af7aee281dd?s=96&d=mm&r=g\",\"caption\":\"Alexander Wachter\"},\"url\":\"https:\\\/\\\/www.immobilienbusiness.ch\\\/it\\\/author\\\/alexander-wachter\\\/\"}]}<\/script>\n<!-- \/ Yoast SEO plugin. -->","yoast_head_json":{"title":"Lenk: inizio dei lavori di costruzione del complesso turistico Reka - IMMOBILIEN Business","robots":{"index":"index","follow":"follow","max-snippet":"max-snippet:-1","max-image-preview":"max-image-preview:large","max-video-preview":"max-video-preview:-1"},"canonical":"https:\/\/www.immobilienbusiness.ch\/it\/regionen\/2025-05-14\/lenk-baustart-fuer-ferienanlage-von-reka\/","og_locale":"it_IT","og_type":"article","og_title":"Lenk: Baustart f\u00fcr Ferienanlage von Reka - IMMOBILIEN Business","og_description":"Im Simmental im Kanton Bern entstehen 68 Familienwohnungen und gastronomische Einrichtungen.","og_url":"https:\/\/www.immobilienbusiness.ch\/it\/regionen\/2025-05-14\/lenk-baustart-fuer-ferienanlage-von-reka\/","og_site_name":"IMMOBILIEN Business","article_publisher":"https:\/\/www.facebook.com\/immobilienbusiness\/","article_published_time":"2025-05-14T03:32:00+00:00","article_modified_time":"2025-05-15T09:01:20+00:00","og_image":[{"width":504,"height":304,"url":"https:\/\/www.immobilienbusiness.ch\/wp-content\/uploads\/2025\/05\/Reka-Lenk2-.png","type":"image\/png"}],"author":"Alexander Wachter","twitter_card":"summary_large_image","schema":{"@context":"https:\/\/schema.org","@graph":[{"@type":"Article","@id":"https:\/\/www.immobilienbusiness.ch\/it\/regionen\/2025-05-14\/lenk-baustart-fuer-ferienanlage-von-reka\/#article","isPartOf":{"@id":"https:\/\/www.immobilienbusiness.ch\/it\/regionen\/2025-05-14\/lenk-baustart-fuer-ferienanlage-von-reka\/"},"author":{"name":"Alexander Wachter","@id":"https:\/\/www.immobilienbusiness.ch\/#\/schema\/person\/aba8bea2db926aa0c24c08c43fe1fcd5"},"headline":"Lenk: Baustart f\u00fcr Ferienanlage von Reka","datePublished":"2025-05-14T03:32:00+00:00","dateModified":"2025-05-15T09:01:20+00:00","mainEntityOfPage":{"@id":"https:\/\/www.immobilienbusiness.ch\/it\/regionen\/2025-05-14\/lenk-baustart-fuer-ferienanlage-von-reka\/"},"wordCount":91,"publisher":{"@id":"https:\/\/www.immobilienbusiness.ch\/#organization"},"image":{"@id":"https:\/\/www.immobilienbusiness.ch\/it\/regionen\/2025-05-14\/lenk-baustart-fuer-ferienanlage-von-reka\/#primaryimage"},"thumbnailUrl":"https:\/\/www.immobilienbusiness.ch\/wp-content\/uploads\/2025\/05\/Reka-Lenk2-.png","articleSection":["REGIONEN"],"inLanguage":"it-IT"},{"@type":"WebPage","@id":"https:\/\/www.immobilienbusiness.ch\/it\/regionen\/2025-05-14\/lenk-baustart-fuer-ferienanlage-von-reka\/","url":"https:\/\/www.immobilienbusiness.ch\/it\/regionen\/2025-05-14\/lenk-baustart-fuer-ferienanlage-von-reka\/","name":"Lenk: inizio dei lavori di costruzione del complesso turistico Reka - IMMOBILIEN Business","isPartOf":{"@id":"https:\/\/www.immobilienbusiness.ch\/#website"},"primaryImageOfPage":{"@id":"https:\/\/www.immobilienbusiness.ch\/it\/regionen\/2025-05-14\/lenk-baustart-fuer-ferienanlage-von-reka\/#primaryimage"},"image":{"@id":"https:\/\/www.immobilienbusiness.ch\/it\/regionen\/2025-05-14\/lenk-baustart-fuer-ferienanlage-von-reka\/#primaryimage"},"thumbnailUrl":"https:\/\/www.immobilienbusiness.ch\/wp-content\/uploads\/2025\/05\/Reka-Lenk2-.png","datePublished":"2025-05-14T03:32:00+00:00","dateModified":"2025-05-15T09:01:20+00:00","breadcrumb":{"@id":"https:\/\/www.immobilienbusiness.ch\/it\/regionen\/2025-05-14\/lenk-baustart-fuer-ferienanlage-von-reka\/#breadcrumb"},"inLanguage":"it-IT","potentialAction":[{"@type":"ReadAction","target":["https:\/\/www.immobilienbusiness.ch\/it\/regionen\/2025-05-14\/lenk-baustart-fuer-ferienanlage-von-reka\/"]}]},{"@type":"ImageObject","inLanguage":"it-IT","@id":"https:\/\/www.immobilienbusiness.ch\/it\/regionen\/2025-05-14\/lenk-baustart-fuer-ferienanlage-von-reka\/#primaryimage","url":"https:\/\/www.immobilienbusiness.ch\/wp-content\/uploads\/2025\/05\/Reka-Lenk2-.png","contentUrl":"https:\/\/www.immobilienbusiness.ch\/wp-content\/uploads\/2025\/05\/Reka-Lenk2-.png"},{"@type":"BreadcrumbList","@id":"https:\/\/www.immobilienbusiness.ch\/it\/regionen\/2025-05-14\/lenk-baustart-fuer-ferienanlage-von-reka\/#breadcrumb","itemListElement":[{"@type":"ListItem","position":1,"name":"Home","item":"https:\/\/www.immobilienbusiness.ch\/"},{"@type":"ListItem","position":2,"name":"Lenk: Baustart f\u00fcr Ferienanlage von Reka"}]},{"@type":"WebSite","@id":"https:\/\/www.immobilienbusiness.ch\/#website","url":"https:\/\/www.immobilienbusiness.ch\/","name":"Affari immobiliari","description":"Rivista economica indipendente svizzera che si concentra sul settore immobiliare, l'architettura e la costruzione, nonch\u00e9 sugli investimenti e i finanziamenti.","publisher":{"@id":"https:\/\/www.immobilienbusiness.ch\/#organization"},"potentialAction":[{"@type":"SearchAction","target":{"@type":"EntryPoint","urlTemplate":"https:\/\/www.immobilienbusiness.ch\/?s={search_term_string}"},"query-input":{"@type":"PropertyValueSpecification","valueRequired":true,"valueName":"search_term_string"}}],"inLanguage":"it-IT"},{"@type":"Organization","@id":"https:\/\/www.immobilienbusiness.ch\/#organization","name":"Affari immobiliari","url":"https:\/\/www.immobilienbusiness.ch\/","logo":{"@type":"ImageObject","inLanguage":"it-IT","@id":"https:\/\/www.immobilienbusiness.ch\/#\/schema\/logo\/image\/","url":"https:\/\/www.immobilienbusiness.ch\/wp-content\/uploads\/2021\/07\/logo_ib.png","contentUrl":"https:\/\/www.immobilienbusiness.ch\/wp-content\/uploads\/2021\/07\/logo_ib.png","width":800,"height":181,"caption":"IMMOBILIEN Business"},"image":{"@id":"https:\/\/www.immobilienbusiness.ch\/#\/schema\/logo\/image\/"},"sameAs":["https:\/\/www.facebook.com\/immobilienbusiness\/"]},{"@type":"Person","@id":"https:\/\/www.immobilienbusiness.ch\/#\/schema\/person\/aba8bea2db926aa0c24c08c43fe1fcd5","name":"Alexander Wachter","image":{"@type":"ImageObject","inLanguage":"it-IT","@id":"https:\/\/secure.gravatar.com\/avatar\/1a09e471f5389b0e0a6416eac287e0927c7c97a7b77f9e787eba3af7aee281dd?s=96&d=mm&r=g","url":"https:\/\/secure.gravatar.com\/avatar\/1a09e471f5389b0e0a6416eac287e0927c7c97a7b77f9e787eba3af7aee281dd?s=96&d=mm&r=g","contentUrl":"https:\/\/secure.gravatar.com\/avatar\/1a09e471f5389b0e0a6416eac287e0927c7c97a7b77f9e787eba3af7aee281dd?s=96&d=mm&r=g","caption":"Alexander Wachter"},"url":"https:\/\/www.immobilienbusiness.ch\/it\/author\/alexander-wachter\/"}]}},"_links":{"self":[{"href":"https:\/\/www.immobilienbusiness.ch\/it\/wp-json\/wp\/v2\/posts\/63544","targetHints":{"allow":["GET"]}}],"collection":[{"href":"https:\/\/www.immobilienbusiness.ch\/it\/wp-json\/wp\/v2\/posts"}],"about":[{"href":"https:\/\/www.immobilienbusiness.ch\/it\/wp-json\/wp\/v2\/types\/post"}],"author":[{"embeddable":true,"href":"https:\/\/www.immobilienbusiness.ch\/it\/wp-json\/wp\/v2\/users\/102"}],"replies":[{"embeddable":true,"href":"https:\/\/www.immobilienbusiness.ch\/it\/wp-json\/wp\/v2\/comments?post=63544"}],"version-history":[{"count":2,"href":"https:\/\/www.immobilienbusiness.ch\/it\/wp-json\/wp\/v2\/posts\/63544\/revisions"}],"predecessor-version":[{"id":63590,"href":"https:\/\/www.immobilienbusiness.ch\/it\/wp-json\/wp\/v2\/posts\/63544\/revisions\/63590"}],"wp:attachment":[{"href":"https:\/\/www.immobilienbusiness.ch\/it\/wp-json\/wp\/v2\/media?parent=63544"}],"wp:term":[{"taxonomy":"category","embeddable":true,"href":"https:\/\/www.immobilienbusiness.ch\/it\/wp-json\/wp\/v2\/categories?post=63544"},{"taxonomy":"post_tag","embeddable":true,"href":"https:\/\/www.immobilienbusiness.ch\/it\/wp-json\/wp\/v2\/tags?post=63544"}],"curies":[{"name":"wp","href":"https:\/\/api.w.org\/{rel}","templated":true}]}}