{"id":63259,"date":"2025-04-23T06:36:14","date_gmt":"2025-04-23T04:36:14","guid":{"rendered":"https:\/\/www.immobilienbusiness.ch\/?p=63259"},"modified":"2025-04-24T10:48:25","modified_gmt":"2025-04-24T08:48:25","slug":"st-gallen-schaeppi-grundstuecke-zieht-in-buerohaus-kurt","status":"publish","type":"post","link":"https:\/\/www.immobilienbusiness.ch\/it\/regionen\/2025-04-23\/st-gallen-schaeppi-grundstuecke-zieht-in-buerohaus-kurt\/","title":{"rendered":"San Gallo: Schaeppi Grundst\u00fccke si trasferisce nell'edificio per uffici \"Kurt"},"content":{"rendered":"<figure id=\"attachment_63260\" aria-describedby=\"caption-attachment-63260\" style=\"width: 768px\" class=\"wp-caption alignnone\"><a href=\"https:\/\/www.immobilienbusiness.ch\/wp-content\/uploads\/2025\/04\/UTF-8IMG_5248-scaled.jpg\"><img loading=\"lazy\" decoding=\"async\" class=\"size-large wp-image-63260\" src=\"https:\/\/www.immobilienbusiness.ch\/wp-content\/uploads\/2025\/04\/UTF-8IMG_5248-1024x768.jpg\" alt=\"\" width=\"768\" height=\"576\" srcset=\"https:\/\/www.immobilienbusiness.ch\/wp-content\/uploads\/2025\/04\/UTF-8IMG_5248-1024x768.jpg 1024w, https:\/\/www.immobilienbusiness.ch\/wp-content\/uploads\/2025\/04\/UTF-8IMG_5248-300x225.jpg 300w, https:\/\/www.immobilienbusiness.ch\/wp-content\/uploads\/2025\/04\/UTF-8IMG_5248-768x576.jpg 768w, https:\/\/www.immobilienbusiness.ch\/wp-content\/uploads\/2025\/04\/UTF-8IMG_5248-1536x1152.jpg 1536w, https:\/\/www.immobilienbusiness.ch\/wp-content\/uploads\/2025\/04\/UTF-8IMG_5248-2048x1536.jpg 2048w, https:\/\/www.immobilienbusiness.ch\/wp-content\/uploads\/2025\/04\/UTF-8IMG_5248-16x12.jpg 16w, https:\/\/www.immobilienbusiness.ch\/wp-content\/uploads\/2025\/04\/UTF-8IMG_5248-375x281.jpg 375w, https:\/\/www.immobilienbusiness.ch\/wp-content\/uploads\/2025\/04\/UTF-8IMG_5248-467x350.jpg 467w, https:\/\/www.immobilienbusiness.ch\/wp-content\/uploads\/2025\/04\/UTF-8IMG_5248-1000x750.jpg 1000w, https:\/\/www.immobilienbusiness.ch\/wp-content\/uploads\/2025\/04\/UTF-8IMG_5248-scaled.jpg 1200w\" sizes=\"auto, (max-width: 768px) 100vw, 768px\" \/><\/a><figcaption id=\"caption-attachment-63260\" class=\"wp-caption-text\">La nuova sede di Schaeppi a San Gallo (Immagine: zVg)<\/figcaption><\/figure>\n<p><span style=\"color: #000000;\">Schaeppi Grundst\u00fccke AG si trasferisce a San Gallo. Dopo sei decenni di attivit\u00e0 a Oberer Graben 3, la societ\u00e0 immobiliare si trasferisce nell'edificio per uffici \"Kurt\" in Breitfeldstrasse 13. La vecchia sede viene trasformata per la nuova biblioteca di San Gallo. I nuovi uffici misurano 200 metri quadrati e saranno occupati a maggio. L'azienda, fondata a Zurigo 90 anni fa, scrive in un comunicato stampa che sono flessibili e offrono spazio per la crescita. <\/span><\/p>\n<p><span style=\"color: #000000;\">Secondo le informazioni precedenti, l'edificio per uffici Kurt comprende ca. 7.000 metri quadrati di uffici. \u00c8 stato progettato da CH Architekten e realizzato dall'impresa di costruzioni Frutiger nel 2013. <em>(aw)<\/em><\/span><\/p>\n<p>&nbsp;<\/p>","protected":false},"excerpt":{"rendered":"<p>La societ\u00e0 immobiliare lascia la sua sede di San Gallo dopo diversi decenni e si trasferisce in 200 metri quadrati in un edificio esistente costruito nel 2013.<\/p>","protected":false},"author":102,"featured_media":63260,"comment_status":"closed","ping_status":"closed","sticky":false,"template":"","format":"standard","meta":{"_acf_changed":false,"_yoast_wpseo_focuskw":"St. Gallen","_yoast_wpseo_title":"","_yoast_wpseo_metadesc":"Das Immobilienunternehmen verl\u00e4sst seinen St. Galler Standort nach mehreren Jahrzehnten und bezieht 200 qm in einem Bestandesbau mit Baujahr 2013.","_yoast_wpseo_linkdex":53,"pgc_sgb_lightbox_settings":"","footnotes":""},"categories":[985],"tags":[1118,3761,1722,1832],"class_list":["post-63259","post","type-post","status-publish","format-standard","has-post-thumbnail","hentry","category-regionen","tag-buero","tag-schaeppi-grundstuecke-ag","tag-st-gallen","tag-vermietung"],"acf":[],"yoast_head":"<!-- This site is optimized with the Yoast SEO plugin v27.4 - https:\/\/yoast.com\/product\/yoast-seo-wordpress\/ -->\n<title>St. Gallen: Schaeppi Grundst\u00fccke zieht in B\u00fcrohaus \u00abKurt\u00bb - IMMOBILIEN Business<\/title>\n<meta name=\"description\" content=\"Das Immobilienunternehmen verl\u00e4sst seinen St. Galler Standort nach mehreren Jahrzehnten und bezieht 200 qm in einem Bestandesbau mit Baujahr 2013.\" \/>\n<meta name=\"robots\" content=\"index, follow, max-snippet:-1, max-image-preview:large, max-video-preview:-1\" \/>\n<link rel=\"canonical\" href=\"https:\/\/www.immobilienbusiness.ch\/it\/regionen\/2025-04-23\/st-gallen-schaeppi-grundstuecke-zieht-in-buerohaus-kurt\/\" \/>\n<meta property=\"og:locale\" content=\"it_IT\" \/>\n<meta property=\"og:type\" content=\"article\" \/>\n<meta property=\"og:title\" content=\"St. Gallen: Schaeppi Grundst\u00fccke zieht in B\u00fcrohaus \u00abKurt\u00bb - IMMOBILIEN Business\" \/>\n<meta property=\"og:description\" content=\"Das Immobilienunternehmen verl\u00e4sst seinen St. Galler Standort nach mehreren Jahrzehnten und bezieht 200 qm in einem Bestandesbau mit Baujahr 2013.\" \/>\n<meta property=\"og:url\" content=\"https:\/\/www.immobilienbusiness.ch\/it\/regionen\/2025-04-23\/st-gallen-schaeppi-grundstuecke-zieht-in-buerohaus-kurt\/\" \/>\n<meta property=\"og:site_name\" content=\"IMMOBILIEN Business\" \/>\n<meta property=\"article:publisher\" content=\"https:\/\/www.facebook.com\/immobilienbusiness\/\" \/>\n<meta property=\"article:published_time\" content=\"2025-04-23T04:36:14+00:00\" \/>\n<meta property=\"article:modified_time\" content=\"2025-04-24T08:48:25+00:00\" \/>\n<meta property=\"og:image\" content=\"https:\/\/www.immobilienbusiness.ch\/wp-content\/uploads\/2025\/04\/UTF-8IMG_5248-scaled.jpg\" \/>\n\t<meta property=\"og:image:width\" content=\"1200\" \/>\n\t<meta property=\"og:image:height\" content=\"900\" \/>\n\t<meta property=\"og:image:type\" content=\"image\/jpeg\" \/>\n<meta name=\"author\" content=\"Alexander Wachter\" \/>\n<meta name=\"twitter:card\" content=\"summary_large_image\" \/>\n<script type=\"application\/ld+json\" class=\"yoast-schema-graph\">{\"@context\":\"https:\\\/\\\/schema.org\",\"@graph\":[{\"@type\":\"Article\",\"@id\":\"https:\\\/\\\/www.immobilienbusiness.ch\\\/fr\\\/regionen\\\/2025-04-23\\\/st-gallen-schaeppi-grundstuecke-zieht-in-buerohaus-kurt\\\/#article\",\"isPartOf\":{\"@id\":\"https:\\\/\\\/www.immobilienbusiness.ch\\\/fr\\\/regionen\\\/2025-04-23\\\/st-gallen-schaeppi-grundstuecke-zieht-in-buerohaus-kurt\\\/\"},\"author\":{\"name\":\"Alexander Wachter\",\"@id\":\"https:\\\/\\\/www.immobilienbusiness.ch\\\/#\\\/schema\\\/person\\\/aba8bea2db926aa0c24c08c43fe1fcd5\"},\"headline\":\"St. Gallen: Schaeppi Grundst\u00fccke zieht in B\u00fcrohaus \u00abKurt\u00bb\",\"datePublished\":\"2025-04-23T04:36:14+00:00\",\"dateModified\":\"2025-04-24T08:48:25+00:00\",\"mainEntityOfPage\":{\"@id\":\"https:\\\/\\\/www.immobilienbusiness.ch\\\/fr\\\/regionen\\\/2025-04-23\\\/st-gallen-schaeppi-grundstuecke-zieht-in-buerohaus-kurt\\\/\"},\"wordCount\":132,\"publisher\":{\"@id\":\"https:\\\/\\\/www.immobilienbusiness.ch\\\/#organization\"},\"image\":{\"@id\":\"https:\\\/\\\/www.immobilienbusiness.ch\\\/fr\\\/regionen\\\/2025-04-23\\\/st-gallen-schaeppi-grundstuecke-zieht-in-buerohaus-kurt\\\/#primaryimage\"},\"thumbnailUrl\":\"https:\\\/\\\/www.immobilienbusiness.ch\\\/wp-content\\\/uploads\\\/2025\\\/04\\\/UTF-8IMG_5248-scaled.jpg\",\"keywords\":[\"B\u00fcro\",\"Schaeppi Grundst\u00fccke AG\",\"St. Gallen\",\"Vermietung\"],\"articleSection\":[\"REGIONEN\"],\"inLanguage\":\"it-IT\"},{\"@type\":\"WebPage\",\"@id\":\"https:\\\/\\\/www.immobilienbusiness.ch\\\/fr\\\/regionen\\\/2025-04-23\\\/st-gallen-schaeppi-grundstuecke-zieht-in-buerohaus-kurt\\\/\",\"url\":\"https:\\\/\\\/www.immobilienbusiness.ch\\\/fr\\\/regionen\\\/2025-04-23\\\/st-gallen-schaeppi-grundstuecke-zieht-in-buerohaus-kurt\\\/\",\"name\":\"St. Gallen: Schaeppi Grundst\u00fccke zieht in B\u00fcrohaus \u00abKurt\u00bb - IMMOBILIEN Business\",\"isPartOf\":{\"@id\":\"https:\\\/\\\/www.immobilienbusiness.ch\\\/#website\"},\"primaryImageOfPage\":{\"@id\":\"https:\\\/\\\/www.immobilienbusiness.ch\\\/fr\\\/regionen\\\/2025-04-23\\\/st-gallen-schaeppi-grundstuecke-zieht-in-buerohaus-kurt\\\/#primaryimage\"},\"image\":{\"@id\":\"https:\\\/\\\/www.immobilienbusiness.ch\\\/fr\\\/regionen\\\/2025-04-23\\\/st-gallen-schaeppi-grundstuecke-zieht-in-buerohaus-kurt\\\/#primaryimage\"},\"thumbnailUrl\":\"https:\\\/\\\/www.immobilienbusiness.ch\\\/wp-content\\\/uploads\\\/2025\\\/04\\\/UTF-8IMG_5248-scaled.jpg\",\"datePublished\":\"2025-04-23T04:36:14+00:00\",\"dateModified\":\"2025-04-24T08:48:25+00:00\",\"description\":\"Das Immobilienunternehmen verl\u00e4sst seinen St. Galler Standort nach mehreren Jahrzehnten und bezieht 200 qm in einem Bestandesbau mit Baujahr 2013.\",\"breadcrumb\":{\"@id\":\"https:\\\/\\\/www.immobilienbusiness.ch\\\/fr\\\/regionen\\\/2025-04-23\\\/st-gallen-schaeppi-grundstuecke-zieht-in-buerohaus-kurt\\\/#breadcrumb\"},\"inLanguage\":\"it-IT\",\"potentialAction\":[{\"@type\":\"ReadAction\",\"target\":[\"https:\\\/\\\/www.immobilienbusiness.ch\\\/fr\\\/regionen\\\/2025-04-23\\\/st-gallen-schaeppi-grundstuecke-zieht-in-buerohaus-kurt\\\/\"]}]},{\"@type\":\"ImageObject\",\"inLanguage\":\"it-IT\",\"@id\":\"https:\\\/\\\/www.immobilienbusiness.ch\\\/fr\\\/regionen\\\/2025-04-23\\\/st-gallen-schaeppi-grundstuecke-zieht-in-buerohaus-kurt\\\/#primaryimage\",\"url\":\"https:\\\/\\\/www.immobilienbusiness.ch\\\/wp-content\\\/uploads\\\/2025\\\/04\\\/UTF-8IMG_5248-scaled.jpg\",\"contentUrl\":\"https:\\\/\\\/www.immobilienbusiness.ch\\\/wp-content\\\/uploads\\\/2025\\\/04\\\/UTF-8IMG_5248-scaled.jpg\",\"width\":1200,\"height\":900,\"caption\":\"Die neuen Fl\u00e4chen von Schaeppi in St. Gallen (Bild: zVg)\"},{\"@type\":\"BreadcrumbList\",\"@id\":\"https:\\\/\\\/www.immobilienbusiness.ch\\\/fr\\\/regionen\\\/2025-04-23\\\/st-gallen-schaeppi-grundstuecke-zieht-in-buerohaus-kurt\\\/#breadcrumb\",\"itemListElement\":[{\"@type\":\"ListItem\",\"position\":1,\"name\":\"Home\",\"item\":\"https:\\\/\\\/www.immobilienbusiness.ch\\\/\"},{\"@type\":\"ListItem\",\"position\":2,\"name\":\"St. Gallen: Schaeppi Grundst\u00fccke zieht in B\u00fcrohaus \u00abKurt\u00bb\"}]},{\"@type\":\"WebSite\",\"@id\":\"https:\\\/\\\/www.immobilienbusiness.ch\\\/#website\",\"url\":\"https:\\\/\\\/www.immobilienbusiness.ch\\\/\",\"name\":\"IMMOBILIEN Business\",\"description\":\"Unabh\u00e4ngiges Schweizer Wirtschaftsmagazin mit Fokus auf Immobilien, Architektur- und Bau sowie Investment- und Finanzierung.\",\"publisher\":{\"@id\":\"https:\\\/\\\/www.immobilienbusiness.ch\\\/#organization\"},\"potentialAction\":[{\"@type\":\"SearchAction\",\"target\":{\"@type\":\"EntryPoint\",\"urlTemplate\":\"https:\\\/\\\/www.immobilienbusiness.ch\\\/?s={search_term_string}\"},\"query-input\":{\"@type\":\"PropertyValueSpecification\",\"valueRequired\":true,\"valueName\":\"search_term_string\"}}],\"inLanguage\":\"it-IT\"},{\"@type\":\"Organization\",\"@id\":\"https:\\\/\\\/www.immobilienbusiness.ch\\\/#organization\",\"name\":\"IMMOBILIEN Business\",\"url\":\"https:\\\/\\\/www.immobilienbusiness.ch\\\/\",\"logo\":{\"@type\":\"ImageObject\",\"inLanguage\":\"it-IT\",\"@id\":\"https:\\\/\\\/www.immobilienbusiness.ch\\\/#\\\/schema\\\/logo\\\/image\\\/\",\"url\":\"https:\\\/\\\/www.immobilienbusiness.ch\\\/wp-content\\\/uploads\\\/2021\\\/07\\\/logo_ib.png\",\"contentUrl\":\"https:\\\/\\\/www.immobilienbusiness.ch\\\/wp-content\\\/uploads\\\/2021\\\/07\\\/logo_ib.png\",\"width\":800,\"height\":181,\"caption\":\"IMMOBILIEN Business\"},\"image\":{\"@id\":\"https:\\\/\\\/www.immobilienbusiness.ch\\\/#\\\/schema\\\/logo\\\/image\\\/\"},\"sameAs\":[\"https:\\\/\\\/www.facebook.com\\\/immobilienbusiness\\\/\"]},{\"@type\":\"Person\",\"@id\":\"https:\\\/\\\/www.immobilienbusiness.ch\\\/#\\\/schema\\\/person\\\/aba8bea2db926aa0c24c08c43fe1fcd5\",\"name\":\"Alexander Wachter\",\"image\":{\"@type\":\"ImageObject\",\"inLanguage\":\"it-IT\",\"@id\":\"https:\\\/\\\/secure.gravatar.com\\\/avatar\\\/1a09e471f5389b0e0a6416eac287e0927c7c97a7b77f9e787eba3af7aee281dd?s=96&d=mm&r=g\",\"url\":\"https:\\\/\\\/secure.gravatar.com\\\/avatar\\\/1a09e471f5389b0e0a6416eac287e0927c7c97a7b77f9e787eba3af7aee281dd?s=96&d=mm&r=g\",\"contentUrl\":\"https:\\\/\\\/secure.gravatar.com\\\/avatar\\\/1a09e471f5389b0e0a6416eac287e0927c7c97a7b77f9e787eba3af7aee281dd?s=96&d=mm&r=g\",\"caption\":\"Alexander Wachter\"},\"url\":\"https:\\\/\\\/www.immobilienbusiness.ch\\\/it\\\/author\\\/alexander-wachter\\\/\"}]}<\/script>\n<!-- \/ Yoast SEO plugin. -->","yoast_head_json":{"title":"San Gallo: Schaeppi Grundst\u00fccke si trasferisce nell'edificio per uffici \"Kurt\" - IMMOBILIEN Business","description":"La societ\u00e0 immobiliare lascia la sua sede di San Gallo dopo diversi decenni e si trasferisce in 200 metri quadrati in un edificio esistente costruito nel 2013.","robots":{"index":"index","follow":"follow","max-snippet":"max-snippet:-1","max-image-preview":"max-image-preview:large","max-video-preview":"max-video-preview:-1"},"canonical":"https:\/\/www.immobilienbusiness.ch\/it\/regionen\/2025-04-23\/st-gallen-schaeppi-grundstuecke-zieht-in-buerohaus-kurt\/","og_locale":"it_IT","og_type":"article","og_title":"St. Gallen: Schaeppi Grundst\u00fccke zieht in B\u00fcrohaus \u00abKurt\u00bb - IMMOBILIEN Business","og_description":"Das Immobilienunternehmen verl\u00e4sst seinen St. Galler Standort nach mehreren Jahrzehnten und bezieht 200 qm in einem Bestandesbau mit Baujahr 2013.","og_url":"https:\/\/www.immobilienbusiness.ch\/it\/regionen\/2025-04-23\/st-gallen-schaeppi-grundstuecke-zieht-in-buerohaus-kurt\/","og_site_name":"IMMOBILIEN Business","article_publisher":"https:\/\/www.facebook.com\/immobilienbusiness\/","article_published_time":"2025-04-23T04:36:14+00:00","article_modified_time":"2025-04-24T08:48:25+00:00","og_image":[{"width":1200,"height":900,"url":"https:\/\/www.immobilienbusiness.ch\/wp-content\/uploads\/2025\/04\/UTF-8IMG_5248-scaled.jpg","type":"image\/jpeg"}],"author":"Alexander Wachter","twitter_card":"summary_large_image","schema":{"@context":"https:\/\/schema.org","@graph":[{"@type":"Article","@id":"https:\/\/www.immobilienbusiness.ch\/fr\/regionen\/2025-04-23\/st-gallen-schaeppi-grundstuecke-zieht-in-buerohaus-kurt\/#article","isPartOf":{"@id":"https:\/\/www.immobilienbusiness.ch\/fr\/regionen\/2025-04-23\/st-gallen-schaeppi-grundstuecke-zieht-in-buerohaus-kurt\/"},"author":{"name":"Alexander Wachter","@id":"https:\/\/www.immobilienbusiness.ch\/#\/schema\/person\/aba8bea2db926aa0c24c08c43fe1fcd5"},"headline":"St. Gallen: Schaeppi Grundst\u00fccke zieht in B\u00fcrohaus \u00abKurt\u00bb","datePublished":"2025-04-23T04:36:14+00:00","dateModified":"2025-04-24T08:48:25+00:00","mainEntityOfPage":{"@id":"https:\/\/www.immobilienbusiness.ch\/fr\/regionen\/2025-04-23\/st-gallen-schaeppi-grundstuecke-zieht-in-buerohaus-kurt\/"},"wordCount":132,"publisher":{"@id":"https:\/\/www.immobilienbusiness.ch\/#organization"},"image":{"@id":"https:\/\/www.immobilienbusiness.ch\/fr\/regionen\/2025-04-23\/st-gallen-schaeppi-grundstuecke-zieht-in-buerohaus-kurt\/#primaryimage"},"thumbnailUrl":"https:\/\/www.immobilienbusiness.ch\/wp-content\/uploads\/2025\/04\/UTF-8IMG_5248-scaled.jpg","keywords":["B\u00fcro","Schaeppi Grundst\u00fccke AG","St. Gallen","Vermietung"],"articleSection":["REGIONEN"],"inLanguage":"it-IT"},{"@type":"WebPage","@id":"https:\/\/www.immobilienbusiness.ch\/fr\/regionen\/2025-04-23\/st-gallen-schaeppi-grundstuecke-zieht-in-buerohaus-kurt\/","url":"https:\/\/www.immobilienbusiness.ch\/fr\/regionen\/2025-04-23\/st-gallen-schaeppi-grundstuecke-zieht-in-buerohaus-kurt\/","name":"San Gallo: Schaeppi Grundst\u00fccke si trasferisce nell'edificio per uffici \"Kurt\" - IMMOBILIEN Business","isPartOf":{"@id":"https:\/\/www.immobilienbusiness.ch\/#website"},"primaryImageOfPage":{"@id":"https:\/\/www.immobilienbusiness.ch\/fr\/regionen\/2025-04-23\/st-gallen-schaeppi-grundstuecke-zieht-in-buerohaus-kurt\/#primaryimage"},"image":{"@id":"https:\/\/www.immobilienbusiness.ch\/fr\/regionen\/2025-04-23\/st-gallen-schaeppi-grundstuecke-zieht-in-buerohaus-kurt\/#primaryimage"},"thumbnailUrl":"https:\/\/www.immobilienbusiness.ch\/wp-content\/uploads\/2025\/04\/UTF-8IMG_5248-scaled.jpg","datePublished":"2025-04-23T04:36:14+00:00","dateModified":"2025-04-24T08:48:25+00:00","description":"La societ\u00e0 immobiliare lascia la sua sede di San Gallo dopo diversi decenni e si trasferisce in 200 metri quadrati in un edificio esistente costruito nel 2013.","breadcrumb":{"@id":"https:\/\/www.immobilienbusiness.ch\/fr\/regionen\/2025-04-23\/st-gallen-schaeppi-grundstuecke-zieht-in-buerohaus-kurt\/#breadcrumb"},"inLanguage":"it-IT","potentialAction":[{"@type":"ReadAction","target":["https:\/\/www.immobilienbusiness.ch\/fr\/regionen\/2025-04-23\/st-gallen-schaeppi-grundstuecke-zieht-in-buerohaus-kurt\/"]}]},{"@type":"ImageObject","inLanguage":"it-IT","@id":"https:\/\/www.immobilienbusiness.ch\/fr\/regionen\/2025-04-23\/st-gallen-schaeppi-grundstuecke-zieht-in-buerohaus-kurt\/#primaryimage","url":"https:\/\/www.immobilienbusiness.ch\/wp-content\/uploads\/2025\/04\/UTF-8IMG_5248-scaled.jpg","contentUrl":"https:\/\/www.immobilienbusiness.ch\/wp-content\/uploads\/2025\/04\/UTF-8IMG_5248-scaled.jpg","width":1200,"height":900,"caption":"Die neuen Fl\u00e4chen von Schaeppi in St. Gallen (Bild: zVg)"},{"@type":"BreadcrumbList","@id":"https:\/\/www.immobilienbusiness.ch\/fr\/regionen\/2025-04-23\/st-gallen-schaeppi-grundstuecke-zieht-in-buerohaus-kurt\/#breadcrumb","itemListElement":[{"@type":"ListItem","position":1,"name":"Home","item":"https:\/\/www.immobilienbusiness.ch\/"},{"@type":"ListItem","position":2,"name":"St. Gallen: Schaeppi Grundst\u00fccke zieht in B\u00fcrohaus \u00abKurt\u00bb"}]},{"@type":"WebSite","@id":"https:\/\/www.immobilienbusiness.ch\/#website","url":"https:\/\/www.immobilienbusiness.ch\/","name":"Affari immobiliari","description":"Rivista economica indipendente svizzera che si concentra sul settore immobiliare, l'architettura e la costruzione, nonch\u00e9 sugli investimenti e i finanziamenti.","publisher":{"@id":"https:\/\/www.immobilienbusiness.ch\/#organization"},"potentialAction":[{"@type":"SearchAction","target":{"@type":"EntryPoint","urlTemplate":"https:\/\/www.immobilienbusiness.ch\/?s={search_term_string}"},"query-input":{"@type":"PropertyValueSpecification","valueRequired":true,"valueName":"search_term_string"}}],"inLanguage":"it-IT"},{"@type":"Organization","@id":"https:\/\/www.immobilienbusiness.ch\/#organization","name":"Affari immobiliari","url":"https:\/\/www.immobilienbusiness.ch\/","logo":{"@type":"ImageObject","inLanguage":"it-IT","@id":"https:\/\/www.immobilienbusiness.ch\/#\/schema\/logo\/image\/","url":"https:\/\/www.immobilienbusiness.ch\/wp-content\/uploads\/2021\/07\/logo_ib.png","contentUrl":"https:\/\/www.immobilienbusiness.ch\/wp-content\/uploads\/2021\/07\/logo_ib.png","width":800,"height":181,"caption":"IMMOBILIEN Business"},"image":{"@id":"https:\/\/www.immobilienbusiness.ch\/#\/schema\/logo\/image\/"},"sameAs":["https:\/\/www.facebook.com\/immobilienbusiness\/"]},{"@type":"Person","@id":"https:\/\/www.immobilienbusiness.ch\/#\/schema\/person\/aba8bea2db926aa0c24c08c43fe1fcd5","name":"Alexander Wachter","image":{"@type":"ImageObject","inLanguage":"it-IT","@id":"https:\/\/secure.gravatar.com\/avatar\/1a09e471f5389b0e0a6416eac287e0927c7c97a7b77f9e787eba3af7aee281dd?s=96&d=mm&r=g","url":"https:\/\/secure.gravatar.com\/avatar\/1a09e471f5389b0e0a6416eac287e0927c7c97a7b77f9e787eba3af7aee281dd?s=96&d=mm&r=g","contentUrl":"https:\/\/secure.gravatar.com\/avatar\/1a09e471f5389b0e0a6416eac287e0927c7c97a7b77f9e787eba3af7aee281dd?s=96&d=mm&r=g","caption":"Alexander Wachter"},"url":"https:\/\/www.immobilienbusiness.ch\/it\/author\/alexander-wachter\/"}]}},"_links":{"self":[{"href":"https:\/\/www.immobilienbusiness.ch\/it\/wp-json\/wp\/v2\/posts\/63259","targetHints":{"allow":["GET"]}}],"collection":[{"href":"https:\/\/www.immobilienbusiness.ch\/it\/wp-json\/wp\/v2\/posts"}],"about":[{"href":"https:\/\/www.immobilienbusiness.ch\/it\/wp-json\/wp\/v2\/types\/post"}],"author":[{"embeddable":true,"href":"https:\/\/www.immobilienbusiness.ch\/it\/wp-json\/wp\/v2\/users\/102"}],"replies":[{"embeddable":true,"href":"https:\/\/www.immobilienbusiness.ch\/it\/wp-json\/wp\/v2\/comments?post=63259"}],"version-history":[{"count":3,"href":"https:\/\/www.immobilienbusiness.ch\/it\/wp-json\/wp\/v2\/posts\/63259\/revisions"}],"predecessor-version":[{"id":63323,"href":"https:\/\/www.immobilienbusiness.ch\/it\/wp-json\/wp\/v2\/posts\/63259\/revisions\/63323"}],"wp:featuredmedia":[{"embeddable":true,"href":"https:\/\/www.immobilienbusiness.ch\/it\/wp-json\/wp\/v2\/media\/63260"}],"wp:attachment":[{"href":"https:\/\/www.immobilienbusiness.ch\/it\/wp-json\/wp\/v2\/media?parent=63259"}],"wp:term":[{"taxonomy":"category","embeddable":true,"href":"https:\/\/www.immobilienbusiness.ch\/it\/wp-json\/wp\/v2\/categories?post=63259"},{"taxonomy":"post_tag","embeddable":true,"href":"https:\/\/www.immobilienbusiness.ch\/it\/wp-json\/wp\/v2\/tags?post=63259"}],"curies":[{"name":"wp","href":"https:\/\/api.w.org\/{rel}","templated":true}]}}