{"id":63215,"date":"2025-04-17T07:33:04","date_gmt":"2025-04-17T05:33:04","guid":{"rendered":"https:\/\/www.immobilienbusiness.ch\/?p=63215"},"modified":"2025-04-17T10:36:15","modified_gmt":"2025-04-17T08:36:15","slug":"verit-holt-nils-linsi-von-swiss-life","status":"publish","type":"post","link":"https:\/\/www.immobilienbusiness.ch\/it\/personalia\/2025-04-17\/verit-holt-nils-linsi-von-swiss-life\/","title":{"rendered":"Verit assume Nils Linsi da Swiss Life"},"content":{"rendered":"<figure id=\"attachment_63216\" aria-describedby=\"caption-attachment-63216\" style=\"width: 520px\" class=\"wp-caption alignnone\"><a href=\"https:\/\/www.immobilienbusiness.ch\/wp-content\/uploads\/2025\/04\/Nils-Linsi.png\"><img loading=\"lazy\" decoding=\"async\" class=\"wp-image-63216\" src=\"https:\/\/www.immobilienbusiness.ch\/wp-content\/uploads\/2025\/04\/Nils-Linsi.png\" alt=\"\" width=\"520\" height=\"485\" srcset=\"https:\/\/www.immobilienbusiness.ch\/wp-content\/uploads\/2025\/04\/Nils-Linsi.png 970w, https:\/\/www.immobilienbusiness.ch\/wp-content\/uploads\/2025\/04\/Nils-Linsi-300x280.png 300w, https:\/\/www.immobilienbusiness.ch\/wp-content\/uploads\/2025\/04\/Nils-Linsi-768x717.png 768w, https:\/\/www.immobilienbusiness.ch\/wp-content\/uploads\/2025\/04\/Nils-Linsi-13x12.png 13w, https:\/\/www.immobilienbusiness.ch\/wp-content\/uploads\/2025\/04\/Nils-Linsi-322x300.png 322w, https:\/\/www.immobilienbusiness.ch\/wp-content\/uploads\/2025\/04\/Nils-Linsi-375x350.png 375w, https:\/\/www.immobilienbusiness.ch\/wp-content\/uploads\/2025\/04\/Nils-Linsi-857x800.png 857w\" sizes=\"auto, (max-width: 520px) 100vw, 520px\" \/><\/a><figcaption id=\"caption-attachment-63216\" class=\"wp-caption-text\">Nils Linsi (Immagine: \u00a9 Verit)<\/figcaption><\/figure>\n<p>Verit Investment Management AG annuncia la nomina di Nils Linsi a nuovo CEO. Egli subentrer\u00e0 nella gestione operativa della societ\u00e0 all'amministratore delegato in carica Alex Jenny a met\u00e0 agosto 2025. Linsi ha guidato la societ\u00e0 ad interim dall'ottobre 2024 e si concentrer\u00e0 poi sul Consiglio di amministrazione. Linsi si \u00e8 \"affermato come leader lungimirante e impegnato\", scrive il Consiglio di amministrazione di Verit a proposito del nuovo ingresso.<\/p>\n<p>Linsi si \u00e8 laureato in economia all'Universit\u00e0 di San Gallo, con specializzazione in finanza e mercati dei capitali. Attualmente \u00e8 Head Real Estate Portfolio Manager Investment Foundation CH presso Swiss Life Asset Management AG. Negli ultimi otto anni \u00e8 stato responsabile della gestione del portafoglio di tre gruppi di investimento immobiliare diretto della Swiss Life Investment Foundation e ha diretto il relativo team di gestione patrimoniale. <em>(aw)<\/em><\/p>","protected":false},"excerpt":{"rendered":"<p>Il nuovo CEO di Verit Investment Management AG subentrer\u00e0 al CEO ad interim Alex Jenny nel mese di agosto.<\/p>","protected":false},"author":102,"featured_media":63216,"comment_status":"closed","ping_status":"closed","sticky":false,"template":"","format":"standard","meta":{"_acf_changed":false,"_yoast_wpseo_focuskw":"Verit","_yoast_wpseo_title":"","_yoast_wpseo_metadesc":"Der neue CEO \u00fcbernimmt im August sein Amt vom Interims-Chef Alex Jenny.","_yoast_wpseo_linkdex":53,"pgc_sgb_lightbox_settings":"","footnotes":""},"categories":[1912],"tags":[1563,1756,1828],"class_list":["post-63215","post","type-post","status-publish","format-standard","has-post-thumbnail","hentry","category-personalia","tag-personalia","tag-swiss-life","tag-verit"],"acf":[],"yoast_head":"<!-- This site is optimized with the Yoast SEO plugin v27.4 - https:\/\/yoast.com\/product\/yoast-seo-wordpress\/ -->\n<title>Verit holt Nils Linsi von Swiss Life - IMMOBILIEN Business<\/title>\n<meta name=\"description\" content=\"Der neue CEO \u00fcbernimmt im August sein Amt vom Interims-Chef Alex Jenny.\" \/>\n<meta name=\"robots\" content=\"index, follow, max-snippet:-1, max-image-preview:large, max-video-preview:-1\" \/>\n<link rel=\"canonical\" href=\"https:\/\/www.immobilienbusiness.ch\/it\/personalia\/2025-04-17\/verit-holt-nils-linsi-von-swiss-life\/\" \/>\n<meta property=\"og:locale\" content=\"it_IT\" \/>\n<meta property=\"og:type\" content=\"article\" \/>\n<meta property=\"og:title\" content=\"Verit holt Nils Linsi von Swiss Life - IMMOBILIEN Business\" \/>\n<meta property=\"og:description\" content=\"Der neue CEO \u00fcbernimmt im August sein Amt vom Interims-Chef Alex Jenny.\" \/>\n<meta property=\"og:url\" content=\"https:\/\/www.immobilienbusiness.ch\/it\/personalia\/2025-04-17\/verit-holt-nils-linsi-von-swiss-life\/\" \/>\n<meta property=\"og:site_name\" content=\"IMMOBILIEN Business\" \/>\n<meta property=\"article:publisher\" content=\"https:\/\/www.facebook.com\/immobilienbusiness\/\" \/>\n<meta property=\"article:published_time\" content=\"2025-04-17T05:33:04+00:00\" \/>\n<meta property=\"article:modified_time\" content=\"2025-04-17T08:36:15+00:00\" \/>\n<meta property=\"og:image\" content=\"https:\/\/www.immobilienbusiness.ch\/wp-content\/uploads\/2025\/04\/Nils-Linsi.png\" \/>\n\t<meta property=\"og:image:width\" content=\"970\" \/>\n\t<meta property=\"og:image:height\" content=\"905\" \/>\n\t<meta property=\"og:image:type\" content=\"image\/png\" \/>\n<meta name=\"author\" content=\"Alexander Wachter\" \/>\n<meta name=\"twitter:card\" content=\"summary_large_image\" \/>\n<script type=\"application\/ld+json\" class=\"yoast-schema-graph\">{\"@context\":\"https:\\\/\\\/schema.org\",\"@graph\":[{\"@type\":\"Article\",\"@id\":\"https:\\\/\\\/www.immobilienbusiness.ch\\\/de\\\/personalia\\\/2025-04-17\\\/verit-holt-nils-linsi-von-swiss-life\\\/#article\",\"isPartOf\":{\"@id\":\"https:\\\/\\\/www.immobilienbusiness.ch\\\/de\\\/personalia\\\/2025-04-17\\\/verit-holt-nils-linsi-von-swiss-life\\\/\"},\"author\":{\"name\":\"Alexander Wachter\",\"@id\":\"https:\\\/\\\/www.immobilienbusiness.ch\\\/#\\\/schema\\\/person\\\/aba8bea2db926aa0c24c08c43fe1fcd5\"},\"headline\":\"Verit holt Nils Linsi von Swiss Life\",\"datePublished\":\"2025-04-17T05:33:04+00:00\",\"dateModified\":\"2025-04-17T08:36:15+00:00\",\"mainEntityOfPage\":{\"@id\":\"https:\\\/\\\/www.immobilienbusiness.ch\\\/de\\\/personalia\\\/2025-04-17\\\/verit-holt-nils-linsi-von-swiss-life\\\/\"},\"wordCount\":150,\"publisher\":{\"@id\":\"https:\\\/\\\/www.immobilienbusiness.ch\\\/#organization\"},\"image\":{\"@id\":\"https:\\\/\\\/www.immobilienbusiness.ch\\\/de\\\/personalia\\\/2025-04-17\\\/verit-holt-nils-linsi-von-swiss-life\\\/#primaryimage\"},\"thumbnailUrl\":\"https:\\\/\\\/www.immobilienbusiness.ch\\\/wp-content\\\/uploads\\\/2025\\\/04\\\/Nils-Linsi.png\",\"keywords\":[\"Personalia\",\"Swiss Life\",\"Verit\"],\"articleSection\":[\"PERSONALIA\"],\"inLanguage\":\"it-IT\"},{\"@type\":\"WebPage\",\"@id\":\"https:\\\/\\\/www.immobilienbusiness.ch\\\/de\\\/personalia\\\/2025-04-17\\\/verit-holt-nils-linsi-von-swiss-life\\\/\",\"url\":\"https:\\\/\\\/www.immobilienbusiness.ch\\\/de\\\/personalia\\\/2025-04-17\\\/verit-holt-nils-linsi-von-swiss-life\\\/\",\"name\":\"Verit holt Nils Linsi von Swiss Life - IMMOBILIEN Business\",\"isPartOf\":{\"@id\":\"https:\\\/\\\/www.immobilienbusiness.ch\\\/#website\"},\"primaryImageOfPage\":{\"@id\":\"https:\\\/\\\/www.immobilienbusiness.ch\\\/de\\\/personalia\\\/2025-04-17\\\/verit-holt-nils-linsi-von-swiss-life\\\/#primaryimage\"},\"image\":{\"@id\":\"https:\\\/\\\/www.immobilienbusiness.ch\\\/de\\\/personalia\\\/2025-04-17\\\/verit-holt-nils-linsi-von-swiss-life\\\/#primaryimage\"},\"thumbnailUrl\":\"https:\\\/\\\/www.immobilienbusiness.ch\\\/wp-content\\\/uploads\\\/2025\\\/04\\\/Nils-Linsi.png\",\"datePublished\":\"2025-04-17T05:33:04+00:00\",\"dateModified\":\"2025-04-17T08:36:15+00:00\",\"description\":\"Der neue CEO \u00fcbernimmt im August sein Amt vom Interims-Chef Alex Jenny.\",\"breadcrumb\":{\"@id\":\"https:\\\/\\\/www.immobilienbusiness.ch\\\/de\\\/personalia\\\/2025-04-17\\\/verit-holt-nils-linsi-von-swiss-life\\\/#breadcrumb\"},\"inLanguage\":\"it-IT\",\"potentialAction\":[{\"@type\":\"ReadAction\",\"target\":[\"https:\\\/\\\/www.immobilienbusiness.ch\\\/de\\\/personalia\\\/2025-04-17\\\/verit-holt-nils-linsi-von-swiss-life\\\/\"]}]},{\"@type\":\"ImageObject\",\"inLanguage\":\"it-IT\",\"@id\":\"https:\\\/\\\/www.immobilienbusiness.ch\\\/de\\\/personalia\\\/2025-04-17\\\/verit-holt-nils-linsi-von-swiss-life\\\/#primaryimage\",\"url\":\"https:\\\/\\\/www.immobilienbusiness.ch\\\/wp-content\\\/uploads\\\/2025\\\/04\\\/Nils-Linsi.png\",\"contentUrl\":\"https:\\\/\\\/www.immobilienbusiness.ch\\\/wp-content\\\/uploads\\\/2025\\\/04\\\/Nils-Linsi.png\",\"width\":970,\"height\":905,\"caption\":\"Nils Linsi (Bild: \u00a9 Verit Immobilien)\"},{\"@type\":\"BreadcrumbList\",\"@id\":\"https:\\\/\\\/www.immobilienbusiness.ch\\\/de\\\/personalia\\\/2025-04-17\\\/verit-holt-nils-linsi-von-swiss-life\\\/#breadcrumb\",\"itemListElement\":[{\"@type\":\"ListItem\",\"position\":1,\"name\":\"Home\",\"item\":\"https:\\\/\\\/www.immobilienbusiness.ch\\\/\"},{\"@type\":\"ListItem\",\"position\":2,\"name\":\"Verit holt Nils Linsi von Swiss Life\"}]},{\"@type\":\"WebSite\",\"@id\":\"https:\\\/\\\/www.immobilienbusiness.ch\\\/#website\",\"url\":\"https:\\\/\\\/www.immobilienbusiness.ch\\\/\",\"name\":\"IMMOBILIEN Business\",\"description\":\"Unabh\u00e4ngiges Schweizer Wirtschaftsmagazin mit Fokus auf Immobilien, Architektur- und Bau sowie Investment- und Finanzierung.\",\"publisher\":{\"@id\":\"https:\\\/\\\/www.immobilienbusiness.ch\\\/#organization\"},\"potentialAction\":[{\"@type\":\"SearchAction\",\"target\":{\"@type\":\"EntryPoint\",\"urlTemplate\":\"https:\\\/\\\/www.immobilienbusiness.ch\\\/?s={search_term_string}\"},\"query-input\":{\"@type\":\"PropertyValueSpecification\",\"valueRequired\":true,\"valueName\":\"search_term_string\"}}],\"inLanguage\":\"it-IT\"},{\"@type\":\"Organization\",\"@id\":\"https:\\\/\\\/www.immobilienbusiness.ch\\\/#organization\",\"name\":\"IMMOBILIEN Business\",\"url\":\"https:\\\/\\\/www.immobilienbusiness.ch\\\/\",\"logo\":{\"@type\":\"ImageObject\",\"inLanguage\":\"it-IT\",\"@id\":\"https:\\\/\\\/www.immobilienbusiness.ch\\\/#\\\/schema\\\/logo\\\/image\\\/\",\"url\":\"https:\\\/\\\/www.immobilienbusiness.ch\\\/wp-content\\\/uploads\\\/2021\\\/07\\\/logo_ib.png\",\"contentUrl\":\"https:\\\/\\\/www.immobilienbusiness.ch\\\/wp-content\\\/uploads\\\/2021\\\/07\\\/logo_ib.png\",\"width\":800,\"height\":181,\"caption\":\"IMMOBILIEN Business\"},\"image\":{\"@id\":\"https:\\\/\\\/www.immobilienbusiness.ch\\\/#\\\/schema\\\/logo\\\/image\\\/\"},\"sameAs\":[\"https:\\\/\\\/www.facebook.com\\\/immobilienbusiness\\\/\"]},{\"@type\":\"Person\",\"@id\":\"https:\\\/\\\/www.immobilienbusiness.ch\\\/#\\\/schema\\\/person\\\/aba8bea2db926aa0c24c08c43fe1fcd5\",\"name\":\"Alexander Wachter\",\"image\":{\"@type\":\"ImageObject\",\"inLanguage\":\"it-IT\",\"@id\":\"https:\\\/\\\/secure.gravatar.com\\\/avatar\\\/1a09e471f5389b0e0a6416eac287e0927c7c97a7b77f9e787eba3af7aee281dd?s=96&d=mm&r=g\",\"url\":\"https:\\\/\\\/secure.gravatar.com\\\/avatar\\\/1a09e471f5389b0e0a6416eac287e0927c7c97a7b77f9e787eba3af7aee281dd?s=96&d=mm&r=g\",\"contentUrl\":\"https:\\\/\\\/secure.gravatar.com\\\/avatar\\\/1a09e471f5389b0e0a6416eac287e0927c7c97a7b77f9e787eba3af7aee281dd?s=96&d=mm&r=g\",\"caption\":\"Alexander Wachter\"},\"url\":\"https:\\\/\\\/www.immobilienbusiness.ch\\\/it\\\/author\\\/alexander-wachter\\\/\"}]}<\/script>\n<!-- \/ Yoast SEO plugin. -->","yoast_head_json":{"title":"Verit assume Nils Linsi da Swiss Life - IMMOBILIEN Business","description":"Il nuovo CEO subentrer\u00e0 al CEO ad interim Alex Jenny in agosto.","robots":{"index":"index","follow":"follow","max-snippet":"max-snippet:-1","max-image-preview":"max-image-preview:large","max-video-preview":"max-video-preview:-1"},"canonical":"https:\/\/www.immobilienbusiness.ch\/it\/personalia\/2025-04-17\/verit-holt-nils-linsi-von-swiss-life\/","og_locale":"it_IT","og_type":"article","og_title":"Verit holt Nils Linsi von Swiss Life - IMMOBILIEN Business","og_description":"Der neue CEO \u00fcbernimmt im August sein Amt vom Interims-Chef Alex Jenny.","og_url":"https:\/\/www.immobilienbusiness.ch\/it\/personalia\/2025-04-17\/verit-holt-nils-linsi-von-swiss-life\/","og_site_name":"IMMOBILIEN Business","article_publisher":"https:\/\/www.facebook.com\/immobilienbusiness\/","article_published_time":"2025-04-17T05:33:04+00:00","article_modified_time":"2025-04-17T08:36:15+00:00","og_image":[{"width":970,"height":905,"url":"https:\/\/www.immobilienbusiness.ch\/wp-content\/uploads\/2025\/04\/Nils-Linsi.png","type":"image\/png"}],"author":"Alexander Wachter","twitter_card":"summary_large_image","schema":{"@context":"https:\/\/schema.org","@graph":[{"@type":"Article","@id":"https:\/\/www.immobilienbusiness.ch\/de\/personalia\/2025-04-17\/verit-holt-nils-linsi-von-swiss-life\/#article","isPartOf":{"@id":"https:\/\/www.immobilienbusiness.ch\/de\/personalia\/2025-04-17\/verit-holt-nils-linsi-von-swiss-life\/"},"author":{"name":"Alexander Wachter","@id":"https:\/\/www.immobilienbusiness.ch\/#\/schema\/person\/aba8bea2db926aa0c24c08c43fe1fcd5"},"headline":"Verit holt Nils Linsi von Swiss Life","datePublished":"2025-04-17T05:33:04+00:00","dateModified":"2025-04-17T08:36:15+00:00","mainEntityOfPage":{"@id":"https:\/\/www.immobilienbusiness.ch\/de\/personalia\/2025-04-17\/verit-holt-nils-linsi-von-swiss-life\/"},"wordCount":150,"publisher":{"@id":"https:\/\/www.immobilienbusiness.ch\/#organization"},"image":{"@id":"https:\/\/www.immobilienbusiness.ch\/de\/personalia\/2025-04-17\/verit-holt-nils-linsi-von-swiss-life\/#primaryimage"},"thumbnailUrl":"https:\/\/www.immobilienbusiness.ch\/wp-content\/uploads\/2025\/04\/Nils-Linsi.png","keywords":["Personalia","Swiss Life","Verit"],"articleSection":["PERSONALIA"],"inLanguage":"it-IT"},{"@type":"WebPage","@id":"https:\/\/www.immobilienbusiness.ch\/de\/personalia\/2025-04-17\/verit-holt-nils-linsi-von-swiss-life\/","url":"https:\/\/www.immobilienbusiness.ch\/de\/personalia\/2025-04-17\/verit-holt-nils-linsi-von-swiss-life\/","name":"Verit assume Nils Linsi da Swiss Life - IMMOBILIEN Business","isPartOf":{"@id":"https:\/\/www.immobilienbusiness.ch\/#website"},"primaryImageOfPage":{"@id":"https:\/\/www.immobilienbusiness.ch\/de\/personalia\/2025-04-17\/verit-holt-nils-linsi-von-swiss-life\/#primaryimage"},"image":{"@id":"https:\/\/www.immobilienbusiness.ch\/de\/personalia\/2025-04-17\/verit-holt-nils-linsi-von-swiss-life\/#primaryimage"},"thumbnailUrl":"https:\/\/www.immobilienbusiness.ch\/wp-content\/uploads\/2025\/04\/Nils-Linsi.png","datePublished":"2025-04-17T05:33:04+00:00","dateModified":"2025-04-17T08:36:15+00:00","description":"Il nuovo CEO subentrer\u00e0 al CEO ad interim Alex Jenny in agosto.","breadcrumb":{"@id":"https:\/\/www.immobilienbusiness.ch\/de\/personalia\/2025-04-17\/verit-holt-nils-linsi-von-swiss-life\/#breadcrumb"},"inLanguage":"it-IT","potentialAction":[{"@type":"ReadAction","target":["https:\/\/www.immobilienbusiness.ch\/de\/personalia\/2025-04-17\/verit-holt-nils-linsi-von-swiss-life\/"]}]},{"@type":"ImageObject","inLanguage":"it-IT","@id":"https:\/\/www.immobilienbusiness.ch\/de\/personalia\/2025-04-17\/verit-holt-nils-linsi-von-swiss-life\/#primaryimage","url":"https:\/\/www.immobilienbusiness.ch\/wp-content\/uploads\/2025\/04\/Nils-Linsi.png","contentUrl":"https:\/\/www.immobilienbusiness.ch\/wp-content\/uploads\/2025\/04\/Nils-Linsi.png","width":970,"height":905,"caption":"Nils Linsi (Bild: \u00a9 Verit Immobilien)"},{"@type":"BreadcrumbList","@id":"https:\/\/www.immobilienbusiness.ch\/de\/personalia\/2025-04-17\/verit-holt-nils-linsi-von-swiss-life\/#breadcrumb","itemListElement":[{"@type":"ListItem","position":1,"name":"Home","item":"https:\/\/www.immobilienbusiness.ch\/"},{"@type":"ListItem","position":2,"name":"Verit holt Nils Linsi von Swiss Life"}]},{"@type":"WebSite","@id":"https:\/\/www.immobilienbusiness.ch\/#website","url":"https:\/\/www.immobilienbusiness.ch\/","name":"Affari immobiliari","description":"Rivista economica indipendente svizzera che si concentra sul settore immobiliare, l'architettura e la costruzione, nonch\u00e9 sugli investimenti e i finanziamenti.","publisher":{"@id":"https:\/\/www.immobilienbusiness.ch\/#organization"},"potentialAction":[{"@type":"SearchAction","target":{"@type":"EntryPoint","urlTemplate":"https:\/\/www.immobilienbusiness.ch\/?s={search_term_string}"},"query-input":{"@type":"PropertyValueSpecification","valueRequired":true,"valueName":"search_term_string"}}],"inLanguage":"it-IT"},{"@type":"Organization","@id":"https:\/\/www.immobilienbusiness.ch\/#organization","name":"Affari immobiliari","url":"https:\/\/www.immobilienbusiness.ch\/","logo":{"@type":"ImageObject","inLanguage":"it-IT","@id":"https:\/\/www.immobilienbusiness.ch\/#\/schema\/logo\/image\/","url":"https:\/\/www.immobilienbusiness.ch\/wp-content\/uploads\/2021\/07\/logo_ib.png","contentUrl":"https:\/\/www.immobilienbusiness.ch\/wp-content\/uploads\/2021\/07\/logo_ib.png","width":800,"height":181,"caption":"IMMOBILIEN Business"},"image":{"@id":"https:\/\/www.immobilienbusiness.ch\/#\/schema\/logo\/image\/"},"sameAs":["https:\/\/www.facebook.com\/immobilienbusiness\/"]},{"@type":"Person","@id":"https:\/\/www.immobilienbusiness.ch\/#\/schema\/person\/aba8bea2db926aa0c24c08c43fe1fcd5","name":"Alexander Wachter","image":{"@type":"ImageObject","inLanguage":"it-IT","@id":"https:\/\/secure.gravatar.com\/avatar\/1a09e471f5389b0e0a6416eac287e0927c7c97a7b77f9e787eba3af7aee281dd?s=96&d=mm&r=g","url":"https:\/\/secure.gravatar.com\/avatar\/1a09e471f5389b0e0a6416eac287e0927c7c97a7b77f9e787eba3af7aee281dd?s=96&d=mm&r=g","contentUrl":"https:\/\/secure.gravatar.com\/avatar\/1a09e471f5389b0e0a6416eac287e0927c7c97a7b77f9e787eba3af7aee281dd?s=96&d=mm&r=g","caption":"Alexander Wachter"},"url":"https:\/\/www.immobilienbusiness.ch\/it\/author\/alexander-wachter\/"}]}},"_links":{"self":[{"href":"https:\/\/www.immobilienbusiness.ch\/it\/wp-json\/wp\/v2\/posts\/63215","targetHints":{"allow":["GET"]}}],"collection":[{"href":"https:\/\/www.immobilienbusiness.ch\/it\/wp-json\/wp\/v2\/posts"}],"about":[{"href":"https:\/\/www.immobilienbusiness.ch\/it\/wp-json\/wp\/v2\/types\/post"}],"author":[{"embeddable":true,"href":"https:\/\/www.immobilienbusiness.ch\/it\/wp-json\/wp\/v2\/users\/102"}],"replies":[{"embeddable":true,"href":"https:\/\/www.immobilienbusiness.ch\/it\/wp-json\/wp\/v2\/comments?post=63215"}],"version-history":[{"count":5,"href":"https:\/\/www.immobilienbusiness.ch\/it\/wp-json\/wp\/v2\/posts\/63215\/revisions"}],"predecessor-version":[{"id":63237,"href":"https:\/\/www.immobilienbusiness.ch\/it\/wp-json\/wp\/v2\/posts\/63215\/revisions\/63237"}],"wp:featuredmedia":[{"embeddable":true,"href":"https:\/\/www.immobilienbusiness.ch\/it\/wp-json\/wp\/v2\/media\/63216"}],"wp:attachment":[{"href":"https:\/\/www.immobilienbusiness.ch\/it\/wp-json\/wp\/v2\/media?parent=63215"}],"wp:term":[{"taxonomy":"category","embeddable":true,"href":"https:\/\/www.immobilienbusiness.ch\/it\/wp-json\/wp\/v2\/categories?post=63215"},{"taxonomy":"post_tag","embeddable":true,"href":"https:\/\/www.immobilienbusiness.ch\/it\/wp-json\/wp\/v2\/tags?post=63215"}],"curies":[{"name":"wp","href":"https:\/\/api.w.org\/{rel}","templated":true}]}}