{"id":63053,"date":"2025-04-07T07:31:39","date_gmt":"2025-04-07T05:31:39","guid":{"rendered":"https:\/\/www.immobilienbusiness.ch\/?p=63053"},"modified":"2025-04-10T10:29:02","modified_gmt":"2025-04-10T08:29:02","slug":"zuerich-abb-hat-25-hektaren-an-die-stadt-verkauft","status":"publish","type":"post","link":"https:\/\/www.immobilienbusiness.ch\/it\/regionen\/2025-04-07\/zuerich-abb-hat-25-hektaren-an-die-stadt-verkauft\/","title":{"rendered":"Zurigo: ABB ha venduto 2,5 ettari alla citt\u00e0"},"content":{"rendered":"<figure id=\"attachment_63054\" aria-describedby=\"caption-attachment-63054\" style=\"width: 782px\" class=\"wp-caption alignnone\"><a href=\"https:\/\/www.immobilienbusiness.ch\/wp-content\/uploads\/2025\/04\/ABB-Stadt-Zuerich-Oerlikon.png\"><img loading=\"lazy\" decoding=\"async\" class=\"size-full wp-image-63054\" src=\"https:\/\/www.immobilienbusiness.ch\/wp-content\/uploads\/2025\/04\/ABB-Stadt-Zuerich-Oerlikon.png\" alt=\"\" width=\"782\" height=\"637\" srcset=\"https:\/\/www.immobilienbusiness.ch\/wp-content\/uploads\/2025\/04\/ABB-Stadt-Zuerich-Oerlikon.png 782w, https:\/\/www.immobilienbusiness.ch\/wp-content\/uploads\/2025\/04\/ABB-Stadt-Zuerich-Oerlikon-300x244.png 300w, https:\/\/www.immobilienbusiness.ch\/wp-content\/uploads\/2025\/04\/ABB-Stadt-Zuerich-Oerlikon-768x626.png 768w, https:\/\/www.immobilienbusiness.ch\/wp-content\/uploads\/2025\/04\/ABB-Stadt-Zuerich-Oerlikon-15x12.png 15w, https:\/\/www.immobilienbusiness.ch\/wp-content\/uploads\/2025\/04\/ABB-Stadt-Zuerich-Oerlikon-368x300.png 368w, https:\/\/www.immobilienbusiness.ch\/wp-content\/uploads\/2025\/04\/ABB-Stadt-Zuerich-Oerlikon-430x350.png 430w\" sizes=\"auto, (max-width: 782px) 100vw, 782px\" \/><\/a><figcaption id=\"caption-attachment-63054\" class=\"wp-caption-text\">Questo schema illustra l'oggetto del contratto di sviluppo urbano, che \u00e8 stato concluso nel 2021 (Immagine: Citt\u00e0 di Zurigo)<\/figcaption><\/figure>\n<p>Il gruppo industriale ABB ha venduto alla citt\u00e0 di Zurigo un terreno di circa 25.500 metri quadrati non lontano dalla stazione ferroviaria di Oerlikon. La transazione \u00e8 stata completata il 27 marzo. La vendita del terreno comprende il cantiere D6 e parti del cantiere D7 vicino alla sede globale di ABB ed \u00e8 stata concordata in un contratto di sviluppo urbano tra le due parti nel 2021. La citt\u00e0 vuole costruire appartamenti a prezzi accessibili e stabilire usi commerciali e socio-culturali sul sito.<\/p>\n<p>Nel primo trimestre ABB ha registrato una plusvalenza operativa sulla cessione di circa 120 milioni di franchi al lordo delle imposte e ricever\u00e0 liquidit\u00e0 netta per circa 90 milioni di franchi. Questi importi includono l'effetto della compensazione del valore aggiunto di quasi 17 milioni di franchi svizzeri derivante dalla modifica del piano di sviluppo e la compensazione per il trasferimento zonale di alloggi a prezzi accessibili per un totale di circa 22 milioni di franchi svizzeri, che ABB era tenuta a pagare in base al contratto.<\/p>\n<p>Come parte dell'accordo, l'ex stabilimento di produzione di ABB e l'attuale location per eventi \"Halle 550\" in Birchstrasse 150 saranno mantenuti per usi culturali. La sede aziendale di ABB a Zurigo-Oerlikon, a Cityport, e l'edificio storico di ABB al MFO Park non sono interessati dalla vendita. <em>(aw)<\/em><\/p>","protected":false},"excerpt":{"rendered":"<p>Il completamento ufficiale della transazione, avviata diversi anni fa, comporter\u00e0 un utile contabile di 120 milioni di franchi svizzeri per l'azienda industriale.<\/p>","protected":false},"author":102,"featured_media":63054,"comment_status":"closed","ping_status":"closed","sticky":false,"template":"","format":"standard","meta":{"_acf_changed":false,"_yoast_wpseo_focuskw":"Z\u00fcrich","_yoast_wpseo_title":"","_yoast_wpseo_metadesc":"Der offizielle Abschluss der Transaktion, die vor einigen Jahren aufgegleist wurde, bringt dem Industrieunternehmen einen Buchgewinn von 120 Millionen Franken ein.","_yoast_wpseo_linkdex":53,"pgc_sgb_lightbox_settings":"","footnotes":""},"categories":[985],"tags":[2132,2135,1969,1426,1492,2320,1600,1830,1888],"class_list":["post-63053","post","type-post","status-publish","format-standard","has-post-thumbnail","hentry","category-regionen","tag-gewerbe","tag-grundstueck","tag-industrie","tag-kultur","tag-mietwohnungen","tag-oeffentliche-hand","tag-projekt-in-planung","tag-verkauf","tag-zuerich"],"acf":[],"yoast_head":"<!-- This site is optimized with the Yoast SEO plugin v27.4 - https:\/\/yoast.com\/product\/yoast-seo-wordpress\/ -->\n<title>Z\u00fcrich: ABB hat 2,5 Hektaren an die Stadt verkauft - IMMOBILIEN Business<\/title>\n<meta name=\"description\" content=\"Der offizielle Abschluss der Transaktion, die vor einigen Jahren aufgegleist wurde, bringt dem Industrieunternehmen einen Buchgewinn von 120 Millionen Franken ein.\" \/>\n<meta name=\"robots\" content=\"index, follow, max-snippet:-1, max-image-preview:large, max-video-preview:-1\" \/>\n<link rel=\"canonical\" href=\"https:\/\/www.immobilienbusiness.ch\/it\/regionen\/2025-04-07\/zuerich-abb-hat-25-hektaren-an-die-stadt-verkauft\/\" \/>\n<meta property=\"og:locale\" content=\"it_IT\" \/>\n<meta property=\"og:type\" content=\"article\" \/>\n<meta property=\"og:title\" content=\"Z\u00fcrich: ABB hat 2,5 Hektaren an die Stadt verkauft - IMMOBILIEN Business\" \/>\n<meta property=\"og:description\" content=\"Der offizielle Abschluss der Transaktion, die vor einigen Jahren aufgegleist wurde, bringt dem Industrieunternehmen einen Buchgewinn von 120 Millionen Franken ein.\" \/>\n<meta property=\"og:url\" content=\"https:\/\/www.immobilienbusiness.ch\/it\/regionen\/2025-04-07\/zuerich-abb-hat-25-hektaren-an-die-stadt-verkauft\/\" \/>\n<meta property=\"og:site_name\" content=\"IMMOBILIEN Business\" \/>\n<meta property=\"article:publisher\" content=\"https:\/\/www.facebook.com\/immobilienbusiness\/\" \/>\n<meta property=\"article:published_time\" content=\"2025-04-07T05:31:39+00:00\" \/>\n<meta property=\"article:modified_time\" content=\"2025-04-10T08:29:02+00:00\" \/>\n<meta property=\"og:image\" content=\"https:\/\/www.immobilienbusiness.ch\/wp-content\/uploads\/2025\/04\/ABB-Stadt-Zuerich-Oerlikon.png\" \/>\n\t<meta property=\"og:image:width\" content=\"782\" \/>\n\t<meta property=\"og:image:height\" content=\"637\" \/>\n\t<meta property=\"og:image:type\" content=\"image\/png\" \/>\n<meta name=\"author\" content=\"Alexander Wachter\" \/>\n<meta name=\"twitter:card\" content=\"summary_large_image\" \/>\n<script type=\"application\/ld+json\" class=\"yoast-schema-graph\">{\"@context\":\"https:\\\/\\\/schema.org\",\"@graph\":[{\"@type\":\"Article\",\"@id\":\"https:\\\/\\\/www.immobilienbusiness.ch\\\/de\\\/regionen\\\/2025-04-07\\\/zuerich-abb-hat-25-hektaren-an-die-stadt-verkauft\\\/#article\",\"isPartOf\":{\"@id\":\"https:\\\/\\\/www.immobilienbusiness.ch\\\/de\\\/regionen\\\/2025-04-07\\\/zuerich-abb-hat-25-hektaren-an-die-stadt-verkauft\\\/\"},\"author\":{\"name\":\"Alexander Wachter\",\"@id\":\"https:\\\/\\\/www.immobilienbusiness.ch\\\/#\\\/schema\\\/person\\\/aba8bea2db926aa0c24c08c43fe1fcd5\"},\"headline\":\"Z\u00fcrich: ABB hat 2,5 Hektaren an die Stadt verkauft\",\"datePublished\":\"2025-04-07T05:31:39+00:00\",\"dateModified\":\"2025-04-10T08:29:02+00:00\",\"mainEntityOfPage\":{\"@id\":\"https:\\\/\\\/www.immobilienbusiness.ch\\\/de\\\/regionen\\\/2025-04-07\\\/zuerich-abb-hat-25-hektaren-an-die-stadt-verkauft\\\/\"},\"wordCount\":224,\"publisher\":{\"@id\":\"https:\\\/\\\/www.immobilienbusiness.ch\\\/#organization\"},\"image\":{\"@id\":\"https:\\\/\\\/www.immobilienbusiness.ch\\\/de\\\/regionen\\\/2025-04-07\\\/zuerich-abb-hat-25-hektaren-an-die-stadt-verkauft\\\/#primaryimage\"},\"thumbnailUrl\":\"https:\\\/\\\/www.immobilienbusiness.ch\\\/wp-content\\\/uploads\\\/2025\\\/04\\\/ABB-Stadt-Zuerich-Oerlikon.png\",\"keywords\":[\"Gewerbe\",\"Grundst\u00fcck\",\"Industrie\",\"Kultur\",\"Mietwohnungen\",\"\u00d6ffentliche Hand\",\"Projekt in Planung\",\"Verkauf\",\"Z\u00fcrich\"],\"articleSection\":[\"REGIONEN\"],\"inLanguage\":\"it-IT\"},{\"@type\":\"WebPage\",\"@id\":\"https:\\\/\\\/www.immobilienbusiness.ch\\\/de\\\/regionen\\\/2025-04-07\\\/zuerich-abb-hat-25-hektaren-an-die-stadt-verkauft\\\/\",\"url\":\"https:\\\/\\\/www.immobilienbusiness.ch\\\/de\\\/regionen\\\/2025-04-07\\\/zuerich-abb-hat-25-hektaren-an-die-stadt-verkauft\\\/\",\"name\":\"Z\u00fcrich: ABB hat 2,5 Hektaren an die Stadt verkauft - IMMOBILIEN Business\",\"isPartOf\":{\"@id\":\"https:\\\/\\\/www.immobilienbusiness.ch\\\/#website\"},\"primaryImageOfPage\":{\"@id\":\"https:\\\/\\\/www.immobilienbusiness.ch\\\/de\\\/regionen\\\/2025-04-07\\\/zuerich-abb-hat-25-hektaren-an-die-stadt-verkauft\\\/#primaryimage\"},\"image\":{\"@id\":\"https:\\\/\\\/www.immobilienbusiness.ch\\\/de\\\/regionen\\\/2025-04-07\\\/zuerich-abb-hat-25-hektaren-an-die-stadt-verkauft\\\/#primaryimage\"},\"thumbnailUrl\":\"https:\\\/\\\/www.immobilienbusiness.ch\\\/wp-content\\\/uploads\\\/2025\\\/04\\\/ABB-Stadt-Zuerich-Oerlikon.png\",\"datePublished\":\"2025-04-07T05:31:39+00:00\",\"dateModified\":\"2025-04-10T08:29:02+00:00\",\"description\":\"Der offizielle Abschluss der Transaktion, die vor einigen Jahren aufgegleist wurde, bringt dem Industrieunternehmen einen Buchgewinn von 120 Millionen Franken ein.\",\"breadcrumb\":{\"@id\":\"https:\\\/\\\/www.immobilienbusiness.ch\\\/de\\\/regionen\\\/2025-04-07\\\/zuerich-abb-hat-25-hektaren-an-die-stadt-verkauft\\\/#breadcrumb\"},\"inLanguage\":\"it-IT\",\"potentialAction\":[{\"@type\":\"ReadAction\",\"target\":[\"https:\\\/\\\/www.immobilienbusiness.ch\\\/de\\\/regionen\\\/2025-04-07\\\/zuerich-abb-hat-25-hektaren-an-die-stadt-verkauft\\\/\"]}]},{\"@type\":\"ImageObject\",\"inLanguage\":\"it-IT\",\"@id\":\"https:\\\/\\\/www.immobilienbusiness.ch\\\/de\\\/regionen\\\/2025-04-07\\\/zuerich-abb-hat-25-hektaren-an-die-stadt-verkauft\\\/#primaryimage\",\"url\":\"https:\\\/\\\/www.immobilienbusiness.ch\\\/wp-content\\\/uploads\\\/2025\\\/04\\\/ABB-Stadt-Zuerich-Oerlikon.png\",\"contentUrl\":\"https:\\\/\\\/www.immobilienbusiness.ch\\\/wp-content\\\/uploads\\\/2025\\\/04\\\/ABB-Stadt-Zuerich-Oerlikon.png\",\"width\":782,\"height\":637,\"caption\":\"Dieses Schaubild illustriert den Gegenstand des st\u00e4dtebaulichen Vertrags, der 2021 abgeschlossen wurde (Bild: Stadt Z\u00fcrich)\"},{\"@type\":\"BreadcrumbList\",\"@id\":\"https:\\\/\\\/www.immobilienbusiness.ch\\\/de\\\/regionen\\\/2025-04-07\\\/zuerich-abb-hat-25-hektaren-an-die-stadt-verkauft\\\/#breadcrumb\",\"itemListElement\":[{\"@type\":\"ListItem\",\"position\":1,\"name\":\"Home\",\"item\":\"https:\\\/\\\/www.immobilienbusiness.ch\\\/\"},{\"@type\":\"ListItem\",\"position\":2,\"name\":\"Z\u00fcrich: ABB hat 2,5 Hektaren an die Stadt verkauft\"}]},{\"@type\":\"WebSite\",\"@id\":\"https:\\\/\\\/www.immobilienbusiness.ch\\\/#website\",\"url\":\"https:\\\/\\\/www.immobilienbusiness.ch\\\/\",\"name\":\"IMMOBILIEN Business\",\"description\":\"Unabh\u00e4ngiges Schweizer Wirtschaftsmagazin mit Fokus auf Immobilien, Architektur- und Bau sowie Investment- und Finanzierung.\",\"publisher\":{\"@id\":\"https:\\\/\\\/www.immobilienbusiness.ch\\\/#organization\"},\"potentialAction\":[{\"@type\":\"SearchAction\",\"target\":{\"@type\":\"EntryPoint\",\"urlTemplate\":\"https:\\\/\\\/www.immobilienbusiness.ch\\\/?s={search_term_string}\"},\"query-input\":{\"@type\":\"PropertyValueSpecification\",\"valueRequired\":true,\"valueName\":\"search_term_string\"}}],\"inLanguage\":\"it-IT\"},{\"@type\":\"Organization\",\"@id\":\"https:\\\/\\\/www.immobilienbusiness.ch\\\/#organization\",\"name\":\"IMMOBILIEN Business\",\"url\":\"https:\\\/\\\/www.immobilienbusiness.ch\\\/\",\"logo\":{\"@type\":\"ImageObject\",\"inLanguage\":\"it-IT\",\"@id\":\"https:\\\/\\\/www.immobilienbusiness.ch\\\/#\\\/schema\\\/logo\\\/image\\\/\",\"url\":\"https:\\\/\\\/www.immobilienbusiness.ch\\\/wp-content\\\/uploads\\\/2021\\\/07\\\/logo_ib.png\",\"contentUrl\":\"https:\\\/\\\/www.immobilienbusiness.ch\\\/wp-content\\\/uploads\\\/2021\\\/07\\\/logo_ib.png\",\"width\":800,\"height\":181,\"caption\":\"IMMOBILIEN Business\"},\"image\":{\"@id\":\"https:\\\/\\\/www.immobilienbusiness.ch\\\/#\\\/schema\\\/logo\\\/image\\\/\"},\"sameAs\":[\"https:\\\/\\\/www.facebook.com\\\/immobilienbusiness\\\/\"]},{\"@type\":\"Person\",\"@id\":\"https:\\\/\\\/www.immobilienbusiness.ch\\\/#\\\/schema\\\/person\\\/aba8bea2db926aa0c24c08c43fe1fcd5\",\"name\":\"Alexander Wachter\",\"image\":{\"@type\":\"ImageObject\",\"inLanguage\":\"it-IT\",\"@id\":\"https:\\\/\\\/secure.gravatar.com\\\/avatar\\\/1a09e471f5389b0e0a6416eac287e0927c7c97a7b77f9e787eba3af7aee281dd?s=96&d=mm&r=g\",\"url\":\"https:\\\/\\\/secure.gravatar.com\\\/avatar\\\/1a09e471f5389b0e0a6416eac287e0927c7c97a7b77f9e787eba3af7aee281dd?s=96&d=mm&r=g\",\"contentUrl\":\"https:\\\/\\\/secure.gravatar.com\\\/avatar\\\/1a09e471f5389b0e0a6416eac287e0927c7c97a7b77f9e787eba3af7aee281dd?s=96&d=mm&r=g\",\"caption\":\"Alexander Wachter\"},\"url\":\"https:\\\/\\\/www.immobilienbusiness.ch\\\/it\\\/author\\\/alexander-wachter\\\/\"}]}<\/script>\n<!-- \/ Yoast SEO plugin. -->","yoast_head_json":{"title":"Zurigo: ABB ha venduto 2,5 ettari alla citt\u00e0 - IMMOBILIEN Business","description":"Il completamento ufficiale della transazione, avviata diversi anni fa, comporter\u00e0 un utile contabile di 120 milioni di franchi svizzeri per l'azienda industriale.","robots":{"index":"index","follow":"follow","max-snippet":"max-snippet:-1","max-image-preview":"max-image-preview:large","max-video-preview":"max-video-preview:-1"},"canonical":"https:\/\/www.immobilienbusiness.ch\/it\/regionen\/2025-04-07\/zuerich-abb-hat-25-hektaren-an-die-stadt-verkauft\/","og_locale":"it_IT","og_type":"article","og_title":"Z\u00fcrich: ABB hat 2,5 Hektaren an die Stadt verkauft - IMMOBILIEN Business","og_description":"Der offizielle Abschluss der Transaktion, die vor einigen Jahren aufgegleist wurde, bringt dem Industrieunternehmen einen Buchgewinn von 120 Millionen Franken ein.","og_url":"https:\/\/www.immobilienbusiness.ch\/it\/regionen\/2025-04-07\/zuerich-abb-hat-25-hektaren-an-die-stadt-verkauft\/","og_site_name":"IMMOBILIEN Business","article_publisher":"https:\/\/www.facebook.com\/immobilienbusiness\/","article_published_time":"2025-04-07T05:31:39+00:00","article_modified_time":"2025-04-10T08:29:02+00:00","og_image":[{"width":782,"height":637,"url":"https:\/\/www.immobilienbusiness.ch\/wp-content\/uploads\/2025\/04\/ABB-Stadt-Zuerich-Oerlikon.png","type":"image\/png"}],"author":"Alexander Wachter","twitter_card":"summary_large_image","schema":{"@context":"https:\/\/schema.org","@graph":[{"@type":"Article","@id":"https:\/\/www.immobilienbusiness.ch\/de\/regionen\/2025-04-07\/zuerich-abb-hat-25-hektaren-an-die-stadt-verkauft\/#article","isPartOf":{"@id":"https:\/\/www.immobilienbusiness.ch\/de\/regionen\/2025-04-07\/zuerich-abb-hat-25-hektaren-an-die-stadt-verkauft\/"},"author":{"name":"Alexander Wachter","@id":"https:\/\/www.immobilienbusiness.ch\/#\/schema\/person\/aba8bea2db926aa0c24c08c43fe1fcd5"},"headline":"Z\u00fcrich: ABB hat 2,5 Hektaren an die Stadt verkauft","datePublished":"2025-04-07T05:31:39+00:00","dateModified":"2025-04-10T08:29:02+00:00","mainEntityOfPage":{"@id":"https:\/\/www.immobilienbusiness.ch\/de\/regionen\/2025-04-07\/zuerich-abb-hat-25-hektaren-an-die-stadt-verkauft\/"},"wordCount":224,"publisher":{"@id":"https:\/\/www.immobilienbusiness.ch\/#organization"},"image":{"@id":"https:\/\/www.immobilienbusiness.ch\/de\/regionen\/2025-04-07\/zuerich-abb-hat-25-hektaren-an-die-stadt-verkauft\/#primaryimage"},"thumbnailUrl":"https:\/\/www.immobilienbusiness.ch\/wp-content\/uploads\/2025\/04\/ABB-Stadt-Zuerich-Oerlikon.png","keywords":["Gewerbe","Grundst\u00fcck","Industrie","Kultur","Mietwohnungen","\u00d6ffentliche Hand","Projekt in Planung","Verkauf","Z\u00fcrich"],"articleSection":["REGIONEN"],"inLanguage":"it-IT"},{"@type":"WebPage","@id":"https:\/\/www.immobilienbusiness.ch\/de\/regionen\/2025-04-07\/zuerich-abb-hat-25-hektaren-an-die-stadt-verkauft\/","url":"https:\/\/www.immobilienbusiness.ch\/de\/regionen\/2025-04-07\/zuerich-abb-hat-25-hektaren-an-die-stadt-verkauft\/","name":"Zurigo: ABB ha venduto 2,5 ettari alla citt\u00e0 - IMMOBILIEN Business","isPartOf":{"@id":"https:\/\/www.immobilienbusiness.ch\/#website"},"primaryImageOfPage":{"@id":"https:\/\/www.immobilienbusiness.ch\/de\/regionen\/2025-04-07\/zuerich-abb-hat-25-hektaren-an-die-stadt-verkauft\/#primaryimage"},"image":{"@id":"https:\/\/www.immobilienbusiness.ch\/de\/regionen\/2025-04-07\/zuerich-abb-hat-25-hektaren-an-die-stadt-verkauft\/#primaryimage"},"thumbnailUrl":"https:\/\/www.immobilienbusiness.ch\/wp-content\/uploads\/2025\/04\/ABB-Stadt-Zuerich-Oerlikon.png","datePublished":"2025-04-07T05:31:39+00:00","dateModified":"2025-04-10T08:29:02+00:00","description":"Il completamento ufficiale della transazione, avviata diversi anni fa, comporter\u00e0 un utile contabile di 120 milioni di franchi svizzeri per l'azienda industriale.","breadcrumb":{"@id":"https:\/\/www.immobilienbusiness.ch\/de\/regionen\/2025-04-07\/zuerich-abb-hat-25-hektaren-an-die-stadt-verkauft\/#breadcrumb"},"inLanguage":"it-IT","potentialAction":[{"@type":"ReadAction","target":["https:\/\/www.immobilienbusiness.ch\/de\/regionen\/2025-04-07\/zuerich-abb-hat-25-hektaren-an-die-stadt-verkauft\/"]}]},{"@type":"ImageObject","inLanguage":"it-IT","@id":"https:\/\/www.immobilienbusiness.ch\/de\/regionen\/2025-04-07\/zuerich-abb-hat-25-hektaren-an-die-stadt-verkauft\/#primaryimage","url":"https:\/\/www.immobilienbusiness.ch\/wp-content\/uploads\/2025\/04\/ABB-Stadt-Zuerich-Oerlikon.png","contentUrl":"https:\/\/www.immobilienbusiness.ch\/wp-content\/uploads\/2025\/04\/ABB-Stadt-Zuerich-Oerlikon.png","width":782,"height":637,"caption":"Dieses Schaubild illustriert den Gegenstand des st\u00e4dtebaulichen Vertrags, der 2021 abgeschlossen wurde (Bild: Stadt Z\u00fcrich)"},{"@type":"BreadcrumbList","@id":"https:\/\/www.immobilienbusiness.ch\/de\/regionen\/2025-04-07\/zuerich-abb-hat-25-hektaren-an-die-stadt-verkauft\/#breadcrumb","itemListElement":[{"@type":"ListItem","position":1,"name":"Home","item":"https:\/\/www.immobilienbusiness.ch\/"},{"@type":"ListItem","position":2,"name":"Z\u00fcrich: ABB hat 2,5 Hektaren an die Stadt verkauft"}]},{"@type":"WebSite","@id":"https:\/\/www.immobilienbusiness.ch\/#website","url":"https:\/\/www.immobilienbusiness.ch\/","name":"Affari immobiliari","description":"Rivista economica indipendente svizzera che si concentra sul settore immobiliare, l'architettura e la costruzione, nonch\u00e9 sugli investimenti e i finanziamenti.","publisher":{"@id":"https:\/\/www.immobilienbusiness.ch\/#organization"},"potentialAction":[{"@type":"SearchAction","target":{"@type":"EntryPoint","urlTemplate":"https:\/\/www.immobilienbusiness.ch\/?s={search_term_string}"},"query-input":{"@type":"PropertyValueSpecification","valueRequired":true,"valueName":"search_term_string"}}],"inLanguage":"it-IT"},{"@type":"Organization","@id":"https:\/\/www.immobilienbusiness.ch\/#organization","name":"Affari immobiliari","url":"https:\/\/www.immobilienbusiness.ch\/","logo":{"@type":"ImageObject","inLanguage":"it-IT","@id":"https:\/\/www.immobilienbusiness.ch\/#\/schema\/logo\/image\/","url":"https:\/\/www.immobilienbusiness.ch\/wp-content\/uploads\/2021\/07\/logo_ib.png","contentUrl":"https:\/\/www.immobilienbusiness.ch\/wp-content\/uploads\/2021\/07\/logo_ib.png","width":800,"height":181,"caption":"IMMOBILIEN Business"},"image":{"@id":"https:\/\/www.immobilienbusiness.ch\/#\/schema\/logo\/image\/"},"sameAs":["https:\/\/www.facebook.com\/immobilienbusiness\/"]},{"@type":"Person","@id":"https:\/\/www.immobilienbusiness.ch\/#\/schema\/person\/aba8bea2db926aa0c24c08c43fe1fcd5","name":"Alexander Wachter","image":{"@type":"ImageObject","inLanguage":"it-IT","@id":"https:\/\/secure.gravatar.com\/avatar\/1a09e471f5389b0e0a6416eac287e0927c7c97a7b77f9e787eba3af7aee281dd?s=96&d=mm&r=g","url":"https:\/\/secure.gravatar.com\/avatar\/1a09e471f5389b0e0a6416eac287e0927c7c97a7b77f9e787eba3af7aee281dd?s=96&d=mm&r=g","contentUrl":"https:\/\/secure.gravatar.com\/avatar\/1a09e471f5389b0e0a6416eac287e0927c7c97a7b77f9e787eba3af7aee281dd?s=96&d=mm&r=g","caption":"Alexander Wachter"},"url":"https:\/\/www.immobilienbusiness.ch\/it\/author\/alexander-wachter\/"}]}},"_links":{"self":[{"href":"https:\/\/www.immobilienbusiness.ch\/it\/wp-json\/wp\/v2\/posts\/63053","targetHints":{"allow":["GET"]}}],"collection":[{"href":"https:\/\/www.immobilienbusiness.ch\/it\/wp-json\/wp\/v2\/posts"}],"about":[{"href":"https:\/\/www.immobilienbusiness.ch\/it\/wp-json\/wp\/v2\/types\/post"}],"author":[{"embeddable":true,"href":"https:\/\/www.immobilienbusiness.ch\/it\/wp-json\/wp\/v2\/users\/102"}],"replies":[{"embeddable":true,"href":"https:\/\/www.immobilienbusiness.ch\/it\/wp-json\/wp\/v2\/comments?post=63053"}],"version-history":[{"count":1,"href":"https:\/\/www.immobilienbusiness.ch\/it\/wp-json\/wp\/v2\/posts\/63053\/revisions"}],"predecessor-version":[{"id":63055,"href":"https:\/\/www.immobilienbusiness.ch\/it\/wp-json\/wp\/v2\/posts\/63053\/revisions\/63055"}],"wp:featuredmedia":[{"embeddable":true,"href":"https:\/\/www.immobilienbusiness.ch\/it\/wp-json\/wp\/v2\/media\/63054"}],"wp:attachment":[{"href":"https:\/\/www.immobilienbusiness.ch\/it\/wp-json\/wp\/v2\/media?parent=63053"}],"wp:term":[{"taxonomy":"category","embeddable":true,"href":"https:\/\/www.immobilienbusiness.ch\/it\/wp-json\/wp\/v2\/categories?post=63053"},{"taxonomy":"post_tag","embeddable":true,"href":"https:\/\/www.immobilienbusiness.ch\/it\/wp-json\/wp\/v2\/tags?post=63053"}],"curies":[{"name":"wp","href":"https:\/\/api.w.org\/{rel}","templated":true}]}}