{"id":62652,"date":"2025-03-05T08:12:01","date_gmt":"2025-03-05T07:12:01","guid":{"rendered":"https:\/\/www.immobilienbusiness.ch\/?p=62652"},"modified":"2025-03-06T14:32:47","modified_gmt":"2025-03-06T13:32:47","slug":"plazza-steigert-mietertrag-um-fast-ein-viertel","status":"publish","type":"post","link":"https:\/\/www.immobilienbusiness.ch\/it\/unternehmen\/2025-03-05\/plazza-steigert-mietertrag-um-fast-ein-viertel\/","title":{"rendered":"Plazza aumenta il reddito da locazione di quasi un quarto"},"content":{"rendered":"<figure id=\"attachment_42493\" aria-describedby=\"caption-attachment-42493\" style=\"width: 1024px\" class=\"wp-caption alignnone\"><a href=\"https:\/\/www.immobilienbusiness.ch\/wp-content\/uploads\/2022\/05\/PLAZZA_Entwicklungsprojekt_Crissier_1.jpg\"><img loading=\"lazy\" decoding=\"async\" class=\"size-full wp-image-42493\" src=\"https:\/\/www.immobilienbusiness.ch\/wp-content\/uploads\/2022\/05\/PLAZZA_Entwicklungsprojekt_Crissier_1.jpg\" alt=\"\" width=\"1024\" height=\"683\" srcset=\"https:\/\/www.immobilienbusiness.ch\/wp-content\/uploads\/2022\/05\/PLAZZA_Entwicklungsprojekt_Crissier_1.jpg 1024w, https:\/\/www.immobilienbusiness.ch\/wp-content\/uploads\/2022\/05\/PLAZZA_Entwicklungsprojekt_Crissier_1-300x200.jpg 300w, https:\/\/www.immobilienbusiness.ch\/wp-content\/uploads\/2022\/05\/PLAZZA_Entwicklungsprojekt_Crissier_1-768x512.jpg 768w, https:\/\/www.immobilienbusiness.ch\/wp-content\/uploads\/2022\/05\/PLAZZA_Entwicklungsprojekt_Crissier_1-18x12.jpg 18w, https:\/\/www.immobilienbusiness.ch\/wp-content\/uploads\/2022\/05\/PLAZZA_Entwicklungsprojekt_Crissier_1-262x175.jpg 262w, https:\/\/www.immobilienbusiness.ch\/wp-content\/uploads\/2022\/05\/PLAZZA_Entwicklungsprojekt_Crissier_1-525x350.jpg 525w, https:\/\/www.immobilienbusiness.ch\/wp-content\/uploads\/2022\/05\/PLAZZA_Entwicklungsprojekt_Crissier_1-920x614.jpg 920w\" sizes=\"auto, (max-width: 1024px) 100vw, 1024px\" \/><\/a><figcaption id=\"caption-attachment-42493\" class=\"wp-caption-text\">Il grande progetto di Crissier sta avendo un impatto positivo sulle cifre per il 2024 (Foto: \u00a9 Plazza)<\/figcaption><\/figure>\n<p>Il completamento della prima fase di un progetto a Crissier, nei pressi di Losanna, \u00e8 stato il motivo principale di un significativo aumento del reddito immobiliare di Plazza. Questi sono aumentati di ben 23 1TP3 migliaia di franchi, raggiungendo i 33,0 milioni di franchi nell'esercizio 2024. Il reddito del portafoglio \u00e8 aumentato di 4 %. Nel frattempo, anche il tasso di sfitto \u00e8 aumentato, passando da 2,7TP3T a 6,0%, il che \u00e8 attribuibile agli spazi commerciali non ancora affittati nella prima fase di Crissier. Senza questo spazio, il tasso di sfitto sarebbe rimasto invariato rispetto all'anno precedente, ha riferito Plazza.<\/p>\n<p>Il risultato operativo prima di ammortamenti e rivalutazioni \u00e8 aumentato di 24% a 26,2 milioni di franchi. I proventi della rivalutazione sono aumentati da 1,0 milioni di franchi a 35,8 milioni di franchi. Di questi, 16,0 milioni sono attribuibili all'avanzamento dei progetti (anno precedente: 8,7 milioni), pi\u00f9 una rivalutazione del portafoglio rimanente di 2,5TP3T. Plazza cita l'aumento delle aspettative di guadagno come la ragione principale di quest'ultima. Il dividendo sar\u00e0 aumentato di 1,0 franchi a 9,0 franchi.<\/p>\n<h3>L'inizio dei lavori di ristrutturazione \u00e8 previsto per il 2025.<\/h3>\n<p>Il valore del portafoglio immobiliare in immobilizzazioni \u00e8 passato da 1,0 a 1,1 miliardi di franchi. Nell'esercizio in corso, Plazza intende avviare la ristrutturazione dell'immobile di Zurigo \"Im Tiergarten\" in stato di occupazione (costo: circa 120 milioni di franchi). L'inizio della prima fase \u00e8 previsto per l'estate. A Crissier, la seconda fase rimanente comprende altri 17.000 metri quadrati di spazio utilizzabile per un volume di investimento di 75-85 milioni di franchi svizzeri. Tuttavia, la realizzazione non dovrebbe iniziare \"prima del 2028\". Plazza sta inoltre portando avanti un altro grande progetto nell'ex sito industriale a nord della stazione ferroviaria di Regensdorf (ZH). L'inizio della realizzazione \u00e8 previsto per il 2026. Il volume degli investimenti si aggira tra i 220 e i 240 milioni di franchi svizzeri.<\/p>\n<h3>Risultato operativo in forte crescita<\/h3>\n<p>Per il 2025, Plazza prevede un risultato operativo al lordo di ammortamenti e rivalutazioni superiore di circa 10-15 % rispetto all'anno precedente. <em>(aw)<\/em><\/p>\n<p>&nbsp;<\/p>\n<p>&nbsp;<\/p>","protected":false},"excerpt":{"rendered":"<p>Il bilancio annuale per il 2024 \u00e8 caratterizzato da nuove aree aggiunte. Tuttavia, anche il risultato della valutazione \u00e8 aumentato in modo significativo.<\/p>","protected":false},"author":102,"featured_media":42493,"comment_status":"closed","ping_status":"closed","sticky":false,"template":"","format":"standard","meta":{"_acf_changed":false,"_yoast_wpseo_focuskw":"Plazza","_yoast_wpseo_title":"","_yoast_wpseo_metadesc":"Der Jahresabschluss f\u00fcr 2024 steht im Zeichen neu hinzugekommener Fl\u00e4chen. Aber auch der Bewertungserfolg ist deutlich angestiegen.","_yoast_wpseo_linkdex":64,"pgc_sgb_lightbox_settings":"","footnotes":""},"categories":[988],"tags":[1329,3608,2819],"class_list":["post-62652","post","type-post","status-publish","format-standard","has-post-thumbnail","hentry","category-unternehmen","tag-immobilien-ag","tag-jahresbericht","tag-plazza-ag"],"acf":[],"yoast_head":"<!-- This site is optimized with the Yoast SEO plugin v27.4 - https:\/\/yoast.com\/product\/yoast-seo-wordpress\/ -->\n<title>Plazza steigert Mietertrag um fast ein Viertel - IMMOBILIEN Business<\/title>\n<meta name=\"description\" content=\"Der Jahresabschluss f\u00fcr 2024 steht im Zeichen neu hinzugekommener Fl\u00e4chen. Aber auch der Bewertungserfolg ist deutlich angestiegen.\" \/>\n<meta name=\"robots\" content=\"index, follow, max-snippet:-1, max-image-preview:large, max-video-preview:-1\" \/>\n<link rel=\"canonical\" href=\"https:\/\/www.immobilienbusiness.ch\/it\/unternehmen\/2025-03-05\/plazza-steigert-mietertrag-um-fast-ein-viertel\/\" \/>\n<meta property=\"og:locale\" content=\"it_IT\" \/>\n<meta property=\"og:type\" content=\"article\" \/>\n<meta property=\"og:title\" content=\"Plazza steigert Mietertrag um fast ein Viertel - IMMOBILIEN Business\" \/>\n<meta property=\"og:description\" content=\"Der Jahresabschluss f\u00fcr 2024 steht im Zeichen neu hinzugekommener Fl\u00e4chen. Aber auch der Bewertungserfolg ist deutlich angestiegen.\" \/>\n<meta property=\"og:url\" content=\"https:\/\/www.immobilienbusiness.ch\/it\/unternehmen\/2025-03-05\/plazza-steigert-mietertrag-um-fast-ein-viertel\/\" \/>\n<meta property=\"og:site_name\" content=\"IMMOBILIEN Business\" \/>\n<meta property=\"article:publisher\" content=\"https:\/\/www.facebook.com\/immobilienbusiness\/\" \/>\n<meta property=\"article:published_time\" content=\"2025-03-05T07:12:01+00:00\" \/>\n<meta property=\"article:modified_time\" content=\"2025-03-06T13:32:47+00:00\" \/>\n<meta property=\"og:image\" content=\"https:\/\/www.immobilienbusiness.ch\/wp-content\/uploads\/2022\/05\/PLAZZA_Entwicklungsprojekt_Crissier_1.jpg\" \/>\n\t<meta property=\"og:image:width\" content=\"1024\" \/>\n\t<meta property=\"og:image:height\" content=\"683\" \/>\n\t<meta property=\"og:image:type\" content=\"image\/jpeg\" \/>\n<meta name=\"author\" content=\"Alexander Wachter\" \/>\n<meta name=\"twitter:card\" content=\"summary_large_image\" \/>\n<script type=\"application\/ld+json\" class=\"yoast-schema-graph\">{\"@context\":\"https:\\\/\\\/schema.org\",\"@graph\":[{\"@type\":\"Article\",\"@id\":\"https:\\\/\\\/www.immobilienbusiness.ch\\\/fr\\\/unternehmen\\\/2025-03-05\\\/plazza-steigert-mietertrag-um-fast-ein-viertel\\\/#article\",\"isPartOf\":{\"@id\":\"https:\\\/\\\/www.immobilienbusiness.ch\\\/fr\\\/unternehmen\\\/2025-03-05\\\/plazza-steigert-mietertrag-um-fast-ein-viertel\\\/\"},\"author\":{\"name\":\"Alexander Wachter\",\"@id\":\"https:\\\/\\\/www.immobilienbusiness.ch\\\/#\\\/schema\\\/person\\\/aba8bea2db926aa0c24c08c43fe1fcd5\"},\"headline\":\"Plazza steigert Mietertrag um fast ein Viertel\",\"datePublished\":\"2025-03-05T07:12:01+00:00\",\"dateModified\":\"2025-03-06T13:32:47+00:00\",\"mainEntityOfPage\":{\"@id\":\"https:\\\/\\\/www.immobilienbusiness.ch\\\/fr\\\/unternehmen\\\/2025-03-05\\\/plazza-steigert-mietertrag-um-fast-ein-viertel\\\/\"},\"wordCount\":307,\"publisher\":{\"@id\":\"https:\\\/\\\/www.immobilienbusiness.ch\\\/#organization\"},\"image\":{\"@id\":\"https:\\\/\\\/www.immobilienbusiness.ch\\\/fr\\\/unternehmen\\\/2025-03-05\\\/plazza-steigert-mietertrag-um-fast-ein-viertel\\\/#primaryimage\"},\"thumbnailUrl\":\"https:\\\/\\\/www.immobilienbusiness.ch\\\/wp-content\\\/uploads\\\/2022\\\/05\\\/PLAZZA_Entwicklungsprojekt_Crissier_1.jpg\",\"keywords\":[\"Immobilien-AG\",\"Jahresbericht\",\"Plazza AG\"],\"articleSection\":[\"UNTERNEHMEN\"],\"inLanguage\":\"it-IT\"},{\"@type\":\"WebPage\",\"@id\":\"https:\\\/\\\/www.immobilienbusiness.ch\\\/fr\\\/unternehmen\\\/2025-03-05\\\/plazza-steigert-mietertrag-um-fast-ein-viertel\\\/\",\"url\":\"https:\\\/\\\/www.immobilienbusiness.ch\\\/fr\\\/unternehmen\\\/2025-03-05\\\/plazza-steigert-mietertrag-um-fast-ein-viertel\\\/\",\"name\":\"Plazza steigert Mietertrag um fast ein Viertel - IMMOBILIEN Business\",\"isPartOf\":{\"@id\":\"https:\\\/\\\/www.immobilienbusiness.ch\\\/#website\"},\"primaryImageOfPage\":{\"@id\":\"https:\\\/\\\/www.immobilienbusiness.ch\\\/fr\\\/unternehmen\\\/2025-03-05\\\/plazza-steigert-mietertrag-um-fast-ein-viertel\\\/#primaryimage\"},\"image\":{\"@id\":\"https:\\\/\\\/www.immobilienbusiness.ch\\\/fr\\\/unternehmen\\\/2025-03-05\\\/plazza-steigert-mietertrag-um-fast-ein-viertel\\\/#primaryimage\"},\"thumbnailUrl\":\"https:\\\/\\\/www.immobilienbusiness.ch\\\/wp-content\\\/uploads\\\/2022\\\/05\\\/PLAZZA_Entwicklungsprojekt_Crissier_1.jpg\",\"datePublished\":\"2025-03-05T07:12:01+00:00\",\"dateModified\":\"2025-03-06T13:32:47+00:00\",\"description\":\"Der Jahresabschluss f\u00fcr 2024 steht im Zeichen neu hinzugekommener Fl\u00e4chen. Aber auch der Bewertungserfolg ist deutlich angestiegen.\",\"breadcrumb\":{\"@id\":\"https:\\\/\\\/www.immobilienbusiness.ch\\\/fr\\\/unternehmen\\\/2025-03-05\\\/plazza-steigert-mietertrag-um-fast-ein-viertel\\\/#breadcrumb\"},\"inLanguage\":\"it-IT\",\"potentialAction\":[{\"@type\":\"ReadAction\",\"target\":[\"https:\\\/\\\/www.immobilienbusiness.ch\\\/fr\\\/unternehmen\\\/2025-03-05\\\/plazza-steigert-mietertrag-um-fast-ein-viertel\\\/\"]}]},{\"@type\":\"ImageObject\",\"inLanguage\":\"it-IT\",\"@id\":\"https:\\\/\\\/www.immobilienbusiness.ch\\\/fr\\\/unternehmen\\\/2025-03-05\\\/plazza-steigert-mietertrag-um-fast-ein-viertel\\\/#primaryimage\",\"url\":\"https:\\\/\\\/www.immobilienbusiness.ch\\\/wp-content\\\/uploads\\\/2022\\\/05\\\/PLAZZA_Entwicklungsprojekt_Crissier_1.jpg\",\"contentUrl\":\"https:\\\/\\\/www.immobilienbusiness.ch\\\/wp-content\\\/uploads\\\/2022\\\/05\\\/PLAZZA_Entwicklungsprojekt_Crissier_1.jpg\",\"width\":1024,\"height\":683,\"caption\":\"Ein Grossprojekt in Crissier machte sich bereits in den Zahlen f\u00fcr 2024 positiv bemerkbar (Bild: \u00a9 Plazza)\"},{\"@type\":\"BreadcrumbList\",\"@id\":\"https:\\\/\\\/www.immobilienbusiness.ch\\\/fr\\\/unternehmen\\\/2025-03-05\\\/plazza-steigert-mietertrag-um-fast-ein-viertel\\\/#breadcrumb\",\"itemListElement\":[{\"@type\":\"ListItem\",\"position\":1,\"name\":\"Home\",\"item\":\"https:\\\/\\\/www.immobilienbusiness.ch\\\/\"},{\"@type\":\"ListItem\",\"position\":2,\"name\":\"Plazza steigert Mietertrag um fast ein Viertel\"}]},{\"@type\":\"WebSite\",\"@id\":\"https:\\\/\\\/www.immobilienbusiness.ch\\\/#website\",\"url\":\"https:\\\/\\\/www.immobilienbusiness.ch\\\/\",\"name\":\"IMMOBILIEN Business\",\"description\":\"Unabh\u00e4ngiges Schweizer Wirtschaftsmagazin mit Fokus auf Immobilien, Architektur- und Bau sowie Investment- und Finanzierung.\",\"publisher\":{\"@id\":\"https:\\\/\\\/www.immobilienbusiness.ch\\\/#organization\"},\"potentialAction\":[{\"@type\":\"SearchAction\",\"target\":{\"@type\":\"EntryPoint\",\"urlTemplate\":\"https:\\\/\\\/www.immobilienbusiness.ch\\\/?s={search_term_string}\"},\"query-input\":{\"@type\":\"PropertyValueSpecification\",\"valueRequired\":true,\"valueName\":\"search_term_string\"}}],\"inLanguage\":\"it-IT\"},{\"@type\":\"Organization\",\"@id\":\"https:\\\/\\\/www.immobilienbusiness.ch\\\/#organization\",\"name\":\"IMMOBILIEN Business\",\"url\":\"https:\\\/\\\/www.immobilienbusiness.ch\\\/\",\"logo\":{\"@type\":\"ImageObject\",\"inLanguage\":\"it-IT\",\"@id\":\"https:\\\/\\\/www.immobilienbusiness.ch\\\/#\\\/schema\\\/logo\\\/image\\\/\",\"url\":\"https:\\\/\\\/www.immobilienbusiness.ch\\\/wp-content\\\/uploads\\\/2021\\\/07\\\/logo_ib.png\",\"contentUrl\":\"https:\\\/\\\/www.immobilienbusiness.ch\\\/wp-content\\\/uploads\\\/2021\\\/07\\\/logo_ib.png\",\"width\":800,\"height\":181,\"caption\":\"IMMOBILIEN Business\"},\"image\":{\"@id\":\"https:\\\/\\\/www.immobilienbusiness.ch\\\/#\\\/schema\\\/logo\\\/image\\\/\"},\"sameAs\":[\"https:\\\/\\\/www.facebook.com\\\/immobilienbusiness\\\/\"]},{\"@type\":\"Person\",\"@id\":\"https:\\\/\\\/www.immobilienbusiness.ch\\\/#\\\/schema\\\/person\\\/aba8bea2db926aa0c24c08c43fe1fcd5\",\"name\":\"Alexander Wachter\",\"image\":{\"@type\":\"ImageObject\",\"inLanguage\":\"it-IT\",\"@id\":\"https:\\\/\\\/secure.gravatar.com\\\/avatar\\\/1a09e471f5389b0e0a6416eac287e0927c7c97a7b77f9e787eba3af7aee281dd?s=96&d=mm&r=g\",\"url\":\"https:\\\/\\\/secure.gravatar.com\\\/avatar\\\/1a09e471f5389b0e0a6416eac287e0927c7c97a7b77f9e787eba3af7aee281dd?s=96&d=mm&r=g\",\"contentUrl\":\"https:\\\/\\\/secure.gravatar.com\\\/avatar\\\/1a09e471f5389b0e0a6416eac287e0927c7c97a7b77f9e787eba3af7aee281dd?s=96&d=mm&r=g\",\"caption\":\"Alexander Wachter\"},\"url\":\"https:\\\/\\\/www.immobilienbusiness.ch\\\/it\\\/author\\\/alexander-wachter\\\/\"}]}<\/script>\n<!-- \/ Yoast SEO plugin. -->","yoast_head_json":{"title":"Plazza steigert Mietertrag um fast ein Viertel - IMMOBILIEN Business","description":"Il bilancio annuale per il 2024 \u00e8 caratterizzato da nuove aree aggiunte. Tuttavia, anche il risultato della valutazione \u00e8 aumentato in modo significativo.","robots":{"index":"index","follow":"follow","max-snippet":"max-snippet:-1","max-image-preview":"max-image-preview:large","max-video-preview":"max-video-preview:-1"},"canonical":"https:\/\/www.immobilienbusiness.ch\/it\/unternehmen\/2025-03-05\/plazza-steigert-mietertrag-um-fast-ein-viertel\/","og_locale":"it_IT","og_type":"article","og_title":"Plazza steigert Mietertrag um fast ein Viertel - IMMOBILIEN Business","og_description":"Der Jahresabschluss f\u00fcr 2024 steht im Zeichen neu hinzugekommener Fl\u00e4chen. Aber auch der Bewertungserfolg ist deutlich angestiegen.","og_url":"https:\/\/www.immobilienbusiness.ch\/it\/unternehmen\/2025-03-05\/plazza-steigert-mietertrag-um-fast-ein-viertel\/","og_site_name":"IMMOBILIEN Business","article_publisher":"https:\/\/www.facebook.com\/immobilienbusiness\/","article_published_time":"2025-03-05T07:12:01+00:00","article_modified_time":"2025-03-06T13:32:47+00:00","og_image":[{"width":1024,"height":683,"url":"https:\/\/www.immobilienbusiness.ch\/wp-content\/uploads\/2022\/05\/PLAZZA_Entwicklungsprojekt_Crissier_1.jpg","type":"image\/jpeg"}],"author":"Alexander Wachter","twitter_card":"summary_large_image","schema":{"@context":"https:\/\/schema.org","@graph":[{"@type":"Article","@id":"https:\/\/www.immobilienbusiness.ch\/fr\/unternehmen\/2025-03-05\/plazza-steigert-mietertrag-um-fast-ein-viertel\/#article","isPartOf":{"@id":"https:\/\/www.immobilienbusiness.ch\/fr\/unternehmen\/2025-03-05\/plazza-steigert-mietertrag-um-fast-ein-viertel\/"},"author":{"name":"Alexander Wachter","@id":"https:\/\/www.immobilienbusiness.ch\/#\/schema\/person\/aba8bea2db926aa0c24c08c43fe1fcd5"},"headline":"Plazza steigert Mietertrag um fast ein Viertel","datePublished":"2025-03-05T07:12:01+00:00","dateModified":"2025-03-06T13:32:47+00:00","mainEntityOfPage":{"@id":"https:\/\/www.immobilienbusiness.ch\/fr\/unternehmen\/2025-03-05\/plazza-steigert-mietertrag-um-fast-ein-viertel\/"},"wordCount":307,"publisher":{"@id":"https:\/\/www.immobilienbusiness.ch\/#organization"},"image":{"@id":"https:\/\/www.immobilienbusiness.ch\/fr\/unternehmen\/2025-03-05\/plazza-steigert-mietertrag-um-fast-ein-viertel\/#primaryimage"},"thumbnailUrl":"https:\/\/www.immobilienbusiness.ch\/wp-content\/uploads\/2022\/05\/PLAZZA_Entwicklungsprojekt_Crissier_1.jpg","keywords":["Immobilien-AG","Jahresbericht","Plazza AG"],"articleSection":["UNTERNEHMEN"],"inLanguage":"it-IT"},{"@type":"WebPage","@id":"https:\/\/www.immobilienbusiness.ch\/fr\/unternehmen\/2025-03-05\/plazza-steigert-mietertrag-um-fast-ein-viertel\/","url":"https:\/\/www.immobilienbusiness.ch\/fr\/unternehmen\/2025-03-05\/plazza-steigert-mietertrag-um-fast-ein-viertel\/","name":"Plazza steigert Mietertrag um fast ein Viertel - IMMOBILIEN Business","isPartOf":{"@id":"https:\/\/www.immobilienbusiness.ch\/#website"},"primaryImageOfPage":{"@id":"https:\/\/www.immobilienbusiness.ch\/fr\/unternehmen\/2025-03-05\/plazza-steigert-mietertrag-um-fast-ein-viertel\/#primaryimage"},"image":{"@id":"https:\/\/www.immobilienbusiness.ch\/fr\/unternehmen\/2025-03-05\/plazza-steigert-mietertrag-um-fast-ein-viertel\/#primaryimage"},"thumbnailUrl":"https:\/\/www.immobilienbusiness.ch\/wp-content\/uploads\/2022\/05\/PLAZZA_Entwicklungsprojekt_Crissier_1.jpg","datePublished":"2025-03-05T07:12:01+00:00","dateModified":"2025-03-06T13:32:47+00:00","description":"Il bilancio annuale per il 2024 \u00e8 caratterizzato da nuove aree aggiunte. Tuttavia, anche il risultato della valutazione \u00e8 aumentato in modo significativo.","breadcrumb":{"@id":"https:\/\/www.immobilienbusiness.ch\/fr\/unternehmen\/2025-03-05\/plazza-steigert-mietertrag-um-fast-ein-viertel\/#breadcrumb"},"inLanguage":"it-IT","potentialAction":[{"@type":"ReadAction","target":["https:\/\/www.immobilienbusiness.ch\/fr\/unternehmen\/2025-03-05\/plazza-steigert-mietertrag-um-fast-ein-viertel\/"]}]},{"@type":"ImageObject","inLanguage":"it-IT","@id":"https:\/\/www.immobilienbusiness.ch\/fr\/unternehmen\/2025-03-05\/plazza-steigert-mietertrag-um-fast-ein-viertel\/#primaryimage","url":"https:\/\/www.immobilienbusiness.ch\/wp-content\/uploads\/2022\/05\/PLAZZA_Entwicklungsprojekt_Crissier_1.jpg","contentUrl":"https:\/\/www.immobilienbusiness.ch\/wp-content\/uploads\/2022\/05\/PLAZZA_Entwicklungsprojekt_Crissier_1.jpg","width":1024,"height":683,"caption":"Ein Grossprojekt in Crissier machte sich bereits in den Zahlen f\u00fcr 2024 positiv bemerkbar (Bild: \u00a9 Plazza)"},{"@type":"BreadcrumbList","@id":"https:\/\/www.immobilienbusiness.ch\/fr\/unternehmen\/2025-03-05\/plazza-steigert-mietertrag-um-fast-ein-viertel\/#breadcrumb","itemListElement":[{"@type":"ListItem","position":1,"name":"Home","item":"https:\/\/www.immobilienbusiness.ch\/"},{"@type":"ListItem","position":2,"name":"Plazza steigert Mietertrag um fast ein Viertel"}]},{"@type":"WebSite","@id":"https:\/\/www.immobilienbusiness.ch\/#website","url":"https:\/\/www.immobilienbusiness.ch\/","name":"Affari immobiliari","description":"Rivista economica indipendente svizzera che si concentra sul settore immobiliare, l'architettura e la costruzione, nonch\u00e9 sugli investimenti e i finanziamenti.","publisher":{"@id":"https:\/\/www.immobilienbusiness.ch\/#organization"},"potentialAction":[{"@type":"SearchAction","target":{"@type":"EntryPoint","urlTemplate":"https:\/\/www.immobilienbusiness.ch\/?s={search_term_string}"},"query-input":{"@type":"PropertyValueSpecification","valueRequired":true,"valueName":"search_term_string"}}],"inLanguage":"it-IT"},{"@type":"Organization","@id":"https:\/\/www.immobilienbusiness.ch\/#organization","name":"Affari immobiliari","url":"https:\/\/www.immobilienbusiness.ch\/","logo":{"@type":"ImageObject","inLanguage":"it-IT","@id":"https:\/\/www.immobilienbusiness.ch\/#\/schema\/logo\/image\/","url":"https:\/\/www.immobilienbusiness.ch\/wp-content\/uploads\/2021\/07\/logo_ib.png","contentUrl":"https:\/\/www.immobilienbusiness.ch\/wp-content\/uploads\/2021\/07\/logo_ib.png","width":800,"height":181,"caption":"IMMOBILIEN Business"},"image":{"@id":"https:\/\/www.immobilienbusiness.ch\/#\/schema\/logo\/image\/"},"sameAs":["https:\/\/www.facebook.com\/immobilienbusiness\/"]},{"@type":"Person","@id":"https:\/\/www.immobilienbusiness.ch\/#\/schema\/person\/aba8bea2db926aa0c24c08c43fe1fcd5","name":"Alexander Wachter","image":{"@type":"ImageObject","inLanguage":"it-IT","@id":"https:\/\/secure.gravatar.com\/avatar\/1a09e471f5389b0e0a6416eac287e0927c7c97a7b77f9e787eba3af7aee281dd?s=96&d=mm&r=g","url":"https:\/\/secure.gravatar.com\/avatar\/1a09e471f5389b0e0a6416eac287e0927c7c97a7b77f9e787eba3af7aee281dd?s=96&d=mm&r=g","contentUrl":"https:\/\/secure.gravatar.com\/avatar\/1a09e471f5389b0e0a6416eac287e0927c7c97a7b77f9e787eba3af7aee281dd?s=96&d=mm&r=g","caption":"Alexander Wachter"},"url":"https:\/\/www.immobilienbusiness.ch\/it\/author\/alexander-wachter\/"}]}},"_links":{"self":[{"href":"https:\/\/www.immobilienbusiness.ch\/it\/wp-json\/wp\/v2\/posts\/62652","targetHints":{"allow":["GET"]}}],"collection":[{"href":"https:\/\/www.immobilienbusiness.ch\/it\/wp-json\/wp\/v2\/posts"}],"about":[{"href":"https:\/\/www.immobilienbusiness.ch\/it\/wp-json\/wp\/v2\/types\/post"}],"author":[{"embeddable":true,"href":"https:\/\/www.immobilienbusiness.ch\/it\/wp-json\/wp\/v2\/users\/102"}],"replies":[{"embeddable":true,"href":"https:\/\/www.immobilienbusiness.ch\/it\/wp-json\/wp\/v2\/comments?post=62652"}],"version-history":[{"count":3,"href":"https:\/\/www.immobilienbusiness.ch\/it\/wp-json\/wp\/v2\/posts\/62652\/revisions"}],"predecessor-version":[{"id":62743,"href":"https:\/\/www.immobilienbusiness.ch\/it\/wp-json\/wp\/v2\/posts\/62652\/revisions\/62743"}],"wp:featuredmedia":[{"embeddable":true,"href":"https:\/\/www.immobilienbusiness.ch\/it\/wp-json\/wp\/v2\/media\/42493"}],"wp:attachment":[{"href":"https:\/\/www.immobilienbusiness.ch\/it\/wp-json\/wp\/v2\/media?parent=62652"}],"wp:term":[{"taxonomy":"category","embeddable":true,"href":"https:\/\/www.immobilienbusiness.ch\/it\/wp-json\/wp\/v2\/categories?post=62652"},{"taxonomy":"post_tag","embeddable":true,"href":"https:\/\/www.immobilienbusiness.ch\/it\/wp-json\/wp\/v2\/tags?post=62652"}],"curies":[{"name":"wp","href":"https:\/\/api.w.org\/{rel}","templated":true}]}}