{"id":62631,"date":"2025-03-04T07:44:12","date_gmt":"2025-03-04T06:44:12","guid":{"rendered":"https:\/\/www.immobilienbusiness.ch\/?p=62631"},"modified":"2025-03-06T16:06:56","modified_gmt":"2025-03-06T15:06:56","slug":"patrimonium-ast-wechsel-in-der-geschaeftsfuehrung","status":"publish","type":"post","link":"https:\/\/www.immobilienbusiness.ch\/it\/personalia\/2025-03-04\/patrimonium-ast-wechsel-in-der-geschaeftsfuehrung\/","title":{"rendered":"Patrimonium AST: cambio di gestione"},"content":{"rendered":"<figure id=\"attachment_62632\" aria-describedby=\"caption-attachment-62632\" style=\"width: 699px\" class=\"wp-caption alignnone\"><a href=\"https:\/\/www.immobilienbusiness.ch\/wp-content\/uploads\/2025\/03\/Ruedi-Stutz-Clemens-Schreiber-zVg.png\"><img loading=\"lazy\" decoding=\"async\" class=\"size-full wp-image-62632\" src=\"https:\/\/www.immobilienbusiness.ch\/wp-content\/uploads\/2025\/03\/Ruedi-Stutz-Clemens-Schreiber-zVg.png\" alt=\"\" width=\"699\" height=\"466\" srcset=\"https:\/\/www.immobilienbusiness.ch\/wp-content\/uploads\/2025\/03\/Ruedi-Stutz-Clemens-Schreiber-zVg.png 699w, https:\/\/www.immobilienbusiness.ch\/wp-content\/uploads\/2025\/03\/Ruedi-Stutz-Clemens-Schreiber-zVg-300x200.png 300w, https:\/\/www.immobilienbusiness.ch\/wp-content\/uploads\/2025\/03\/Ruedi-Stutz-Clemens-Schreiber-zVg-18x12.png 18w, https:\/\/www.immobilienbusiness.ch\/wp-content\/uploads\/2025\/03\/Ruedi-Stutz-Clemens-Schreiber-zVg-375x250.png 375w, https:\/\/www.immobilienbusiness.ch\/wp-content\/uploads\/2025\/03\/Ruedi-Stutz-Clemens-Schreiber-zVg-525x350.png 525w\" sizes=\"auto, (max-width: 699px) 100vw, 699px\" \/><\/a><figcaption id=\"caption-attachment-62632\" class=\"wp-caption-text\">Ruedi Stutz e Clemens Schreiber (Immagine: \u00a9 Patrimonium)<\/figcaption><\/figure>\n<p>Dopo oltre 15 anni, Ruedi Stutz cede la direzione della Fondazione d'investimento Patrimonium a Clemens Schreiber, attualmente Senior Director Investor Relations di Patrimonium Asset Management AG. Schreiber assumer\u00e0 il suo nuovo ruolo il 1\u00b0 aprile. Lavora nelle Investor Relations di Patrimonium dal 2020 ed \u00e8 stato promosso a Direttore nel 2023. \"Da quando \u00e8 entrato in Patrimonium, Clemens Schreiber ha lavorato a stretto contatto con la fondazione d'investimento ed \u00e8 stato coinvolto in modo significativo negli ultimi aumenti di capitale\", scrive Patrimonium in un comunicato stampa. Tra i suoi incarichi precedenti figurano Stepstone Group, dove ha lavorato per 12 anni, e Capgemini Consulting. Schreiber ha conseguito un MBA e un MSc in Economia presso l'Universit\u00e0 di Londra ed \u00e8 titolare di un certificato CAIA.<\/p>\n<h3>Stutz dovrebbe passare al Consiglio di amministrazione.<\/h3>\n<p>Stutz andr\u00e0 in pensione anticipata e, secondo la proposta del Consiglio di fondazione, sar\u00e0 eletto membro del Consiglio di fondazione all'assemblea degli investitori di maggio. Philippe Augsburger, presidente del Consiglio di fondazione, ringrazia Stutz per i \"molti anni di collaborazione proficua e impegnata\". <em>(aw)<\/em><\/p>","protected":false},"excerpt":{"rendered":"<p>Ruedi Stutz si ritira e cede la gestione dell'azienda a Clemens Schreiber.<\/p>","protected":false},"author":102,"featured_media":62632,"comment_status":"closed","ping_status":"closed","sticky":false,"template":"","format":"standard","meta":{"_acf_changed":false,"_yoast_wpseo_focuskw":"Wechsel","_yoast_wpseo_title":"","_yoast_wpseo_metadesc":"Ruedi Stutz tritt in den Ruhestand und \u00fcbergibt die Gesch\u00e4ftsf\u00fchrung an Clemens Schreiber.","_yoast_wpseo_linkdex":48,"pgc_sgb_lightbox_settings":"","footnotes":""},"categories":[1912],"tags":[1030,1556,1563],"class_list":["post-62631","post","type-post","status-publish","format-standard","has-post-thumbnail","hentry","category-personalia","tag-anlagestiftung","tag-patrimonium","tag-personalia"],"acf":[],"yoast_head":"<!-- This site is optimized with the Yoast SEO plugin v27.5 - https:\/\/yoast.com\/product\/yoast-seo-wordpress\/ -->\n<title>Patrimonium AST: Wechsel in der Gesch\u00e4ftsf\u00fchrung - IMMOBILIEN Business<\/title>\n<meta name=\"description\" content=\"Ruedi Stutz tritt in den Ruhestand und \u00fcbergibt die Gesch\u00e4ftsf\u00fchrung an Clemens Schreiber.\" \/>\n<meta name=\"robots\" content=\"index, follow, max-snippet:-1, max-image-preview:large, max-video-preview:-1\" \/>\n<link rel=\"canonical\" href=\"https:\/\/www.immobilienbusiness.ch\/it\/personalia\/2025-03-04\/patrimonium-ast-wechsel-in-der-geschaeftsfuehrung\/\" \/>\n<meta property=\"og:locale\" content=\"it_IT\" \/>\n<meta property=\"og:type\" content=\"article\" \/>\n<meta property=\"og:title\" content=\"Patrimonium AST: Wechsel in der Gesch\u00e4ftsf\u00fchrung - IMMOBILIEN Business\" \/>\n<meta property=\"og:description\" content=\"Ruedi Stutz tritt in den Ruhestand und \u00fcbergibt die Gesch\u00e4ftsf\u00fchrung an Clemens Schreiber.\" \/>\n<meta property=\"og:url\" content=\"https:\/\/www.immobilienbusiness.ch\/it\/personalia\/2025-03-04\/patrimonium-ast-wechsel-in-der-geschaeftsfuehrung\/\" \/>\n<meta property=\"og:site_name\" content=\"IMMOBILIEN Business\" \/>\n<meta property=\"article:publisher\" content=\"https:\/\/www.facebook.com\/immobilienbusiness\/\" \/>\n<meta property=\"article:published_time\" content=\"2025-03-04T06:44:12+00:00\" \/>\n<meta property=\"article:modified_time\" content=\"2025-03-06T15:06:56+00:00\" \/>\n<meta property=\"og:image\" content=\"https:\/\/www.immobilienbusiness.ch\/wp-content\/uploads\/2025\/03\/Ruedi-Stutz-Clemens-Schreiber-zVg.png\" \/>\n\t<meta property=\"og:image:width\" content=\"699\" \/>\n\t<meta property=\"og:image:height\" content=\"466\" \/>\n\t<meta property=\"og:image:type\" content=\"image\/png\" \/>\n<meta name=\"author\" content=\"Alexander Wachter\" \/>\n<meta name=\"twitter:card\" content=\"summary_large_image\" \/>\n<script type=\"application\/ld+json\" class=\"yoast-schema-graph\">{\"@context\":\"https:\\\/\\\/schema.org\",\"@graph\":[{\"@type\":\"Article\",\"@id\":\"https:\\\/\\\/www.immobilienbusiness.ch\\\/en\\\/personalia\\\/2025-03-04\\\/patrimonium-ast-wechsel-in-der-geschaeftsfuehrung\\\/#article\",\"isPartOf\":{\"@id\":\"https:\\\/\\\/www.immobilienbusiness.ch\\\/en\\\/personalia\\\/2025-03-04\\\/patrimonium-ast-wechsel-in-der-geschaeftsfuehrung\\\/\"},\"author\":{\"name\":\"Alexander Wachter\",\"@id\":\"https:\\\/\\\/www.immobilienbusiness.ch\\\/#\\\/schema\\\/person\\\/aba8bea2db926aa0c24c08c43fe1fcd5\"},\"headline\":\"Patrimonium AST: Wechsel in der Gesch\u00e4ftsf\u00fchrung\",\"datePublished\":\"2025-03-04T06:44:12+00:00\",\"dateModified\":\"2025-03-06T15:06:56+00:00\",\"mainEntityOfPage\":{\"@id\":\"https:\\\/\\\/www.immobilienbusiness.ch\\\/en\\\/personalia\\\/2025-03-04\\\/patrimonium-ast-wechsel-in-der-geschaeftsfuehrung\\\/\"},\"wordCount\":183,\"publisher\":{\"@id\":\"https:\\\/\\\/www.immobilienbusiness.ch\\\/#organization\"},\"image\":{\"@id\":\"https:\\\/\\\/www.immobilienbusiness.ch\\\/en\\\/personalia\\\/2025-03-04\\\/patrimonium-ast-wechsel-in-der-geschaeftsfuehrung\\\/#primaryimage\"},\"thumbnailUrl\":\"https:\\\/\\\/www.immobilienbusiness.ch\\\/wp-content\\\/uploads\\\/2025\\\/03\\\/Ruedi-Stutz-Clemens-Schreiber-zVg.png\",\"keywords\":[\"Anlagestiftung\",\"Patrimonium\",\"Personalia\"],\"articleSection\":[\"PERSONALIA\"],\"inLanguage\":\"it-IT\"},{\"@type\":\"WebPage\",\"@id\":\"https:\\\/\\\/www.immobilienbusiness.ch\\\/en\\\/personalia\\\/2025-03-04\\\/patrimonium-ast-wechsel-in-der-geschaeftsfuehrung\\\/\",\"url\":\"https:\\\/\\\/www.immobilienbusiness.ch\\\/en\\\/personalia\\\/2025-03-04\\\/patrimonium-ast-wechsel-in-der-geschaeftsfuehrung\\\/\",\"name\":\"Patrimonium AST: Wechsel in der Gesch\u00e4ftsf\u00fchrung - IMMOBILIEN Business\",\"isPartOf\":{\"@id\":\"https:\\\/\\\/www.immobilienbusiness.ch\\\/#website\"},\"primaryImageOfPage\":{\"@id\":\"https:\\\/\\\/www.immobilienbusiness.ch\\\/en\\\/personalia\\\/2025-03-04\\\/patrimonium-ast-wechsel-in-der-geschaeftsfuehrung\\\/#primaryimage\"},\"image\":{\"@id\":\"https:\\\/\\\/www.immobilienbusiness.ch\\\/en\\\/personalia\\\/2025-03-04\\\/patrimonium-ast-wechsel-in-der-geschaeftsfuehrung\\\/#primaryimage\"},\"thumbnailUrl\":\"https:\\\/\\\/www.immobilienbusiness.ch\\\/wp-content\\\/uploads\\\/2025\\\/03\\\/Ruedi-Stutz-Clemens-Schreiber-zVg.png\",\"datePublished\":\"2025-03-04T06:44:12+00:00\",\"dateModified\":\"2025-03-06T15:06:56+00:00\",\"description\":\"Ruedi Stutz tritt in den Ruhestand und \u00fcbergibt die Gesch\u00e4ftsf\u00fchrung an Clemens Schreiber.\",\"breadcrumb\":{\"@id\":\"https:\\\/\\\/www.immobilienbusiness.ch\\\/en\\\/personalia\\\/2025-03-04\\\/patrimonium-ast-wechsel-in-der-geschaeftsfuehrung\\\/#breadcrumb\"},\"inLanguage\":\"it-IT\",\"potentialAction\":[{\"@type\":\"ReadAction\",\"target\":[\"https:\\\/\\\/www.immobilienbusiness.ch\\\/en\\\/personalia\\\/2025-03-04\\\/patrimonium-ast-wechsel-in-der-geschaeftsfuehrung\\\/\"]}]},{\"@type\":\"ImageObject\",\"inLanguage\":\"it-IT\",\"@id\":\"https:\\\/\\\/www.immobilienbusiness.ch\\\/en\\\/personalia\\\/2025-03-04\\\/patrimonium-ast-wechsel-in-der-geschaeftsfuehrung\\\/#primaryimage\",\"url\":\"https:\\\/\\\/www.immobilienbusiness.ch\\\/wp-content\\\/uploads\\\/2025\\\/03\\\/Ruedi-Stutz-Clemens-Schreiber-zVg.png\",\"contentUrl\":\"https:\\\/\\\/www.immobilienbusiness.ch\\\/wp-content\\\/uploads\\\/2025\\\/03\\\/Ruedi-Stutz-Clemens-Schreiber-zVg.png\",\"width\":699,\"height\":466,\"caption\":\"Ruedi Stutz und Clemens Schreiber (Bild: \u00a9 Patrimonium)\"},{\"@type\":\"BreadcrumbList\",\"@id\":\"https:\\\/\\\/www.immobilienbusiness.ch\\\/en\\\/personalia\\\/2025-03-04\\\/patrimonium-ast-wechsel-in-der-geschaeftsfuehrung\\\/#breadcrumb\",\"itemListElement\":[{\"@type\":\"ListItem\",\"position\":1,\"name\":\"Home\",\"item\":\"https:\\\/\\\/www.immobilienbusiness.ch\\\/\"},{\"@type\":\"ListItem\",\"position\":2,\"name\":\"Patrimonium AST: Wechsel in der Gesch\u00e4ftsf\u00fchrung\"}]},{\"@type\":\"WebSite\",\"@id\":\"https:\\\/\\\/www.immobilienbusiness.ch\\\/#website\",\"url\":\"https:\\\/\\\/www.immobilienbusiness.ch\\\/\",\"name\":\"IMMOBILIEN Business\",\"description\":\"Unabh\u00e4ngiges Schweizer Wirtschaftsmagazin mit Fokus auf Immobilien, Architektur- und Bau sowie Investment- und Finanzierung.\",\"publisher\":{\"@id\":\"https:\\\/\\\/www.immobilienbusiness.ch\\\/#organization\"},\"potentialAction\":[{\"@type\":\"SearchAction\",\"target\":{\"@type\":\"EntryPoint\",\"urlTemplate\":\"https:\\\/\\\/www.immobilienbusiness.ch\\\/?s={search_term_string}\"},\"query-input\":{\"@type\":\"PropertyValueSpecification\",\"valueRequired\":true,\"valueName\":\"search_term_string\"}}],\"inLanguage\":\"it-IT\"},{\"@type\":\"Organization\",\"@id\":\"https:\\\/\\\/www.immobilienbusiness.ch\\\/#organization\",\"name\":\"IMMOBILIEN Business\",\"url\":\"https:\\\/\\\/www.immobilienbusiness.ch\\\/\",\"logo\":{\"@type\":\"ImageObject\",\"inLanguage\":\"it-IT\",\"@id\":\"https:\\\/\\\/www.immobilienbusiness.ch\\\/#\\\/schema\\\/logo\\\/image\\\/\",\"url\":\"https:\\\/\\\/www.immobilienbusiness.ch\\\/wp-content\\\/uploads\\\/2021\\\/07\\\/logo_ib.png\",\"contentUrl\":\"https:\\\/\\\/www.immobilienbusiness.ch\\\/wp-content\\\/uploads\\\/2021\\\/07\\\/logo_ib.png\",\"width\":800,\"height\":181,\"caption\":\"IMMOBILIEN Business\"},\"image\":{\"@id\":\"https:\\\/\\\/www.immobilienbusiness.ch\\\/#\\\/schema\\\/logo\\\/image\\\/\"},\"sameAs\":[\"https:\\\/\\\/www.facebook.com\\\/immobilienbusiness\\\/\"]},{\"@type\":\"Person\",\"@id\":\"https:\\\/\\\/www.immobilienbusiness.ch\\\/#\\\/schema\\\/person\\\/aba8bea2db926aa0c24c08c43fe1fcd5\",\"name\":\"Alexander Wachter\",\"image\":{\"@type\":\"ImageObject\",\"inLanguage\":\"it-IT\",\"@id\":\"https:\\\/\\\/secure.gravatar.com\\\/avatar\\\/1a09e471f5389b0e0a6416eac287e0927c7c97a7b77f9e787eba3af7aee281dd?s=96&d=mm&r=g\",\"url\":\"https:\\\/\\\/secure.gravatar.com\\\/avatar\\\/1a09e471f5389b0e0a6416eac287e0927c7c97a7b77f9e787eba3af7aee281dd?s=96&d=mm&r=g\",\"contentUrl\":\"https:\\\/\\\/secure.gravatar.com\\\/avatar\\\/1a09e471f5389b0e0a6416eac287e0927c7c97a7b77f9e787eba3af7aee281dd?s=96&d=mm&r=g\",\"caption\":\"Alexander Wachter\"},\"url\":\"https:\\\/\\\/www.immobilienbusiness.ch\\\/it\\\/author\\\/alexander-wachter\\\/\"}]}<\/script>\n<!-- \/ Yoast SEO plugin. -->","yoast_head_json":{"title":"Patrimonium AST: Wechsel in der Gesch\u00e4ftsf\u00fchrung - IMMOBILIEN Business","description":"Ruedi Stutz si ritira e cede la gestione dell'azienda a Clemens Schreiber.","robots":{"index":"index","follow":"follow","max-snippet":"max-snippet:-1","max-image-preview":"max-image-preview:large","max-video-preview":"max-video-preview:-1"},"canonical":"https:\/\/www.immobilienbusiness.ch\/it\/personalia\/2025-03-04\/patrimonium-ast-wechsel-in-der-geschaeftsfuehrung\/","og_locale":"it_IT","og_type":"article","og_title":"Patrimonium AST: Wechsel in der Gesch\u00e4ftsf\u00fchrung - IMMOBILIEN Business","og_description":"Ruedi Stutz tritt in den Ruhestand und \u00fcbergibt die Gesch\u00e4ftsf\u00fchrung an Clemens Schreiber.","og_url":"https:\/\/www.immobilienbusiness.ch\/it\/personalia\/2025-03-04\/patrimonium-ast-wechsel-in-der-geschaeftsfuehrung\/","og_site_name":"IMMOBILIEN Business","article_publisher":"https:\/\/www.facebook.com\/immobilienbusiness\/","article_published_time":"2025-03-04T06:44:12+00:00","article_modified_time":"2025-03-06T15:06:56+00:00","og_image":[{"width":699,"height":466,"url":"https:\/\/www.immobilienbusiness.ch\/wp-content\/uploads\/2025\/03\/Ruedi-Stutz-Clemens-Schreiber-zVg.png","type":"image\/png"}],"author":"Alexander Wachter","twitter_card":"summary_large_image","schema":{"@context":"https:\/\/schema.org","@graph":[{"@type":"Article","@id":"https:\/\/www.immobilienbusiness.ch\/en\/personalia\/2025-03-04\/patrimonium-ast-wechsel-in-der-geschaeftsfuehrung\/#article","isPartOf":{"@id":"https:\/\/www.immobilienbusiness.ch\/en\/personalia\/2025-03-04\/patrimonium-ast-wechsel-in-der-geschaeftsfuehrung\/"},"author":{"name":"Alexander Wachter","@id":"https:\/\/www.immobilienbusiness.ch\/#\/schema\/person\/aba8bea2db926aa0c24c08c43fe1fcd5"},"headline":"Patrimonium AST: Wechsel in der Gesch\u00e4ftsf\u00fchrung","datePublished":"2025-03-04T06:44:12+00:00","dateModified":"2025-03-06T15:06:56+00:00","mainEntityOfPage":{"@id":"https:\/\/www.immobilienbusiness.ch\/en\/personalia\/2025-03-04\/patrimonium-ast-wechsel-in-der-geschaeftsfuehrung\/"},"wordCount":183,"publisher":{"@id":"https:\/\/www.immobilienbusiness.ch\/#organization"},"image":{"@id":"https:\/\/www.immobilienbusiness.ch\/en\/personalia\/2025-03-04\/patrimonium-ast-wechsel-in-der-geschaeftsfuehrung\/#primaryimage"},"thumbnailUrl":"https:\/\/www.immobilienbusiness.ch\/wp-content\/uploads\/2025\/03\/Ruedi-Stutz-Clemens-Schreiber-zVg.png","keywords":["Anlagestiftung","Patrimonium","Personalia"],"articleSection":["PERSONALIA"],"inLanguage":"it-IT"},{"@type":"WebPage","@id":"https:\/\/www.immobilienbusiness.ch\/en\/personalia\/2025-03-04\/patrimonium-ast-wechsel-in-der-geschaeftsfuehrung\/","url":"https:\/\/www.immobilienbusiness.ch\/en\/personalia\/2025-03-04\/patrimonium-ast-wechsel-in-der-geschaeftsfuehrung\/","name":"Patrimonium AST: Wechsel in der Gesch\u00e4ftsf\u00fchrung - IMMOBILIEN Business","isPartOf":{"@id":"https:\/\/www.immobilienbusiness.ch\/#website"},"primaryImageOfPage":{"@id":"https:\/\/www.immobilienbusiness.ch\/en\/personalia\/2025-03-04\/patrimonium-ast-wechsel-in-der-geschaeftsfuehrung\/#primaryimage"},"image":{"@id":"https:\/\/www.immobilienbusiness.ch\/en\/personalia\/2025-03-04\/patrimonium-ast-wechsel-in-der-geschaeftsfuehrung\/#primaryimage"},"thumbnailUrl":"https:\/\/www.immobilienbusiness.ch\/wp-content\/uploads\/2025\/03\/Ruedi-Stutz-Clemens-Schreiber-zVg.png","datePublished":"2025-03-04T06:44:12+00:00","dateModified":"2025-03-06T15:06:56+00:00","description":"Ruedi Stutz si ritira e cede la gestione dell'azienda a Clemens Schreiber.","breadcrumb":{"@id":"https:\/\/www.immobilienbusiness.ch\/en\/personalia\/2025-03-04\/patrimonium-ast-wechsel-in-der-geschaeftsfuehrung\/#breadcrumb"},"inLanguage":"it-IT","potentialAction":[{"@type":"ReadAction","target":["https:\/\/www.immobilienbusiness.ch\/en\/personalia\/2025-03-04\/patrimonium-ast-wechsel-in-der-geschaeftsfuehrung\/"]}]},{"@type":"ImageObject","inLanguage":"it-IT","@id":"https:\/\/www.immobilienbusiness.ch\/en\/personalia\/2025-03-04\/patrimonium-ast-wechsel-in-der-geschaeftsfuehrung\/#primaryimage","url":"https:\/\/www.immobilienbusiness.ch\/wp-content\/uploads\/2025\/03\/Ruedi-Stutz-Clemens-Schreiber-zVg.png","contentUrl":"https:\/\/www.immobilienbusiness.ch\/wp-content\/uploads\/2025\/03\/Ruedi-Stutz-Clemens-Schreiber-zVg.png","width":699,"height":466,"caption":"Ruedi Stutz und Clemens Schreiber (Bild: \u00a9 Patrimonium)"},{"@type":"BreadcrumbList","@id":"https:\/\/www.immobilienbusiness.ch\/en\/personalia\/2025-03-04\/patrimonium-ast-wechsel-in-der-geschaeftsfuehrung\/#breadcrumb","itemListElement":[{"@type":"ListItem","position":1,"name":"Home","item":"https:\/\/www.immobilienbusiness.ch\/"},{"@type":"ListItem","position":2,"name":"Patrimonium AST: Wechsel in der Gesch\u00e4ftsf\u00fchrung"}]},{"@type":"WebSite","@id":"https:\/\/www.immobilienbusiness.ch\/#website","url":"https:\/\/www.immobilienbusiness.ch\/","name":"Affari immobiliari","description":"Rivista economica indipendente svizzera che si concentra sul settore immobiliare, l'architettura e la costruzione, nonch\u00e9 sugli investimenti e i finanziamenti.","publisher":{"@id":"https:\/\/www.immobilienbusiness.ch\/#organization"},"potentialAction":[{"@type":"SearchAction","target":{"@type":"EntryPoint","urlTemplate":"https:\/\/www.immobilienbusiness.ch\/?s={search_term_string}"},"query-input":{"@type":"PropertyValueSpecification","valueRequired":true,"valueName":"search_term_string"}}],"inLanguage":"it-IT"},{"@type":"Organization","@id":"https:\/\/www.immobilienbusiness.ch\/#organization","name":"Affari immobiliari","url":"https:\/\/www.immobilienbusiness.ch\/","logo":{"@type":"ImageObject","inLanguage":"it-IT","@id":"https:\/\/www.immobilienbusiness.ch\/#\/schema\/logo\/image\/","url":"https:\/\/www.immobilienbusiness.ch\/wp-content\/uploads\/2021\/07\/logo_ib.png","contentUrl":"https:\/\/www.immobilienbusiness.ch\/wp-content\/uploads\/2021\/07\/logo_ib.png","width":800,"height":181,"caption":"IMMOBILIEN Business"},"image":{"@id":"https:\/\/www.immobilienbusiness.ch\/#\/schema\/logo\/image\/"},"sameAs":["https:\/\/www.facebook.com\/immobilienbusiness\/"]},{"@type":"Person","@id":"https:\/\/www.immobilienbusiness.ch\/#\/schema\/person\/aba8bea2db926aa0c24c08c43fe1fcd5","name":"Alexander Wachter","image":{"@type":"ImageObject","inLanguage":"it-IT","@id":"https:\/\/secure.gravatar.com\/avatar\/1a09e471f5389b0e0a6416eac287e0927c7c97a7b77f9e787eba3af7aee281dd?s=96&d=mm&r=g","url":"https:\/\/secure.gravatar.com\/avatar\/1a09e471f5389b0e0a6416eac287e0927c7c97a7b77f9e787eba3af7aee281dd?s=96&d=mm&r=g","contentUrl":"https:\/\/secure.gravatar.com\/avatar\/1a09e471f5389b0e0a6416eac287e0927c7c97a7b77f9e787eba3af7aee281dd?s=96&d=mm&r=g","caption":"Alexander Wachter"},"url":"https:\/\/www.immobilienbusiness.ch\/it\/author\/alexander-wachter\/"}]}},"_links":{"self":[{"href":"https:\/\/www.immobilienbusiness.ch\/it\/wp-json\/wp\/v2\/posts\/62631","targetHints":{"allow":["GET"]}}],"collection":[{"href":"https:\/\/www.immobilienbusiness.ch\/it\/wp-json\/wp\/v2\/posts"}],"about":[{"href":"https:\/\/www.immobilienbusiness.ch\/it\/wp-json\/wp\/v2\/types\/post"}],"author":[{"embeddable":true,"href":"https:\/\/www.immobilienbusiness.ch\/it\/wp-json\/wp\/v2\/users\/102"}],"replies":[{"embeddable":true,"href":"https:\/\/www.immobilienbusiness.ch\/it\/wp-json\/wp\/v2\/comments?post=62631"}],"version-history":[{"count":1,"href":"https:\/\/www.immobilienbusiness.ch\/it\/wp-json\/wp\/v2\/posts\/62631\/revisions"}],"predecessor-version":[{"id":62633,"href":"https:\/\/www.immobilienbusiness.ch\/it\/wp-json\/wp\/v2\/posts\/62631\/revisions\/62633"}],"wp:featuredmedia":[{"embeddable":true,"href":"https:\/\/www.immobilienbusiness.ch\/it\/wp-json\/wp\/v2\/media\/62632"}],"wp:attachment":[{"href":"https:\/\/www.immobilienbusiness.ch\/it\/wp-json\/wp\/v2\/media?parent=62631"}],"wp:term":[{"taxonomy":"category","embeddable":true,"href":"https:\/\/www.immobilienbusiness.ch\/it\/wp-json\/wp\/v2\/categories?post=62631"},{"taxonomy":"post_tag","embeddable":true,"href":"https:\/\/www.immobilienbusiness.ch\/it\/wp-json\/wp\/v2\/tags?post=62631"}],"curies":[{"name":"wp","href":"https:\/\/api.w.org\/{rel}","templated":true}]}}