{"id":61892,"date":"2024-12-30T23:29:19","date_gmt":"2024-12-30T22:29:19","guid":{"rendered":"https:\/\/www.immobilienbusiness.ch\/?p=61892"},"modified":"2024-12-31T12:07:40","modified_gmt":"2024-12-31T11:07:40","slug":"jean-megow-wird-ceo-von-m3-immobilier","status":"publish","type":"post","link":"https:\/\/www.immobilienbusiness.ch\/it\/personalia\/2024-12-30\/jean-megow-wird-ceo-von-m3-immobilier\/","title":{"rendered":"Jean Megow diventa CEO di M3 Immobilier"},"content":{"rendered":"<figure id=\"attachment_61893\" aria-describedby=\"caption-attachment-61893\" style=\"width: 884px\" class=\"wp-caption alignnone\"><a href=\"https:\/\/www.immobilienbusiness.ch\/wp-content\/uploads\/2024\/12\/Jean-Megow.png\"><img loading=\"lazy\" decoding=\"async\" class=\"size-full wp-image-61893\" src=\"https:\/\/www.immobilienbusiness.ch\/wp-content\/uploads\/2024\/12\/Jean-Megow.png\" alt=\"\" width=\"884\" height=\"597\" srcset=\"https:\/\/www.immobilienbusiness.ch\/wp-content\/uploads\/2024\/12\/Jean-Megow.png 884w, https:\/\/www.immobilienbusiness.ch\/wp-content\/uploads\/2024\/12\/Jean-Megow-300x203.png 300w, https:\/\/www.immobilienbusiness.ch\/wp-content\/uploads\/2024\/12\/Jean-Megow-768x519.png 768w, https:\/\/www.immobilienbusiness.ch\/wp-content\/uploads\/2024\/12\/Jean-Megow-18x12.png 18w, https:\/\/www.immobilienbusiness.ch\/wp-content\/uploads\/2024\/12\/Jean-Megow-375x253.png 375w, https:\/\/www.immobilienbusiness.ch\/wp-content\/uploads\/2024\/12\/Jean-Megow-518x350.png 518w\" sizes=\"auto, (max-width: 884px) 100vw, 884px\" \/><\/a><figcaption id=\"caption-attachment-61893\" class=\"wp-caption-text\">Jean Megow (Immagine: \u00a9 M3 Immobilier )<\/figcaption><\/figure>\n<p>Originario della Germania, Jean Megow ha una vasta esperienza nel settore immobiliare. Ha conseguito una laurea in ingegneria civile e un MAS in Real Estate Management presso l'IFZ HE di Lucerna e, prima della sua nomina, ha ricoperto posizioni dirigenziali presso importanti societ\u00e0 come Implenia Development SA (Project Manager Property Development), Swiss Prime Site AG (Responsabile della Svizzera Occidentale \/ Membro della Direzione Generale) e, pi\u00f9 recentemente, Steiner AG (Responsabile della Regione Ovest). Il fatto che la sua carriera sia caratterizzata da \"significativi successi nello sviluppo immobiliare e da una preziosa esperienza in una societ\u00e0 quotata in borsa\" \u00e8 considerato un \"vantaggio decisivo\" per M3 Immobilier, soprattutto perch\u00e9 si sta valutando la possibilit\u00e0 di una quotazione in borsa come parte del piano di crescita, secondo quanto dichiarato dalla societ\u00e0 svizzera di lingua francese con sede in Place de Cornavin 3 a Ginevra.<\/p>\n<p>Infine, Jean Megow ha svolto un ruolo decisivo nell'acquisizione strategica di Steiner Development, con la quale M3 Immobilier ha recentemente ampliato la propria portata geografica oltre Ginevra. <a href=\"https:\/\/www.immobilienbusiness.ch\/it\/unternehmen\/2024-12-20\/genfer-immobilienentwickler-uebernimmt-steiner-development-ag\/\" target=\"_blank\" rel=\"noopener\">(IB ha riferito)<\/a>. Grazie a questa fusione, le competenze di M3 Immobilier nella Svizzera francese si uniranno a quelle di Steiner Development nella Svizzera tedesca, rafforzando in modo significativo l'ambizione della societ\u00e0 di diventare il \"principale promotore immobiliare indipendente in Svizzera\". L'ampia rete e l'esperienza di Megow nello sviluppo di progetti sono \"preziose risorse per guidare M3 Immobilier in questa nuova fase della sua storia\", afferma Abdallah Chatila, fondatore e presidente di M3 Groupe. <em>(bw)<\/em><\/p>","protected":false},"excerpt":{"rendered":"<p>M3 Immobilier ha nominato Jean Megow nuovo CEO. L'esperto manager sosterr\u00e0 la societ\u00e0 immobiliare svizzera di lingua francese nel suo riorientamento strategico verso lo sviluppo immobiliare.<\/p>","protected":false},"author":102,"featured_media":61893,"comment_status":"closed","ping_status":"closed","sticky":false,"template":"","format":"standard","meta":{"_acf_changed":false,"_yoast_wpseo_focuskw":"M3 Immobilier","_yoast_wpseo_title":"","_yoast_wpseo_metadesc":"M3 Immobilier hat Jean Megow zum neuen CEO berufen. Der erfahrene Manager soll das Westschweizer Immobilienunternehmen bei seiner strategischen Neuausrichtung auf die Immobilienentwicklung unterst\u00fctzen.","_yoast_wpseo_linkdex":56,"pgc_sgb_lightbox_settings":"","footnotes":""},"categories":[1912],"tags":[4063,1563],"class_list":["post-61892","post","type-post","status-publish","format-standard","has-post-thumbnail","hentry","category-personalia","tag-m3-immobilier","tag-personalia"],"acf":[],"yoast_head":"<!-- This site is optimized with the Yoast SEO plugin v27.5 - https:\/\/yoast.com\/product\/yoast-seo-wordpress\/ -->\n<title>Jean Megow wird CEO von M3 Immobilier - IMMOBILIEN Business<\/title>\n<meta name=\"description\" content=\"M3 Immobilier hat Jean Megow zum neuen CEO berufen. Der erfahrene Manager soll das Westschweizer Immobilienunternehmen bei seiner strategischen Neuausrichtung auf die Immobilienentwicklung unterst\u00fctzen.\" \/>\n<meta name=\"robots\" content=\"index, follow, max-snippet:-1, max-image-preview:large, max-video-preview:-1\" \/>\n<link rel=\"canonical\" href=\"https:\/\/www.immobilienbusiness.ch\/it\/personalia\/2024-12-30\/jean-megow-wird-ceo-von-m3-immobilier\/\" \/>\n<meta property=\"og:locale\" content=\"it_IT\" \/>\n<meta property=\"og:type\" content=\"article\" \/>\n<meta property=\"og:title\" content=\"Jean Megow wird CEO von M3 Immobilier - IMMOBILIEN Business\" \/>\n<meta property=\"og:description\" content=\"M3 Immobilier hat Jean Megow zum neuen CEO berufen. Der erfahrene Manager soll das Westschweizer Immobilienunternehmen bei seiner strategischen Neuausrichtung auf die Immobilienentwicklung unterst\u00fctzen.\" \/>\n<meta property=\"og:url\" content=\"https:\/\/www.immobilienbusiness.ch\/it\/personalia\/2024-12-30\/jean-megow-wird-ceo-von-m3-immobilier\/\" \/>\n<meta property=\"og:site_name\" content=\"IMMOBILIEN Business\" \/>\n<meta property=\"article:publisher\" content=\"https:\/\/www.facebook.com\/immobilienbusiness\/\" \/>\n<meta property=\"article:published_time\" content=\"2024-12-30T22:29:19+00:00\" \/>\n<meta property=\"article:modified_time\" content=\"2024-12-31T11:07:40+00:00\" \/>\n<meta property=\"og:image\" content=\"https:\/\/www.immobilienbusiness.ch\/wp-content\/uploads\/2024\/12\/Jean-Megow.png\" \/>\n\t<meta property=\"og:image:width\" content=\"884\" \/>\n\t<meta property=\"og:image:height\" content=\"597\" \/>\n\t<meta property=\"og:image:type\" content=\"image\/png\" \/>\n<meta name=\"author\" content=\"Alexander Wachter\" \/>\n<meta name=\"twitter:card\" content=\"summary_large_image\" \/>\n<script type=\"application\/ld+json\" class=\"yoast-schema-graph\">{\"@context\":\"https:\\\/\\\/schema.org\",\"@graph\":[{\"@type\":\"Article\",\"@id\":\"https:\\\/\\\/www.immobilienbusiness.ch\\\/de\\\/personalia\\\/2024-12-30\\\/jean-megow-wird-ceo-von-m3-immobilier\\\/#article\",\"isPartOf\":{\"@id\":\"https:\\\/\\\/www.immobilienbusiness.ch\\\/de\\\/personalia\\\/2024-12-30\\\/jean-megow-wird-ceo-von-m3-immobilier\\\/\"},\"author\":{\"name\":\"Alexander Wachter\",\"@id\":\"https:\\\/\\\/www.immobilienbusiness.ch\\\/#\\\/schema\\\/person\\\/aba8bea2db926aa0c24c08c43fe1fcd5\"},\"headline\":\"Jean Megow wird CEO von M3 Immobilier\",\"datePublished\":\"2024-12-30T22:29:19+00:00\",\"dateModified\":\"2024-12-31T11:07:40+00:00\",\"mainEntityOfPage\":{\"@id\":\"https:\\\/\\\/www.immobilienbusiness.ch\\\/de\\\/personalia\\\/2024-12-30\\\/jean-megow-wird-ceo-von-m3-immobilier\\\/\"},\"wordCount\":253,\"publisher\":{\"@id\":\"https:\\\/\\\/www.immobilienbusiness.ch\\\/#organization\"},\"image\":{\"@id\":\"https:\\\/\\\/www.immobilienbusiness.ch\\\/de\\\/personalia\\\/2024-12-30\\\/jean-megow-wird-ceo-von-m3-immobilier\\\/#primaryimage\"},\"thumbnailUrl\":\"https:\\\/\\\/www.immobilienbusiness.ch\\\/wp-content\\\/uploads\\\/2024\\\/12\\\/Jean-Megow.png\",\"keywords\":[\"M3 Immobilier\",\"Personalia\"],\"articleSection\":[\"PERSONALIA\"],\"inLanguage\":\"it-IT\"},{\"@type\":\"WebPage\",\"@id\":\"https:\\\/\\\/www.immobilienbusiness.ch\\\/de\\\/personalia\\\/2024-12-30\\\/jean-megow-wird-ceo-von-m3-immobilier\\\/\",\"url\":\"https:\\\/\\\/www.immobilienbusiness.ch\\\/de\\\/personalia\\\/2024-12-30\\\/jean-megow-wird-ceo-von-m3-immobilier\\\/\",\"name\":\"Jean Megow wird CEO von M3 Immobilier - IMMOBILIEN Business\",\"isPartOf\":{\"@id\":\"https:\\\/\\\/www.immobilienbusiness.ch\\\/#website\"},\"primaryImageOfPage\":{\"@id\":\"https:\\\/\\\/www.immobilienbusiness.ch\\\/de\\\/personalia\\\/2024-12-30\\\/jean-megow-wird-ceo-von-m3-immobilier\\\/#primaryimage\"},\"image\":{\"@id\":\"https:\\\/\\\/www.immobilienbusiness.ch\\\/de\\\/personalia\\\/2024-12-30\\\/jean-megow-wird-ceo-von-m3-immobilier\\\/#primaryimage\"},\"thumbnailUrl\":\"https:\\\/\\\/www.immobilienbusiness.ch\\\/wp-content\\\/uploads\\\/2024\\\/12\\\/Jean-Megow.png\",\"datePublished\":\"2024-12-30T22:29:19+00:00\",\"dateModified\":\"2024-12-31T11:07:40+00:00\",\"description\":\"M3 Immobilier hat Jean Megow zum neuen CEO berufen. Der erfahrene Manager soll das Westschweizer Immobilienunternehmen bei seiner strategischen Neuausrichtung auf die Immobilienentwicklung unterst\u00fctzen.\",\"breadcrumb\":{\"@id\":\"https:\\\/\\\/www.immobilienbusiness.ch\\\/de\\\/personalia\\\/2024-12-30\\\/jean-megow-wird-ceo-von-m3-immobilier\\\/#breadcrumb\"},\"inLanguage\":\"it-IT\",\"potentialAction\":[{\"@type\":\"ReadAction\",\"target\":[\"https:\\\/\\\/www.immobilienbusiness.ch\\\/de\\\/personalia\\\/2024-12-30\\\/jean-megow-wird-ceo-von-m3-immobilier\\\/\"]}]},{\"@type\":\"ImageObject\",\"inLanguage\":\"it-IT\",\"@id\":\"https:\\\/\\\/www.immobilienbusiness.ch\\\/de\\\/personalia\\\/2024-12-30\\\/jean-megow-wird-ceo-von-m3-immobilier\\\/#primaryimage\",\"url\":\"https:\\\/\\\/www.immobilienbusiness.ch\\\/wp-content\\\/uploads\\\/2024\\\/12\\\/Jean-Megow.png\",\"contentUrl\":\"https:\\\/\\\/www.immobilienbusiness.ch\\\/wp-content\\\/uploads\\\/2024\\\/12\\\/Jean-Megow.png\",\"width\":884,\"height\":597,\"caption\":\"Jean Megow (Bild: \u00a9 M3 Immobilier )\"},{\"@type\":\"BreadcrumbList\",\"@id\":\"https:\\\/\\\/www.immobilienbusiness.ch\\\/de\\\/personalia\\\/2024-12-30\\\/jean-megow-wird-ceo-von-m3-immobilier\\\/#breadcrumb\",\"itemListElement\":[{\"@type\":\"ListItem\",\"position\":1,\"name\":\"Home\",\"item\":\"https:\\\/\\\/www.immobilienbusiness.ch\\\/\"},{\"@type\":\"ListItem\",\"position\":2,\"name\":\"Jean Megow wird CEO von M3 Immobilier\"}]},{\"@type\":\"WebSite\",\"@id\":\"https:\\\/\\\/www.immobilienbusiness.ch\\\/#website\",\"url\":\"https:\\\/\\\/www.immobilienbusiness.ch\\\/\",\"name\":\"IMMOBILIEN Business\",\"description\":\"Unabh\u00e4ngiges Schweizer Wirtschaftsmagazin mit Fokus auf Immobilien, Architektur- und Bau sowie Investment- und Finanzierung.\",\"publisher\":{\"@id\":\"https:\\\/\\\/www.immobilienbusiness.ch\\\/#organization\"},\"potentialAction\":[{\"@type\":\"SearchAction\",\"target\":{\"@type\":\"EntryPoint\",\"urlTemplate\":\"https:\\\/\\\/www.immobilienbusiness.ch\\\/?s={search_term_string}\"},\"query-input\":{\"@type\":\"PropertyValueSpecification\",\"valueRequired\":true,\"valueName\":\"search_term_string\"}}],\"inLanguage\":\"it-IT\"},{\"@type\":\"Organization\",\"@id\":\"https:\\\/\\\/www.immobilienbusiness.ch\\\/#organization\",\"name\":\"IMMOBILIEN Business\",\"url\":\"https:\\\/\\\/www.immobilienbusiness.ch\\\/\",\"logo\":{\"@type\":\"ImageObject\",\"inLanguage\":\"it-IT\",\"@id\":\"https:\\\/\\\/www.immobilienbusiness.ch\\\/#\\\/schema\\\/logo\\\/image\\\/\",\"url\":\"https:\\\/\\\/www.immobilienbusiness.ch\\\/wp-content\\\/uploads\\\/2021\\\/07\\\/logo_ib.png\",\"contentUrl\":\"https:\\\/\\\/www.immobilienbusiness.ch\\\/wp-content\\\/uploads\\\/2021\\\/07\\\/logo_ib.png\",\"width\":800,\"height\":181,\"caption\":\"IMMOBILIEN Business\"},\"image\":{\"@id\":\"https:\\\/\\\/www.immobilienbusiness.ch\\\/#\\\/schema\\\/logo\\\/image\\\/\"},\"sameAs\":[\"https:\\\/\\\/www.facebook.com\\\/immobilienbusiness\\\/\"]},{\"@type\":\"Person\",\"@id\":\"https:\\\/\\\/www.immobilienbusiness.ch\\\/#\\\/schema\\\/person\\\/aba8bea2db926aa0c24c08c43fe1fcd5\",\"name\":\"Alexander Wachter\",\"image\":{\"@type\":\"ImageObject\",\"inLanguage\":\"it-IT\",\"@id\":\"https:\\\/\\\/secure.gravatar.com\\\/avatar\\\/1a09e471f5389b0e0a6416eac287e0927c7c97a7b77f9e787eba3af7aee281dd?s=96&d=mm&r=g\",\"url\":\"https:\\\/\\\/secure.gravatar.com\\\/avatar\\\/1a09e471f5389b0e0a6416eac287e0927c7c97a7b77f9e787eba3af7aee281dd?s=96&d=mm&r=g\",\"contentUrl\":\"https:\\\/\\\/secure.gravatar.com\\\/avatar\\\/1a09e471f5389b0e0a6416eac287e0927c7c97a7b77f9e787eba3af7aee281dd?s=96&d=mm&r=g\",\"caption\":\"Alexander Wachter\"},\"url\":\"https:\\\/\\\/www.immobilienbusiness.ch\\\/it\\\/author\\\/alexander-wachter\\\/\"}]}<\/script>\n<!-- \/ Yoast SEO plugin. -->","yoast_head_json":{"title":"Jean Megow wird CEO von M3 Immobilier - IMMOBILIEN Business","description":"M3 Immobilier ha nominato Jean Megow nuovo CEO. L'esperto manager sosterr\u00e0 la societ\u00e0 immobiliare svizzera di lingua francese nel suo riorientamento strategico verso lo sviluppo immobiliare.","robots":{"index":"index","follow":"follow","max-snippet":"max-snippet:-1","max-image-preview":"max-image-preview:large","max-video-preview":"max-video-preview:-1"},"canonical":"https:\/\/www.immobilienbusiness.ch\/it\/personalia\/2024-12-30\/jean-megow-wird-ceo-von-m3-immobilier\/","og_locale":"it_IT","og_type":"article","og_title":"Jean Megow wird CEO von M3 Immobilier - IMMOBILIEN Business","og_description":"M3 Immobilier hat Jean Megow zum neuen CEO berufen. Der erfahrene Manager soll das Westschweizer Immobilienunternehmen bei seiner strategischen Neuausrichtung auf die Immobilienentwicklung unterst\u00fctzen.","og_url":"https:\/\/www.immobilienbusiness.ch\/it\/personalia\/2024-12-30\/jean-megow-wird-ceo-von-m3-immobilier\/","og_site_name":"IMMOBILIEN Business","article_publisher":"https:\/\/www.facebook.com\/immobilienbusiness\/","article_published_time":"2024-12-30T22:29:19+00:00","article_modified_time":"2024-12-31T11:07:40+00:00","og_image":[{"width":884,"height":597,"url":"https:\/\/www.immobilienbusiness.ch\/wp-content\/uploads\/2024\/12\/Jean-Megow.png","type":"image\/png"}],"author":"Alexander Wachter","twitter_card":"summary_large_image","schema":{"@context":"https:\/\/schema.org","@graph":[{"@type":"Article","@id":"https:\/\/www.immobilienbusiness.ch\/de\/personalia\/2024-12-30\/jean-megow-wird-ceo-von-m3-immobilier\/#article","isPartOf":{"@id":"https:\/\/www.immobilienbusiness.ch\/de\/personalia\/2024-12-30\/jean-megow-wird-ceo-von-m3-immobilier\/"},"author":{"name":"Alexander Wachter","@id":"https:\/\/www.immobilienbusiness.ch\/#\/schema\/person\/aba8bea2db926aa0c24c08c43fe1fcd5"},"headline":"Jean Megow wird CEO von M3 Immobilier","datePublished":"2024-12-30T22:29:19+00:00","dateModified":"2024-12-31T11:07:40+00:00","mainEntityOfPage":{"@id":"https:\/\/www.immobilienbusiness.ch\/de\/personalia\/2024-12-30\/jean-megow-wird-ceo-von-m3-immobilier\/"},"wordCount":253,"publisher":{"@id":"https:\/\/www.immobilienbusiness.ch\/#organization"},"image":{"@id":"https:\/\/www.immobilienbusiness.ch\/de\/personalia\/2024-12-30\/jean-megow-wird-ceo-von-m3-immobilier\/#primaryimage"},"thumbnailUrl":"https:\/\/www.immobilienbusiness.ch\/wp-content\/uploads\/2024\/12\/Jean-Megow.png","keywords":["M3 Immobilier","Personalia"],"articleSection":["PERSONALIA"],"inLanguage":"it-IT"},{"@type":"WebPage","@id":"https:\/\/www.immobilienbusiness.ch\/de\/personalia\/2024-12-30\/jean-megow-wird-ceo-von-m3-immobilier\/","url":"https:\/\/www.immobilienbusiness.ch\/de\/personalia\/2024-12-30\/jean-megow-wird-ceo-von-m3-immobilier\/","name":"Jean Megow wird CEO von M3 Immobilier - IMMOBILIEN Business","isPartOf":{"@id":"https:\/\/www.immobilienbusiness.ch\/#website"},"primaryImageOfPage":{"@id":"https:\/\/www.immobilienbusiness.ch\/de\/personalia\/2024-12-30\/jean-megow-wird-ceo-von-m3-immobilier\/#primaryimage"},"image":{"@id":"https:\/\/www.immobilienbusiness.ch\/de\/personalia\/2024-12-30\/jean-megow-wird-ceo-von-m3-immobilier\/#primaryimage"},"thumbnailUrl":"https:\/\/www.immobilienbusiness.ch\/wp-content\/uploads\/2024\/12\/Jean-Megow.png","datePublished":"2024-12-30T22:29:19+00:00","dateModified":"2024-12-31T11:07:40+00:00","description":"M3 Immobilier ha nominato Jean Megow nuovo CEO. L'esperto manager sosterr\u00e0 la societ\u00e0 immobiliare svizzera di lingua francese nel suo riorientamento strategico verso lo sviluppo immobiliare.","breadcrumb":{"@id":"https:\/\/www.immobilienbusiness.ch\/de\/personalia\/2024-12-30\/jean-megow-wird-ceo-von-m3-immobilier\/#breadcrumb"},"inLanguage":"it-IT","potentialAction":[{"@type":"ReadAction","target":["https:\/\/www.immobilienbusiness.ch\/de\/personalia\/2024-12-30\/jean-megow-wird-ceo-von-m3-immobilier\/"]}]},{"@type":"ImageObject","inLanguage":"it-IT","@id":"https:\/\/www.immobilienbusiness.ch\/de\/personalia\/2024-12-30\/jean-megow-wird-ceo-von-m3-immobilier\/#primaryimage","url":"https:\/\/www.immobilienbusiness.ch\/wp-content\/uploads\/2024\/12\/Jean-Megow.png","contentUrl":"https:\/\/www.immobilienbusiness.ch\/wp-content\/uploads\/2024\/12\/Jean-Megow.png","width":884,"height":597,"caption":"Jean Megow (Bild: \u00a9 M3 Immobilier )"},{"@type":"BreadcrumbList","@id":"https:\/\/www.immobilienbusiness.ch\/de\/personalia\/2024-12-30\/jean-megow-wird-ceo-von-m3-immobilier\/#breadcrumb","itemListElement":[{"@type":"ListItem","position":1,"name":"Home","item":"https:\/\/www.immobilienbusiness.ch\/"},{"@type":"ListItem","position":2,"name":"Jean Megow wird CEO von M3 Immobilier"}]},{"@type":"WebSite","@id":"https:\/\/www.immobilienbusiness.ch\/#website","url":"https:\/\/www.immobilienbusiness.ch\/","name":"Affari immobiliari","description":"Rivista economica indipendente svizzera che si concentra sul settore immobiliare, l'architettura e la costruzione, nonch\u00e9 sugli investimenti e i finanziamenti.","publisher":{"@id":"https:\/\/www.immobilienbusiness.ch\/#organization"},"potentialAction":[{"@type":"SearchAction","target":{"@type":"EntryPoint","urlTemplate":"https:\/\/www.immobilienbusiness.ch\/?s={search_term_string}"},"query-input":{"@type":"PropertyValueSpecification","valueRequired":true,"valueName":"search_term_string"}}],"inLanguage":"it-IT"},{"@type":"Organization","@id":"https:\/\/www.immobilienbusiness.ch\/#organization","name":"Affari immobiliari","url":"https:\/\/www.immobilienbusiness.ch\/","logo":{"@type":"ImageObject","inLanguage":"it-IT","@id":"https:\/\/www.immobilienbusiness.ch\/#\/schema\/logo\/image\/","url":"https:\/\/www.immobilienbusiness.ch\/wp-content\/uploads\/2021\/07\/logo_ib.png","contentUrl":"https:\/\/www.immobilienbusiness.ch\/wp-content\/uploads\/2021\/07\/logo_ib.png","width":800,"height":181,"caption":"IMMOBILIEN Business"},"image":{"@id":"https:\/\/www.immobilienbusiness.ch\/#\/schema\/logo\/image\/"},"sameAs":["https:\/\/www.facebook.com\/immobilienbusiness\/"]},{"@type":"Person","@id":"https:\/\/www.immobilienbusiness.ch\/#\/schema\/person\/aba8bea2db926aa0c24c08c43fe1fcd5","name":"Alexander Wachter","image":{"@type":"ImageObject","inLanguage":"it-IT","@id":"https:\/\/secure.gravatar.com\/avatar\/1a09e471f5389b0e0a6416eac287e0927c7c97a7b77f9e787eba3af7aee281dd?s=96&d=mm&r=g","url":"https:\/\/secure.gravatar.com\/avatar\/1a09e471f5389b0e0a6416eac287e0927c7c97a7b77f9e787eba3af7aee281dd?s=96&d=mm&r=g","contentUrl":"https:\/\/secure.gravatar.com\/avatar\/1a09e471f5389b0e0a6416eac287e0927c7c97a7b77f9e787eba3af7aee281dd?s=96&d=mm&r=g","caption":"Alexander Wachter"},"url":"https:\/\/www.immobilienbusiness.ch\/it\/author\/alexander-wachter\/"}]}},"_links":{"self":[{"href":"https:\/\/www.immobilienbusiness.ch\/it\/wp-json\/wp\/v2\/posts\/61892","targetHints":{"allow":["GET"]}}],"collection":[{"href":"https:\/\/www.immobilienbusiness.ch\/it\/wp-json\/wp\/v2\/posts"}],"about":[{"href":"https:\/\/www.immobilienbusiness.ch\/it\/wp-json\/wp\/v2\/types\/post"}],"author":[{"embeddable":true,"href":"https:\/\/www.immobilienbusiness.ch\/it\/wp-json\/wp\/v2\/users\/102"}],"replies":[{"embeddable":true,"href":"https:\/\/www.immobilienbusiness.ch\/it\/wp-json\/wp\/v2\/comments?post=61892"}],"version-history":[{"count":5,"href":"https:\/\/www.immobilienbusiness.ch\/it\/wp-json\/wp\/v2\/posts\/61892\/revisions"}],"predecessor-version":[{"id":61899,"href":"https:\/\/www.immobilienbusiness.ch\/it\/wp-json\/wp\/v2\/posts\/61892\/revisions\/61899"}],"wp:featuredmedia":[{"embeddable":true,"href":"https:\/\/www.immobilienbusiness.ch\/it\/wp-json\/wp\/v2\/media\/61893"}],"wp:attachment":[{"href":"https:\/\/www.immobilienbusiness.ch\/it\/wp-json\/wp\/v2\/media?parent=61892"}],"wp:term":[{"taxonomy":"category","embeddable":true,"href":"https:\/\/www.immobilienbusiness.ch\/it\/wp-json\/wp\/v2\/categories?post=61892"},{"taxonomy":"post_tag","embeddable":true,"href":"https:\/\/www.immobilienbusiness.ch\/it\/wp-json\/wp\/v2\/tags?post=61892"}],"curies":[{"name":"wp","href":"https:\/\/api.w.org\/{rel}","templated":true}]}}