{"id":61817,"date":"2024-12-17T07:03:27","date_gmt":"2024-12-17T06:03:27","guid":{"rendered":"https:\/\/www.immobilienbusiness.ch\/?p=61817"},"modified":"2024-12-19T09:50:02","modified_gmt":"2024-12-19T08:50:02","slug":"procimmo-wird-fondsleitung-und-erweitert-die-geschaeftsfuehrung","status":"publish","type":"post","link":"https:\/\/www.immobilienbusiness.ch\/it\/unternehmen\/2024-12-17\/procimmo-wird-fondsleitung-und-erweitert-die-geschaeftsfuehrung\/","title":{"rendered":"Procimmo diventa una societ\u00e0 di gestione di fondi e amplia il suo team di gestione"},"content":{"rendered":"<figure id=\"attachment_19187\" aria-describedby=\"caption-attachment-19187\" style=\"width: 1000px\" class=\"wp-caption alignnone\"><a href=\"https:\/\/www.immobilienbusiness.ch\/wp-content\/uploads\/2019\/11\/Depositphotos_71529275_m-2015.jpg\"><img loading=\"lazy\" decoding=\"async\" class=\"size-full wp-image-19187\" src=\"https:\/\/www.immobilienbusiness.ch\/wp-content\/uploads\/2019\/11\/Depositphotos_71529275_m-2015.jpg\" alt=\"\" width=\"1000\" height=\"654\" srcset=\"https:\/\/www.immobilienbusiness.ch\/wp-content\/uploads\/2019\/11\/Depositphotos_71529275_m-2015.jpg 1000w, https:\/\/www.immobilienbusiness.ch\/wp-content\/uploads\/2019\/11\/Depositphotos_71529275_m-2015-300x196.jpg 300w, https:\/\/www.immobilienbusiness.ch\/wp-content\/uploads\/2019\/11\/Depositphotos_71529275_m-2015-768x502.jpg 768w, https:\/\/www.immobilienbusiness.ch\/wp-content\/uploads\/2019\/11\/Depositphotos_71529275_m-2015-16x10.jpg 16w, https:\/\/www.immobilienbusiness.ch\/wp-content\/uploads\/2019\/11\/Depositphotos_71529275_m-2015-268x175.jpg 268w, https:\/\/www.immobilienbusiness.ch\/wp-content\/uploads\/2019\/11\/Depositphotos_71529275_m-2015-535x350.jpg 535w, https:\/\/www.immobilienbusiness.ch\/wp-content\/uploads\/2019\/11\/Depositphotos_71529275_m-2015-920x602.jpg 920w\" sizes=\"auto, (max-width: 1000px) 100vw, 1000px\" \/><\/a><figcaption id=\"caption-attachment-19187\" class=\"wp-caption-text\">Procimmo ha ampliato il suo team di gestione (Immagine: Depositphotos)<\/figcaption><\/figure>\n<p>Il 12 dicembre Procimmo SA ha ottenuto l'autorizzazione come societ\u00e0 di gestione di fondi. La societ\u00e0 aveva richiesto alla FINMA l'autorizzazione alla gestione di fondi nel corso dell'anno. Non appena la gestione di tutti i fondi <a href=\"https:\/\/www.immobilienbusiness.ch\/it\/unternehmen\/2024-12-11\/procimmo-finma-genehmigt-fonds-fusion\/\" target=\"_blank\" rel=\"noopener\">Comparti della Procimmo Real Estate SICAV<\/a> (\"Industrial\", \"Residential\", \"Commercial PK\" e \"Residential PK\"), la societ\u00e0 inizier\u00e0 ad operare. Solutions &amp; Fonds era precedentemente responsabile della gestione dei fondi. Fatte salve le approvazioni ancora in sospeso, il cambio di gestione dei fondi sar\u00e0 completato il 15 gennaio.<\/p>\n<p>Procimmo annuncia anche l'ampliamento del suo team di gestione. Richard Dahdah, che lavora come gestore di fondi presso Procimmo SA dal 2021, \u00e8 stato promosso a Chief Investment Products Officer. Nel suo nuovo ruolo, sar\u00e0 responsabile di tutti i fondi gestiti da Procimmo e funger\u00e0 da principale punto di contatto per gli investitori. Dahdah ha conseguito un Master in Management presso la ESCP Business School. Ha iniziato la sua carriera nella revisione contabile presso EY e Natixis prima di passare ad AEW come responsabile della gestione patrimoniale per gli uffici e successivamente a UBS come gestore di fondi immobiliari.<\/p>\n<p>Il Consiglio di amministrazione di Procimmo SA \u00e8 ora composto come segue: Arno Kneub\u00fchler (CEO), Terence Kast (COO), Peter Keller (CCO), Besnik Bytyqi (CFO) e Richard Dahdah (CIPO). <em>(aw)<\/em><\/p>","protected":false},"excerpt":{"rendered":"<p>La societ\u00e0 ha nominato un nuovo Chief Investment Products Officer e ha ricevuto l'autorizzazione dalla Finma come societ\u00e0 di gestione di fondi.<\/p>","protected":false},"author":102,"featured_media":19187,"comment_status":"closed","ping_status":"closed","sticky":false,"template":"","format":"standard","meta":{"_acf_changed":false,"_yoast_wpseo_focuskw":"Procimmo","_yoast_wpseo_title":"","_yoast_wpseo_metadesc":"Das Unternehmen hat einen neuen Chief Investment Products Officer \u2013 und die Zulassung als Fondsleitung.","_yoast_wpseo_linkdex":41,"pgc_sgb_lightbox_settings":"","footnotes":""},"categories":[1912,988],"tags":[1344,1563,1597,3614],"class_list":["post-61817","post","type-post","status-publish","format-standard","has-post-thumbnail","hentry","category-personalia","category-unternehmen","tag-immobilienfonds","tag-personalia","tag-procimmo","tag-solutions-funds"],"acf":[],"yoast_head":"<!-- This site is optimized with the Yoast SEO plugin v27.5 - https:\/\/yoast.com\/product\/yoast-seo-wordpress\/ -->\n<title>Procimmo wird Fondsleitung und erweitert die Gesch\u00e4ftsleitung - IMMOBILIEN Business<\/title>\n<meta name=\"description\" content=\"Das Unternehmen hat einen neuen Chief Investment Products Officer \u2013 und die Zulassung als Fondsleitung.\" \/>\n<meta name=\"robots\" content=\"index, follow, max-snippet:-1, max-image-preview:large, max-video-preview:-1\" \/>\n<link rel=\"canonical\" href=\"https:\/\/www.immobilienbusiness.ch\/it\/unternehmen\/2024-12-17\/procimmo-wird-fondsleitung-und-erweitert-die-geschaeftsfuehrung\/\" \/>\n<meta property=\"og:locale\" content=\"it_IT\" \/>\n<meta property=\"og:type\" content=\"article\" \/>\n<meta property=\"og:title\" content=\"Procimmo wird Fondsleitung und erweitert die Gesch\u00e4ftsleitung - IMMOBILIEN Business\" \/>\n<meta property=\"og:description\" content=\"Das Unternehmen hat einen neuen Chief Investment Products Officer \u2013 und die Zulassung als Fondsleitung.\" \/>\n<meta property=\"og:url\" content=\"https:\/\/www.immobilienbusiness.ch\/it\/unternehmen\/2024-12-17\/procimmo-wird-fondsleitung-und-erweitert-die-geschaeftsfuehrung\/\" \/>\n<meta property=\"og:site_name\" content=\"IMMOBILIEN Business\" \/>\n<meta property=\"article:publisher\" content=\"https:\/\/www.facebook.com\/immobilienbusiness\/\" \/>\n<meta property=\"article:published_time\" content=\"2024-12-17T06:03:27+00:00\" \/>\n<meta property=\"article:modified_time\" content=\"2024-12-19T08:50:02+00:00\" \/>\n<meta property=\"og:image\" content=\"https:\/\/www.immobilienbusiness.ch\/wp-content\/uploads\/2019\/11\/Depositphotos_71529275_m-2015.jpg\" \/>\n\t<meta property=\"og:image:width\" content=\"1000\" \/>\n\t<meta property=\"og:image:height\" content=\"654\" \/>\n\t<meta property=\"og:image:type\" content=\"image\/jpeg\" \/>\n<meta name=\"author\" content=\"Alexander Wachter\" \/>\n<meta name=\"twitter:card\" content=\"summary_large_image\" \/>\n<script type=\"application\/ld+json\" class=\"yoast-schema-graph\">{\"@context\":\"https:\\\/\\\/schema.org\",\"@graph\":[{\"@type\":\"Article\",\"@id\":\"https:\\\/\\\/www.immobilienbusiness.ch\\\/de\\\/unternehmen\\\/2024-12-17\\\/procimmo-wird-fondsleitung-und-erweitert-die-geschaeftsfuehrung\\\/#article\",\"isPartOf\":{\"@id\":\"https:\\\/\\\/www.immobilienbusiness.ch\\\/de\\\/unternehmen\\\/2024-12-17\\\/procimmo-wird-fondsleitung-und-erweitert-die-geschaeftsfuehrung\\\/\"},\"author\":{\"name\":\"Alexander Wachter\",\"@id\":\"https:\\\/\\\/www.immobilienbusiness.ch\\\/#\\\/schema\\\/person\\\/aba8bea2db926aa0c24c08c43fe1fcd5\"},\"headline\":\"Procimmo wird Fondsleitung und erweitert die Gesch\u00e4ftsleitung\",\"datePublished\":\"2024-12-17T06:03:27+00:00\",\"dateModified\":\"2024-12-19T08:50:02+00:00\",\"mainEntityOfPage\":{\"@id\":\"https:\\\/\\\/www.immobilienbusiness.ch\\\/de\\\/unternehmen\\\/2024-12-17\\\/procimmo-wird-fondsleitung-und-erweitert-die-geschaeftsfuehrung\\\/\"},\"wordCount\":225,\"publisher\":{\"@id\":\"https:\\\/\\\/www.immobilienbusiness.ch\\\/#organization\"},\"image\":{\"@id\":\"https:\\\/\\\/www.immobilienbusiness.ch\\\/de\\\/unternehmen\\\/2024-12-17\\\/procimmo-wird-fondsleitung-und-erweitert-die-geschaeftsfuehrung\\\/#primaryimage\"},\"thumbnailUrl\":\"https:\\\/\\\/www.immobilienbusiness.ch\\\/wp-content\\\/uploads\\\/2019\\\/11\\\/Depositphotos_71529275_m-2015.jpg\",\"keywords\":[\"Immobilienfonds\",\"Personalia\",\"Procimmo\",\"Solutions &amp; Funds\"],\"articleSection\":[\"PERSONALIA\",\"UNTERNEHMEN\"],\"inLanguage\":\"it-IT\"},{\"@type\":\"WebPage\",\"@id\":\"https:\\\/\\\/www.immobilienbusiness.ch\\\/de\\\/unternehmen\\\/2024-12-17\\\/procimmo-wird-fondsleitung-und-erweitert-die-geschaeftsfuehrung\\\/\",\"url\":\"https:\\\/\\\/www.immobilienbusiness.ch\\\/de\\\/unternehmen\\\/2024-12-17\\\/procimmo-wird-fondsleitung-und-erweitert-die-geschaeftsfuehrung\\\/\",\"name\":\"Procimmo wird Fondsleitung und erweitert die Gesch\u00e4ftsleitung - IMMOBILIEN Business\",\"isPartOf\":{\"@id\":\"https:\\\/\\\/www.immobilienbusiness.ch\\\/#website\"},\"primaryImageOfPage\":{\"@id\":\"https:\\\/\\\/www.immobilienbusiness.ch\\\/de\\\/unternehmen\\\/2024-12-17\\\/procimmo-wird-fondsleitung-und-erweitert-die-geschaeftsfuehrung\\\/#primaryimage\"},\"image\":{\"@id\":\"https:\\\/\\\/www.immobilienbusiness.ch\\\/de\\\/unternehmen\\\/2024-12-17\\\/procimmo-wird-fondsleitung-und-erweitert-die-geschaeftsfuehrung\\\/#primaryimage\"},\"thumbnailUrl\":\"https:\\\/\\\/www.immobilienbusiness.ch\\\/wp-content\\\/uploads\\\/2019\\\/11\\\/Depositphotos_71529275_m-2015.jpg\",\"datePublished\":\"2024-12-17T06:03:27+00:00\",\"dateModified\":\"2024-12-19T08:50:02+00:00\",\"description\":\"Das Unternehmen hat einen neuen Chief Investment Products Officer \u2013 und die Zulassung als Fondsleitung.\",\"breadcrumb\":{\"@id\":\"https:\\\/\\\/www.immobilienbusiness.ch\\\/de\\\/unternehmen\\\/2024-12-17\\\/procimmo-wird-fondsleitung-und-erweitert-die-geschaeftsfuehrung\\\/#breadcrumb\"},\"inLanguage\":\"it-IT\",\"potentialAction\":[{\"@type\":\"ReadAction\",\"target\":[\"https:\\\/\\\/www.immobilienbusiness.ch\\\/de\\\/unternehmen\\\/2024-12-17\\\/procimmo-wird-fondsleitung-und-erweitert-die-geschaeftsfuehrung\\\/\"]}]},{\"@type\":\"ImageObject\",\"inLanguage\":\"it-IT\",\"@id\":\"https:\\\/\\\/www.immobilienbusiness.ch\\\/de\\\/unternehmen\\\/2024-12-17\\\/procimmo-wird-fondsleitung-und-erweitert-die-geschaeftsfuehrung\\\/#primaryimage\",\"url\":\"https:\\\/\\\/www.immobilienbusiness.ch\\\/wp-content\\\/uploads\\\/2019\\\/11\\\/Depositphotos_71529275_m-2015.jpg\",\"contentUrl\":\"https:\\\/\\\/www.immobilienbusiness.ch\\\/wp-content\\\/uploads\\\/2019\\\/11\\\/Depositphotos_71529275_m-2015.jpg\",\"width\":1000,\"height\":654,\"caption\":\"Die Z\u00fcrich Anlagestiftung vermeldet eine personelle Ver\u00e4nderung (Bild: Depositphotos)\"},{\"@type\":\"BreadcrumbList\",\"@id\":\"https:\\\/\\\/www.immobilienbusiness.ch\\\/de\\\/unternehmen\\\/2024-12-17\\\/procimmo-wird-fondsleitung-und-erweitert-die-geschaeftsfuehrung\\\/#breadcrumb\",\"itemListElement\":[{\"@type\":\"ListItem\",\"position\":1,\"name\":\"Home\",\"item\":\"https:\\\/\\\/www.immobilienbusiness.ch\\\/\"},{\"@type\":\"ListItem\",\"position\":2,\"name\":\"Procimmo wird Fondsleitung und erweitert die Gesch\u00e4ftsleitung\"}]},{\"@type\":\"WebSite\",\"@id\":\"https:\\\/\\\/www.immobilienbusiness.ch\\\/#website\",\"url\":\"https:\\\/\\\/www.immobilienbusiness.ch\\\/\",\"name\":\"IMMOBILIEN Business\",\"description\":\"Unabh\u00e4ngiges Schweizer Wirtschaftsmagazin mit Fokus auf Immobilien, Architektur- und Bau sowie Investment- und Finanzierung.\",\"publisher\":{\"@id\":\"https:\\\/\\\/www.immobilienbusiness.ch\\\/#organization\"},\"potentialAction\":[{\"@type\":\"SearchAction\",\"target\":{\"@type\":\"EntryPoint\",\"urlTemplate\":\"https:\\\/\\\/www.immobilienbusiness.ch\\\/?s={search_term_string}\"},\"query-input\":{\"@type\":\"PropertyValueSpecification\",\"valueRequired\":true,\"valueName\":\"search_term_string\"}}],\"inLanguage\":\"it-IT\"},{\"@type\":\"Organization\",\"@id\":\"https:\\\/\\\/www.immobilienbusiness.ch\\\/#organization\",\"name\":\"IMMOBILIEN Business\",\"url\":\"https:\\\/\\\/www.immobilienbusiness.ch\\\/\",\"logo\":{\"@type\":\"ImageObject\",\"inLanguage\":\"it-IT\",\"@id\":\"https:\\\/\\\/www.immobilienbusiness.ch\\\/#\\\/schema\\\/logo\\\/image\\\/\",\"url\":\"https:\\\/\\\/www.immobilienbusiness.ch\\\/wp-content\\\/uploads\\\/2021\\\/07\\\/logo_ib.png\",\"contentUrl\":\"https:\\\/\\\/www.immobilienbusiness.ch\\\/wp-content\\\/uploads\\\/2021\\\/07\\\/logo_ib.png\",\"width\":800,\"height\":181,\"caption\":\"IMMOBILIEN Business\"},\"image\":{\"@id\":\"https:\\\/\\\/www.immobilienbusiness.ch\\\/#\\\/schema\\\/logo\\\/image\\\/\"},\"sameAs\":[\"https:\\\/\\\/www.facebook.com\\\/immobilienbusiness\\\/\"]},{\"@type\":\"Person\",\"@id\":\"https:\\\/\\\/www.immobilienbusiness.ch\\\/#\\\/schema\\\/person\\\/aba8bea2db926aa0c24c08c43fe1fcd5\",\"name\":\"Alexander Wachter\",\"image\":{\"@type\":\"ImageObject\",\"inLanguage\":\"it-IT\",\"@id\":\"https:\\\/\\\/secure.gravatar.com\\\/avatar\\\/1a09e471f5389b0e0a6416eac287e0927c7c97a7b77f9e787eba3af7aee281dd?s=96&d=mm&r=g\",\"url\":\"https:\\\/\\\/secure.gravatar.com\\\/avatar\\\/1a09e471f5389b0e0a6416eac287e0927c7c97a7b77f9e787eba3af7aee281dd?s=96&d=mm&r=g\",\"contentUrl\":\"https:\\\/\\\/secure.gravatar.com\\\/avatar\\\/1a09e471f5389b0e0a6416eac287e0927c7c97a7b77f9e787eba3af7aee281dd?s=96&d=mm&r=g\",\"caption\":\"Alexander Wachter\"},\"url\":\"https:\\\/\\\/www.immobilienbusiness.ch\\\/it\\\/author\\\/alexander-wachter\\\/\"}]}<\/script>\n<!-- \/ Yoast SEO plugin. -->","yoast_head_json":{"title":"Procimmo wird Fondsleitung und erweitert die Gesch\u00e4ftsleitung - IMMOBILIEN Business","description":"Das Unternehmen hat einen neuen Chief Investment Products Officer \u2013 und die Zulassung als Fondsleitung.","robots":{"index":"index","follow":"follow","max-snippet":"max-snippet:-1","max-image-preview":"max-image-preview:large","max-video-preview":"max-video-preview:-1"},"canonical":"https:\/\/www.immobilienbusiness.ch\/it\/unternehmen\/2024-12-17\/procimmo-wird-fondsleitung-und-erweitert-die-geschaeftsfuehrung\/","og_locale":"it_IT","og_type":"article","og_title":"Procimmo wird Fondsleitung und erweitert die Gesch\u00e4ftsleitung - IMMOBILIEN Business","og_description":"Das Unternehmen hat einen neuen Chief Investment Products Officer \u2013 und die Zulassung als Fondsleitung.","og_url":"https:\/\/www.immobilienbusiness.ch\/it\/unternehmen\/2024-12-17\/procimmo-wird-fondsleitung-und-erweitert-die-geschaeftsfuehrung\/","og_site_name":"IMMOBILIEN Business","article_publisher":"https:\/\/www.facebook.com\/immobilienbusiness\/","article_published_time":"2024-12-17T06:03:27+00:00","article_modified_time":"2024-12-19T08:50:02+00:00","og_image":[{"width":1000,"height":654,"url":"https:\/\/www.immobilienbusiness.ch\/wp-content\/uploads\/2019\/11\/Depositphotos_71529275_m-2015.jpg","type":"image\/jpeg"}],"author":"Alexander Wachter","twitter_card":"summary_large_image","schema":{"@context":"https:\/\/schema.org","@graph":[{"@type":"Article","@id":"https:\/\/www.immobilienbusiness.ch\/de\/unternehmen\/2024-12-17\/procimmo-wird-fondsleitung-und-erweitert-die-geschaeftsfuehrung\/#article","isPartOf":{"@id":"https:\/\/www.immobilienbusiness.ch\/de\/unternehmen\/2024-12-17\/procimmo-wird-fondsleitung-und-erweitert-die-geschaeftsfuehrung\/"},"author":{"name":"Alexander Wachter","@id":"https:\/\/www.immobilienbusiness.ch\/#\/schema\/person\/aba8bea2db926aa0c24c08c43fe1fcd5"},"headline":"Procimmo wird Fondsleitung und erweitert die Gesch\u00e4ftsleitung","datePublished":"2024-12-17T06:03:27+00:00","dateModified":"2024-12-19T08:50:02+00:00","mainEntityOfPage":{"@id":"https:\/\/www.immobilienbusiness.ch\/de\/unternehmen\/2024-12-17\/procimmo-wird-fondsleitung-und-erweitert-die-geschaeftsfuehrung\/"},"wordCount":225,"publisher":{"@id":"https:\/\/www.immobilienbusiness.ch\/#organization"},"image":{"@id":"https:\/\/www.immobilienbusiness.ch\/de\/unternehmen\/2024-12-17\/procimmo-wird-fondsleitung-und-erweitert-die-geschaeftsfuehrung\/#primaryimage"},"thumbnailUrl":"https:\/\/www.immobilienbusiness.ch\/wp-content\/uploads\/2019\/11\/Depositphotos_71529275_m-2015.jpg","keywords":["Immobilienfonds","Personalia","Procimmo","Solutions &amp; Funds"],"articleSection":["PERSONALIA","UNTERNEHMEN"],"inLanguage":"it-IT"},{"@type":"WebPage","@id":"https:\/\/www.immobilienbusiness.ch\/de\/unternehmen\/2024-12-17\/procimmo-wird-fondsleitung-und-erweitert-die-geschaeftsfuehrung\/","url":"https:\/\/www.immobilienbusiness.ch\/de\/unternehmen\/2024-12-17\/procimmo-wird-fondsleitung-und-erweitert-die-geschaeftsfuehrung\/","name":"Procimmo wird Fondsleitung und erweitert die Gesch\u00e4ftsleitung - IMMOBILIEN Business","isPartOf":{"@id":"https:\/\/www.immobilienbusiness.ch\/#website"},"primaryImageOfPage":{"@id":"https:\/\/www.immobilienbusiness.ch\/de\/unternehmen\/2024-12-17\/procimmo-wird-fondsleitung-und-erweitert-die-geschaeftsfuehrung\/#primaryimage"},"image":{"@id":"https:\/\/www.immobilienbusiness.ch\/de\/unternehmen\/2024-12-17\/procimmo-wird-fondsleitung-und-erweitert-die-geschaeftsfuehrung\/#primaryimage"},"thumbnailUrl":"https:\/\/www.immobilienbusiness.ch\/wp-content\/uploads\/2019\/11\/Depositphotos_71529275_m-2015.jpg","datePublished":"2024-12-17T06:03:27+00:00","dateModified":"2024-12-19T08:50:02+00:00","description":"Das Unternehmen hat einen neuen Chief Investment Products Officer \u2013 und die Zulassung als Fondsleitung.","breadcrumb":{"@id":"https:\/\/www.immobilienbusiness.ch\/de\/unternehmen\/2024-12-17\/procimmo-wird-fondsleitung-und-erweitert-die-geschaeftsfuehrung\/#breadcrumb"},"inLanguage":"it-IT","potentialAction":[{"@type":"ReadAction","target":["https:\/\/www.immobilienbusiness.ch\/de\/unternehmen\/2024-12-17\/procimmo-wird-fondsleitung-und-erweitert-die-geschaeftsfuehrung\/"]}]},{"@type":"ImageObject","inLanguage":"it-IT","@id":"https:\/\/www.immobilienbusiness.ch\/de\/unternehmen\/2024-12-17\/procimmo-wird-fondsleitung-und-erweitert-die-geschaeftsfuehrung\/#primaryimage","url":"https:\/\/www.immobilienbusiness.ch\/wp-content\/uploads\/2019\/11\/Depositphotos_71529275_m-2015.jpg","contentUrl":"https:\/\/www.immobilienbusiness.ch\/wp-content\/uploads\/2019\/11\/Depositphotos_71529275_m-2015.jpg","width":1000,"height":654,"caption":"Die Z\u00fcrich Anlagestiftung vermeldet eine personelle Ver\u00e4nderung (Bild: Depositphotos)"},{"@type":"BreadcrumbList","@id":"https:\/\/www.immobilienbusiness.ch\/de\/unternehmen\/2024-12-17\/procimmo-wird-fondsleitung-und-erweitert-die-geschaeftsfuehrung\/#breadcrumb","itemListElement":[{"@type":"ListItem","position":1,"name":"Home","item":"https:\/\/www.immobilienbusiness.ch\/"},{"@type":"ListItem","position":2,"name":"Procimmo wird Fondsleitung und erweitert die Gesch\u00e4ftsleitung"}]},{"@type":"WebSite","@id":"https:\/\/www.immobilienbusiness.ch\/#website","url":"https:\/\/www.immobilienbusiness.ch\/","name":"Affari immobiliari","description":"Rivista economica indipendente svizzera che si concentra sul settore immobiliare, l'architettura e la costruzione, nonch\u00e9 sugli investimenti e i finanziamenti.","publisher":{"@id":"https:\/\/www.immobilienbusiness.ch\/#organization"},"potentialAction":[{"@type":"SearchAction","target":{"@type":"EntryPoint","urlTemplate":"https:\/\/www.immobilienbusiness.ch\/?s={search_term_string}"},"query-input":{"@type":"PropertyValueSpecification","valueRequired":true,"valueName":"search_term_string"}}],"inLanguage":"it-IT"},{"@type":"Organization","@id":"https:\/\/www.immobilienbusiness.ch\/#organization","name":"Affari immobiliari","url":"https:\/\/www.immobilienbusiness.ch\/","logo":{"@type":"ImageObject","inLanguage":"it-IT","@id":"https:\/\/www.immobilienbusiness.ch\/#\/schema\/logo\/image\/","url":"https:\/\/www.immobilienbusiness.ch\/wp-content\/uploads\/2021\/07\/logo_ib.png","contentUrl":"https:\/\/www.immobilienbusiness.ch\/wp-content\/uploads\/2021\/07\/logo_ib.png","width":800,"height":181,"caption":"IMMOBILIEN Business"},"image":{"@id":"https:\/\/www.immobilienbusiness.ch\/#\/schema\/logo\/image\/"},"sameAs":["https:\/\/www.facebook.com\/immobilienbusiness\/"]},{"@type":"Person","@id":"https:\/\/www.immobilienbusiness.ch\/#\/schema\/person\/aba8bea2db926aa0c24c08c43fe1fcd5","name":"Alexander Wachter","image":{"@type":"ImageObject","inLanguage":"it-IT","@id":"https:\/\/secure.gravatar.com\/avatar\/1a09e471f5389b0e0a6416eac287e0927c7c97a7b77f9e787eba3af7aee281dd?s=96&d=mm&r=g","url":"https:\/\/secure.gravatar.com\/avatar\/1a09e471f5389b0e0a6416eac287e0927c7c97a7b77f9e787eba3af7aee281dd?s=96&d=mm&r=g","contentUrl":"https:\/\/secure.gravatar.com\/avatar\/1a09e471f5389b0e0a6416eac287e0927c7c97a7b77f9e787eba3af7aee281dd?s=96&d=mm&r=g","caption":"Alexander Wachter"},"url":"https:\/\/www.immobilienbusiness.ch\/it\/author\/alexander-wachter\/"}]}},"_links":{"self":[{"href":"https:\/\/www.immobilienbusiness.ch\/it\/wp-json\/wp\/v2\/posts\/61817","targetHints":{"allow":["GET"]}}],"collection":[{"href":"https:\/\/www.immobilienbusiness.ch\/it\/wp-json\/wp\/v2\/posts"}],"about":[{"href":"https:\/\/www.immobilienbusiness.ch\/it\/wp-json\/wp\/v2\/types\/post"}],"author":[{"embeddable":true,"href":"https:\/\/www.immobilienbusiness.ch\/it\/wp-json\/wp\/v2\/users\/102"}],"replies":[{"embeddable":true,"href":"https:\/\/www.immobilienbusiness.ch\/it\/wp-json\/wp\/v2\/comments?post=61817"}],"version-history":[{"count":5,"href":"https:\/\/www.immobilienbusiness.ch\/it\/wp-json\/wp\/v2\/posts\/61817\/revisions"}],"predecessor-version":[{"id":61881,"href":"https:\/\/www.immobilienbusiness.ch\/it\/wp-json\/wp\/v2\/posts\/61817\/revisions\/61881"}],"wp:featuredmedia":[{"embeddable":true,"href":"https:\/\/www.immobilienbusiness.ch\/it\/wp-json\/wp\/v2\/media\/19187"}],"wp:attachment":[{"href":"https:\/\/www.immobilienbusiness.ch\/it\/wp-json\/wp\/v2\/media?parent=61817"}],"wp:term":[{"taxonomy":"category","embeddable":true,"href":"https:\/\/www.immobilienbusiness.ch\/it\/wp-json\/wp\/v2\/categories?post=61817"},{"taxonomy":"post_tag","embeddable":true,"href":"https:\/\/www.immobilienbusiness.ch\/it\/wp-json\/wp\/v2\/tags?post=61817"}],"curies":[{"name":"wp","href":"https:\/\/api.w.org\/{rel}","templated":true}]}}