{"id":61662,"date":"2024-12-06T07:35:55","date_gmt":"2024-12-06T06:35:55","guid":{"rendered":"https:\/\/www.immobilienbusiness.ch\/?p=61662"},"modified":"2025-03-05T09:44:29","modified_gmt":"2025-03-05T08:44:29","slug":"helvetica-commercial-fund-verkauft-und-erhoeht-liquditaet","status":"publish","type":"post","link":"https:\/\/www.immobilienbusiness.ch\/it\/unternehmen\/2024-12-06\/helvetica-commercial-fund-verkauft-und-erhoeht-liquditaet\/","title":{"rendered":"Helvetica: il fondo commerciale vende e aumenta la liquidit\u00e0"},"content":{"rendered":"<figure id=\"attachment_54900\" aria-describedby=\"caption-attachment-54900\" style=\"width: 768px\" class=\"wp-caption alignnone\"><a href=\"https:\/\/www.immobilienbusiness.ch\/wp-content\/uploads\/2023\/12\/Portrait_Marc_Giraudon-scaled.jpg\"><img loading=\"lazy\" decoding=\"async\" class=\"size-large wp-image-54900\" src=\"https:\/\/www.immobilienbusiness.ch\/wp-content\/uploads\/2023\/12\/Portrait_Marc_Giraudon-1024x683.jpg\" alt=\"Helvetica Swiss Commercial Fund Geb\u00fchren\" width=\"768\" height=\"512\" srcset=\"https:\/\/www.immobilienbusiness.ch\/wp-content\/uploads\/2023\/12\/Portrait_Marc_Giraudon-1024x683.jpg 1024w, https:\/\/www.immobilienbusiness.ch\/wp-content\/uploads\/2023\/12\/Portrait_Marc_Giraudon-300x200.jpg 300w, https:\/\/www.immobilienbusiness.ch\/wp-content\/uploads\/2023\/12\/Portrait_Marc_Giraudon-768x512.jpg 768w, https:\/\/www.immobilienbusiness.ch\/wp-content\/uploads\/2023\/12\/Portrait_Marc_Giraudon-1536x1025.jpg 1536w, https:\/\/www.immobilienbusiness.ch\/wp-content\/uploads\/2023\/12\/Portrait_Marc_Giraudon-2048x1366.jpg 2048w, https:\/\/www.immobilienbusiness.ch\/wp-content\/uploads\/2023\/12\/Portrait_Marc_Giraudon-18x12.jpg 18w, https:\/\/www.immobilienbusiness.ch\/wp-content\/uploads\/2023\/12\/Portrait_Marc_Giraudon-375x250.jpg 375w, https:\/\/www.immobilienbusiness.ch\/wp-content\/uploads\/2023\/12\/Portrait_Marc_Giraudon-525x350.jpg 525w, https:\/\/www.immobilienbusiness.ch\/wp-content\/uploads\/2023\/12\/Portrait_Marc_Giraudon-1000x667.jpg 1000w, https:\/\/www.immobilienbusiness.ch\/wp-content\/uploads\/2023\/12\/Portrait_Marc_Giraudon-scaled.jpg 1200w\" sizes=\"auto, (max-width: 768px) 100vw, 768px\" \/><\/a><figcaption id=\"caption-attachment-54900\" class=\"wp-caption-text\">Marc Giraudon, CEO della societ\u00e0 di gestione dei fondi dalla primavera (Fonte: Helvetica)<\/figcaption><\/figure>\n<p>Il fondo commerciale svizzero Helvetica ha comunicato di aver venduto immobili per un valore totale di 133 milioni di franchi svizzeri nel mese di novembre. \"Con un portafoglio mirato e redditizio, il fondo \u00e8 sulla buona strada per mantenere la distribuzione per il 2024 al livello dell'anno precedente di 5,35 franchi per quota\", scrive Helvetica in un comunicato stampa. La societ\u00e0 di gestione del fondo ritiene che questo importo sia \"realizzabile a lungo termine\". A seguito delle vendite, il rapporto di leva del Fondo HSC scender\u00e0 significativamente al di sotto del corridoio obiettivo di 25-28%. Grazie al miglioramento della liquidit\u00e0, il fondo sar\u00e0 in grado di servire i rimborsi ricevuti alla fine del 2023 nel marzo 2025. Inoltre, il fondo \u00e8 ora in grado di \"sfruttare nuovamente e immediatamente le opportunit\u00e0 di acquisto strategiche\".<\/p>\n<p>Delle cinque vendite, tre per un totale di 83 milioni di franchi svizzeri sono state completate direttamente. Le due vendite rimanenti, per un totale di 51 milioni di franchi svizzeri, saranno completate al pi\u00f9 tardi entro febbraio 2025, a causa di un periodo di esercizio basato sui diritti di prelazione esistenti a favore di terzi. Tuttavia, la garanzia della transazione viene data in ogni caso. Secondo Helvetica, gli immobili in vendita sono un centro commerciale, due immobili a uso ufficio e due immobili industriali.<\/p>\n<p>Il mix di utilizzo del fondo cambier\u00e0 solo in modo insignificante a seguito delle vendite. Le transazioni hanno riguardato principalmente immobili da ristrutturare, che ridurranno significativamente il fabbisogno di investimenti per i prossimi anni di circa 30 milioni di franchi svizzeri, secondo il comunicato. Tuttavia, le propriet\u00e0 sono state vendute con una perdita sul valore contabile: \"Alla luce del contesto di mercato e della scarsit\u00e0 di finanziamenti bancari per gli immobili commerciali, ci\u00f2 ha comportato uno sconto sul prezzo rispetto al valore di stima per un totale di circa 5%\", scrive Helvetica in un comunicato. In cambio, per\u00f2, \u00e8 stato possibile mantenere il rendimento lordo a 6,1 %, il Wault a 4,2 anni e il tasso di sfitto alla data di riferimento a 4,9 %.<\/p>\n<h3>Riduzione della tassa a 0,55%<\/h3>\n<p>Helvetica annuncia inoltre che la commissione amministrativa sar\u00e0 ridotta a 0,55 % a partire dal 1\u00b0 gennaio. Si tratta di un'ulteriore riduzione rispetto a quella annunciata in primavera, quando Helvetica aveva annunciato una riduzione della tassa a 0,60%. <a href=\"https:\/\/www.immobilienbusiness.ch\/it\/personalia\/2024-04-22\/helvetica-senkt-gebuehren-fu%cc%88r-alle-fonds\/\" target=\"_blank\" rel=\"noopener\">aveva annunciato<\/a>. <em>(aw)<\/em><\/p>\n<p>&nbsp;<\/p>","protected":false},"excerpt":{"rendered":"<p>L'Helvetica Swiss Commercial Fund ha venduto immobili per 133 milioni di franchi svizzeri, accettando un leggero sconto sul valore contabile. La societ\u00e0 di gestione del fondo ha inoltre annunciato un'ulteriore riduzione della commissione di gestione.<\/p>","protected":false},"author":102,"featured_media":54900,"comment_status":"closed","ping_status":"closed","sticky":false,"template":"","format":"standard","meta":{"_acf_changed":false,"_yoast_wpseo_focuskw":"Helvetica","_yoast_wpseo_title":"","_yoast_wpseo_metadesc":"Der Fonds hat f\u00fcr 133 Millionen Franken Immobilien abgegeben und dabei einen Abschlag von 5% auf den Buchwert in Kauf genommen. Ausserdem k\u00fcndigt die Fondsleitung eine weitere Absenkung der Verwaltungsgeb\u00fchr an.","_yoast_wpseo_linkdex":65,"pgc_sgb_lightbox_settings":"","footnotes":""},"categories":[988],"tags":[],"class_list":["post-61662","post","type-post","status-publish","format-standard","has-post-thumbnail","hentry","category-unternehmen"],"acf":[],"yoast_head":"<!-- This site is optimized with the Yoast SEO plugin v27.4 - https:\/\/yoast.com\/product\/yoast-seo-wordpress\/ -->\n<title>Helvetica: Commercial-Fund verkauft und erh\u00f6ht Liqudit\u00e4t - IMMOBILIEN Business<\/title>\n<meta name=\"description\" content=\"Der Fonds hat f\u00fcr 133 Millionen Franken Immobilien abgegeben und dabei einen Abschlag von 5% auf den Buchwert in Kauf genommen. Ausserdem k\u00fcndigt die Fondsleitung eine weitere Absenkung der Verwaltungsgeb\u00fchr an.\" \/>\n<meta name=\"robots\" content=\"index, follow, max-snippet:-1, max-image-preview:large, max-video-preview:-1\" \/>\n<link rel=\"canonical\" href=\"https:\/\/www.immobilienbusiness.ch\/it\/unternehmen\/2024-12-06\/helvetica-commercial-fund-verkauft-und-erhoeht-liquditaet\/\" \/>\n<meta property=\"og:locale\" content=\"it_IT\" \/>\n<meta property=\"og:type\" content=\"article\" \/>\n<meta property=\"og:title\" content=\"Helvetica: Commercial-Fund verkauft und erh\u00f6ht Liqudit\u00e4t - IMMOBILIEN Business\" \/>\n<meta property=\"og:description\" content=\"Der Fonds hat f\u00fcr 133 Millionen Franken Immobilien abgegeben und dabei einen Abschlag von 5% auf den Buchwert in Kauf genommen. Ausserdem k\u00fcndigt die Fondsleitung eine weitere Absenkung der Verwaltungsgeb\u00fchr an.\" \/>\n<meta property=\"og:url\" content=\"https:\/\/www.immobilienbusiness.ch\/it\/unternehmen\/2024-12-06\/helvetica-commercial-fund-verkauft-und-erhoeht-liquditaet\/\" \/>\n<meta property=\"og:site_name\" content=\"IMMOBILIEN Business\" \/>\n<meta property=\"article:publisher\" content=\"https:\/\/www.facebook.com\/immobilienbusiness\/\" \/>\n<meta property=\"article:published_time\" content=\"2024-12-06T06:35:55+00:00\" \/>\n<meta property=\"article:modified_time\" content=\"2025-03-05T08:44:29+00:00\" \/>\n<meta property=\"og:image\" content=\"https:\/\/www.immobilienbusiness.ch\/wp-content\/uploads\/2023\/12\/Portrait_Marc_Giraudon-scaled.jpg\" \/>\n\t<meta property=\"og:image:width\" content=\"1200\" \/>\n\t<meta property=\"og:image:height\" content=\"801\" \/>\n\t<meta property=\"og:image:type\" content=\"image\/jpeg\" \/>\n<meta name=\"author\" content=\"Alexander Wachter\" \/>\n<meta name=\"twitter:card\" content=\"summary_large_image\" \/>\n<script type=\"application\/ld+json\" class=\"yoast-schema-graph\">{\"@context\":\"https:\\\/\\\/schema.org\",\"@graph\":[{\"@type\":\"Article\",\"@id\":\"https:\\\/\\\/www.immobilienbusiness.ch\\\/it\\\/unternehmen\\\/2024-12-06\\\/helvetica-commercial-fund-verkauft-und-erhoeht-liquditaet\\\/#article\",\"isPartOf\":{\"@id\":\"https:\\\/\\\/www.immobilienbusiness.ch\\\/it\\\/unternehmen\\\/2024-12-06\\\/helvetica-commercial-fund-verkauft-und-erhoeht-liquditaet\\\/\"},\"author\":{\"name\":\"Alexander Wachter\",\"@id\":\"https:\\\/\\\/www.immobilienbusiness.ch\\\/#\\\/schema\\\/person\\\/aba8bea2db926aa0c24c08c43fe1fcd5\"},\"headline\":\"Helvetica: Commercial-Fund verkauft und erh\u00f6ht Liqudit\u00e4t\",\"datePublished\":\"2024-12-06T06:35:55+00:00\",\"dateModified\":\"2025-03-05T08:44:29+00:00\",\"mainEntityOfPage\":{\"@id\":\"https:\\\/\\\/www.immobilienbusiness.ch\\\/it\\\/unternehmen\\\/2024-12-06\\\/helvetica-commercial-fund-verkauft-und-erhoeht-liquditaet\\\/\"},\"wordCount\":333,\"publisher\":{\"@id\":\"https:\\\/\\\/www.immobilienbusiness.ch\\\/#organization\"},\"image\":{\"@id\":\"https:\\\/\\\/www.immobilienbusiness.ch\\\/it\\\/unternehmen\\\/2024-12-06\\\/helvetica-commercial-fund-verkauft-und-erhoeht-liquditaet\\\/#primaryimage\"},\"thumbnailUrl\":\"https:\\\/\\\/www.immobilienbusiness.ch\\\/wp-content\\\/uploads\\\/2023\\\/12\\\/Portrait_Marc_Giraudon-scaled.jpg\",\"articleSection\":[\"UNTERNEHMEN\"],\"inLanguage\":\"it-IT\"},{\"@type\":\"WebPage\",\"@id\":\"https:\\\/\\\/www.immobilienbusiness.ch\\\/it\\\/unternehmen\\\/2024-12-06\\\/helvetica-commercial-fund-verkauft-und-erhoeht-liquditaet\\\/\",\"url\":\"https:\\\/\\\/www.immobilienbusiness.ch\\\/it\\\/unternehmen\\\/2024-12-06\\\/helvetica-commercial-fund-verkauft-und-erhoeht-liquditaet\\\/\",\"name\":\"Helvetica: Commercial-Fund verkauft und erh\u00f6ht Liqudit\u00e4t - IMMOBILIEN Business\",\"isPartOf\":{\"@id\":\"https:\\\/\\\/www.immobilienbusiness.ch\\\/#website\"},\"primaryImageOfPage\":{\"@id\":\"https:\\\/\\\/www.immobilienbusiness.ch\\\/it\\\/unternehmen\\\/2024-12-06\\\/helvetica-commercial-fund-verkauft-und-erhoeht-liquditaet\\\/#primaryimage\"},\"image\":{\"@id\":\"https:\\\/\\\/www.immobilienbusiness.ch\\\/it\\\/unternehmen\\\/2024-12-06\\\/helvetica-commercial-fund-verkauft-und-erhoeht-liquditaet\\\/#primaryimage\"},\"thumbnailUrl\":\"https:\\\/\\\/www.immobilienbusiness.ch\\\/wp-content\\\/uploads\\\/2023\\\/12\\\/Portrait_Marc_Giraudon-scaled.jpg\",\"datePublished\":\"2024-12-06T06:35:55+00:00\",\"dateModified\":\"2025-03-05T08:44:29+00:00\",\"description\":\"Der Fonds hat f\u00fcr 133 Millionen Franken Immobilien abgegeben und dabei einen Abschlag von 5% auf den Buchwert in Kauf genommen. Ausserdem k\u00fcndigt die Fondsleitung eine weitere Absenkung der Verwaltungsgeb\u00fchr an.\",\"breadcrumb\":{\"@id\":\"https:\\\/\\\/www.immobilienbusiness.ch\\\/it\\\/unternehmen\\\/2024-12-06\\\/helvetica-commercial-fund-verkauft-und-erhoeht-liquditaet\\\/#breadcrumb\"},\"inLanguage\":\"it-IT\",\"potentialAction\":[{\"@type\":\"ReadAction\",\"target\":[\"https:\\\/\\\/www.immobilienbusiness.ch\\\/it\\\/unternehmen\\\/2024-12-06\\\/helvetica-commercial-fund-verkauft-und-erhoeht-liquditaet\\\/\"]}]},{\"@type\":\"ImageObject\",\"inLanguage\":\"it-IT\",\"@id\":\"https:\\\/\\\/www.immobilienbusiness.ch\\\/it\\\/unternehmen\\\/2024-12-06\\\/helvetica-commercial-fund-verkauft-und-erhoeht-liquditaet\\\/#primaryimage\",\"url\":\"https:\\\/\\\/www.immobilienbusiness.ch\\\/wp-content\\\/uploads\\\/2023\\\/12\\\/Portrait_Marc_Giraudon-scaled.jpg\",\"contentUrl\":\"https:\\\/\\\/www.immobilienbusiness.ch\\\/wp-content\\\/uploads\\\/2023\\\/12\\\/Portrait_Marc_Giraudon-scaled.jpg\",\"width\":1200,\"height\":801,\"caption\":\"Helvetica-CEO Marc Giraudon (Quelle: Helvetica)\"},{\"@type\":\"BreadcrumbList\",\"@id\":\"https:\\\/\\\/www.immobilienbusiness.ch\\\/it\\\/unternehmen\\\/2024-12-06\\\/helvetica-commercial-fund-verkauft-und-erhoeht-liquditaet\\\/#breadcrumb\",\"itemListElement\":[{\"@type\":\"ListItem\",\"position\":1,\"name\":\"Home\",\"item\":\"https:\\\/\\\/www.immobilienbusiness.ch\\\/\"},{\"@type\":\"ListItem\",\"position\":2,\"name\":\"Helvetica: Commercial-Fund verkauft und erh\u00f6ht Liqudit\u00e4t\"}]},{\"@type\":\"WebSite\",\"@id\":\"https:\\\/\\\/www.immobilienbusiness.ch\\\/#website\",\"url\":\"https:\\\/\\\/www.immobilienbusiness.ch\\\/\",\"name\":\"IMMOBILIEN Business\",\"description\":\"Unabh\u00e4ngiges Schweizer Wirtschaftsmagazin mit Fokus auf Immobilien, Architektur- und Bau sowie Investment- und Finanzierung.\",\"publisher\":{\"@id\":\"https:\\\/\\\/www.immobilienbusiness.ch\\\/#organization\"},\"potentialAction\":[{\"@type\":\"SearchAction\",\"target\":{\"@type\":\"EntryPoint\",\"urlTemplate\":\"https:\\\/\\\/www.immobilienbusiness.ch\\\/?s={search_term_string}\"},\"query-input\":{\"@type\":\"PropertyValueSpecification\",\"valueRequired\":true,\"valueName\":\"search_term_string\"}}],\"inLanguage\":\"it-IT\"},{\"@type\":\"Organization\",\"@id\":\"https:\\\/\\\/www.immobilienbusiness.ch\\\/#organization\",\"name\":\"IMMOBILIEN Business\",\"url\":\"https:\\\/\\\/www.immobilienbusiness.ch\\\/\",\"logo\":{\"@type\":\"ImageObject\",\"inLanguage\":\"it-IT\",\"@id\":\"https:\\\/\\\/www.immobilienbusiness.ch\\\/#\\\/schema\\\/logo\\\/image\\\/\",\"url\":\"https:\\\/\\\/www.immobilienbusiness.ch\\\/wp-content\\\/uploads\\\/2021\\\/07\\\/logo_ib.png\",\"contentUrl\":\"https:\\\/\\\/www.immobilienbusiness.ch\\\/wp-content\\\/uploads\\\/2021\\\/07\\\/logo_ib.png\",\"width\":800,\"height\":181,\"caption\":\"IMMOBILIEN Business\"},\"image\":{\"@id\":\"https:\\\/\\\/www.immobilienbusiness.ch\\\/#\\\/schema\\\/logo\\\/image\\\/\"},\"sameAs\":[\"https:\\\/\\\/www.facebook.com\\\/immobilienbusiness\\\/\"]},{\"@type\":\"Person\",\"@id\":\"https:\\\/\\\/www.immobilienbusiness.ch\\\/#\\\/schema\\\/person\\\/aba8bea2db926aa0c24c08c43fe1fcd5\",\"name\":\"Alexander Wachter\",\"image\":{\"@type\":\"ImageObject\",\"inLanguage\":\"it-IT\",\"@id\":\"https:\\\/\\\/secure.gravatar.com\\\/avatar\\\/1a09e471f5389b0e0a6416eac287e0927c7c97a7b77f9e787eba3af7aee281dd?s=96&d=mm&r=g\",\"url\":\"https:\\\/\\\/secure.gravatar.com\\\/avatar\\\/1a09e471f5389b0e0a6416eac287e0927c7c97a7b77f9e787eba3af7aee281dd?s=96&d=mm&r=g\",\"contentUrl\":\"https:\\\/\\\/secure.gravatar.com\\\/avatar\\\/1a09e471f5389b0e0a6416eac287e0927c7c97a7b77f9e787eba3af7aee281dd?s=96&d=mm&r=g\",\"caption\":\"Alexander Wachter\"},\"url\":\"https:\\\/\\\/www.immobilienbusiness.ch\\\/it\\\/author\\\/alexander-wachter\\\/\"}]}<\/script>\n<!-- \/ Yoast SEO plugin. -->","yoast_head_json":{"title":"Helvetica: Commercial-Fund verkauft und erh\u00f6ht Liqudit\u00e4t - IMMOBILIEN Business","description":"Der Fonds hat f\u00fcr 133 Millionen Franken Immobilien abgegeben und dabei einen Abschlag von 5% auf den Buchwert in Kauf genommen. Ausserdem k\u00fcndigt die Fondsleitung eine weitere Absenkung der Verwaltungsgeb\u00fchr an.","robots":{"index":"index","follow":"follow","max-snippet":"max-snippet:-1","max-image-preview":"max-image-preview:large","max-video-preview":"max-video-preview:-1"},"canonical":"https:\/\/www.immobilienbusiness.ch\/it\/unternehmen\/2024-12-06\/helvetica-commercial-fund-verkauft-und-erhoeht-liquditaet\/","og_locale":"it_IT","og_type":"article","og_title":"Helvetica: Commercial-Fund verkauft und erh\u00f6ht Liqudit\u00e4t - IMMOBILIEN Business","og_description":"Der Fonds hat f\u00fcr 133 Millionen Franken Immobilien abgegeben und dabei einen Abschlag von 5% auf den Buchwert in Kauf genommen. Ausserdem k\u00fcndigt die Fondsleitung eine weitere Absenkung der Verwaltungsgeb\u00fchr an.","og_url":"https:\/\/www.immobilienbusiness.ch\/it\/unternehmen\/2024-12-06\/helvetica-commercial-fund-verkauft-und-erhoeht-liquditaet\/","og_site_name":"IMMOBILIEN Business","article_publisher":"https:\/\/www.facebook.com\/immobilienbusiness\/","article_published_time":"2024-12-06T06:35:55+00:00","article_modified_time":"2025-03-05T08:44:29+00:00","og_image":[{"width":1200,"height":801,"url":"https:\/\/www.immobilienbusiness.ch\/wp-content\/uploads\/2023\/12\/Portrait_Marc_Giraudon-scaled.jpg","type":"image\/jpeg"}],"author":"Alexander Wachter","twitter_card":"summary_large_image","schema":{"@context":"https:\/\/schema.org","@graph":[{"@type":"Article","@id":"https:\/\/www.immobilienbusiness.ch\/it\/unternehmen\/2024-12-06\/helvetica-commercial-fund-verkauft-und-erhoeht-liquditaet\/#article","isPartOf":{"@id":"https:\/\/www.immobilienbusiness.ch\/it\/unternehmen\/2024-12-06\/helvetica-commercial-fund-verkauft-und-erhoeht-liquditaet\/"},"author":{"name":"Alexander Wachter","@id":"https:\/\/www.immobilienbusiness.ch\/#\/schema\/person\/aba8bea2db926aa0c24c08c43fe1fcd5"},"headline":"Helvetica: Commercial-Fund verkauft und erh\u00f6ht Liqudit\u00e4t","datePublished":"2024-12-06T06:35:55+00:00","dateModified":"2025-03-05T08:44:29+00:00","mainEntityOfPage":{"@id":"https:\/\/www.immobilienbusiness.ch\/it\/unternehmen\/2024-12-06\/helvetica-commercial-fund-verkauft-und-erhoeht-liquditaet\/"},"wordCount":333,"publisher":{"@id":"https:\/\/www.immobilienbusiness.ch\/#organization"},"image":{"@id":"https:\/\/www.immobilienbusiness.ch\/it\/unternehmen\/2024-12-06\/helvetica-commercial-fund-verkauft-und-erhoeht-liquditaet\/#primaryimage"},"thumbnailUrl":"https:\/\/www.immobilienbusiness.ch\/wp-content\/uploads\/2023\/12\/Portrait_Marc_Giraudon-scaled.jpg","articleSection":["UNTERNEHMEN"],"inLanguage":"it-IT"},{"@type":"WebPage","@id":"https:\/\/www.immobilienbusiness.ch\/it\/unternehmen\/2024-12-06\/helvetica-commercial-fund-verkauft-und-erhoeht-liquditaet\/","url":"https:\/\/www.immobilienbusiness.ch\/it\/unternehmen\/2024-12-06\/helvetica-commercial-fund-verkauft-und-erhoeht-liquditaet\/","name":"Helvetica: Commercial-Fund verkauft und erh\u00f6ht Liqudit\u00e4t - IMMOBILIEN Business","isPartOf":{"@id":"https:\/\/www.immobilienbusiness.ch\/#website"},"primaryImageOfPage":{"@id":"https:\/\/www.immobilienbusiness.ch\/it\/unternehmen\/2024-12-06\/helvetica-commercial-fund-verkauft-und-erhoeht-liquditaet\/#primaryimage"},"image":{"@id":"https:\/\/www.immobilienbusiness.ch\/it\/unternehmen\/2024-12-06\/helvetica-commercial-fund-verkauft-und-erhoeht-liquditaet\/#primaryimage"},"thumbnailUrl":"https:\/\/www.immobilienbusiness.ch\/wp-content\/uploads\/2023\/12\/Portrait_Marc_Giraudon-scaled.jpg","datePublished":"2024-12-06T06:35:55+00:00","dateModified":"2025-03-05T08:44:29+00:00","description":"Der Fonds hat f\u00fcr 133 Millionen Franken Immobilien abgegeben und dabei einen Abschlag von 5% auf den Buchwert in Kauf genommen. Ausserdem k\u00fcndigt die Fondsleitung eine weitere Absenkung der Verwaltungsgeb\u00fchr an.","breadcrumb":{"@id":"https:\/\/www.immobilienbusiness.ch\/it\/unternehmen\/2024-12-06\/helvetica-commercial-fund-verkauft-und-erhoeht-liquditaet\/#breadcrumb"},"inLanguage":"it-IT","potentialAction":[{"@type":"ReadAction","target":["https:\/\/www.immobilienbusiness.ch\/it\/unternehmen\/2024-12-06\/helvetica-commercial-fund-verkauft-und-erhoeht-liquditaet\/"]}]},{"@type":"ImageObject","inLanguage":"it-IT","@id":"https:\/\/www.immobilienbusiness.ch\/it\/unternehmen\/2024-12-06\/helvetica-commercial-fund-verkauft-und-erhoeht-liquditaet\/#primaryimage","url":"https:\/\/www.immobilienbusiness.ch\/wp-content\/uploads\/2023\/12\/Portrait_Marc_Giraudon-scaled.jpg","contentUrl":"https:\/\/www.immobilienbusiness.ch\/wp-content\/uploads\/2023\/12\/Portrait_Marc_Giraudon-scaled.jpg","width":1200,"height":801,"caption":"Helvetica-CEO Marc Giraudon (Quelle: Helvetica)"},{"@type":"BreadcrumbList","@id":"https:\/\/www.immobilienbusiness.ch\/it\/unternehmen\/2024-12-06\/helvetica-commercial-fund-verkauft-und-erhoeht-liquditaet\/#breadcrumb","itemListElement":[{"@type":"ListItem","position":1,"name":"Home","item":"https:\/\/www.immobilienbusiness.ch\/"},{"@type":"ListItem","position":2,"name":"Helvetica: Commercial-Fund verkauft und erh\u00f6ht Liqudit\u00e4t"}]},{"@type":"WebSite","@id":"https:\/\/www.immobilienbusiness.ch\/#website","url":"https:\/\/www.immobilienbusiness.ch\/","name":"Affari immobiliari","description":"Rivista economica indipendente svizzera che si concentra sul settore immobiliare, l'architettura e la costruzione, nonch\u00e9 sugli investimenti e i finanziamenti.","publisher":{"@id":"https:\/\/www.immobilienbusiness.ch\/#organization"},"potentialAction":[{"@type":"SearchAction","target":{"@type":"EntryPoint","urlTemplate":"https:\/\/www.immobilienbusiness.ch\/?s={search_term_string}"},"query-input":{"@type":"PropertyValueSpecification","valueRequired":true,"valueName":"search_term_string"}}],"inLanguage":"it-IT"},{"@type":"Organization","@id":"https:\/\/www.immobilienbusiness.ch\/#organization","name":"Affari immobiliari","url":"https:\/\/www.immobilienbusiness.ch\/","logo":{"@type":"ImageObject","inLanguage":"it-IT","@id":"https:\/\/www.immobilienbusiness.ch\/#\/schema\/logo\/image\/","url":"https:\/\/www.immobilienbusiness.ch\/wp-content\/uploads\/2021\/07\/logo_ib.png","contentUrl":"https:\/\/www.immobilienbusiness.ch\/wp-content\/uploads\/2021\/07\/logo_ib.png","width":800,"height":181,"caption":"IMMOBILIEN Business"},"image":{"@id":"https:\/\/www.immobilienbusiness.ch\/#\/schema\/logo\/image\/"},"sameAs":["https:\/\/www.facebook.com\/immobilienbusiness\/"]},{"@type":"Person","@id":"https:\/\/www.immobilienbusiness.ch\/#\/schema\/person\/aba8bea2db926aa0c24c08c43fe1fcd5","name":"Alexander Wachter","image":{"@type":"ImageObject","inLanguage":"it-IT","@id":"https:\/\/secure.gravatar.com\/avatar\/1a09e471f5389b0e0a6416eac287e0927c7c97a7b77f9e787eba3af7aee281dd?s=96&d=mm&r=g","url":"https:\/\/secure.gravatar.com\/avatar\/1a09e471f5389b0e0a6416eac287e0927c7c97a7b77f9e787eba3af7aee281dd?s=96&d=mm&r=g","contentUrl":"https:\/\/secure.gravatar.com\/avatar\/1a09e471f5389b0e0a6416eac287e0927c7c97a7b77f9e787eba3af7aee281dd?s=96&d=mm&r=g","caption":"Alexander Wachter"},"url":"https:\/\/www.immobilienbusiness.ch\/it\/author\/alexander-wachter\/"}]}},"_links":{"self":[{"href":"https:\/\/www.immobilienbusiness.ch\/it\/wp-json\/wp\/v2\/posts\/61662","targetHints":{"allow":["GET"]}}],"collection":[{"href":"https:\/\/www.immobilienbusiness.ch\/it\/wp-json\/wp\/v2\/posts"}],"about":[{"href":"https:\/\/www.immobilienbusiness.ch\/it\/wp-json\/wp\/v2\/types\/post"}],"author":[{"embeddable":true,"href":"https:\/\/www.immobilienbusiness.ch\/it\/wp-json\/wp\/v2\/users\/102"}],"replies":[{"embeddable":true,"href":"https:\/\/www.immobilienbusiness.ch\/it\/wp-json\/wp\/v2\/comments?post=61662"}],"version-history":[{"count":6,"href":"https:\/\/www.immobilienbusiness.ch\/it\/wp-json\/wp\/v2\/posts\/61662\/revisions"}],"predecessor-version":[{"id":61669,"href":"https:\/\/www.immobilienbusiness.ch\/it\/wp-json\/wp\/v2\/posts\/61662\/revisions\/61669"}],"wp:featuredmedia":[{"embeddable":true,"href":"https:\/\/www.immobilienbusiness.ch\/it\/wp-json\/wp\/v2\/media\/54900"}],"wp:attachment":[{"href":"https:\/\/www.immobilienbusiness.ch\/it\/wp-json\/wp\/v2\/media?parent=61662"}],"wp:term":[{"taxonomy":"category","embeddable":true,"href":"https:\/\/www.immobilienbusiness.ch\/it\/wp-json\/wp\/v2\/categories?post=61662"},{"taxonomy":"post_tag","embeddable":true,"href":"https:\/\/www.immobilienbusiness.ch\/it\/wp-json\/wp\/v2\/tags?post=61662"}],"curies":[{"name":"wp","href":"https:\/\/api.w.org\/{rel}","templated":true}]}}