{"id":61651,"date":"2024-12-05T06:06:45","date_gmt":"2024-12-05T05:06:45","guid":{"rendered":"https:\/\/www.immobilienbusiness.ch\/?p=61651"},"modified":"2024-12-05T07:43:51","modified_gmt":"2024-12-05T06:43:51","slug":"nova-property-senkt-fondsgebuehr-fuer-swiss-central-city","status":"publish","type":"post","link":"https:\/\/www.immobilienbusiness.ch\/it\/unternehmen\/2024-12-05\/nova-property-senkt-fondsgebuehr-fuer-swiss-central-city\/","title":{"rendered":"Nova Property riduce la commissione sul fondo per Swiss Central City"},"content":{"rendered":"<figure id=\"attachment_39665\" aria-describedby=\"caption-attachment-39665\" style=\"width: 768px\" class=\"wp-caption alignnone\"><a href=\"https:\/\/www.immobilienbusiness.ch\/wp-content\/uploads\/2022\/01\/denner.jpg\"><img loading=\"lazy\" decoding=\"async\" class=\"size-large wp-image-39665\" src=\"https:\/\/www.immobilienbusiness.ch\/wp-content\/uploads\/2022\/01\/denner-1024x683.jpg\" alt=\"\" width=\"768\" height=\"512\" srcset=\"https:\/\/www.immobilienbusiness.ch\/wp-content\/uploads\/2022\/01\/denner-1024x683.jpg 1024w, https:\/\/www.immobilienbusiness.ch\/wp-content\/uploads\/2022\/01\/denner-300x200.jpg 300w, https:\/\/www.immobilienbusiness.ch\/wp-content\/uploads\/2022\/01\/denner-768x512.jpg 768w, https:\/\/www.immobilienbusiness.ch\/wp-content\/uploads\/2022\/01\/denner-1536x1025.jpg 1536w, https:\/\/www.immobilienbusiness.ch\/wp-content\/uploads\/2022\/01\/denner-16x12.jpg 16w, https:\/\/www.immobilienbusiness.ch\/wp-content\/uploads\/2022\/01\/denner-262x175.jpg 262w, https:\/\/www.immobilienbusiness.ch\/wp-content\/uploads\/2022\/01\/denner-525x350.jpg 525w, https:\/\/www.immobilienbusiness.ch\/wp-content\/uploads\/2022\/01\/denner-1199x800.jpg 1199w, https:\/\/www.immobilienbusiness.ch\/wp-content\/uploads\/2022\/01\/denner-920x614.jpg 920w, https:\/\/www.immobilienbusiness.ch\/wp-content\/uploads\/2022\/01\/denner.jpg 1200w\" sizes=\"auto, (max-width: 768px) 100vw, 768px\" \/><\/a><figcaption id=\"caption-attachment-39665\" class=\"wp-caption-text\">Marcel Denner (Fonte: Nova Property Fund Management)<\/figcaption><\/figure>\n<p>La societ\u00e0 di gestione del fondo Swiss Central City Real Estate Fund ha ridotto la commissione annuale per la gestione, la gestione del portafoglio e degli attivi e la distribuzione del fondo da 0,45 a 0,35%. La misura entrer\u00e0 in vigore a gennaio e si applicher\u00e0 \"provvisoriamente per due anni\", secondo il comunicato.<\/p>\n<p>\"Con questa riduzione delle commissioni di gestione, aumentiamo l'attrattiva del Fondo immobiliare Swiss Central City per gli investitori attuali e potenziali\", afferma Marcel Denner, COO della societ\u00e0 di gestione del fondo. Egli sottolinea inoltre un tasso di sfitto molto basso, nuove locazioni e riaffitti, un WAULT elevato e costi di finanziamento in calo. La strategia del fondo, che si concentra su location di prim'ordine e su un approccio di gestione del portafoglio, sar\u00e0 mantenuta. (aw)<\/p>","protected":false},"excerpt":{"rendered":"<p>Riducendo la commissione annuale di gestione e distribuzione dallo 0,45 allo 0,35%, il fondo intende posizionarsi in modo pi\u00f9 attraente.<\/p>","protected":false},"author":102,"featured_media":39665,"comment_status":"closed","ping_status":"closed","sticky":false,"template":"","format":"standard","meta":{"_acf_changed":false,"_yoast_wpseo_focuskw":"Swiss Central","_yoast_wpseo_title":"","_yoast_wpseo_metadesc":"Mit einer Senkung der j\u00e4hrlichen Management- und Vertriebsgeb\u00fchr von 0,45 auf 0,35% will sich der Fonds attraktiver positionieren.","_yoast_wpseo_linkdex":53,"pgc_sgb_lightbox_settings":"","footnotes":""},"categories":[988],"tags":[1344,2181],"class_list":["post-61651","post","type-post","status-publish","format-standard","has-post-thumbnail","hentry","category-unternehmen","tag-immobilienfonds","tag-swiss-central-city-real-estate-fund"],"acf":[],"yoast_head":"<!-- This site is optimized with the Yoast SEO plugin v27.4 - https:\/\/yoast.com\/product\/yoast-seo-wordpress\/ -->\n<title>Nova Property senkt Fondsgeb\u00fchr f\u00fcr Swiss Central City - IMMOBILIEN Business<\/title>\n<meta name=\"description\" content=\"Mit einer Senkung der j\u00e4hrlichen Management- und Vertriebsgeb\u00fchr von 0,45 auf 0,35% will sich der Fonds attraktiver positionieren.\" \/>\n<meta name=\"robots\" content=\"index, follow, max-snippet:-1, max-image-preview:large, max-video-preview:-1\" \/>\n<link rel=\"canonical\" href=\"https:\/\/www.immobilienbusiness.ch\/it\/unternehmen\/2024-12-05\/nova-property-senkt-fondsgebuehr-fuer-swiss-central-city\/\" \/>\n<meta property=\"og:locale\" content=\"it_IT\" \/>\n<meta property=\"og:type\" content=\"article\" \/>\n<meta property=\"og:title\" content=\"Nova Property senkt Fondsgeb\u00fchr f\u00fcr Swiss Central City - IMMOBILIEN Business\" \/>\n<meta property=\"og:description\" content=\"Mit einer Senkung der j\u00e4hrlichen Management- und Vertriebsgeb\u00fchr von 0,45 auf 0,35% will sich der Fonds attraktiver positionieren.\" \/>\n<meta property=\"og:url\" content=\"https:\/\/www.immobilienbusiness.ch\/it\/unternehmen\/2024-12-05\/nova-property-senkt-fondsgebuehr-fuer-swiss-central-city\/\" \/>\n<meta property=\"og:site_name\" content=\"IMMOBILIEN Business\" \/>\n<meta property=\"article:publisher\" content=\"https:\/\/www.facebook.com\/immobilienbusiness\/\" \/>\n<meta property=\"article:published_time\" content=\"2024-12-05T05:06:45+00:00\" \/>\n<meta property=\"article:modified_time\" content=\"2024-12-05T06:43:51+00:00\" \/>\n<meta property=\"og:image\" content=\"https:\/\/www.immobilienbusiness.ch\/wp-content\/uploads\/2022\/01\/denner.jpg\" \/>\n\t<meta property=\"og:image:width\" content=\"1200\" \/>\n\t<meta property=\"og:image:height\" content=\"800\" \/>\n\t<meta property=\"og:image:type\" content=\"image\/jpeg\" \/>\n<meta name=\"author\" content=\"Alexander Wachter\" \/>\n<meta name=\"twitter:card\" content=\"summary_large_image\" \/>\n<script type=\"application\/ld+json\" class=\"yoast-schema-graph\">{\"@context\":\"https:\\\/\\\/schema.org\",\"@graph\":[{\"@type\":\"Article\",\"@id\":\"https:\\\/\\\/www.immobilienbusiness.ch\\\/unternehmen\\\/2024-12-05\\\/nova-property-senkt-fondsgebuehr-fuer-swiss-central-city\\\/#article\",\"isPartOf\":{\"@id\":\"https:\\\/\\\/www.immobilienbusiness.ch\\\/unternehmen\\\/2024-12-05\\\/nova-property-senkt-fondsgebuehr-fuer-swiss-central-city\\\/\"},\"author\":{\"name\":\"Alexander Wachter\",\"@id\":\"https:\\\/\\\/www.immobilienbusiness.ch\\\/#\\\/schema\\\/person\\\/aba8bea2db926aa0c24c08c43fe1fcd5\"},\"headline\":\"Nova Property senkt Fondsgeb\u00fchr f\u00fcr Swiss Central City\",\"datePublished\":\"2024-12-05T05:06:45+00:00\",\"dateModified\":\"2024-12-05T06:43:51+00:00\",\"mainEntityOfPage\":{\"@id\":\"https:\\\/\\\/www.immobilienbusiness.ch\\\/unternehmen\\\/2024-12-05\\\/nova-property-senkt-fondsgebuehr-fuer-swiss-central-city\\\/\"},\"wordCount\":134,\"publisher\":{\"@id\":\"https:\\\/\\\/www.immobilienbusiness.ch\\\/#organization\"},\"image\":{\"@id\":\"https:\\\/\\\/www.immobilienbusiness.ch\\\/unternehmen\\\/2024-12-05\\\/nova-property-senkt-fondsgebuehr-fuer-swiss-central-city\\\/#primaryimage\"},\"thumbnailUrl\":\"https:\\\/\\\/www.immobilienbusiness.ch\\\/wp-content\\\/uploads\\\/2022\\\/01\\\/denner.jpg\",\"keywords\":[\"Immobilienfonds\",\"Swiss Central City Real Estate Fund\"],\"articleSection\":[\"UNTERNEHMEN\"],\"inLanguage\":\"it-IT\"},{\"@type\":\"WebPage\",\"@id\":\"https:\\\/\\\/www.immobilienbusiness.ch\\\/unternehmen\\\/2024-12-05\\\/nova-property-senkt-fondsgebuehr-fuer-swiss-central-city\\\/\",\"url\":\"https:\\\/\\\/www.immobilienbusiness.ch\\\/unternehmen\\\/2024-12-05\\\/nova-property-senkt-fondsgebuehr-fuer-swiss-central-city\\\/\",\"name\":\"Nova Property senkt Fondsgeb\u00fchr f\u00fcr Swiss Central City - IMMOBILIEN Business\",\"isPartOf\":{\"@id\":\"https:\\\/\\\/www.immobilienbusiness.ch\\\/#website\"},\"primaryImageOfPage\":{\"@id\":\"https:\\\/\\\/www.immobilienbusiness.ch\\\/unternehmen\\\/2024-12-05\\\/nova-property-senkt-fondsgebuehr-fuer-swiss-central-city\\\/#primaryimage\"},\"image\":{\"@id\":\"https:\\\/\\\/www.immobilienbusiness.ch\\\/unternehmen\\\/2024-12-05\\\/nova-property-senkt-fondsgebuehr-fuer-swiss-central-city\\\/#primaryimage\"},\"thumbnailUrl\":\"https:\\\/\\\/www.immobilienbusiness.ch\\\/wp-content\\\/uploads\\\/2022\\\/01\\\/denner.jpg\",\"datePublished\":\"2024-12-05T05:06:45+00:00\",\"dateModified\":\"2024-12-05T06:43:51+00:00\",\"description\":\"Mit einer Senkung der j\u00e4hrlichen Management- und Vertriebsgeb\u00fchr von 0,45 auf 0,35% will sich der Fonds attraktiver positionieren.\",\"breadcrumb\":{\"@id\":\"https:\\\/\\\/www.immobilienbusiness.ch\\\/unternehmen\\\/2024-12-05\\\/nova-property-senkt-fondsgebuehr-fuer-swiss-central-city\\\/#breadcrumb\"},\"inLanguage\":\"it-IT\",\"potentialAction\":[{\"@type\":\"ReadAction\",\"target\":[\"https:\\\/\\\/www.immobilienbusiness.ch\\\/unternehmen\\\/2024-12-05\\\/nova-property-senkt-fondsgebuehr-fuer-swiss-central-city\\\/\"]}]},{\"@type\":\"ImageObject\",\"inLanguage\":\"it-IT\",\"@id\":\"https:\\\/\\\/www.immobilienbusiness.ch\\\/unternehmen\\\/2024-12-05\\\/nova-property-senkt-fondsgebuehr-fuer-swiss-central-city\\\/#primaryimage\",\"url\":\"https:\\\/\\\/www.immobilienbusiness.ch\\\/wp-content\\\/uploads\\\/2022\\\/01\\\/denner.jpg\",\"contentUrl\":\"https:\\\/\\\/www.immobilienbusiness.ch\\\/wp-content\\\/uploads\\\/2022\\\/01\\\/denner.jpg\",\"width\":1200,\"height\":800,\"caption\":\"Marcel Denner (Quelle. Nova Property Fund Management)\"},{\"@type\":\"BreadcrumbList\",\"@id\":\"https:\\\/\\\/www.immobilienbusiness.ch\\\/unternehmen\\\/2024-12-05\\\/nova-property-senkt-fondsgebuehr-fuer-swiss-central-city\\\/#breadcrumb\",\"itemListElement\":[{\"@type\":\"ListItem\",\"position\":1,\"name\":\"Home\",\"item\":\"https:\\\/\\\/www.immobilienbusiness.ch\\\/\"},{\"@type\":\"ListItem\",\"position\":2,\"name\":\"Nova Property senkt Fondsgeb\u00fchr f\u00fcr Swiss Central City\"}]},{\"@type\":\"WebSite\",\"@id\":\"https:\\\/\\\/www.immobilienbusiness.ch\\\/#website\",\"url\":\"https:\\\/\\\/www.immobilienbusiness.ch\\\/\",\"name\":\"IMMOBILIEN Business\",\"description\":\"Unabh\u00e4ngiges Schweizer Wirtschaftsmagazin mit Fokus auf Immobilien, Architektur- und Bau sowie Investment- und Finanzierung.\",\"publisher\":{\"@id\":\"https:\\\/\\\/www.immobilienbusiness.ch\\\/#organization\"},\"potentialAction\":[{\"@type\":\"SearchAction\",\"target\":{\"@type\":\"EntryPoint\",\"urlTemplate\":\"https:\\\/\\\/www.immobilienbusiness.ch\\\/?s={search_term_string}\"},\"query-input\":{\"@type\":\"PropertyValueSpecification\",\"valueRequired\":true,\"valueName\":\"search_term_string\"}}],\"inLanguage\":\"it-IT\"},{\"@type\":\"Organization\",\"@id\":\"https:\\\/\\\/www.immobilienbusiness.ch\\\/#organization\",\"name\":\"IMMOBILIEN Business\",\"url\":\"https:\\\/\\\/www.immobilienbusiness.ch\\\/\",\"logo\":{\"@type\":\"ImageObject\",\"inLanguage\":\"it-IT\",\"@id\":\"https:\\\/\\\/www.immobilienbusiness.ch\\\/#\\\/schema\\\/logo\\\/image\\\/\",\"url\":\"https:\\\/\\\/www.immobilienbusiness.ch\\\/wp-content\\\/uploads\\\/2021\\\/07\\\/logo_ib.png\",\"contentUrl\":\"https:\\\/\\\/www.immobilienbusiness.ch\\\/wp-content\\\/uploads\\\/2021\\\/07\\\/logo_ib.png\",\"width\":800,\"height\":181,\"caption\":\"IMMOBILIEN Business\"},\"image\":{\"@id\":\"https:\\\/\\\/www.immobilienbusiness.ch\\\/#\\\/schema\\\/logo\\\/image\\\/\"},\"sameAs\":[\"https:\\\/\\\/www.facebook.com\\\/immobilienbusiness\\\/\"]},{\"@type\":\"Person\",\"@id\":\"https:\\\/\\\/www.immobilienbusiness.ch\\\/#\\\/schema\\\/person\\\/aba8bea2db926aa0c24c08c43fe1fcd5\",\"name\":\"Alexander Wachter\",\"image\":{\"@type\":\"ImageObject\",\"inLanguage\":\"it-IT\",\"@id\":\"https:\\\/\\\/secure.gravatar.com\\\/avatar\\\/1a09e471f5389b0e0a6416eac287e0927c7c97a7b77f9e787eba3af7aee281dd?s=96&d=mm&r=g\",\"url\":\"https:\\\/\\\/secure.gravatar.com\\\/avatar\\\/1a09e471f5389b0e0a6416eac287e0927c7c97a7b77f9e787eba3af7aee281dd?s=96&d=mm&r=g\",\"contentUrl\":\"https:\\\/\\\/secure.gravatar.com\\\/avatar\\\/1a09e471f5389b0e0a6416eac287e0927c7c97a7b77f9e787eba3af7aee281dd?s=96&d=mm&r=g\",\"caption\":\"Alexander Wachter\"},\"url\":\"https:\\\/\\\/www.immobilienbusiness.ch\\\/it\\\/author\\\/alexander-wachter\\\/\"}]}<\/script>\n<!-- \/ Yoast SEO plugin. -->","yoast_head_json":{"title":"Nova Property abbassa la commissione sul fondo per Swiss Central City - IMMOBILIEN Business","description":"Riducendo la commissione annuale di gestione e distribuzione dallo 0,45 allo 0,35%, il fondo intende posizionarsi in modo pi\u00f9 attraente.","robots":{"index":"index","follow":"follow","max-snippet":"max-snippet:-1","max-image-preview":"max-image-preview:large","max-video-preview":"max-video-preview:-1"},"canonical":"https:\/\/www.immobilienbusiness.ch\/it\/unternehmen\/2024-12-05\/nova-property-senkt-fondsgebuehr-fuer-swiss-central-city\/","og_locale":"it_IT","og_type":"article","og_title":"Nova Property senkt Fondsgeb\u00fchr f\u00fcr Swiss Central City - IMMOBILIEN Business","og_description":"Mit einer Senkung der j\u00e4hrlichen Management- und Vertriebsgeb\u00fchr von 0,45 auf 0,35% will sich der Fonds attraktiver positionieren.","og_url":"https:\/\/www.immobilienbusiness.ch\/it\/unternehmen\/2024-12-05\/nova-property-senkt-fondsgebuehr-fuer-swiss-central-city\/","og_site_name":"IMMOBILIEN Business","article_publisher":"https:\/\/www.facebook.com\/immobilienbusiness\/","article_published_time":"2024-12-05T05:06:45+00:00","article_modified_time":"2024-12-05T06:43:51+00:00","og_image":[{"width":1200,"height":800,"url":"https:\/\/www.immobilienbusiness.ch\/wp-content\/uploads\/2022\/01\/denner.jpg","type":"image\/jpeg"}],"author":"Alexander Wachter","twitter_card":"summary_large_image","schema":{"@context":"https:\/\/schema.org","@graph":[{"@type":"Article","@id":"https:\/\/www.immobilienbusiness.ch\/unternehmen\/2024-12-05\/nova-property-senkt-fondsgebuehr-fuer-swiss-central-city\/#article","isPartOf":{"@id":"https:\/\/www.immobilienbusiness.ch\/unternehmen\/2024-12-05\/nova-property-senkt-fondsgebuehr-fuer-swiss-central-city\/"},"author":{"name":"Alexander Wachter","@id":"https:\/\/www.immobilienbusiness.ch\/#\/schema\/person\/aba8bea2db926aa0c24c08c43fe1fcd5"},"headline":"Nova Property senkt Fondsgeb\u00fchr f\u00fcr Swiss Central City","datePublished":"2024-12-05T05:06:45+00:00","dateModified":"2024-12-05T06:43:51+00:00","mainEntityOfPage":{"@id":"https:\/\/www.immobilienbusiness.ch\/unternehmen\/2024-12-05\/nova-property-senkt-fondsgebuehr-fuer-swiss-central-city\/"},"wordCount":134,"publisher":{"@id":"https:\/\/www.immobilienbusiness.ch\/#organization"},"image":{"@id":"https:\/\/www.immobilienbusiness.ch\/unternehmen\/2024-12-05\/nova-property-senkt-fondsgebuehr-fuer-swiss-central-city\/#primaryimage"},"thumbnailUrl":"https:\/\/www.immobilienbusiness.ch\/wp-content\/uploads\/2022\/01\/denner.jpg","keywords":["Immobilienfonds","Swiss Central City Real Estate Fund"],"articleSection":["UNTERNEHMEN"],"inLanguage":"it-IT"},{"@type":"WebPage","@id":"https:\/\/www.immobilienbusiness.ch\/unternehmen\/2024-12-05\/nova-property-senkt-fondsgebuehr-fuer-swiss-central-city\/","url":"https:\/\/www.immobilienbusiness.ch\/unternehmen\/2024-12-05\/nova-property-senkt-fondsgebuehr-fuer-swiss-central-city\/","name":"Nova Property abbassa la commissione sul fondo per Swiss Central City - IMMOBILIEN Business","isPartOf":{"@id":"https:\/\/www.immobilienbusiness.ch\/#website"},"primaryImageOfPage":{"@id":"https:\/\/www.immobilienbusiness.ch\/unternehmen\/2024-12-05\/nova-property-senkt-fondsgebuehr-fuer-swiss-central-city\/#primaryimage"},"image":{"@id":"https:\/\/www.immobilienbusiness.ch\/unternehmen\/2024-12-05\/nova-property-senkt-fondsgebuehr-fuer-swiss-central-city\/#primaryimage"},"thumbnailUrl":"https:\/\/www.immobilienbusiness.ch\/wp-content\/uploads\/2022\/01\/denner.jpg","datePublished":"2024-12-05T05:06:45+00:00","dateModified":"2024-12-05T06:43:51+00:00","description":"Riducendo la commissione annuale di gestione e distribuzione dallo 0,45 allo 0,35%, il fondo intende posizionarsi in modo pi\u00f9 attraente.","breadcrumb":{"@id":"https:\/\/www.immobilienbusiness.ch\/unternehmen\/2024-12-05\/nova-property-senkt-fondsgebuehr-fuer-swiss-central-city\/#breadcrumb"},"inLanguage":"it-IT","potentialAction":[{"@type":"ReadAction","target":["https:\/\/www.immobilienbusiness.ch\/unternehmen\/2024-12-05\/nova-property-senkt-fondsgebuehr-fuer-swiss-central-city\/"]}]},{"@type":"ImageObject","inLanguage":"it-IT","@id":"https:\/\/www.immobilienbusiness.ch\/unternehmen\/2024-12-05\/nova-property-senkt-fondsgebuehr-fuer-swiss-central-city\/#primaryimage","url":"https:\/\/www.immobilienbusiness.ch\/wp-content\/uploads\/2022\/01\/denner.jpg","contentUrl":"https:\/\/www.immobilienbusiness.ch\/wp-content\/uploads\/2022\/01\/denner.jpg","width":1200,"height":800,"caption":"Marcel Denner (Quelle. Nova Property Fund Management)"},{"@type":"BreadcrumbList","@id":"https:\/\/www.immobilienbusiness.ch\/unternehmen\/2024-12-05\/nova-property-senkt-fondsgebuehr-fuer-swiss-central-city\/#breadcrumb","itemListElement":[{"@type":"ListItem","position":1,"name":"Home","item":"https:\/\/www.immobilienbusiness.ch\/"},{"@type":"ListItem","position":2,"name":"Nova Property senkt Fondsgeb\u00fchr f\u00fcr Swiss Central City"}]},{"@type":"WebSite","@id":"https:\/\/www.immobilienbusiness.ch\/#website","url":"https:\/\/www.immobilienbusiness.ch\/","name":"Affari immobiliari","description":"Rivista economica indipendente svizzera che si concentra sul settore immobiliare, l'architettura e la costruzione, nonch\u00e9 sugli investimenti e i finanziamenti.","publisher":{"@id":"https:\/\/www.immobilienbusiness.ch\/#organization"},"potentialAction":[{"@type":"SearchAction","target":{"@type":"EntryPoint","urlTemplate":"https:\/\/www.immobilienbusiness.ch\/?s={search_term_string}"},"query-input":{"@type":"PropertyValueSpecification","valueRequired":true,"valueName":"search_term_string"}}],"inLanguage":"it-IT"},{"@type":"Organization","@id":"https:\/\/www.immobilienbusiness.ch\/#organization","name":"Affari immobiliari","url":"https:\/\/www.immobilienbusiness.ch\/","logo":{"@type":"ImageObject","inLanguage":"it-IT","@id":"https:\/\/www.immobilienbusiness.ch\/#\/schema\/logo\/image\/","url":"https:\/\/www.immobilienbusiness.ch\/wp-content\/uploads\/2021\/07\/logo_ib.png","contentUrl":"https:\/\/www.immobilienbusiness.ch\/wp-content\/uploads\/2021\/07\/logo_ib.png","width":800,"height":181,"caption":"IMMOBILIEN Business"},"image":{"@id":"https:\/\/www.immobilienbusiness.ch\/#\/schema\/logo\/image\/"},"sameAs":["https:\/\/www.facebook.com\/immobilienbusiness\/"]},{"@type":"Person","@id":"https:\/\/www.immobilienbusiness.ch\/#\/schema\/person\/aba8bea2db926aa0c24c08c43fe1fcd5","name":"Alexander Wachter","image":{"@type":"ImageObject","inLanguage":"it-IT","@id":"https:\/\/secure.gravatar.com\/avatar\/1a09e471f5389b0e0a6416eac287e0927c7c97a7b77f9e787eba3af7aee281dd?s=96&d=mm&r=g","url":"https:\/\/secure.gravatar.com\/avatar\/1a09e471f5389b0e0a6416eac287e0927c7c97a7b77f9e787eba3af7aee281dd?s=96&d=mm&r=g","contentUrl":"https:\/\/secure.gravatar.com\/avatar\/1a09e471f5389b0e0a6416eac287e0927c7c97a7b77f9e787eba3af7aee281dd?s=96&d=mm&r=g","caption":"Alexander Wachter"},"url":"https:\/\/www.immobilienbusiness.ch\/it\/author\/alexander-wachter\/"}]}},"_links":{"self":[{"href":"https:\/\/www.immobilienbusiness.ch\/it\/wp-json\/wp\/v2\/posts\/61651","targetHints":{"allow":["GET"]}}],"collection":[{"href":"https:\/\/www.immobilienbusiness.ch\/it\/wp-json\/wp\/v2\/posts"}],"about":[{"href":"https:\/\/www.immobilienbusiness.ch\/it\/wp-json\/wp\/v2\/types\/post"}],"author":[{"embeddable":true,"href":"https:\/\/www.immobilienbusiness.ch\/it\/wp-json\/wp\/v2\/users\/102"}],"replies":[{"embeddable":true,"href":"https:\/\/www.immobilienbusiness.ch\/it\/wp-json\/wp\/v2\/comments?post=61651"}],"version-history":[{"count":1,"href":"https:\/\/www.immobilienbusiness.ch\/it\/wp-json\/wp\/v2\/posts\/61651\/revisions"}],"predecessor-version":[{"id":61652,"href":"https:\/\/www.immobilienbusiness.ch\/it\/wp-json\/wp\/v2\/posts\/61651\/revisions\/61652"}],"wp:featuredmedia":[{"embeddable":true,"href":"https:\/\/www.immobilienbusiness.ch\/it\/wp-json\/wp\/v2\/media\/39665"}],"wp:attachment":[{"href":"https:\/\/www.immobilienbusiness.ch\/it\/wp-json\/wp\/v2\/media?parent=61651"}],"wp:term":[{"taxonomy":"category","embeddable":true,"href":"https:\/\/www.immobilienbusiness.ch\/it\/wp-json\/wp\/v2\/categories?post=61651"},{"taxonomy":"post_tag","embeddable":true,"href":"https:\/\/www.immobilienbusiness.ch\/it\/wp-json\/wp\/v2\/tags?post=61651"}],"curies":[{"name":"wp","href":"https:\/\/api.w.org\/{rel}","templated":true}]}}