{"id":6163,"date":"2017-02-07T07:52:26","date_gmt":"2017-02-07T06:52:26","guid":{"rendered":"https:\/\/www.immobilienbusiness.ch\/?p=6163"},"modified":"2017-02-07T07:52:26","modified_gmt":"2017-02-07T06:52:26","slug":"bfw-reto-borner-wird-neuer-ceo","status":"publish","type":"post","link":"https:\/\/www.immobilienbusiness.ch\/it\/unternehmen\/2017-02-07\/bfw-reto-borner-wird-neuer-ceo\/","title":{"rendered":"bfw: Reto Borner diventa il nuovo CEO"},"content":{"rendered":"<figure id=\"attachment_6166\" aria-describedby=\"caption-attachment-6166\" style=\"width: 680px\" class=\"wp-caption alignnone\"><img loading=\"lazy\" decoding=\"async\" class=\"size-medium wp-image-6166\" src=\"https:\/\/www.immobilienbusiness.ch\/wp-content\/uploads\/2017\/02\/Depositphotos_52470619_l-2015.jpg\" alt=\"\" width=\"680\" height=\"527\" srcset=\"https:\/\/www.immobilienbusiness.ch\/wp-content\/uploads\/2017\/02\/Depositphotos_52470619_l-2015.jpg 2000w, https:\/\/www.immobilienbusiness.ch\/wp-content\/uploads\/2017\/02\/Depositphotos_52470619_l-2015-300x232.jpg 300w, https:\/\/www.immobilienbusiness.ch\/wp-content\/uploads\/2017\/02\/Depositphotos_52470619_l-2015-1024x793.jpg 1024w, https:\/\/www.immobilienbusiness.ch\/wp-content\/uploads\/2017\/02\/Depositphotos_52470619_l-2015-768x595.jpg 768w, https:\/\/www.immobilienbusiness.ch\/wp-content\/uploads\/2017\/02\/Depositphotos_52470619_l-2015-1536x1190.jpg 1536w, https:\/\/www.immobilienbusiness.ch\/wp-content\/uploads\/2017\/02\/Depositphotos_52470619_l-2015-16x12.jpg 16w, https:\/\/www.immobilienbusiness.ch\/wp-content\/uploads\/2017\/02\/Depositphotos_52470619_l-2015-226x175.jpg 226w, https:\/\/www.immobilienbusiness.ch\/wp-content\/uploads\/2017\/02\/Depositphotos_52470619_l-2015-452x350.jpg 452w, https:\/\/www.immobilienbusiness.ch\/wp-content\/uploads\/2017\/02\/Depositphotos_52470619_l-2015-1033x800.jpg 1033w, https:\/\/www.immobilienbusiness.ch\/wp-content\/uploads\/2017\/02\/Depositphotos_52470619_l-2015-920x713.jpg 920w, https:\/\/www.immobilienbusiness.ch\/wp-content\/uploads\/2017\/02\/Depositphotos_52470619_l-2015-1400x1084.jpg 1400w, https:\/\/www.immobilienbusiness.ch\/wp-content\/uploads\/2017\/02\/Depositphotos_52470619_l-2015-1808x1400.jpg 1808w\" sizes=\"auto, (max-width: 680px) 100vw, 680px\" \/><figcaption id=\"caption-attachment-6166\" class=\"wp-caption-text\">Cambiamento a livello di gestione di bfw liegenschaften (Foto: Rawpixel - depositphotos)<\/figcaption><\/figure>\n<p>Il successore di Beat Frischknecht, Reto Borner (43 anni), \u00e8 stato direttore finanziario (CFO) di bfw liegenschaften ag dal 2010 e in questo periodo ha sviluppato il portafoglio immobiliare della societ\u00e0 insieme a Frischknecht.<\/p>\n<p>Frischknecht \u00e8 il fondatore di bfw liegenschaften ed \u00e8 membro del Consiglio di amministrazione dal 2000. Dal 2000 fino alla fine di aprile 2006 e di nuovo dal 1\u00b0 luglio 2012, ha ricoperto anche il ruolo di Amministratore delegato (CEO) dell'azienda. Frischknecht si dimetter\u00e0 dal Consiglio di amministrazione alla fine di marzo 2017. Tuttavia, rimarr\u00e0 nell'azienda come membro del Consiglio di amministrazione e azionista di maggioranza.<\/p>\n<p>Philipp Hafen (41 anni) assumer\u00e0 la carica di CFO e diventer\u00e0 anche membro del Comitato esecutivo. Hafen \u00e8 un esperto fiduciario certificato e ha una vasta esperienza come CFO, anche presso Pretium AG, precedentemente quotata alla BX Berne eXchange. Hafen \u00e8 stato CFO di bfw verm\u00f6gensverwaltung ag dal 2009. Dal 2016 \u00e8 anche CFO di admicasa, con cui bfw liegenschaften ha stipulato accordi di servizio. Reto Borner e Philipp Hafen assumeranno le loro nuove posizioni il 1\u00b0 aprile 2017.<\/p>\n<h2>Previsto un risultato record per l'esercizio 2016<\/h2>\n<p>bfw liegenschaften ag prevede un risultato record per l'esercizio 2016. Secondo i risultati preliminari e non certificati, l'EBIT \u00e8 di 27,3 milioni di franchi svizzeri (anno precedente: 19,5 milioni di franchi svizzeri) e l'utile comprensivo di rivalutazione e imposte differite \u00e8 di 18,2 milioni di franchi svizzeri (anno precedente: 10,2 milioni di franchi svizzeri). Escludendo gli adeguamenti al valore equo degli swap su tassi d'interesse e delle swaption sui ricevitori, l'utile ammonta a circa 18,7 milioni di franchi svizzeri (anno precedente: 12,6 milioni di franchi svizzeri).<\/p>\n<p>Secondo la societ\u00e0, i ricavi da locazione sono aumentati di circa il 6% rispetto all'anno precedente e hanno raggiunto i 16,8 milioni di franchi (anno precedente: 15,9 milioni di franchi). La valutazione di mercato del portafoglio immobiliare ha portato a un reddito da rivalutazione di 13,2 milioni di franchi (anno precedente: 6,4 milioni di franchi). Secondo bfw, la variazione dei valori di mercato \u00e8 dovuta principalmente a \"un'ulteriore riduzione dei tassi di sconto da parte del perito immobiliare indipendente KPMG e al successo dello sviluppo dei progetti di conversione\".<\/p>\n<p>La societ\u00e0 pubblicher\u00e0 il rapporto annuale completo del 2016 e ulteriori dettagli sui risultati annuali il 15 marzo 2017.<\/p>","protected":false},"excerpt":{"rendered":"<p>Beat Frischknecht, membro del Consiglio di amministrazione e CEO di bfw liegenschaften ag, si dimetter\u00e0 dal Comitato esecutivo della societ\u00e0 alla fine di marzo 2017. Il suo successore come CEO sar\u00e0 Reto Borner, in precedenza CFO di bfw.<\/p>","protected":false},"author":3,"featured_media":6166,"comment_status":"open","ping_status":"open","sticky":false,"template":"","format":"standard","meta":{"_acf_changed":false,"_yoast_wpseo_focuskw":"Reto Borner","_yoast_wpseo_title":"","_yoast_wpseo_metadesc":"Reto Borner wird neuer CEO der bfw liegenschaften. Er folgt auf Beat Frischknecht, der Ende M\u00e4rz aus der Gesch\u00e4ftsleitung ausscheidet.","_yoast_wpseo_linkdex":84,"pgc_sgb_lightbox_settings":"","footnotes":""},"categories":[988],"tags":[1329,1563,1807],"class_list":["post-6163","post","type-post","status-publish","format-standard","has-post-thumbnail","hentry","category-unternehmen","tag-immobilien-ag","tag-personalia","tag-unternehmen"],"acf":[],"yoast_head":"<!-- This site is optimized with the Yoast SEO plugin v27.5 - https:\/\/yoast.com\/product\/yoast-seo-wordpress\/ -->\n<title>bfw: Reto Borner wird neuer CEO - IMMOBILIEN Business<\/title>\n<meta name=\"description\" content=\"Reto Borner wird neuer CEO der bfw liegenschaften. Er folgt auf Beat Frischknecht, der Ende M\u00e4rz aus der Gesch\u00e4ftsleitung ausscheidet.\" \/>\n<meta name=\"robots\" content=\"index, follow, max-snippet:-1, max-image-preview:large, max-video-preview:-1\" \/>\n<link rel=\"canonical\" href=\"https:\/\/www.immobilienbusiness.ch\/it\/unternehmen\/2017-02-07\/bfw-reto-borner-wird-neuer-ceo\/\" \/>\n<meta property=\"og:locale\" content=\"it_IT\" \/>\n<meta property=\"og:type\" content=\"article\" \/>\n<meta property=\"og:title\" content=\"bfw: Reto Borner wird neuer CEO\" \/>\n<meta property=\"og:description\" content=\"Reto Borner wird neuer CEO der bfw liegenschaften. Er folgt auf Beat Frischknecht, der Ende M\u00e4rz aus der Gesch\u00e4ftsleitung ausscheidet.\" \/>\n<meta property=\"og:url\" content=\"https:\/\/www.immobilienbusiness.ch\/it\/unternehmen\/2017-02-07\/bfw-reto-borner-wird-neuer-ceo\/\" \/>\n<meta property=\"og:site_name\" content=\"IMMOBILIEN Business\" \/>\n<meta property=\"article:publisher\" content=\"https:\/\/www.facebook.com\/immobilienbusiness\/\" \/>\n<meta property=\"article:published_time\" content=\"2017-02-07T06:52:26+00:00\" \/>\n<meta property=\"og:image\" content=\"https:\/\/www.immobilienbusiness.ch\/wp-content\/uploads\/2017\/02\/Depositphotos_52470619_l-2015-1024x793.jpg\" \/>\n\t<meta property=\"og:image:width\" content=\"1024\" \/>\n\t<meta property=\"og:image:height\" content=\"793\" \/>\n\t<meta property=\"og:image:type\" content=\"image\/jpeg\" \/>\n<meta name=\"author\" content=\"anja.hall\" \/>\n<meta name=\"twitter:card\" content=\"summary_large_image\" \/>\n<meta name=\"twitter:title\" content=\"Reto Borner wird neuer CEO der bfw liegenschaften. Er folgt auf Beat Frischknecht, der Ende M\u00e4rz aus der Gesch\u00e4ftsleitung ausscheidet.\" \/>\n<meta name=\"twitter:description\" content=\"Reto Borner wird neuer CEO der bfw liegenschaften. Er folgt auf Beat Frischknecht, der Ende M\u00e4rz aus der Gesch\u00e4ftsleitung ausscheidet.\" \/>\n<script type=\"application\/ld+json\" class=\"yoast-schema-graph\">{\"@context\":\"https:\\\/\\\/schema.org\",\"@graph\":[{\"@type\":\"Article\",\"@id\":\"https:\\\/\\\/www.immobilienbusiness.ch\\\/en\\\/unternehmen\\\/2017-02-07\\\/bfw-reto-borner-wird-neuer-ceo\\\/#article\",\"isPartOf\":{\"@id\":\"https:\\\/\\\/www.immobilienbusiness.ch\\\/en\\\/unternehmen\\\/2017-02-07\\\/bfw-reto-borner-wird-neuer-ceo\\\/\"},\"author\":{\"name\":\"anja.hall\",\"@id\":\"https:\\\/\\\/www.immobilienbusiness.ch\\\/#\\\/schema\\\/person\\\/3fc036297b10b9f42d6db5ee932af8c8\"},\"headline\":\"bfw: Reto Borner wird neuer CEO\",\"datePublished\":\"2017-02-07T06:52:26+00:00\",\"mainEntityOfPage\":{\"@id\":\"https:\\\/\\\/www.immobilienbusiness.ch\\\/en\\\/unternehmen\\\/2017-02-07\\\/bfw-reto-borner-wird-neuer-ceo\\\/\"},\"wordCount\":327,\"commentCount\":0,\"publisher\":{\"@id\":\"https:\\\/\\\/www.immobilienbusiness.ch\\\/#organization\"},\"image\":{\"@id\":\"https:\\\/\\\/www.immobilienbusiness.ch\\\/en\\\/unternehmen\\\/2017-02-07\\\/bfw-reto-borner-wird-neuer-ceo\\\/#primaryimage\"},\"thumbnailUrl\":\"https:\\\/\\\/www.immobilienbusiness.ch\\\/wp-content\\\/uploads\\\/2017\\\/02\\\/Depositphotos_52470619_l-2015.jpg\",\"keywords\":[\"Immobilien-AG\",\"Personalia\",\"Unternehmen\"],\"articleSection\":[\"UNTERNEHMEN\"],\"inLanguage\":\"it-IT\"},{\"@type\":\"WebPage\",\"@id\":\"https:\\\/\\\/www.immobilienbusiness.ch\\\/en\\\/unternehmen\\\/2017-02-07\\\/bfw-reto-borner-wird-neuer-ceo\\\/\",\"url\":\"https:\\\/\\\/www.immobilienbusiness.ch\\\/en\\\/unternehmen\\\/2017-02-07\\\/bfw-reto-borner-wird-neuer-ceo\\\/\",\"name\":\"bfw: Reto Borner wird neuer CEO - IMMOBILIEN Business\",\"isPartOf\":{\"@id\":\"https:\\\/\\\/www.immobilienbusiness.ch\\\/#website\"},\"primaryImageOfPage\":{\"@id\":\"https:\\\/\\\/www.immobilienbusiness.ch\\\/en\\\/unternehmen\\\/2017-02-07\\\/bfw-reto-borner-wird-neuer-ceo\\\/#primaryimage\"},\"image\":{\"@id\":\"https:\\\/\\\/www.immobilienbusiness.ch\\\/en\\\/unternehmen\\\/2017-02-07\\\/bfw-reto-borner-wird-neuer-ceo\\\/#primaryimage\"},\"thumbnailUrl\":\"https:\\\/\\\/www.immobilienbusiness.ch\\\/wp-content\\\/uploads\\\/2017\\\/02\\\/Depositphotos_52470619_l-2015.jpg\",\"datePublished\":\"2017-02-07T06:52:26+00:00\",\"description\":\"Reto Borner wird neuer CEO der bfw liegenschaften. Er folgt auf Beat Frischknecht, der Ende M\u00e4rz aus der Gesch\u00e4ftsleitung ausscheidet.\",\"breadcrumb\":{\"@id\":\"https:\\\/\\\/www.immobilienbusiness.ch\\\/en\\\/unternehmen\\\/2017-02-07\\\/bfw-reto-borner-wird-neuer-ceo\\\/#breadcrumb\"},\"inLanguage\":\"it-IT\",\"potentialAction\":[{\"@type\":\"ReadAction\",\"target\":[\"https:\\\/\\\/www.immobilienbusiness.ch\\\/en\\\/unternehmen\\\/2017-02-07\\\/bfw-reto-borner-wird-neuer-ceo\\\/\"]}]},{\"@type\":\"ImageObject\",\"inLanguage\":\"it-IT\",\"@id\":\"https:\\\/\\\/www.immobilienbusiness.ch\\\/en\\\/unternehmen\\\/2017-02-07\\\/bfw-reto-borner-wird-neuer-ceo\\\/#primaryimage\",\"url\":\"https:\\\/\\\/www.immobilienbusiness.ch\\\/wp-content\\\/uploads\\\/2017\\\/02\\\/Depositphotos_52470619_l-2015.jpg\",\"contentUrl\":\"https:\\\/\\\/www.immobilienbusiness.ch\\\/wp-content\\\/uploads\\\/2017\\\/02\\\/Depositphotos_52470619_l-2015.jpg\",\"width\":2000,\"height\":1549,\"caption\":\"HRS stellt den Bereich Kommunikation und Marketing neu auf (Foto: Rawpixel - depositphotos)\"},{\"@type\":\"BreadcrumbList\",\"@id\":\"https:\\\/\\\/www.immobilienbusiness.ch\\\/en\\\/unternehmen\\\/2017-02-07\\\/bfw-reto-borner-wird-neuer-ceo\\\/#breadcrumb\",\"itemListElement\":[{\"@type\":\"ListItem\",\"position\":1,\"name\":\"Home\",\"item\":\"https:\\\/\\\/www.immobilienbusiness.ch\\\/\"},{\"@type\":\"ListItem\",\"position\":2,\"name\":\"bfw: Reto Borner wird neuer CEO\"}]},{\"@type\":\"WebSite\",\"@id\":\"https:\\\/\\\/www.immobilienbusiness.ch\\\/#website\",\"url\":\"https:\\\/\\\/www.immobilienbusiness.ch\\\/\",\"name\":\"IMMOBILIEN Business\",\"description\":\"Unabh\u00e4ngiges Schweizer Wirtschaftsmagazin mit Fokus auf Immobilien, Architektur- und Bau sowie Investment- und Finanzierung.\",\"publisher\":{\"@id\":\"https:\\\/\\\/www.immobilienbusiness.ch\\\/#organization\"},\"potentialAction\":[{\"@type\":\"SearchAction\",\"target\":{\"@type\":\"EntryPoint\",\"urlTemplate\":\"https:\\\/\\\/www.immobilienbusiness.ch\\\/?s={search_term_string}\"},\"query-input\":{\"@type\":\"PropertyValueSpecification\",\"valueRequired\":true,\"valueName\":\"search_term_string\"}}],\"inLanguage\":\"it-IT\"},{\"@type\":\"Organization\",\"@id\":\"https:\\\/\\\/www.immobilienbusiness.ch\\\/#organization\",\"name\":\"IMMOBILIEN Business\",\"url\":\"https:\\\/\\\/www.immobilienbusiness.ch\\\/\",\"logo\":{\"@type\":\"ImageObject\",\"inLanguage\":\"it-IT\",\"@id\":\"https:\\\/\\\/www.immobilienbusiness.ch\\\/#\\\/schema\\\/logo\\\/image\\\/\",\"url\":\"https:\\\/\\\/www.immobilienbusiness.ch\\\/wp-content\\\/uploads\\\/2021\\\/07\\\/logo_ib.png\",\"contentUrl\":\"https:\\\/\\\/www.immobilienbusiness.ch\\\/wp-content\\\/uploads\\\/2021\\\/07\\\/logo_ib.png\",\"width\":800,\"height\":181,\"caption\":\"IMMOBILIEN Business\"},\"image\":{\"@id\":\"https:\\\/\\\/www.immobilienbusiness.ch\\\/#\\\/schema\\\/logo\\\/image\\\/\"},\"sameAs\":[\"https:\\\/\\\/www.facebook.com\\\/immobilienbusiness\\\/\"]},{\"@type\":\"Person\",\"@id\":\"https:\\\/\\\/www.immobilienbusiness.ch\\\/#\\\/schema\\\/person\\\/3fc036297b10b9f42d6db5ee932af8c8\",\"name\":\"anja.hall\",\"image\":{\"@type\":\"ImageObject\",\"inLanguage\":\"it-IT\",\"@id\":\"https:\\\/\\\/secure.gravatar.com\\\/avatar\\\/066b5a0d447013502c71a5782f4f3469f03cfe595cc2329fb94652fe47511bfb?s=96&d=mm&r=g\",\"url\":\"https:\\\/\\\/secure.gravatar.com\\\/avatar\\\/066b5a0d447013502c71a5782f4f3469f03cfe595cc2329fb94652fe47511bfb?s=96&d=mm&r=g\",\"contentUrl\":\"https:\\\/\\\/secure.gravatar.com\\\/avatar\\\/066b5a0d447013502c71a5782f4f3469f03cfe595cc2329fb94652fe47511bfb?s=96&d=mm&r=g\",\"caption\":\"anja.hall\"},\"url\":\"https:\\\/\\\/www.immobilienbusiness.ch\\\/it\\\/author\\\/anja-hall\\\/\"}]}<\/script>\n<!-- \/ Yoast SEO plugin. -->","yoast_head_json":{"title":"bfw: Reto Borner wird neuer CEO - IMMOBILIEN Business","description":"Reto Borner wird neuer CEO der bfw liegenschaften. Er folgt auf Beat Frischknecht, der Ende M\u00e4rz aus der Gesch\u00e4ftsleitung ausscheidet.","robots":{"index":"index","follow":"follow","max-snippet":"max-snippet:-1","max-image-preview":"max-image-preview:large","max-video-preview":"max-video-preview:-1"},"canonical":"https:\/\/www.immobilienbusiness.ch\/it\/unternehmen\/2017-02-07\/bfw-reto-borner-wird-neuer-ceo\/","og_locale":"it_IT","og_type":"article","og_title":"bfw: Reto Borner wird neuer CEO","og_description":"Reto Borner wird neuer CEO der bfw liegenschaften. Er folgt auf Beat Frischknecht, der Ende M\u00e4rz aus der Gesch\u00e4ftsleitung ausscheidet.","og_url":"https:\/\/www.immobilienbusiness.ch\/it\/unternehmen\/2017-02-07\/bfw-reto-borner-wird-neuer-ceo\/","og_site_name":"IMMOBILIEN Business","article_publisher":"https:\/\/www.facebook.com\/immobilienbusiness\/","article_published_time":"2017-02-07T06:52:26+00:00","og_image":[{"width":1024,"height":793,"url":"https:\/\/www.immobilienbusiness.ch\/wp-content\/uploads\/2017\/02\/Depositphotos_52470619_l-2015-1024x793.jpg","type":"image\/jpeg"}],"author":"anja.hall","twitter_card":"summary_large_image","twitter_title":"Reto Borner wird neuer CEO der bfw liegenschaften. Er folgt auf Beat Frischknecht, der Ende M\u00e4rz aus der Gesch\u00e4ftsleitung ausscheidet.","twitter_description":"Reto Borner wird neuer CEO der bfw liegenschaften. Er folgt auf Beat Frischknecht, der Ende M\u00e4rz aus der Gesch\u00e4ftsleitung ausscheidet.","schema":{"@context":"https:\/\/schema.org","@graph":[{"@type":"Article","@id":"https:\/\/www.immobilienbusiness.ch\/en\/unternehmen\/2017-02-07\/bfw-reto-borner-wird-neuer-ceo\/#article","isPartOf":{"@id":"https:\/\/www.immobilienbusiness.ch\/en\/unternehmen\/2017-02-07\/bfw-reto-borner-wird-neuer-ceo\/"},"author":{"name":"anja.hall","@id":"https:\/\/www.immobilienbusiness.ch\/#\/schema\/person\/3fc036297b10b9f42d6db5ee932af8c8"},"headline":"bfw: Reto Borner wird neuer CEO","datePublished":"2017-02-07T06:52:26+00:00","mainEntityOfPage":{"@id":"https:\/\/www.immobilienbusiness.ch\/en\/unternehmen\/2017-02-07\/bfw-reto-borner-wird-neuer-ceo\/"},"wordCount":327,"commentCount":0,"publisher":{"@id":"https:\/\/www.immobilienbusiness.ch\/#organization"},"image":{"@id":"https:\/\/www.immobilienbusiness.ch\/en\/unternehmen\/2017-02-07\/bfw-reto-borner-wird-neuer-ceo\/#primaryimage"},"thumbnailUrl":"https:\/\/www.immobilienbusiness.ch\/wp-content\/uploads\/2017\/02\/Depositphotos_52470619_l-2015.jpg","keywords":["Immobilien-AG","Personalia","Unternehmen"],"articleSection":["UNTERNEHMEN"],"inLanguage":"it-IT"},{"@type":"WebPage","@id":"https:\/\/www.immobilienbusiness.ch\/en\/unternehmen\/2017-02-07\/bfw-reto-borner-wird-neuer-ceo\/","url":"https:\/\/www.immobilienbusiness.ch\/en\/unternehmen\/2017-02-07\/bfw-reto-borner-wird-neuer-ceo\/","name":"bfw: Reto Borner wird neuer CEO - IMMOBILIEN Business","isPartOf":{"@id":"https:\/\/www.immobilienbusiness.ch\/#website"},"primaryImageOfPage":{"@id":"https:\/\/www.immobilienbusiness.ch\/en\/unternehmen\/2017-02-07\/bfw-reto-borner-wird-neuer-ceo\/#primaryimage"},"image":{"@id":"https:\/\/www.immobilienbusiness.ch\/en\/unternehmen\/2017-02-07\/bfw-reto-borner-wird-neuer-ceo\/#primaryimage"},"thumbnailUrl":"https:\/\/www.immobilienbusiness.ch\/wp-content\/uploads\/2017\/02\/Depositphotos_52470619_l-2015.jpg","datePublished":"2017-02-07T06:52:26+00:00","description":"Reto Borner wird neuer CEO der bfw liegenschaften. Er folgt auf Beat Frischknecht, der Ende M\u00e4rz aus der Gesch\u00e4ftsleitung ausscheidet.","breadcrumb":{"@id":"https:\/\/www.immobilienbusiness.ch\/en\/unternehmen\/2017-02-07\/bfw-reto-borner-wird-neuer-ceo\/#breadcrumb"},"inLanguage":"it-IT","potentialAction":[{"@type":"ReadAction","target":["https:\/\/www.immobilienbusiness.ch\/en\/unternehmen\/2017-02-07\/bfw-reto-borner-wird-neuer-ceo\/"]}]},{"@type":"ImageObject","inLanguage":"it-IT","@id":"https:\/\/www.immobilienbusiness.ch\/en\/unternehmen\/2017-02-07\/bfw-reto-borner-wird-neuer-ceo\/#primaryimage","url":"https:\/\/www.immobilienbusiness.ch\/wp-content\/uploads\/2017\/02\/Depositphotos_52470619_l-2015.jpg","contentUrl":"https:\/\/www.immobilienbusiness.ch\/wp-content\/uploads\/2017\/02\/Depositphotos_52470619_l-2015.jpg","width":2000,"height":1549,"caption":"HRS stellt den Bereich Kommunikation und Marketing neu auf (Foto: Rawpixel - depositphotos)"},{"@type":"BreadcrumbList","@id":"https:\/\/www.immobilienbusiness.ch\/en\/unternehmen\/2017-02-07\/bfw-reto-borner-wird-neuer-ceo\/#breadcrumb","itemListElement":[{"@type":"ListItem","position":1,"name":"Home","item":"https:\/\/www.immobilienbusiness.ch\/"},{"@type":"ListItem","position":2,"name":"bfw: Reto Borner wird neuer CEO"}]},{"@type":"WebSite","@id":"https:\/\/www.immobilienbusiness.ch\/#website","url":"https:\/\/www.immobilienbusiness.ch\/","name":"Affari immobiliari","description":"Rivista economica indipendente svizzera che si concentra sul settore immobiliare, l'architettura e la costruzione, nonch\u00e9 sugli investimenti e i finanziamenti.","publisher":{"@id":"https:\/\/www.immobilienbusiness.ch\/#organization"},"potentialAction":[{"@type":"SearchAction","target":{"@type":"EntryPoint","urlTemplate":"https:\/\/www.immobilienbusiness.ch\/?s={search_term_string}"},"query-input":{"@type":"PropertyValueSpecification","valueRequired":true,"valueName":"search_term_string"}}],"inLanguage":"it-IT"},{"@type":"Organization","@id":"https:\/\/www.immobilienbusiness.ch\/#organization","name":"Affari immobiliari","url":"https:\/\/www.immobilienbusiness.ch\/","logo":{"@type":"ImageObject","inLanguage":"it-IT","@id":"https:\/\/www.immobilienbusiness.ch\/#\/schema\/logo\/image\/","url":"https:\/\/www.immobilienbusiness.ch\/wp-content\/uploads\/2021\/07\/logo_ib.png","contentUrl":"https:\/\/www.immobilienbusiness.ch\/wp-content\/uploads\/2021\/07\/logo_ib.png","width":800,"height":181,"caption":"IMMOBILIEN Business"},"image":{"@id":"https:\/\/www.immobilienbusiness.ch\/#\/schema\/logo\/image\/"},"sameAs":["https:\/\/www.facebook.com\/immobilienbusiness\/"]},{"@type":"Person","@id":"https:\/\/www.immobilienbusiness.ch\/#\/schema\/person\/3fc036297b10b9f42d6db5ee932af8c8","name":"anja.hall","image":{"@type":"ImageObject","inLanguage":"it-IT","@id":"https:\/\/secure.gravatar.com\/avatar\/066b5a0d447013502c71a5782f4f3469f03cfe595cc2329fb94652fe47511bfb?s=96&d=mm&r=g","url":"https:\/\/secure.gravatar.com\/avatar\/066b5a0d447013502c71a5782f4f3469f03cfe595cc2329fb94652fe47511bfb?s=96&d=mm&r=g","contentUrl":"https:\/\/secure.gravatar.com\/avatar\/066b5a0d447013502c71a5782f4f3469f03cfe595cc2329fb94652fe47511bfb?s=96&d=mm&r=g","caption":"anja.hall"},"url":"https:\/\/www.immobilienbusiness.ch\/it\/author\/anja-hall\/"}]}},"_links":{"self":[{"href":"https:\/\/www.immobilienbusiness.ch\/it\/wp-json\/wp\/v2\/posts\/6163","targetHints":{"allow":["GET"]}}],"collection":[{"href":"https:\/\/www.immobilienbusiness.ch\/it\/wp-json\/wp\/v2\/posts"}],"about":[{"href":"https:\/\/www.immobilienbusiness.ch\/it\/wp-json\/wp\/v2\/types\/post"}],"author":[{"embeddable":true,"href":"https:\/\/www.immobilienbusiness.ch\/it\/wp-json\/wp\/v2\/users\/3"}],"replies":[{"embeddable":true,"href":"https:\/\/www.immobilienbusiness.ch\/it\/wp-json\/wp\/v2\/comments?post=6163"}],"version-history":[{"count":0,"href":"https:\/\/www.immobilienbusiness.ch\/it\/wp-json\/wp\/v2\/posts\/6163\/revisions"}],"wp:featuredmedia":[{"embeddable":true,"href":"https:\/\/www.immobilienbusiness.ch\/it\/wp-json\/wp\/v2\/media\/6166"}],"wp:attachment":[{"href":"https:\/\/www.immobilienbusiness.ch\/it\/wp-json\/wp\/v2\/media?parent=6163"}],"wp:term":[{"taxonomy":"category","embeddable":true,"href":"https:\/\/www.immobilienbusiness.ch\/it\/wp-json\/wp\/v2\/categories?post=6163"},{"taxonomy":"post_tag","embeddable":true,"href":"https:\/\/www.immobilienbusiness.ch\/it\/wp-json\/wp\/v2\/tags?post=6163"}],"curies":[{"name":"wp","href":"https:\/\/api.w.org\/{rel}","templated":true}]}}