{"id":61079,"date":"2024-10-17T09:07:57","date_gmt":"2024-10-17T07:07:57","guid":{"rendered":"https:\/\/www.immobilienbusiness.ch\/?p=61079"},"modified":"2025-03-05T09:48:11","modified_gmt":"2025-03-05T08:48:11","slug":"von-graffenried-sicav-emission-erloest-325-millionen","status":"publish","type":"post","link":"https:\/\/www.immobilienbusiness.ch\/it\/unternehmen\/2024-10-17\/von-graffenried-sicav-emission-erloest-325-millionen\/","title":{"rendered":"Von Graffenried SICAV: l'emissione raccoglie 32,5 milioni di euro"},"content":{"rendered":"<figure id=\"attachment_6077\" aria-describedby=\"caption-attachment-6077\" style=\"width: 1280px\" class=\"wp-caption alignnone\"><a href=\"https:\/\/www.immobilienbusiness.ch\/wp-content\/uploads\/2017\/01\/windows-1076116_1280.jpg\"><img loading=\"lazy\" decoding=\"async\" class=\"size-full wp-image-6077\" src=\"https:\/\/www.immobilienbusiness.ch\/wp-content\/uploads\/2017\/01\/windows-1076116_1280.jpg\" alt=\"\" width=\"1280\" height=\"1171\" srcset=\"https:\/\/www.immobilienbusiness.ch\/wp-content\/uploads\/2017\/01\/windows-1076116_1280.jpg 1280w, https:\/\/www.immobilienbusiness.ch\/wp-content\/uploads\/2017\/01\/windows-1076116_1280-300x274.jpg 300w, https:\/\/www.immobilienbusiness.ch\/wp-content\/uploads\/2017\/01\/windows-1076116_1280-1024x937.jpg 1024w, https:\/\/www.immobilienbusiness.ch\/wp-content\/uploads\/2017\/01\/windows-1076116_1280-768x703.jpg 768w, https:\/\/www.immobilienbusiness.ch\/wp-content\/uploads\/2017\/01\/windows-1076116_1280-13x12.jpg 13w, https:\/\/www.immobilienbusiness.ch\/wp-content\/uploads\/2017\/01\/windows-1076116_1280-191x175.jpg 191w, https:\/\/www.immobilienbusiness.ch\/wp-content\/uploads\/2017\/01\/windows-1076116_1280-383x350.jpg 383w, https:\/\/www.immobilienbusiness.ch\/wp-content\/uploads\/2017\/01\/windows-1076116_1280-874x800.jpg 874w, https:\/\/www.immobilienbusiness.ch\/wp-content\/uploads\/2017\/01\/windows-1076116_1280-920x842.jpg 920w\" sizes=\"auto, (max-width: 1280px) 100vw, 1280px\" \/><\/a><figcaption id=\"caption-attachment-6077\" class=\"wp-caption-text\">Il fondo specializzato in immobili residenziali ha effettuato un aumento di capitale (immagine simbolica: Pixabay)<\/figcaption><\/figure>\n<p>A settembre la Von Graffenried Immobilien SICAV ha effettuato un aumento di capitale. Sono state sottoscritte 295.492 nuove azioni e sono stati raccolti 32,5 milioni di franchi svizzeri. I nuovi fondi saranno utilizzati per ridurre il rapporto di indebitamento, per i progetti in corso e per le acquisizioni. Quando sono stati annunciati i piani per il quarto aumento di capitale, \u00e8 stato dichiarato un obiettivo di emissione fino a 55 milioni di franchi svizzeri.<br \/>\nIl primo fondo immobiliare della Private Bank Von Graffenried \u00e8 stato lanciato nel marzo 2020. Il valore di mercato delle propriet\u00e0 con 704 appartamenti ammonta attualmente a 285 milioni di franchi svizzeri.<em> (aw)<\/em><\/p>","protected":false},"excerpt":{"rendered":"<p>Il volume massimo non \u00e8 stato interamente utilizzato nel quarto aumento di capitale del fondo.<\/p>","protected":false},"author":102,"featured_media":6077,"comment_status":"closed","ping_status":"closed","sticky":false,"template":"","format":"standard","meta":{"_acf_changed":false,"_yoast_wpseo_focuskw":"Graffenried","_yoast_wpseo_title":"","_yoast_wpseo_metadesc":"Bei der vierten Kapitalerh\u00f6hung des Fonds wurde das maximale Volumen nicht ganz ausgesch\u00f6pft.","_yoast_wpseo_linkdex":43,"pgc_sgb_lightbox_settings":"","footnotes":""},"categories":[988],"tags":[1946],"class_list":["post-61079","post","type-post","status-publish","format-standard","has-post-thumbnail","hentry","category-unternehmen","tag-von-graffenried"],"acf":[],"yoast_head":"<!-- This site is optimized with the Yoast SEO plugin v27.4 - https:\/\/yoast.com\/product\/yoast-seo-wordpress\/ -->\n<title>Von Graffenried SICAV: Emission erl\u00f6st 32,5 Millionen - IMMOBILIEN Business<\/title>\n<meta name=\"description\" content=\"Bei der vierten Kapitalerh\u00f6hung des Fonds wurde das maximale Volumen nicht ganz ausgesch\u00f6pft.\" \/>\n<meta name=\"robots\" content=\"index, follow, max-snippet:-1, max-image-preview:large, max-video-preview:-1\" \/>\n<link rel=\"canonical\" href=\"https:\/\/www.immobilienbusiness.ch\/it\/unternehmen\/2024-10-17\/von-graffenried-sicav-emission-erloest-325-millionen\/\" \/>\n<meta property=\"og:locale\" content=\"it_IT\" \/>\n<meta property=\"og:type\" content=\"article\" \/>\n<meta property=\"og:title\" content=\"Von Graffenried SICAV: Emission erl\u00f6st 32,5 Millionen - IMMOBILIEN Business\" \/>\n<meta property=\"og:description\" content=\"Bei der vierten Kapitalerh\u00f6hung des Fonds wurde das maximale Volumen nicht ganz ausgesch\u00f6pft.\" \/>\n<meta property=\"og:url\" content=\"https:\/\/www.immobilienbusiness.ch\/it\/unternehmen\/2024-10-17\/von-graffenried-sicav-emission-erloest-325-millionen\/\" \/>\n<meta property=\"og:site_name\" content=\"IMMOBILIEN Business\" \/>\n<meta property=\"article:publisher\" content=\"https:\/\/www.facebook.com\/immobilienbusiness\/\" \/>\n<meta property=\"article:published_time\" content=\"2024-10-17T07:07:57+00:00\" \/>\n<meta property=\"article:modified_time\" content=\"2025-03-05T08:48:11+00:00\" \/>\n<meta property=\"og:image\" content=\"https:\/\/www.immobilienbusiness.ch\/wp-content\/uploads\/2017\/01\/windows-1076116_1280.jpg\" \/>\n\t<meta property=\"og:image:width\" content=\"1280\" \/>\n\t<meta property=\"og:image:height\" content=\"1171\" \/>\n\t<meta property=\"og:image:type\" content=\"image\/jpeg\" \/>\n<meta name=\"author\" content=\"Alexander Wachter\" \/>\n<meta name=\"twitter:card\" content=\"summary_large_image\" \/>\n<script type=\"application\/ld+json\" class=\"yoast-schema-graph\">{\"@context\":\"https:\\\/\\\/schema.org\",\"@graph\":[{\"@type\":\"Article\",\"@id\":\"https:\\\/\\\/www.immobilienbusiness.ch\\\/de\\\/unternehmen\\\/2024-10-17\\\/von-graffenried-sicav-emission-erloest-325-millionen\\\/#article\",\"isPartOf\":{\"@id\":\"https:\\\/\\\/www.immobilienbusiness.ch\\\/de\\\/unternehmen\\\/2024-10-17\\\/von-graffenried-sicav-emission-erloest-325-millionen\\\/\"},\"author\":{\"name\":\"Alexander Wachter\",\"@id\":\"https:\\\/\\\/www.immobilienbusiness.ch\\\/#\\\/schema\\\/person\\\/aba8bea2db926aa0c24c08c43fe1fcd5\"},\"headline\":\"Von Graffenried SICAV: Emission erl\u00f6st 32,5 Millionen\",\"datePublished\":\"2024-10-17T07:07:57+00:00\",\"dateModified\":\"2025-03-05T08:48:11+00:00\",\"mainEntityOfPage\":{\"@id\":\"https:\\\/\\\/www.immobilienbusiness.ch\\\/de\\\/unternehmen\\\/2024-10-17\\\/von-graffenried-sicav-emission-erloest-325-millionen\\\/\"},\"wordCount\":114,\"publisher\":{\"@id\":\"https:\\\/\\\/www.immobilienbusiness.ch\\\/#organization\"},\"image\":{\"@id\":\"https:\\\/\\\/www.immobilienbusiness.ch\\\/de\\\/unternehmen\\\/2024-10-17\\\/von-graffenried-sicav-emission-erloest-325-millionen\\\/#primaryimage\"},\"thumbnailUrl\":\"https:\\\/\\\/www.immobilienbusiness.ch\\\/wp-content\\\/uploads\\\/2017\\\/01\\\/windows-1076116_1280.jpg\",\"keywords\":[\"Von Graffenried\"],\"articleSection\":[\"UNTERNEHMEN\"],\"inLanguage\":\"it-IT\"},{\"@type\":\"WebPage\",\"@id\":\"https:\\\/\\\/www.immobilienbusiness.ch\\\/de\\\/unternehmen\\\/2024-10-17\\\/von-graffenried-sicav-emission-erloest-325-millionen\\\/\",\"url\":\"https:\\\/\\\/www.immobilienbusiness.ch\\\/de\\\/unternehmen\\\/2024-10-17\\\/von-graffenried-sicav-emission-erloest-325-millionen\\\/\",\"name\":\"Von Graffenried SICAV: Emission erl\u00f6st 32,5 Millionen - IMMOBILIEN Business\",\"isPartOf\":{\"@id\":\"https:\\\/\\\/www.immobilienbusiness.ch\\\/#website\"},\"primaryImageOfPage\":{\"@id\":\"https:\\\/\\\/www.immobilienbusiness.ch\\\/de\\\/unternehmen\\\/2024-10-17\\\/von-graffenried-sicav-emission-erloest-325-millionen\\\/#primaryimage\"},\"image\":{\"@id\":\"https:\\\/\\\/www.immobilienbusiness.ch\\\/de\\\/unternehmen\\\/2024-10-17\\\/von-graffenried-sicav-emission-erloest-325-millionen\\\/#primaryimage\"},\"thumbnailUrl\":\"https:\\\/\\\/www.immobilienbusiness.ch\\\/wp-content\\\/uploads\\\/2017\\\/01\\\/windows-1076116_1280.jpg\",\"datePublished\":\"2024-10-17T07:07:57+00:00\",\"dateModified\":\"2025-03-05T08:48:11+00:00\",\"description\":\"Bei der vierten Kapitalerh\u00f6hung des Fonds wurde das maximale Volumen nicht ganz ausgesch\u00f6pft.\",\"breadcrumb\":{\"@id\":\"https:\\\/\\\/www.immobilienbusiness.ch\\\/de\\\/unternehmen\\\/2024-10-17\\\/von-graffenried-sicav-emission-erloest-325-millionen\\\/#breadcrumb\"},\"inLanguage\":\"it-IT\",\"potentialAction\":[{\"@type\":\"ReadAction\",\"target\":[\"https:\\\/\\\/www.immobilienbusiness.ch\\\/de\\\/unternehmen\\\/2024-10-17\\\/von-graffenried-sicav-emission-erloest-325-millionen\\\/\"]}]},{\"@type\":\"ImageObject\",\"inLanguage\":\"it-IT\",\"@id\":\"https:\\\/\\\/www.immobilienbusiness.ch\\\/de\\\/unternehmen\\\/2024-10-17\\\/von-graffenried-sicav-emission-erloest-325-millionen\\\/#primaryimage\",\"url\":\"https:\\\/\\\/www.immobilienbusiness.ch\\\/wp-content\\\/uploads\\\/2017\\\/01\\\/windows-1076116_1280.jpg\",\"contentUrl\":\"https:\\\/\\\/www.immobilienbusiness.ch\\\/wp-content\\\/uploads\\\/2017\\\/01\\\/windows-1076116_1280.jpg\",\"width\":1280,\"height\":1171,\"caption\":\"Ein auf Wohnimmobilien fokussiertes Teilverm\u00f6gen der Procimmo SICAV sucht frisches Kapital (Symbolbild: Pixabay)\"},{\"@type\":\"BreadcrumbList\",\"@id\":\"https:\\\/\\\/www.immobilienbusiness.ch\\\/de\\\/unternehmen\\\/2024-10-17\\\/von-graffenried-sicav-emission-erloest-325-millionen\\\/#breadcrumb\",\"itemListElement\":[{\"@type\":\"ListItem\",\"position\":1,\"name\":\"Home\",\"item\":\"https:\\\/\\\/www.immobilienbusiness.ch\\\/\"},{\"@type\":\"ListItem\",\"position\":2,\"name\":\"Von Graffenried SICAV: Emission erl\u00f6st 32,5 Millionen\"}]},{\"@type\":\"WebSite\",\"@id\":\"https:\\\/\\\/www.immobilienbusiness.ch\\\/#website\",\"url\":\"https:\\\/\\\/www.immobilienbusiness.ch\\\/\",\"name\":\"IMMOBILIEN Business\",\"description\":\"Unabh\u00e4ngiges Schweizer Wirtschaftsmagazin mit Fokus auf Immobilien, Architektur- und Bau sowie Investment- und Finanzierung.\",\"publisher\":{\"@id\":\"https:\\\/\\\/www.immobilienbusiness.ch\\\/#organization\"},\"potentialAction\":[{\"@type\":\"SearchAction\",\"target\":{\"@type\":\"EntryPoint\",\"urlTemplate\":\"https:\\\/\\\/www.immobilienbusiness.ch\\\/?s={search_term_string}\"},\"query-input\":{\"@type\":\"PropertyValueSpecification\",\"valueRequired\":true,\"valueName\":\"search_term_string\"}}],\"inLanguage\":\"it-IT\"},{\"@type\":\"Organization\",\"@id\":\"https:\\\/\\\/www.immobilienbusiness.ch\\\/#organization\",\"name\":\"IMMOBILIEN Business\",\"url\":\"https:\\\/\\\/www.immobilienbusiness.ch\\\/\",\"logo\":{\"@type\":\"ImageObject\",\"inLanguage\":\"it-IT\",\"@id\":\"https:\\\/\\\/www.immobilienbusiness.ch\\\/#\\\/schema\\\/logo\\\/image\\\/\",\"url\":\"https:\\\/\\\/www.immobilienbusiness.ch\\\/wp-content\\\/uploads\\\/2021\\\/07\\\/logo_ib.png\",\"contentUrl\":\"https:\\\/\\\/www.immobilienbusiness.ch\\\/wp-content\\\/uploads\\\/2021\\\/07\\\/logo_ib.png\",\"width\":800,\"height\":181,\"caption\":\"IMMOBILIEN Business\"},\"image\":{\"@id\":\"https:\\\/\\\/www.immobilienbusiness.ch\\\/#\\\/schema\\\/logo\\\/image\\\/\"},\"sameAs\":[\"https:\\\/\\\/www.facebook.com\\\/immobilienbusiness\\\/\"]},{\"@type\":\"Person\",\"@id\":\"https:\\\/\\\/www.immobilienbusiness.ch\\\/#\\\/schema\\\/person\\\/aba8bea2db926aa0c24c08c43fe1fcd5\",\"name\":\"Alexander Wachter\",\"image\":{\"@type\":\"ImageObject\",\"inLanguage\":\"it-IT\",\"@id\":\"https:\\\/\\\/secure.gravatar.com\\\/avatar\\\/1a09e471f5389b0e0a6416eac287e0927c7c97a7b77f9e787eba3af7aee281dd?s=96&d=mm&r=g\",\"url\":\"https:\\\/\\\/secure.gravatar.com\\\/avatar\\\/1a09e471f5389b0e0a6416eac287e0927c7c97a7b77f9e787eba3af7aee281dd?s=96&d=mm&r=g\",\"contentUrl\":\"https:\\\/\\\/secure.gravatar.com\\\/avatar\\\/1a09e471f5389b0e0a6416eac287e0927c7c97a7b77f9e787eba3af7aee281dd?s=96&d=mm&r=g\",\"caption\":\"Alexander Wachter\"},\"url\":\"https:\\\/\\\/www.immobilienbusiness.ch\\\/it\\\/author\\\/alexander-wachter\\\/\"}]}<\/script>\n<!-- \/ Yoast SEO plugin. -->","yoast_head_json":{"title":"Von Graffenried SICAV: Emission erl\u00f6st 32,5 Millionen - IMMOBILIEN Business","description":"Il volume massimo non \u00e8 stato interamente utilizzato nel quarto aumento di capitale del fondo.","robots":{"index":"index","follow":"follow","max-snippet":"max-snippet:-1","max-image-preview":"max-image-preview:large","max-video-preview":"max-video-preview:-1"},"canonical":"https:\/\/www.immobilienbusiness.ch\/it\/unternehmen\/2024-10-17\/von-graffenried-sicav-emission-erloest-325-millionen\/","og_locale":"it_IT","og_type":"article","og_title":"Von Graffenried SICAV: Emission erl\u00f6st 32,5 Millionen - IMMOBILIEN Business","og_description":"Bei der vierten Kapitalerh\u00f6hung des Fonds wurde das maximale Volumen nicht ganz ausgesch\u00f6pft.","og_url":"https:\/\/www.immobilienbusiness.ch\/it\/unternehmen\/2024-10-17\/von-graffenried-sicav-emission-erloest-325-millionen\/","og_site_name":"IMMOBILIEN Business","article_publisher":"https:\/\/www.facebook.com\/immobilienbusiness\/","article_published_time":"2024-10-17T07:07:57+00:00","article_modified_time":"2025-03-05T08:48:11+00:00","og_image":[{"width":1280,"height":1171,"url":"https:\/\/www.immobilienbusiness.ch\/wp-content\/uploads\/2017\/01\/windows-1076116_1280.jpg","type":"image\/jpeg"}],"author":"Alexander Wachter","twitter_card":"summary_large_image","schema":{"@context":"https:\/\/schema.org","@graph":[{"@type":"Article","@id":"https:\/\/www.immobilienbusiness.ch\/de\/unternehmen\/2024-10-17\/von-graffenried-sicav-emission-erloest-325-millionen\/#article","isPartOf":{"@id":"https:\/\/www.immobilienbusiness.ch\/de\/unternehmen\/2024-10-17\/von-graffenried-sicav-emission-erloest-325-millionen\/"},"author":{"name":"Alexander Wachter","@id":"https:\/\/www.immobilienbusiness.ch\/#\/schema\/person\/aba8bea2db926aa0c24c08c43fe1fcd5"},"headline":"Von Graffenried SICAV: Emission erl\u00f6st 32,5 Millionen","datePublished":"2024-10-17T07:07:57+00:00","dateModified":"2025-03-05T08:48:11+00:00","mainEntityOfPage":{"@id":"https:\/\/www.immobilienbusiness.ch\/de\/unternehmen\/2024-10-17\/von-graffenried-sicav-emission-erloest-325-millionen\/"},"wordCount":114,"publisher":{"@id":"https:\/\/www.immobilienbusiness.ch\/#organization"},"image":{"@id":"https:\/\/www.immobilienbusiness.ch\/de\/unternehmen\/2024-10-17\/von-graffenried-sicav-emission-erloest-325-millionen\/#primaryimage"},"thumbnailUrl":"https:\/\/www.immobilienbusiness.ch\/wp-content\/uploads\/2017\/01\/windows-1076116_1280.jpg","keywords":["Von Graffenried"],"articleSection":["UNTERNEHMEN"],"inLanguage":"it-IT"},{"@type":"WebPage","@id":"https:\/\/www.immobilienbusiness.ch\/de\/unternehmen\/2024-10-17\/von-graffenried-sicav-emission-erloest-325-millionen\/","url":"https:\/\/www.immobilienbusiness.ch\/de\/unternehmen\/2024-10-17\/von-graffenried-sicav-emission-erloest-325-millionen\/","name":"Von Graffenried SICAV: Emission erl\u00f6st 32,5 Millionen - IMMOBILIEN Business","isPartOf":{"@id":"https:\/\/www.immobilienbusiness.ch\/#website"},"primaryImageOfPage":{"@id":"https:\/\/www.immobilienbusiness.ch\/de\/unternehmen\/2024-10-17\/von-graffenried-sicav-emission-erloest-325-millionen\/#primaryimage"},"image":{"@id":"https:\/\/www.immobilienbusiness.ch\/de\/unternehmen\/2024-10-17\/von-graffenried-sicav-emission-erloest-325-millionen\/#primaryimage"},"thumbnailUrl":"https:\/\/www.immobilienbusiness.ch\/wp-content\/uploads\/2017\/01\/windows-1076116_1280.jpg","datePublished":"2024-10-17T07:07:57+00:00","dateModified":"2025-03-05T08:48:11+00:00","description":"Il volume massimo non \u00e8 stato interamente utilizzato nel quarto aumento di capitale del fondo.","breadcrumb":{"@id":"https:\/\/www.immobilienbusiness.ch\/de\/unternehmen\/2024-10-17\/von-graffenried-sicav-emission-erloest-325-millionen\/#breadcrumb"},"inLanguage":"it-IT","potentialAction":[{"@type":"ReadAction","target":["https:\/\/www.immobilienbusiness.ch\/de\/unternehmen\/2024-10-17\/von-graffenried-sicav-emission-erloest-325-millionen\/"]}]},{"@type":"ImageObject","inLanguage":"it-IT","@id":"https:\/\/www.immobilienbusiness.ch\/de\/unternehmen\/2024-10-17\/von-graffenried-sicav-emission-erloest-325-millionen\/#primaryimage","url":"https:\/\/www.immobilienbusiness.ch\/wp-content\/uploads\/2017\/01\/windows-1076116_1280.jpg","contentUrl":"https:\/\/www.immobilienbusiness.ch\/wp-content\/uploads\/2017\/01\/windows-1076116_1280.jpg","width":1280,"height":1171,"caption":"Ein auf Wohnimmobilien fokussiertes Teilverm\u00f6gen der Procimmo SICAV sucht frisches Kapital (Symbolbild: Pixabay)"},{"@type":"BreadcrumbList","@id":"https:\/\/www.immobilienbusiness.ch\/de\/unternehmen\/2024-10-17\/von-graffenried-sicav-emission-erloest-325-millionen\/#breadcrumb","itemListElement":[{"@type":"ListItem","position":1,"name":"Home","item":"https:\/\/www.immobilienbusiness.ch\/"},{"@type":"ListItem","position":2,"name":"Von Graffenried SICAV: Emission erl\u00f6st 32,5 Millionen"}]},{"@type":"WebSite","@id":"https:\/\/www.immobilienbusiness.ch\/#website","url":"https:\/\/www.immobilienbusiness.ch\/","name":"Affari immobiliari","description":"Rivista economica indipendente svizzera che si concentra sul settore immobiliare, l'architettura e la costruzione, nonch\u00e9 sugli investimenti e i finanziamenti.","publisher":{"@id":"https:\/\/www.immobilienbusiness.ch\/#organization"},"potentialAction":[{"@type":"SearchAction","target":{"@type":"EntryPoint","urlTemplate":"https:\/\/www.immobilienbusiness.ch\/?s={search_term_string}"},"query-input":{"@type":"PropertyValueSpecification","valueRequired":true,"valueName":"search_term_string"}}],"inLanguage":"it-IT"},{"@type":"Organization","@id":"https:\/\/www.immobilienbusiness.ch\/#organization","name":"Affari immobiliari","url":"https:\/\/www.immobilienbusiness.ch\/","logo":{"@type":"ImageObject","inLanguage":"it-IT","@id":"https:\/\/www.immobilienbusiness.ch\/#\/schema\/logo\/image\/","url":"https:\/\/www.immobilienbusiness.ch\/wp-content\/uploads\/2021\/07\/logo_ib.png","contentUrl":"https:\/\/www.immobilienbusiness.ch\/wp-content\/uploads\/2021\/07\/logo_ib.png","width":800,"height":181,"caption":"IMMOBILIEN Business"},"image":{"@id":"https:\/\/www.immobilienbusiness.ch\/#\/schema\/logo\/image\/"},"sameAs":["https:\/\/www.facebook.com\/immobilienbusiness\/"]},{"@type":"Person","@id":"https:\/\/www.immobilienbusiness.ch\/#\/schema\/person\/aba8bea2db926aa0c24c08c43fe1fcd5","name":"Alexander Wachter","image":{"@type":"ImageObject","inLanguage":"it-IT","@id":"https:\/\/secure.gravatar.com\/avatar\/1a09e471f5389b0e0a6416eac287e0927c7c97a7b77f9e787eba3af7aee281dd?s=96&d=mm&r=g","url":"https:\/\/secure.gravatar.com\/avatar\/1a09e471f5389b0e0a6416eac287e0927c7c97a7b77f9e787eba3af7aee281dd?s=96&d=mm&r=g","contentUrl":"https:\/\/secure.gravatar.com\/avatar\/1a09e471f5389b0e0a6416eac287e0927c7c97a7b77f9e787eba3af7aee281dd?s=96&d=mm&r=g","caption":"Alexander Wachter"},"url":"https:\/\/www.immobilienbusiness.ch\/it\/author\/alexander-wachter\/"}]}},"_links":{"self":[{"href":"https:\/\/www.immobilienbusiness.ch\/it\/wp-json\/wp\/v2\/posts\/61079","targetHints":{"allow":["GET"]}}],"collection":[{"href":"https:\/\/www.immobilienbusiness.ch\/it\/wp-json\/wp\/v2\/posts"}],"about":[{"href":"https:\/\/www.immobilienbusiness.ch\/it\/wp-json\/wp\/v2\/types\/post"}],"author":[{"embeddable":true,"href":"https:\/\/www.immobilienbusiness.ch\/it\/wp-json\/wp\/v2\/users\/102"}],"replies":[{"embeddable":true,"href":"https:\/\/www.immobilienbusiness.ch\/it\/wp-json\/wp\/v2\/comments?post=61079"}],"version-history":[{"count":1,"href":"https:\/\/www.immobilienbusiness.ch\/it\/wp-json\/wp\/v2\/posts\/61079\/revisions"}],"predecessor-version":[{"id":61080,"href":"https:\/\/www.immobilienbusiness.ch\/it\/wp-json\/wp\/v2\/posts\/61079\/revisions\/61080"}],"wp:featuredmedia":[{"embeddable":true,"href":"https:\/\/www.immobilienbusiness.ch\/it\/wp-json\/wp\/v2\/media\/6077"}],"wp:attachment":[{"href":"https:\/\/www.immobilienbusiness.ch\/it\/wp-json\/wp\/v2\/media?parent=61079"}],"wp:term":[{"taxonomy":"category","embeddable":true,"href":"https:\/\/www.immobilienbusiness.ch\/it\/wp-json\/wp\/v2\/categories?post=61079"},{"taxonomy":"post_tag","embeddable":true,"href":"https:\/\/www.immobilienbusiness.ch\/it\/wp-json\/wp\/v2\/tags?post=61079"}],"curies":[{"name":"wp","href":"https:\/\/api.w.org\/{rel}","templated":true}]}}