{"id":60739,"date":"2024-09-19T07:30:50","date_gmt":"2024-09-19T05:30:50","guid":{"rendered":"https:\/\/www.immobilienbusiness.ch\/?p=60739"},"modified":"2024-09-19T07:30:50","modified_gmt":"2024-09-19T05:30:50","slug":"genf-sv-group-eroeffnet-zwei-neue-hotels","status":"publish","type":"post","link":"https:\/\/www.immobilienbusiness.ch\/it\/regionen\/2024-09-19\/genf-sv-group-eroeffnet-zwei-neue-hotels\/","title":{"rendered":"Ginevra: SV Group apre due nuovi hotel"},"content":{"rendered":"<figure id=\"attachment_60740\" aria-describedby=\"caption-attachment-60740\" style=\"width: 1496px\" class=\"wp-caption alignnone\"><a href=\"https:\/\/www.immobilienbusiness.ch\/wp-content\/uploads\/2024\/09\/Stay_Kooook_Genf.png\"><img loading=\"lazy\" decoding=\"async\" class=\"size-full wp-image-60740\" src=\"https:\/\/www.immobilienbusiness.ch\/wp-content\/uploads\/2024\/09\/Stay_Kooook_Genf.png\" alt=\"\" width=\"1496\" height=\"1124\" srcset=\"https:\/\/www.immobilienbusiness.ch\/wp-content\/uploads\/2024\/09\/Stay_Kooook_Genf.png 1200w, https:\/\/www.immobilienbusiness.ch\/wp-content\/uploads\/2024\/09\/Stay_Kooook_Genf-300x225.png 300w, https:\/\/www.immobilienbusiness.ch\/wp-content\/uploads\/2024\/09\/Stay_Kooook_Genf-1024x769.png 1024w, https:\/\/www.immobilienbusiness.ch\/wp-content\/uploads\/2024\/09\/Stay_Kooook_Genf-768x577.png 768w, https:\/\/www.immobilienbusiness.ch\/wp-content\/uploads\/2024\/09\/Stay_Kooook_Genf-16x12.png 16w, https:\/\/www.immobilienbusiness.ch\/wp-content\/uploads\/2024\/09\/Stay_Kooook_Genf-375x282.png 375w, https:\/\/www.immobilienbusiness.ch\/wp-content\/uploads\/2024\/09\/Stay_Kooook_Genf-466x350.png 466w, https:\/\/www.immobilienbusiness.ch\/wp-content\/uploads\/2024\/09\/Stay_Kooook_Genf-1000x751.png 1000w\" sizes=\"auto, (max-width: 1496px) 100vw, 1496px\" \/><\/a><figcaption id=\"caption-attachment-60740\" class=\"wp-caption-text\">Lo \"Stay Kooook\" di Ginevra (Immagine: zVg)<\/figcaption><\/figure>\n<p>Il Gruppo SV annuncia il suo ingresso strategico nel mercato alberghiero di Ginevra con due nuove aperture complementari nel segmento dei soggiorni prolungati.<\/p>\n<p>Uno di questi \u00e8 lo Stay Kooook Geneva City, nella vivace Rue de la Servette, che offre 84 appartamenti serviti completamente attrezzati (monolocali e appartamenti familiari) su 2.400 metri quadrati, oltre a \"The Flat\", un'area con una terrazza sul tetto destinata all'uso comune dei residenti.<\/p>\n<p>In secondo luogo, il Residence Inn Geneva City Nations \u00e8 stato inaugurato nel tranquillo quartiere di Petit Saconnex. Qui, 99 monolocali distribuiti su 7 piani combinano il comfort di un appartamento privato ben attrezzato con il servizio di un hotel completo.<br \/>\n\"Il concetto Stay KooooK di SV e l'affermato Residence Inn by Marriott rispondono alla crescente domanda di soluzioni di alloggio flessibili nella cosmopolita citt\u00e0 del Rodano\", commenta Marco Meier, amministratore delegato di SV Hotel, in merito all'ingresso della sua azienda nella Svizzera occidentale. \"Stay Kooook, il nostro marchio, si rivolge in particolare agli ospiti pi\u00f9 giovani grazie al suo concetto di comunit\u00e0 e ai prezzi interessanti. Il Residence Inn by Marriott, invece, soddisfa le esigenze degli ospiti pi\u00f9 esigenti e di lungo periodo grazie alla sua gamma completa di servizi e alle suite pi\u00f9 ampie.\"<\/p>\n<p>Con l'ultima espansione nella Svizzera francese, il portafoglio del Gruppo SV comprende ora un totale di 23 hotel, 11 dei quali in Svizzera. <em>(bw)<\/em><\/p>","protected":false},"excerpt":{"rendered":"<p>Un edificio con 84 appartamenti serviti sta per essere inaugurato in una zona vivace di Ginevra, mentre altri 99 monolocali sono stati aggiunti per il gruppo SV in un quartiere tranquillo. <\/p>","protected":false},"author":102,"featured_media":60740,"comment_status":"closed","ping_status":"closed","sticky":false,"template":"","format":"standard","meta":{"_acf_changed":false,"_yoast_wpseo_focuskw":"SV Group","_yoast_wpseo_title":"","_yoast_wpseo_metadesc":"Die SV Group vermeldet hren strategischen Eintritt in den Genfer Hotelmarkt mit zwei sich erg\u00e4nzenden Neuer\u00f6ffnungen im Extended-Stay-Segment.","_yoast_wpseo_linkdex":63,"pgc_sgb_lightbox_settings":"","footnotes":""},"categories":[985],"tags":[1260,1313,3810,1832],"class_list":["post-60739","post","type-post","status-publish","format-standard","has-post-thumbnail","hentry","category-regionen","tag-genf","tag-hotel","tag-sv-goup","tag-vermietung"],"acf":[],"yoast_head":"<!-- This site is optimized with the Yoast SEO plugin v27.5 - https:\/\/yoast.com\/product\/yoast-seo-wordpress\/ -->\n<title>Genf: SV-Group er\u00f6ffnet zwei neue Hotels - IMMOBILIEN Business<\/title>\n<meta name=\"description\" content=\"Die SV Group vermeldet hren strategischen Eintritt in den Genfer Hotelmarkt mit zwei sich erg\u00e4nzenden Neuer\u00f6ffnungen im Extended-Stay-Segment.\" \/>\n<meta name=\"robots\" content=\"index, follow, max-snippet:-1, max-image-preview:large, max-video-preview:-1\" \/>\n<link rel=\"canonical\" href=\"https:\/\/www.immobilienbusiness.ch\/it\/regionen\/2024-09-19\/genf-sv-group-eroeffnet-zwei-neue-hotels\/\" \/>\n<meta property=\"og:locale\" content=\"it_IT\" \/>\n<meta property=\"og:type\" content=\"article\" \/>\n<meta property=\"og:title\" content=\"Genf: SV-Group er\u00f6ffnet zwei neue Hotels - IMMOBILIEN Business\" \/>\n<meta property=\"og:description\" content=\"Die SV Group vermeldet hren strategischen Eintritt in den Genfer Hotelmarkt mit zwei sich erg\u00e4nzenden Neuer\u00f6ffnungen im Extended-Stay-Segment.\" \/>\n<meta property=\"og:url\" content=\"https:\/\/www.immobilienbusiness.ch\/it\/regionen\/2024-09-19\/genf-sv-group-eroeffnet-zwei-neue-hotels\/\" \/>\n<meta property=\"og:site_name\" content=\"IMMOBILIEN Business\" \/>\n<meta property=\"article:publisher\" content=\"https:\/\/www.facebook.com\/immobilienbusiness\/\" \/>\n<meta property=\"article:published_time\" content=\"2024-09-19T05:30:50+00:00\" \/>\n<meta property=\"og:image\" content=\"https:\/\/www.immobilienbusiness.ch\/wp-content\/uploads\/2024\/09\/Stay_Kooook_Genf.png\" \/>\n\t<meta property=\"og:image:width\" content=\"1200\" \/>\n\t<meta property=\"og:image:height\" content=\"902\" \/>\n\t<meta property=\"og:image:type\" content=\"image\/png\" \/>\n<meta name=\"author\" content=\"Alexander Wachter\" \/>\n<meta name=\"twitter:card\" content=\"summary_large_image\" \/>\n<script type=\"application\/ld+json\" class=\"yoast-schema-graph\">{\"@context\":\"https:\\\/\\\/schema.org\",\"@graph\":[{\"@type\":\"Article\",\"@id\":\"https:\\\/\\\/www.immobilienbusiness.ch\\\/de\\\/regionen\\\/2024-09-19\\\/genf-sv-group-eroeffnet-zwei-neue-hotels\\\/#article\",\"isPartOf\":{\"@id\":\"https:\\\/\\\/www.immobilienbusiness.ch\\\/de\\\/regionen\\\/2024-09-19\\\/genf-sv-group-eroeffnet-zwei-neue-hotels\\\/\"},\"author\":{\"name\":\"Alexander Wachter\",\"@id\":\"https:\\\/\\\/www.immobilienbusiness.ch\\\/#\\\/schema\\\/person\\\/aba8bea2db926aa0c24c08c43fe1fcd5\"},\"headline\":\"Genf: SV-Group er\u00f6ffnet zwei neue Hotels\",\"datePublished\":\"2024-09-19T05:30:50+00:00\",\"mainEntityOfPage\":{\"@id\":\"https:\\\/\\\/www.immobilienbusiness.ch\\\/de\\\/regionen\\\/2024-09-19\\\/genf-sv-group-eroeffnet-zwei-neue-hotels\\\/\"},\"wordCount\":219,\"publisher\":{\"@id\":\"https:\\\/\\\/www.immobilienbusiness.ch\\\/#organization\"},\"image\":{\"@id\":\"https:\\\/\\\/www.immobilienbusiness.ch\\\/de\\\/regionen\\\/2024-09-19\\\/genf-sv-group-eroeffnet-zwei-neue-hotels\\\/#primaryimage\"},\"thumbnailUrl\":\"https:\\\/\\\/www.immobilienbusiness.ch\\\/wp-content\\\/uploads\\\/2024\\\/09\\\/Stay_Kooook_Genf.png\",\"keywords\":[\"Genf\",\"Hotel\",\"SV Goup\",\"Vermietung\"],\"articleSection\":[\"REGIONEN\"],\"inLanguage\":\"it-IT\"},{\"@type\":\"WebPage\",\"@id\":\"https:\\\/\\\/www.immobilienbusiness.ch\\\/de\\\/regionen\\\/2024-09-19\\\/genf-sv-group-eroeffnet-zwei-neue-hotels\\\/\",\"url\":\"https:\\\/\\\/www.immobilienbusiness.ch\\\/de\\\/regionen\\\/2024-09-19\\\/genf-sv-group-eroeffnet-zwei-neue-hotels\\\/\",\"name\":\"Genf: SV-Group er\u00f6ffnet zwei neue Hotels - IMMOBILIEN Business\",\"isPartOf\":{\"@id\":\"https:\\\/\\\/www.immobilienbusiness.ch\\\/#website\"},\"primaryImageOfPage\":{\"@id\":\"https:\\\/\\\/www.immobilienbusiness.ch\\\/de\\\/regionen\\\/2024-09-19\\\/genf-sv-group-eroeffnet-zwei-neue-hotels\\\/#primaryimage\"},\"image\":{\"@id\":\"https:\\\/\\\/www.immobilienbusiness.ch\\\/de\\\/regionen\\\/2024-09-19\\\/genf-sv-group-eroeffnet-zwei-neue-hotels\\\/#primaryimage\"},\"thumbnailUrl\":\"https:\\\/\\\/www.immobilienbusiness.ch\\\/wp-content\\\/uploads\\\/2024\\\/09\\\/Stay_Kooook_Genf.png\",\"datePublished\":\"2024-09-19T05:30:50+00:00\",\"description\":\"Die SV Group vermeldet hren strategischen Eintritt in den Genfer Hotelmarkt mit zwei sich erg\u00e4nzenden Neuer\u00f6ffnungen im Extended-Stay-Segment.\",\"breadcrumb\":{\"@id\":\"https:\\\/\\\/www.immobilienbusiness.ch\\\/de\\\/regionen\\\/2024-09-19\\\/genf-sv-group-eroeffnet-zwei-neue-hotels\\\/#breadcrumb\"},\"inLanguage\":\"it-IT\",\"potentialAction\":[{\"@type\":\"ReadAction\",\"target\":[\"https:\\\/\\\/www.immobilienbusiness.ch\\\/de\\\/regionen\\\/2024-09-19\\\/genf-sv-group-eroeffnet-zwei-neue-hotels\\\/\"]}]},{\"@type\":\"ImageObject\",\"inLanguage\":\"it-IT\",\"@id\":\"https:\\\/\\\/www.immobilienbusiness.ch\\\/de\\\/regionen\\\/2024-09-19\\\/genf-sv-group-eroeffnet-zwei-neue-hotels\\\/#primaryimage\",\"url\":\"https:\\\/\\\/www.immobilienbusiness.ch\\\/wp-content\\\/uploads\\\/2024\\\/09\\\/Stay_Kooook_Genf.png\",\"contentUrl\":\"https:\\\/\\\/www.immobilienbusiness.ch\\\/wp-content\\\/uploads\\\/2024\\\/09\\\/Stay_Kooook_Genf.png\",\"width\":1200,\"height\":902,\"caption\":\"Das \u00abStay Kooook\u00bb in Genf (Bild: zVg)\"},{\"@type\":\"BreadcrumbList\",\"@id\":\"https:\\\/\\\/www.immobilienbusiness.ch\\\/de\\\/regionen\\\/2024-09-19\\\/genf-sv-group-eroeffnet-zwei-neue-hotels\\\/#breadcrumb\",\"itemListElement\":[{\"@type\":\"ListItem\",\"position\":1,\"name\":\"Home\",\"item\":\"https:\\\/\\\/www.immobilienbusiness.ch\\\/\"},{\"@type\":\"ListItem\",\"position\":2,\"name\":\"Genf: SV-Group er\u00f6ffnet zwei neue Hotels\"}]},{\"@type\":\"WebSite\",\"@id\":\"https:\\\/\\\/www.immobilienbusiness.ch\\\/#website\",\"url\":\"https:\\\/\\\/www.immobilienbusiness.ch\\\/\",\"name\":\"IMMOBILIEN Business\",\"description\":\"Unabh\u00e4ngiges Schweizer Wirtschaftsmagazin mit Fokus auf Immobilien, Architektur- und Bau sowie Investment- und Finanzierung.\",\"publisher\":{\"@id\":\"https:\\\/\\\/www.immobilienbusiness.ch\\\/#organization\"},\"potentialAction\":[{\"@type\":\"SearchAction\",\"target\":{\"@type\":\"EntryPoint\",\"urlTemplate\":\"https:\\\/\\\/www.immobilienbusiness.ch\\\/?s={search_term_string}\"},\"query-input\":{\"@type\":\"PropertyValueSpecification\",\"valueRequired\":true,\"valueName\":\"search_term_string\"}}],\"inLanguage\":\"it-IT\"},{\"@type\":\"Organization\",\"@id\":\"https:\\\/\\\/www.immobilienbusiness.ch\\\/#organization\",\"name\":\"IMMOBILIEN Business\",\"url\":\"https:\\\/\\\/www.immobilienbusiness.ch\\\/\",\"logo\":{\"@type\":\"ImageObject\",\"inLanguage\":\"it-IT\",\"@id\":\"https:\\\/\\\/www.immobilienbusiness.ch\\\/#\\\/schema\\\/logo\\\/image\\\/\",\"url\":\"https:\\\/\\\/www.immobilienbusiness.ch\\\/wp-content\\\/uploads\\\/2021\\\/07\\\/logo_ib.png\",\"contentUrl\":\"https:\\\/\\\/www.immobilienbusiness.ch\\\/wp-content\\\/uploads\\\/2021\\\/07\\\/logo_ib.png\",\"width\":800,\"height\":181,\"caption\":\"IMMOBILIEN Business\"},\"image\":{\"@id\":\"https:\\\/\\\/www.immobilienbusiness.ch\\\/#\\\/schema\\\/logo\\\/image\\\/\"},\"sameAs\":[\"https:\\\/\\\/www.facebook.com\\\/immobilienbusiness\\\/\"]},{\"@type\":\"Person\",\"@id\":\"https:\\\/\\\/www.immobilienbusiness.ch\\\/#\\\/schema\\\/person\\\/aba8bea2db926aa0c24c08c43fe1fcd5\",\"name\":\"Alexander Wachter\",\"image\":{\"@type\":\"ImageObject\",\"inLanguage\":\"it-IT\",\"@id\":\"https:\\\/\\\/secure.gravatar.com\\\/avatar\\\/1a09e471f5389b0e0a6416eac287e0927c7c97a7b77f9e787eba3af7aee281dd?s=96&d=mm&r=g\",\"url\":\"https:\\\/\\\/secure.gravatar.com\\\/avatar\\\/1a09e471f5389b0e0a6416eac287e0927c7c97a7b77f9e787eba3af7aee281dd?s=96&d=mm&r=g\",\"contentUrl\":\"https:\\\/\\\/secure.gravatar.com\\\/avatar\\\/1a09e471f5389b0e0a6416eac287e0927c7c97a7b77f9e787eba3af7aee281dd?s=96&d=mm&r=g\",\"caption\":\"Alexander Wachter\"},\"url\":\"https:\\\/\\\/www.immobilienbusiness.ch\\\/it\\\/author\\\/alexander-wachter\\\/\"}]}<\/script>\n<!-- \/ Yoast SEO plugin. -->","yoast_head_json":{"title":"Ginevra: SV Group apre due nuovi hotel - IMMOBILIEN Business","description":"Il Gruppo SV annuncia il suo ingresso strategico nel mercato alberghiero di Ginevra con due nuove aperture complementari nel segmento dei soggiorni prolungati.","robots":{"index":"index","follow":"follow","max-snippet":"max-snippet:-1","max-image-preview":"max-image-preview:large","max-video-preview":"max-video-preview:-1"},"canonical":"https:\/\/www.immobilienbusiness.ch\/it\/regionen\/2024-09-19\/genf-sv-group-eroeffnet-zwei-neue-hotels\/","og_locale":"it_IT","og_type":"article","og_title":"Genf: SV-Group er\u00f6ffnet zwei neue Hotels - IMMOBILIEN Business","og_description":"Die SV Group vermeldet hren strategischen Eintritt in den Genfer Hotelmarkt mit zwei sich erg\u00e4nzenden Neuer\u00f6ffnungen im Extended-Stay-Segment.","og_url":"https:\/\/www.immobilienbusiness.ch\/it\/regionen\/2024-09-19\/genf-sv-group-eroeffnet-zwei-neue-hotels\/","og_site_name":"IMMOBILIEN Business","article_publisher":"https:\/\/www.facebook.com\/immobilienbusiness\/","article_published_time":"2024-09-19T05:30:50+00:00","og_image":[{"width":1200,"height":902,"url":"https:\/\/www.immobilienbusiness.ch\/wp-content\/uploads\/2024\/09\/Stay_Kooook_Genf.png","type":"image\/png"}],"author":"Alexander Wachter","twitter_card":"summary_large_image","schema":{"@context":"https:\/\/schema.org","@graph":[{"@type":"Article","@id":"https:\/\/www.immobilienbusiness.ch\/de\/regionen\/2024-09-19\/genf-sv-group-eroeffnet-zwei-neue-hotels\/#article","isPartOf":{"@id":"https:\/\/www.immobilienbusiness.ch\/de\/regionen\/2024-09-19\/genf-sv-group-eroeffnet-zwei-neue-hotels\/"},"author":{"name":"Alexander Wachter","@id":"https:\/\/www.immobilienbusiness.ch\/#\/schema\/person\/aba8bea2db926aa0c24c08c43fe1fcd5"},"headline":"Genf: SV-Group er\u00f6ffnet zwei neue Hotels","datePublished":"2024-09-19T05:30:50+00:00","mainEntityOfPage":{"@id":"https:\/\/www.immobilienbusiness.ch\/de\/regionen\/2024-09-19\/genf-sv-group-eroeffnet-zwei-neue-hotels\/"},"wordCount":219,"publisher":{"@id":"https:\/\/www.immobilienbusiness.ch\/#organization"},"image":{"@id":"https:\/\/www.immobilienbusiness.ch\/de\/regionen\/2024-09-19\/genf-sv-group-eroeffnet-zwei-neue-hotels\/#primaryimage"},"thumbnailUrl":"https:\/\/www.immobilienbusiness.ch\/wp-content\/uploads\/2024\/09\/Stay_Kooook_Genf.png","keywords":["Genf","Hotel","SV Goup","Vermietung"],"articleSection":["REGIONEN"],"inLanguage":"it-IT"},{"@type":"WebPage","@id":"https:\/\/www.immobilienbusiness.ch\/de\/regionen\/2024-09-19\/genf-sv-group-eroeffnet-zwei-neue-hotels\/","url":"https:\/\/www.immobilienbusiness.ch\/de\/regionen\/2024-09-19\/genf-sv-group-eroeffnet-zwei-neue-hotels\/","name":"Ginevra: SV Group apre due nuovi hotel - IMMOBILIEN Business","isPartOf":{"@id":"https:\/\/www.immobilienbusiness.ch\/#website"},"primaryImageOfPage":{"@id":"https:\/\/www.immobilienbusiness.ch\/de\/regionen\/2024-09-19\/genf-sv-group-eroeffnet-zwei-neue-hotels\/#primaryimage"},"image":{"@id":"https:\/\/www.immobilienbusiness.ch\/de\/regionen\/2024-09-19\/genf-sv-group-eroeffnet-zwei-neue-hotels\/#primaryimage"},"thumbnailUrl":"https:\/\/www.immobilienbusiness.ch\/wp-content\/uploads\/2024\/09\/Stay_Kooook_Genf.png","datePublished":"2024-09-19T05:30:50+00:00","description":"Il Gruppo SV annuncia il suo ingresso strategico nel mercato alberghiero di Ginevra con due nuove aperture complementari nel segmento dei soggiorni prolungati.","breadcrumb":{"@id":"https:\/\/www.immobilienbusiness.ch\/de\/regionen\/2024-09-19\/genf-sv-group-eroeffnet-zwei-neue-hotels\/#breadcrumb"},"inLanguage":"it-IT","potentialAction":[{"@type":"ReadAction","target":["https:\/\/www.immobilienbusiness.ch\/de\/regionen\/2024-09-19\/genf-sv-group-eroeffnet-zwei-neue-hotels\/"]}]},{"@type":"ImageObject","inLanguage":"it-IT","@id":"https:\/\/www.immobilienbusiness.ch\/de\/regionen\/2024-09-19\/genf-sv-group-eroeffnet-zwei-neue-hotels\/#primaryimage","url":"https:\/\/www.immobilienbusiness.ch\/wp-content\/uploads\/2024\/09\/Stay_Kooook_Genf.png","contentUrl":"https:\/\/www.immobilienbusiness.ch\/wp-content\/uploads\/2024\/09\/Stay_Kooook_Genf.png","width":1200,"height":902,"caption":"Das \u00abStay Kooook\u00bb in Genf (Bild: zVg)"},{"@type":"BreadcrumbList","@id":"https:\/\/www.immobilienbusiness.ch\/de\/regionen\/2024-09-19\/genf-sv-group-eroeffnet-zwei-neue-hotels\/#breadcrumb","itemListElement":[{"@type":"ListItem","position":1,"name":"Home","item":"https:\/\/www.immobilienbusiness.ch\/"},{"@type":"ListItem","position":2,"name":"Genf: SV-Group er\u00f6ffnet zwei neue Hotels"}]},{"@type":"WebSite","@id":"https:\/\/www.immobilienbusiness.ch\/#website","url":"https:\/\/www.immobilienbusiness.ch\/","name":"Affari immobiliari","description":"Rivista economica indipendente svizzera che si concentra sul settore immobiliare, l'architettura e la costruzione, nonch\u00e9 sugli investimenti e i finanziamenti.","publisher":{"@id":"https:\/\/www.immobilienbusiness.ch\/#organization"},"potentialAction":[{"@type":"SearchAction","target":{"@type":"EntryPoint","urlTemplate":"https:\/\/www.immobilienbusiness.ch\/?s={search_term_string}"},"query-input":{"@type":"PropertyValueSpecification","valueRequired":true,"valueName":"search_term_string"}}],"inLanguage":"it-IT"},{"@type":"Organization","@id":"https:\/\/www.immobilienbusiness.ch\/#organization","name":"Affari immobiliari","url":"https:\/\/www.immobilienbusiness.ch\/","logo":{"@type":"ImageObject","inLanguage":"it-IT","@id":"https:\/\/www.immobilienbusiness.ch\/#\/schema\/logo\/image\/","url":"https:\/\/www.immobilienbusiness.ch\/wp-content\/uploads\/2021\/07\/logo_ib.png","contentUrl":"https:\/\/www.immobilienbusiness.ch\/wp-content\/uploads\/2021\/07\/logo_ib.png","width":800,"height":181,"caption":"IMMOBILIEN Business"},"image":{"@id":"https:\/\/www.immobilienbusiness.ch\/#\/schema\/logo\/image\/"},"sameAs":["https:\/\/www.facebook.com\/immobilienbusiness\/"]},{"@type":"Person","@id":"https:\/\/www.immobilienbusiness.ch\/#\/schema\/person\/aba8bea2db926aa0c24c08c43fe1fcd5","name":"Alexander Wachter","image":{"@type":"ImageObject","inLanguage":"it-IT","@id":"https:\/\/secure.gravatar.com\/avatar\/1a09e471f5389b0e0a6416eac287e0927c7c97a7b77f9e787eba3af7aee281dd?s=96&d=mm&r=g","url":"https:\/\/secure.gravatar.com\/avatar\/1a09e471f5389b0e0a6416eac287e0927c7c97a7b77f9e787eba3af7aee281dd?s=96&d=mm&r=g","contentUrl":"https:\/\/secure.gravatar.com\/avatar\/1a09e471f5389b0e0a6416eac287e0927c7c97a7b77f9e787eba3af7aee281dd?s=96&d=mm&r=g","caption":"Alexander Wachter"},"url":"https:\/\/www.immobilienbusiness.ch\/it\/author\/alexander-wachter\/"}]}},"_links":{"self":[{"href":"https:\/\/www.immobilienbusiness.ch\/it\/wp-json\/wp\/v2\/posts\/60739","targetHints":{"allow":["GET"]}}],"collection":[{"href":"https:\/\/www.immobilienbusiness.ch\/it\/wp-json\/wp\/v2\/posts"}],"about":[{"href":"https:\/\/www.immobilienbusiness.ch\/it\/wp-json\/wp\/v2\/types\/post"}],"author":[{"embeddable":true,"href":"https:\/\/www.immobilienbusiness.ch\/it\/wp-json\/wp\/v2\/users\/102"}],"replies":[{"embeddable":true,"href":"https:\/\/www.immobilienbusiness.ch\/it\/wp-json\/wp\/v2\/comments?post=60739"}],"version-history":[{"count":1,"href":"https:\/\/www.immobilienbusiness.ch\/it\/wp-json\/wp\/v2\/posts\/60739\/revisions"}],"predecessor-version":[{"id":60741,"href":"https:\/\/www.immobilienbusiness.ch\/it\/wp-json\/wp\/v2\/posts\/60739\/revisions\/60741"}],"wp:featuredmedia":[{"embeddable":true,"href":"https:\/\/www.immobilienbusiness.ch\/it\/wp-json\/wp\/v2\/media\/60740"}],"wp:attachment":[{"href":"https:\/\/www.immobilienbusiness.ch\/it\/wp-json\/wp\/v2\/media?parent=60739"}],"wp:term":[{"taxonomy":"category","embeddable":true,"href":"https:\/\/www.immobilienbusiness.ch\/it\/wp-json\/wp\/v2\/categories?post=60739"},{"taxonomy":"post_tag","embeddable":true,"href":"https:\/\/www.immobilienbusiness.ch\/it\/wp-json\/wp\/v2\/tags?post=60739"}],"curies":[{"name":"wp","href":"https:\/\/api.w.org\/{rel}","templated":true}]}}