{"id":59918,"date":"2024-09-06T11:26:31","date_gmt":"2024-09-06T09:26:31","guid":{"rendered":"https:\/\/www.immobilienbusiness.ch\/?p=59918"},"modified":"2024-09-12T10:03:23","modified_gmt":"2024-09-12T08:03:23","slug":"plazza-steigert-mietertrag-deutlich","status":"publish","type":"post","link":"https:\/\/www.immobilienbusiness.ch\/it\/unternehmen\/2024-09-06\/plazza-steigert-mietertrag-deutlich\/","title":{"rendered":"Plazza aumenta significativamente il reddito da locazione"},"content":{"rendered":"<figure id=\"attachment_42493\" aria-describedby=\"caption-attachment-42493\" style=\"width: 1024px\" class=\"wp-caption alignnone\"><a href=\"https:\/\/www.immobilienbusiness.ch\/wp-content\/uploads\/2022\/05\/PLAZZA_Entwicklungsprojekt_Crissier_1.jpg\"><img loading=\"lazy\" decoding=\"async\" class=\"size-full wp-image-42493\" src=\"https:\/\/www.immobilienbusiness.ch\/wp-content\/uploads\/2022\/05\/PLAZZA_Entwicklungsprojekt_Crissier_1.jpg\" alt=\"\" width=\"1024\" height=\"683\" srcset=\"https:\/\/www.immobilienbusiness.ch\/wp-content\/uploads\/2022\/05\/PLAZZA_Entwicklungsprojekt_Crissier_1.jpg 1024w, https:\/\/www.immobilienbusiness.ch\/wp-content\/uploads\/2022\/05\/PLAZZA_Entwicklungsprojekt_Crissier_1-300x200.jpg 300w, https:\/\/www.immobilienbusiness.ch\/wp-content\/uploads\/2022\/05\/PLAZZA_Entwicklungsprojekt_Crissier_1-768x512.jpg 768w, https:\/\/www.immobilienbusiness.ch\/wp-content\/uploads\/2022\/05\/PLAZZA_Entwicklungsprojekt_Crissier_1-18x12.jpg 18w, https:\/\/www.immobilienbusiness.ch\/wp-content\/uploads\/2022\/05\/PLAZZA_Entwicklungsprojekt_Crissier_1-262x175.jpg 262w, https:\/\/www.immobilienbusiness.ch\/wp-content\/uploads\/2022\/05\/PLAZZA_Entwicklungsprojekt_Crissier_1-525x350.jpg 525w, https:\/\/www.immobilienbusiness.ch\/wp-content\/uploads\/2022\/05\/PLAZZA_Entwicklungsprojekt_Crissier_1-920x614.jpg 920w\" sizes=\"auto, (max-width: 1024px) 100vw, 1024px\" \/><\/a><figcaption id=\"caption-attachment-42493\" class=\"wp-caption-text\">Uno dei principali progetti dell'azienda: il quartiere L'Or\u00e9e a Crissier (fonte: Plazza)<\/figcaption><\/figure>\n<p>Nel primo semestre dell'anno, il reddito immobiliare di Plazza \u00e8 aumentato di 12 % a 15,0 milioni di franchi e il reddito operativo prima di ammortamenti e rivalutazioni \u00e8 aumentato di 8 % a 11,3 milioni di franchi. Uno dei motivi principali dell'aumento \u00e8 stato il contributo iniziale del progetto di Crissier. I proventi da rivalutazione sono aumentati a 14,5 milioni di franchi svizzeri, di cui 7,2 milioni di franchi svizzeri attribuibili all'avanzamento del progetto (anno precedente: 6,7 milioni di franchi svizzeri). Il portafoglio esistente \u00e8 stato rivalutato di 0,9 %, dopo una svalutazione di 0,7 % nell'anno precedente. Includendo questo effetto, l'utile al netto delle imposte \u00e8 aumentato da 9,5 milioni di franchi a 20,5 milioni di franchi nel primo semestre del 2024.<\/p>\n<p>Il tasso di sfitto del portafoglio \u00e8 aumentato leggermente, passando da 2,7 a 2,9 %. Includendo le propriet\u00e0 in fase di sviluppo, il tasso di sfitto \u00e8 pari a 4,0 % (anno precedente 2,9 %). Nel progetto Crissier, la locazione \u00e8 iniziata con l'accettazione dei primi lotti di costruzione. A Regensdorf, i risultati della revisione preliminare sono stati incorporati nel piano di progettazione e questo \u00e8 stato presentato.<\/p>\n<p>Per l'intero anno, Plazza continua a prevedere un risultato operativo prima degli ammortamenti e delle rivalutazioni superiore di 1TP3k a 1TP3k rispetto all'anno precedente. <em>(aw)<\/em><\/p>","protected":false},"excerpt":{"rendered":"<p>Poich\u00e9 uno dei principali progetti ha contribuito al reddito per la prima volta, Plazza ha aumentato il suo reddito immobiliare per un totale di % 12 nel primo semestre dell'anno.<\/p>","protected":false},"author":102,"featured_media":42493,"comment_status":"closed","ping_status":"closed","sticky":false,"template":"","format":"standard","meta":{"_acf_changed":false,"_yoast_wpseo_focuskw":"Plazza","_yoast_wpseo_title":"","_yoast_wpseo_metadesc":"Weil eines der grossen Projekte erstmals Einnahmen beisteuerte, hat Plazza den Liegenschaftenertrag im 1. Halbjahr um insgesamt 12 % gesteigert.","_yoast_wpseo_linkdex":57,"pgc_sgb_lightbox_settings":"","footnotes":""},"categories":[988],"tags":[1147,1290,1329,1492,1576,1599,2122],"class_list":["post-59918","post","type-post","status-publish","format-standard","has-post-thumbnail","hentry","category-unternehmen","tag-crissier","tag-halbjahresergebnis","tag-immobilien-ag","tag-mietwohnungen","tag-plazza","tag-projekt-in-bau","tag-regensdorf"],"acf":[],"yoast_head":"<!-- This site is optimized with the Yoast SEO plugin v27.4 - https:\/\/yoast.com\/product\/yoast-seo-wordpress\/ -->\n<title>Plazza steigert Mietertrag deutlich - IMMOBILIEN Business<\/title>\n<meta name=\"description\" content=\"Weil eines der grossen Projekte erstmals Einnahmen beisteuerte, hat Plazza den Liegenschaftenertrag im 1. Halbjahr um insgesamt 12 % gesteigert.\" \/>\n<meta name=\"robots\" content=\"index, follow, max-snippet:-1, max-image-preview:large, max-video-preview:-1\" \/>\n<link rel=\"canonical\" href=\"https:\/\/www.immobilienbusiness.ch\/it\/unternehmen\/2024-09-06\/plazza-steigert-mietertrag-deutlich\/\" \/>\n<meta property=\"og:locale\" content=\"it_IT\" \/>\n<meta property=\"og:type\" content=\"article\" \/>\n<meta property=\"og:title\" content=\"Plazza steigert Mietertrag deutlich - IMMOBILIEN Business\" \/>\n<meta property=\"og:description\" content=\"Weil eines der grossen Projekte erstmals Einnahmen beisteuerte, hat Plazza den Liegenschaftenertrag im 1. Halbjahr um insgesamt 12 % gesteigert.\" \/>\n<meta property=\"og:url\" content=\"https:\/\/www.immobilienbusiness.ch\/it\/unternehmen\/2024-09-06\/plazza-steigert-mietertrag-deutlich\/\" \/>\n<meta property=\"og:site_name\" content=\"IMMOBILIEN Business\" \/>\n<meta property=\"article:publisher\" content=\"https:\/\/www.facebook.com\/immobilienbusiness\/\" \/>\n<meta property=\"article:published_time\" content=\"2024-09-06T09:26:31+00:00\" \/>\n<meta property=\"article:modified_time\" content=\"2024-09-12T08:03:23+00:00\" \/>\n<meta property=\"og:image\" content=\"https:\/\/www.immobilienbusiness.ch\/wp-content\/uploads\/2022\/05\/PLAZZA_Entwicklungsprojekt_Crissier_1.jpg\" \/>\n\t<meta property=\"og:image:width\" content=\"1024\" \/>\n\t<meta property=\"og:image:height\" content=\"683\" \/>\n\t<meta property=\"og:image:type\" content=\"image\/jpeg\" \/>\n<meta name=\"author\" content=\"Alexander Wachter\" \/>\n<meta name=\"twitter:card\" content=\"summary_large_image\" \/>\n<script type=\"application\/ld+json\" class=\"yoast-schema-graph\">{\"@context\":\"https:\\\/\\\/schema.org\",\"@graph\":[{\"@type\":\"Article\",\"@id\":\"https:\\\/\\\/www.immobilienbusiness.ch\\\/fr\\\/unternehmen\\\/2024-09-06\\\/plazza-steigert-mietertrag-deutlich\\\/#article\",\"isPartOf\":{\"@id\":\"https:\\\/\\\/www.immobilienbusiness.ch\\\/fr\\\/unternehmen\\\/2024-09-06\\\/plazza-steigert-mietertrag-deutlich\\\/\"},\"author\":{\"name\":\"Alexander Wachter\",\"@id\":\"https:\\\/\\\/www.immobilienbusiness.ch\\\/#\\\/schema\\\/person\\\/aba8bea2db926aa0c24c08c43fe1fcd5\"},\"headline\":\"Plazza steigert Mietertrag deutlich\",\"datePublished\":\"2024-09-06T09:26:31+00:00\",\"dateModified\":\"2024-09-12T08:03:23+00:00\",\"mainEntityOfPage\":{\"@id\":\"https:\\\/\\\/www.immobilienbusiness.ch\\\/fr\\\/unternehmen\\\/2024-09-06\\\/plazza-steigert-mietertrag-deutlich\\\/\"},\"wordCount\":194,\"publisher\":{\"@id\":\"https:\\\/\\\/www.immobilienbusiness.ch\\\/#organization\"},\"image\":{\"@id\":\"https:\\\/\\\/www.immobilienbusiness.ch\\\/fr\\\/unternehmen\\\/2024-09-06\\\/plazza-steigert-mietertrag-deutlich\\\/#primaryimage\"},\"thumbnailUrl\":\"https:\\\/\\\/www.immobilienbusiness.ch\\\/wp-content\\\/uploads\\\/2022\\\/05\\\/PLAZZA_Entwicklungsprojekt_Crissier_1.jpg\",\"keywords\":[\"Crissier\",\"Halbjahresergebnis\",\"Immobilien-AG\",\"Mietwohnungen\",\"Plazza\",\"Projekt in Bau\",\"Regensdorf\"],\"articleSection\":[\"UNTERNEHMEN\"],\"inLanguage\":\"it-IT\"},{\"@type\":\"WebPage\",\"@id\":\"https:\\\/\\\/www.immobilienbusiness.ch\\\/fr\\\/unternehmen\\\/2024-09-06\\\/plazza-steigert-mietertrag-deutlich\\\/\",\"url\":\"https:\\\/\\\/www.immobilienbusiness.ch\\\/fr\\\/unternehmen\\\/2024-09-06\\\/plazza-steigert-mietertrag-deutlich\\\/\",\"name\":\"Plazza steigert Mietertrag deutlich - IMMOBILIEN Business\",\"isPartOf\":{\"@id\":\"https:\\\/\\\/www.immobilienbusiness.ch\\\/#website\"},\"primaryImageOfPage\":{\"@id\":\"https:\\\/\\\/www.immobilienbusiness.ch\\\/fr\\\/unternehmen\\\/2024-09-06\\\/plazza-steigert-mietertrag-deutlich\\\/#primaryimage\"},\"image\":{\"@id\":\"https:\\\/\\\/www.immobilienbusiness.ch\\\/fr\\\/unternehmen\\\/2024-09-06\\\/plazza-steigert-mietertrag-deutlich\\\/#primaryimage\"},\"thumbnailUrl\":\"https:\\\/\\\/www.immobilienbusiness.ch\\\/wp-content\\\/uploads\\\/2022\\\/05\\\/PLAZZA_Entwicklungsprojekt_Crissier_1.jpg\",\"datePublished\":\"2024-09-06T09:26:31+00:00\",\"dateModified\":\"2024-09-12T08:03:23+00:00\",\"description\":\"Weil eines der grossen Projekte erstmals Einnahmen beisteuerte, hat Plazza den Liegenschaftenertrag im 1. Halbjahr um insgesamt 12 % gesteigert.\",\"breadcrumb\":{\"@id\":\"https:\\\/\\\/www.immobilienbusiness.ch\\\/fr\\\/unternehmen\\\/2024-09-06\\\/plazza-steigert-mietertrag-deutlich\\\/#breadcrumb\"},\"inLanguage\":\"it-IT\",\"potentialAction\":[{\"@type\":\"ReadAction\",\"target\":[\"https:\\\/\\\/www.immobilienbusiness.ch\\\/fr\\\/unternehmen\\\/2024-09-06\\\/plazza-steigert-mietertrag-deutlich\\\/\"]}]},{\"@type\":\"ImageObject\",\"inLanguage\":\"it-IT\",\"@id\":\"https:\\\/\\\/www.immobilienbusiness.ch\\\/fr\\\/unternehmen\\\/2024-09-06\\\/plazza-steigert-mietertrag-deutlich\\\/#primaryimage\",\"url\":\"https:\\\/\\\/www.immobilienbusiness.ch\\\/wp-content\\\/uploads\\\/2022\\\/05\\\/PLAZZA_Entwicklungsprojekt_Crissier_1.jpg\",\"contentUrl\":\"https:\\\/\\\/www.immobilienbusiness.ch\\\/wp-content\\\/uploads\\\/2022\\\/05\\\/PLAZZA_Entwicklungsprojekt_Crissier_1.jpg\",\"width\":1024,\"height\":683,\"caption\":\"Ein Grossprojekt in Crissier machte sich bereits in den Zahlen f\u00fcr 2024 positiv bemerkbar (Bild: \u00a9 Plazza)\"},{\"@type\":\"BreadcrumbList\",\"@id\":\"https:\\\/\\\/www.immobilienbusiness.ch\\\/fr\\\/unternehmen\\\/2024-09-06\\\/plazza-steigert-mietertrag-deutlich\\\/#breadcrumb\",\"itemListElement\":[{\"@type\":\"ListItem\",\"position\":1,\"name\":\"Home\",\"item\":\"https:\\\/\\\/www.immobilienbusiness.ch\\\/\"},{\"@type\":\"ListItem\",\"position\":2,\"name\":\"Plazza steigert Mietertrag deutlich\"}]},{\"@type\":\"WebSite\",\"@id\":\"https:\\\/\\\/www.immobilienbusiness.ch\\\/#website\",\"url\":\"https:\\\/\\\/www.immobilienbusiness.ch\\\/\",\"name\":\"IMMOBILIEN Business\",\"description\":\"Unabh\u00e4ngiges Schweizer Wirtschaftsmagazin mit Fokus auf Immobilien, Architektur- und Bau sowie Investment- und Finanzierung.\",\"publisher\":{\"@id\":\"https:\\\/\\\/www.immobilienbusiness.ch\\\/#organization\"},\"potentialAction\":[{\"@type\":\"SearchAction\",\"target\":{\"@type\":\"EntryPoint\",\"urlTemplate\":\"https:\\\/\\\/www.immobilienbusiness.ch\\\/?s={search_term_string}\"},\"query-input\":{\"@type\":\"PropertyValueSpecification\",\"valueRequired\":true,\"valueName\":\"search_term_string\"}}],\"inLanguage\":\"it-IT\"},{\"@type\":\"Organization\",\"@id\":\"https:\\\/\\\/www.immobilienbusiness.ch\\\/#organization\",\"name\":\"IMMOBILIEN Business\",\"url\":\"https:\\\/\\\/www.immobilienbusiness.ch\\\/\",\"logo\":{\"@type\":\"ImageObject\",\"inLanguage\":\"it-IT\",\"@id\":\"https:\\\/\\\/www.immobilienbusiness.ch\\\/#\\\/schema\\\/logo\\\/image\\\/\",\"url\":\"https:\\\/\\\/www.immobilienbusiness.ch\\\/wp-content\\\/uploads\\\/2021\\\/07\\\/logo_ib.png\",\"contentUrl\":\"https:\\\/\\\/www.immobilienbusiness.ch\\\/wp-content\\\/uploads\\\/2021\\\/07\\\/logo_ib.png\",\"width\":800,\"height\":181,\"caption\":\"IMMOBILIEN Business\"},\"image\":{\"@id\":\"https:\\\/\\\/www.immobilienbusiness.ch\\\/#\\\/schema\\\/logo\\\/image\\\/\"},\"sameAs\":[\"https:\\\/\\\/www.facebook.com\\\/immobilienbusiness\\\/\"]},{\"@type\":\"Person\",\"@id\":\"https:\\\/\\\/www.immobilienbusiness.ch\\\/#\\\/schema\\\/person\\\/aba8bea2db926aa0c24c08c43fe1fcd5\",\"name\":\"Alexander Wachter\",\"image\":{\"@type\":\"ImageObject\",\"inLanguage\":\"it-IT\",\"@id\":\"https:\\\/\\\/secure.gravatar.com\\\/avatar\\\/1a09e471f5389b0e0a6416eac287e0927c7c97a7b77f9e787eba3af7aee281dd?s=96&d=mm&r=g\",\"url\":\"https:\\\/\\\/secure.gravatar.com\\\/avatar\\\/1a09e471f5389b0e0a6416eac287e0927c7c97a7b77f9e787eba3af7aee281dd?s=96&d=mm&r=g\",\"contentUrl\":\"https:\\\/\\\/secure.gravatar.com\\\/avatar\\\/1a09e471f5389b0e0a6416eac287e0927c7c97a7b77f9e787eba3af7aee281dd?s=96&d=mm&r=g\",\"caption\":\"Alexander Wachter\"},\"url\":\"https:\\\/\\\/www.immobilienbusiness.ch\\\/it\\\/author\\\/alexander-wachter\\\/\"}]}<\/script>\n<!-- \/ Yoast SEO plugin. -->","yoast_head_json":{"title":"Plazza aumenta significativamente il reddito da locazione - IMMOBILIEN Business","description":"Poich\u00e9 uno dei principali progetti ha contribuito al reddito per la prima volta, Plazza ha aumentato il suo reddito immobiliare per un totale di % 12 nel primo semestre dell'anno.","robots":{"index":"index","follow":"follow","max-snippet":"max-snippet:-1","max-image-preview":"max-image-preview:large","max-video-preview":"max-video-preview:-1"},"canonical":"https:\/\/www.immobilienbusiness.ch\/it\/unternehmen\/2024-09-06\/plazza-steigert-mietertrag-deutlich\/","og_locale":"it_IT","og_type":"article","og_title":"Plazza steigert Mietertrag deutlich - IMMOBILIEN Business","og_description":"Weil eines der grossen Projekte erstmals Einnahmen beisteuerte, hat Plazza den Liegenschaftenertrag im 1. Halbjahr um insgesamt 12 % gesteigert.","og_url":"https:\/\/www.immobilienbusiness.ch\/it\/unternehmen\/2024-09-06\/plazza-steigert-mietertrag-deutlich\/","og_site_name":"IMMOBILIEN Business","article_publisher":"https:\/\/www.facebook.com\/immobilienbusiness\/","article_published_time":"2024-09-06T09:26:31+00:00","article_modified_time":"2024-09-12T08:03:23+00:00","og_image":[{"width":1024,"height":683,"url":"https:\/\/www.immobilienbusiness.ch\/wp-content\/uploads\/2022\/05\/PLAZZA_Entwicklungsprojekt_Crissier_1.jpg","type":"image\/jpeg"}],"author":"Alexander Wachter","twitter_card":"summary_large_image","schema":{"@context":"https:\/\/schema.org","@graph":[{"@type":"Article","@id":"https:\/\/www.immobilienbusiness.ch\/fr\/unternehmen\/2024-09-06\/plazza-steigert-mietertrag-deutlich\/#article","isPartOf":{"@id":"https:\/\/www.immobilienbusiness.ch\/fr\/unternehmen\/2024-09-06\/plazza-steigert-mietertrag-deutlich\/"},"author":{"name":"Alexander Wachter","@id":"https:\/\/www.immobilienbusiness.ch\/#\/schema\/person\/aba8bea2db926aa0c24c08c43fe1fcd5"},"headline":"Plazza steigert Mietertrag deutlich","datePublished":"2024-09-06T09:26:31+00:00","dateModified":"2024-09-12T08:03:23+00:00","mainEntityOfPage":{"@id":"https:\/\/www.immobilienbusiness.ch\/fr\/unternehmen\/2024-09-06\/plazza-steigert-mietertrag-deutlich\/"},"wordCount":194,"publisher":{"@id":"https:\/\/www.immobilienbusiness.ch\/#organization"},"image":{"@id":"https:\/\/www.immobilienbusiness.ch\/fr\/unternehmen\/2024-09-06\/plazza-steigert-mietertrag-deutlich\/#primaryimage"},"thumbnailUrl":"https:\/\/www.immobilienbusiness.ch\/wp-content\/uploads\/2022\/05\/PLAZZA_Entwicklungsprojekt_Crissier_1.jpg","keywords":["Crissier","Halbjahresergebnis","Immobilien-AG","Mietwohnungen","Plazza","Projekt in Bau","Regensdorf"],"articleSection":["UNTERNEHMEN"],"inLanguage":"it-IT"},{"@type":"WebPage","@id":"https:\/\/www.immobilienbusiness.ch\/fr\/unternehmen\/2024-09-06\/plazza-steigert-mietertrag-deutlich\/","url":"https:\/\/www.immobilienbusiness.ch\/fr\/unternehmen\/2024-09-06\/plazza-steigert-mietertrag-deutlich\/","name":"Plazza aumenta significativamente il reddito da locazione - IMMOBILIEN Business","isPartOf":{"@id":"https:\/\/www.immobilienbusiness.ch\/#website"},"primaryImageOfPage":{"@id":"https:\/\/www.immobilienbusiness.ch\/fr\/unternehmen\/2024-09-06\/plazza-steigert-mietertrag-deutlich\/#primaryimage"},"image":{"@id":"https:\/\/www.immobilienbusiness.ch\/fr\/unternehmen\/2024-09-06\/plazza-steigert-mietertrag-deutlich\/#primaryimage"},"thumbnailUrl":"https:\/\/www.immobilienbusiness.ch\/wp-content\/uploads\/2022\/05\/PLAZZA_Entwicklungsprojekt_Crissier_1.jpg","datePublished":"2024-09-06T09:26:31+00:00","dateModified":"2024-09-12T08:03:23+00:00","description":"Poich\u00e9 uno dei principali progetti ha contribuito al reddito per la prima volta, Plazza ha aumentato il suo reddito immobiliare per un totale di % 12 nel primo semestre dell'anno.","breadcrumb":{"@id":"https:\/\/www.immobilienbusiness.ch\/fr\/unternehmen\/2024-09-06\/plazza-steigert-mietertrag-deutlich\/#breadcrumb"},"inLanguage":"it-IT","potentialAction":[{"@type":"ReadAction","target":["https:\/\/www.immobilienbusiness.ch\/fr\/unternehmen\/2024-09-06\/plazza-steigert-mietertrag-deutlich\/"]}]},{"@type":"ImageObject","inLanguage":"it-IT","@id":"https:\/\/www.immobilienbusiness.ch\/fr\/unternehmen\/2024-09-06\/plazza-steigert-mietertrag-deutlich\/#primaryimage","url":"https:\/\/www.immobilienbusiness.ch\/wp-content\/uploads\/2022\/05\/PLAZZA_Entwicklungsprojekt_Crissier_1.jpg","contentUrl":"https:\/\/www.immobilienbusiness.ch\/wp-content\/uploads\/2022\/05\/PLAZZA_Entwicklungsprojekt_Crissier_1.jpg","width":1024,"height":683,"caption":"Ein Grossprojekt in Crissier machte sich bereits in den Zahlen f\u00fcr 2024 positiv bemerkbar (Bild: \u00a9 Plazza)"},{"@type":"BreadcrumbList","@id":"https:\/\/www.immobilienbusiness.ch\/fr\/unternehmen\/2024-09-06\/plazza-steigert-mietertrag-deutlich\/#breadcrumb","itemListElement":[{"@type":"ListItem","position":1,"name":"Home","item":"https:\/\/www.immobilienbusiness.ch\/"},{"@type":"ListItem","position":2,"name":"Plazza steigert Mietertrag deutlich"}]},{"@type":"WebSite","@id":"https:\/\/www.immobilienbusiness.ch\/#website","url":"https:\/\/www.immobilienbusiness.ch\/","name":"Affari immobiliari","description":"Rivista economica indipendente svizzera che si concentra sul settore immobiliare, l'architettura e la costruzione, nonch\u00e9 sugli investimenti e i finanziamenti.","publisher":{"@id":"https:\/\/www.immobilienbusiness.ch\/#organization"},"potentialAction":[{"@type":"SearchAction","target":{"@type":"EntryPoint","urlTemplate":"https:\/\/www.immobilienbusiness.ch\/?s={search_term_string}"},"query-input":{"@type":"PropertyValueSpecification","valueRequired":true,"valueName":"search_term_string"}}],"inLanguage":"it-IT"},{"@type":"Organization","@id":"https:\/\/www.immobilienbusiness.ch\/#organization","name":"Affari immobiliari","url":"https:\/\/www.immobilienbusiness.ch\/","logo":{"@type":"ImageObject","inLanguage":"it-IT","@id":"https:\/\/www.immobilienbusiness.ch\/#\/schema\/logo\/image\/","url":"https:\/\/www.immobilienbusiness.ch\/wp-content\/uploads\/2021\/07\/logo_ib.png","contentUrl":"https:\/\/www.immobilienbusiness.ch\/wp-content\/uploads\/2021\/07\/logo_ib.png","width":800,"height":181,"caption":"IMMOBILIEN Business"},"image":{"@id":"https:\/\/www.immobilienbusiness.ch\/#\/schema\/logo\/image\/"},"sameAs":["https:\/\/www.facebook.com\/immobilienbusiness\/"]},{"@type":"Person","@id":"https:\/\/www.immobilienbusiness.ch\/#\/schema\/person\/aba8bea2db926aa0c24c08c43fe1fcd5","name":"Alexander Wachter","image":{"@type":"ImageObject","inLanguage":"it-IT","@id":"https:\/\/secure.gravatar.com\/avatar\/1a09e471f5389b0e0a6416eac287e0927c7c97a7b77f9e787eba3af7aee281dd?s=96&d=mm&r=g","url":"https:\/\/secure.gravatar.com\/avatar\/1a09e471f5389b0e0a6416eac287e0927c7c97a7b77f9e787eba3af7aee281dd?s=96&d=mm&r=g","contentUrl":"https:\/\/secure.gravatar.com\/avatar\/1a09e471f5389b0e0a6416eac287e0927c7c97a7b77f9e787eba3af7aee281dd?s=96&d=mm&r=g","caption":"Alexander Wachter"},"url":"https:\/\/www.immobilienbusiness.ch\/it\/author\/alexander-wachter\/"}]}},"_links":{"self":[{"href":"https:\/\/www.immobilienbusiness.ch\/it\/wp-json\/wp\/v2\/posts\/59918","targetHints":{"allow":["GET"]}}],"collection":[{"href":"https:\/\/www.immobilienbusiness.ch\/it\/wp-json\/wp\/v2\/posts"}],"about":[{"href":"https:\/\/www.immobilienbusiness.ch\/it\/wp-json\/wp\/v2\/types\/post"}],"author":[{"embeddable":true,"href":"https:\/\/www.immobilienbusiness.ch\/it\/wp-json\/wp\/v2\/users\/102"}],"replies":[{"embeddable":true,"href":"https:\/\/www.immobilienbusiness.ch\/it\/wp-json\/wp\/v2\/comments?post=59918"}],"version-history":[{"count":4,"href":"https:\/\/www.immobilienbusiness.ch\/it\/wp-json\/wp\/v2\/posts\/59918\/revisions"}],"predecessor-version":[{"id":60344,"href":"https:\/\/www.immobilienbusiness.ch\/it\/wp-json\/wp\/v2\/posts\/59918\/revisions\/60344"}],"wp:featuredmedia":[{"embeddable":true,"href":"https:\/\/www.immobilienbusiness.ch\/it\/wp-json\/wp\/v2\/media\/42493"}],"wp:attachment":[{"href":"https:\/\/www.immobilienbusiness.ch\/it\/wp-json\/wp\/v2\/media?parent=59918"}],"wp:term":[{"taxonomy":"category","embeddable":true,"href":"https:\/\/www.immobilienbusiness.ch\/it\/wp-json\/wp\/v2\/categories?post=59918"},{"taxonomy":"post_tag","embeddable":true,"href":"https:\/\/www.immobilienbusiness.ch\/it\/wp-json\/wp\/v2\/tags?post=59918"}],"curies":[{"name":"wp","href":"https:\/\/api.w.org\/{rel}","templated":true}]}}