{"id":59465,"date":"2024-08-28T07:45:00","date_gmt":"2024-08-28T05:45:00","guid":{"rendered":"https:\/\/www.immobilienbusiness.ch\/?p=59465"},"modified":"2024-08-28T09:58:53","modified_gmt":"2024-08-28T07:58:53","slug":"datacenter-anfang-einer-weiteren-investitionswelle","status":"publish","type":"post","link":"https:\/\/www.immobilienbusiness.ch\/it\/regionen\/2024-08-28\/datacenter-anfang-einer-weiteren-investitionswelle\/","title":{"rendered":"Data center: \"L'inizio di un'altra ondata di investimenti\""},"content":{"rendered":"<figure id=\"attachment_59466\" aria-describedby=\"caption-attachment-59466\" style=\"width: 1343px\" class=\"wp-caption alignnone\"><a href=\"https:\/\/www.immobilienbusiness.ch\/wp-content\/uploads\/2024\/08\/Green-Dielsdorf.png\"><img loading=\"lazy\" decoding=\"async\" class=\"size-full wp-image-59466\" src=\"https:\/\/www.immobilienbusiness.ch\/wp-content\/uploads\/2024\/08\/Green-Dielsdorf.png\" alt=\"\" width=\"1343\" height=\"855\" srcset=\"https:\/\/www.immobilienbusiness.ch\/wp-content\/uploads\/2024\/08\/Green-Dielsdorf.png 1200w, https:\/\/www.immobilienbusiness.ch\/wp-content\/uploads\/2024\/08\/Green-Dielsdorf-300x191.png 300w, https:\/\/www.immobilienbusiness.ch\/wp-content\/uploads\/2024\/08\/Green-Dielsdorf-1024x652.png 1024w, https:\/\/www.immobilienbusiness.ch\/wp-content\/uploads\/2024\/08\/Green-Dielsdorf-768x489.png 768w, https:\/\/www.immobilienbusiness.ch\/wp-content\/uploads\/2024\/08\/Green-Dielsdorf-18x12.png 18w, https:\/\/www.immobilienbusiness.ch\/wp-content\/uploads\/2024\/08\/Green-Dielsdorf-375x239.png 375w, https:\/\/www.immobilienbusiness.ch\/wp-content\/uploads\/2024\/08\/Green-Dielsdorf-550x350.png 550w, https:\/\/www.immobilienbusiness.ch\/wp-content\/uploads\/2024\/08\/Green-Dielsdorf-1000x637.png 1000w\" sizes=\"auto, (max-width: 1343px) 100vw, 1343px\" \/><\/a><figcaption id=\"caption-attachment-59466\" class=\"wp-caption-text\">Visualizzazione del nuovo edificio del Metro Campus (Immagine: Green)<\/figcaption><\/figure>\n<p>Il provider di centri dati Green ha iniziato la costruzione di un altro centro dati nel campus della metropolitana di Zurigo Ovest. Si tratta del quarto centro dati sul sito di Lupfig (AG). Il centro offrir\u00e0 5.526 metri quadrati di spazio per data center e circa 2.000 metri quadrati di uffici.<\/p>\n<p>Secondo l'azienda, la forte domanda di capacit\u00e0 di calcolo dovuta al boom delle applicazioni AI ha accelerato l'inizio della costruzione. Allo stesso tempo, sta aumentando l'esternalizzazione dei data center di propriet\u00e0 delle aziende. \"Siamo all'inizio di un'altra ondata di investimenti\", spiega Roger S\u00fcess, CEO di Green, che sostiene di essere il pi\u00f9 grande specialista di data center in Svizzera. Ha annunciato che la sua azienda raddoppier\u00e0 la capacit\u00e0 dei suoi data center nei prossimi due o tre anni. Attualmente si stanno valutando nuove sedi.<\/p>\n<p>La nuova struttura del Campus Ovest di Zurigo sar\u00e0 dotata di un sistema di estrazione del calore residuo per fornire alla regione un riscaldamento neutrale dal punto di vista climatico. Il calore residuo confluisce nella nuova rete di riscaldamento Naturenergie Eigenamt, gestita da IBB Energie AG. Green utilizza anche il raffreddamento naturale dell'aria ambiente, riducendo cos\u00ec al minimo il consumo energetico. <em>(aw)<\/em><\/p>","protected":false},"excerpt":{"rendered":"<p>Il pi\u00f9 grande fornitore di centri dati della Svizzera ha iniziato la costruzione di un nuovo centro dati presso il Metro Campus Zurich West a Lupfig (AG). L'azienda intende raddoppiare la propria capacit\u00e0 in pochi anni.<\/p>","protected":false},"author":102,"featured_media":59466,"comment_status":"closed","ping_status":"closed","sticky":false,"template":"","format":"standard","meta":{"_acf_changed":false,"_yoast_wpseo_focuskw":"Datacenter Green","_yoast_wpseo_title":"","_yoast_wpseo_metadesc":"Auf dem Metro-Campus Z\u00fcrich West in Dielsdorf hat der gr\u00f6sste Datacenter-Anbieter der Schweiz mit dem Bau eines neuen Rechenzentrums begonnen. Das Unternehmen will seine Kapazit\u00e4t in wenigen Jahren verdoppeln.","_yoast_wpseo_linkdex":52,"pgc_sgb_lightbox_settings":"","footnotes":""},"categories":[985,988],"tags":[2006,2157,3784,3785,1590,1599],"class_list":["post-59465","post","type-post","status-publish","format-standard","has-post-thumbnail","hentry","category-regionen","category-unternehmen","tag-datacenter","tag-dielsdorf","tag-green","tag-potenzieller-kaeufer","tag-potenzieller-mieter","tag-projekt-in-bau"],"acf":[],"yoast_head":"<!-- This site is optimized with the Yoast SEO plugin v27.4 - https:\/\/yoast.com\/product\/yoast-seo-wordpress\/ -->\n<title>Datacenter: \u00abAnfang einer weiteren Investitionswelle\u00bb - IMMOBILIEN Business<\/title>\n<meta name=\"description\" content=\"Auf dem Metro-Campus Z\u00fcrich West in Dielsdorf hat der gr\u00f6sste Datacenter-Anbieter der Schweiz mit dem Bau eines neuen Rechenzentrums begonnen. Das Unternehmen will seine Kapazit\u00e4t in wenigen Jahren verdoppeln.\" \/>\n<meta name=\"robots\" content=\"index, follow, max-snippet:-1, max-image-preview:large, max-video-preview:-1\" \/>\n<link rel=\"canonical\" href=\"https:\/\/www.immobilienbusiness.ch\/it\/regionen\/2024-08-28\/datacenter-anfang-einer-weiteren-investitionswelle\/\" \/>\n<meta property=\"og:locale\" content=\"it_IT\" \/>\n<meta property=\"og:type\" content=\"article\" \/>\n<meta property=\"og:title\" content=\"Datacenter: \u00abAnfang einer weiteren Investitionswelle\u00bb - IMMOBILIEN Business\" \/>\n<meta property=\"og:description\" content=\"Auf dem Metro-Campus Z\u00fcrich West in Dielsdorf hat der gr\u00f6sste Datacenter-Anbieter der Schweiz mit dem Bau eines neuen Rechenzentrums begonnen. Das Unternehmen will seine Kapazit\u00e4t in wenigen Jahren verdoppeln.\" \/>\n<meta property=\"og:url\" content=\"https:\/\/www.immobilienbusiness.ch\/it\/regionen\/2024-08-28\/datacenter-anfang-einer-weiteren-investitionswelle\/\" \/>\n<meta property=\"og:site_name\" content=\"IMMOBILIEN Business\" \/>\n<meta property=\"article:publisher\" content=\"https:\/\/www.facebook.com\/immobilienbusiness\/\" \/>\n<meta property=\"article:published_time\" content=\"2024-08-28T05:45:00+00:00\" \/>\n<meta property=\"article:modified_time\" content=\"2024-08-28T07:58:53+00:00\" \/>\n<meta property=\"og:image\" content=\"https:\/\/www.immobilienbusiness.ch\/wp-content\/uploads\/2024\/08\/Green-Dielsdorf.png\" \/>\n\t<meta property=\"og:image:width\" content=\"1200\" \/>\n\t<meta property=\"og:image:height\" content=\"764\" \/>\n\t<meta property=\"og:image:type\" content=\"image\/png\" \/>\n<meta name=\"author\" content=\"Alexander Wachter\" \/>\n<meta name=\"twitter:card\" content=\"summary_large_image\" \/>\n<script type=\"application\/ld+json\" class=\"yoast-schema-graph\">{\"@context\":\"https:\\\/\\\/schema.org\",\"@graph\":[{\"@type\":\"Article\",\"@id\":\"https:\\\/\\\/www.immobilienbusiness.ch\\\/de\\\/regionen\\\/2024-08-28\\\/datacenter-anfang-einer-weiteren-investitionswelle\\\/#article\",\"isPartOf\":{\"@id\":\"https:\\\/\\\/www.immobilienbusiness.ch\\\/de\\\/regionen\\\/2024-08-28\\\/datacenter-anfang-einer-weiteren-investitionswelle\\\/\"},\"author\":{\"name\":\"Alexander Wachter\",\"@id\":\"https:\\\/\\\/www.immobilienbusiness.ch\\\/#\\\/schema\\\/person\\\/aba8bea2db926aa0c24c08c43fe1fcd5\"},\"headline\":\"Datacenter: \u00abAnfang einer weiteren Investitionswelle\u00bb\",\"datePublished\":\"2024-08-28T05:45:00+00:00\",\"dateModified\":\"2024-08-28T07:58:53+00:00\",\"mainEntityOfPage\":{\"@id\":\"https:\\\/\\\/www.immobilienbusiness.ch\\\/de\\\/regionen\\\/2024-08-28\\\/datacenter-anfang-einer-weiteren-investitionswelle\\\/\"},\"wordCount\":203,\"publisher\":{\"@id\":\"https:\\\/\\\/www.immobilienbusiness.ch\\\/#organization\"},\"image\":{\"@id\":\"https:\\\/\\\/www.immobilienbusiness.ch\\\/de\\\/regionen\\\/2024-08-28\\\/datacenter-anfang-einer-weiteren-investitionswelle\\\/#primaryimage\"},\"thumbnailUrl\":\"https:\\\/\\\/www.immobilienbusiness.ch\\\/wp-content\\\/uploads\\\/2024\\\/08\\\/Green-Dielsdorf.png\",\"keywords\":[\"Datacenter\",\"Dielsdorf\",\"Green\",\"potenzieller K\u00e4ufer\",\"potenzieller Mieter\",\"Projekt in Bau\"],\"articleSection\":[\"REGIONEN\",\"UNTERNEHMEN\"],\"inLanguage\":\"it-IT\"},{\"@type\":\"WebPage\",\"@id\":\"https:\\\/\\\/www.immobilienbusiness.ch\\\/de\\\/regionen\\\/2024-08-28\\\/datacenter-anfang-einer-weiteren-investitionswelle\\\/\",\"url\":\"https:\\\/\\\/www.immobilienbusiness.ch\\\/de\\\/regionen\\\/2024-08-28\\\/datacenter-anfang-einer-weiteren-investitionswelle\\\/\",\"name\":\"Datacenter: \u00abAnfang einer weiteren Investitionswelle\u00bb - IMMOBILIEN Business\",\"isPartOf\":{\"@id\":\"https:\\\/\\\/www.immobilienbusiness.ch\\\/#website\"},\"primaryImageOfPage\":{\"@id\":\"https:\\\/\\\/www.immobilienbusiness.ch\\\/de\\\/regionen\\\/2024-08-28\\\/datacenter-anfang-einer-weiteren-investitionswelle\\\/#primaryimage\"},\"image\":{\"@id\":\"https:\\\/\\\/www.immobilienbusiness.ch\\\/de\\\/regionen\\\/2024-08-28\\\/datacenter-anfang-einer-weiteren-investitionswelle\\\/#primaryimage\"},\"thumbnailUrl\":\"https:\\\/\\\/www.immobilienbusiness.ch\\\/wp-content\\\/uploads\\\/2024\\\/08\\\/Green-Dielsdorf.png\",\"datePublished\":\"2024-08-28T05:45:00+00:00\",\"dateModified\":\"2024-08-28T07:58:53+00:00\",\"description\":\"Auf dem Metro-Campus Z\u00fcrich West in Dielsdorf hat der gr\u00f6sste Datacenter-Anbieter der Schweiz mit dem Bau eines neuen Rechenzentrums begonnen. Das Unternehmen will seine Kapazit\u00e4t in wenigen Jahren verdoppeln.\",\"breadcrumb\":{\"@id\":\"https:\\\/\\\/www.immobilienbusiness.ch\\\/de\\\/regionen\\\/2024-08-28\\\/datacenter-anfang-einer-weiteren-investitionswelle\\\/#breadcrumb\"},\"inLanguage\":\"it-IT\",\"potentialAction\":[{\"@type\":\"ReadAction\",\"target\":[\"https:\\\/\\\/www.immobilienbusiness.ch\\\/de\\\/regionen\\\/2024-08-28\\\/datacenter-anfang-einer-weiteren-investitionswelle\\\/\"]}]},{\"@type\":\"ImageObject\",\"inLanguage\":\"it-IT\",\"@id\":\"https:\\\/\\\/www.immobilienbusiness.ch\\\/de\\\/regionen\\\/2024-08-28\\\/datacenter-anfang-einer-weiteren-investitionswelle\\\/#primaryimage\",\"url\":\"https:\\\/\\\/www.immobilienbusiness.ch\\\/wp-content\\\/uploads\\\/2024\\\/08\\\/Green-Dielsdorf.png\",\"contentUrl\":\"https:\\\/\\\/www.immobilienbusiness.ch\\\/wp-content\\\/uploads\\\/2024\\\/08\\\/Green-Dielsdorf.png\",\"width\":1200,\"height\":764,\"caption\":\"Visualisierung des neuen Geb\u00e4udes auf dem Metro-Campus (Bild: Green)\"},{\"@type\":\"BreadcrumbList\",\"@id\":\"https:\\\/\\\/www.immobilienbusiness.ch\\\/de\\\/regionen\\\/2024-08-28\\\/datacenter-anfang-einer-weiteren-investitionswelle\\\/#breadcrumb\",\"itemListElement\":[{\"@type\":\"ListItem\",\"position\":1,\"name\":\"Home\",\"item\":\"https:\\\/\\\/www.immobilienbusiness.ch\\\/\"},{\"@type\":\"ListItem\",\"position\":2,\"name\":\"Datacenter: \u00abAnfang einer weiteren Investitionswelle\u00bb\"}]},{\"@type\":\"WebSite\",\"@id\":\"https:\\\/\\\/www.immobilienbusiness.ch\\\/#website\",\"url\":\"https:\\\/\\\/www.immobilienbusiness.ch\\\/\",\"name\":\"IMMOBILIEN Business\",\"description\":\"Unabh\u00e4ngiges Schweizer Wirtschaftsmagazin mit Fokus auf Immobilien, Architektur- und Bau sowie Investment- und Finanzierung.\",\"publisher\":{\"@id\":\"https:\\\/\\\/www.immobilienbusiness.ch\\\/#organization\"},\"potentialAction\":[{\"@type\":\"SearchAction\",\"target\":{\"@type\":\"EntryPoint\",\"urlTemplate\":\"https:\\\/\\\/www.immobilienbusiness.ch\\\/?s={search_term_string}\"},\"query-input\":{\"@type\":\"PropertyValueSpecification\",\"valueRequired\":true,\"valueName\":\"search_term_string\"}}],\"inLanguage\":\"it-IT\"},{\"@type\":\"Organization\",\"@id\":\"https:\\\/\\\/www.immobilienbusiness.ch\\\/#organization\",\"name\":\"IMMOBILIEN Business\",\"url\":\"https:\\\/\\\/www.immobilienbusiness.ch\\\/\",\"logo\":{\"@type\":\"ImageObject\",\"inLanguage\":\"it-IT\",\"@id\":\"https:\\\/\\\/www.immobilienbusiness.ch\\\/#\\\/schema\\\/logo\\\/image\\\/\",\"url\":\"https:\\\/\\\/www.immobilienbusiness.ch\\\/wp-content\\\/uploads\\\/2021\\\/07\\\/logo_ib.png\",\"contentUrl\":\"https:\\\/\\\/www.immobilienbusiness.ch\\\/wp-content\\\/uploads\\\/2021\\\/07\\\/logo_ib.png\",\"width\":800,\"height\":181,\"caption\":\"IMMOBILIEN Business\"},\"image\":{\"@id\":\"https:\\\/\\\/www.immobilienbusiness.ch\\\/#\\\/schema\\\/logo\\\/image\\\/\"},\"sameAs\":[\"https:\\\/\\\/www.facebook.com\\\/immobilienbusiness\\\/\"]},{\"@type\":\"Person\",\"@id\":\"https:\\\/\\\/www.immobilienbusiness.ch\\\/#\\\/schema\\\/person\\\/aba8bea2db926aa0c24c08c43fe1fcd5\",\"name\":\"Alexander Wachter\",\"image\":{\"@type\":\"ImageObject\",\"inLanguage\":\"it-IT\",\"@id\":\"https:\\\/\\\/secure.gravatar.com\\\/avatar\\\/1a09e471f5389b0e0a6416eac287e0927c7c97a7b77f9e787eba3af7aee281dd?s=96&d=mm&r=g\",\"url\":\"https:\\\/\\\/secure.gravatar.com\\\/avatar\\\/1a09e471f5389b0e0a6416eac287e0927c7c97a7b77f9e787eba3af7aee281dd?s=96&d=mm&r=g\",\"contentUrl\":\"https:\\\/\\\/secure.gravatar.com\\\/avatar\\\/1a09e471f5389b0e0a6416eac287e0927c7c97a7b77f9e787eba3af7aee281dd?s=96&d=mm&r=g\",\"caption\":\"Alexander Wachter\"},\"url\":\"https:\\\/\\\/www.immobilienbusiness.ch\\\/it\\\/author\\\/alexander-wachter\\\/\"}]}<\/script>\n<!-- \/ Yoast SEO plugin. -->","yoast_head_json":{"title":"Datacenter: \u00abAnfang einer weiteren Investitionswelle\u00bb - IMMOBILIEN Business","description":"Il pi\u00f9 grande fornitore di centri dati della Svizzera ha iniziato la costruzione di un nuovo centro dati nel Metro Campus Zurich West di Dielsdorf. L'azienda intende raddoppiare la propria capacit\u00e0 in pochi anni.","robots":{"index":"index","follow":"follow","max-snippet":"max-snippet:-1","max-image-preview":"max-image-preview:large","max-video-preview":"max-video-preview:-1"},"canonical":"https:\/\/www.immobilienbusiness.ch\/it\/regionen\/2024-08-28\/datacenter-anfang-einer-weiteren-investitionswelle\/","og_locale":"it_IT","og_type":"article","og_title":"Datacenter: \u00abAnfang einer weiteren Investitionswelle\u00bb - IMMOBILIEN Business","og_description":"Auf dem Metro-Campus Z\u00fcrich West in Dielsdorf hat der gr\u00f6sste Datacenter-Anbieter der Schweiz mit dem Bau eines neuen Rechenzentrums begonnen. Das Unternehmen will seine Kapazit\u00e4t in wenigen Jahren verdoppeln.","og_url":"https:\/\/www.immobilienbusiness.ch\/it\/regionen\/2024-08-28\/datacenter-anfang-einer-weiteren-investitionswelle\/","og_site_name":"IMMOBILIEN Business","article_publisher":"https:\/\/www.facebook.com\/immobilienbusiness\/","article_published_time":"2024-08-28T05:45:00+00:00","article_modified_time":"2024-08-28T07:58:53+00:00","og_image":[{"width":1200,"height":764,"url":"https:\/\/www.immobilienbusiness.ch\/wp-content\/uploads\/2024\/08\/Green-Dielsdorf.png","type":"image\/png"}],"author":"Alexander Wachter","twitter_card":"summary_large_image","schema":{"@context":"https:\/\/schema.org","@graph":[{"@type":"Article","@id":"https:\/\/www.immobilienbusiness.ch\/de\/regionen\/2024-08-28\/datacenter-anfang-einer-weiteren-investitionswelle\/#article","isPartOf":{"@id":"https:\/\/www.immobilienbusiness.ch\/de\/regionen\/2024-08-28\/datacenter-anfang-einer-weiteren-investitionswelle\/"},"author":{"name":"Alexander Wachter","@id":"https:\/\/www.immobilienbusiness.ch\/#\/schema\/person\/aba8bea2db926aa0c24c08c43fe1fcd5"},"headline":"Datacenter: \u00abAnfang einer weiteren Investitionswelle\u00bb","datePublished":"2024-08-28T05:45:00+00:00","dateModified":"2024-08-28T07:58:53+00:00","mainEntityOfPage":{"@id":"https:\/\/www.immobilienbusiness.ch\/de\/regionen\/2024-08-28\/datacenter-anfang-einer-weiteren-investitionswelle\/"},"wordCount":203,"publisher":{"@id":"https:\/\/www.immobilienbusiness.ch\/#organization"},"image":{"@id":"https:\/\/www.immobilienbusiness.ch\/de\/regionen\/2024-08-28\/datacenter-anfang-einer-weiteren-investitionswelle\/#primaryimage"},"thumbnailUrl":"https:\/\/www.immobilienbusiness.ch\/wp-content\/uploads\/2024\/08\/Green-Dielsdorf.png","keywords":["Datacenter","Dielsdorf","Green","potenzieller K\u00e4ufer","potenzieller Mieter","Projekt in Bau"],"articleSection":["REGIONEN","UNTERNEHMEN"],"inLanguage":"it-IT"},{"@type":"WebPage","@id":"https:\/\/www.immobilienbusiness.ch\/de\/regionen\/2024-08-28\/datacenter-anfang-einer-weiteren-investitionswelle\/","url":"https:\/\/www.immobilienbusiness.ch\/de\/regionen\/2024-08-28\/datacenter-anfang-einer-weiteren-investitionswelle\/","name":"Datacenter: \u00abAnfang einer weiteren Investitionswelle\u00bb - IMMOBILIEN Business","isPartOf":{"@id":"https:\/\/www.immobilienbusiness.ch\/#website"},"primaryImageOfPage":{"@id":"https:\/\/www.immobilienbusiness.ch\/de\/regionen\/2024-08-28\/datacenter-anfang-einer-weiteren-investitionswelle\/#primaryimage"},"image":{"@id":"https:\/\/www.immobilienbusiness.ch\/de\/regionen\/2024-08-28\/datacenter-anfang-einer-weiteren-investitionswelle\/#primaryimage"},"thumbnailUrl":"https:\/\/www.immobilienbusiness.ch\/wp-content\/uploads\/2024\/08\/Green-Dielsdorf.png","datePublished":"2024-08-28T05:45:00+00:00","dateModified":"2024-08-28T07:58:53+00:00","description":"Il pi\u00f9 grande fornitore di centri dati della Svizzera ha iniziato la costruzione di un nuovo centro dati nel Metro Campus Zurich West di Dielsdorf. L'azienda intende raddoppiare la propria capacit\u00e0 in pochi anni.","breadcrumb":{"@id":"https:\/\/www.immobilienbusiness.ch\/de\/regionen\/2024-08-28\/datacenter-anfang-einer-weiteren-investitionswelle\/#breadcrumb"},"inLanguage":"it-IT","potentialAction":[{"@type":"ReadAction","target":["https:\/\/www.immobilienbusiness.ch\/de\/regionen\/2024-08-28\/datacenter-anfang-einer-weiteren-investitionswelle\/"]}]},{"@type":"ImageObject","inLanguage":"it-IT","@id":"https:\/\/www.immobilienbusiness.ch\/de\/regionen\/2024-08-28\/datacenter-anfang-einer-weiteren-investitionswelle\/#primaryimage","url":"https:\/\/www.immobilienbusiness.ch\/wp-content\/uploads\/2024\/08\/Green-Dielsdorf.png","contentUrl":"https:\/\/www.immobilienbusiness.ch\/wp-content\/uploads\/2024\/08\/Green-Dielsdorf.png","width":1200,"height":764,"caption":"Visualisierung des neuen Geb\u00e4udes auf dem Metro-Campus (Bild: Green)"},{"@type":"BreadcrumbList","@id":"https:\/\/www.immobilienbusiness.ch\/de\/regionen\/2024-08-28\/datacenter-anfang-einer-weiteren-investitionswelle\/#breadcrumb","itemListElement":[{"@type":"ListItem","position":1,"name":"Home","item":"https:\/\/www.immobilienbusiness.ch\/"},{"@type":"ListItem","position":2,"name":"Datacenter: \u00abAnfang einer weiteren Investitionswelle\u00bb"}]},{"@type":"WebSite","@id":"https:\/\/www.immobilienbusiness.ch\/#website","url":"https:\/\/www.immobilienbusiness.ch\/","name":"Affari immobiliari","description":"Rivista economica indipendente svizzera che si concentra sul settore immobiliare, l'architettura e la costruzione, nonch\u00e9 sugli investimenti e i finanziamenti.","publisher":{"@id":"https:\/\/www.immobilienbusiness.ch\/#organization"},"potentialAction":[{"@type":"SearchAction","target":{"@type":"EntryPoint","urlTemplate":"https:\/\/www.immobilienbusiness.ch\/?s={search_term_string}"},"query-input":{"@type":"PropertyValueSpecification","valueRequired":true,"valueName":"search_term_string"}}],"inLanguage":"it-IT"},{"@type":"Organization","@id":"https:\/\/www.immobilienbusiness.ch\/#organization","name":"Affari immobiliari","url":"https:\/\/www.immobilienbusiness.ch\/","logo":{"@type":"ImageObject","inLanguage":"it-IT","@id":"https:\/\/www.immobilienbusiness.ch\/#\/schema\/logo\/image\/","url":"https:\/\/www.immobilienbusiness.ch\/wp-content\/uploads\/2021\/07\/logo_ib.png","contentUrl":"https:\/\/www.immobilienbusiness.ch\/wp-content\/uploads\/2021\/07\/logo_ib.png","width":800,"height":181,"caption":"IMMOBILIEN Business"},"image":{"@id":"https:\/\/www.immobilienbusiness.ch\/#\/schema\/logo\/image\/"},"sameAs":["https:\/\/www.facebook.com\/immobilienbusiness\/"]},{"@type":"Person","@id":"https:\/\/www.immobilienbusiness.ch\/#\/schema\/person\/aba8bea2db926aa0c24c08c43fe1fcd5","name":"Alexander Wachter","image":{"@type":"ImageObject","inLanguage":"it-IT","@id":"https:\/\/secure.gravatar.com\/avatar\/1a09e471f5389b0e0a6416eac287e0927c7c97a7b77f9e787eba3af7aee281dd?s=96&d=mm&r=g","url":"https:\/\/secure.gravatar.com\/avatar\/1a09e471f5389b0e0a6416eac287e0927c7c97a7b77f9e787eba3af7aee281dd?s=96&d=mm&r=g","contentUrl":"https:\/\/secure.gravatar.com\/avatar\/1a09e471f5389b0e0a6416eac287e0927c7c97a7b77f9e787eba3af7aee281dd?s=96&d=mm&r=g","caption":"Alexander Wachter"},"url":"https:\/\/www.immobilienbusiness.ch\/it\/author\/alexander-wachter\/"}]}},"_links":{"self":[{"href":"https:\/\/www.immobilienbusiness.ch\/it\/wp-json\/wp\/v2\/posts\/59465","targetHints":{"allow":["GET"]}}],"collection":[{"href":"https:\/\/www.immobilienbusiness.ch\/it\/wp-json\/wp\/v2\/posts"}],"about":[{"href":"https:\/\/www.immobilienbusiness.ch\/it\/wp-json\/wp\/v2\/types\/post"}],"author":[{"embeddable":true,"href":"https:\/\/www.immobilienbusiness.ch\/it\/wp-json\/wp\/v2\/users\/102"}],"replies":[{"embeddable":true,"href":"https:\/\/www.immobilienbusiness.ch\/it\/wp-json\/wp\/v2\/comments?post=59465"}],"version-history":[{"count":2,"href":"https:\/\/www.immobilienbusiness.ch\/it\/wp-json\/wp\/v2\/posts\/59465\/revisions"}],"predecessor-version":[{"id":59474,"href":"https:\/\/www.immobilienbusiness.ch\/it\/wp-json\/wp\/v2\/posts\/59465\/revisions\/59474"}],"wp:featuredmedia":[{"embeddable":true,"href":"https:\/\/www.immobilienbusiness.ch\/it\/wp-json\/wp\/v2\/media\/59466"}],"wp:attachment":[{"href":"https:\/\/www.immobilienbusiness.ch\/it\/wp-json\/wp\/v2\/media?parent=59465"}],"wp:term":[{"taxonomy":"category","embeddable":true,"href":"https:\/\/www.immobilienbusiness.ch\/it\/wp-json\/wp\/v2\/categories?post=59465"},{"taxonomy":"post_tag","embeddable":true,"href":"https:\/\/www.immobilienbusiness.ch\/it\/wp-json\/wp\/v2\/tags?post=59465"}],"curies":[{"name":"wp","href":"https:\/\/api.w.org\/{rel}","templated":true}]}}