{"id":58286,"date":"2024-08-05T07:53:11","date_gmt":"2024-08-05T05:53:11","guid":{"rendered":"https:\/\/www.immobilienbusiness.ch\/?p=58286"},"modified":"2024-08-19T13:40:12","modified_gmt":"2024-08-19T11:40:12","slug":"kriens-zwei-neue-bueromieter-im-mattenhof","status":"publish","type":"post","link":"https:\/\/www.immobilienbusiness.ch\/it\/allgemein\/2024-08-05\/kriens-zwei-neue-bueromieter-im-mattenhof\/","title":{"rendered":"Kriens: due nuovi inquilini per uffici a Mattenhof"},"content":{"rendered":"<figure id=\"attachment_58287\" aria-describedby=\"caption-attachment-58287\" style=\"width: 900px\" class=\"wp-caption alignnone\"><a href=\"https:\/\/www.immobilienbusiness.ch\/wp-content\/uploads\/2024\/08\/Mattenhof-Kriens.png\"><img loading=\"lazy\" decoding=\"async\" class=\"wp-image-58287 size-full\" src=\"https:\/\/www.immobilienbusiness.ch\/wp-content\/uploads\/2024\/08\/Mattenhof-Kriens.png\" alt=\"Mattenhof Kriens Vermietung\" width=\"900\" height=\"540\" srcset=\"https:\/\/www.immobilienbusiness.ch\/wp-content\/uploads\/2024\/08\/Mattenhof-Kriens.png 900w, https:\/\/www.immobilienbusiness.ch\/wp-content\/uploads\/2024\/08\/Mattenhof-Kriens-300x180.png 300w, https:\/\/www.immobilienbusiness.ch\/wp-content\/uploads\/2024\/08\/Mattenhof-Kriens-768x461.png 768w, https:\/\/www.immobilienbusiness.ch\/wp-content\/uploads\/2024\/08\/Mattenhof-Kriens-18x12.png 18w, https:\/\/www.immobilienbusiness.ch\/wp-content\/uploads\/2024\/08\/Mattenhof-Kriens-375x225.png 375w, https:\/\/www.immobilienbusiness.ch\/wp-content\/uploads\/2024\/08\/Mattenhof-Kriens-583x350.png 583w\" sizes=\"auto, (max-width: 900px) 100vw, 900px\" \/><\/a><figcaption id=\"caption-attachment-58287\" class=\"wp-caption-text\">Il Mattenhof di Kriens (Immagine: Mobimo AG)<\/figcaption><\/figure>\n<p>Mobimo ha affittato due spazi nella propriet\u00e0 di Am Mattenhof 8 a Kriens (LU). Da un lato, ICT Berufsbildung ha firmato qualche settimana fa un contratto di locazione per 1.714 metri quadrati. L'ente di formazione nel campo delle tecnologie dell'informazione e della comunicazione si trasferir\u00e0 a Kriens dalla Ebikonerstrasse 75 di Adligenswil. Mobimo ha inoltre annunciato che la compagnia di assicurazione sanitaria \u00d6KK ha affittato 572 metri quadrati di uffici. I proventi di questi contratti saranno registrati nel conto economico a partire dalla seconda met\u00e0 dell'anno.<\/p>\n<p>L'immobile Mattenhof 8 \u00e8 uno dei tanti di propriet\u00e0 di Mobimo nel quartiere. Ha una superficie di 4.840 metri quadrati, di cui poco pi\u00f9 della met\u00e0 sono uffici. <em>(aw)<\/em><\/p>","protected":false},"excerpt":{"rendered":"<p>Mobimo ha annunciato contratti di locazione con un centro di formazione professionale e una compagnia di assicurazione sanitaria per un totale di oltre 2.200 mq.<\/p>","protected":false},"author":102,"featured_media":58287,"comment_status":"closed","ping_status":"closed","sticky":false,"template":"","format":"standard","meta":{"_acf_changed":false,"_yoast_wpseo_focuskw":"Mattenhof Kriens Vermietung","_yoast_wpseo_title":"","_yoast_wpseo_metadesc":"Mobimo vermietet zwei Fl\u00e4chen im Mattenhof Kriens: ICT Berufsbildung (1.714 qm) und Krankenkasse \u00d6KK (572 qm).","_yoast_wpseo_linkdex":50,"pgc_sgb_lightbox_settings":"","footnotes":""},"categories":[1],"tags":[2443,1118,1425,1958,1503,1832],"class_list":["post-58286","post","type-post","status-publish","format-standard","has-post-thumbnail","hentry","category-allgemein","tag-bildung","tag-buero","tag-kriens","tag-lu","tag-mobimo","tag-vermietung"],"acf":[],"yoast_head":"<!-- This site is optimized with the Yoast SEO plugin v27.5 - https:\/\/yoast.com\/product\/yoast-seo-wordpress\/ -->\n<title>Kriens: Zwei neue B\u00fcromieter im Mattenhof - IMMOBILIEN Business<\/title>\n<meta name=\"description\" content=\"Mobimo vermietet zwei Fl\u00e4chen im Mattenhof Kriens: ICT Berufsbildung (1.714 qm) und Krankenkasse \u00d6KK (572 qm).\" \/>\n<meta name=\"robots\" content=\"index, follow, max-snippet:-1, max-image-preview:large, max-video-preview:-1\" \/>\n<link rel=\"canonical\" href=\"https:\/\/www.immobilienbusiness.ch\/it\/allgemein\/2024-08-05\/kriens-zwei-neue-bueromieter-im-mattenhof\/\" \/>\n<meta property=\"og:locale\" content=\"it_IT\" \/>\n<meta property=\"og:type\" content=\"article\" \/>\n<meta property=\"og:title\" content=\"Kriens: Zwei neue B\u00fcromieter im Mattenhof - IMMOBILIEN Business\" \/>\n<meta property=\"og:description\" content=\"Mobimo vermietet zwei Fl\u00e4chen im Mattenhof Kriens: ICT Berufsbildung (1.714 qm) und Krankenkasse \u00d6KK (572 qm).\" \/>\n<meta property=\"og:url\" content=\"https:\/\/www.immobilienbusiness.ch\/it\/allgemein\/2024-08-05\/kriens-zwei-neue-bueromieter-im-mattenhof\/\" \/>\n<meta property=\"og:site_name\" content=\"IMMOBILIEN Business\" \/>\n<meta property=\"article:publisher\" content=\"https:\/\/www.facebook.com\/immobilienbusiness\/\" \/>\n<meta property=\"article:published_time\" content=\"2024-08-05T05:53:11+00:00\" \/>\n<meta property=\"article:modified_time\" content=\"2024-08-19T11:40:12+00:00\" \/>\n<meta property=\"og:image\" content=\"https:\/\/www.immobilienbusiness.ch\/wp-content\/uploads\/2024\/08\/Mattenhof-Kriens.png\" \/>\n\t<meta property=\"og:image:width\" content=\"900\" \/>\n\t<meta property=\"og:image:height\" content=\"540\" \/>\n\t<meta property=\"og:image:type\" content=\"image\/png\" \/>\n<meta name=\"author\" content=\"Alexander Wachter\" \/>\n<meta name=\"twitter:card\" content=\"summary_large_image\" \/>\n<script type=\"application\/ld+json\" class=\"yoast-schema-graph\">{\"@context\":\"https:\\\/\\\/schema.org\",\"@graph\":[{\"@type\":\"Article\",\"@id\":\"https:\\\/\\\/www.immobilienbusiness.ch\\\/fr\\\/allgemein\\\/2024-08-05\\\/kriens-zwei-neue-bueromieter-im-mattenhof\\\/#article\",\"isPartOf\":{\"@id\":\"https:\\\/\\\/www.immobilienbusiness.ch\\\/fr\\\/allgemein\\\/2024-08-05\\\/kriens-zwei-neue-bueromieter-im-mattenhof\\\/\"},\"author\":{\"name\":\"Alexander Wachter\",\"@id\":\"https:\\\/\\\/www.immobilienbusiness.ch\\\/#\\\/schema\\\/person\\\/aba8bea2db926aa0c24c08c43fe1fcd5\"},\"headline\":\"Kriens: Zwei neue B\u00fcromieter im Mattenhof\",\"datePublished\":\"2024-08-05T05:53:11+00:00\",\"dateModified\":\"2024-08-19T11:40:12+00:00\",\"mainEntityOfPage\":{\"@id\":\"https:\\\/\\\/www.immobilienbusiness.ch\\\/fr\\\/allgemein\\\/2024-08-05\\\/kriens-zwei-neue-bueromieter-im-mattenhof\\\/\"},\"wordCount\":128,\"publisher\":{\"@id\":\"https:\\\/\\\/www.immobilienbusiness.ch\\\/#organization\"},\"image\":{\"@id\":\"https:\\\/\\\/www.immobilienbusiness.ch\\\/fr\\\/allgemein\\\/2024-08-05\\\/kriens-zwei-neue-bueromieter-im-mattenhof\\\/#primaryimage\"},\"thumbnailUrl\":\"https:\\\/\\\/www.immobilienbusiness.ch\\\/wp-content\\\/uploads\\\/2024\\\/08\\\/Mattenhof-Kriens.png\",\"keywords\":[\"Bildung\",\"B\u00fcro\",\"Kriens\",\"LU\",\"Mobimo\",\"Vermietung\"],\"articleSection\":[\"Allgemein\"],\"inLanguage\":\"it-IT\"},{\"@type\":\"WebPage\",\"@id\":\"https:\\\/\\\/www.immobilienbusiness.ch\\\/fr\\\/allgemein\\\/2024-08-05\\\/kriens-zwei-neue-bueromieter-im-mattenhof\\\/\",\"url\":\"https:\\\/\\\/www.immobilienbusiness.ch\\\/fr\\\/allgemein\\\/2024-08-05\\\/kriens-zwei-neue-bueromieter-im-mattenhof\\\/\",\"name\":\"Kriens: Zwei neue B\u00fcromieter im Mattenhof - IMMOBILIEN Business\",\"isPartOf\":{\"@id\":\"https:\\\/\\\/www.immobilienbusiness.ch\\\/#website\"},\"primaryImageOfPage\":{\"@id\":\"https:\\\/\\\/www.immobilienbusiness.ch\\\/fr\\\/allgemein\\\/2024-08-05\\\/kriens-zwei-neue-bueromieter-im-mattenhof\\\/#primaryimage\"},\"image\":{\"@id\":\"https:\\\/\\\/www.immobilienbusiness.ch\\\/fr\\\/allgemein\\\/2024-08-05\\\/kriens-zwei-neue-bueromieter-im-mattenhof\\\/#primaryimage\"},\"thumbnailUrl\":\"https:\\\/\\\/www.immobilienbusiness.ch\\\/wp-content\\\/uploads\\\/2024\\\/08\\\/Mattenhof-Kriens.png\",\"datePublished\":\"2024-08-05T05:53:11+00:00\",\"dateModified\":\"2024-08-19T11:40:12+00:00\",\"description\":\"Mobimo vermietet zwei Fl\u00e4chen im Mattenhof Kriens: ICT Berufsbildung (1.714 qm) und Krankenkasse \u00d6KK (572 qm).\",\"breadcrumb\":{\"@id\":\"https:\\\/\\\/www.immobilienbusiness.ch\\\/fr\\\/allgemein\\\/2024-08-05\\\/kriens-zwei-neue-bueromieter-im-mattenhof\\\/#breadcrumb\"},\"inLanguage\":\"it-IT\",\"potentialAction\":[{\"@type\":\"ReadAction\",\"target\":[\"https:\\\/\\\/www.immobilienbusiness.ch\\\/fr\\\/allgemein\\\/2024-08-05\\\/kriens-zwei-neue-bueromieter-im-mattenhof\\\/\"]}]},{\"@type\":\"ImageObject\",\"inLanguage\":\"it-IT\",\"@id\":\"https:\\\/\\\/www.immobilienbusiness.ch\\\/fr\\\/allgemein\\\/2024-08-05\\\/kriens-zwei-neue-bueromieter-im-mattenhof\\\/#primaryimage\",\"url\":\"https:\\\/\\\/www.immobilienbusiness.ch\\\/wp-content\\\/uploads\\\/2024\\\/08\\\/Mattenhof-Kriens.png\",\"contentUrl\":\"https:\\\/\\\/www.immobilienbusiness.ch\\\/wp-content\\\/uploads\\\/2024\\\/08\\\/Mattenhof-Kriens.png\",\"width\":900,\"height\":540,\"caption\":\"Die Mobimo-Immobilie Mattenhof in Kriens, wo 2024 mehrere Neuvermietungen stattfanden (Bild: Mobimo AG)\"},{\"@type\":\"BreadcrumbList\",\"@id\":\"https:\\\/\\\/www.immobilienbusiness.ch\\\/fr\\\/allgemein\\\/2024-08-05\\\/kriens-zwei-neue-bueromieter-im-mattenhof\\\/#breadcrumb\",\"itemListElement\":[{\"@type\":\"ListItem\",\"position\":1,\"name\":\"Home\",\"item\":\"https:\\\/\\\/www.immobilienbusiness.ch\\\/\"},{\"@type\":\"ListItem\",\"position\":2,\"name\":\"Kriens: Zwei neue B\u00fcromieter im Mattenhof\"}]},{\"@type\":\"WebSite\",\"@id\":\"https:\\\/\\\/www.immobilienbusiness.ch\\\/#website\",\"url\":\"https:\\\/\\\/www.immobilienbusiness.ch\\\/\",\"name\":\"IMMOBILIEN Business\",\"description\":\"Unabh\u00e4ngiges Schweizer Wirtschaftsmagazin mit Fokus auf Immobilien, Architektur- und Bau sowie Investment- und Finanzierung.\",\"publisher\":{\"@id\":\"https:\\\/\\\/www.immobilienbusiness.ch\\\/#organization\"},\"potentialAction\":[{\"@type\":\"SearchAction\",\"target\":{\"@type\":\"EntryPoint\",\"urlTemplate\":\"https:\\\/\\\/www.immobilienbusiness.ch\\\/?s={search_term_string}\"},\"query-input\":{\"@type\":\"PropertyValueSpecification\",\"valueRequired\":true,\"valueName\":\"search_term_string\"}}],\"inLanguage\":\"it-IT\"},{\"@type\":\"Organization\",\"@id\":\"https:\\\/\\\/www.immobilienbusiness.ch\\\/#organization\",\"name\":\"IMMOBILIEN Business\",\"url\":\"https:\\\/\\\/www.immobilienbusiness.ch\\\/\",\"logo\":{\"@type\":\"ImageObject\",\"inLanguage\":\"it-IT\",\"@id\":\"https:\\\/\\\/www.immobilienbusiness.ch\\\/#\\\/schema\\\/logo\\\/image\\\/\",\"url\":\"https:\\\/\\\/www.immobilienbusiness.ch\\\/wp-content\\\/uploads\\\/2021\\\/07\\\/logo_ib.png\",\"contentUrl\":\"https:\\\/\\\/www.immobilienbusiness.ch\\\/wp-content\\\/uploads\\\/2021\\\/07\\\/logo_ib.png\",\"width\":800,\"height\":181,\"caption\":\"IMMOBILIEN Business\"},\"image\":{\"@id\":\"https:\\\/\\\/www.immobilienbusiness.ch\\\/#\\\/schema\\\/logo\\\/image\\\/\"},\"sameAs\":[\"https:\\\/\\\/www.facebook.com\\\/immobilienbusiness\\\/\"]},{\"@type\":\"Person\",\"@id\":\"https:\\\/\\\/www.immobilienbusiness.ch\\\/#\\\/schema\\\/person\\\/aba8bea2db926aa0c24c08c43fe1fcd5\",\"name\":\"Alexander Wachter\",\"image\":{\"@type\":\"ImageObject\",\"inLanguage\":\"it-IT\",\"@id\":\"https:\\\/\\\/secure.gravatar.com\\\/avatar\\\/1a09e471f5389b0e0a6416eac287e0927c7c97a7b77f9e787eba3af7aee281dd?s=96&d=mm&r=g\",\"url\":\"https:\\\/\\\/secure.gravatar.com\\\/avatar\\\/1a09e471f5389b0e0a6416eac287e0927c7c97a7b77f9e787eba3af7aee281dd?s=96&d=mm&r=g\",\"contentUrl\":\"https:\\\/\\\/secure.gravatar.com\\\/avatar\\\/1a09e471f5389b0e0a6416eac287e0927c7c97a7b77f9e787eba3af7aee281dd?s=96&d=mm&r=g\",\"caption\":\"Alexander Wachter\"},\"url\":\"https:\\\/\\\/www.immobilienbusiness.ch\\\/it\\\/author\\\/alexander-wachter\\\/\"}]}<\/script>\n<!-- \/ Yoast SEO plugin. -->","yoast_head_json":{"title":"Kriens: Zwei neue B\u00fcromieter im Mattenhof - IMMOBILIEN Business","description":"Mobimo vermietet zwei Fl\u00e4chen im Mattenhof Kriens: ICT Berufsbildung (1.714 qm) und Krankenkasse \u00d6KK (572 qm).","robots":{"index":"index","follow":"follow","max-snippet":"max-snippet:-1","max-image-preview":"max-image-preview:large","max-video-preview":"max-video-preview:-1"},"canonical":"https:\/\/www.immobilienbusiness.ch\/it\/allgemein\/2024-08-05\/kriens-zwei-neue-bueromieter-im-mattenhof\/","og_locale":"it_IT","og_type":"article","og_title":"Kriens: Zwei neue B\u00fcromieter im Mattenhof - IMMOBILIEN Business","og_description":"Mobimo vermietet zwei Fl\u00e4chen im Mattenhof Kriens: ICT Berufsbildung (1.714 qm) und Krankenkasse \u00d6KK (572 qm).","og_url":"https:\/\/www.immobilienbusiness.ch\/it\/allgemein\/2024-08-05\/kriens-zwei-neue-bueromieter-im-mattenhof\/","og_site_name":"IMMOBILIEN Business","article_publisher":"https:\/\/www.facebook.com\/immobilienbusiness\/","article_published_time":"2024-08-05T05:53:11+00:00","article_modified_time":"2024-08-19T11:40:12+00:00","og_image":[{"width":900,"height":540,"url":"https:\/\/www.immobilienbusiness.ch\/wp-content\/uploads\/2024\/08\/Mattenhof-Kriens.png","type":"image\/png"}],"author":"Alexander Wachter","twitter_card":"summary_large_image","schema":{"@context":"https:\/\/schema.org","@graph":[{"@type":"Article","@id":"https:\/\/www.immobilienbusiness.ch\/fr\/allgemein\/2024-08-05\/kriens-zwei-neue-bueromieter-im-mattenhof\/#article","isPartOf":{"@id":"https:\/\/www.immobilienbusiness.ch\/fr\/allgemein\/2024-08-05\/kriens-zwei-neue-bueromieter-im-mattenhof\/"},"author":{"name":"Alexander Wachter","@id":"https:\/\/www.immobilienbusiness.ch\/#\/schema\/person\/aba8bea2db926aa0c24c08c43fe1fcd5"},"headline":"Kriens: Zwei neue B\u00fcromieter im Mattenhof","datePublished":"2024-08-05T05:53:11+00:00","dateModified":"2024-08-19T11:40:12+00:00","mainEntityOfPage":{"@id":"https:\/\/www.immobilienbusiness.ch\/fr\/allgemein\/2024-08-05\/kriens-zwei-neue-bueromieter-im-mattenhof\/"},"wordCount":128,"publisher":{"@id":"https:\/\/www.immobilienbusiness.ch\/#organization"},"image":{"@id":"https:\/\/www.immobilienbusiness.ch\/fr\/allgemein\/2024-08-05\/kriens-zwei-neue-bueromieter-im-mattenhof\/#primaryimage"},"thumbnailUrl":"https:\/\/www.immobilienbusiness.ch\/wp-content\/uploads\/2024\/08\/Mattenhof-Kriens.png","keywords":["Bildung","B\u00fcro","Kriens","LU","Mobimo","Vermietung"],"articleSection":["Allgemein"],"inLanguage":"it-IT"},{"@type":"WebPage","@id":"https:\/\/www.immobilienbusiness.ch\/fr\/allgemein\/2024-08-05\/kriens-zwei-neue-bueromieter-im-mattenhof\/","url":"https:\/\/www.immobilienbusiness.ch\/fr\/allgemein\/2024-08-05\/kriens-zwei-neue-bueromieter-im-mattenhof\/","name":"Kriens: Zwei neue B\u00fcromieter im Mattenhof - IMMOBILIEN Business","isPartOf":{"@id":"https:\/\/www.immobilienbusiness.ch\/#website"},"primaryImageOfPage":{"@id":"https:\/\/www.immobilienbusiness.ch\/fr\/allgemein\/2024-08-05\/kriens-zwei-neue-bueromieter-im-mattenhof\/#primaryimage"},"image":{"@id":"https:\/\/www.immobilienbusiness.ch\/fr\/allgemein\/2024-08-05\/kriens-zwei-neue-bueromieter-im-mattenhof\/#primaryimage"},"thumbnailUrl":"https:\/\/www.immobilienbusiness.ch\/wp-content\/uploads\/2024\/08\/Mattenhof-Kriens.png","datePublished":"2024-08-05T05:53:11+00:00","dateModified":"2024-08-19T11:40:12+00:00","description":"Mobimo vermietet zwei Fl\u00e4chen im Mattenhof Kriens: ICT Berufsbildung (1.714 qm) und Krankenkasse \u00d6KK (572 qm).","breadcrumb":{"@id":"https:\/\/www.immobilienbusiness.ch\/fr\/allgemein\/2024-08-05\/kriens-zwei-neue-bueromieter-im-mattenhof\/#breadcrumb"},"inLanguage":"it-IT","potentialAction":[{"@type":"ReadAction","target":["https:\/\/www.immobilienbusiness.ch\/fr\/allgemein\/2024-08-05\/kriens-zwei-neue-bueromieter-im-mattenhof\/"]}]},{"@type":"ImageObject","inLanguage":"it-IT","@id":"https:\/\/www.immobilienbusiness.ch\/fr\/allgemein\/2024-08-05\/kriens-zwei-neue-bueromieter-im-mattenhof\/#primaryimage","url":"https:\/\/www.immobilienbusiness.ch\/wp-content\/uploads\/2024\/08\/Mattenhof-Kriens.png","contentUrl":"https:\/\/www.immobilienbusiness.ch\/wp-content\/uploads\/2024\/08\/Mattenhof-Kriens.png","width":900,"height":540,"caption":"Die Mobimo-Immobilie Mattenhof in Kriens, wo 2024 mehrere Neuvermietungen stattfanden (Bild: Mobimo AG)"},{"@type":"BreadcrumbList","@id":"https:\/\/www.immobilienbusiness.ch\/fr\/allgemein\/2024-08-05\/kriens-zwei-neue-bueromieter-im-mattenhof\/#breadcrumb","itemListElement":[{"@type":"ListItem","position":1,"name":"Home","item":"https:\/\/www.immobilienbusiness.ch\/"},{"@type":"ListItem","position":2,"name":"Kriens: Zwei neue B\u00fcromieter im Mattenhof"}]},{"@type":"WebSite","@id":"https:\/\/www.immobilienbusiness.ch\/#website","url":"https:\/\/www.immobilienbusiness.ch\/","name":"Affari immobiliari","description":"Rivista economica indipendente svizzera che si concentra sul settore immobiliare, l'architettura e la costruzione, nonch\u00e9 sugli investimenti e i finanziamenti.","publisher":{"@id":"https:\/\/www.immobilienbusiness.ch\/#organization"},"potentialAction":[{"@type":"SearchAction","target":{"@type":"EntryPoint","urlTemplate":"https:\/\/www.immobilienbusiness.ch\/?s={search_term_string}"},"query-input":{"@type":"PropertyValueSpecification","valueRequired":true,"valueName":"search_term_string"}}],"inLanguage":"it-IT"},{"@type":"Organization","@id":"https:\/\/www.immobilienbusiness.ch\/#organization","name":"Affari immobiliari","url":"https:\/\/www.immobilienbusiness.ch\/","logo":{"@type":"ImageObject","inLanguage":"it-IT","@id":"https:\/\/www.immobilienbusiness.ch\/#\/schema\/logo\/image\/","url":"https:\/\/www.immobilienbusiness.ch\/wp-content\/uploads\/2021\/07\/logo_ib.png","contentUrl":"https:\/\/www.immobilienbusiness.ch\/wp-content\/uploads\/2021\/07\/logo_ib.png","width":800,"height":181,"caption":"IMMOBILIEN Business"},"image":{"@id":"https:\/\/www.immobilienbusiness.ch\/#\/schema\/logo\/image\/"},"sameAs":["https:\/\/www.facebook.com\/immobilienbusiness\/"]},{"@type":"Person","@id":"https:\/\/www.immobilienbusiness.ch\/#\/schema\/person\/aba8bea2db926aa0c24c08c43fe1fcd5","name":"Alexander Wachter","image":{"@type":"ImageObject","inLanguage":"it-IT","@id":"https:\/\/secure.gravatar.com\/avatar\/1a09e471f5389b0e0a6416eac287e0927c7c97a7b77f9e787eba3af7aee281dd?s=96&d=mm&r=g","url":"https:\/\/secure.gravatar.com\/avatar\/1a09e471f5389b0e0a6416eac287e0927c7c97a7b77f9e787eba3af7aee281dd?s=96&d=mm&r=g","contentUrl":"https:\/\/secure.gravatar.com\/avatar\/1a09e471f5389b0e0a6416eac287e0927c7c97a7b77f9e787eba3af7aee281dd?s=96&d=mm&r=g","caption":"Alexander Wachter"},"url":"https:\/\/www.immobilienbusiness.ch\/it\/author\/alexander-wachter\/"}]}},"_links":{"self":[{"href":"https:\/\/www.immobilienbusiness.ch\/it\/wp-json\/wp\/v2\/posts\/58286","targetHints":{"allow":["GET"]}}],"collection":[{"href":"https:\/\/www.immobilienbusiness.ch\/it\/wp-json\/wp\/v2\/posts"}],"about":[{"href":"https:\/\/www.immobilienbusiness.ch\/it\/wp-json\/wp\/v2\/types\/post"}],"author":[{"embeddable":true,"href":"https:\/\/www.immobilienbusiness.ch\/it\/wp-json\/wp\/v2\/users\/102"}],"replies":[{"embeddable":true,"href":"https:\/\/www.immobilienbusiness.ch\/it\/wp-json\/wp\/v2\/comments?post=58286"}],"version-history":[{"count":2,"href":"https:\/\/www.immobilienbusiness.ch\/it\/wp-json\/wp\/v2\/posts\/58286\/revisions"}],"predecessor-version":[{"id":58539,"href":"https:\/\/www.immobilienbusiness.ch\/it\/wp-json\/wp\/v2\/posts\/58286\/revisions\/58539"}],"wp:featuredmedia":[{"embeddable":true,"href":"https:\/\/www.immobilienbusiness.ch\/it\/wp-json\/wp\/v2\/media\/58287"}],"wp:attachment":[{"href":"https:\/\/www.immobilienbusiness.ch\/it\/wp-json\/wp\/v2\/media?parent=58286"}],"wp:term":[{"taxonomy":"category","embeddable":true,"href":"https:\/\/www.immobilienbusiness.ch\/it\/wp-json\/wp\/v2\/categories?post=58286"},{"taxonomy":"post_tag","embeddable":true,"href":"https:\/\/www.immobilienbusiness.ch\/it\/wp-json\/wp\/v2\/tags?post=58286"}],"curies":[{"name":"wp","href":"https:\/\/api.w.org\/{rel}","templated":true}]}}