{"id":57939,"date":"2024-07-11T09:09:21","date_gmt":"2024-07-11T07:09:21","guid":{"rendered":"https:\/\/www.immobilienbusiness.ch\/?p=57939"},"modified":"2024-08-20T07:21:37","modified_gmt":"2024-08-20T05:21:37","slug":"koeniz-baugesuch-fuer-bueroprojekt-publiziert","status":"publish","type":"post","link":"https:\/\/www.immobilienbusiness.ch\/it\/regionen\/2024-07-11\/koeniz-baugesuch-fuer-bueroprojekt-publiziert\/","title":{"rendered":"K\u00f6niz: pubblicata la domanda di pianificazione per un progetto di uffici"},"content":{"rendered":"<figure id=\"attachment_57940\" aria-describedby=\"caption-attachment-57940\" style=\"width: 1200px\" class=\"wp-caption alignnone\"><a href=\"https:\/\/www.immobilienbusiness.ch\/wp-content\/uploads\/2024\/07\/6590_Q72_Bern_West_Aussen_K04_0912211-scaled.jpg\"><img loading=\"lazy\" decoding=\"async\" class=\"wp-image-57940 size-full\" src=\"https:\/\/www.immobilienbusiness.ch\/wp-content\/uploads\/2024\/07\/6590_Q72_Bern_West_Aussen_K04_0912211-scaled.jpg\" alt=\"Projekt Q72 Niederwangen\" width=\"1200\" height=\"760\" srcset=\"https:\/\/www.immobilienbusiness.ch\/wp-content\/uploads\/2024\/07\/6590_Q72_Bern_West_Aussen_K04_0912211-scaled.jpg 1200w, https:\/\/www.immobilienbusiness.ch\/wp-content\/uploads\/2024\/07\/6590_Q72_Bern_West_Aussen_K04_0912211-300x190.jpg 300w, https:\/\/www.immobilienbusiness.ch\/wp-content\/uploads\/2024\/07\/6590_Q72_Bern_West_Aussen_K04_0912211-1024x649.jpg 1024w, https:\/\/www.immobilienbusiness.ch\/wp-content\/uploads\/2024\/07\/6590_Q72_Bern_West_Aussen_K04_0912211-768x486.jpg 768w, https:\/\/www.immobilienbusiness.ch\/wp-content\/uploads\/2024\/07\/6590_Q72_Bern_West_Aussen_K04_0912211-1536x973.jpg 1536w, https:\/\/www.immobilienbusiness.ch\/wp-content\/uploads\/2024\/07\/6590_Q72_Bern_West_Aussen_K04_0912211-2048x1297.jpg 2048w, https:\/\/www.immobilienbusiness.ch\/wp-content\/uploads\/2024\/07\/6590_Q72_Bern_West_Aussen_K04_0912211-18x12.jpg 18w, https:\/\/www.immobilienbusiness.ch\/wp-content\/uploads\/2024\/07\/6590_Q72_Bern_West_Aussen_K04_0912211-375x238.jpg 375w, https:\/\/www.immobilienbusiness.ch\/wp-content\/uploads\/2024\/07\/6590_Q72_Bern_West_Aussen_K04_0912211-553x350.jpg 553w, https:\/\/www.immobilienbusiness.ch\/wp-content\/uploads\/2024\/07\/6590_Q72_Bern_West_Aussen_K04_0912211-1000x633.jpg 1000w\" sizes=\"auto, (max-width: 1200px) 100vw, 1200px\" \/><\/a><figcaption id=\"caption-attachment-57940\" class=\"wp-caption-text\">Il progetto \"Q72\" (visualizzazione: zVg)<\/figcaption><\/figure>\n<p>Con il progetto \"Q72\", nell'area di Juch-Hallmatt a Niederwangen vengono costruiti due moderni edifici, destinati principalmente a uso ufficio. Fanno parte del pi\u00f9 recente sviluppo dinamico del quartiere di K\u00f6niz, nella parte occidentale di Berna. Il Comune ha creato le condizioni di pianificazione per un nodo di scambio dei trasporti pubblici e un'ampia piazza della stazione di Niederwangen, mentre il Cantone sta costruendo un nuovo centro di polizia sul sito del centro di sviluppo cantonale (ESP) di Juch-Hallmatt. Anche il progetto Q72 sulla Hallmattstrasse, che comprende due moderni edifici a prevalente uso ufficio, fa parte dello sviluppo nelle immediate vicinanze della citt\u00e0. La domanda di pianificazione per l'edificio pi\u00f9 grande \u00e8 stata pubblicata. Il committente e sviluppatore del progetto \u00e8 Alta Vista AG insieme a HRS Investment AG. La consegna dell'immobile e l'inizio delle attivit\u00e0 sono previste per il terzo trimestre del 2027. Thomasgraf AG ha ricevuto l'incarico di affittare l'edificio, che sar\u00e0 utilizzato principalmente per uffici.<\/p>\n<p>L'edificio sar\u00e0 collegato alla rete di teleriscaldamento e sar\u00e0 riscaldato e raffreddato utilizzando 100 % di energia rinnovabile. Anche gli impianti fotovoltaici e la separazione dei sistemi nell'edificio, cos\u00ec come l'uso di materiali da costruzione ecologici, fanno parte del concetto di sostenibilit\u00e0.<\/p>\n<p>Sul sito web del progetto, lo spazio locativo del Q72 \u00e8 stimato in 19.000 metri quadrati. <em>(aw)<\/em><\/p>","protected":false},"excerpt":{"rendered":"<p>Alta Vista AG sta realizzando con HRS Investment AG quasi 20.000 mq di spazi in affitto nella zona ovest di Berna.<\/p>","protected":false},"author":102,"featured_media":57940,"comment_status":"closed","ping_status":"closed","sticky":false,"template":"","format":"standard","meta":{"_acf_changed":false,"_yoast_wpseo_focuskw":"Projekt Q72 Niederwangen","_yoast_wpseo_title":"","_yoast_wpseo_metadesc":"Das Projekt Q72 in Niederwangen umfasst zwei moderne B\u00fcrogeb\u00e4ude mit nachhaltiger Energieversorgung. Fertigstellung 2027.","_yoast_wpseo_linkdex":54,"pgc_sgb_lightbox_settings":"","footnotes":""},"categories":[985],"tags":[3697,1974,1118,2100,1420,1600,3698],"class_list":["post-57939","post","type-post","status-publish","format-standard","has-post-thumbnail","hentry","category-regionen","tag-alta-vista-ag","tag-be","tag-buero","tag-hrs","tag-koeniz","tag-projekt-in-planung","tag-thomasgraf-ag"],"acf":[],"yoast_head":"<!-- This site is optimized with the Yoast SEO plugin v27.5 - https:\/\/yoast.com\/product\/yoast-seo-wordpress\/ -->\n<title>K\u00f6niz: Baugesuch f\u00fcr B\u00fcroprojekt publiziert - IMMOBILIEN Business<\/title>\n<meta name=\"description\" content=\"Das Projekt Q72 in Niederwangen umfasst zwei moderne B\u00fcrogeb\u00e4ude mit nachhaltiger Energieversorgung. Fertigstellung 2027.\" \/>\n<meta name=\"robots\" content=\"index, follow, max-snippet:-1, max-image-preview:large, max-video-preview:-1\" \/>\n<link rel=\"canonical\" href=\"https:\/\/www.immobilienbusiness.ch\/it\/regionen\/2024-07-11\/koeniz-baugesuch-fuer-bueroprojekt-publiziert\/\" \/>\n<meta property=\"og:locale\" content=\"it_IT\" \/>\n<meta property=\"og:type\" content=\"article\" \/>\n<meta property=\"og:title\" content=\"K\u00f6niz: Baugesuch f\u00fcr B\u00fcroprojekt publiziert - IMMOBILIEN Business\" \/>\n<meta property=\"og:description\" content=\"Das Projekt Q72 in Niederwangen umfasst zwei moderne B\u00fcrogeb\u00e4ude mit nachhaltiger Energieversorgung. Fertigstellung 2027.\" \/>\n<meta property=\"og:url\" content=\"https:\/\/www.immobilienbusiness.ch\/it\/regionen\/2024-07-11\/koeniz-baugesuch-fuer-bueroprojekt-publiziert\/\" \/>\n<meta property=\"og:site_name\" content=\"IMMOBILIEN Business\" \/>\n<meta property=\"article:publisher\" content=\"https:\/\/www.facebook.com\/immobilienbusiness\/\" \/>\n<meta property=\"article:published_time\" content=\"2024-07-11T07:09:21+00:00\" \/>\n<meta property=\"article:modified_time\" content=\"2024-08-20T05:21:37+00:00\" \/>\n<meta property=\"og:image\" content=\"https:\/\/www.immobilienbusiness.ch\/wp-content\/uploads\/2024\/07\/6590_Q72_Bern_West_Aussen_K04_0912211-scaled.jpg\" \/>\n\t<meta property=\"og:image:width\" content=\"1200\" \/>\n\t<meta property=\"og:image:height\" content=\"760\" \/>\n\t<meta property=\"og:image:type\" content=\"image\/jpeg\" \/>\n<meta name=\"author\" content=\"Alexander Wachter\" \/>\n<meta name=\"twitter:card\" content=\"summary_large_image\" \/>\n<script type=\"application\/ld+json\" class=\"yoast-schema-graph\">{\"@context\":\"https:\\\/\\\/schema.org\",\"@graph\":[{\"@type\":\"Article\",\"@id\":\"https:\\\/\\\/www.immobilienbusiness.ch\\\/fr\\\/regionen\\\/2024-07-11\\\/koeniz-baugesuch-fuer-bueroprojekt-publiziert\\\/#article\",\"isPartOf\":{\"@id\":\"https:\\\/\\\/www.immobilienbusiness.ch\\\/fr\\\/regionen\\\/2024-07-11\\\/koeniz-baugesuch-fuer-bueroprojekt-publiziert\\\/\"},\"author\":{\"name\":\"Alexander Wachter\",\"@id\":\"https:\\\/\\\/www.immobilienbusiness.ch\\\/#\\\/schema\\\/person\\\/aba8bea2db926aa0c24c08c43fe1fcd5\"},\"headline\":\"K\u00f6niz: Baugesuch f\u00fcr B\u00fcroprojekt publiziert\",\"datePublished\":\"2024-07-11T07:09:21+00:00\",\"dateModified\":\"2024-08-20T05:21:37+00:00\",\"mainEntityOfPage\":{\"@id\":\"https:\\\/\\\/www.immobilienbusiness.ch\\\/fr\\\/regionen\\\/2024-07-11\\\/koeniz-baugesuch-fuer-bueroprojekt-publiziert\\\/\"},\"wordCount\":210,\"publisher\":{\"@id\":\"https:\\\/\\\/www.immobilienbusiness.ch\\\/#organization\"},\"image\":{\"@id\":\"https:\\\/\\\/www.immobilienbusiness.ch\\\/fr\\\/regionen\\\/2024-07-11\\\/koeniz-baugesuch-fuer-bueroprojekt-publiziert\\\/#primaryimage\"},\"thumbnailUrl\":\"https:\\\/\\\/www.immobilienbusiness.ch\\\/wp-content\\\/uploads\\\/2024\\\/07\\\/6590_Q72_Bern_West_Aussen_K04_0912211-scaled.jpg\",\"keywords\":[\"Alta Vista AG\",\"BE\",\"B\u00fcro\",\"HRS\",\"K\u00f6niz\",\"Projekt in Planung\",\"Thomasgraf AG\"],\"articleSection\":[\"REGIONEN\"],\"inLanguage\":\"it-IT\"},{\"@type\":\"WebPage\",\"@id\":\"https:\\\/\\\/www.immobilienbusiness.ch\\\/fr\\\/regionen\\\/2024-07-11\\\/koeniz-baugesuch-fuer-bueroprojekt-publiziert\\\/\",\"url\":\"https:\\\/\\\/www.immobilienbusiness.ch\\\/fr\\\/regionen\\\/2024-07-11\\\/koeniz-baugesuch-fuer-bueroprojekt-publiziert\\\/\",\"name\":\"K\u00f6niz: Baugesuch f\u00fcr B\u00fcroprojekt publiziert - IMMOBILIEN Business\",\"isPartOf\":{\"@id\":\"https:\\\/\\\/www.immobilienbusiness.ch\\\/#website\"},\"primaryImageOfPage\":{\"@id\":\"https:\\\/\\\/www.immobilienbusiness.ch\\\/fr\\\/regionen\\\/2024-07-11\\\/koeniz-baugesuch-fuer-bueroprojekt-publiziert\\\/#primaryimage\"},\"image\":{\"@id\":\"https:\\\/\\\/www.immobilienbusiness.ch\\\/fr\\\/regionen\\\/2024-07-11\\\/koeniz-baugesuch-fuer-bueroprojekt-publiziert\\\/#primaryimage\"},\"thumbnailUrl\":\"https:\\\/\\\/www.immobilienbusiness.ch\\\/wp-content\\\/uploads\\\/2024\\\/07\\\/6590_Q72_Bern_West_Aussen_K04_0912211-scaled.jpg\",\"datePublished\":\"2024-07-11T07:09:21+00:00\",\"dateModified\":\"2024-08-20T05:21:37+00:00\",\"description\":\"Das Projekt Q72 in Niederwangen umfasst zwei moderne B\u00fcrogeb\u00e4ude mit nachhaltiger Energieversorgung. Fertigstellung 2027.\",\"breadcrumb\":{\"@id\":\"https:\\\/\\\/www.immobilienbusiness.ch\\\/fr\\\/regionen\\\/2024-07-11\\\/koeniz-baugesuch-fuer-bueroprojekt-publiziert\\\/#breadcrumb\"},\"inLanguage\":\"it-IT\",\"potentialAction\":[{\"@type\":\"ReadAction\",\"target\":[\"https:\\\/\\\/www.immobilienbusiness.ch\\\/fr\\\/regionen\\\/2024-07-11\\\/koeniz-baugesuch-fuer-bueroprojekt-publiziert\\\/\"]}]},{\"@type\":\"ImageObject\",\"inLanguage\":\"it-IT\",\"@id\":\"https:\\\/\\\/www.immobilienbusiness.ch\\\/fr\\\/regionen\\\/2024-07-11\\\/koeniz-baugesuch-fuer-bueroprojekt-publiziert\\\/#primaryimage\",\"url\":\"https:\\\/\\\/www.immobilienbusiness.ch\\\/wp-content\\\/uploads\\\/2024\\\/07\\\/6590_Q72_Bern_West_Aussen_K04_0912211-scaled.jpg\",\"contentUrl\":\"https:\\\/\\\/www.immobilienbusiness.ch\\\/wp-content\\\/uploads\\\/2024\\\/07\\\/6590_Q72_Bern_West_Aussen_K04_0912211-scaled.jpg\",\"width\":1200,\"height\":760,\"caption\":\"Das Projekt \u00abQ72\u00bb (Visualisierung: zVg)\"},{\"@type\":\"BreadcrumbList\",\"@id\":\"https:\\\/\\\/www.immobilienbusiness.ch\\\/fr\\\/regionen\\\/2024-07-11\\\/koeniz-baugesuch-fuer-bueroprojekt-publiziert\\\/#breadcrumb\",\"itemListElement\":[{\"@type\":\"ListItem\",\"position\":1,\"name\":\"Home\",\"item\":\"https:\\\/\\\/www.immobilienbusiness.ch\\\/\"},{\"@type\":\"ListItem\",\"position\":2,\"name\":\"K\u00f6niz: Baugesuch f\u00fcr B\u00fcroprojekt publiziert\"}]},{\"@type\":\"WebSite\",\"@id\":\"https:\\\/\\\/www.immobilienbusiness.ch\\\/#website\",\"url\":\"https:\\\/\\\/www.immobilienbusiness.ch\\\/\",\"name\":\"IMMOBILIEN Business\",\"description\":\"Unabh\u00e4ngiges Schweizer Wirtschaftsmagazin mit Fokus auf Immobilien, Architektur- und Bau sowie Investment- und Finanzierung.\",\"publisher\":{\"@id\":\"https:\\\/\\\/www.immobilienbusiness.ch\\\/#organization\"},\"potentialAction\":[{\"@type\":\"SearchAction\",\"target\":{\"@type\":\"EntryPoint\",\"urlTemplate\":\"https:\\\/\\\/www.immobilienbusiness.ch\\\/?s={search_term_string}\"},\"query-input\":{\"@type\":\"PropertyValueSpecification\",\"valueRequired\":true,\"valueName\":\"search_term_string\"}}],\"inLanguage\":\"it-IT\"},{\"@type\":\"Organization\",\"@id\":\"https:\\\/\\\/www.immobilienbusiness.ch\\\/#organization\",\"name\":\"IMMOBILIEN Business\",\"url\":\"https:\\\/\\\/www.immobilienbusiness.ch\\\/\",\"logo\":{\"@type\":\"ImageObject\",\"inLanguage\":\"it-IT\",\"@id\":\"https:\\\/\\\/www.immobilienbusiness.ch\\\/#\\\/schema\\\/logo\\\/image\\\/\",\"url\":\"https:\\\/\\\/www.immobilienbusiness.ch\\\/wp-content\\\/uploads\\\/2021\\\/07\\\/logo_ib.png\",\"contentUrl\":\"https:\\\/\\\/www.immobilienbusiness.ch\\\/wp-content\\\/uploads\\\/2021\\\/07\\\/logo_ib.png\",\"width\":800,\"height\":181,\"caption\":\"IMMOBILIEN Business\"},\"image\":{\"@id\":\"https:\\\/\\\/www.immobilienbusiness.ch\\\/#\\\/schema\\\/logo\\\/image\\\/\"},\"sameAs\":[\"https:\\\/\\\/www.facebook.com\\\/immobilienbusiness\\\/\"]},{\"@type\":\"Person\",\"@id\":\"https:\\\/\\\/www.immobilienbusiness.ch\\\/#\\\/schema\\\/person\\\/aba8bea2db926aa0c24c08c43fe1fcd5\",\"name\":\"Alexander Wachter\",\"image\":{\"@type\":\"ImageObject\",\"inLanguage\":\"it-IT\",\"@id\":\"https:\\\/\\\/secure.gravatar.com\\\/avatar\\\/1a09e471f5389b0e0a6416eac287e0927c7c97a7b77f9e787eba3af7aee281dd?s=96&d=mm&r=g\",\"url\":\"https:\\\/\\\/secure.gravatar.com\\\/avatar\\\/1a09e471f5389b0e0a6416eac287e0927c7c97a7b77f9e787eba3af7aee281dd?s=96&d=mm&r=g\",\"contentUrl\":\"https:\\\/\\\/secure.gravatar.com\\\/avatar\\\/1a09e471f5389b0e0a6416eac287e0927c7c97a7b77f9e787eba3af7aee281dd?s=96&d=mm&r=g\",\"caption\":\"Alexander Wachter\"},\"url\":\"https:\\\/\\\/www.immobilienbusiness.ch\\\/it\\\/author\\\/alexander-wachter\\\/\"}]}<\/script>\n<!-- \/ Yoast SEO plugin. -->","yoast_head_json":{"title":"K\u00f6niz: Baugesuch f\u00fcr B\u00fcroprojekt publiziert - IMMOBILIEN Business","description":"Das Projekt Q72 in Niederwangen umfasst zwei moderne B\u00fcrogeb\u00e4ude mit nachhaltiger Energieversorgung. Fertigstellung 2027.","robots":{"index":"index","follow":"follow","max-snippet":"max-snippet:-1","max-image-preview":"max-image-preview:large","max-video-preview":"max-video-preview:-1"},"canonical":"https:\/\/www.immobilienbusiness.ch\/it\/regionen\/2024-07-11\/koeniz-baugesuch-fuer-bueroprojekt-publiziert\/","og_locale":"it_IT","og_type":"article","og_title":"K\u00f6niz: Baugesuch f\u00fcr B\u00fcroprojekt publiziert - IMMOBILIEN Business","og_description":"Das Projekt Q72 in Niederwangen umfasst zwei moderne B\u00fcrogeb\u00e4ude mit nachhaltiger Energieversorgung. Fertigstellung 2027.","og_url":"https:\/\/www.immobilienbusiness.ch\/it\/regionen\/2024-07-11\/koeniz-baugesuch-fuer-bueroprojekt-publiziert\/","og_site_name":"IMMOBILIEN Business","article_publisher":"https:\/\/www.facebook.com\/immobilienbusiness\/","article_published_time":"2024-07-11T07:09:21+00:00","article_modified_time":"2024-08-20T05:21:37+00:00","og_image":[{"width":1200,"height":760,"url":"https:\/\/www.immobilienbusiness.ch\/wp-content\/uploads\/2024\/07\/6590_Q72_Bern_West_Aussen_K04_0912211-scaled.jpg","type":"image\/jpeg"}],"author":"Alexander Wachter","twitter_card":"summary_large_image","schema":{"@context":"https:\/\/schema.org","@graph":[{"@type":"Article","@id":"https:\/\/www.immobilienbusiness.ch\/fr\/regionen\/2024-07-11\/koeniz-baugesuch-fuer-bueroprojekt-publiziert\/#article","isPartOf":{"@id":"https:\/\/www.immobilienbusiness.ch\/fr\/regionen\/2024-07-11\/koeniz-baugesuch-fuer-bueroprojekt-publiziert\/"},"author":{"name":"Alexander Wachter","@id":"https:\/\/www.immobilienbusiness.ch\/#\/schema\/person\/aba8bea2db926aa0c24c08c43fe1fcd5"},"headline":"K\u00f6niz: Baugesuch f\u00fcr B\u00fcroprojekt publiziert","datePublished":"2024-07-11T07:09:21+00:00","dateModified":"2024-08-20T05:21:37+00:00","mainEntityOfPage":{"@id":"https:\/\/www.immobilienbusiness.ch\/fr\/regionen\/2024-07-11\/koeniz-baugesuch-fuer-bueroprojekt-publiziert\/"},"wordCount":210,"publisher":{"@id":"https:\/\/www.immobilienbusiness.ch\/#organization"},"image":{"@id":"https:\/\/www.immobilienbusiness.ch\/fr\/regionen\/2024-07-11\/koeniz-baugesuch-fuer-bueroprojekt-publiziert\/#primaryimage"},"thumbnailUrl":"https:\/\/www.immobilienbusiness.ch\/wp-content\/uploads\/2024\/07\/6590_Q72_Bern_West_Aussen_K04_0912211-scaled.jpg","keywords":["Alta Vista AG","BE","B\u00fcro","HRS","K\u00f6niz","Projekt in Planung","Thomasgraf AG"],"articleSection":["REGIONEN"],"inLanguage":"it-IT"},{"@type":"WebPage","@id":"https:\/\/www.immobilienbusiness.ch\/fr\/regionen\/2024-07-11\/koeniz-baugesuch-fuer-bueroprojekt-publiziert\/","url":"https:\/\/www.immobilienbusiness.ch\/fr\/regionen\/2024-07-11\/koeniz-baugesuch-fuer-bueroprojekt-publiziert\/","name":"K\u00f6niz: Baugesuch f\u00fcr B\u00fcroprojekt publiziert - IMMOBILIEN Business","isPartOf":{"@id":"https:\/\/www.immobilienbusiness.ch\/#website"},"primaryImageOfPage":{"@id":"https:\/\/www.immobilienbusiness.ch\/fr\/regionen\/2024-07-11\/koeniz-baugesuch-fuer-bueroprojekt-publiziert\/#primaryimage"},"image":{"@id":"https:\/\/www.immobilienbusiness.ch\/fr\/regionen\/2024-07-11\/koeniz-baugesuch-fuer-bueroprojekt-publiziert\/#primaryimage"},"thumbnailUrl":"https:\/\/www.immobilienbusiness.ch\/wp-content\/uploads\/2024\/07\/6590_Q72_Bern_West_Aussen_K04_0912211-scaled.jpg","datePublished":"2024-07-11T07:09:21+00:00","dateModified":"2024-08-20T05:21:37+00:00","description":"Das Projekt Q72 in Niederwangen umfasst zwei moderne B\u00fcrogeb\u00e4ude mit nachhaltiger Energieversorgung. Fertigstellung 2027.","breadcrumb":{"@id":"https:\/\/www.immobilienbusiness.ch\/fr\/regionen\/2024-07-11\/koeniz-baugesuch-fuer-bueroprojekt-publiziert\/#breadcrumb"},"inLanguage":"it-IT","potentialAction":[{"@type":"ReadAction","target":["https:\/\/www.immobilienbusiness.ch\/fr\/regionen\/2024-07-11\/koeniz-baugesuch-fuer-bueroprojekt-publiziert\/"]}]},{"@type":"ImageObject","inLanguage":"it-IT","@id":"https:\/\/www.immobilienbusiness.ch\/fr\/regionen\/2024-07-11\/koeniz-baugesuch-fuer-bueroprojekt-publiziert\/#primaryimage","url":"https:\/\/www.immobilienbusiness.ch\/wp-content\/uploads\/2024\/07\/6590_Q72_Bern_West_Aussen_K04_0912211-scaled.jpg","contentUrl":"https:\/\/www.immobilienbusiness.ch\/wp-content\/uploads\/2024\/07\/6590_Q72_Bern_West_Aussen_K04_0912211-scaled.jpg","width":1200,"height":760,"caption":"Das Projekt \u00abQ72\u00bb (Visualisierung: zVg)"},{"@type":"BreadcrumbList","@id":"https:\/\/www.immobilienbusiness.ch\/fr\/regionen\/2024-07-11\/koeniz-baugesuch-fuer-bueroprojekt-publiziert\/#breadcrumb","itemListElement":[{"@type":"ListItem","position":1,"name":"Home","item":"https:\/\/www.immobilienbusiness.ch\/"},{"@type":"ListItem","position":2,"name":"K\u00f6niz: Baugesuch f\u00fcr B\u00fcroprojekt publiziert"}]},{"@type":"WebSite","@id":"https:\/\/www.immobilienbusiness.ch\/#website","url":"https:\/\/www.immobilienbusiness.ch\/","name":"Affari immobiliari","description":"Rivista economica indipendente svizzera che si concentra sul settore immobiliare, l'architettura e la costruzione, nonch\u00e9 sugli investimenti e i finanziamenti.","publisher":{"@id":"https:\/\/www.immobilienbusiness.ch\/#organization"},"potentialAction":[{"@type":"SearchAction","target":{"@type":"EntryPoint","urlTemplate":"https:\/\/www.immobilienbusiness.ch\/?s={search_term_string}"},"query-input":{"@type":"PropertyValueSpecification","valueRequired":true,"valueName":"search_term_string"}}],"inLanguage":"it-IT"},{"@type":"Organization","@id":"https:\/\/www.immobilienbusiness.ch\/#organization","name":"Affari immobiliari","url":"https:\/\/www.immobilienbusiness.ch\/","logo":{"@type":"ImageObject","inLanguage":"it-IT","@id":"https:\/\/www.immobilienbusiness.ch\/#\/schema\/logo\/image\/","url":"https:\/\/www.immobilienbusiness.ch\/wp-content\/uploads\/2021\/07\/logo_ib.png","contentUrl":"https:\/\/www.immobilienbusiness.ch\/wp-content\/uploads\/2021\/07\/logo_ib.png","width":800,"height":181,"caption":"IMMOBILIEN Business"},"image":{"@id":"https:\/\/www.immobilienbusiness.ch\/#\/schema\/logo\/image\/"},"sameAs":["https:\/\/www.facebook.com\/immobilienbusiness\/"]},{"@type":"Person","@id":"https:\/\/www.immobilienbusiness.ch\/#\/schema\/person\/aba8bea2db926aa0c24c08c43fe1fcd5","name":"Alexander Wachter","image":{"@type":"ImageObject","inLanguage":"it-IT","@id":"https:\/\/secure.gravatar.com\/avatar\/1a09e471f5389b0e0a6416eac287e0927c7c97a7b77f9e787eba3af7aee281dd?s=96&d=mm&r=g","url":"https:\/\/secure.gravatar.com\/avatar\/1a09e471f5389b0e0a6416eac287e0927c7c97a7b77f9e787eba3af7aee281dd?s=96&d=mm&r=g","contentUrl":"https:\/\/secure.gravatar.com\/avatar\/1a09e471f5389b0e0a6416eac287e0927c7c97a7b77f9e787eba3af7aee281dd?s=96&d=mm&r=g","caption":"Alexander Wachter"},"url":"https:\/\/www.immobilienbusiness.ch\/it\/author\/alexander-wachter\/"}]}},"_links":{"self":[{"href":"https:\/\/www.immobilienbusiness.ch\/it\/wp-json\/wp\/v2\/posts\/57939","targetHints":{"allow":["GET"]}}],"collection":[{"href":"https:\/\/www.immobilienbusiness.ch\/it\/wp-json\/wp\/v2\/posts"}],"about":[{"href":"https:\/\/www.immobilienbusiness.ch\/it\/wp-json\/wp\/v2\/types\/post"}],"author":[{"embeddable":true,"href":"https:\/\/www.immobilienbusiness.ch\/it\/wp-json\/wp\/v2\/users\/102"}],"replies":[{"embeddable":true,"href":"https:\/\/www.immobilienbusiness.ch\/it\/wp-json\/wp\/v2\/comments?post=57939"}],"version-history":[{"count":4,"href":"https:\/\/www.immobilienbusiness.ch\/it\/wp-json\/wp\/v2\/posts\/57939\/revisions"}],"predecessor-version":[{"id":58595,"href":"https:\/\/www.immobilienbusiness.ch\/it\/wp-json\/wp\/v2\/posts\/57939\/revisions\/58595"}],"wp:featuredmedia":[{"embeddable":true,"href":"https:\/\/www.immobilienbusiness.ch\/it\/wp-json\/wp\/v2\/media\/57940"}],"wp:attachment":[{"href":"https:\/\/www.immobilienbusiness.ch\/it\/wp-json\/wp\/v2\/media?parent=57939"}],"wp:term":[{"taxonomy":"category","embeddable":true,"href":"https:\/\/www.immobilienbusiness.ch\/it\/wp-json\/wp\/v2\/categories?post=57939"},{"taxonomy":"post_tag","embeddable":true,"href":"https:\/\/www.immobilienbusiness.ch\/it\/wp-json\/wp\/v2\/tags?post=57939"}],"curies":[{"name":"wp","href":"https:\/\/api.w.org\/{rel}","templated":true}]}}