{"id":57900,"date":"2024-07-09T07:55:40","date_gmt":"2024-07-09T05:55:40","guid":{"rendered":"https:\/\/www.immobilienbusiness.ch\/?p=57900"},"modified":"2024-08-20T07:38:10","modified_gmt":"2024-08-20T05:38:10","slug":"zuerich-manor-zieht-ins-jelmoli-haus-ein","status":"publish","type":"post","link":"https:\/\/www.immobilienbusiness.ch\/it\/regionen\/2024-07-09\/zuerich-manor-zieht-ins-jelmoli-haus-ein\/","title":{"rendered":"Zurigo: Manor si trasferisce nell'edificio Jelmoli"},"content":{"rendered":"<figure id=\"attachment_45693\" aria-describedby=\"caption-attachment-45693\" style=\"width: 532px\" class=\"wp-caption alignnone\"><a href=\"https:\/\/www.immobilienbusiness.ch\/wp-content\/uploads\/2023\/02\/Jelmoli.png\"><img loading=\"lazy\" decoding=\"async\" class=\"wp-image-45693 size-full\" src=\"https:\/\/www.immobilienbusiness.ch\/wp-content\/uploads\/2023\/02\/Jelmoli.png\" alt=\"Jelmoli-Haus Z\u00fcrich\" width=\"532\" height=\"285\" srcset=\"https:\/\/www.immobilienbusiness.ch\/wp-content\/uploads\/2023\/02\/Jelmoli.png 532w, https:\/\/www.immobilienbusiness.ch\/wp-content\/uploads\/2023\/02\/Jelmoli-300x161.png 300w, https:\/\/www.immobilienbusiness.ch\/wp-content\/uploads\/2023\/02\/Jelmoli-18x10.png 18w, https:\/\/www.immobilienbusiness.ch\/wp-content\/uploads\/2023\/02\/Jelmoli-375x201.png 375w\" sizes=\"auto, (max-width: 532px) 100vw, 532px\" \/><\/a><figcaption id=\"caption-attachment-45693\" class=\"wp-caption-text\">Ora \u00e8 pi\u00f9 chiaro cosa accadr\u00e0 all'edificio Jelmoli dopo la chiusura degli attuali grandi magazzini\" (Foto: SPS)<\/figcaption><\/figure>\n<p>Manor occuper\u00e0 tre piani dell'edificio Jelmoli a Zurigo dopo il suo riposizionamento. Secondo Swiss Prime Site, ha concluso un contratto di locazione a lungo termine con il gruppo di grandi magazzini.<\/p>\n<p>Nel febbraio 2023, Swiss Prime Site ha annunciato la chiusura dei grandi magazzini Jelmoli e ha presentato un progetto di riconversione dell'importante propriet\u00e0 vicino alla Bahnhofstrasse di Zurigo. <a href=\"https:\/\/www.immobilienbusiness.ch\/it\/retail\/2023-02-07\/swiss-prime-site-plant-neuanfang-fuer-jelmoli-haus\/\" target=\"_blank\" rel=\"noopener\">(IB ha riferito)<\/a>. L'idea era quella di ridurre lo spazio per la vendita al dettaglio e di rendere l'edificio adatto al futuro con nuove destinazioni d'uso. \"Swiss Prime Site ha ora trovato un inquilino a lungo termine per lo spazio commerciale di Manor, che garantir\u00e0 l'attrattiva a lungo termine dell'edificio e della Bahnhofstrasse inferiore\", si legge in un comunicato stampa.<\/p>\n<p>Manor prender\u00e0 in affitto un'area di circa 13.000 metri quadrati e dovrebbe rilevare il piano terra, il seminterrato e il primo piano nel 2027, per poi aprire un flagship store comprendente spazi di vendita al dettaglio direttamente accessibili da Sihlstrasse e Seidengasse. Secondo l'amministratore delegato di Manor, Roland Armbruster, la gamma di prodotti prevista comprende moda, bellezza e casa. \u00c8 prevista anche la creazione di un'offerta di ristorazione.<\/p>\n<p>SPS si aspetta che la \"Haus Jelmoli\" rimanga un'attrazione per il pubblico. Il fulcro dei 20.000 metri quadrati aggiuntivi ai piani superiori sar\u00e0 costituito da spazi per uffici con accesso indipendente dopo la conversione, integrati da strutture per la ristorazione e il tempo libero. La terrazza sul tetto, di nuova concezione, ospiter\u00e0 un ristorante. Secondo SPS, Manor sta contribuendo all'investimento per la ristrutturazione degli spazi commerciali. Gli attuali contratti di locazione, come quello con il fitness club Holmes Place, rimarranno in vigore. Con Manor e Holmes Place, met\u00e0 dello spazio era gi\u00e0 stato affittato prima dell'inizio dei lavori.<\/p>\n<p>\"Con il previsto trasferimento del gruppo di grandi magazzini Manor e della sua lunga tradizione, l'edificio Jelmoli si riempir\u00e0 di nuova vita per Zurigo e la popolazione zurighese, con un'attrattiva che va oltre i confini della citt\u00e0\", afferma Ren\u00e9 Zahnd, CEO di Swiss Prime Site. <em>(aw)<\/em><\/p>\n<p>&nbsp;<\/p>\n<p>&nbsp;<\/p>","protected":false},"excerpt":{"rendered":"<p>Swiss Prime Site, proprietario dell'immobile, ha annunciato un contratto di locazione a lungo termine per 13.000 metri quadrati nell'edificio vicino a Bahnhofstrasse, attualmente in fase di riposizionamento.<\/p>","protected":false},"author":102,"featured_media":45693,"comment_status":"closed","ping_status":"closed","sticky":false,"template":"","format":"standard","meta":{"_acf_changed":false,"_yoast_wpseo_focuskw":"Jelmoli-Haus Z\u00fcrich","_yoast_wpseo_title":"","_yoast_wpseo_metadesc":"Manor wird im Jelmoli-Haus Z\u00fcrich drei Stockwerke belegen und einen Flagship Store er\u00f6ffnen.","_yoast_wpseo_linkdex":65,"pgc_sgb_lightbox_settings":"","footnotes":""},"categories":[985],"tags":[1254,1463,1600,1643,1760,1832,1888],"class_list":["post-57900","post","type-post","status-publish","format-standard","has-post-thumbnail","hentry","category-regionen","tag-gastronomie","tag-manor","tag-projekt-in-planung","tag-retail","tag-swiss-prime-site","tag-vermietung","tag-zuerich"],"acf":[],"yoast_head":"<!-- This site is optimized with the Yoast SEO plugin v27.4 - https:\/\/yoast.com\/product\/yoast-seo-wordpress\/ -->\n<title>Z\u00fcrich: Manor kommt ins Jelmoli-Haus - IMMOBILIEN Business<\/title>\n<meta name=\"description\" content=\"Manor wird im Jelmoli-Haus Z\u00fcrich drei Stockwerke belegen und einen Flagship Store er\u00f6ffnen.\" \/>\n<meta name=\"robots\" content=\"index, follow, max-snippet:-1, max-image-preview:large, max-video-preview:-1\" \/>\n<link rel=\"canonical\" href=\"https:\/\/www.immobilienbusiness.ch\/it\/regionen\/2024-07-09\/zuerich-manor-zieht-ins-jelmoli-haus-ein\/\" \/>\n<meta property=\"og:locale\" content=\"it_IT\" \/>\n<meta property=\"og:type\" content=\"article\" \/>\n<meta property=\"og:title\" content=\"Z\u00fcrich: Manor kommt ins Jelmoli-Haus - IMMOBILIEN Business\" \/>\n<meta property=\"og:description\" content=\"Manor wird im Jelmoli-Haus Z\u00fcrich drei Stockwerke belegen und einen Flagship Store er\u00f6ffnen.\" \/>\n<meta property=\"og:url\" content=\"https:\/\/www.immobilienbusiness.ch\/it\/regionen\/2024-07-09\/zuerich-manor-zieht-ins-jelmoli-haus-ein\/\" \/>\n<meta property=\"og:site_name\" content=\"IMMOBILIEN Business\" \/>\n<meta property=\"article:publisher\" content=\"https:\/\/www.facebook.com\/immobilienbusiness\/\" \/>\n<meta property=\"article:published_time\" content=\"2024-07-09T05:55:40+00:00\" \/>\n<meta property=\"article:modified_time\" content=\"2024-08-20T05:38:10+00:00\" \/>\n<meta property=\"og:image\" content=\"https:\/\/www.immobilienbusiness.ch\/wp-content\/uploads\/2023\/02\/Jelmoli.png\" \/>\n\t<meta property=\"og:image:width\" content=\"532\" \/>\n\t<meta property=\"og:image:height\" content=\"285\" \/>\n\t<meta property=\"og:image:type\" content=\"image\/png\" \/>\n<meta name=\"author\" content=\"Alexander Wachter\" \/>\n<meta name=\"twitter:card\" content=\"summary_large_image\" \/>\n<script type=\"application\/ld+json\" class=\"yoast-schema-graph\">{\"@context\":\"https:\\\/\\\/schema.org\",\"@graph\":[{\"@type\":\"Article\",\"@id\":\"https:\\\/\\\/www.immobilienbusiness.ch\\\/de\\\/regionen\\\/2024-07-09\\\/zuerich-manor-zieht-ins-jelmoli-haus-ein\\\/#article\",\"isPartOf\":{\"@id\":\"https:\\\/\\\/www.immobilienbusiness.ch\\\/de\\\/regionen\\\/2024-07-09\\\/zuerich-manor-zieht-ins-jelmoli-haus-ein\\\/\"},\"author\":{\"name\":\"Alexander Wachter\",\"@id\":\"https:\\\/\\\/www.immobilienbusiness.ch\\\/#\\\/schema\\\/person\\\/aba8bea2db926aa0c24c08c43fe1fcd5\"},\"headline\":\"Z\u00fcrich: Manor kommt ins Jelmoli-Haus\",\"datePublished\":\"2024-07-09T05:55:40+00:00\",\"dateModified\":\"2024-08-20T05:38:10+00:00\",\"mainEntityOfPage\":{\"@id\":\"https:\\\/\\\/www.immobilienbusiness.ch\\\/de\\\/regionen\\\/2024-07-09\\\/zuerich-manor-zieht-ins-jelmoli-haus-ein\\\/\"},\"wordCount\":342,\"publisher\":{\"@id\":\"https:\\\/\\\/www.immobilienbusiness.ch\\\/#organization\"},\"image\":{\"@id\":\"https:\\\/\\\/www.immobilienbusiness.ch\\\/de\\\/regionen\\\/2024-07-09\\\/zuerich-manor-zieht-ins-jelmoli-haus-ein\\\/#primaryimage\"},\"thumbnailUrl\":\"https:\\\/\\\/www.immobilienbusiness.ch\\\/wp-content\\\/uploads\\\/2023\\\/02\\\/Jelmoli.png\",\"keywords\":[\"Gastronomie\",\"Manor\",\"Projekt in Planung\",\"Retail\",\"Swiss Prime Site\",\"Vermietung\",\"Z\u00fcrich\"],\"articleSection\":[\"REGIONEN\"],\"inLanguage\":\"it-IT\"},{\"@type\":\"WebPage\",\"@id\":\"https:\\\/\\\/www.immobilienbusiness.ch\\\/de\\\/regionen\\\/2024-07-09\\\/zuerich-manor-zieht-ins-jelmoli-haus-ein\\\/\",\"url\":\"https:\\\/\\\/www.immobilienbusiness.ch\\\/de\\\/regionen\\\/2024-07-09\\\/zuerich-manor-zieht-ins-jelmoli-haus-ein\\\/\",\"name\":\"Z\u00fcrich: Manor kommt ins Jelmoli-Haus - IMMOBILIEN Business\",\"isPartOf\":{\"@id\":\"https:\\\/\\\/www.immobilienbusiness.ch\\\/#website\"},\"primaryImageOfPage\":{\"@id\":\"https:\\\/\\\/www.immobilienbusiness.ch\\\/de\\\/regionen\\\/2024-07-09\\\/zuerich-manor-zieht-ins-jelmoli-haus-ein\\\/#primaryimage\"},\"image\":{\"@id\":\"https:\\\/\\\/www.immobilienbusiness.ch\\\/de\\\/regionen\\\/2024-07-09\\\/zuerich-manor-zieht-ins-jelmoli-haus-ein\\\/#primaryimage\"},\"thumbnailUrl\":\"https:\\\/\\\/www.immobilienbusiness.ch\\\/wp-content\\\/uploads\\\/2023\\\/02\\\/Jelmoli.png\",\"datePublished\":\"2024-07-09T05:55:40+00:00\",\"dateModified\":\"2024-08-20T05:38:10+00:00\",\"description\":\"Manor wird im Jelmoli-Haus Z\u00fcrich drei Stockwerke belegen und einen Flagship Store er\u00f6ffnen.\",\"breadcrumb\":{\"@id\":\"https:\\\/\\\/www.immobilienbusiness.ch\\\/de\\\/regionen\\\/2024-07-09\\\/zuerich-manor-zieht-ins-jelmoli-haus-ein\\\/#breadcrumb\"},\"inLanguage\":\"it-IT\",\"potentialAction\":[{\"@type\":\"ReadAction\",\"target\":[\"https:\\\/\\\/www.immobilienbusiness.ch\\\/de\\\/regionen\\\/2024-07-09\\\/zuerich-manor-zieht-ins-jelmoli-haus-ein\\\/\"]}]},{\"@type\":\"ImageObject\",\"inLanguage\":\"it-IT\",\"@id\":\"https:\\\/\\\/www.immobilienbusiness.ch\\\/de\\\/regionen\\\/2024-07-09\\\/zuerich-manor-zieht-ins-jelmoli-haus-ein\\\/#primaryimage\",\"url\":\"https:\\\/\\\/www.immobilienbusiness.ch\\\/wp-content\\\/uploads\\\/2023\\\/02\\\/Jelmoli.png\",\"contentUrl\":\"https:\\\/\\\/www.immobilienbusiness.ch\\\/wp-content\\\/uploads\\\/2023\\\/02\\\/Jelmoli.png\",\"width\":532,\"height\":285,\"caption\":\"Der Fahrplan f\u00fcr den Umbau des Jelmoli-Hauses in Z\u00fcrich steht (Bild: SPS)\"},{\"@type\":\"BreadcrumbList\",\"@id\":\"https:\\\/\\\/www.immobilienbusiness.ch\\\/de\\\/regionen\\\/2024-07-09\\\/zuerich-manor-zieht-ins-jelmoli-haus-ein\\\/#breadcrumb\",\"itemListElement\":[{\"@type\":\"ListItem\",\"position\":1,\"name\":\"Home\",\"item\":\"https:\\\/\\\/www.immobilienbusiness.ch\\\/\"},{\"@type\":\"ListItem\",\"position\":2,\"name\":\"Z\u00fcrich: Manor kommt ins Jelmoli-Haus\"}]},{\"@type\":\"WebSite\",\"@id\":\"https:\\\/\\\/www.immobilienbusiness.ch\\\/#website\",\"url\":\"https:\\\/\\\/www.immobilienbusiness.ch\\\/\",\"name\":\"IMMOBILIEN Business\",\"description\":\"Unabh\u00e4ngiges Schweizer Wirtschaftsmagazin mit Fokus auf Immobilien, Architektur- und Bau sowie Investment- und Finanzierung.\",\"publisher\":{\"@id\":\"https:\\\/\\\/www.immobilienbusiness.ch\\\/#organization\"},\"potentialAction\":[{\"@type\":\"SearchAction\",\"target\":{\"@type\":\"EntryPoint\",\"urlTemplate\":\"https:\\\/\\\/www.immobilienbusiness.ch\\\/?s={search_term_string}\"},\"query-input\":{\"@type\":\"PropertyValueSpecification\",\"valueRequired\":true,\"valueName\":\"search_term_string\"}}],\"inLanguage\":\"it-IT\"},{\"@type\":\"Organization\",\"@id\":\"https:\\\/\\\/www.immobilienbusiness.ch\\\/#organization\",\"name\":\"IMMOBILIEN Business\",\"url\":\"https:\\\/\\\/www.immobilienbusiness.ch\\\/\",\"logo\":{\"@type\":\"ImageObject\",\"inLanguage\":\"it-IT\",\"@id\":\"https:\\\/\\\/www.immobilienbusiness.ch\\\/#\\\/schema\\\/logo\\\/image\\\/\",\"url\":\"https:\\\/\\\/www.immobilienbusiness.ch\\\/wp-content\\\/uploads\\\/2021\\\/07\\\/logo_ib.png\",\"contentUrl\":\"https:\\\/\\\/www.immobilienbusiness.ch\\\/wp-content\\\/uploads\\\/2021\\\/07\\\/logo_ib.png\",\"width\":800,\"height\":181,\"caption\":\"IMMOBILIEN Business\"},\"image\":{\"@id\":\"https:\\\/\\\/www.immobilienbusiness.ch\\\/#\\\/schema\\\/logo\\\/image\\\/\"},\"sameAs\":[\"https:\\\/\\\/www.facebook.com\\\/immobilienbusiness\\\/\"]},{\"@type\":\"Person\",\"@id\":\"https:\\\/\\\/www.immobilienbusiness.ch\\\/#\\\/schema\\\/person\\\/aba8bea2db926aa0c24c08c43fe1fcd5\",\"name\":\"Alexander Wachter\",\"image\":{\"@type\":\"ImageObject\",\"inLanguage\":\"it-IT\",\"@id\":\"https:\\\/\\\/secure.gravatar.com\\\/avatar\\\/1a09e471f5389b0e0a6416eac287e0927c7c97a7b77f9e787eba3af7aee281dd?s=96&d=mm&r=g\",\"url\":\"https:\\\/\\\/secure.gravatar.com\\\/avatar\\\/1a09e471f5389b0e0a6416eac287e0927c7c97a7b77f9e787eba3af7aee281dd?s=96&d=mm&r=g\",\"contentUrl\":\"https:\\\/\\\/secure.gravatar.com\\\/avatar\\\/1a09e471f5389b0e0a6416eac287e0927c7c97a7b77f9e787eba3af7aee281dd?s=96&d=mm&r=g\",\"caption\":\"Alexander Wachter\"},\"url\":\"https:\\\/\\\/www.immobilienbusiness.ch\\\/it\\\/author\\\/alexander-wachter\\\/\"}]}<\/script>\n<!-- \/ Yoast SEO plugin. -->","yoast_head_json":{"title":"Zurigo: Manor si trasferisce nell'edificio Jelmoli - IMMOBILIEN Business","description":"Manor occuper\u00e0 tre piani dell'edificio Jelmoli di Zurigo e aprir\u00e0 un flagship store.","robots":{"index":"index","follow":"follow","max-snippet":"max-snippet:-1","max-image-preview":"max-image-preview:large","max-video-preview":"max-video-preview:-1"},"canonical":"https:\/\/www.immobilienbusiness.ch\/it\/regionen\/2024-07-09\/zuerich-manor-zieht-ins-jelmoli-haus-ein\/","og_locale":"it_IT","og_type":"article","og_title":"Z\u00fcrich: Manor kommt ins Jelmoli-Haus - IMMOBILIEN Business","og_description":"Manor wird im Jelmoli-Haus Z\u00fcrich drei Stockwerke belegen und einen Flagship Store er\u00f6ffnen.","og_url":"https:\/\/www.immobilienbusiness.ch\/it\/regionen\/2024-07-09\/zuerich-manor-zieht-ins-jelmoli-haus-ein\/","og_site_name":"IMMOBILIEN Business","article_publisher":"https:\/\/www.facebook.com\/immobilienbusiness\/","article_published_time":"2024-07-09T05:55:40+00:00","article_modified_time":"2024-08-20T05:38:10+00:00","og_image":[{"width":532,"height":285,"url":"https:\/\/www.immobilienbusiness.ch\/wp-content\/uploads\/2023\/02\/Jelmoli.png","type":"image\/png"}],"author":"Alexander Wachter","twitter_card":"summary_large_image","schema":{"@context":"https:\/\/schema.org","@graph":[{"@type":"Article","@id":"https:\/\/www.immobilienbusiness.ch\/de\/regionen\/2024-07-09\/zuerich-manor-zieht-ins-jelmoli-haus-ein\/#article","isPartOf":{"@id":"https:\/\/www.immobilienbusiness.ch\/de\/regionen\/2024-07-09\/zuerich-manor-zieht-ins-jelmoli-haus-ein\/"},"author":{"name":"Alexander Wachter","@id":"https:\/\/www.immobilienbusiness.ch\/#\/schema\/person\/aba8bea2db926aa0c24c08c43fe1fcd5"},"headline":"Z\u00fcrich: Manor kommt ins Jelmoli-Haus","datePublished":"2024-07-09T05:55:40+00:00","dateModified":"2024-08-20T05:38:10+00:00","mainEntityOfPage":{"@id":"https:\/\/www.immobilienbusiness.ch\/de\/regionen\/2024-07-09\/zuerich-manor-zieht-ins-jelmoli-haus-ein\/"},"wordCount":342,"publisher":{"@id":"https:\/\/www.immobilienbusiness.ch\/#organization"},"image":{"@id":"https:\/\/www.immobilienbusiness.ch\/de\/regionen\/2024-07-09\/zuerich-manor-zieht-ins-jelmoli-haus-ein\/#primaryimage"},"thumbnailUrl":"https:\/\/www.immobilienbusiness.ch\/wp-content\/uploads\/2023\/02\/Jelmoli.png","keywords":["Gastronomie","Manor","Projekt in Planung","Retail","Swiss Prime Site","Vermietung","Z\u00fcrich"],"articleSection":["REGIONEN"],"inLanguage":"it-IT"},{"@type":"WebPage","@id":"https:\/\/www.immobilienbusiness.ch\/de\/regionen\/2024-07-09\/zuerich-manor-zieht-ins-jelmoli-haus-ein\/","url":"https:\/\/www.immobilienbusiness.ch\/de\/regionen\/2024-07-09\/zuerich-manor-zieht-ins-jelmoli-haus-ein\/","name":"Zurigo: Manor si trasferisce nell'edificio Jelmoli - IMMOBILIEN Business","isPartOf":{"@id":"https:\/\/www.immobilienbusiness.ch\/#website"},"primaryImageOfPage":{"@id":"https:\/\/www.immobilienbusiness.ch\/de\/regionen\/2024-07-09\/zuerich-manor-zieht-ins-jelmoli-haus-ein\/#primaryimage"},"image":{"@id":"https:\/\/www.immobilienbusiness.ch\/de\/regionen\/2024-07-09\/zuerich-manor-zieht-ins-jelmoli-haus-ein\/#primaryimage"},"thumbnailUrl":"https:\/\/www.immobilienbusiness.ch\/wp-content\/uploads\/2023\/02\/Jelmoli.png","datePublished":"2024-07-09T05:55:40+00:00","dateModified":"2024-08-20T05:38:10+00:00","description":"Manor occuper\u00e0 tre piani dell'edificio Jelmoli di Zurigo e aprir\u00e0 un flagship store.","breadcrumb":{"@id":"https:\/\/www.immobilienbusiness.ch\/de\/regionen\/2024-07-09\/zuerich-manor-zieht-ins-jelmoli-haus-ein\/#breadcrumb"},"inLanguage":"it-IT","potentialAction":[{"@type":"ReadAction","target":["https:\/\/www.immobilienbusiness.ch\/de\/regionen\/2024-07-09\/zuerich-manor-zieht-ins-jelmoli-haus-ein\/"]}]},{"@type":"ImageObject","inLanguage":"it-IT","@id":"https:\/\/www.immobilienbusiness.ch\/de\/regionen\/2024-07-09\/zuerich-manor-zieht-ins-jelmoli-haus-ein\/#primaryimage","url":"https:\/\/www.immobilienbusiness.ch\/wp-content\/uploads\/2023\/02\/Jelmoli.png","contentUrl":"https:\/\/www.immobilienbusiness.ch\/wp-content\/uploads\/2023\/02\/Jelmoli.png","width":532,"height":285,"caption":"Der Fahrplan f\u00fcr den Umbau des Jelmoli-Hauses in Z\u00fcrich steht (Bild: SPS)"},{"@type":"BreadcrumbList","@id":"https:\/\/www.immobilienbusiness.ch\/de\/regionen\/2024-07-09\/zuerich-manor-zieht-ins-jelmoli-haus-ein\/#breadcrumb","itemListElement":[{"@type":"ListItem","position":1,"name":"Home","item":"https:\/\/www.immobilienbusiness.ch\/"},{"@type":"ListItem","position":2,"name":"Z\u00fcrich: Manor kommt ins Jelmoli-Haus"}]},{"@type":"WebSite","@id":"https:\/\/www.immobilienbusiness.ch\/#website","url":"https:\/\/www.immobilienbusiness.ch\/","name":"Affari immobiliari","description":"Rivista economica indipendente svizzera che si concentra sul settore immobiliare, l'architettura e la costruzione, nonch\u00e9 sugli investimenti e i finanziamenti.","publisher":{"@id":"https:\/\/www.immobilienbusiness.ch\/#organization"},"potentialAction":[{"@type":"SearchAction","target":{"@type":"EntryPoint","urlTemplate":"https:\/\/www.immobilienbusiness.ch\/?s={search_term_string}"},"query-input":{"@type":"PropertyValueSpecification","valueRequired":true,"valueName":"search_term_string"}}],"inLanguage":"it-IT"},{"@type":"Organization","@id":"https:\/\/www.immobilienbusiness.ch\/#organization","name":"Affari immobiliari","url":"https:\/\/www.immobilienbusiness.ch\/","logo":{"@type":"ImageObject","inLanguage":"it-IT","@id":"https:\/\/www.immobilienbusiness.ch\/#\/schema\/logo\/image\/","url":"https:\/\/www.immobilienbusiness.ch\/wp-content\/uploads\/2021\/07\/logo_ib.png","contentUrl":"https:\/\/www.immobilienbusiness.ch\/wp-content\/uploads\/2021\/07\/logo_ib.png","width":800,"height":181,"caption":"IMMOBILIEN Business"},"image":{"@id":"https:\/\/www.immobilienbusiness.ch\/#\/schema\/logo\/image\/"},"sameAs":["https:\/\/www.facebook.com\/immobilienbusiness\/"]},{"@type":"Person","@id":"https:\/\/www.immobilienbusiness.ch\/#\/schema\/person\/aba8bea2db926aa0c24c08c43fe1fcd5","name":"Alexander Wachter","image":{"@type":"ImageObject","inLanguage":"it-IT","@id":"https:\/\/secure.gravatar.com\/avatar\/1a09e471f5389b0e0a6416eac287e0927c7c97a7b77f9e787eba3af7aee281dd?s=96&d=mm&r=g","url":"https:\/\/secure.gravatar.com\/avatar\/1a09e471f5389b0e0a6416eac287e0927c7c97a7b77f9e787eba3af7aee281dd?s=96&d=mm&r=g","contentUrl":"https:\/\/secure.gravatar.com\/avatar\/1a09e471f5389b0e0a6416eac287e0927c7c97a7b77f9e787eba3af7aee281dd?s=96&d=mm&r=g","caption":"Alexander Wachter"},"url":"https:\/\/www.immobilienbusiness.ch\/it\/author\/alexander-wachter\/"}]}},"_links":{"self":[{"href":"https:\/\/www.immobilienbusiness.ch\/it\/wp-json\/wp\/v2\/posts\/57900","targetHints":{"allow":["GET"]}}],"collection":[{"href":"https:\/\/www.immobilienbusiness.ch\/it\/wp-json\/wp\/v2\/posts"}],"about":[{"href":"https:\/\/www.immobilienbusiness.ch\/it\/wp-json\/wp\/v2\/types\/post"}],"author":[{"embeddable":true,"href":"https:\/\/www.immobilienbusiness.ch\/it\/wp-json\/wp\/v2\/users\/102"}],"replies":[{"embeddable":true,"href":"https:\/\/www.immobilienbusiness.ch\/it\/wp-json\/wp\/v2\/comments?post=57900"}],"version-history":[{"count":5,"href":"https:\/\/www.immobilienbusiness.ch\/it\/wp-json\/wp\/v2\/posts\/57900\/revisions"}],"predecessor-version":[{"id":58604,"href":"https:\/\/www.immobilienbusiness.ch\/it\/wp-json\/wp\/v2\/posts\/57900\/revisions\/58604"}],"wp:featuredmedia":[{"embeddable":true,"href":"https:\/\/www.immobilienbusiness.ch\/it\/wp-json\/wp\/v2\/media\/45693"}],"wp:attachment":[{"href":"https:\/\/www.immobilienbusiness.ch\/it\/wp-json\/wp\/v2\/media?parent=57900"}],"wp:term":[{"taxonomy":"category","embeddable":true,"href":"https:\/\/www.immobilienbusiness.ch\/it\/wp-json\/wp\/v2\/categories?post=57900"},{"taxonomy":"post_tag","embeddable":true,"href":"https:\/\/www.immobilienbusiness.ch\/it\/wp-json\/wp\/v2\/tags?post=57900"}],"curies":[{"name":"wp","href":"https:\/\/api.w.org\/{rel}","templated":true}]}}