{"id":57823,"date":"2024-07-04T09:01:18","date_gmt":"2024-07-04T07:01:18","guid":{"rendered":"https:\/\/www.immobilienbusiness.ch\/?p=57823"},"modified":"2024-08-20T13:11:45","modified_gmt":"2024-08-20T11:11:45","slug":"fundamenta-anlagegruppe-uebertrift-emissionsziel","status":"publish","type":"post","link":"https:\/\/www.immobilienbusiness.ch\/it\/unternehmen\/2024-07-04\/fundamenta-anlagegruppe-uebertrift-emissionsziel\/","title":{"rendered":"Fundamenta: il gruppo di investimento supera l'obiettivo di emissione"},"content":{"rendered":"<figure id=\"attachment_37777\" aria-describedby=\"caption-attachment-37777\" style=\"width: 524px\" class=\"wp-caption alignnone\"><a href=\"https:\/\/www.immobilienbusiness.ch\/wp-content\/uploads\/2021\/07\/IMMOBILIEN-BUSINESS-News-12062020-SF-Sustainable-Swiss-Property-Erfolgreiche-Kapitalerhoehung-c-Pixabay-524x350-1.jpg\"><img loading=\"lazy\" decoding=\"async\" class=\"wp-image-37777 size-full\" src=\"https:\/\/www.immobilienbusiness.ch\/wp-content\/uploads\/2021\/07\/IMMOBILIEN-BUSINESS-News-12062020-SF-Sustainable-Swiss-Property-Erfolgreiche-Kapitalerhoehung-c-Pixabay-524x350-1.jpg\" alt=\"Fundamenta Group Kapitalerh\u00f6hung\" width=\"524\" height=\"350\" srcset=\"https:\/\/www.immobilienbusiness.ch\/wp-content\/uploads\/2021\/07\/IMMOBILIEN-BUSINESS-News-12062020-SF-Sustainable-Swiss-Property-Erfolgreiche-Kapitalerhoehung-c-Pixabay-524x350-1.jpg 524w, https:\/\/www.immobilienbusiness.ch\/wp-content\/uploads\/2021\/07\/IMMOBILIEN-BUSINESS-News-12062020-SF-Sustainable-Swiss-Property-Erfolgreiche-Kapitalerhoehung-c-Pixabay-524x350-1-300x200.jpg 300w, https:\/\/www.immobilienbusiness.ch\/wp-content\/uploads\/2021\/07\/IMMOBILIEN-BUSINESS-News-12062020-SF-Sustainable-Swiss-Property-Erfolgreiche-Kapitalerhoehung-c-Pixabay-524x350-1-16x12.jpg 16w, https:\/\/www.immobilienbusiness.ch\/wp-content\/uploads\/2021\/07\/IMMOBILIEN-BUSINESS-News-12062020-SF-Sustainable-Swiss-Property-Erfolgreiche-Kapitalerhoehung-c-Pixabay-524x350-1-262x175.jpg 262w\" sizes=\"auto, (max-width: 524px) 100vw, 524px\" \/><\/a><figcaption id=\"caption-attachment-37777\" class=\"wp-caption-text\">La fondazione d'investimento Fundamenta Group annuncia un aumento di capitale di successo (Immagine: Pixabay)<\/figcaption><\/figure>\n<p>Il 1\u00b0 luglio, la Fondazione d'investimento Fundamenta Group ha completato la sesta raccolta di capitali per il suo gruppo d'investimento \"Swiss Real Estate\" e ha registrato sottoscrizioni per un totale di 107,1 milioni di franchi svizzeri. Era stato indicato un volume target di 50-75 milioni di franchi svizzeri. Secondo quanto riferito, il gruppo di investitori \u00e8 salito a 158 fondi pensione.<\/p>\n<p>La Fondazione d'investimento ha annunciato che utilizzer\u00e0 i proventi dell'emissione per ampliare il proprio portafoglio immobiliare e per lo sviluppo di edifici esistenti e nuovi gi\u00e0 approvati o in fase di costruzione.<\/p>\n<p>Il gruppo d'investimento \"Immobili Svizzera\" si concentra sugli investimenti diretti in immobili ad uso residenziale e commerciale in Svizzera. Al momento della stesura dell'ultimo rapporto, la percentuale dei redditi da locazione ad uso abitativo era pari al 75 %. (aw)<\/p>","protected":false},"excerpt":{"rendered":"<p>Il gruppo d'investimento \"Swiss Real Estate\" della Fondazione d'investimento Fundamenta ha raccolto 107 milioni di franchi svizzeri nell'ambito di un aumento di capitale.<\/p>","protected":false},"author":102,"featured_media":37777,"comment_status":"closed","ping_status":"closed","sticky":false,"template":"","format":"standard","meta":{"_acf_changed":false,"_yoast_wpseo_focuskw":"Fundamenta Group Kapitalerh\u00f6hung","_yoast_wpseo_title":"","_yoast_wpseo_metadesc":"Die Fundamenta Group vermeldet eine erfolgreiche Kapitalerh\u00f6hung von 107,1 Mio. CHF f\u00fcr die Anlagegruppe \u00abSwiss Real Estate\u00bb.","_yoast_wpseo_linkdex":52,"pgc_sgb_lightbox_settings":"","footnotes":""},"categories":[988],"tags":[1030,1252,1412],"class_list":["post-57823","post","type-post","status-publish","format-standard","has-post-thumbnail","hentry","category-unternehmen","tag-anlagestiftung","tag-fundamenta","tag-kapitalerhoehung"],"acf":[],"yoast_head":"<!-- This site is optimized with the Yoast SEO plugin v27.4 - https:\/\/yoast.com\/product\/yoast-seo-wordpress\/ -->\n<title>Fundamenta: Anlagegruppe \u00fcbertrift Emissionsziel - IMMOBILIEN Business<\/title>\n<meta name=\"description\" content=\"Die Fundamenta Group vermeldet eine erfolgreiche Kapitalerh\u00f6hung von 107,1 Mio. CHF f\u00fcr die Anlagegruppe \u00abSwiss Real Estate\u00bb.\" \/>\n<meta name=\"robots\" content=\"index, follow, max-snippet:-1, max-image-preview:large, max-video-preview:-1\" \/>\n<link rel=\"canonical\" href=\"https:\/\/www.immobilienbusiness.ch\/it\/unternehmen\/2024-07-04\/fundamenta-anlagegruppe-uebertrift-emissionsziel\/\" \/>\n<meta property=\"og:locale\" content=\"it_IT\" \/>\n<meta property=\"og:type\" content=\"article\" \/>\n<meta property=\"og:title\" content=\"Fundamenta: Anlagegruppe \u00fcbertrift Emissionsziel - IMMOBILIEN Business\" \/>\n<meta property=\"og:description\" content=\"Die Fundamenta Group vermeldet eine erfolgreiche Kapitalerh\u00f6hung von 107,1 Mio. CHF f\u00fcr die Anlagegruppe \u00abSwiss Real Estate\u00bb.\" \/>\n<meta property=\"og:url\" content=\"https:\/\/www.immobilienbusiness.ch\/it\/unternehmen\/2024-07-04\/fundamenta-anlagegruppe-uebertrift-emissionsziel\/\" \/>\n<meta property=\"og:site_name\" content=\"IMMOBILIEN Business\" \/>\n<meta property=\"article:publisher\" content=\"https:\/\/www.facebook.com\/immobilienbusiness\/\" \/>\n<meta property=\"article:published_time\" content=\"2024-07-04T07:01:18+00:00\" \/>\n<meta property=\"article:modified_time\" content=\"2024-08-20T11:11:45+00:00\" \/>\n<meta property=\"og:image\" content=\"https:\/\/www.immobilienbusiness.ch\/wp-content\/uploads\/2021\/07\/IMMOBILIEN-BUSINESS-News-12062020-SF-Sustainable-Swiss-Property-Erfolgreiche-Kapitalerhoehung-c-Pixabay-524x350-1.jpg\" \/>\n\t<meta property=\"og:image:width\" content=\"524\" \/>\n\t<meta property=\"og:image:height\" content=\"350\" \/>\n\t<meta property=\"og:image:type\" content=\"image\/jpeg\" \/>\n<meta name=\"author\" content=\"Alexander Wachter\" \/>\n<meta name=\"twitter:card\" content=\"summary_large_image\" \/>\n<script type=\"application\/ld+json\" class=\"yoast-schema-graph\">{\"@context\":\"https:\\\/\\\/schema.org\",\"@graph\":[{\"@type\":\"Article\",\"@id\":\"https:\\\/\\\/www.immobilienbusiness.ch\\\/unternehmen\\\/2024-07-04\\\/fundamenta-anlagegruppe-uebertrift-emissionsziel\\\/#article\",\"isPartOf\":{\"@id\":\"https:\\\/\\\/www.immobilienbusiness.ch\\\/unternehmen\\\/2024-07-04\\\/fundamenta-anlagegruppe-uebertrift-emissionsziel\\\/\"},\"author\":{\"name\":\"Alexander Wachter\",\"@id\":\"https:\\\/\\\/www.immobilienbusiness.ch\\\/#\\\/schema\\\/person\\\/aba8bea2db926aa0c24c08c43fe1fcd5\"},\"headline\":\"Fundamenta: Anlagegruppe \u00fcbertrift Emissionsziel\",\"datePublished\":\"2024-07-04T07:01:18+00:00\",\"dateModified\":\"2024-08-20T11:11:45+00:00\",\"mainEntityOfPage\":{\"@id\":\"https:\\\/\\\/www.immobilienbusiness.ch\\\/unternehmen\\\/2024-07-04\\\/fundamenta-anlagegruppe-uebertrift-emissionsziel\\\/\"},\"wordCount\":139,\"publisher\":{\"@id\":\"https:\\\/\\\/www.immobilienbusiness.ch\\\/#organization\"},\"image\":{\"@id\":\"https:\\\/\\\/www.immobilienbusiness.ch\\\/unternehmen\\\/2024-07-04\\\/fundamenta-anlagegruppe-uebertrift-emissionsziel\\\/#primaryimage\"},\"thumbnailUrl\":\"https:\\\/\\\/www.immobilienbusiness.ch\\\/wp-content\\\/uploads\\\/2021\\\/07\\\/IMMOBILIEN-BUSINESS-News-12062020-SF-Sustainable-Swiss-Property-Erfolgreiche-Kapitalerhoehung-c-Pixabay-524x350-1.jpg\",\"keywords\":[\"Anlagestiftung\",\"Fundamenta\",\"Kapitalerh\u00f6hung\"],\"articleSection\":[\"UNTERNEHMEN\"],\"inLanguage\":\"it-IT\"},{\"@type\":\"WebPage\",\"@id\":\"https:\\\/\\\/www.immobilienbusiness.ch\\\/unternehmen\\\/2024-07-04\\\/fundamenta-anlagegruppe-uebertrift-emissionsziel\\\/\",\"url\":\"https:\\\/\\\/www.immobilienbusiness.ch\\\/unternehmen\\\/2024-07-04\\\/fundamenta-anlagegruppe-uebertrift-emissionsziel\\\/\",\"name\":\"Fundamenta: Anlagegruppe \u00fcbertrift Emissionsziel - IMMOBILIEN Business\",\"isPartOf\":{\"@id\":\"https:\\\/\\\/www.immobilienbusiness.ch\\\/#website\"},\"primaryImageOfPage\":{\"@id\":\"https:\\\/\\\/www.immobilienbusiness.ch\\\/unternehmen\\\/2024-07-04\\\/fundamenta-anlagegruppe-uebertrift-emissionsziel\\\/#primaryimage\"},\"image\":{\"@id\":\"https:\\\/\\\/www.immobilienbusiness.ch\\\/unternehmen\\\/2024-07-04\\\/fundamenta-anlagegruppe-uebertrift-emissionsziel\\\/#primaryimage\"},\"thumbnailUrl\":\"https:\\\/\\\/www.immobilienbusiness.ch\\\/wp-content\\\/uploads\\\/2021\\\/07\\\/IMMOBILIEN-BUSINESS-News-12062020-SF-Sustainable-Swiss-Property-Erfolgreiche-Kapitalerhoehung-c-Pixabay-524x350-1.jpg\",\"datePublished\":\"2024-07-04T07:01:18+00:00\",\"dateModified\":\"2024-08-20T11:11:45+00:00\",\"description\":\"Die Fundamenta Group vermeldet eine erfolgreiche Kapitalerh\u00f6hung von 107,1 Mio. CHF f\u00fcr die Anlagegruppe \u00abSwiss Real Estate\u00bb.\",\"breadcrumb\":{\"@id\":\"https:\\\/\\\/www.immobilienbusiness.ch\\\/unternehmen\\\/2024-07-04\\\/fundamenta-anlagegruppe-uebertrift-emissionsziel\\\/#breadcrumb\"},\"inLanguage\":\"it-IT\",\"potentialAction\":[{\"@type\":\"ReadAction\",\"target\":[\"https:\\\/\\\/www.immobilienbusiness.ch\\\/unternehmen\\\/2024-07-04\\\/fundamenta-anlagegruppe-uebertrift-emissionsziel\\\/\"]}]},{\"@type\":\"ImageObject\",\"inLanguage\":\"it-IT\",\"@id\":\"https:\\\/\\\/www.immobilienbusiness.ch\\\/unternehmen\\\/2024-07-04\\\/fundamenta-anlagegruppe-uebertrift-emissionsziel\\\/#primaryimage\",\"url\":\"https:\\\/\\\/www.immobilienbusiness.ch\\\/wp-content\\\/uploads\\\/2021\\\/07\\\/IMMOBILIEN-BUSINESS-News-12062020-SF-Sustainable-Swiss-Property-Erfolgreiche-Kapitalerhoehung-c-Pixabay-524x350-1.jpg\",\"contentUrl\":\"https:\\\/\\\/www.immobilienbusiness.ch\\\/wp-content\\\/uploads\\\/2021\\\/07\\\/IMMOBILIEN-BUSINESS-News-12062020-SF-Sustainable-Swiss-Property-Erfolgreiche-Kapitalerhoehung-c-Pixabay-524x350-1.jpg\",\"width\":524,\"height\":350,\"caption\":\"Swiss Life hat mit seinem Fonds REF ESG Swiss Properties letztes Jahr einen Wachstumsschritt vollzogen (Bild: Pixabay)\"},{\"@type\":\"BreadcrumbList\",\"@id\":\"https:\\\/\\\/www.immobilienbusiness.ch\\\/unternehmen\\\/2024-07-04\\\/fundamenta-anlagegruppe-uebertrift-emissionsziel\\\/#breadcrumb\",\"itemListElement\":[{\"@type\":\"ListItem\",\"position\":1,\"name\":\"Home\",\"item\":\"https:\\\/\\\/www.immobilienbusiness.ch\\\/\"},{\"@type\":\"ListItem\",\"position\":2,\"name\":\"Fundamenta: Anlagegruppe \u00fcbertrift Emissionsziel\"}]},{\"@type\":\"WebSite\",\"@id\":\"https:\\\/\\\/www.immobilienbusiness.ch\\\/#website\",\"url\":\"https:\\\/\\\/www.immobilienbusiness.ch\\\/\",\"name\":\"IMMOBILIEN Business\",\"description\":\"Unabh\u00e4ngiges Schweizer Wirtschaftsmagazin mit Fokus auf Immobilien, Architektur- und Bau sowie Investment- und Finanzierung.\",\"publisher\":{\"@id\":\"https:\\\/\\\/www.immobilienbusiness.ch\\\/#organization\"},\"potentialAction\":[{\"@type\":\"SearchAction\",\"target\":{\"@type\":\"EntryPoint\",\"urlTemplate\":\"https:\\\/\\\/www.immobilienbusiness.ch\\\/?s={search_term_string}\"},\"query-input\":{\"@type\":\"PropertyValueSpecification\",\"valueRequired\":true,\"valueName\":\"search_term_string\"}}],\"inLanguage\":\"it-IT\"},{\"@type\":\"Organization\",\"@id\":\"https:\\\/\\\/www.immobilienbusiness.ch\\\/#organization\",\"name\":\"IMMOBILIEN Business\",\"url\":\"https:\\\/\\\/www.immobilienbusiness.ch\\\/\",\"logo\":{\"@type\":\"ImageObject\",\"inLanguage\":\"it-IT\",\"@id\":\"https:\\\/\\\/www.immobilienbusiness.ch\\\/#\\\/schema\\\/logo\\\/image\\\/\",\"url\":\"https:\\\/\\\/www.immobilienbusiness.ch\\\/wp-content\\\/uploads\\\/2021\\\/07\\\/logo_ib.png\",\"contentUrl\":\"https:\\\/\\\/www.immobilienbusiness.ch\\\/wp-content\\\/uploads\\\/2021\\\/07\\\/logo_ib.png\",\"width\":800,\"height\":181,\"caption\":\"IMMOBILIEN Business\"},\"image\":{\"@id\":\"https:\\\/\\\/www.immobilienbusiness.ch\\\/#\\\/schema\\\/logo\\\/image\\\/\"},\"sameAs\":[\"https:\\\/\\\/www.facebook.com\\\/immobilienbusiness\\\/\"]},{\"@type\":\"Person\",\"@id\":\"https:\\\/\\\/www.immobilienbusiness.ch\\\/#\\\/schema\\\/person\\\/aba8bea2db926aa0c24c08c43fe1fcd5\",\"name\":\"Alexander Wachter\",\"image\":{\"@type\":\"ImageObject\",\"inLanguage\":\"it-IT\",\"@id\":\"https:\\\/\\\/secure.gravatar.com\\\/avatar\\\/1a09e471f5389b0e0a6416eac287e0927c7c97a7b77f9e787eba3af7aee281dd?s=96&d=mm&r=g\",\"url\":\"https:\\\/\\\/secure.gravatar.com\\\/avatar\\\/1a09e471f5389b0e0a6416eac287e0927c7c97a7b77f9e787eba3af7aee281dd?s=96&d=mm&r=g\",\"contentUrl\":\"https:\\\/\\\/secure.gravatar.com\\\/avatar\\\/1a09e471f5389b0e0a6416eac287e0927c7c97a7b77f9e787eba3af7aee281dd?s=96&d=mm&r=g\",\"caption\":\"Alexander Wachter\"},\"url\":\"https:\\\/\\\/www.immobilienbusiness.ch\\\/it\\\/author\\\/alexander-wachter\\\/\"}]}<\/script>\n<!-- \/ Yoast SEO plugin. -->","yoast_head_json":{"title":"Fundamenta: Anlagegruppe \u00fcbertrift Emissionsziel - IMMOBILIEN Business","description":"Die Fundamenta Group vermeldet eine erfolgreiche Kapitalerh\u00f6hung von 107,1 Mio. CHF f\u00fcr die Anlagegruppe \u00abSwiss Real Estate\u00bb.","robots":{"index":"index","follow":"follow","max-snippet":"max-snippet:-1","max-image-preview":"max-image-preview:large","max-video-preview":"max-video-preview:-1"},"canonical":"https:\/\/www.immobilienbusiness.ch\/it\/unternehmen\/2024-07-04\/fundamenta-anlagegruppe-uebertrift-emissionsziel\/","og_locale":"it_IT","og_type":"article","og_title":"Fundamenta: Anlagegruppe \u00fcbertrift Emissionsziel - IMMOBILIEN Business","og_description":"Die Fundamenta Group vermeldet eine erfolgreiche Kapitalerh\u00f6hung von 107,1 Mio. CHF f\u00fcr die Anlagegruppe \u00abSwiss Real Estate\u00bb.","og_url":"https:\/\/www.immobilienbusiness.ch\/it\/unternehmen\/2024-07-04\/fundamenta-anlagegruppe-uebertrift-emissionsziel\/","og_site_name":"IMMOBILIEN Business","article_publisher":"https:\/\/www.facebook.com\/immobilienbusiness\/","article_published_time":"2024-07-04T07:01:18+00:00","article_modified_time":"2024-08-20T11:11:45+00:00","og_image":[{"width":524,"height":350,"url":"https:\/\/www.immobilienbusiness.ch\/wp-content\/uploads\/2021\/07\/IMMOBILIEN-BUSINESS-News-12062020-SF-Sustainable-Swiss-Property-Erfolgreiche-Kapitalerhoehung-c-Pixabay-524x350-1.jpg","type":"image\/jpeg"}],"author":"Alexander Wachter","twitter_card":"summary_large_image","schema":{"@context":"https:\/\/schema.org","@graph":[{"@type":"Article","@id":"https:\/\/www.immobilienbusiness.ch\/unternehmen\/2024-07-04\/fundamenta-anlagegruppe-uebertrift-emissionsziel\/#article","isPartOf":{"@id":"https:\/\/www.immobilienbusiness.ch\/unternehmen\/2024-07-04\/fundamenta-anlagegruppe-uebertrift-emissionsziel\/"},"author":{"name":"Alexander Wachter","@id":"https:\/\/www.immobilienbusiness.ch\/#\/schema\/person\/aba8bea2db926aa0c24c08c43fe1fcd5"},"headline":"Fundamenta: Anlagegruppe \u00fcbertrift Emissionsziel","datePublished":"2024-07-04T07:01:18+00:00","dateModified":"2024-08-20T11:11:45+00:00","mainEntityOfPage":{"@id":"https:\/\/www.immobilienbusiness.ch\/unternehmen\/2024-07-04\/fundamenta-anlagegruppe-uebertrift-emissionsziel\/"},"wordCount":139,"publisher":{"@id":"https:\/\/www.immobilienbusiness.ch\/#organization"},"image":{"@id":"https:\/\/www.immobilienbusiness.ch\/unternehmen\/2024-07-04\/fundamenta-anlagegruppe-uebertrift-emissionsziel\/#primaryimage"},"thumbnailUrl":"https:\/\/www.immobilienbusiness.ch\/wp-content\/uploads\/2021\/07\/IMMOBILIEN-BUSINESS-News-12062020-SF-Sustainable-Swiss-Property-Erfolgreiche-Kapitalerhoehung-c-Pixabay-524x350-1.jpg","keywords":["Anlagestiftung","Fundamenta","Kapitalerh\u00f6hung"],"articleSection":["UNTERNEHMEN"],"inLanguage":"it-IT"},{"@type":"WebPage","@id":"https:\/\/www.immobilienbusiness.ch\/unternehmen\/2024-07-04\/fundamenta-anlagegruppe-uebertrift-emissionsziel\/","url":"https:\/\/www.immobilienbusiness.ch\/unternehmen\/2024-07-04\/fundamenta-anlagegruppe-uebertrift-emissionsziel\/","name":"Fundamenta: Anlagegruppe \u00fcbertrift Emissionsziel - IMMOBILIEN Business","isPartOf":{"@id":"https:\/\/www.immobilienbusiness.ch\/#website"},"primaryImageOfPage":{"@id":"https:\/\/www.immobilienbusiness.ch\/unternehmen\/2024-07-04\/fundamenta-anlagegruppe-uebertrift-emissionsziel\/#primaryimage"},"image":{"@id":"https:\/\/www.immobilienbusiness.ch\/unternehmen\/2024-07-04\/fundamenta-anlagegruppe-uebertrift-emissionsziel\/#primaryimage"},"thumbnailUrl":"https:\/\/www.immobilienbusiness.ch\/wp-content\/uploads\/2021\/07\/IMMOBILIEN-BUSINESS-News-12062020-SF-Sustainable-Swiss-Property-Erfolgreiche-Kapitalerhoehung-c-Pixabay-524x350-1.jpg","datePublished":"2024-07-04T07:01:18+00:00","dateModified":"2024-08-20T11:11:45+00:00","description":"Die Fundamenta Group vermeldet eine erfolgreiche Kapitalerh\u00f6hung von 107,1 Mio. CHF f\u00fcr die Anlagegruppe \u00abSwiss Real Estate\u00bb.","breadcrumb":{"@id":"https:\/\/www.immobilienbusiness.ch\/unternehmen\/2024-07-04\/fundamenta-anlagegruppe-uebertrift-emissionsziel\/#breadcrumb"},"inLanguage":"it-IT","potentialAction":[{"@type":"ReadAction","target":["https:\/\/www.immobilienbusiness.ch\/unternehmen\/2024-07-04\/fundamenta-anlagegruppe-uebertrift-emissionsziel\/"]}]},{"@type":"ImageObject","inLanguage":"it-IT","@id":"https:\/\/www.immobilienbusiness.ch\/unternehmen\/2024-07-04\/fundamenta-anlagegruppe-uebertrift-emissionsziel\/#primaryimage","url":"https:\/\/www.immobilienbusiness.ch\/wp-content\/uploads\/2021\/07\/IMMOBILIEN-BUSINESS-News-12062020-SF-Sustainable-Swiss-Property-Erfolgreiche-Kapitalerhoehung-c-Pixabay-524x350-1.jpg","contentUrl":"https:\/\/www.immobilienbusiness.ch\/wp-content\/uploads\/2021\/07\/IMMOBILIEN-BUSINESS-News-12062020-SF-Sustainable-Swiss-Property-Erfolgreiche-Kapitalerhoehung-c-Pixabay-524x350-1.jpg","width":524,"height":350,"caption":"Swiss Life hat mit seinem Fonds REF ESG Swiss Properties letztes Jahr einen Wachstumsschritt vollzogen (Bild: Pixabay)"},{"@type":"BreadcrumbList","@id":"https:\/\/www.immobilienbusiness.ch\/unternehmen\/2024-07-04\/fundamenta-anlagegruppe-uebertrift-emissionsziel\/#breadcrumb","itemListElement":[{"@type":"ListItem","position":1,"name":"Home","item":"https:\/\/www.immobilienbusiness.ch\/"},{"@type":"ListItem","position":2,"name":"Fundamenta: Anlagegruppe \u00fcbertrift Emissionsziel"}]},{"@type":"WebSite","@id":"https:\/\/www.immobilienbusiness.ch\/#website","url":"https:\/\/www.immobilienbusiness.ch\/","name":"Affari immobiliari","description":"Rivista economica indipendente svizzera che si concentra sul settore immobiliare, l'architettura e la costruzione, nonch\u00e9 sugli investimenti e i finanziamenti.","publisher":{"@id":"https:\/\/www.immobilienbusiness.ch\/#organization"},"potentialAction":[{"@type":"SearchAction","target":{"@type":"EntryPoint","urlTemplate":"https:\/\/www.immobilienbusiness.ch\/?s={search_term_string}"},"query-input":{"@type":"PropertyValueSpecification","valueRequired":true,"valueName":"search_term_string"}}],"inLanguage":"it-IT"},{"@type":"Organization","@id":"https:\/\/www.immobilienbusiness.ch\/#organization","name":"Affari immobiliari","url":"https:\/\/www.immobilienbusiness.ch\/","logo":{"@type":"ImageObject","inLanguage":"it-IT","@id":"https:\/\/www.immobilienbusiness.ch\/#\/schema\/logo\/image\/","url":"https:\/\/www.immobilienbusiness.ch\/wp-content\/uploads\/2021\/07\/logo_ib.png","contentUrl":"https:\/\/www.immobilienbusiness.ch\/wp-content\/uploads\/2021\/07\/logo_ib.png","width":800,"height":181,"caption":"IMMOBILIEN Business"},"image":{"@id":"https:\/\/www.immobilienbusiness.ch\/#\/schema\/logo\/image\/"},"sameAs":["https:\/\/www.facebook.com\/immobilienbusiness\/"]},{"@type":"Person","@id":"https:\/\/www.immobilienbusiness.ch\/#\/schema\/person\/aba8bea2db926aa0c24c08c43fe1fcd5","name":"Alexander Wachter","image":{"@type":"ImageObject","inLanguage":"it-IT","@id":"https:\/\/secure.gravatar.com\/avatar\/1a09e471f5389b0e0a6416eac287e0927c7c97a7b77f9e787eba3af7aee281dd?s=96&d=mm&r=g","url":"https:\/\/secure.gravatar.com\/avatar\/1a09e471f5389b0e0a6416eac287e0927c7c97a7b77f9e787eba3af7aee281dd?s=96&d=mm&r=g","contentUrl":"https:\/\/secure.gravatar.com\/avatar\/1a09e471f5389b0e0a6416eac287e0927c7c97a7b77f9e787eba3af7aee281dd?s=96&d=mm&r=g","caption":"Alexander Wachter"},"url":"https:\/\/www.immobilienbusiness.ch\/it\/author\/alexander-wachter\/"}]}},"_links":{"self":[{"href":"https:\/\/www.immobilienbusiness.ch\/it\/wp-json\/wp\/v2\/posts\/57823","targetHints":{"allow":["GET"]}}],"collection":[{"href":"https:\/\/www.immobilienbusiness.ch\/it\/wp-json\/wp\/v2\/posts"}],"about":[{"href":"https:\/\/www.immobilienbusiness.ch\/it\/wp-json\/wp\/v2\/types\/post"}],"author":[{"embeddable":true,"href":"https:\/\/www.immobilienbusiness.ch\/it\/wp-json\/wp\/v2\/users\/102"}],"replies":[{"embeddable":true,"href":"https:\/\/www.immobilienbusiness.ch\/it\/wp-json\/wp\/v2\/comments?post=57823"}],"version-history":[{"count":2,"href":"https:\/\/www.immobilienbusiness.ch\/it\/wp-json\/wp\/v2\/posts\/57823\/revisions"}],"predecessor-version":[{"id":58629,"href":"https:\/\/www.immobilienbusiness.ch\/it\/wp-json\/wp\/v2\/posts\/57823\/revisions\/58629"}],"wp:featuredmedia":[{"embeddable":true,"href":"https:\/\/www.immobilienbusiness.ch\/it\/wp-json\/wp\/v2\/media\/37777"}],"wp:attachment":[{"href":"https:\/\/www.immobilienbusiness.ch\/it\/wp-json\/wp\/v2\/media?parent=57823"}],"wp:term":[{"taxonomy":"category","embeddable":true,"href":"https:\/\/www.immobilienbusiness.ch\/it\/wp-json\/wp\/v2\/categories?post=57823"},{"taxonomy":"post_tag","embeddable":true,"href":"https:\/\/www.immobilienbusiness.ch\/it\/wp-json\/wp\/v2\/tags?post=57823"}],"curies":[{"name":"wp","href":"https:\/\/api.w.org\/{rel}","templated":true}]}}