{"id":57409,"date":"2024-06-05T08:50:45","date_gmt":"2024-06-05T06:50:45","guid":{"rendered":"https:\/\/www.immobilienbusiness.ch\/?p=57409"},"modified":"2024-08-21T05:34:59","modified_gmt":"2024-08-21T03:34:59","slug":"durable-zwei-neue-in-der-geschaeftsleitung","status":"publish","type":"post","link":"https:\/\/www.immobilienbusiness.ch\/it\/personalia\/2024-06-05\/durable-zwei-neue-in-der-geschaeftsleitung\/","title":{"rendered":"Durevole: due nuovi membri nel consiglio di amministrazione"},"content":{"rendered":"<figure id=\"attachment_57411\" aria-describedby=\"caption-attachment-57411\" style=\"width: 1280px\" class=\"wp-caption alignnone\"><a href=\"https:\/\/www.immobilienbusiness.ch\/wp-content\/uploads\/2024\/06\/Durable.jpeg\"><img loading=\"lazy\" decoding=\"async\" class=\"wp-image-57411 size-full\" src=\"https:\/\/www.immobilienbusiness.ch\/wp-content\/uploads\/2024\/06\/Durable.jpeg\" alt=\"Durable Planung und Beratung GmbH Gesch\u00e4ftsleitung\" width=\"1280\" height=\"959\" srcset=\"https:\/\/www.immobilienbusiness.ch\/wp-content\/uploads\/2024\/06\/Durable.jpeg 1280w, https:\/\/www.immobilienbusiness.ch\/wp-content\/uploads\/2024\/06\/Durable-300x225.jpeg 300w, https:\/\/www.immobilienbusiness.ch\/wp-content\/uploads\/2024\/06\/Durable-1024x767.jpeg 1024w, https:\/\/www.immobilienbusiness.ch\/wp-content\/uploads\/2024\/06\/Durable-768x575.jpeg 768w, https:\/\/www.immobilienbusiness.ch\/wp-content\/uploads\/2024\/06\/Durable-16x12.jpeg 16w, https:\/\/www.immobilienbusiness.ch\/wp-content\/uploads\/2024\/06\/Durable-375x281.jpeg 375w, https:\/\/www.immobilienbusiness.ch\/wp-content\/uploads\/2024\/06\/Durable-467x350.jpeg 467w, https:\/\/www.immobilienbusiness.ch\/wp-content\/uploads\/2024\/06\/Durable-1000x749.jpeg 1000w\" sizes=\"auto, (max-width: 1280px) 100vw, 1280px\" \/><\/a><figcaption id=\"caption-attachment-57411\" class=\"wp-caption-text\">J\u00f6rg Lamster, Barbara Pataki e Adrian Eitle (Immagine: W\u00fcest Partner)<\/figcaption><\/figure>\n<p>Durable Planung und Beratung GmbH ha ristrutturato il suo team di gestione a partire dal 1\u00b0 giugno. A J\u00f6rg Lamster, amministratore delegato e responsabile della consulenza, si aggiungono Barbara Pataki e Adrian Eitle. \"L'ampliamento del team di gestione rafforzer\u00e0 ulteriormente il centro di eccellenza per la sostenibilit\u00e0 del Gruppo W\u00fcest Partner\", si legge in un comunicato stampa.<\/p>\n<p>Barbara Pataki \u00e8 in Durable dal 2018 ed \u00e8 responsabile delle certificazioni. In precedenza ha lavorato in diversi studi di architettura e, oltre alla laurea in architettura, ha conseguito un Master of Science in Climadesign presso l'Universit\u00e0 Tecnica di Monaco.<\/p>\n<p>Adrian Eitle, responsabile della Fisica degli edifici, lavora per Durable dal settembre 2022. In precedenza \u00e8 stato assistente di ricerca presso l'Istituto di acustica e fisica degli edifici dell'Universit\u00e0 di Stoccarda. Ha conseguito un Master in Ingegneria Civile presso l'Universit\u00e0 di Stoccarda. <em>(aw)<\/em><\/p>","protected":false},"excerpt":{"rendered":"<p>La filiale di W\u00fcest Partner che si occupa di sostenibilit\u00e0 amplia il proprio team di gestione con Barbara Pataki e Adrian Eitle.<\/p>","protected":false},"author":102,"featured_media":57411,"comment_status":"closed","ping_status":"closed","sticky":false,"template":"","format":"standard","meta":{"_acf_changed":false,"_yoast_wpseo_focuskw":"Durable Planung und Beratung GmbH Gesch\u00e4ftsleitung","_yoast_wpseo_title":"","_yoast_wpseo_metadesc":"Durable Planung und Beratung GmbH hat ihre Gesch\u00e4ftsleitung neu formiert. J\u00f6rg Lamster, Barbara Pataki und Adrian Eitle treten in die Leitung ein.","_yoast_wpseo_linkdex":52,"pgc_sgb_lightbox_settings":"","footnotes":""},"categories":[1912],"tags":[3651,1515,1563,1871],"class_list":["post-57409","post","type-post","status-publish","format-standard","has-post-thumbnail","hentry","category-personalia","tag-durable","tag-nachhaltigkeit","tag-personalia","tag-wueest-partner"],"acf":[],"yoast_head":"<!-- This site is optimized with the Yoast SEO plugin v27.4 - https:\/\/yoast.com\/product\/yoast-seo-wordpress\/ -->\n<title>Durable: Zwei Neue in der Gesch\u00e4ftsleitung - IMMOBILIEN Business<\/title>\n<meta name=\"description\" content=\"Durable Planung und Beratung GmbH hat ihre Gesch\u00e4ftsleitung neu formiert. J\u00f6rg Lamster, Barbara Pataki und Adrian Eitle treten in die Leitung ein.\" \/>\n<meta name=\"robots\" content=\"index, follow, max-snippet:-1, max-image-preview:large, max-video-preview:-1\" \/>\n<link rel=\"canonical\" href=\"https:\/\/www.immobilienbusiness.ch\/it\/personalia\/2024-06-05\/durable-zwei-neue-in-der-geschaeftsleitung\/\" \/>\n<meta property=\"og:locale\" content=\"it_IT\" \/>\n<meta property=\"og:type\" content=\"article\" \/>\n<meta property=\"og:title\" content=\"Durable: Zwei Neue in der Gesch\u00e4ftsleitung - IMMOBILIEN Business\" \/>\n<meta property=\"og:description\" content=\"Durable Planung und Beratung GmbH hat ihre Gesch\u00e4ftsleitung neu formiert. J\u00f6rg Lamster, Barbara Pataki und Adrian Eitle treten in die Leitung ein.\" \/>\n<meta property=\"og:url\" content=\"https:\/\/www.immobilienbusiness.ch\/it\/personalia\/2024-06-05\/durable-zwei-neue-in-der-geschaeftsleitung\/\" \/>\n<meta property=\"og:site_name\" content=\"IMMOBILIEN Business\" \/>\n<meta property=\"article:publisher\" content=\"https:\/\/www.facebook.com\/immobilienbusiness\/\" \/>\n<meta property=\"article:published_time\" content=\"2024-06-05T06:50:45+00:00\" \/>\n<meta property=\"article:modified_time\" content=\"2024-08-21T03:34:59+00:00\" \/>\n<meta property=\"og:image\" content=\"https:\/\/www.immobilienbusiness.ch\/wp-content\/uploads\/2024\/06\/Durable.jpeg\" \/>\n\t<meta property=\"og:image:width\" content=\"1280\" \/>\n\t<meta property=\"og:image:height\" content=\"959\" \/>\n\t<meta property=\"og:image:type\" content=\"image\/jpeg\" \/>\n<meta name=\"author\" content=\"Alexander Wachter\" \/>\n<meta name=\"twitter:card\" content=\"summary_large_image\" \/>\n<script type=\"application\/ld+json\" class=\"yoast-schema-graph\">{\"@context\":\"https:\\\/\\\/schema.org\",\"@graph\":[{\"@type\":\"Article\",\"@id\":\"https:\\\/\\\/www.immobilienbusiness.ch\\\/en\\\/personalia\\\/2024-06-05\\\/durable-zwei-neue-in-der-geschaeftsleitung\\\/#article\",\"isPartOf\":{\"@id\":\"https:\\\/\\\/www.immobilienbusiness.ch\\\/en\\\/personalia\\\/2024-06-05\\\/durable-zwei-neue-in-der-geschaeftsleitung\\\/\"},\"author\":{\"name\":\"Alexander Wachter\",\"@id\":\"https:\\\/\\\/www.immobilienbusiness.ch\\\/#\\\/schema\\\/person\\\/aba8bea2db926aa0c24c08c43fe1fcd5\"},\"headline\":\"Durable: Zwei Neue in der Gesch\u00e4ftsleitung\",\"datePublished\":\"2024-06-05T06:50:45+00:00\",\"dateModified\":\"2024-08-21T03:34:59+00:00\",\"mainEntityOfPage\":{\"@id\":\"https:\\\/\\\/www.immobilienbusiness.ch\\\/en\\\/personalia\\\/2024-06-05\\\/durable-zwei-neue-in-der-geschaeftsleitung\\\/\"},\"wordCount\":164,\"publisher\":{\"@id\":\"https:\\\/\\\/www.immobilienbusiness.ch\\\/#organization\"},\"image\":{\"@id\":\"https:\\\/\\\/www.immobilienbusiness.ch\\\/en\\\/personalia\\\/2024-06-05\\\/durable-zwei-neue-in-der-geschaeftsleitung\\\/#primaryimage\"},\"thumbnailUrl\":\"https:\\\/\\\/www.immobilienbusiness.ch\\\/wp-content\\\/uploads\\\/2024\\\/06\\\/Durable.jpeg\",\"keywords\":[\"Durable\",\"Nachhaltigkeit\",\"Personalia\",\"W\u00fcest Partner\"],\"articleSection\":[\"PERSONALIA\"],\"inLanguage\":\"it-IT\"},{\"@type\":\"WebPage\",\"@id\":\"https:\\\/\\\/www.immobilienbusiness.ch\\\/en\\\/personalia\\\/2024-06-05\\\/durable-zwei-neue-in-der-geschaeftsleitung\\\/\",\"url\":\"https:\\\/\\\/www.immobilienbusiness.ch\\\/en\\\/personalia\\\/2024-06-05\\\/durable-zwei-neue-in-der-geschaeftsleitung\\\/\",\"name\":\"Durable: Zwei Neue in der Gesch\u00e4ftsleitung - IMMOBILIEN Business\",\"isPartOf\":{\"@id\":\"https:\\\/\\\/www.immobilienbusiness.ch\\\/#website\"},\"primaryImageOfPage\":{\"@id\":\"https:\\\/\\\/www.immobilienbusiness.ch\\\/en\\\/personalia\\\/2024-06-05\\\/durable-zwei-neue-in-der-geschaeftsleitung\\\/#primaryimage\"},\"image\":{\"@id\":\"https:\\\/\\\/www.immobilienbusiness.ch\\\/en\\\/personalia\\\/2024-06-05\\\/durable-zwei-neue-in-der-geschaeftsleitung\\\/#primaryimage\"},\"thumbnailUrl\":\"https:\\\/\\\/www.immobilienbusiness.ch\\\/wp-content\\\/uploads\\\/2024\\\/06\\\/Durable.jpeg\",\"datePublished\":\"2024-06-05T06:50:45+00:00\",\"dateModified\":\"2024-08-21T03:34:59+00:00\",\"description\":\"Durable Planung und Beratung GmbH hat ihre Gesch\u00e4ftsleitung neu formiert. J\u00f6rg Lamster, Barbara Pataki und Adrian Eitle treten in die Leitung ein.\",\"breadcrumb\":{\"@id\":\"https:\\\/\\\/www.immobilienbusiness.ch\\\/en\\\/personalia\\\/2024-06-05\\\/durable-zwei-neue-in-der-geschaeftsleitung\\\/#breadcrumb\"},\"inLanguage\":\"it-IT\",\"potentialAction\":[{\"@type\":\"ReadAction\",\"target\":[\"https:\\\/\\\/www.immobilienbusiness.ch\\\/en\\\/personalia\\\/2024-06-05\\\/durable-zwei-neue-in-der-geschaeftsleitung\\\/\"]}]},{\"@type\":\"ImageObject\",\"inLanguage\":\"it-IT\",\"@id\":\"https:\\\/\\\/www.immobilienbusiness.ch\\\/en\\\/personalia\\\/2024-06-05\\\/durable-zwei-neue-in-der-geschaeftsleitung\\\/#primaryimage\",\"url\":\"https:\\\/\\\/www.immobilienbusiness.ch\\\/wp-content\\\/uploads\\\/2024\\\/06\\\/Durable.jpeg\",\"contentUrl\":\"https:\\\/\\\/www.immobilienbusiness.ch\\\/wp-content\\\/uploads\\\/2024\\\/06\\\/Durable.jpeg\",\"width\":1280,\"height\":959,\"caption\":\"J\u00f6rg Lamster, Barbara Pataki und Adrian Eitle (Bild: W\u00fcest Partner)\"},{\"@type\":\"BreadcrumbList\",\"@id\":\"https:\\\/\\\/www.immobilienbusiness.ch\\\/en\\\/personalia\\\/2024-06-05\\\/durable-zwei-neue-in-der-geschaeftsleitung\\\/#breadcrumb\",\"itemListElement\":[{\"@type\":\"ListItem\",\"position\":1,\"name\":\"Home\",\"item\":\"https:\\\/\\\/www.immobilienbusiness.ch\\\/\"},{\"@type\":\"ListItem\",\"position\":2,\"name\":\"Durable: Zwei Neue in der Gesch\u00e4ftsleitung\"}]},{\"@type\":\"WebSite\",\"@id\":\"https:\\\/\\\/www.immobilienbusiness.ch\\\/#website\",\"url\":\"https:\\\/\\\/www.immobilienbusiness.ch\\\/\",\"name\":\"IMMOBILIEN Business\",\"description\":\"Unabh\u00e4ngiges Schweizer Wirtschaftsmagazin mit Fokus auf Immobilien, Architektur- und Bau sowie Investment- und Finanzierung.\",\"publisher\":{\"@id\":\"https:\\\/\\\/www.immobilienbusiness.ch\\\/#organization\"},\"potentialAction\":[{\"@type\":\"SearchAction\",\"target\":{\"@type\":\"EntryPoint\",\"urlTemplate\":\"https:\\\/\\\/www.immobilienbusiness.ch\\\/?s={search_term_string}\"},\"query-input\":{\"@type\":\"PropertyValueSpecification\",\"valueRequired\":true,\"valueName\":\"search_term_string\"}}],\"inLanguage\":\"it-IT\"},{\"@type\":\"Organization\",\"@id\":\"https:\\\/\\\/www.immobilienbusiness.ch\\\/#organization\",\"name\":\"IMMOBILIEN Business\",\"url\":\"https:\\\/\\\/www.immobilienbusiness.ch\\\/\",\"logo\":{\"@type\":\"ImageObject\",\"inLanguage\":\"it-IT\",\"@id\":\"https:\\\/\\\/www.immobilienbusiness.ch\\\/#\\\/schema\\\/logo\\\/image\\\/\",\"url\":\"https:\\\/\\\/www.immobilienbusiness.ch\\\/wp-content\\\/uploads\\\/2021\\\/07\\\/logo_ib.png\",\"contentUrl\":\"https:\\\/\\\/www.immobilienbusiness.ch\\\/wp-content\\\/uploads\\\/2021\\\/07\\\/logo_ib.png\",\"width\":800,\"height\":181,\"caption\":\"IMMOBILIEN Business\"},\"image\":{\"@id\":\"https:\\\/\\\/www.immobilienbusiness.ch\\\/#\\\/schema\\\/logo\\\/image\\\/\"},\"sameAs\":[\"https:\\\/\\\/www.facebook.com\\\/immobilienbusiness\\\/\"]},{\"@type\":\"Person\",\"@id\":\"https:\\\/\\\/www.immobilienbusiness.ch\\\/#\\\/schema\\\/person\\\/aba8bea2db926aa0c24c08c43fe1fcd5\",\"name\":\"Alexander Wachter\",\"image\":{\"@type\":\"ImageObject\",\"inLanguage\":\"it-IT\",\"@id\":\"https:\\\/\\\/secure.gravatar.com\\\/avatar\\\/1a09e471f5389b0e0a6416eac287e0927c7c97a7b77f9e787eba3af7aee281dd?s=96&d=mm&r=g\",\"url\":\"https:\\\/\\\/secure.gravatar.com\\\/avatar\\\/1a09e471f5389b0e0a6416eac287e0927c7c97a7b77f9e787eba3af7aee281dd?s=96&d=mm&r=g\",\"contentUrl\":\"https:\\\/\\\/secure.gravatar.com\\\/avatar\\\/1a09e471f5389b0e0a6416eac287e0927c7c97a7b77f9e787eba3af7aee281dd?s=96&d=mm&r=g\",\"caption\":\"Alexander Wachter\"},\"url\":\"https:\\\/\\\/www.immobilienbusiness.ch\\\/it\\\/author\\\/alexander-wachter\\\/\"}]}<\/script>\n<!-- \/ Yoast SEO plugin. -->","yoast_head_json":{"title":"Durable: due nuovi membri del consiglio di amministrazione - IMMOBILIEN Business","description":"Durable Planung und Beratung GmbH ha riorganizzato il proprio team di gestione. J\u00f6rg Lamster, Barbara Pataki e Adrian Eitle sono entrati a far parte del team di gestione.","robots":{"index":"index","follow":"follow","max-snippet":"max-snippet:-1","max-image-preview":"max-image-preview:large","max-video-preview":"max-video-preview:-1"},"canonical":"https:\/\/www.immobilienbusiness.ch\/it\/personalia\/2024-06-05\/durable-zwei-neue-in-der-geschaeftsleitung\/","og_locale":"it_IT","og_type":"article","og_title":"Durable: Zwei Neue in der Gesch\u00e4ftsleitung - IMMOBILIEN Business","og_description":"Durable Planung und Beratung GmbH hat ihre Gesch\u00e4ftsleitung neu formiert. J\u00f6rg Lamster, Barbara Pataki und Adrian Eitle treten in die Leitung ein.","og_url":"https:\/\/www.immobilienbusiness.ch\/it\/personalia\/2024-06-05\/durable-zwei-neue-in-der-geschaeftsleitung\/","og_site_name":"IMMOBILIEN Business","article_publisher":"https:\/\/www.facebook.com\/immobilienbusiness\/","article_published_time":"2024-06-05T06:50:45+00:00","article_modified_time":"2024-08-21T03:34:59+00:00","og_image":[{"width":1280,"height":959,"url":"https:\/\/www.immobilienbusiness.ch\/wp-content\/uploads\/2024\/06\/Durable.jpeg","type":"image\/jpeg"}],"author":"Alexander Wachter","twitter_card":"summary_large_image","schema":{"@context":"https:\/\/schema.org","@graph":[{"@type":"Article","@id":"https:\/\/www.immobilienbusiness.ch\/en\/personalia\/2024-06-05\/durable-zwei-neue-in-der-geschaeftsleitung\/#article","isPartOf":{"@id":"https:\/\/www.immobilienbusiness.ch\/en\/personalia\/2024-06-05\/durable-zwei-neue-in-der-geschaeftsleitung\/"},"author":{"name":"Alexander Wachter","@id":"https:\/\/www.immobilienbusiness.ch\/#\/schema\/person\/aba8bea2db926aa0c24c08c43fe1fcd5"},"headline":"Durable: Zwei Neue in der Gesch\u00e4ftsleitung","datePublished":"2024-06-05T06:50:45+00:00","dateModified":"2024-08-21T03:34:59+00:00","mainEntityOfPage":{"@id":"https:\/\/www.immobilienbusiness.ch\/en\/personalia\/2024-06-05\/durable-zwei-neue-in-der-geschaeftsleitung\/"},"wordCount":164,"publisher":{"@id":"https:\/\/www.immobilienbusiness.ch\/#organization"},"image":{"@id":"https:\/\/www.immobilienbusiness.ch\/en\/personalia\/2024-06-05\/durable-zwei-neue-in-der-geschaeftsleitung\/#primaryimage"},"thumbnailUrl":"https:\/\/www.immobilienbusiness.ch\/wp-content\/uploads\/2024\/06\/Durable.jpeg","keywords":["Durable","Nachhaltigkeit","Personalia","W\u00fcest Partner"],"articleSection":["PERSONALIA"],"inLanguage":"it-IT"},{"@type":"WebPage","@id":"https:\/\/www.immobilienbusiness.ch\/en\/personalia\/2024-06-05\/durable-zwei-neue-in-der-geschaeftsleitung\/","url":"https:\/\/www.immobilienbusiness.ch\/en\/personalia\/2024-06-05\/durable-zwei-neue-in-der-geschaeftsleitung\/","name":"Durable: due nuovi membri del consiglio di amministrazione - IMMOBILIEN Business","isPartOf":{"@id":"https:\/\/www.immobilienbusiness.ch\/#website"},"primaryImageOfPage":{"@id":"https:\/\/www.immobilienbusiness.ch\/en\/personalia\/2024-06-05\/durable-zwei-neue-in-der-geschaeftsleitung\/#primaryimage"},"image":{"@id":"https:\/\/www.immobilienbusiness.ch\/en\/personalia\/2024-06-05\/durable-zwei-neue-in-der-geschaeftsleitung\/#primaryimage"},"thumbnailUrl":"https:\/\/www.immobilienbusiness.ch\/wp-content\/uploads\/2024\/06\/Durable.jpeg","datePublished":"2024-06-05T06:50:45+00:00","dateModified":"2024-08-21T03:34:59+00:00","description":"Durable Planung und Beratung GmbH ha riorganizzato il proprio team di gestione. J\u00f6rg Lamster, Barbara Pataki e Adrian Eitle sono entrati a far parte del team di gestione.","breadcrumb":{"@id":"https:\/\/www.immobilienbusiness.ch\/en\/personalia\/2024-06-05\/durable-zwei-neue-in-der-geschaeftsleitung\/#breadcrumb"},"inLanguage":"it-IT","potentialAction":[{"@type":"ReadAction","target":["https:\/\/www.immobilienbusiness.ch\/en\/personalia\/2024-06-05\/durable-zwei-neue-in-der-geschaeftsleitung\/"]}]},{"@type":"ImageObject","inLanguage":"it-IT","@id":"https:\/\/www.immobilienbusiness.ch\/en\/personalia\/2024-06-05\/durable-zwei-neue-in-der-geschaeftsleitung\/#primaryimage","url":"https:\/\/www.immobilienbusiness.ch\/wp-content\/uploads\/2024\/06\/Durable.jpeg","contentUrl":"https:\/\/www.immobilienbusiness.ch\/wp-content\/uploads\/2024\/06\/Durable.jpeg","width":1280,"height":959,"caption":"J\u00f6rg Lamster, Barbara Pataki und Adrian Eitle (Bild: W\u00fcest Partner)"},{"@type":"BreadcrumbList","@id":"https:\/\/www.immobilienbusiness.ch\/en\/personalia\/2024-06-05\/durable-zwei-neue-in-der-geschaeftsleitung\/#breadcrumb","itemListElement":[{"@type":"ListItem","position":1,"name":"Home","item":"https:\/\/www.immobilienbusiness.ch\/"},{"@type":"ListItem","position":2,"name":"Durable: Zwei Neue in der Gesch\u00e4ftsleitung"}]},{"@type":"WebSite","@id":"https:\/\/www.immobilienbusiness.ch\/#website","url":"https:\/\/www.immobilienbusiness.ch\/","name":"Affari immobiliari","description":"Rivista economica indipendente svizzera che si concentra sul settore immobiliare, l'architettura e la costruzione, nonch\u00e9 sugli investimenti e i finanziamenti.","publisher":{"@id":"https:\/\/www.immobilienbusiness.ch\/#organization"},"potentialAction":[{"@type":"SearchAction","target":{"@type":"EntryPoint","urlTemplate":"https:\/\/www.immobilienbusiness.ch\/?s={search_term_string}"},"query-input":{"@type":"PropertyValueSpecification","valueRequired":true,"valueName":"search_term_string"}}],"inLanguage":"it-IT"},{"@type":"Organization","@id":"https:\/\/www.immobilienbusiness.ch\/#organization","name":"Affari immobiliari","url":"https:\/\/www.immobilienbusiness.ch\/","logo":{"@type":"ImageObject","inLanguage":"it-IT","@id":"https:\/\/www.immobilienbusiness.ch\/#\/schema\/logo\/image\/","url":"https:\/\/www.immobilienbusiness.ch\/wp-content\/uploads\/2021\/07\/logo_ib.png","contentUrl":"https:\/\/www.immobilienbusiness.ch\/wp-content\/uploads\/2021\/07\/logo_ib.png","width":800,"height":181,"caption":"IMMOBILIEN Business"},"image":{"@id":"https:\/\/www.immobilienbusiness.ch\/#\/schema\/logo\/image\/"},"sameAs":["https:\/\/www.facebook.com\/immobilienbusiness\/"]},{"@type":"Person","@id":"https:\/\/www.immobilienbusiness.ch\/#\/schema\/person\/aba8bea2db926aa0c24c08c43fe1fcd5","name":"Alexander Wachter","image":{"@type":"ImageObject","inLanguage":"it-IT","@id":"https:\/\/secure.gravatar.com\/avatar\/1a09e471f5389b0e0a6416eac287e0927c7c97a7b77f9e787eba3af7aee281dd?s=96&d=mm&r=g","url":"https:\/\/secure.gravatar.com\/avatar\/1a09e471f5389b0e0a6416eac287e0927c7c97a7b77f9e787eba3af7aee281dd?s=96&d=mm&r=g","contentUrl":"https:\/\/secure.gravatar.com\/avatar\/1a09e471f5389b0e0a6416eac287e0927c7c97a7b77f9e787eba3af7aee281dd?s=96&d=mm&r=g","caption":"Alexander Wachter"},"url":"https:\/\/www.immobilienbusiness.ch\/it\/author\/alexander-wachter\/"}]}},"_links":{"self":[{"href":"https:\/\/www.immobilienbusiness.ch\/it\/wp-json\/wp\/v2\/posts\/57409","targetHints":{"allow":["GET"]}}],"collection":[{"href":"https:\/\/www.immobilienbusiness.ch\/it\/wp-json\/wp\/v2\/posts"}],"about":[{"href":"https:\/\/www.immobilienbusiness.ch\/it\/wp-json\/wp\/v2\/types\/post"}],"author":[{"embeddable":true,"href":"https:\/\/www.immobilienbusiness.ch\/it\/wp-json\/wp\/v2\/users\/102"}],"replies":[{"embeddable":true,"href":"https:\/\/www.immobilienbusiness.ch\/it\/wp-json\/wp\/v2\/comments?post=57409"}],"version-history":[{"count":5,"href":"https:\/\/www.immobilienbusiness.ch\/it\/wp-json\/wp\/v2\/posts\/57409\/revisions"}],"predecessor-version":[{"id":58752,"href":"https:\/\/www.immobilienbusiness.ch\/it\/wp-json\/wp\/v2\/posts\/57409\/revisions\/58752"}],"wp:featuredmedia":[{"embeddable":true,"href":"https:\/\/www.immobilienbusiness.ch\/it\/wp-json\/wp\/v2\/media\/57411"}],"wp:attachment":[{"href":"https:\/\/www.immobilienbusiness.ch\/it\/wp-json\/wp\/v2\/media?parent=57409"}],"wp:term":[{"taxonomy":"category","embeddable":true,"href":"https:\/\/www.immobilienbusiness.ch\/it\/wp-json\/wp\/v2\/categories?post=57409"},{"taxonomy":"post_tag","embeddable":true,"href":"https:\/\/www.immobilienbusiness.ch\/it\/wp-json\/wp\/v2\/tags?post=57409"}],"curies":[{"name":"wp","href":"https:\/\/api.w.org\/{rel}","templated":true}]}}