{"id":57112,"date":"2024-05-15T07:17:03","date_gmt":"2024-05-15T05:17:03","guid":{"rendered":"https:\/\/www.immobilienbusiness.ch\/?p=57112"},"modified":"2024-08-21T06:26:41","modified_gmt":"2024-08-21T04:26:41","slug":"zuerich-neue-leitung-von-sihlcity","status":"publish","type":"post","link":"https:\/\/www.immobilienbusiness.ch\/it\/regionen\/2024-05-15\/zuerich-neue-leitung-von-sihlcity\/","title":{"rendered":"Wincasa: nuova gestione per Sihlcity"},"content":{"rendered":"<figure id=\"attachment_57113\" aria-describedby=\"caption-attachment-57113\" style=\"width: 801px\" class=\"wp-caption alignnone\"><a href=\"https:\/\/www.immobilienbusiness.ch\/wp-content\/uploads\/2024\/05\/Wincasa_Engeler-Sandro_Copyright-Clara-Tuma-scaled.jpg\"><img loading=\"lazy\" decoding=\"async\" class=\"wp-image-57113 size-full\" src=\"https:\/\/www.immobilienbusiness.ch\/wp-content\/uploads\/2024\/05\/Wincasa_Engeler-Sandro_Copyright-Clara-Tuma-scaled.jpg\" alt=\"Sandro Engeler Sihlcity\" width=\"801\" height=\"1200\" srcset=\"https:\/\/www.immobilienbusiness.ch\/wp-content\/uploads\/2024\/05\/Wincasa_Engeler-Sandro_Copyright-Clara-Tuma-scaled.jpg 801w, https:\/\/www.immobilienbusiness.ch\/wp-content\/uploads\/2024\/05\/Wincasa_Engeler-Sandro_Copyright-Clara-Tuma-200x300.jpg 200w, https:\/\/www.immobilienbusiness.ch\/wp-content\/uploads\/2024\/05\/Wincasa_Engeler-Sandro_Copyright-Clara-Tuma-683x1024.jpg 683w, https:\/\/www.immobilienbusiness.ch\/wp-content\/uploads\/2024\/05\/Wincasa_Engeler-Sandro_Copyright-Clara-Tuma-768x1151.jpg 768w, https:\/\/www.immobilienbusiness.ch\/wp-content\/uploads\/2024\/05\/Wincasa_Engeler-Sandro_Copyright-Clara-Tuma-1025x1536.jpg 1025w, https:\/\/www.immobilienbusiness.ch\/wp-content\/uploads\/2024\/05\/Wincasa_Engeler-Sandro_Copyright-Clara-Tuma-1366x2048.jpg 1366w, https:\/\/www.immobilienbusiness.ch\/wp-content\/uploads\/2024\/05\/Wincasa_Engeler-Sandro_Copyright-Clara-Tuma-8x12.jpg 8w, https:\/\/www.immobilienbusiness.ch\/wp-content\/uploads\/2024\/05\/Wincasa_Engeler-Sandro_Copyright-Clara-Tuma-234x350.jpg 234w, https:\/\/www.immobilienbusiness.ch\/wp-content\/uploads\/2024\/05\/Wincasa_Engeler-Sandro_Copyright-Clara-Tuma-534x800.jpg 534w\" sizes=\"auto, (max-width: 801px) 100vw, 801px\" \/><\/a><figcaption id=\"caption-attachment-57113\" class=\"wp-caption-text\">Sandro Engeler (Immagine: Wincasa)<\/figcaption><\/figure>\n<p>Sihlcity, il pi\u00f9 grande centro commerciale della citt\u00e0 di Zurigo, \u00e8 gestito da Wincasa sin dalla sua apertura nel 2007. Il fornitore di servizi ha annunciato che dal 1\u00b0 agosto il centro avr\u00e0 un nuovo direttore, Sandro Engeler. Engeler \u00e8 stato responsabile di vari centri di Wincasa dal 2019, da ultimo ha gestito il centro di Regensdorf. \"Abbiamo la fortuna di poter occupare posizioni importanti come la gestione del centro di Sihlcity con i nostri talenti\", afferma Thomas Hinderling, Head of Centre &amp; Mixed-Use Site Management (CMSM) di Wincasa. Engeler ha una formazione da cuoco e si \u00e8 laureato presso la Scuola alberghiera svizzera di Lucerna SHL e ha conseguito un EMBA in General Management presso la HTW di Coira. In precedenza ha lavorato come Key Account Manager presso Gate Gourmet e come Senior Product Manager presso Hiestand.<\/p>\n<p>La precedente direttrice del centro Gaby Br\u00f6nimann subentra a Ronny Hofmann come direttore dell'area immobiliare per la Svizzera orientale, che dal maggio 2024 ricopre la nuova posizione di responsabile regionale della gestione dei centri e dei siti a uso misto.<\/p>\n<p>Sihlcity, secondo Winchasa il pi\u00f9 grande centro di intrattenimento urbano della citt\u00e0 di Zurigo con una media di 20.000 visitatori al giorno, \u00e8 stato costruito nel 2007 sul sito dell'ex \"Z\u00fcrcher Papierfabrik an der Sihl\" a Zurigo-Wiedikon. Su una superficie di circa 100.000 metri quadrati, il complesso comprende 80 negozi, 16 ristoranti, 18 cinema e una sala culturale, oltre a un centro fitness, una biblioteca, un centro medico e, a partire dall'estate del 2024, un hotel.Il centro \u00e8 di propriet\u00e0 di diversi fondi immobiliari del Credit Suisse. <em>(aw)<\/em><\/p>","protected":false},"excerpt":{"rendered":"<p>Wincasa nomina Sandro Engeler, ex responsabile del centro di Regensdorf, nuovo responsabile del pi\u00f9 grande centro commerciale di Zurigo.<\/p>","protected":false},"author":102,"featured_media":57114,"comment_status":"closed","ping_status":"closed","sticky":false,"template":"","format":"standard","meta":{"_acf_changed":false,"_yoast_wpseo_focuskw":"Sandro Engeler Sihlcity","_yoast_wpseo_title":"","_yoast_wpseo_metadesc":"Sandro Engeler wird neuer Leiter von Sihlcity, Z\u00fcrichs gr\u00f6sstem Shoppingcenter. Er folgt auf Gaby Br\u00f6nimann, die eine neue Position \u00fcbernimmt.","_yoast_wpseo_linkdex":61,"pgc_sgb_lightbox_settings":"","footnotes":""},"categories":[985],"tags":[1563,1857,1888],"class_list":["post-57112","post","type-post","status-publish","format-standard","has-post-thumbnail","hentry","category-regionen","tag-personalia","tag-wincasa","tag-zuerich"],"acf":[],"yoast_head":"<!-- This site is optimized with the Yoast SEO plugin v27.4 - https:\/\/yoast.com\/product\/yoast-seo-wordpress\/ -->\n<title>Wincasa: Neue Leitung f\u00fcr Sihlcity - IMMOBILIEN Business<\/title>\n<meta name=\"description\" content=\"Sandro Engeler wird neuer Leiter von Sihlcity, Z\u00fcrichs gr\u00f6sstem Shoppingcenter. Er folgt auf Gaby Br\u00f6nimann, die eine neue Position \u00fcbernimmt.\" \/>\n<meta name=\"robots\" content=\"index, follow, max-snippet:-1, max-image-preview:large, max-video-preview:-1\" \/>\n<link rel=\"canonical\" href=\"https:\/\/www.immobilienbusiness.ch\/it\/regionen\/2024-05-15\/zuerich-neue-leitung-von-sihlcity\/\" \/>\n<meta property=\"og:locale\" content=\"it_IT\" \/>\n<meta property=\"og:type\" content=\"article\" \/>\n<meta property=\"og:title\" content=\"Wincasa: Neue Leitung f\u00fcr Sihlcity - IMMOBILIEN Business\" \/>\n<meta property=\"og:description\" content=\"Sandro Engeler wird neuer Leiter von Sihlcity, Z\u00fcrichs gr\u00f6sstem Shoppingcenter. Er folgt auf Gaby Br\u00f6nimann, die eine neue Position \u00fcbernimmt.\" \/>\n<meta property=\"og:url\" content=\"https:\/\/www.immobilienbusiness.ch\/it\/regionen\/2024-05-15\/zuerich-neue-leitung-von-sihlcity\/\" \/>\n<meta property=\"og:site_name\" content=\"IMMOBILIEN Business\" \/>\n<meta property=\"article:publisher\" content=\"https:\/\/www.facebook.com\/immobilienbusiness\/\" \/>\n<meta property=\"article:published_time\" content=\"2024-05-15T05:17:03+00:00\" \/>\n<meta property=\"article:modified_time\" content=\"2024-08-21T04:26:41+00:00\" \/>\n<meta property=\"og:image\" content=\"https:\/\/www.immobilienbusiness.ch\/wp-content\/uploads\/2024\/05\/Engeler-Wincasa.png\" \/>\n\t<meta property=\"og:image:width\" content=\"637\" \/>\n\t<meta property=\"og:image:height\" content=\"460\" \/>\n\t<meta property=\"og:image:type\" content=\"image\/png\" \/>\n<meta name=\"author\" content=\"Alexander Wachter\" \/>\n<meta name=\"twitter:card\" content=\"summary_large_image\" \/>\n<script type=\"application\/ld+json\" class=\"yoast-schema-graph\">{\"@context\":\"https:\\\/\\\/schema.org\",\"@graph\":[{\"@type\":\"Article\",\"@id\":\"https:\\\/\\\/www.immobilienbusiness.ch\\\/en\\\/regionen\\\/2024-05-15\\\/zuerich-neue-leitung-von-sihlcity\\\/#article\",\"isPartOf\":{\"@id\":\"https:\\\/\\\/www.immobilienbusiness.ch\\\/en\\\/regionen\\\/2024-05-15\\\/zuerich-neue-leitung-von-sihlcity\\\/\"},\"author\":{\"name\":\"Alexander Wachter\",\"@id\":\"https:\\\/\\\/www.immobilienbusiness.ch\\\/#\\\/schema\\\/person\\\/aba8bea2db926aa0c24c08c43fe1fcd5\"},\"headline\":\"Wincasa: Neue Leitung f\u00fcr Sihlcity\",\"datePublished\":\"2024-05-15T05:17:03+00:00\",\"dateModified\":\"2024-08-21T04:26:41+00:00\",\"mainEntityOfPage\":{\"@id\":\"https:\\\/\\\/www.immobilienbusiness.ch\\\/en\\\/regionen\\\/2024-05-15\\\/zuerich-neue-leitung-von-sihlcity\\\/\"},\"wordCount\":252,\"publisher\":{\"@id\":\"https:\\\/\\\/www.immobilienbusiness.ch\\\/#organization\"},\"image\":{\"@id\":\"https:\\\/\\\/www.immobilienbusiness.ch\\\/en\\\/regionen\\\/2024-05-15\\\/zuerich-neue-leitung-von-sihlcity\\\/#primaryimage\"},\"thumbnailUrl\":\"https:\\\/\\\/www.immobilienbusiness.ch\\\/wp-content\\\/uploads\\\/2024\\\/05\\\/Engeler-Wincasa.png\",\"keywords\":[\"Personalia\",\"Wincasa\",\"Z\u00fcrich\"],\"articleSection\":[\"REGIONEN\"],\"inLanguage\":\"it-IT\"},{\"@type\":\"WebPage\",\"@id\":\"https:\\\/\\\/www.immobilienbusiness.ch\\\/en\\\/regionen\\\/2024-05-15\\\/zuerich-neue-leitung-von-sihlcity\\\/\",\"url\":\"https:\\\/\\\/www.immobilienbusiness.ch\\\/en\\\/regionen\\\/2024-05-15\\\/zuerich-neue-leitung-von-sihlcity\\\/\",\"name\":\"Wincasa: Neue Leitung f\u00fcr Sihlcity - IMMOBILIEN Business\",\"isPartOf\":{\"@id\":\"https:\\\/\\\/www.immobilienbusiness.ch\\\/#website\"},\"primaryImageOfPage\":{\"@id\":\"https:\\\/\\\/www.immobilienbusiness.ch\\\/en\\\/regionen\\\/2024-05-15\\\/zuerich-neue-leitung-von-sihlcity\\\/#primaryimage\"},\"image\":{\"@id\":\"https:\\\/\\\/www.immobilienbusiness.ch\\\/en\\\/regionen\\\/2024-05-15\\\/zuerich-neue-leitung-von-sihlcity\\\/#primaryimage\"},\"thumbnailUrl\":\"https:\\\/\\\/www.immobilienbusiness.ch\\\/wp-content\\\/uploads\\\/2024\\\/05\\\/Engeler-Wincasa.png\",\"datePublished\":\"2024-05-15T05:17:03+00:00\",\"dateModified\":\"2024-08-21T04:26:41+00:00\",\"description\":\"Sandro Engeler wird neuer Leiter von Sihlcity, Z\u00fcrichs gr\u00f6sstem Shoppingcenter. Er folgt auf Gaby Br\u00f6nimann, die eine neue Position \u00fcbernimmt.\",\"breadcrumb\":{\"@id\":\"https:\\\/\\\/www.immobilienbusiness.ch\\\/en\\\/regionen\\\/2024-05-15\\\/zuerich-neue-leitung-von-sihlcity\\\/#breadcrumb\"},\"inLanguage\":\"it-IT\",\"potentialAction\":[{\"@type\":\"ReadAction\",\"target\":[\"https:\\\/\\\/www.immobilienbusiness.ch\\\/en\\\/regionen\\\/2024-05-15\\\/zuerich-neue-leitung-von-sihlcity\\\/\"]}]},{\"@type\":\"ImageObject\",\"inLanguage\":\"it-IT\",\"@id\":\"https:\\\/\\\/www.immobilienbusiness.ch\\\/en\\\/regionen\\\/2024-05-15\\\/zuerich-neue-leitung-von-sihlcity\\\/#primaryimage\",\"url\":\"https:\\\/\\\/www.immobilienbusiness.ch\\\/wp-content\\\/uploads\\\/2024\\\/05\\\/Engeler-Wincasa.png\",\"contentUrl\":\"https:\\\/\\\/www.immobilienbusiness.ch\\\/wp-content\\\/uploads\\\/2024\\\/05\\\/Engeler-Wincasa.png\",\"width\":637,\"height\":460,\"caption\":\"Sandro Engeler Sihlcity\"},{\"@type\":\"BreadcrumbList\",\"@id\":\"https:\\\/\\\/www.immobilienbusiness.ch\\\/en\\\/regionen\\\/2024-05-15\\\/zuerich-neue-leitung-von-sihlcity\\\/#breadcrumb\",\"itemListElement\":[{\"@type\":\"ListItem\",\"position\":1,\"name\":\"Home\",\"item\":\"https:\\\/\\\/www.immobilienbusiness.ch\\\/\"},{\"@type\":\"ListItem\",\"position\":2,\"name\":\"Wincasa: Neue Leitung f\u00fcr Sihlcity\"}]},{\"@type\":\"WebSite\",\"@id\":\"https:\\\/\\\/www.immobilienbusiness.ch\\\/#website\",\"url\":\"https:\\\/\\\/www.immobilienbusiness.ch\\\/\",\"name\":\"IMMOBILIEN Business\",\"description\":\"Unabh\u00e4ngiges Schweizer Wirtschaftsmagazin mit Fokus auf Immobilien, Architektur- und Bau sowie Investment- und Finanzierung.\",\"publisher\":{\"@id\":\"https:\\\/\\\/www.immobilienbusiness.ch\\\/#organization\"},\"potentialAction\":[{\"@type\":\"SearchAction\",\"target\":{\"@type\":\"EntryPoint\",\"urlTemplate\":\"https:\\\/\\\/www.immobilienbusiness.ch\\\/?s={search_term_string}\"},\"query-input\":{\"@type\":\"PropertyValueSpecification\",\"valueRequired\":true,\"valueName\":\"search_term_string\"}}],\"inLanguage\":\"it-IT\"},{\"@type\":\"Organization\",\"@id\":\"https:\\\/\\\/www.immobilienbusiness.ch\\\/#organization\",\"name\":\"IMMOBILIEN Business\",\"url\":\"https:\\\/\\\/www.immobilienbusiness.ch\\\/\",\"logo\":{\"@type\":\"ImageObject\",\"inLanguage\":\"it-IT\",\"@id\":\"https:\\\/\\\/www.immobilienbusiness.ch\\\/#\\\/schema\\\/logo\\\/image\\\/\",\"url\":\"https:\\\/\\\/www.immobilienbusiness.ch\\\/wp-content\\\/uploads\\\/2021\\\/07\\\/logo_ib.png\",\"contentUrl\":\"https:\\\/\\\/www.immobilienbusiness.ch\\\/wp-content\\\/uploads\\\/2021\\\/07\\\/logo_ib.png\",\"width\":800,\"height\":181,\"caption\":\"IMMOBILIEN Business\"},\"image\":{\"@id\":\"https:\\\/\\\/www.immobilienbusiness.ch\\\/#\\\/schema\\\/logo\\\/image\\\/\"},\"sameAs\":[\"https:\\\/\\\/www.facebook.com\\\/immobilienbusiness\\\/\"]},{\"@type\":\"Person\",\"@id\":\"https:\\\/\\\/www.immobilienbusiness.ch\\\/#\\\/schema\\\/person\\\/aba8bea2db926aa0c24c08c43fe1fcd5\",\"name\":\"Alexander Wachter\",\"image\":{\"@type\":\"ImageObject\",\"inLanguage\":\"it-IT\",\"@id\":\"https:\\\/\\\/secure.gravatar.com\\\/avatar\\\/1a09e471f5389b0e0a6416eac287e0927c7c97a7b77f9e787eba3af7aee281dd?s=96&d=mm&r=g\",\"url\":\"https:\\\/\\\/secure.gravatar.com\\\/avatar\\\/1a09e471f5389b0e0a6416eac287e0927c7c97a7b77f9e787eba3af7aee281dd?s=96&d=mm&r=g\",\"contentUrl\":\"https:\\\/\\\/secure.gravatar.com\\\/avatar\\\/1a09e471f5389b0e0a6416eac287e0927c7c97a7b77f9e787eba3af7aee281dd?s=96&d=mm&r=g\",\"caption\":\"Alexander Wachter\"},\"url\":\"https:\\\/\\\/www.immobilienbusiness.ch\\\/it\\\/author\\\/alexander-wachter\\\/\"}]}<\/script>\n<!-- \/ Yoast SEO plugin. -->","yoast_head_json":{"title":"Wincasa: nuova gestione per Sihlcity - IMMOBILIEN Business","description":"Sandro Engeler \u00e8 il nuovo direttore di Sihlcity, il pi\u00f9 grande centro commerciale di Zurigo. Succede a Gaby Br\u00f6nimann, che assume un nuovo incarico.","robots":{"index":"index","follow":"follow","max-snippet":"max-snippet:-1","max-image-preview":"max-image-preview:large","max-video-preview":"max-video-preview:-1"},"canonical":"https:\/\/www.immobilienbusiness.ch\/it\/regionen\/2024-05-15\/zuerich-neue-leitung-von-sihlcity\/","og_locale":"it_IT","og_type":"article","og_title":"Wincasa: Neue Leitung f\u00fcr Sihlcity - IMMOBILIEN Business","og_description":"Sandro Engeler wird neuer Leiter von Sihlcity, Z\u00fcrichs gr\u00f6sstem Shoppingcenter. Er folgt auf Gaby Br\u00f6nimann, die eine neue Position \u00fcbernimmt.","og_url":"https:\/\/www.immobilienbusiness.ch\/it\/regionen\/2024-05-15\/zuerich-neue-leitung-von-sihlcity\/","og_site_name":"IMMOBILIEN Business","article_publisher":"https:\/\/www.facebook.com\/immobilienbusiness\/","article_published_time":"2024-05-15T05:17:03+00:00","article_modified_time":"2024-08-21T04:26:41+00:00","og_image":[{"width":637,"height":460,"url":"https:\/\/www.immobilienbusiness.ch\/wp-content\/uploads\/2024\/05\/Engeler-Wincasa.png","type":"image\/png"}],"author":"Alexander Wachter","twitter_card":"summary_large_image","schema":{"@context":"https:\/\/schema.org","@graph":[{"@type":"Article","@id":"https:\/\/www.immobilienbusiness.ch\/en\/regionen\/2024-05-15\/zuerich-neue-leitung-von-sihlcity\/#article","isPartOf":{"@id":"https:\/\/www.immobilienbusiness.ch\/en\/regionen\/2024-05-15\/zuerich-neue-leitung-von-sihlcity\/"},"author":{"name":"Alexander Wachter","@id":"https:\/\/www.immobilienbusiness.ch\/#\/schema\/person\/aba8bea2db926aa0c24c08c43fe1fcd5"},"headline":"Wincasa: Neue Leitung f\u00fcr Sihlcity","datePublished":"2024-05-15T05:17:03+00:00","dateModified":"2024-08-21T04:26:41+00:00","mainEntityOfPage":{"@id":"https:\/\/www.immobilienbusiness.ch\/en\/regionen\/2024-05-15\/zuerich-neue-leitung-von-sihlcity\/"},"wordCount":252,"publisher":{"@id":"https:\/\/www.immobilienbusiness.ch\/#organization"},"image":{"@id":"https:\/\/www.immobilienbusiness.ch\/en\/regionen\/2024-05-15\/zuerich-neue-leitung-von-sihlcity\/#primaryimage"},"thumbnailUrl":"https:\/\/www.immobilienbusiness.ch\/wp-content\/uploads\/2024\/05\/Engeler-Wincasa.png","keywords":["Personalia","Wincasa","Z\u00fcrich"],"articleSection":["REGIONEN"],"inLanguage":"it-IT"},{"@type":"WebPage","@id":"https:\/\/www.immobilienbusiness.ch\/en\/regionen\/2024-05-15\/zuerich-neue-leitung-von-sihlcity\/","url":"https:\/\/www.immobilienbusiness.ch\/en\/regionen\/2024-05-15\/zuerich-neue-leitung-von-sihlcity\/","name":"Wincasa: nuova gestione per Sihlcity - IMMOBILIEN Business","isPartOf":{"@id":"https:\/\/www.immobilienbusiness.ch\/#website"},"primaryImageOfPage":{"@id":"https:\/\/www.immobilienbusiness.ch\/en\/regionen\/2024-05-15\/zuerich-neue-leitung-von-sihlcity\/#primaryimage"},"image":{"@id":"https:\/\/www.immobilienbusiness.ch\/en\/regionen\/2024-05-15\/zuerich-neue-leitung-von-sihlcity\/#primaryimage"},"thumbnailUrl":"https:\/\/www.immobilienbusiness.ch\/wp-content\/uploads\/2024\/05\/Engeler-Wincasa.png","datePublished":"2024-05-15T05:17:03+00:00","dateModified":"2024-08-21T04:26:41+00:00","description":"Sandro Engeler \u00e8 il nuovo direttore di Sihlcity, il pi\u00f9 grande centro commerciale di Zurigo. Succede a Gaby Br\u00f6nimann, che assume un nuovo incarico.","breadcrumb":{"@id":"https:\/\/www.immobilienbusiness.ch\/en\/regionen\/2024-05-15\/zuerich-neue-leitung-von-sihlcity\/#breadcrumb"},"inLanguage":"it-IT","potentialAction":[{"@type":"ReadAction","target":["https:\/\/www.immobilienbusiness.ch\/en\/regionen\/2024-05-15\/zuerich-neue-leitung-von-sihlcity\/"]}]},{"@type":"ImageObject","inLanguage":"it-IT","@id":"https:\/\/www.immobilienbusiness.ch\/en\/regionen\/2024-05-15\/zuerich-neue-leitung-von-sihlcity\/#primaryimage","url":"https:\/\/www.immobilienbusiness.ch\/wp-content\/uploads\/2024\/05\/Engeler-Wincasa.png","contentUrl":"https:\/\/www.immobilienbusiness.ch\/wp-content\/uploads\/2024\/05\/Engeler-Wincasa.png","width":637,"height":460,"caption":"Sandro Engeler Sihlcity"},{"@type":"BreadcrumbList","@id":"https:\/\/www.immobilienbusiness.ch\/en\/regionen\/2024-05-15\/zuerich-neue-leitung-von-sihlcity\/#breadcrumb","itemListElement":[{"@type":"ListItem","position":1,"name":"Home","item":"https:\/\/www.immobilienbusiness.ch\/"},{"@type":"ListItem","position":2,"name":"Wincasa: Neue Leitung f\u00fcr Sihlcity"}]},{"@type":"WebSite","@id":"https:\/\/www.immobilienbusiness.ch\/#website","url":"https:\/\/www.immobilienbusiness.ch\/","name":"Affari immobiliari","description":"Rivista economica indipendente svizzera che si concentra sul settore immobiliare, l'architettura e la costruzione, nonch\u00e9 sugli investimenti e i finanziamenti.","publisher":{"@id":"https:\/\/www.immobilienbusiness.ch\/#organization"},"potentialAction":[{"@type":"SearchAction","target":{"@type":"EntryPoint","urlTemplate":"https:\/\/www.immobilienbusiness.ch\/?s={search_term_string}"},"query-input":{"@type":"PropertyValueSpecification","valueRequired":true,"valueName":"search_term_string"}}],"inLanguage":"it-IT"},{"@type":"Organization","@id":"https:\/\/www.immobilienbusiness.ch\/#organization","name":"Affari immobiliari","url":"https:\/\/www.immobilienbusiness.ch\/","logo":{"@type":"ImageObject","inLanguage":"it-IT","@id":"https:\/\/www.immobilienbusiness.ch\/#\/schema\/logo\/image\/","url":"https:\/\/www.immobilienbusiness.ch\/wp-content\/uploads\/2021\/07\/logo_ib.png","contentUrl":"https:\/\/www.immobilienbusiness.ch\/wp-content\/uploads\/2021\/07\/logo_ib.png","width":800,"height":181,"caption":"IMMOBILIEN Business"},"image":{"@id":"https:\/\/www.immobilienbusiness.ch\/#\/schema\/logo\/image\/"},"sameAs":["https:\/\/www.facebook.com\/immobilienbusiness\/"]},{"@type":"Person","@id":"https:\/\/www.immobilienbusiness.ch\/#\/schema\/person\/aba8bea2db926aa0c24c08c43fe1fcd5","name":"Alexander Wachter","image":{"@type":"ImageObject","inLanguage":"it-IT","@id":"https:\/\/secure.gravatar.com\/avatar\/1a09e471f5389b0e0a6416eac287e0927c7c97a7b77f9e787eba3af7aee281dd?s=96&d=mm&r=g","url":"https:\/\/secure.gravatar.com\/avatar\/1a09e471f5389b0e0a6416eac287e0927c7c97a7b77f9e787eba3af7aee281dd?s=96&d=mm&r=g","contentUrl":"https:\/\/secure.gravatar.com\/avatar\/1a09e471f5389b0e0a6416eac287e0927c7c97a7b77f9e787eba3af7aee281dd?s=96&d=mm&r=g","caption":"Alexander Wachter"},"url":"https:\/\/www.immobilienbusiness.ch\/it\/author\/alexander-wachter\/"}]}},"_links":{"self":[{"href":"https:\/\/www.immobilienbusiness.ch\/it\/wp-json\/wp\/v2\/posts\/57112","targetHints":{"allow":["GET"]}}],"collection":[{"href":"https:\/\/www.immobilienbusiness.ch\/it\/wp-json\/wp\/v2\/posts"}],"about":[{"href":"https:\/\/www.immobilienbusiness.ch\/it\/wp-json\/wp\/v2\/types\/post"}],"author":[{"embeddable":true,"href":"https:\/\/www.immobilienbusiness.ch\/it\/wp-json\/wp\/v2\/users\/102"}],"replies":[{"embeddable":true,"href":"https:\/\/www.immobilienbusiness.ch\/it\/wp-json\/wp\/v2\/comments?post=57112"}],"version-history":[{"count":6,"href":"https:\/\/www.immobilienbusiness.ch\/it\/wp-json\/wp\/v2\/posts\/57112\/revisions"}],"predecessor-version":[{"id":58844,"href":"https:\/\/www.immobilienbusiness.ch\/it\/wp-json\/wp\/v2\/posts\/57112\/revisions\/58844"}],"wp:featuredmedia":[{"embeddable":true,"href":"https:\/\/www.immobilienbusiness.ch\/it\/wp-json\/wp\/v2\/media\/57114"}],"wp:attachment":[{"href":"https:\/\/www.immobilienbusiness.ch\/it\/wp-json\/wp\/v2\/media?parent=57112"}],"wp:term":[{"taxonomy":"category","embeddable":true,"href":"https:\/\/www.immobilienbusiness.ch\/it\/wp-json\/wp\/v2\/categories?post=57112"},{"taxonomy":"post_tag","embeddable":true,"href":"https:\/\/www.immobilienbusiness.ch\/it\/wp-json\/wp\/v2\/tags?post=57112"}],"curies":[{"name":"wp","href":"https:\/\/api.w.org\/{rel}","templated":true}]}}