{"id":57068,"date":"2024-05-10T08:33:36","date_gmt":"2024-05-10T06:33:36","guid":{"rendered":"https:\/\/www.immobilienbusiness.ch\/?p=57068"},"modified":"2024-08-21T06:45:28","modified_gmt":"2024-08-21T04:45:28","slug":"vernier-hrs-baut-kulturkomplex-mit-studentenwohnungen-und-hotel","status":"publish","type":"post","link":"https:\/\/www.immobilienbusiness.ch\/it\/regionen\/2024-05-10\/vernier-hrs-baut-kulturkomplex-mit-studentenwohnungen-und-hotel\/","title":{"rendered":"Vernier: HRS costruisce un complesso culturale con appartamenti per studenti e hotel"},"content":{"rendered":"<figure id=\"attachment_57069\" aria-describedby=\"caption-attachment-57069\" style=\"width: 954px\" class=\"wp-caption alignnone\"><a href=\"https:\/\/www.immobilienbusiness.ch\/wp-content\/uploads\/2024\/05\/Vernier-HRS.png\"><img loading=\"lazy\" decoding=\"async\" class=\"wp-image-57069 size-full\" src=\"https:\/\/www.immobilienbusiness.ch\/wp-content\/uploads\/2024\/05\/Vernier-HRS.png\" alt=\"Concorde Espace \" width=\"954\" height=\"417\" srcset=\"https:\/\/www.immobilienbusiness.ch\/wp-content\/uploads\/2024\/05\/Vernier-HRS.png 954w, https:\/\/www.immobilienbusiness.ch\/wp-content\/uploads\/2024\/05\/Vernier-HRS-300x131.png 300w, https:\/\/www.immobilienbusiness.ch\/wp-content\/uploads\/2024\/05\/Vernier-HRS-768x336.png 768w, https:\/\/www.immobilienbusiness.ch\/wp-content\/uploads\/2024\/05\/Vernier-HRS-18x8.png 18w, https:\/\/www.immobilienbusiness.ch\/wp-content\/uploads\/2024\/05\/Vernier-HRS-375x164.png 375w, https:\/\/www.immobilienbusiness.ch\/wp-content\/uploads\/2024\/05\/Vernier-HRS-760x332.png 760w\" sizes=\"auto, (max-width: 954px) 100vw, 954px\" \/><\/a><figcaption id=\"caption-attachment-57069\" class=\"wp-caption-text\">Il complesso comprende una sala per eventi, appartamenti, spazi di co-working e un hotel (Immagine: zVg)<\/figcaption><\/figure>\n<p>HRS e la Fondation pour le D\u00e9veloppement des Arts et de la Culture (Fodac) hanno appena firmato il contratto di appalto totale per la costruzione di due edifici a Vernier (GE). Il grande progetto \"Concorde Espace\" prevede la costruzione di un centro culturale e di appartamenti per studenti.<\/p>\n<p>Il centro culturale avr\u00e0 una sala eventi con 492 posti a sedere su tribune retrattili e 920 posti in piedi. Sar\u00e0 collegato ai 220 appartamenti per studenti, che costituiranno il secondo edificio, attraverso un ponte pedonale.<\/p>\n<p>Il complesso ospiter\u00e0 anche un hotel con 46 camere, un'area di co-working, una brasserie e un servizio di catering.<\/p>\n<p>Secondo il sito web dei promotori del progetto, i costi per l'intero progetto sono stimati a 115 milioni di franchi svizzeri. Stimato. <em>(aw)<\/em><\/p>","protected":false},"excerpt":{"rendered":"<p>Il centro culturale \"Concorde Espace\" comprender\u00e0 220 unit\u00e0 abitative e 46 camere d'albergo e coster\u00e0 115 milioni di franchi svizzeri.<\/p>","protected":false},"author":102,"featured_media":57069,"comment_status":"closed","ping_status":"closed","sticky":false,"template":"","format":"standard","meta":{"_acf_changed":false,"_yoast_wpseo_focuskw":"Concorde Espace","_yoast_wpseo_title":"","_yoast_wpseo_metadesc":"Concorde Espace Vernier: Kulturzentrum, Studentenwohnungen, Hotel, Coworking-Bereich und mehr. Gesamtprojektkosten: 115 Mio. CHF.","_yoast_wpseo_linkdex":52,"pgc_sgb_lightbox_settings":"","footnotes":""},"categories":[985],"tags":[1145,1245,1988,1313,2100,1426,2298,2320,1600,2898,3192],"class_list":["post-57068","post","type-post","status-publish","format-standard","has-post-thumbnail","hentry","category-regionen","tag-coworking","tag-freizeit","tag-ge","tag-hotel","tag-hrs","tag-kultur","tag-mikroapartments","tag-oeffentliche-hand","tag-projekt-in-planung","tag-studentenwohnungen","tag-vernier"],"acf":[],"yoast_head":"<!-- This site is optimized with the Yoast SEO plugin v27.5 - https:\/\/yoast.com\/product\/yoast-seo-wordpress\/ -->\n<title>Vernier: HRS baut Kulturkomplex mit Studentenwohnungen und Hotel - IMMOBILIEN Business<\/title>\n<meta name=\"description\" content=\"Concorde Espace Vernier: Kulturzentrum, Studentenwohnungen, Hotel, Coworking-Bereich und mehr. Gesamtprojektkosten: 115 Mio. CHF.\" \/>\n<meta name=\"robots\" content=\"index, follow, max-snippet:-1, max-image-preview:large, max-video-preview:-1\" \/>\n<link rel=\"canonical\" href=\"https:\/\/www.immobilienbusiness.ch\/it\/regionen\/2024-05-10\/vernier-hrs-baut-kulturkomplex-mit-studentenwohnungen-und-hotel\/\" \/>\n<meta property=\"og:locale\" content=\"it_IT\" \/>\n<meta property=\"og:type\" content=\"article\" \/>\n<meta property=\"og:title\" content=\"Vernier: HRS baut Kulturkomplex mit Studentenwohnungen und Hotel - IMMOBILIEN Business\" \/>\n<meta property=\"og:description\" content=\"Concorde Espace Vernier: Kulturzentrum, Studentenwohnungen, Hotel, Coworking-Bereich und mehr. Gesamtprojektkosten: 115 Mio. CHF.\" \/>\n<meta property=\"og:url\" content=\"https:\/\/www.immobilienbusiness.ch\/it\/regionen\/2024-05-10\/vernier-hrs-baut-kulturkomplex-mit-studentenwohnungen-und-hotel\/\" \/>\n<meta property=\"og:site_name\" content=\"IMMOBILIEN Business\" \/>\n<meta property=\"article:publisher\" content=\"https:\/\/www.facebook.com\/immobilienbusiness\/\" \/>\n<meta property=\"article:published_time\" content=\"2024-05-10T06:33:36+00:00\" \/>\n<meta property=\"article:modified_time\" content=\"2024-08-21T04:45:28+00:00\" \/>\n<meta property=\"og:image\" content=\"https:\/\/www.immobilienbusiness.ch\/wp-content\/uploads\/2024\/05\/Vernier-HRS.png\" \/>\n\t<meta property=\"og:image:width\" content=\"954\" \/>\n\t<meta property=\"og:image:height\" content=\"417\" \/>\n\t<meta property=\"og:image:type\" content=\"image\/png\" \/>\n<meta name=\"author\" content=\"Alexander Wachter\" \/>\n<meta name=\"twitter:card\" content=\"summary_large_image\" \/>\n<script type=\"application\/ld+json\" class=\"yoast-schema-graph\">{\"@context\":\"https:\\\/\\\/schema.org\",\"@graph\":[{\"@type\":\"Article\",\"@id\":\"https:\\\/\\\/www.immobilienbusiness.ch\\\/fr\\\/regionen\\\/2024-05-10\\\/vernier-hrs-baut-kulturkomplex-mit-studentenwohnungen-und-hotel\\\/#article\",\"isPartOf\":{\"@id\":\"https:\\\/\\\/www.immobilienbusiness.ch\\\/fr\\\/regionen\\\/2024-05-10\\\/vernier-hrs-baut-kulturkomplex-mit-studentenwohnungen-und-hotel\\\/\"},\"author\":{\"name\":\"Alexander Wachter\",\"@id\":\"https:\\\/\\\/www.immobilienbusiness.ch\\\/#\\\/schema\\\/person\\\/aba8bea2db926aa0c24c08c43fe1fcd5\"},\"headline\":\"Vernier: HRS baut Kulturkomplex mit Studentenwohnungen und Hotel\",\"datePublished\":\"2024-05-10T06:33:36+00:00\",\"dateModified\":\"2024-08-21T04:45:28+00:00\",\"mainEntityOfPage\":{\"@id\":\"https:\\\/\\\/www.immobilienbusiness.ch\\\/fr\\\/regionen\\\/2024-05-10\\\/vernier-hrs-baut-kulturkomplex-mit-studentenwohnungen-und-hotel\\\/\"},\"wordCount\":146,\"publisher\":{\"@id\":\"https:\\\/\\\/www.immobilienbusiness.ch\\\/#organization\"},\"image\":{\"@id\":\"https:\\\/\\\/www.immobilienbusiness.ch\\\/fr\\\/regionen\\\/2024-05-10\\\/vernier-hrs-baut-kulturkomplex-mit-studentenwohnungen-und-hotel\\\/#primaryimage\"},\"thumbnailUrl\":\"https:\\\/\\\/www.immobilienbusiness.ch\\\/wp-content\\\/uploads\\\/2024\\\/05\\\/Vernier-HRS.png\",\"keywords\":[\"Coworking\",\"Freizeit\",\"GE\",\"Hotel\",\"HRS\",\"Kultur\",\"Mikroapartments\",\"\u00d6ffentliche Hand\",\"Projekt in Planung\",\"Studentenwohnungen\",\"Vernier\"],\"articleSection\":[\"REGIONEN\"],\"inLanguage\":\"it-IT\"},{\"@type\":\"WebPage\",\"@id\":\"https:\\\/\\\/www.immobilienbusiness.ch\\\/fr\\\/regionen\\\/2024-05-10\\\/vernier-hrs-baut-kulturkomplex-mit-studentenwohnungen-und-hotel\\\/\",\"url\":\"https:\\\/\\\/www.immobilienbusiness.ch\\\/fr\\\/regionen\\\/2024-05-10\\\/vernier-hrs-baut-kulturkomplex-mit-studentenwohnungen-und-hotel\\\/\",\"name\":\"Vernier: HRS baut Kulturkomplex mit Studentenwohnungen und Hotel - IMMOBILIEN Business\",\"isPartOf\":{\"@id\":\"https:\\\/\\\/www.immobilienbusiness.ch\\\/#website\"},\"primaryImageOfPage\":{\"@id\":\"https:\\\/\\\/www.immobilienbusiness.ch\\\/fr\\\/regionen\\\/2024-05-10\\\/vernier-hrs-baut-kulturkomplex-mit-studentenwohnungen-und-hotel\\\/#primaryimage\"},\"image\":{\"@id\":\"https:\\\/\\\/www.immobilienbusiness.ch\\\/fr\\\/regionen\\\/2024-05-10\\\/vernier-hrs-baut-kulturkomplex-mit-studentenwohnungen-und-hotel\\\/#primaryimage\"},\"thumbnailUrl\":\"https:\\\/\\\/www.immobilienbusiness.ch\\\/wp-content\\\/uploads\\\/2024\\\/05\\\/Vernier-HRS.png\",\"datePublished\":\"2024-05-10T06:33:36+00:00\",\"dateModified\":\"2024-08-21T04:45:28+00:00\",\"description\":\"Concorde Espace Vernier: Kulturzentrum, Studentenwohnungen, Hotel, Coworking-Bereich und mehr. Gesamtprojektkosten: 115 Mio. CHF.\",\"breadcrumb\":{\"@id\":\"https:\\\/\\\/www.immobilienbusiness.ch\\\/fr\\\/regionen\\\/2024-05-10\\\/vernier-hrs-baut-kulturkomplex-mit-studentenwohnungen-und-hotel\\\/#breadcrumb\"},\"inLanguage\":\"it-IT\",\"potentialAction\":[{\"@type\":\"ReadAction\",\"target\":[\"https:\\\/\\\/www.immobilienbusiness.ch\\\/fr\\\/regionen\\\/2024-05-10\\\/vernier-hrs-baut-kulturkomplex-mit-studentenwohnungen-und-hotel\\\/\"]}]},{\"@type\":\"ImageObject\",\"inLanguage\":\"it-IT\",\"@id\":\"https:\\\/\\\/www.immobilienbusiness.ch\\\/fr\\\/regionen\\\/2024-05-10\\\/vernier-hrs-baut-kulturkomplex-mit-studentenwohnungen-und-hotel\\\/#primaryimage\",\"url\":\"https:\\\/\\\/www.immobilienbusiness.ch\\\/wp-content\\\/uploads\\\/2024\\\/05\\\/Vernier-HRS.png\",\"contentUrl\":\"https:\\\/\\\/www.immobilienbusiness.ch\\\/wp-content\\\/uploads\\\/2024\\\/05\\\/Vernier-HRS.png\",\"width\":954,\"height\":417,\"caption\":\"Der Komplex umfasst einen Veranstaltungssaal, Wohnungen, Co-Working-Fl\u00e4chen und ein Hotel (Bild: zVg)\"},{\"@type\":\"BreadcrumbList\",\"@id\":\"https:\\\/\\\/www.immobilienbusiness.ch\\\/fr\\\/regionen\\\/2024-05-10\\\/vernier-hrs-baut-kulturkomplex-mit-studentenwohnungen-und-hotel\\\/#breadcrumb\",\"itemListElement\":[{\"@type\":\"ListItem\",\"position\":1,\"name\":\"Home\",\"item\":\"https:\\\/\\\/www.immobilienbusiness.ch\\\/\"},{\"@type\":\"ListItem\",\"position\":2,\"name\":\"Vernier: HRS baut Kulturkomplex mit Studentenwohnungen und Hotel\"}]},{\"@type\":\"WebSite\",\"@id\":\"https:\\\/\\\/www.immobilienbusiness.ch\\\/#website\",\"url\":\"https:\\\/\\\/www.immobilienbusiness.ch\\\/\",\"name\":\"IMMOBILIEN Business\",\"description\":\"Unabh\u00e4ngiges Schweizer Wirtschaftsmagazin mit Fokus auf Immobilien, Architektur- und Bau sowie Investment- und Finanzierung.\",\"publisher\":{\"@id\":\"https:\\\/\\\/www.immobilienbusiness.ch\\\/#organization\"},\"potentialAction\":[{\"@type\":\"SearchAction\",\"target\":{\"@type\":\"EntryPoint\",\"urlTemplate\":\"https:\\\/\\\/www.immobilienbusiness.ch\\\/?s={search_term_string}\"},\"query-input\":{\"@type\":\"PropertyValueSpecification\",\"valueRequired\":true,\"valueName\":\"search_term_string\"}}],\"inLanguage\":\"it-IT\"},{\"@type\":\"Organization\",\"@id\":\"https:\\\/\\\/www.immobilienbusiness.ch\\\/#organization\",\"name\":\"IMMOBILIEN Business\",\"url\":\"https:\\\/\\\/www.immobilienbusiness.ch\\\/\",\"logo\":{\"@type\":\"ImageObject\",\"inLanguage\":\"it-IT\",\"@id\":\"https:\\\/\\\/www.immobilienbusiness.ch\\\/#\\\/schema\\\/logo\\\/image\\\/\",\"url\":\"https:\\\/\\\/www.immobilienbusiness.ch\\\/wp-content\\\/uploads\\\/2021\\\/07\\\/logo_ib.png\",\"contentUrl\":\"https:\\\/\\\/www.immobilienbusiness.ch\\\/wp-content\\\/uploads\\\/2021\\\/07\\\/logo_ib.png\",\"width\":800,\"height\":181,\"caption\":\"IMMOBILIEN Business\"},\"image\":{\"@id\":\"https:\\\/\\\/www.immobilienbusiness.ch\\\/#\\\/schema\\\/logo\\\/image\\\/\"},\"sameAs\":[\"https:\\\/\\\/www.facebook.com\\\/immobilienbusiness\\\/\"]},{\"@type\":\"Person\",\"@id\":\"https:\\\/\\\/www.immobilienbusiness.ch\\\/#\\\/schema\\\/person\\\/aba8bea2db926aa0c24c08c43fe1fcd5\",\"name\":\"Alexander Wachter\",\"image\":{\"@type\":\"ImageObject\",\"inLanguage\":\"it-IT\",\"@id\":\"https:\\\/\\\/secure.gravatar.com\\\/avatar\\\/1a09e471f5389b0e0a6416eac287e0927c7c97a7b77f9e787eba3af7aee281dd?s=96&d=mm&r=g\",\"url\":\"https:\\\/\\\/secure.gravatar.com\\\/avatar\\\/1a09e471f5389b0e0a6416eac287e0927c7c97a7b77f9e787eba3af7aee281dd?s=96&d=mm&r=g\",\"contentUrl\":\"https:\\\/\\\/secure.gravatar.com\\\/avatar\\\/1a09e471f5389b0e0a6416eac287e0927c7c97a7b77f9e787eba3af7aee281dd?s=96&d=mm&r=g\",\"caption\":\"Alexander Wachter\"},\"url\":\"https:\\\/\\\/www.immobilienbusiness.ch\\\/it\\\/author\\\/alexander-wachter\\\/\"}]}<\/script>\n<!-- \/ Yoast SEO plugin. -->","yoast_head_json":{"title":"Vernier: HRS baut Kulturkomplex mit Studentenwohnungen und Hotel - IMMOBILIEN Business","description":"Concorde Espace Vernier: Kulturzentrum, Studentenwohnungen, Hotel, Coworking-Bereich und mehr. Gesamtprojektkosten: 115 Mio. CHF.","robots":{"index":"index","follow":"follow","max-snippet":"max-snippet:-1","max-image-preview":"max-image-preview:large","max-video-preview":"max-video-preview:-1"},"canonical":"https:\/\/www.immobilienbusiness.ch\/it\/regionen\/2024-05-10\/vernier-hrs-baut-kulturkomplex-mit-studentenwohnungen-und-hotel\/","og_locale":"it_IT","og_type":"article","og_title":"Vernier: HRS baut Kulturkomplex mit Studentenwohnungen und Hotel - IMMOBILIEN Business","og_description":"Concorde Espace Vernier: Kulturzentrum, Studentenwohnungen, Hotel, Coworking-Bereich und mehr. Gesamtprojektkosten: 115 Mio. CHF.","og_url":"https:\/\/www.immobilienbusiness.ch\/it\/regionen\/2024-05-10\/vernier-hrs-baut-kulturkomplex-mit-studentenwohnungen-und-hotel\/","og_site_name":"IMMOBILIEN Business","article_publisher":"https:\/\/www.facebook.com\/immobilienbusiness\/","article_published_time":"2024-05-10T06:33:36+00:00","article_modified_time":"2024-08-21T04:45:28+00:00","og_image":[{"width":954,"height":417,"url":"https:\/\/www.immobilienbusiness.ch\/wp-content\/uploads\/2024\/05\/Vernier-HRS.png","type":"image\/png"}],"author":"Alexander Wachter","twitter_card":"summary_large_image","schema":{"@context":"https:\/\/schema.org","@graph":[{"@type":"Article","@id":"https:\/\/www.immobilienbusiness.ch\/fr\/regionen\/2024-05-10\/vernier-hrs-baut-kulturkomplex-mit-studentenwohnungen-und-hotel\/#article","isPartOf":{"@id":"https:\/\/www.immobilienbusiness.ch\/fr\/regionen\/2024-05-10\/vernier-hrs-baut-kulturkomplex-mit-studentenwohnungen-und-hotel\/"},"author":{"name":"Alexander Wachter","@id":"https:\/\/www.immobilienbusiness.ch\/#\/schema\/person\/aba8bea2db926aa0c24c08c43fe1fcd5"},"headline":"Vernier: HRS baut Kulturkomplex mit Studentenwohnungen und Hotel","datePublished":"2024-05-10T06:33:36+00:00","dateModified":"2024-08-21T04:45:28+00:00","mainEntityOfPage":{"@id":"https:\/\/www.immobilienbusiness.ch\/fr\/regionen\/2024-05-10\/vernier-hrs-baut-kulturkomplex-mit-studentenwohnungen-und-hotel\/"},"wordCount":146,"publisher":{"@id":"https:\/\/www.immobilienbusiness.ch\/#organization"},"image":{"@id":"https:\/\/www.immobilienbusiness.ch\/fr\/regionen\/2024-05-10\/vernier-hrs-baut-kulturkomplex-mit-studentenwohnungen-und-hotel\/#primaryimage"},"thumbnailUrl":"https:\/\/www.immobilienbusiness.ch\/wp-content\/uploads\/2024\/05\/Vernier-HRS.png","keywords":["Coworking","Freizeit","GE","Hotel","HRS","Kultur","Mikroapartments","\u00d6ffentliche Hand","Projekt in Planung","Studentenwohnungen","Vernier"],"articleSection":["REGIONEN"],"inLanguage":"it-IT"},{"@type":"WebPage","@id":"https:\/\/www.immobilienbusiness.ch\/fr\/regionen\/2024-05-10\/vernier-hrs-baut-kulturkomplex-mit-studentenwohnungen-und-hotel\/","url":"https:\/\/www.immobilienbusiness.ch\/fr\/regionen\/2024-05-10\/vernier-hrs-baut-kulturkomplex-mit-studentenwohnungen-und-hotel\/","name":"Vernier: HRS baut Kulturkomplex mit Studentenwohnungen und Hotel - IMMOBILIEN Business","isPartOf":{"@id":"https:\/\/www.immobilienbusiness.ch\/#website"},"primaryImageOfPage":{"@id":"https:\/\/www.immobilienbusiness.ch\/fr\/regionen\/2024-05-10\/vernier-hrs-baut-kulturkomplex-mit-studentenwohnungen-und-hotel\/#primaryimage"},"image":{"@id":"https:\/\/www.immobilienbusiness.ch\/fr\/regionen\/2024-05-10\/vernier-hrs-baut-kulturkomplex-mit-studentenwohnungen-und-hotel\/#primaryimage"},"thumbnailUrl":"https:\/\/www.immobilienbusiness.ch\/wp-content\/uploads\/2024\/05\/Vernier-HRS.png","datePublished":"2024-05-10T06:33:36+00:00","dateModified":"2024-08-21T04:45:28+00:00","description":"Concorde Espace Vernier: Kulturzentrum, Studentenwohnungen, Hotel, Coworking-Bereich und mehr. Gesamtprojektkosten: 115 Mio. CHF.","breadcrumb":{"@id":"https:\/\/www.immobilienbusiness.ch\/fr\/regionen\/2024-05-10\/vernier-hrs-baut-kulturkomplex-mit-studentenwohnungen-und-hotel\/#breadcrumb"},"inLanguage":"it-IT","potentialAction":[{"@type":"ReadAction","target":["https:\/\/www.immobilienbusiness.ch\/fr\/regionen\/2024-05-10\/vernier-hrs-baut-kulturkomplex-mit-studentenwohnungen-und-hotel\/"]}]},{"@type":"ImageObject","inLanguage":"it-IT","@id":"https:\/\/www.immobilienbusiness.ch\/fr\/regionen\/2024-05-10\/vernier-hrs-baut-kulturkomplex-mit-studentenwohnungen-und-hotel\/#primaryimage","url":"https:\/\/www.immobilienbusiness.ch\/wp-content\/uploads\/2024\/05\/Vernier-HRS.png","contentUrl":"https:\/\/www.immobilienbusiness.ch\/wp-content\/uploads\/2024\/05\/Vernier-HRS.png","width":954,"height":417,"caption":"Der Komplex umfasst einen Veranstaltungssaal, Wohnungen, Co-Working-Fl\u00e4chen und ein Hotel (Bild: zVg)"},{"@type":"BreadcrumbList","@id":"https:\/\/www.immobilienbusiness.ch\/fr\/regionen\/2024-05-10\/vernier-hrs-baut-kulturkomplex-mit-studentenwohnungen-und-hotel\/#breadcrumb","itemListElement":[{"@type":"ListItem","position":1,"name":"Home","item":"https:\/\/www.immobilienbusiness.ch\/"},{"@type":"ListItem","position":2,"name":"Vernier: HRS baut Kulturkomplex mit Studentenwohnungen und Hotel"}]},{"@type":"WebSite","@id":"https:\/\/www.immobilienbusiness.ch\/#website","url":"https:\/\/www.immobilienbusiness.ch\/","name":"Affari immobiliari","description":"Rivista economica indipendente svizzera che si concentra sul settore immobiliare, l'architettura e la costruzione, nonch\u00e9 sugli investimenti e i finanziamenti.","publisher":{"@id":"https:\/\/www.immobilienbusiness.ch\/#organization"},"potentialAction":[{"@type":"SearchAction","target":{"@type":"EntryPoint","urlTemplate":"https:\/\/www.immobilienbusiness.ch\/?s={search_term_string}"},"query-input":{"@type":"PropertyValueSpecification","valueRequired":true,"valueName":"search_term_string"}}],"inLanguage":"it-IT"},{"@type":"Organization","@id":"https:\/\/www.immobilienbusiness.ch\/#organization","name":"Affari immobiliari","url":"https:\/\/www.immobilienbusiness.ch\/","logo":{"@type":"ImageObject","inLanguage":"it-IT","@id":"https:\/\/www.immobilienbusiness.ch\/#\/schema\/logo\/image\/","url":"https:\/\/www.immobilienbusiness.ch\/wp-content\/uploads\/2021\/07\/logo_ib.png","contentUrl":"https:\/\/www.immobilienbusiness.ch\/wp-content\/uploads\/2021\/07\/logo_ib.png","width":800,"height":181,"caption":"IMMOBILIEN Business"},"image":{"@id":"https:\/\/www.immobilienbusiness.ch\/#\/schema\/logo\/image\/"},"sameAs":["https:\/\/www.facebook.com\/immobilienbusiness\/"]},{"@type":"Person","@id":"https:\/\/www.immobilienbusiness.ch\/#\/schema\/person\/aba8bea2db926aa0c24c08c43fe1fcd5","name":"Alexander Wachter","image":{"@type":"ImageObject","inLanguage":"it-IT","@id":"https:\/\/secure.gravatar.com\/avatar\/1a09e471f5389b0e0a6416eac287e0927c7c97a7b77f9e787eba3af7aee281dd?s=96&d=mm&r=g","url":"https:\/\/secure.gravatar.com\/avatar\/1a09e471f5389b0e0a6416eac287e0927c7c97a7b77f9e787eba3af7aee281dd?s=96&d=mm&r=g","contentUrl":"https:\/\/secure.gravatar.com\/avatar\/1a09e471f5389b0e0a6416eac287e0927c7c97a7b77f9e787eba3af7aee281dd?s=96&d=mm&r=g","caption":"Alexander Wachter"},"url":"https:\/\/www.immobilienbusiness.ch\/it\/author\/alexander-wachter\/"}]}},"_links":{"self":[{"href":"https:\/\/www.immobilienbusiness.ch\/it\/wp-json\/wp\/v2\/posts\/57068","targetHints":{"allow":["GET"]}}],"collection":[{"href":"https:\/\/www.immobilienbusiness.ch\/it\/wp-json\/wp\/v2\/posts"}],"about":[{"href":"https:\/\/www.immobilienbusiness.ch\/it\/wp-json\/wp\/v2\/types\/post"}],"author":[{"embeddable":true,"href":"https:\/\/www.immobilienbusiness.ch\/it\/wp-json\/wp\/v2\/users\/102"}],"replies":[{"embeddable":true,"href":"https:\/\/www.immobilienbusiness.ch\/it\/wp-json\/wp\/v2\/comments?post=57068"}],"version-history":[{"count":3,"href":"https:\/\/www.immobilienbusiness.ch\/it\/wp-json\/wp\/v2\/posts\/57068\/revisions"}],"predecessor-version":[{"id":58858,"href":"https:\/\/www.immobilienbusiness.ch\/it\/wp-json\/wp\/v2\/posts\/57068\/revisions\/58858"}],"wp:featuredmedia":[{"embeddable":true,"href":"https:\/\/www.immobilienbusiness.ch\/it\/wp-json\/wp\/v2\/media\/57069"}],"wp:attachment":[{"href":"https:\/\/www.immobilienbusiness.ch\/it\/wp-json\/wp\/v2\/media?parent=57068"}],"wp:term":[{"taxonomy":"category","embeddable":true,"href":"https:\/\/www.immobilienbusiness.ch\/it\/wp-json\/wp\/v2\/categories?post=57068"},{"taxonomy":"post_tag","embeddable":true,"href":"https:\/\/www.immobilienbusiness.ch\/it\/wp-json\/wp\/v2\/tags?post=57068"}],"curies":[{"name":"wp","href":"https:\/\/api.w.org\/{rel}","templated":true}]}}