{"id":56995,"date":"2024-05-06T07:38:37","date_gmt":"2024-05-06T05:38:37","guid":{"rendered":"https:\/\/www.immobilienbusiness.ch\/?p=56995"},"modified":"2024-08-21T06:57:03","modified_gmt":"2024-08-21T04:57:03","slug":"swiss-central-city-fonds-verlaengert-mit-wichtigstem-einzelmieter","status":"publish","type":"post","link":"https:\/\/www.immobilienbusiness.ch\/it\/unternehmen\/2024-05-06\/swiss-central-city-fonds-verlaengert-mit-wichtigstem-einzelmieter\/","title":{"rendered":"Swiss Central City: il fondo si estende con il pi\u00f9 importante inquilino singolo"},"content":{"rendered":"<figure id=\"attachment_56996\" aria-describedby=\"caption-attachment-56996\" style=\"width: 763px\" class=\"wp-caption alignnone\"><a href=\"https:\/\/www.immobilienbusiness.ch\/wp-content\/uploads\/2024\/05\/Guetschstrasse.png\"><img loading=\"lazy\" decoding=\"async\" class=\"wp-image-56996 size-full\" src=\"https:\/\/www.immobilienbusiness.ch\/wp-content\/uploads\/2024\/05\/Guetschstrasse.png\" alt=\"Mietvertragsverl\u00e4ngerung \" width=\"763\" height=\"508\" srcset=\"https:\/\/www.immobilienbusiness.ch\/wp-content\/uploads\/2024\/05\/Guetschstrasse.png 763w, https:\/\/www.immobilienbusiness.ch\/wp-content\/uploads\/2024\/05\/Guetschstrasse-300x200.png 300w, https:\/\/www.immobilienbusiness.ch\/wp-content\/uploads\/2024\/05\/Guetschstrasse-18x12.png 18w, https:\/\/www.immobilienbusiness.ch\/wp-content\/uploads\/2024\/05\/Guetschstrasse-375x250.png 375w, https:\/\/www.immobilienbusiness.ch\/wp-content\/uploads\/2024\/05\/Guetschstrasse-526x350.png 526w\" sizes=\"auto, (max-width: 763px) 100vw, 763px\" \/><\/a><figcaption id=\"caption-attachment-56996\" class=\"wp-caption-text\">Questa \u00e8 la propriet\u00e0 in questione (Immagine: Nova Property)<\/figcaption><\/figure>\n<p>Il Fondo immobiliare Swiss Central City ha rinegoziato il contratto di locazione esistente per l'immobile di G\u00fctschstrasse 2, 4, 6 nel centro di Lucerna con l'affittuario principale Business &amp; Hotel Management School (B.H.M.S. AG) in una fase iniziale e lo ha prorogato per altri 20 anni a partire dal 1\u00b0 gennaio 2026, con un reddito locativo target concordato di 2,7 milioni di franchi svizzeri all'anno. La propriet\u00e0 contiene 137 appartamenti, che vengono affittati da B.H.M.S. come alloggio per i suoi studenti, principalmente internazionali. La superficie totale \u00e8 di circa 7.500 metri quadrati. B.H.M.S. \u00e8 il pi\u00f9 grande singolo inquilino del portafoglio del fondo, con circa 12% del volume degli affitti. L'estensione del contratto aumenta il valore dei contratti di locazione a tempo determinato nel portafoglio da 5,1 a 8,4 anni. \"Il fondo immobiliare Swiss Central City si assicura cos\u00ec un reddito a lungo termine gi\u00e0 in anticipo con un importante inquilino di riferimento e otterr\u00e0 un aumento sostanziale del reddito a partire dal 2026\", scrive il fondo.<\/p>\n<p>A partire dal 2026, \u00e8 prevista una ristrutturazione interna degli appartamenti, che comprende nuovi mobili da cucina, bagni, pavimenti e rivestimenti, l'adeguamento sismico e il rinnovo delle colonne montanti. Il fondo \u00e8 gestito da Nova Property Fund Management. <em>(aw)<\/em><\/p>","protected":false},"excerpt":{"rendered":"<p>La scuola di economia di G\u00fctschstrasse 2, 4, 6 nel centro di Lucerna \u00e8 stata ampliata per 20 anni, aumentando cos\u00ec il valore del fondo da 5,1 a 8,4 anni.<\/p>","protected":false},"author":102,"featured_media":56996,"comment_status":"closed","ping_status":"closed","sticky":false,"template":"","format":"standard","meta":{"_acf_changed":false,"_yoast_wpseo_focuskw":"Mietvertragsverl\u00e4ngerung","_yoast_wpseo_title":"","_yoast_wpseo_metadesc":"Swiss Central City Real Estate Fund verl\u00e4ngert Mietvertrag mit B.H.M.S. AG in Luzern f\u00fcr 20 Jahre, sichert langfristige Ertr\u00e4ge.","_yoast_wpseo_linkdex":48,"pgc_sgb_lightbox_settings":"","footnotes":""},"categories":[988],"tags":[2298,1532,2181,1832],"class_list":["post-56995","post","type-post","status-publish","format-standard","has-post-thumbnail","hentry","category-unternehmen","tag-mikroapartments","tag-nova-property-fund-management","tag-swiss-central-city-real-estate-fund","tag-vermietung"],"acf":[],"yoast_head":"<!-- This site is optimized with the Yoast SEO plugin v27.5 - https:\/\/yoast.com\/product\/yoast-seo-wordpress\/ -->\n<title>Swiss Central City: Fonds verl\u00e4ngert mit wichtigstem Einzelmieter - IMMOBILIEN Business<\/title>\n<meta name=\"description\" content=\"Swiss Central City Real Estate Fund verl\u00e4ngert Mietvertrag mit B.H.M.S. AG in Luzern f\u00fcr 20 Jahre, sichert langfristige Ertr\u00e4ge.\" \/>\n<meta name=\"robots\" content=\"index, follow, max-snippet:-1, max-image-preview:large, max-video-preview:-1\" \/>\n<link rel=\"canonical\" href=\"https:\/\/www.immobilienbusiness.ch\/it\/unternehmen\/2024-05-06\/swiss-central-city-fonds-verlaengert-mit-wichtigstem-einzelmieter\/\" \/>\n<meta property=\"og:locale\" content=\"it_IT\" \/>\n<meta property=\"og:type\" content=\"article\" \/>\n<meta property=\"og:title\" content=\"Swiss Central City: Fonds verl\u00e4ngert mit wichtigstem Einzelmieter - IMMOBILIEN Business\" \/>\n<meta property=\"og:description\" content=\"Swiss Central City Real Estate Fund verl\u00e4ngert Mietvertrag mit B.H.M.S. AG in Luzern f\u00fcr 20 Jahre, sichert langfristige Ertr\u00e4ge.\" \/>\n<meta property=\"og:url\" content=\"https:\/\/www.immobilienbusiness.ch\/it\/unternehmen\/2024-05-06\/swiss-central-city-fonds-verlaengert-mit-wichtigstem-einzelmieter\/\" \/>\n<meta property=\"og:site_name\" content=\"IMMOBILIEN Business\" \/>\n<meta property=\"article:publisher\" content=\"https:\/\/www.facebook.com\/immobilienbusiness\/\" \/>\n<meta property=\"article:published_time\" content=\"2024-05-06T05:38:37+00:00\" \/>\n<meta property=\"article:modified_time\" content=\"2024-08-21T04:57:03+00:00\" \/>\n<meta property=\"og:image\" content=\"https:\/\/www.immobilienbusiness.ch\/wp-content\/uploads\/2024\/05\/Guetschstrasse.png\" \/>\n\t<meta property=\"og:image:width\" content=\"763\" \/>\n\t<meta property=\"og:image:height\" content=\"508\" \/>\n\t<meta property=\"og:image:type\" content=\"image\/png\" \/>\n<meta name=\"author\" content=\"Alexander Wachter\" \/>\n<meta name=\"twitter:card\" content=\"summary_large_image\" \/>\n<script type=\"application\/ld+json\" class=\"yoast-schema-graph\">{\"@context\":\"https:\\\/\\\/schema.org\",\"@graph\":[{\"@type\":\"Article\",\"@id\":\"https:\\\/\\\/www.immobilienbusiness.ch\\\/en\\\/unternehmen\\\/2024-05-06\\\/swiss-central-city-fonds-verlaengert-mit-wichtigstem-einzelmieter\\\/#article\",\"isPartOf\":{\"@id\":\"https:\\\/\\\/www.immobilienbusiness.ch\\\/en\\\/unternehmen\\\/2024-05-06\\\/swiss-central-city-fonds-verlaengert-mit-wichtigstem-einzelmieter\\\/\"},\"author\":{\"name\":\"Alexander Wachter\",\"@id\":\"https:\\\/\\\/www.immobilienbusiness.ch\\\/#\\\/schema\\\/person\\\/aba8bea2db926aa0c24c08c43fe1fcd5\"},\"headline\":\"Swiss Central City: Fonds verl\u00e4ngert mit wichtigstem Einzelmieter\",\"datePublished\":\"2024-05-06T05:38:37+00:00\",\"dateModified\":\"2024-08-21T04:57:03+00:00\",\"mainEntityOfPage\":{\"@id\":\"https:\\\/\\\/www.immobilienbusiness.ch\\\/en\\\/unternehmen\\\/2024-05-06\\\/swiss-central-city-fonds-verlaengert-mit-wichtigstem-einzelmieter\\\/\"},\"wordCount\":216,\"publisher\":{\"@id\":\"https:\\\/\\\/www.immobilienbusiness.ch\\\/#organization\"},\"image\":{\"@id\":\"https:\\\/\\\/www.immobilienbusiness.ch\\\/en\\\/unternehmen\\\/2024-05-06\\\/swiss-central-city-fonds-verlaengert-mit-wichtigstem-einzelmieter\\\/#primaryimage\"},\"thumbnailUrl\":\"https:\\\/\\\/www.immobilienbusiness.ch\\\/wp-content\\\/uploads\\\/2024\\\/05\\\/Guetschstrasse.png\",\"keywords\":[\"Mikroapartments\",\"Nova Property Fund Management\",\"Swiss Central City Real Estate Fund\",\"Vermietung\"],\"articleSection\":[\"UNTERNEHMEN\"],\"inLanguage\":\"it-IT\"},{\"@type\":\"WebPage\",\"@id\":\"https:\\\/\\\/www.immobilienbusiness.ch\\\/en\\\/unternehmen\\\/2024-05-06\\\/swiss-central-city-fonds-verlaengert-mit-wichtigstem-einzelmieter\\\/\",\"url\":\"https:\\\/\\\/www.immobilienbusiness.ch\\\/en\\\/unternehmen\\\/2024-05-06\\\/swiss-central-city-fonds-verlaengert-mit-wichtigstem-einzelmieter\\\/\",\"name\":\"Swiss Central City: Fonds verl\u00e4ngert mit wichtigstem Einzelmieter - IMMOBILIEN Business\",\"isPartOf\":{\"@id\":\"https:\\\/\\\/www.immobilienbusiness.ch\\\/#website\"},\"primaryImageOfPage\":{\"@id\":\"https:\\\/\\\/www.immobilienbusiness.ch\\\/en\\\/unternehmen\\\/2024-05-06\\\/swiss-central-city-fonds-verlaengert-mit-wichtigstem-einzelmieter\\\/#primaryimage\"},\"image\":{\"@id\":\"https:\\\/\\\/www.immobilienbusiness.ch\\\/en\\\/unternehmen\\\/2024-05-06\\\/swiss-central-city-fonds-verlaengert-mit-wichtigstem-einzelmieter\\\/#primaryimage\"},\"thumbnailUrl\":\"https:\\\/\\\/www.immobilienbusiness.ch\\\/wp-content\\\/uploads\\\/2024\\\/05\\\/Guetschstrasse.png\",\"datePublished\":\"2024-05-06T05:38:37+00:00\",\"dateModified\":\"2024-08-21T04:57:03+00:00\",\"description\":\"Swiss Central City Real Estate Fund verl\u00e4ngert Mietvertrag mit B.H.M.S. AG in Luzern f\u00fcr 20 Jahre, sichert langfristige Ertr\u00e4ge.\",\"breadcrumb\":{\"@id\":\"https:\\\/\\\/www.immobilienbusiness.ch\\\/en\\\/unternehmen\\\/2024-05-06\\\/swiss-central-city-fonds-verlaengert-mit-wichtigstem-einzelmieter\\\/#breadcrumb\"},\"inLanguage\":\"it-IT\",\"potentialAction\":[{\"@type\":\"ReadAction\",\"target\":[\"https:\\\/\\\/www.immobilienbusiness.ch\\\/en\\\/unternehmen\\\/2024-05-06\\\/swiss-central-city-fonds-verlaengert-mit-wichtigstem-einzelmieter\\\/\"]}]},{\"@type\":\"ImageObject\",\"inLanguage\":\"it-IT\",\"@id\":\"https:\\\/\\\/www.immobilienbusiness.ch\\\/en\\\/unternehmen\\\/2024-05-06\\\/swiss-central-city-fonds-verlaengert-mit-wichtigstem-einzelmieter\\\/#primaryimage\",\"url\":\"https:\\\/\\\/www.immobilienbusiness.ch\\\/wp-content\\\/uploads\\\/2024\\\/05\\\/Guetschstrasse.png\",\"contentUrl\":\"https:\\\/\\\/www.immobilienbusiness.ch\\\/wp-content\\\/uploads\\\/2024\\\/05\\\/Guetschstrasse.png\",\"width\":763,\"height\":508,\"caption\":\"Um diese Immobilie geht es (Bild: Nova Property)\"},{\"@type\":\"BreadcrumbList\",\"@id\":\"https:\\\/\\\/www.immobilienbusiness.ch\\\/en\\\/unternehmen\\\/2024-05-06\\\/swiss-central-city-fonds-verlaengert-mit-wichtigstem-einzelmieter\\\/#breadcrumb\",\"itemListElement\":[{\"@type\":\"ListItem\",\"position\":1,\"name\":\"Home\",\"item\":\"https:\\\/\\\/www.immobilienbusiness.ch\\\/\"},{\"@type\":\"ListItem\",\"position\":2,\"name\":\"Swiss Central City: Fonds verl\u00e4ngert mit wichtigstem Einzelmieter\"}]},{\"@type\":\"WebSite\",\"@id\":\"https:\\\/\\\/www.immobilienbusiness.ch\\\/#website\",\"url\":\"https:\\\/\\\/www.immobilienbusiness.ch\\\/\",\"name\":\"IMMOBILIEN Business\",\"description\":\"Unabh\u00e4ngiges Schweizer Wirtschaftsmagazin mit Fokus auf Immobilien, Architektur- und Bau sowie Investment- und Finanzierung.\",\"publisher\":{\"@id\":\"https:\\\/\\\/www.immobilienbusiness.ch\\\/#organization\"},\"potentialAction\":[{\"@type\":\"SearchAction\",\"target\":{\"@type\":\"EntryPoint\",\"urlTemplate\":\"https:\\\/\\\/www.immobilienbusiness.ch\\\/?s={search_term_string}\"},\"query-input\":{\"@type\":\"PropertyValueSpecification\",\"valueRequired\":true,\"valueName\":\"search_term_string\"}}],\"inLanguage\":\"it-IT\"},{\"@type\":\"Organization\",\"@id\":\"https:\\\/\\\/www.immobilienbusiness.ch\\\/#organization\",\"name\":\"IMMOBILIEN Business\",\"url\":\"https:\\\/\\\/www.immobilienbusiness.ch\\\/\",\"logo\":{\"@type\":\"ImageObject\",\"inLanguage\":\"it-IT\",\"@id\":\"https:\\\/\\\/www.immobilienbusiness.ch\\\/#\\\/schema\\\/logo\\\/image\\\/\",\"url\":\"https:\\\/\\\/www.immobilienbusiness.ch\\\/wp-content\\\/uploads\\\/2021\\\/07\\\/logo_ib.png\",\"contentUrl\":\"https:\\\/\\\/www.immobilienbusiness.ch\\\/wp-content\\\/uploads\\\/2021\\\/07\\\/logo_ib.png\",\"width\":800,\"height\":181,\"caption\":\"IMMOBILIEN Business\"},\"image\":{\"@id\":\"https:\\\/\\\/www.immobilienbusiness.ch\\\/#\\\/schema\\\/logo\\\/image\\\/\"},\"sameAs\":[\"https:\\\/\\\/www.facebook.com\\\/immobilienbusiness\\\/\"]},{\"@type\":\"Person\",\"@id\":\"https:\\\/\\\/www.immobilienbusiness.ch\\\/#\\\/schema\\\/person\\\/aba8bea2db926aa0c24c08c43fe1fcd5\",\"name\":\"Alexander Wachter\",\"image\":{\"@type\":\"ImageObject\",\"inLanguage\":\"it-IT\",\"@id\":\"https:\\\/\\\/secure.gravatar.com\\\/avatar\\\/1a09e471f5389b0e0a6416eac287e0927c7c97a7b77f9e787eba3af7aee281dd?s=96&d=mm&r=g\",\"url\":\"https:\\\/\\\/secure.gravatar.com\\\/avatar\\\/1a09e471f5389b0e0a6416eac287e0927c7c97a7b77f9e787eba3af7aee281dd?s=96&d=mm&r=g\",\"contentUrl\":\"https:\\\/\\\/secure.gravatar.com\\\/avatar\\\/1a09e471f5389b0e0a6416eac287e0927c7c97a7b77f9e787eba3af7aee281dd?s=96&d=mm&r=g\",\"caption\":\"Alexander Wachter\"},\"url\":\"https:\\\/\\\/www.immobilienbusiness.ch\\\/it\\\/author\\\/alexander-wachter\\\/\"}]}<\/script>\n<!-- \/ Yoast SEO plugin. -->","yoast_head_json":{"title":"Swiss Central City: Fonds verl\u00e4ngert mit wichtigstem Einzelmieter - IMMOBILIEN Business","description":"Swiss Central City Real Estate Fund verl\u00e4ngert Mietvertrag mit B.H.M.S. AG in Luzern f\u00fcr 20 Jahre, sichert langfristige Ertr\u00e4ge.","robots":{"index":"index","follow":"follow","max-snippet":"max-snippet:-1","max-image-preview":"max-image-preview:large","max-video-preview":"max-video-preview:-1"},"canonical":"https:\/\/www.immobilienbusiness.ch\/it\/unternehmen\/2024-05-06\/swiss-central-city-fonds-verlaengert-mit-wichtigstem-einzelmieter\/","og_locale":"it_IT","og_type":"article","og_title":"Swiss Central City: Fonds verl\u00e4ngert mit wichtigstem Einzelmieter - IMMOBILIEN Business","og_description":"Swiss Central City Real Estate Fund verl\u00e4ngert Mietvertrag mit B.H.M.S. AG in Luzern f\u00fcr 20 Jahre, sichert langfristige Ertr\u00e4ge.","og_url":"https:\/\/www.immobilienbusiness.ch\/it\/unternehmen\/2024-05-06\/swiss-central-city-fonds-verlaengert-mit-wichtigstem-einzelmieter\/","og_site_name":"IMMOBILIEN Business","article_publisher":"https:\/\/www.facebook.com\/immobilienbusiness\/","article_published_time":"2024-05-06T05:38:37+00:00","article_modified_time":"2024-08-21T04:57:03+00:00","og_image":[{"width":763,"height":508,"url":"https:\/\/www.immobilienbusiness.ch\/wp-content\/uploads\/2024\/05\/Guetschstrasse.png","type":"image\/png"}],"author":"Alexander Wachter","twitter_card":"summary_large_image","schema":{"@context":"https:\/\/schema.org","@graph":[{"@type":"Article","@id":"https:\/\/www.immobilienbusiness.ch\/en\/unternehmen\/2024-05-06\/swiss-central-city-fonds-verlaengert-mit-wichtigstem-einzelmieter\/#article","isPartOf":{"@id":"https:\/\/www.immobilienbusiness.ch\/en\/unternehmen\/2024-05-06\/swiss-central-city-fonds-verlaengert-mit-wichtigstem-einzelmieter\/"},"author":{"name":"Alexander Wachter","@id":"https:\/\/www.immobilienbusiness.ch\/#\/schema\/person\/aba8bea2db926aa0c24c08c43fe1fcd5"},"headline":"Swiss Central City: Fonds verl\u00e4ngert mit wichtigstem Einzelmieter","datePublished":"2024-05-06T05:38:37+00:00","dateModified":"2024-08-21T04:57:03+00:00","mainEntityOfPage":{"@id":"https:\/\/www.immobilienbusiness.ch\/en\/unternehmen\/2024-05-06\/swiss-central-city-fonds-verlaengert-mit-wichtigstem-einzelmieter\/"},"wordCount":216,"publisher":{"@id":"https:\/\/www.immobilienbusiness.ch\/#organization"},"image":{"@id":"https:\/\/www.immobilienbusiness.ch\/en\/unternehmen\/2024-05-06\/swiss-central-city-fonds-verlaengert-mit-wichtigstem-einzelmieter\/#primaryimage"},"thumbnailUrl":"https:\/\/www.immobilienbusiness.ch\/wp-content\/uploads\/2024\/05\/Guetschstrasse.png","keywords":["Mikroapartments","Nova Property Fund Management","Swiss Central City Real Estate Fund","Vermietung"],"articleSection":["UNTERNEHMEN"],"inLanguage":"it-IT"},{"@type":"WebPage","@id":"https:\/\/www.immobilienbusiness.ch\/en\/unternehmen\/2024-05-06\/swiss-central-city-fonds-verlaengert-mit-wichtigstem-einzelmieter\/","url":"https:\/\/www.immobilienbusiness.ch\/en\/unternehmen\/2024-05-06\/swiss-central-city-fonds-verlaengert-mit-wichtigstem-einzelmieter\/","name":"Swiss Central City: Fonds verl\u00e4ngert mit wichtigstem Einzelmieter - IMMOBILIEN Business","isPartOf":{"@id":"https:\/\/www.immobilienbusiness.ch\/#website"},"primaryImageOfPage":{"@id":"https:\/\/www.immobilienbusiness.ch\/en\/unternehmen\/2024-05-06\/swiss-central-city-fonds-verlaengert-mit-wichtigstem-einzelmieter\/#primaryimage"},"image":{"@id":"https:\/\/www.immobilienbusiness.ch\/en\/unternehmen\/2024-05-06\/swiss-central-city-fonds-verlaengert-mit-wichtigstem-einzelmieter\/#primaryimage"},"thumbnailUrl":"https:\/\/www.immobilienbusiness.ch\/wp-content\/uploads\/2024\/05\/Guetschstrasse.png","datePublished":"2024-05-06T05:38:37+00:00","dateModified":"2024-08-21T04:57:03+00:00","description":"Swiss Central City Real Estate Fund verl\u00e4ngert Mietvertrag mit B.H.M.S. AG in Luzern f\u00fcr 20 Jahre, sichert langfristige Ertr\u00e4ge.","breadcrumb":{"@id":"https:\/\/www.immobilienbusiness.ch\/en\/unternehmen\/2024-05-06\/swiss-central-city-fonds-verlaengert-mit-wichtigstem-einzelmieter\/#breadcrumb"},"inLanguage":"it-IT","potentialAction":[{"@type":"ReadAction","target":["https:\/\/www.immobilienbusiness.ch\/en\/unternehmen\/2024-05-06\/swiss-central-city-fonds-verlaengert-mit-wichtigstem-einzelmieter\/"]}]},{"@type":"ImageObject","inLanguage":"it-IT","@id":"https:\/\/www.immobilienbusiness.ch\/en\/unternehmen\/2024-05-06\/swiss-central-city-fonds-verlaengert-mit-wichtigstem-einzelmieter\/#primaryimage","url":"https:\/\/www.immobilienbusiness.ch\/wp-content\/uploads\/2024\/05\/Guetschstrasse.png","contentUrl":"https:\/\/www.immobilienbusiness.ch\/wp-content\/uploads\/2024\/05\/Guetschstrasse.png","width":763,"height":508,"caption":"Um diese Immobilie geht es (Bild: Nova Property)"},{"@type":"BreadcrumbList","@id":"https:\/\/www.immobilienbusiness.ch\/en\/unternehmen\/2024-05-06\/swiss-central-city-fonds-verlaengert-mit-wichtigstem-einzelmieter\/#breadcrumb","itemListElement":[{"@type":"ListItem","position":1,"name":"Home","item":"https:\/\/www.immobilienbusiness.ch\/"},{"@type":"ListItem","position":2,"name":"Swiss Central City: Fonds verl\u00e4ngert mit wichtigstem Einzelmieter"}]},{"@type":"WebSite","@id":"https:\/\/www.immobilienbusiness.ch\/#website","url":"https:\/\/www.immobilienbusiness.ch\/","name":"Affari immobiliari","description":"Rivista economica indipendente svizzera che si concentra sul settore immobiliare, l'architettura e la costruzione, nonch\u00e9 sugli investimenti e i finanziamenti.","publisher":{"@id":"https:\/\/www.immobilienbusiness.ch\/#organization"},"potentialAction":[{"@type":"SearchAction","target":{"@type":"EntryPoint","urlTemplate":"https:\/\/www.immobilienbusiness.ch\/?s={search_term_string}"},"query-input":{"@type":"PropertyValueSpecification","valueRequired":true,"valueName":"search_term_string"}}],"inLanguage":"it-IT"},{"@type":"Organization","@id":"https:\/\/www.immobilienbusiness.ch\/#organization","name":"Affari immobiliari","url":"https:\/\/www.immobilienbusiness.ch\/","logo":{"@type":"ImageObject","inLanguage":"it-IT","@id":"https:\/\/www.immobilienbusiness.ch\/#\/schema\/logo\/image\/","url":"https:\/\/www.immobilienbusiness.ch\/wp-content\/uploads\/2021\/07\/logo_ib.png","contentUrl":"https:\/\/www.immobilienbusiness.ch\/wp-content\/uploads\/2021\/07\/logo_ib.png","width":800,"height":181,"caption":"IMMOBILIEN Business"},"image":{"@id":"https:\/\/www.immobilienbusiness.ch\/#\/schema\/logo\/image\/"},"sameAs":["https:\/\/www.facebook.com\/immobilienbusiness\/"]},{"@type":"Person","@id":"https:\/\/www.immobilienbusiness.ch\/#\/schema\/person\/aba8bea2db926aa0c24c08c43fe1fcd5","name":"Alexander Wachter","image":{"@type":"ImageObject","inLanguage":"it-IT","@id":"https:\/\/secure.gravatar.com\/avatar\/1a09e471f5389b0e0a6416eac287e0927c7c97a7b77f9e787eba3af7aee281dd?s=96&d=mm&r=g","url":"https:\/\/secure.gravatar.com\/avatar\/1a09e471f5389b0e0a6416eac287e0927c7c97a7b77f9e787eba3af7aee281dd?s=96&d=mm&r=g","contentUrl":"https:\/\/secure.gravatar.com\/avatar\/1a09e471f5389b0e0a6416eac287e0927c7c97a7b77f9e787eba3af7aee281dd?s=96&d=mm&r=g","caption":"Alexander Wachter"},"url":"https:\/\/www.immobilienbusiness.ch\/it\/author\/alexander-wachter\/"}]}},"_links":{"self":[{"href":"https:\/\/www.immobilienbusiness.ch\/it\/wp-json\/wp\/v2\/posts\/56995","targetHints":{"allow":["GET"]}}],"collection":[{"href":"https:\/\/www.immobilienbusiness.ch\/it\/wp-json\/wp\/v2\/posts"}],"about":[{"href":"https:\/\/www.immobilienbusiness.ch\/it\/wp-json\/wp\/v2\/types\/post"}],"author":[{"embeddable":true,"href":"https:\/\/www.immobilienbusiness.ch\/it\/wp-json\/wp\/v2\/users\/102"}],"replies":[{"embeddable":true,"href":"https:\/\/www.immobilienbusiness.ch\/it\/wp-json\/wp\/v2\/comments?post=56995"}],"version-history":[{"count":5,"href":"https:\/\/www.immobilienbusiness.ch\/it\/wp-json\/wp\/v2\/posts\/56995\/revisions"}],"predecessor-version":[{"id":58878,"href":"https:\/\/www.immobilienbusiness.ch\/it\/wp-json\/wp\/v2\/posts\/56995\/revisions\/58878"}],"wp:featuredmedia":[{"embeddable":true,"href":"https:\/\/www.immobilienbusiness.ch\/it\/wp-json\/wp\/v2\/media\/56996"}],"wp:attachment":[{"href":"https:\/\/www.immobilienbusiness.ch\/it\/wp-json\/wp\/v2\/media?parent=56995"}],"wp:term":[{"taxonomy":"category","embeddable":true,"href":"https:\/\/www.immobilienbusiness.ch\/it\/wp-json\/wp\/v2\/categories?post=56995"},{"taxonomy":"post_tag","embeddable":true,"href":"https:\/\/www.immobilienbusiness.ch\/it\/wp-json\/wp\/v2\/tags?post=56995"}],"curies":[{"name":"wp","href":"https:\/\/api.w.org\/{rel}","templated":true}]}}