{"id":56985,"date":"2024-05-03T07:01:56","date_gmt":"2024-05-03T05:01:56","guid":{"rendered":"https:\/\/www.immobilienbusiness.ch\/?p=56985"},"modified":"2024-08-21T07:01:16","modified_gmt":"2024-08-21T05:01:16","slug":"fondation-equitim-neue-anlagegruppe-fuer-transitionsimmobilien-bis-ende-jahr-sollen-100-millionen-franken-eingesammelt-werden","status":"publish","type":"post","link":"https:\/\/www.immobilienbusiness.ch\/it\/unternehmen\/2024-05-03\/fondation-equitim-neue-anlagegruppe-fuer-transitionsimmobilien-bis-ende-jahr-sollen-100-millionen-franken-eingesammelt-werden\/","title":{"rendered":"Fondation Equitim: nuovo gruppo di investimento per gli immobili di transizione"},"content":{"rendered":"<figure id=\"attachment_13435\" aria-describedby=\"caption-attachment-13435\" style=\"width: 1000px\" class=\"wp-caption alignnone\"><a href=\"https:\/\/www.immobilienbusiness.ch\/wp-content\/uploads\/2018\/07\/Depositphotos_43336157_m-2015.jpg\"><img loading=\"lazy\" decoding=\"async\" class=\"wp-image-13435 size-full\" src=\"https:\/\/www.immobilienbusiness.ch\/wp-content\/uploads\/2018\/07\/Depositphotos_43336157_m-2015.jpg\" alt=\"Fondation Equitim Transition\" width=\"1000\" height=\"667\" srcset=\"https:\/\/www.immobilienbusiness.ch\/wp-content\/uploads\/2018\/07\/Depositphotos_43336157_m-2015.jpg 1000w, https:\/\/www.immobilienbusiness.ch\/wp-content\/uploads\/2018\/07\/Depositphotos_43336157_m-2015-300x200.jpg 300w, https:\/\/www.immobilienbusiness.ch\/wp-content\/uploads\/2018\/07\/Depositphotos_43336157_m-2015-768x512.jpg 768w, https:\/\/www.immobilienbusiness.ch\/wp-content\/uploads\/2018\/07\/Depositphotos_43336157_m-2015-16x12.jpg 16w, https:\/\/www.immobilienbusiness.ch\/wp-content\/uploads\/2018\/07\/Depositphotos_43336157_m-2015-262x175.jpg 262w, https:\/\/www.immobilienbusiness.ch\/wp-content\/uploads\/2018\/07\/Depositphotos_43336157_m-2015-525x350.jpg 525w, https:\/\/www.immobilienbusiness.ch\/wp-content\/uploads\/2018\/07\/Depositphotos_43336157_m-2015-920x614.jpg 920w\" sizes=\"auto, (max-width: 1000px) 100vw, 1000px\" \/><\/a><figcaption id=\"caption-attachment-13435\" class=\"wp-caption-text\">Un nuovo gruppo di investimento vuole rendere gli immobili pi\u00f9 ecologici (Immagine: Depositphotos)<\/figcaption><\/figure>\n<p>Viene lanciato un nuovo gruppo di investimento per immobili da ristrutturare. Con il nome di \"Transition\", verranno raccolti 100 milioni di franchi svizzeri di capitale proprio per la Fondazione Equitim. Il periodo di sottoscrizione iniziale termina il 31 dicembre. Il primo closing \u00e8 previsto per l'estate. Questo gruppo d'investimento \u00e8 gestito dalla societ\u00e0 Fundim SA, che ha sviluppato finora pi\u00f9 di 40 progetti per un valore di oltre 1 miliardo di franchi. Il capitale raccolto sar\u00e0 utilizzato per acquisire un portafoglio di immobili residenziali nella Svizzera occidentale del valore di circa 90 milioni di franchi svizzeri, che saranno poi ristrutturati e modernizzati in termini di efficienza energetica. La maggior parte degli immobili \u00e8 stata costruita negli anni '50 e '60, mentre l'edificio pi\u00f9 recente risale al 1989.<\/p>\n<p>L'obiettivo \u00e8 raggiungere un volume di 300 milioni di franchi svizzeri entro la fine del 2029. \"Fondation Equitim beneficia di stretti rapporti con tutti gli enti pubblici e di una rete di privati interessati ad acquistare immobili in propriet\u00e0 o in locazione\", si legge in un comunicato stampa. Inoltre, il mercato offre attualmente molte opportunit\u00e0, poich\u00e9 la pressione politica per le ristrutturazioni ad alta efficienza energetica sta costringendo i proprietari che non hanno le competenze necessarie a vendere le loro propriet\u00e0. Fundim SA \u00e8 assistita nell'asset allocation da Imvestir Partners SA, specializzata nell'analisi degli investimenti immobiliari indiretti svizzeri e in particolare dei prodotti non quotati.<\/p>\n<h3>Rimessa a nuovo fino a 25% del valore di acquisto<\/h3>\n<p>Nei primi dieci anni di vita, il gruppo d'investimento sar\u00e0 guidato da una strategia di rivalutazione; una volta stabilizzate le propriet\u00e0, \u00e8 prevista una strategia \"core\". Il profilo di acquisizione si concentra su immobili residenziali con un valore compreso tra 5 e 20 milioni di franchi e un rendimento lordo compreso tra 4,5% e 5%. 70% delle propriet\u00e0 devono essere situate nei cantoni di Vaud, Ginevra, Friburgo e Neuch\u00e2tel e avere un elevato potenziale di riduzione delle emissioni di CO2. Inoltre, il lavoro negli edifici deve sostenere l'economia locale. \u00c8 anche auspicabile che i canoni di locazione siano inferiori al livello di mercato e quindi abbiano un elevato potenziale. Nell'arco di 10-15 anni, da 20 a 25% del valore di acquisto devono essere investiti nella transizione energetica ed economica dell'edificio. <em>(aw)<\/em><\/p>\n<p>&nbsp;<\/p>","protected":false},"excerpt":{"rendered":"<p>Gli immobili pi\u00f9 vecchi, con un elevato potenziale di ristrutturazione e di rivalutazione del valore, devono essere riqualificati in termini di efficienza energetica.<\/p>","protected":false},"author":102,"featured_media":13435,"comment_status":"closed","ping_status":"closed","sticky":false,"template":"","format":"standard","meta":{"_acf_changed":false,"_yoast_wpseo_focuskw":"Fondation Equitim Transition","_yoast_wpseo_title":"","_yoast_wpseo_metadesc":"Neue Anlagegruppe \u00abTransition\u00bb sammelt 100 Mio. CHF f\u00fcr sanierungsbed\u00fcrftige Immobilien, Ziel: 300 Mio. CHF bis 2029, energetische Sanierungen geplant.","_yoast_wpseo_linkdex":63,"pgc_sgb_lightbox_settings":"","footnotes":""},"categories":[988],"tags":[3622],"class_list":["post-56985","post","type-post","status-publish","format-standard","has-post-thumbnail","hentry","category-unternehmen","tag-fundim-sa"],"acf":[],"yoast_head":"<!-- This site is optimized with the Yoast SEO plugin v27.5 - https:\/\/yoast.com\/product\/yoast-seo-wordpress\/ -->\n<title>Fondation Equitim: Neue Anlagegruppe f\u00fcr Transitionsimmobilien - IMMOBILIEN Business<\/title>\n<meta name=\"description\" content=\"Neue Anlagegruppe \u00abTransition\u00bb sammelt 100 Mio. CHF f\u00fcr sanierungsbed\u00fcrftige Immobilien, Ziel: 300 Mio. CHF bis 2029, energetische Sanierungen geplant.\" \/>\n<meta name=\"robots\" content=\"index, follow, max-snippet:-1, max-image-preview:large, max-video-preview:-1\" \/>\n<link rel=\"canonical\" href=\"https:\/\/www.immobilienbusiness.ch\/it\/unternehmen\/2024-05-03\/fondation-equitim-neue-anlagegruppe-fuer-transitionsimmobilien-bis-ende-jahr-sollen-100-millionen-franken-eingesammelt-werden\/\" \/>\n<meta property=\"og:locale\" content=\"it_IT\" \/>\n<meta property=\"og:type\" content=\"article\" \/>\n<meta property=\"og:title\" content=\"Fondation Equitim: Neue Anlagegruppe f\u00fcr Transitionsimmobilien - IMMOBILIEN Business\" \/>\n<meta property=\"og:description\" content=\"Neue Anlagegruppe \u00abTransition\u00bb sammelt 100 Mio. CHF f\u00fcr sanierungsbed\u00fcrftige Immobilien, Ziel: 300 Mio. CHF bis 2029, energetische Sanierungen geplant.\" \/>\n<meta property=\"og:url\" content=\"https:\/\/www.immobilienbusiness.ch\/it\/unternehmen\/2024-05-03\/fondation-equitim-neue-anlagegruppe-fuer-transitionsimmobilien-bis-ende-jahr-sollen-100-millionen-franken-eingesammelt-werden\/\" \/>\n<meta property=\"og:site_name\" content=\"IMMOBILIEN Business\" \/>\n<meta property=\"article:publisher\" content=\"https:\/\/www.facebook.com\/immobilienbusiness\/\" \/>\n<meta property=\"article:published_time\" content=\"2024-05-03T05:01:56+00:00\" \/>\n<meta property=\"article:modified_time\" content=\"2024-08-21T05:01:16+00:00\" \/>\n<meta property=\"og:image\" content=\"https:\/\/www.immobilienbusiness.ch\/wp-content\/uploads\/2018\/07\/Depositphotos_43336157_m-2015.jpg\" \/>\n\t<meta property=\"og:image:width\" content=\"1000\" \/>\n\t<meta property=\"og:image:height\" content=\"667\" \/>\n\t<meta property=\"og:image:type\" content=\"image\/jpeg\" \/>\n<meta name=\"author\" content=\"Alexander Wachter\" \/>\n<meta name=\"twitter:card\" content=\"summary_large_image\" \/>\n<script type=\"application\/ld+json\" class=\"yoast-schema-graph\">{\"@context\":\"https:\\\/\\\/schema.org\",\"@graph\":[{\"@type\":\"Article\",\"@id\":\"https:\\\/\\\/www.immobilienbusiness.ch\\\/fr\\\/unternehmen\\\/2024-05-03\\\/fondation-equitim-neue-anlagegruppe-fuer-transitionsimmobilien-bis-ende-jahr-sollen-100-millionen-franken-eingesammelt-werden\\\/#article\",\"isPartOf\":{\"@id\":\"https:\\\/\\\/www.immobilienbusiness.ch\\\/fr\\\/unternehmen\\\/2024-05-03\\\/fondation-equitim-neue-anlagegruppe-fuer-transitionsimmobilien-bis-ende-jahr-sollen-100-millionen-franken-eingesammelt-werden\\\/\"},\"author\":{\"name\":\"Alexander Wachter\",\"@id\":\"https:\\\/\\\/www.immobilienbusiness.ch\\\/#\\\/schema\\\/person\\\/aba8bea2db926aa0c24c08c43fe1fcd5\"},\"headline\":\"Fondation Equitim: Neue Anlagegruppe f\u00fcr Transitionsimmobilien\",\"datePublished\":\"2024-05-03T05:01:56+00:00\",\"dateModified\":\"2024-08-21T05:01:16+00:00\",\"mainEntityOfPage\":{\"@id\":\"https:\\\/\\\/www.immobilienbusiness.ch\\\/fr\\\/unternehmen\\\/2024-05-03\\\/fondation-equitim-neue-anlagegruppe-fuer-transitionsimmobilien-bis-ende-jahr-sollen-100-millionen-franken-eingesammelt-werden\\\/\"},\"wordCount\":364,\"publisher\":{\"@id\":\"https:\\\/\\\/www.immobilienbusiness.ch\\\/#organization\"},\"image\":{\"@id\":\"https:\\\/\\\/www.immobilienbusiness.ch\\\/fr\\\/unternehmen\\\/2024-05-03\\\/fondation-equitim-neue-anlagegruppe-fuer-transitionsimmobilien-bis-ende-jahr-sollen-100-millionen-franken-eingesammelt-werden\\\/#primaryimage\"},\"thumbnailUrl\":\"https:\\\/\\\/www.immobilienbusiness.ch\\\/wp-content\\\/uploads\\\/2018\\\/07\\\/Depositphotos_43336157_m-2015.jpg\",\"keywords\":[\"Fundim SA\"],\"articleSection\":[\"UNTERNEHMEN\"],\"inLanguage\":\"it-IT\"},{\"@type\":\"WebPage\",\"@id\":\"https:\\\/\\\/www.immobilienbusiness.ch\\\/fr\\\/unternehmen\\\/2024-05-03\\\/fondation-equitim-neue-anlagegruppe-fuer-transitionsimmobilien-bis-ende-jahr-sollen-100-millionen-franken-eingesammelt-werden\\\/\",\"url\":\"https:\\\/\\\/www.immobilienbusiness.ch\\\/fr\\\/unternehmen\\\/2024-05-03\\\/fondation-equitim-neue-anlagegruppe-fuer-transitionsimmobilien-bis-ende-jahr-sollen-100-millionen-franken-eingesammelt-werden\\\/\",\"name\":\"Fondation Equitim: Neue Anlagegruppe f\u00fcr Transitionsimmobilien - IMMOBILIEN Business\",\"isPartOf\":{\"@id\":\"https:\\\/\\\/www.immobilienbusiness.ch\\\/#website\"},\"primaryImageOfPage\":{\"@id\":\"https:\\\/\\\/www.immobilienbusiness.ch\\\/fr\\\/unternehmen\\\/2024-05-03\\\/fondation-equitim-neue-anlagegruppe-fuer-transitionsimmobilien-bis-ende-jahr-sollen-100-millionen-franken-eingesammelt-werden\\\/#primaryimage\"},\"image\":{\"@id\":\"https:\\\/\\\/www.immobilienbusiness.ch\\\/fr\\\/unternehmen\\\/2024-05-03\\\/fondation-equitim-neue-anlagegruppe-fuer-transitionsimmobilien-bis-ende-jahr-sollen-100-millionen-franken-eingesammelt-werden\\\/#primaryimage\"},\"thumbnailUrl\":\"https:\\\/\\\/www.immobilienbusiness.ch\\\/wp-content\\\/uploads\\\/2018\\\/07\\\/Depositphotos_43336157_m-2015.jpg\",\"datePublished\":\"2024-05-03T05:01:56+00:00\",\"dateModified\":\"2024-08-21T05:01:16+00:00\",\"description\":\"Neue Anlagegruppe \u00abTransition\u00bb sammelt 100 Mio. CHF f\u00fcr sanierungsbed\u00fcrftige Immobilien, Ziel: 300 Mio. CHF bis 2029, energetische Sanierungen geplant.\",\"breadcrumb\":{\"@id\":\"https:\\\/\\\/www.immobilienbusiness.ch\\\/fr\\\/unternehmen\\\/2024-05-03\\\/fondation-equitim-neue-anlagegruppe-fuer-transitionsimmobilien-bis-ende-jahr-sollen-100-millionen-franken-eingesammelt-werden\\\/#breadcrumb\"},\"inLanguage\":\"it-IT\",\"potentialAction\":[{\"@type\":\"ReadAction\",\"target\":[\"https:\\\/\\\/www.immobilienbusiness.ch\\\/fr\\\/unternehmen\\\/2024-05-03\\\/fondation-equitim-neue-anlagegruppe-fuer-transitionsimmobilien-bis-ende-jahr-sollen-100-millionen-franken-eingesammelt-werden\\\/\"]}]},{\"@type\":\"ImageObject\",\"inLanguage\":\"it-IT\",\"@id\":\"https:\\\/\\\/www.immobilienbusiness.ch\\\/fr\\\/unternehmen\\\/2024-05-03\\\/fondation-equitim-neue-anlagegruppe-fuer-transitionsimmobilien-bis-ende-jahr-sollen-100-millionen-franken-eingesammelt-werden\\\/#primaryimage\",\"url\":\"https:\\\/\\\/www.immobilienbusiness.ch\\\/wp-content\\\/uploads\\\/2018\\\/07\\\/Depositphotos_43336157_m-2015.jpg\",\"contentUrl\":\"https:\\\/\\\/www.immobilienbusiness.ch\\\/wp-content\\\/uploads\\\/2018\\\/07\\\/Depositphotos_43336157_m-2015.jpg\",\"width\":1000,\"height\":667,\"caption\":\"Eine neue Anlagegruppe will Immobilien gr\u00fcner machen (Bild: Depositphotos)\"},{\"@type\":\"BreadcrumbList\",\"@id\":\"https:\\\/\\\/www.immobilienbusiness.ch\\\/fr\\\/unternehmen\\\/2024-05-03\\\/fondation-equitim-neue-anlagegruppe-fuer-transitionsimmobilien-bis-ende-jahr-sollen-100-millionen-franken-eingesammelt-werden\\\/#breadcrumb\",\"itemListElement\":[{\"@type\":\"ListItem\",\"position\":1,\"name\":\"Home\",\"item\":\"https:\\\/\\\/www.immobilienbusiness.ch\\\/\"},{\"@type\":\"ListItem\",\"position\":2,\"name\":\"Fondation Equitim: Neue Anlagegruppe f\u00fcr Transitionsimmobilien\"}]},{\"@type\":\"WebSite\",\"@id\":\"https:\\\/\\\/www.immobilienbusiness.ch\\\/#website\",\"url\":\"https:\\\/\\\/www.immobilienbusiness.ch\\\/\",\"name\":\"IMMOBILIEN Business\",\"description\":\"Unabh\u00e4ngiges Schweizer Wirtschaftsmagazin mit Fokus auf Immobilien, Architektur- und Bau sowie Investment- und Finanzierung.\",\"publisher\":{\"@id\":\"https:\\\/\\\/www.immobilienbusiness.ch\\\/#organization\"},\"potentialAction\":[{\"@type\":\"SearchAction\",\"target\":{\"@type\":\"EntryPoint\",\"urlTemplate\":\"https:\\\/\\\/www.immobilienbusiness.ch\\\/?s={search_term_string}\"},\"query-input\":{\"@type\":\"PropertyValueSpecification\",\"valueRequired\":true,\"valueName\":\"search_term_string\"}}],\"inLanguage\":\"it-IT\"},{\"@type\":\"Organization\",\"@id\":\"https:\\\/\\\/www.immobilienbusiness.ch\\\/#organization\",\"name\":\"IMMOBILIEN Business\",\"url\":\"https:\\\/\\\/www.immobilienbusiness.ch\\\/\",\"logo\":{\"@type\":\"ImageObject\",\"inLanguage\":\"it-IT\",\"@id\":\"https:\\\/\\\/www.immobilienbusiness.ch\\\/#\\\/schema\\\/logo\\\/image\\\/\",\"url\":\"https:\\\/\\\/www.immobilienbusiness.ch\\\/wp-content\\\/uploads\\\/2021\\\/07\\\/logo_ib.png\",\"contentUrl\":\"https:\\\/\\\/www.immobilienbusiness.ch\\\/wp-content\\\/uploads\\\/2021\\\/07\\\/logo_ib.png\",\"width\":800,\"height\":181,\"caption\":\"IMMOBILIEN Business\"},\"image\":{\"@id\":\"https:\\\/\\\/www.immobilienbusiness.ch\\\/#\\\/schema\\\/logo\\\/image\\\/\"},\"sameAs\":[\"https:\\\/\\\/www.facebook.com\\\/immobilienbusiness\\\/\"]},{\"@type\":\"Person\",\"@id\":\"https:\\\/\\\/www.immobilienbusiness.ch\\\/#\\\/schema\\\/person\\\/aba8bea2db926aa0c24c08c43fe1fcd5\",\"name\":\"Alexander Wachter\",\"image\":{\"@type\":\"ImageObject\",\"inLanguage\":\"it-IT\",\"@id\":\"https:\\\/\\\/secure.gravatar.com\\\/avatar\\\/1a09e471f5389b0e0a6416eac287e0927c7c97a7b77f9e787eba3af7aee281dd?s=96&d=mm&r=g\",\"url\":\"https:\\\/\\\/secure.gravatar.com\\\/avatar\\\/1a09e471f5389b0e0a6416eac287e0927c7c97a7b77f9e787eba3af7aee281dd?s=96&d=mm&r=g\",\"contentUrl\":\"https:\\\/\\\/secure.gravatar.com\\\/avatar\\\/1a09e471f5389b0e0a6416eac287e0927c7c97a7b77f9e787eba3af7aee281dd?s=96&d=mm&r=g\",\"caption\":\"Alexander Wachter\"},\"url\":\"https:\\\/\\\/www.immobilienbusiness.ch\\\/it\\\/author\\\/alexander-wachter\\\/\"}]}<\/script>\n<!-- \/ Yoast SEO plugin. -->","yoast_head_json":{"title":"Fondation Equitim: nuovo gruppo di investimento per gli immobili di transizione - IMMOBILIEN Business","description":"Il nuovo gruppo d'investimento \u00abTransition\u00bb raccoglie 100 milioni di franchi svizzeri per immobili da ristrutturare, obiettivo: 300 milioni di franchi svizzeri entro il 2029, previste ristrutturazioni ad alta efficienza energetica.","robots":{"index":"index","follow":"follow","max-snippet":"max-snippet:-1","max-image-preview":"max-image-preview:large","max-video-preview":"max-video-preview:-1"},"canonical":"https:\/\/www.immobilienbusiness.ch\/it\/unternehmen\/2024-05-03\/fondation-equitim-neue-anlagegruppe-fuer-transitionsimmobilien-bis-ende-jahr-sollen-100-millionen-franken-eingesammelt-werden\/","og_locale":"it_IT","og_type":"article","og_title":"Fondation Equitim: Neue Anlagegruppe f\u00fcr Transitionsimmobilien - IMMOBILIEN Business","og_description":"Neue Anlagegruppe \u00abTransition\u00bb sammelt 100 Mio. CHF f\u00fcr sanierungsbed\u00fcrftige Immobilien, Ziel: 300 Mio. CHF bis 2029, energetische Sanierungen geplant.","og_url":"https:\/\/www.immobilienbusiness.ch\/it\/unternehmen\/2024-05-03\/fondation-equitim-neue-anlagegruppe-fuer-transitionsimmobilien-bis-ende-jahr-sollen-100-millionen-franken-eingesammelt-werden\/","og_site_name":"IMMOBILIEN Business","article_publisher":"https:\/\/www.facebook.com\/immobilienbusiness\/","article_published_time":"2024-05-03T05:01:56+00:00","article_modified_time":"2024-08-21T05:01:16+00:00","og_image":[{"width":1000,"height":667,"url":"https:\/\/www.immobilienbusiness.ch\/wp-content\/uploads\/2018\/07\/Depositphotos_43336157_m-2015.jpg","type":"image\/jpeg"}],"author":"Alexander Wachter","twitter_card":"summary_large_image","schema":{"@context":"https:\/\/schema.org","@graph":[{"@type":"Article","@id":"https:\/\/www.immobilienbusiness.ch\/fr\/unternehmen\/2024-05-03\/fondation-equitim-neue-anlagegruppe-fuer-transitionsimmobilien-bis-ende-jahr-sollen-100-millionen-franken-eingesammelt-werden\/#article","isPartOf":{"@id":"https:\/\/www.immobilienbusiness.ch\/fr\/unternehmen\/2024-05-03\/fondation-equitim-neue-anlagegruppe-fuer-transitionsimmobilien-bis-ende-jahr-sollen-100-millionen-franken-eingesammelt-werden\/"},"author":{"name":"Alexander Wachter","@id":"https:\/\/www.immobilienbusiness.ch\/#\/schema\/person\/aba8bea2db926aa0c24c08c43fe1fcd5"},"headline":"Fondation Equitim: Neue Anlagegruppe f\u00fcr Transitionsimmobilien","datePublished":"2024-05-03T05:01:56+00:00","dateModified":"2024-08-21T05:01:16+00:00","mainEntityOfPage":{"@id":"https:\/\/www.immobilienbusiness.ch\/fr\/unternehmen\/2024-05-03\/fondation-equitim-neue-anlagegruppe-fuer-transitionsimmobilien-bis-ende-jahr-sollen-100-millionen-franken-eingesammelt-werden\/"},"wordCount":364,"publisher":{"@id":"https:\/\/www.immobilienbusiness.ch\/#organization"},"image":{"@id":"https:\/\/www.immobilienbusiness.ch\/fr\/unternehmen\/2024-05-03\/fondation-equitim-neue-anlagegruppe-fuer-transitionsimmobilien-bis-ende-jahr-sollen-100-millionen-franken-eingesammelt-werden\/#primaryimage"},"thumbnailUrl":"https:\/\/www.immobilienbusiness.ch\/wp-content\/uploads\/2018\/07\/Depositphotos_43336157_m-2015.jpg","keywords":["Fundim SA"],"articleSection":["UNTERNEHMEN"],"inLanguage":"it-IT"},{"@type":"WebPage","@id":"https:\/\/www.immobilienbusiness.ch\/fr\/unternehmen\/2024-05-03\/fondation-equitim-neue-anlagegruppe-fuer-transitionsimmobilien-bis-ende-jahr-sollen-100-millionen-franken-eingesammelt-werden\/","url":"https:\/\/www.immobilienbusiness.ch\/fr\/unternehmen\/2024-05-03\/fondation-equitim-neue-anlagegruppe-fuer-transitionsimmobilien-bis-ende-jahr-sollen-100-millionen-franken-eingesammelt-werden\/","name":"Fondation Equitim: nuovo gruppo di investimento per gli immobili di transizione - IMMOBILIEN Business","isPartOf":{"@id":"https:\/\/www.immobilienbusiness.ch\/#website"},"primaryImageOfPage":{"@id":"https:\/\/www.immobilienbusiness.ch\/fr\/unternehmen\/2024-05-03\/fondation-equitim-neue-anlagegruppe-fuer-transitionsimmobilien-bis-ende-jahr-sollen-100-millionen-franken-eingesammelt-werden\/#primaryimage"},"image":{"@id":"https:\/\/www.immobilienbusiness.ch\/fr\/unternehmen\/2024-05-03\/fondation-equitim-neue-anlagegruppe-fuer-transitionsimmobilien-bis-ende-jahr-sollen-100-millionen-franken-eingesammelt-werden\/#primaryimage"},"thumbnailUrl":"https:\/\/www.immobilienbusiness.ch\/wp-content\/uploads\/2018\/07\/Depositphotos_43336157_m-2015.jpg","datePublished":"2024-05-03T05:01:56+00:00","dateModified":"2024-08-21T05:01:16+00:00","description":"Il nuovo gruppo d'investimento \u00abTransition\u00bb raccoglie 100 milioni di franchi svizzeri per immobili da ristrutturare, obiettivo: 300 milioni di franchi svizzeri entro il 2029, previste ristrutturazioni ad alta efficienza energetica.","breadcrumb":{"@id":"https:\/\/www.immobilienbusiness.ch\/fr\/unternehmen\/2024-05-03\/fondation-equitim-neue-anlagegruppe-fuer-transitionsimmobilien-bis-ende-jahr-sollen-100-millionen-franken-eingesammelt-werden\/#breadcrumb"},"inLanguage":"it-IT","potentialAction":[{"@type":"ReadAction","target":["https:\/\/www.immobilienbusiness.ch\/fr\/unternehmen\/2024-05-03\/fondation-equitim-neue-anlagegruppe-fuer-transitionsimmobilien-bis-ende-jahr-sollen-100-millionen-franken-eingesammelt-werden\/"]}]},{"@type":"ImageObject","inLanguage":"it-IT","@id":"https:\/\/www.immobilienbusiness.ch\/fr\/unternehmen\/2024-05-03\/fondation-equitim-neue-anlagegruppe-fuer-transitionsimmobilien-bis-ende-jahr-sollen-100-millionen-franken-eingesammelt-werden\/#primaryimage","url":"https:\/\/www.immobilienbusiness.ch\/wp-content\/uploads\/2018\/07\/Depositphotos_43336157_m-2015.jpg","contentUrl":"https:\/\/www.immobilienbusiness.ch\/wp-content\/uploads\/2018\/07\/Depositphotos_43336157_m-2015.jpg","width":1000,"height":667,"caption":"Eine neue Anlagegruppe will Immobilien gr\u00fcner machen (Bild: Depositphotos)"},{"@type":"BreadcrumbList","@id":"https:\/\/www.immobilienbusiness.ch\/fr\/unternehmen\/2024-05-03\/fondation-equitim-neue-anlagegruppe-fuer-transitionsimmobilien-bis-ende-jahr-sollen-100-millionen-franken-eingesammelt-werden\/#breadcrumb","itemListElement":[{"@type":"ListItem","position":1,"name":"Home","item":"https:\/\/www.immobilienbusiness.ch\/"},{"@type":"ListItem","position":2,"name":"Fondation Equitim: Neue Anlagegruppe f\u00fcr Transitionsimmobilien"}]},{"@type":"WebSite","@id":"https:\/\/www.immobilienbusiness.ch\/#website","url":"https:\/\/www.immobilienbusiness.ch\/","name":"Affari immobiliari","description":"Rivista economica indipendente svizzera che si concentra sul settore immobiliare, l'architettura e la costruzione, nonch\u00e9 sugli investimenti e i finanziamenti.","publisher":{"@id":"https:\/\/www.immobilienbusiness.ch\/#organization"},"potentialAction":[{"@type":"SearchAction","target":{"@type":"EntryPoint","urlTemplate":"https:\/\/www.immobilienbusiness.ch\/?s={search_term_string}"},"query-input":{"@type":"PropertyValueSpecification","valueRequired":true,"valueName":"search_term_string"}}],"inLanguage":"it-IT"},{"@type":"Organization","@id":"https:\/\/www.immobilienbusiness.ch\/#organization","name":"Affari immobiliari","url":"https:\/\/www.immobilienbusiness.ch\/","logo":{"@type":"ImageObject","inLanguage":"it-IT","@id":"https:\/\/www.immobilienbusiness.ch\/#\/schema\/logo\/image\/","url":"https:\/\/www.immobilienbusiness.ch\/wp-content\/uploads\/2021\/07\/logo_ib.png","contentUrl":"https:\/\/www.immobilienbusiness.ch\/wp-content\/uploads\/2021\/07\/logo_ib.png","width":800,"height":181,"caption":"IMMOBILIEN Business"},"image":{"@id":"https:\/\/www.immobilienbusiness.ch\/#\/schema\/logo\/image\/"},"sameAs":["https:\/\/www.facebook.com\/immobilienbusiness\/"]},{"@type":"Person","@id":"https:\/\/www.immobilienbusiness.ch\/#\/schema\/person\/aba8bea2db926aa0c24c08c43fe1fcd5","name":"Alexander Wachter","image":{"@type":"ImageObject","inLanguage":"it-IT","@id":"https:\/\/secure.gravatar.com\/avatar\/1a09e471f5389b0e0a6416eac287e0927c7c97a7b77f9e787eba3af7aee281dd?s=96&d=mm&r=g","url":"https:\/\/secure.gravatar.com\/avatar\/1a09e471f5389b0e0a6416eac287e0927c7c97a7b77f9e787eba3af7aee281dd?s=96&d=mm&r=g","contentUrl":"https:\/\/secure.gravatar.com\/avatar\/1a09e471f5389b0e0a6416eac287e0927c7c97a7b77f9e787eba3af7aee281dd?s=96&d=mm&r=g","caption":"Alexander Wachter"},"url":"https:\/\/www.immobilienbusiness.ch\/it\/author\/alexander-wachter\/"}]}},"_links":{"self":[{"href":"https:\/\/www.immobilienbusiness.ch\/it\/wp-json\/wp\/v2\/posts\/56985","targetHints":{"allow":["GET"]}}],"collection":[{"href":"https:\/\/www.immobilienbusiness.ch\/it\/wp-json\/wp\/v2\/posts"}],"about":[{"href":"https:\/\/www.immobilienbusiness.ch\/it\/wp-json\/wp\/v2\/types\/post"}],"author":[{"embeddable":true,"href":"https:\/\/www.immobilienbusiness.ch\/it\/wp-json\/wp\/v2\/users\/102"}],"replies":[{"embeddable":true,"href":"https:\/\/www.immobilienbusiness.ch\/it\/wp-json\/wp\/v2\/comments?post=56985"}],"version-history":[{"count":6,"href":"https:\/\/www.immobilienbusiness.ch\/it\/wp-json\/wp\/v2\/posts\/56985\/revisions"}],"predecessor-version":[{"id":58888,"href":"https:\/\/www.immobilienbusiness.ch\/it\/wp-json\/wp\/v2\/posts\/56985\/revisions\/58888"}],"wp:featuredmedia":[{"embeddable":true,"href":"https:\/\/www.immobilienbusiness.ch\/it\/wp-json\/wp\/v2\/media\/13435"}],"wp:attachment":[{"href":"https:\/\/www.immobilienbusiness.ch\/it\/wp-json\/wp\/v2\/media?parent=56985"}],"wp:term":[{"taxonomy":"category","embeddable":true,"href":"https:\/\/www.immobilienbusiness.ch\/it\/wp-json\/wp\/v2\/categories?post=56985"},{"taxonomy":"post_tag","embeddable":true,"href":"https:\/\/www.immobilienbusiness.ch\/it\/wp-json\/wp\/v2\/tags?post=56985"}],"curies":[{"name":"wp","href":"https:\/\/api.w.org\/{rel}","templated":true}]}}