{"id":56848,"date":"2024-04-25T07:28:42","date_gmt":"2024-04-25T05:28:42","guid":{"rendered":"https:\/\/www.immobilienbusiness.ch\/?p=56848"},"modified":"2024-08-21T07:25:26","modified_gmt":"2024-08-21T05:25:26","slug":"livit-ernennt-beatrice-lifart-zur-ceo","status":"publish","type":"post","link":"https:\/\/www.immobilienbusiness.ch\/it\/personalia\/2024-04-25\/livit-ernennt-beatrice-lifart-zur-ceo\/","title":{"rendered":"Livit nomina Beatrice Lifart amministratore delegato"},"content":{"rendered":"<p>&nbsp;<\/p>\n<figure id=\"attachment_56849\" aria-describedby=\"caption-attachment-56849\" style=\"width: 1181px\" class=\"wp-caption alignnone\"><a href=\"https:\/\/www.immobilienbusiness.ch\/wp-content\/uploads\/2024\/04\/b-lifart.jpg\"><img loading=\"lazy\" decoding=\"async\" class=\"wp-image-56849 size-full\" src=\"https:\/\/www.immobilienbusiness.ch\/wp-content\/uploads\/2024\/04\/b-lifart.jpg\" alt=\"Beatrice Lifart Livit \" width=\"1181\" height=\"787\" srcset=\"https:\/\/www.immobilienbusiness.ch\/wp-content\/uploads\/2024\/04\/b-lifart.jpg 1181w, https:\/\/www.immobilienbusiness.ch\/wp-content\/uploads\/2024\/04\/b-lifart-300x200.jpg 300w, https:\/\/www.immobilienbusiness.ch\/wp-content\/uploads\/2024\/04\/b-lifart-1024x682.jpg 1024w, https:\/\/www.immobilienbusiness.ch\/wp-content\/uploads\/2024\/04\/b-lifart-768x512.jpg 768w, https:\/\/www.immobilienbusiness.ch\/wp-content\/uploads\/2024\/04\/b-lifart-18x12.jpg 18w, https:\/\/www.immobilienbusiness.ch\/wp-content\/uploads\/2024\/04\/b-lifart-375x250.jpg 375w, https:\/\/www.immobilienbusiness.ch\/wp-content\/uploads\/2024\/04\/b-lifart-525x350.jpg 525w, https:\/\/www.immobilienbusiness.ch\/wp-content\/uploads\/2024\/04\/b-lifart-1000x666.jpg 1000w\" sizes=\"auto, (max-width: 1181px) 100vw, 1181px\" \/><\/a><figcaption id=\"caption-attachment-56849\" class=\"wp-caption-text\">Beatrice Lifart (Immagine: Livit AG)<\/figcaption><\/figure>\n<p>Beatrice Lifart (57) assumer\u00e0 la direzione di Livit il 1\u00b0 maggio. \u00c8 entrata in azienda nel 2000 come responsabile delle risorse umane. \"Con Beatrice Lifart, il Consiglio di amministrazione si concentra sulla stabilit\u00e0 e sulla qualit\u00e0 nell'ulteriore sviluppo di Livit\", scrive la societ\u00e0 in un comunicato stampa. Lifart ha ricoperto per molti anni il ruolo di Vice Direttore Generale. \u00c8 stata anche membro del Consiglio di amministrazione. Ha assunto varie posizioni ad interim, come quella di responsabile della gestione delle costruzioni. \"Beatrice Lifart ha contribuito in modo significativo all'attuale immagine di Livit come azienda innovativa e orientata al futuro\", afferma Hermann Inglin, Presidente del Consiglio di Amministrazione dell'azienda. \"Grazie alla sua forte attenzione al cliente e alla sua visione strategica, ha definito gli standard del settore\".<\/p>\n<p>Livit \u00e8 una societ\u00e0 svizzera di gestione immobiliare con 650 dipendenti. Dal 1999 \u00e8 di propriet\u00e0 del gruppo assicurativo Swiss Life. Livit gestisce 187.000 propriet\u00e0 in affitto con oltre 3 milioni di metri quadrati di spazio commerciale e un valore di oltre 54 miliardi di franchi svizzeri.<\/p>\n<p>A marzo l'azienda ha annunciato che il precedente CEO Wolfgang Stiebellehner avrebbe lasciato Livit. <a href=\"https:\/\/www.immobilienbusiness.ch\/it\/personalia\/2024-03-28\/ceo-wolfgang-stiebellehner-verlaesst-livit\/\" target=\"_blank\" rel=\"noopener\">(IB ha riferito)<\/a>. Entrer\u00e0 in carica nel 2022. <em>(aw)<\/em><\/p>","protected":false},"excerpt":{"rendered":"<p>Il responsabile di lunga data del dipartimento Risorse Umane ha gi\u00e0 ricoperto il ruolo di vicedirettore dell'Ufficio di Presidenza.<\/p>","protected":false},"author":102,"featured_media":56849,"comment_status":"closed","ping_status":"closed","sticky":false,"template":"","format":"standard","meta":{"_acf_changed":false,"_yoast_wpseo_focuskw":"Beatrice Lifart Livit","_yoast_wpseo_title":"","_yoast_wpseo_metadesc":"Beatrice Lifart \u00fcbernimmt die Unternehmensleitung der Livit ab 1. Mai. Sie ist seit 2000 im Unternehmen t\u00e4tig.","_yoast_wpseo_linkdex":52,"pgc_sgb_lightbox_settings":"","footnotes":""},"categories":[1912],"tags":[1992,1448,1563,1756],"class_list":["post-56848","post","type-post","status-publish","format-standard","has-post-thumbnail","hentry","category-personalia","tag-facility-property-manager","tag-livit","tag-personalia","tag-swiss-life"],"acf":[],"yoast_head":"<!-- This site is optimized with the Yoast SEO plugin v27.4 - https:\/\/yoast.com\/product\/yoast-seo-wordpress\/ -->\n<title>Livit ernennt Beatrice Lifart zur CEO - IMMOBILIEN Business<\/title>\n<meta name=\"description\" content=\"Beatrice Lifart \u00fcbernimmt die Unternehmensleitung der Livit ab 1. Mai. Sie ist seit 2000 im Unternehmen t\u00e4tig.\" \/>\n<meta name=\"robots\" content=\"index, follow, max-snippet:-1, max-image-preview:large, max-video-preview:-1\" \/>\n<link rel=\"canonical\" href=\"https:\/\/www.immobilienbusiness.ch\/it\/personalia\/2024-04-25\/livit-ernennt-beatrice-lifart-zur-ceo\/\" \/>\n<meta property=\"og:locale\" content=\"it_IT\" \/>\n<meta property=\"og:type\" content=\"article\" \/>\n<meta property=\"og:title\" content=\"Livit ernennt Beatrice Lifart zur CEO - IMMOBILIEN Business\" \/>\n<meta property=\"og:description\" content=\"Beatrice Lifart \u00fcbernimmt die Unternehmensleitung der Livit ab 1. Mai. Sie ist seit 2000 im Unternehmen t\u00e4tig.\" \/>\n<meta property=\"og:url\" content=\"https:\/\/www.immobilienbusiness.ch\/it\/personalia\/2024-04-25\/livit-ernennt-beatrice-lifart-zur-ceo\/\" \/>\n<meta property=\"og:site_name\" content=\"IMMOBILIEN Business\" \/>\n<meta property=\"article:publisher\" content=\"https:\/\/www.facebook.com\/immobilienbusiness\/\" \/>\n<meta property=\"article:published_time\" content=\"2024-04-25T05:28:42+00:00\" \/>\n<meta property=\"article:modified_time\" content=\"2024-08-21T05:25:26+00:00\" \/>\n<meta property=\"og:image\" content=\"https:\/\/www.immobilienbusiness.ch\/wp-content\/uploads\/2024\/04\/b-lifart.jpg\" \/>\n\t<meta property=\"og:image:width\" content=\"1181\" \/>\n\t<meta property=\"og:image:height\" content=\"787\" \/>\n\t<meta property=\"og:image:type\" content=\"image\/jpeg\" \/>\n<meta name=\"author\" content=\"Alexander Wachter\" \/>\n<meta name=\"twitter:card\" content=\"summary_large_image\" \/>\n<script type=\"application\/ld+json\" class=\"yoast-schema-graph\">{\"@context\":\"https:\\\/\\\/schema.org\",\"@graph\":[{\"@type\":\"Article\",\"@id\":\"https:\\\/\\\/www.immobilienbusiness.ch\\\/it\\\/personalia\\\/2024-04-25\\\/livit-ernennt-beatrice-lifart-zur-ceo\\\/#article\",\"isPartOf\":{\"@id\":\"https:\\\/\\\/www.immobilienbusiness.ch\\\/it\\\/personalia\\\/2024-04-25\\\/livit-ernennt-beatrice-lifart-zur-ceo\\\/\"},\"author\":{\"name\":\"Alexander Wachter\",\"@id\":\"https:\\\/\\\/www.immobilienbusiness.ch\\\/#\\\/schema\\\/person\\\/aba8bea2db926aa0c24c08c43fe1fcd5\"},\"headline\":\"Livit ernennt Beatrice Lifart zur CEO\",\"datePublished\":\"2024-04-25T05:28:42+00:00\",\"dateModified\":\"2024-08-21T05:25:26+00:00\",\"mainEntityOfPage\":{\"@id\":\"https:\\\/\\\/www.immobilienbusiness.ch\\\/it\\\/personalia\\\/2024-04-25\\\/livit-ernennt-beatrice-lifart-zur-ceo\\\/\"},\"wordCount\":189,\"publisher\":{\"@id\":\"https:\\\/\\\/www.immobilienbusiness.ch\\\/#organization\"},\"image\":{\"@id\":\"https:\\\/\\\/www.immobilienbusiness.ch\\\/it\\\/personalia\\\/2024-04-25\\\/livit-ernennt-beatrice-lifart-zur-ceo\\\/#primaryimage\"},\"thumbnailUrl\":\"https:\\\/\\\/www.immobilienbusiness.ch\\\/wp-content\\\/uploads\\\/2024\\\/04\\\/b-lifart.jpg\",\"keywords\":[\"Facility\\\/Property Manager\",\"Livit\",\"Personalia\",\"Swiss Life\"],\"articleSection\":[\"PERSONALIA\"],\"inLanguage\":\"it-IT\"},{\"@type\":\"WebPage\",\"@id\":\"https:\\\/\\\/www.immobilienbusiness.ch\\\/it\\\/personalia\\\/2024-04-25\\\/livit-ernennt-beatrice-lifart-zur-ceo\\\/\",\"url\":\"https:\\\/\\\/www.immobilienbusiness.ch\\\/it\\\/personalia\\\/2024-04-25\\\/livit-ernennt-beatrice-lifart-zur-ceo\\\/\",\"name\":\"Livit ernennt Beatrice Lifart zur CEO - IMMOBILIEN Business\",\"isPartOf\":{\"@id\":\"https:\\\/\\\/www.immobilienbusiness.ch\\\/#website\"},\"primaryImageOfPage\":{\"@id\":\"https:\\\/\\\/www.immobilienbusiness.ch\\\/it\\\/personalia\\\/2024-04-25\\\/livit-ernennt-beatrice-lifart-zur-ceo\\\/#primaryimage\"},\"image\":{\"@id\":\"https:\\\/\\\/www.immobilienbusiness.ch\\\/it\\\/personalia\\\/2024-04-25\\\/livit-ernennt-beatrice-lifart-zur-ceo\\\/#primaryimage\"},\"thumbnailUrl\":\"https:\\\/\\\/www.immobilienbusiness.ch\\\/wp-content\\\/uploads\\\/2024\\\/04\\\/b-lifart.jpg\",\"datePublished\":\"2024-04-25T05:28:42+00:00\",\"dateModified\":\"2024-08-21T05:25:26+00:00\",\"description\":\"Beatrice Lifart \u00fcbernimmt die Unternehmensleitung der Livit ab 1. Mai. Sie ist seit 2000 im Unternehmen t\u00e4tig.\",\"breadcrumb\":{\"@id\":\"https:\\\/\\\/www.immobilienbusiness.ch\\\/it\\\/personalia\\\/2024-04-25\\\/livit-ernennt-beatrice-lifart-zur-ceo\\\/#breadcrumb\"},\"inLanguage\":\"it-IT\",\"potentialAction\":[{\"@type\":\"ReadAction\",\"target\":[\"https:\\\/\\\/www.immobilienbusiness.ch\\\/it\\\/personalia\\\/2024-04-25\\\/livit-ernennt-beatrice-lifart-zur-ceo\\\/\"]}]},{\"@type\":\"ImageObject\",\"inLanguage\":\"it-IT\",\"@id\":\"https:\\\/\\\/www.immobilienbusiness.ch\\\/it\\\/personalia\\\/2024-04-25\\\/livit-ernennt-beatrice-lifart-zur-ceo\\\/#primaryimage\",\"url\":\"https:\\\/\\\/www.immobilienbusiness.ch\\\/wp-content\\\/uploads\\\/2024\\\/04\\\/b-lifart.jpg\",\"contentUrl\":\"https:\\\/\\\/www.immobilienbusiness.ch\\\/wp-content\\\/uploads\\\/2024\\\/04\\\/b-lifart.jpg\",\"width\":1181,\"height\":787,\"caption\":\"Beatrice Lifart (Bild: Livit AG)\"},{\"@type\":\"BreadcrumbList\",\"@id\":\"https:\\\/\\\/www.immobilienbusiness.ch\\\/it\\\/personalia\\\/2024-04-25\\\/livit-ernennt-beatrice-lifart-zur-ceo\\\/#breadcrumb\",\"itemListElement\":[{\"@type\":\"ListItem\",\"position\":1,\"name\":\"Home\",\"item\":\"https:\\\/\\\/www.immobilienbusiness.ch\\\/\"},{\"@type\":\"ListItem\",\"position\":2,\"name\":\"Livit ernennt Beatrice Lifart zur CEO\"}]},{\"@type\":\"WebSite\",\"@id\":\"https:\\\/\\\/www.immobilienbusiness.ch\\\/#website\",\"url\":\"https:\\\/\\\/www.immobilienbusiness.ch\\\/\",\"name\":\"IMMOBILIEN Business\",\"description\":\"Unabh\u00e4ngiges Schweizer Wirtschaftsmagazin mit Fokus auf Immobilien, Architektur- und Bau sowie Investment- und Finanzierung.\",\"publisher\":{\"@id\":\"https:\\\/\\\/www.immobilienbusiness.ch\\\/#organization\"},\"potentialAction\":[{\"@type\":\"SearchAction\",\"target\":{\"@type\":\"EntryPoint\",\"urlTemplate\":\"https:\\\/\\\/www.immobilienbusiness.ch\\\/?s={search_term_string}\"},\"query-input\":{\"@type\":\"PropertyValueSpecification\",\"valueRequired\":true,\"valueName\":\"search_term_string\"}}],\"inLanguage\":\"it-IT\"},{\"@type\":\"Organization\",\"@id\":\"https:\\\/\\\/www.immobilienbusiness.ch\\\/#organization\",\"name\":\"IMMOBILIEN Business\",\"url\":\"https:\\\/\\\/www.immobilienbusiness.ch\\\/\",\"logo\":{\"@type\":\"ImageObject\",\"inLanguage\":\"it-IT\",\"@id\":\"https:\\\/\\\/www.immobilienbusiness.ch\\\/#\\\/schema\\\/logo\\\/image\\\/\",\"url\":\"https:\\\/\\\/www.immobilienbusiness.ch\\\/wp-content\\\/uploads\\\/2021\\\/07\\\/logo_ib.png\",\"contentUrl\":\"https:\\\/\\\/www.immobilienbusiness.ch\\\/wp-content\\\/uploads\\\/2021\\\/07\\\/logo_ib.png\",\"width\":800,\"height\":181,\"caption\":\"IMMOBILIEN Business\"},\"image\":{\"@id\":\"https:\\\/\\\/www.immobilienbusiness.ch\\\/#\\\/schema\\\/logo\\\/image\\\/\"},\"sameAs\":[\"https:\\\/\\\/www.facebook.com\\\/immobilienbusiness\\\/\"]},{\"@type\":\"Person\",\"@id\":\"https:\\\/\\\/www.immobilienbusiness.ch\\\/#\\\/schema\\\/person\\\/aba8bea2db926aa0c24c08c43fe1fcd5\",\"name\":\"Alexander Wachter\",\"image\":{\"@type\":\"ImageObject\",\"inLanguage\":\"it-IT\",\"@id\":\"https:\\\/\\\/secure.gravatar.com\\\/avatar\\\/1a09e471f5389b0e0a6416eac287e0927c7c97a7b77f9e787eba3af7aee281dd?s=96&d=mm&r=g\",\"url\":\"https:\\\/\\\/secure.gravatar.com\\\/avatar\\\/1a09e471f5389b0e0a6416eac287e0927c7c97a7b77f9e787eba3af7aee281dd?s=96&d=mm&r=g\",\"contentUrl\":\"https:\\\/\\\/secure.gravatar.com\\\/avatar\\\/1a09e471f5389b0e0a6416eac287e0927c7c97a7b77f9e787eba3af7aee281dd?s=96&d=mm&r=g\",\"caption\":\"Alexander Wachter\"},\"url\":\"https:\\\/\\\/www.immobilienbusiness.ch\\\/it\\\/author\\\/alexander-wachter\\\/\"}]}<\/script>\n<!-- \/ Yoast SEO plugin. -->","yoast_head_json":{"title":"Livit nomina Beatrice Lifart amministratore delegato - IMMOBILIEN Business","description":"Beatrice Lifart assumer\u00e0 la direzione di Livit dal 1\u00b0 maggio. Lavora per l'azienda dal 2000.","robots":{"index":"index","follow":"follow","max-snippet":"max-snippet:-1","max-image-preview":"max-image-preview:large","max-video-preview":"max-video-preview:-1"},"canonical":"https:\/\/www.immobilienbusiness.ch\/it\/personalia\/2024-04-25\/livit-ernennt-beatrice-lifart-zur-ceo\/","og_locale":"it_IT","og_type":"article","og_title":"Livit ernennt Beatrice Lifart zur CEO - IMMOBILIEN Business","og_description":"Beatrice Lifart \u00fcbernimmt die Unternehmensleitung der Livit ab 1. Mai. Sie ist seit 2000 im Unternehmen t\u00e4tig.","og_url":"https:\/\/www.immobilienbusiness.ch\/it\/personalia\/2024-04-25\/livit-ernennt-beatrice-lifart-zur-ceo\/","og_site_name":"IMMOBILIEN Business","article_publisher":"https:\/\/www.facebook.com\/immobilienbusiness\/","article_published_time":"2024-04-25T05:28:42+00:00","article_modified_time":"2024-08-21T05:25:26+00:00","og_image":[{"width":1181,"height":787,"url":"https:\/\/www.immobilienbusiness.ch\/wp-content\/uploads\/2024\/04\/b-lifart.jpg","type":"image\/jpeg"}],"author":"Alexander Wachter","twitter_card":"summary_large_image","schema":{"@context":"https:\/\/schema.org","@graph":[{"@type":"Article","@id":"https:\/\/www.immobilienbusiness.ch\/it\/personalia\/2024-04-25\/livit-ernennt-beatrice-lifart-zur-ceo\/#article","isPartOf":{"@id":"https:\/\/www.immobilienbusiness.ch\/it\/personalia\/2024-04-25\/livit-ernennt-beatrice-lifart-zur-ceo\/"},"author":{"name":"Alexander Wachter","@id":"https:\/\/www.immobilienbusiness.ch\/#\/schema\/person\/aba8bea2db926aa0c24c08c43fe1fcd5"},"headline":"Livit ernennt Beatrice Lifart zur CEO","datePublished":"2024-04-25T05:28:42+00:00","dateModified":"2024-08-21T05:25:26+00:00","mainEntityOfPage":{"@id":"https:\/\/www.immobilienbusiness.ch\/it\/personalia\/2024-04-25\/livit-ernennt-beatrice-lifart-zur-ceo\/"},"wordCount":189,"publisher":{"@id":"https:\/\/www.immobilienbusiness.ch\/#organization"},"image":{"@id":"https:\/\/www.immobilienbusiness.ch\/it\/personalia\/2024-04-25\/livit-ernennt-beatrice-lifart-zur-ceo\/#primaryimage"},"thumbnailUrl":"https:\/\/www.immobilienbusiness.ch\/wp-content\/uploads\/2024\/04\/b-lifart.jpg","keywords":["Facility\/Property Manager","Livit","Personalia","Swiss Life"],"articleSection":["PERSONALIA"],"inLanguage":"it-IT"},{"@type":"WebPage","@id":"https:\/\/www.immobilienbusiness.ch\/it\/personalia\/2024-04-25\/livit-ernennt-beatrice-lifart-zur-ceo\/","url":"https:\/\/www.immobilienbusiness.ch\/it\/personalia\/2024-04-25\/livit-ernennt-beatrice-lifart-zur-ceo\/","name":"Livit nomina Beatrice Lifart amministratore delegato - IMMOBILIEN Business","isPartOf":{"@id":"https:\/\/www.immobilienbusiness.ch\/#website"},"primaryImageOfPage":{"@id":"https:\/\/www.immobilienbusiness.ch\/it\/personalia\/2024-04-25\/livit-ernennt-beatrice-lifart-zur-ceo\/#primaryimage"},"image":{"@id":"https:\/\/www.immobilienbusiness.ch\/it\/personalia\/2024-04-25\/livit-ernennt-beatrice-lifart-zur-ceo\/#primaryimage"},"thumbnailUrl":"https:\/\/www.immobilienbusiness.ch\/wp-content\/uploads\/2024\/04\/b-lifart.jpg","datePublished":"2024-04-25T05:28:42+00:00","dateModified":"2024-08-21T05:25:26+00:00","description":"Beatrice Lifart assumer\u00e0 la direzione di Livit dal 1\u00b0 maggio. Lavora per l'azienda dal 2000.","breadcrumb":{"@id":"https:\/\/www.immobilienbusiness.ch\/it\/personalia\/2024-04-25\/livit-ernennt-beatrice-lifart-zur-ceo\/#breadcrumb"},"inLanguage":"it-IT","potentialAction":[{"@type":"ReadAction","target":["https:\/\/www.immobilienbusiness.ch\/it\/personalia\/2024-04-25\/livit-ernennt-beatrice-lifart-zur-ceo\/"]}]},{"@type":"ImageObject","inLanguage":"it-IT","@id":"https:\/\/www.immobilienbusiness.ch\/it\/personalia\/2024-04-25\/livit-ernennt-beatrice-lifart-zur-ceo\/#primaryimage","url":"https:\/\/www.immobilienbusiness.ch\/wp-content\/uploads\/2024\/04\/b-lifart.jpg","contentUrl":"https:\/\/www.immobilienbusiness.ch\/wp-content\/uploads\/2024\/04\/b-lifart.jpg","width":1181,"height":787,"caption":"Beatrice Lifart (Bild: Livit AG)"},{"@type":"BreadcrumbList","@id":"https:\/\/www.immobilienbusiness.ch\/it\/personalia\/2024-04-25\/livit-ernennt-beatrice-lifart-zur-ceo\/#breadcrumb","itemListElement":[{"@type":"ListItem","position":1,"name":"Home","item":"https:\/\/www.immobilienbusiness.ch\/"},{"@type":"ListItem","position":2,"name":"Livit ernennt Beatrice Lifart zur CEO"}]},{"@type":"WebSite","@id":"https:\/\/www.immobilienbusiness.ch\/#website","url":"https:\/\/www.immobilienbusiness.ch\/","name":"Affari immobiliari","description":"Rivista economica indipendente svizzera che si concentra sul settore immobiliare, l'architettura e la costruzione, nonch\u00e9 sugli investimenti e i finanziamenti.","publisher":{"@id":"https:\/\/www.immobilienbusiness.ch\/#organization"},"potentialAction":[{"@type":"SearchAction","target":{"@type":"EntryPoint","urlTemplate":"https:\/\/www.immobilienbusiness.ch\/?s={search_term_string}"},"query-input":{"@type":"PropertyValueSpecification","valueRequired":true,"valueName":"search_term_string"}}],"inLanguage":"it-IT"},{"@type":"Organization","@id":"https:\/\/www.immobilienbusiness.ch\/#organization","name":"Affari immobiliari","url":"https:\/\/www.immobilienbusiness.ch\/","logo":{"@type":"ImageObject","inLanguage":"it-IT","@id":"https:\/\/www.immobilienbusiness.ch\/#\/schema\/logo\/image\/","url":"https:\/\/www.immobilienbusiness.ch\/wp-content\/uploads\/2021\/07\/logo_ib.png","contentUrl":"https:\/\/www.immobilienbusiness.ch\/wp-content\/uploads\/2021\/07\/logo_ib.png","width":800,"height":181,"caption":"IMMOBILIEN Business"},"image":{"@id":"https:\/\/www.immobilienbusiness.ch\/#\/schema\/logo\/image\/"},"sameAs":["https:\/\/www.facebook.com\/immobilienbusiness\/"]},{"@type":"Person","@id":"https:\/\/www.immobilienbusiness.ch\/#\/schema\/person\/aba8bea2db926aa0c24c08c43fe1fcd5","name":"Alexander Wachter","image":{"@type":"ImageObject","inLanguage":"it-IT","@id":"https:\/\/secure.gravatar.com\/avatar\/1a09e471f5389b0e0a6416eac287e0927c7c97a7b77f9e787eba3af7aee281dd?s=96&d=mm&r=g","url":"https:\/\/secure.gravatar.com\/avatar\/1a09e471f5389b0e0a6416eac287e0927c7c97a7b77f9e787eba3af7aee281dd?s=96&d=mm&r=g","contentUrl":"https:\/\/secure.gravatar.com\/avatar\/1a09e471f5389b0e0a6416eac287e0927c7c97a7b77f9e787eba3af7aee281dd?s=96&d=mm&r=g","caption":"Alexander Wachter"},"url":"https:\/\/www.immobilienbusiness.ch\/it\/author\/alexander-wachter\/"}]}},"_links":{"self":[{"href":"https:\/\/www.immobilienbusiness.ch\/it\/wp-json\/wp\/v2\/posts\/56848","targetHints":{"allow":["GET"]}}],"collection":[{"href":"https:\/\/www.immobilienbusiness.ch\/it\/wp-json\/wp\/v2\/posts"}],"about":[{"href":"https:\/\/www.immobilienbusiness.ch\/it\/wp-json\/wp\/v2\/types\/post"}],"author":[{"embeddable":true,"href":"https:\/\/www.immobilienbusiness.ch\/it\/wp-json\/wp\/v2\/users\/102"}],"replies":[{"embeddable":true,"href":"https:\/\/www.immobilienbusiness.ch\/it\/wp-json\/wp\/v2\/comments?post=56848"}],"version-history":[{"count":6,"href":"https:\/\/www.immobilienbusiness.ch\/it\/wp-json\/wp\/v2\/posts\/56848\/revisions"}],"predecessor-version":[{"id":58930,"href":"https:\/\/www.immobilienbusiness.ch\/it\/wp-json\/wp\/v2\/posts\/56848\/revisions\/58930"}],"wp:featuredmedia":[{"embeddable":true,"href":"https:\/\/www.immobilienbusiness.ch\/it\/wp-json\/wp\/v2\/media\/56849"}],"wp:attachment":[{"href":"https:\/\/www.immobilienbusiness.ch\/it\/wp-json\/wp\/v2\/media?parent=56848"}],"wp:term":[{"taxonomy":"category","embeddable":true,"href":"https:\/\/www.immobilienbusiness.ch\/it\/wp-json\/wp\/v2\/categories?post=56848"},{"taxonomy":"post_tag","embeddable":true,"href":"https:\/\/www.immobilienbusiness.ch\/it\/wp-json\/wp\/v2\/tags?post=56848"}],"curies":[{"name":"wp","href":"https:\/\/api.w.org\/{rel}","templated":true}]}}