{"id":56271,"date":"2024-03-06T08:59:54","date_gmt":"2024-03-06T07:59:54","guid":{"rendered":"https:\/\/www.immobilienbusiness.ch\/?p=56271"},"modified":"2024-03-06T18:26:05","modified_gmt":"2024-03-06T17:26:05","slug":"plazza-will-die-dividende-erhoehen","status":"publish","type":"post","link":"https:\/\/www.immobilienbusiness.ch\/it\/unternehmen\/2024-03-06\/plazza-will-die-dividende-erhoehen\/","title":{"rendered":"Plazza vuole aumentare il dividendo"},"content":{"rendered":"<figure id=\"attachment_42493\" aria-describedby=\"caption-attachment-42493\" style=\"width: 1024px\" class=\"wp-caption alignnone\"><a href=\"https:\/\/www.immobilienbusiness.ch\/wp-content\/uploads\/2022\/05\/PLAZZA_Entwicklungsprojekt_Crissier_1.jpg\"><img loading=\"lazy\" decoding=\"async\" class=\"size-full wp-image-42493\" src=\"https:\/\/www.immobilienbusiness.ch\/wp-content\/uploads\/2022\/05\/PLAZZA_Entwicklungsprojekt_Crissier_1.jpg\" alt=\"\" width=\"1024\" height=\"683\" srcset=\"https:\/\/www.immobilienbusiness.ch\/wp-content\/uploads\/2022\/05\/PLAZZA_Entwicklungsprojekt_Crissier_1.jpg 1024w, https:\/\/www.immobilienbusiness.ch\/wp-content\/uploads\/2022\/05\/PLAZZA_Entwicklungsprojekt_Crissier_1-300x200.jpg 300w, https:\/\/www.immobilienbusiness.ch\/wp-content\/uploads\/2022\/05\/PLAZZA_Entwicklungsprojekt_Crissier_1-768x512.jpg 768w, https:\/\/www.immobilienbusiness.ch\/wp-content\/uploads\/2022\/05\/PLAZZA_Entwicklungsprojekt_Crissier_1-18x12.jpg 18w, https:\/\/www.immobilienbusiness.ch\/wp-content\/uploads\/2022\/05\/PLAZZA_Entwicklungsprojekt_Crissier_1-262x175.jpg 262w, https:\/\/www.immobilienbusiness.ch\/wp-content\/uploads\/2022\/05\/PLAZZA_Entwicklungsprojekt_Crissier_1-525x350.jpg 525w, https:\/\/www.immobilienbusiness.ch\/wp-content\/uploads\/2022\/05\/PLAZZA_Entwicklungsprojekt_Crissier_1-920x614.jpg 920w\" sizes=\"auto, (max-width: 1024px) 100vw, 1024px\" \/><\/a><figcaption id=\"caption-attachment-42493\" class=\"wp-caption-text\">Un grande progetto: il quartiere L'Or\u00e9e a Crissier (fonte: Plazza)<\/figcaption><\/figure>\n<p>Plazza AG ha aumentato leggermente il reddito immobiliare da 26,3 milioni di franchi a 26,9 milioni di franchi nell'esercizio 2023. Il risultato operativo prima di ammortamenti e rivalutazioni \u00e8 migliorato da 20,4 a 21,2 milioni di franchi. Tuttavia, l'utile prima della rivalutazione \u00e8 leggermente diminuito da 17,6 a 17,3 milioni di franchi. Anche quest'anno la rivalutazione ha contribuito all'utile per 1,0 milioni di franchi. Poich\u00e9 nell'anno precedente era stata significativamente pi\u00f9 alta, con 9,0 milioni di franchi, l'utile \u00e8 sceso da 23,6 milioni di franchi a 18,3 milioni di franchi. Il tasso di sfitto degli immobili esistenti \u00e8 diminuito ulteriormente, passando da 3,5 % a 2,7%.<br \/>\nPlazza ha inoltre annunciato che i progetti di sviluppo a Crissier e Regensdorf sono \"in dirittura d'arrivo\". La prima fase a Crissier sar\u00e0 completata nel 2024.<\/p>\n<p>Il valore del portafoglio immobiliare supera per la prima volta la soglia di 1 miliardo di franchi. \"In considerazione dei risultati operativi stabili dell'esercizio in esame e delle prospettive positive, il Consiglio di amministrazione proporr\u00e0 all'Assemblea generale del 2024 un aumento del dividendo di 1,00 franchi a 8,00 franchi per azione nominativa di classe A e di 0,20 franchi a 1,60 franchi per azione nominativa di classe B\". Nell'anno in corso verranno esaminate opportunit\u00e0 di crescita attraverso aggiunte opportunistiche al portafoglio esistente. <em>(aw)<\/em><\/p>","protected":false},"excerpt":{"rendered":"<p>Il portafoglio ha raggiunto per la prima volta la soglia del miliardo di euro nel 2023 e la societ\u00e0 parla di \"prospettive sostenibilmente positive\".<\/p>","protected":false},"author":102,"featured_media":42493,"comment_status":"closed","ping_status":"closed","sticky":false,"template":"","format":"standard","meta":{"_acf_changed":false,"_yoast_wpseo_focuskw":"Plazza","_yoast_wpseo_title":"","_yoast_wpseo_metadesc":"Der Schritt erfolgt angesichts \u00absolider operativer Ergebnisse und nachhaltig positivem Ausblick\u00bb, teilt das Unternehmen im Zusammenhang der Jahreszahlen mit.","_yoast_wpseo_linkdex":53,"pgc_sgb_lightbox_settings":"","footnotes":""},"categories":[988],"tags":[1329,1389,2819],"class_list":["post-56271","post","type-post","status-publish","format-standard","has-post-thumbnail","hentry","category-unternehmen","tag-immobilien-ag","tag-jahresergebnis","tag-plazza-ag"],"acf":[],"yoast_head":"<!-- This site is optimized with the Yoast SEO plugin v27.5 - https:\/\/yoast.com\/product\/yoast-seo-wordpress\/ -->\n<title>Plazza will die Dividende erh\u00f6hen - IMMOBILIEN Business<\/title>\n<meta name=\"description\" content=\"Der Schritt erfolgt angesichts \u00absolider operativer Ergebnisse und nachhaltig positivem Ausblick\u00bb, teilt das Unternehmen im Zusammenhang der Jahreszahlen mit.\" \/>\n<meta name=\"robots\" content=\"index, follow, max-snippet:-1, max-image-preview:large, max-video-preview:-1\" \/>\n<link rel=\"canonical\" href=\"https:\/\/www.immobilienbusiness.ch\/it\/unternehmen\/2024-03-06\/plazza-will-die-dividende-erhoehen\/\" \/>\n<meta property=\"og:locale\" content=\"it_IT\" \/>\n<meta property=\"og:type\" content=\"article\" \/>\n<meta property=\"og:title\" content=\"Plazza will die Dividende erh\u00f6hen - IMMOBILIEN Business\" \/>\n<meta property=\"og:description\" content=\"Der Schritt erfolgt angesichts \u00absolider operativer Ergebnisse und nachhaltig positivem Ausblick\u00bb, teilt das Unternehmen im Zusammenhang der Jahreszahlen mit.\" \/>\n<meta property=\"og:url\" content=\"https:\/\/www.immobilienbusiness.ch\/it\/unternehmen\/2024-03-06\/plazza-will-die-dividende-erhoehen\/\" \/>\n<meta property=\"og:site_name\" content=\"IMMOBILIEN Business\" \/>\n<meta property=\"article:publisher\" content=\"https:\/\/www.facebook.com\/immobilienbusiness\/\" \/>\n<meta property=\"article:published_time\" content=\"2024-03-06T07:59:54+00:00\" \/>\n<meta property=\"article:modified_time\" content=\"2024-03-06T17:26:05+00:00\" \/>\n<meta property=\"og:image\" content=\"https:\/\/www.immobilienbusiness.ch\/wp-content\/uploads\/2022\/05\/PLAZZA_Entwicklungsprojekt_Crissier_1.jpg\" \/>\n\t<meta property=\"og:image:width\" content=\"1024\" \/>\n\t<meta property=\"og:image:height\" content=\"683\" \/>\n\t<meta property=\"og:image:type\" content=\"image\/jpeg\" \/>\n<meta name=\"author\" content=\"Alexander Wachter\" \/>\n<meta name=\"twitter:card\" content=\"summary_large_image\" \/>\n<script type=\"application\/ld+json\" class=\"yoast-schema-graph\">{\"@context\":\"https:\\\/\\\/schema.org\",\"@graph\":[{\"@type\":\"Article\",\"@id\":\"https:\\\/\\\/www.immobilienbusiness.ch\\\/it\\\/unternehmen\\\/2024-03-06\\\/plazza-will-die-dividende-erhoehen\\\/#article\",\"isPartOf\":{\"@id\":\"https:\\\/\\\/www.immobilienbusiness.ch\\\/it\\\/unternehmen\\\/2024-03-06\\\/plazza-will-die-dividende-erhoehen\\\/\"},\"author\":{\"name\":\"Alexander Wachter\",\"@id\":\"https:\\\/\\\/www.immobilienbusiness.ch\\\/#\\\/schema\\\/person\\\/aba8bea2db926aa0c24c08c43fe1fcd5\"},\"headline\":\"Plazza will die Dividende erh\u00f6hen\",\"datePublished\":\"2024-03-06T07:59:54+00:00\",\"dateModified\":\"2024-03-06T17:26:05+00:00\",\"mainEntityOfPage\":{\"@id\":\"https:\\\/\\\/www.immobilienbusiness.ch\\\/it\\\/unternehmen\\\/2024-03-06\\\/plazza-will-die-dividende-erhoehen\\\/\"},\"wordCount\":194,\"publisher\":{\"@id\":\"https:\\\/\\\/www.immobilienbusiness.ch\\\/#organization\"},\"image\":{\"@id\":\"https:\\\/\\\/www.immobilienbusiness.ch\\\/it\\\/unternehmen\\\/2024-03-06\\\/plazza-will-die-dividende-erhoehen\\\/#primaryimage\"},\"thumbnailUrl\":\"https:\\\/\\\/www.immobilienbusiness.ch\\\/wp-content\\\/uploads\\\/2022\\\/05\\\/PLAZZA_Entwicklungsprojekt_Crissier_1.jpg\",\"keywords\":[\"Immobilien-AG\",\"Jahresergebnis\",\"Plazza AG\"],\"articleSection\":[\"UNTERNEHMEN\"],\"inLanguage\":\"it-IT\"},{\"@type\":\"WebPage\",\"@id\":\"https:\\\/\\\/www.immobilienbusiness.ch\\\/it\\\/unternehmen\\\/2024-03-06\\\/plazza-will-die-dividende-erhoehen\\\/\",\"url\":\"https:\\\/\\\/www.immobilienbusiness.ch\\\/it\\\/unternehmen\\\/2024-03-06\\\/plazza-will-die-dividende-erhoehen\\\/\",\"name\":\"Plazza will die Dividende erh\u00f6hen - IMMOBILIEN Business\",\"isPartOf\":{\"@id\":\"https:\\\/\\\/www.immobilienbusiness.ch\\\/#website\"},\"primaryImageOfPage\":{\"@id\":\"https:\\\/\\\/www.immobilienbusiness.ch\\\/it\\\/unternehmen\\\/2024-03-06\\\/plazza-will-die-dividende-erhoehen\\\/#primaryimage\"},\"image\":{\"@id\":\"https:\\\/\\\/www.immobilienbusiness.ch\\\/it\\\/unternehmen\\\/2024-03-06\\\/plazza-will-die-dividende-erhoehen\\\/#primaryimage\"},\"thumbnailUrl\":\"https:\\\/\\\/www.immobilienbusiness.ch\\\/wp-content\\\/uploads\\\/2022\\\/05\\\/PLAZZA_Entwicklungsprojekt_Crissier_1.jpg\",\"datePublished\":\"2024-03-06T07:59:54+00:00\",\"dateModified\":\"2024-03-06T17:26:05+00:00\",\"description\":\"Der Schritt erfolgt angesichts \u00absolider operativer Ergebnisse und nachhaltig positivem Ausblick\u00bb, teilt das Unternehmen im Zusammenhang der Jahreszahlen mit.\",\"breadcrumb\":{\"@id\":\"https:\\\/\\\/www.immobilienbusiness.ch\\\/it\\\/unternehmen\\\/2024-03-06\\\/plazza-will-die-dividende-erhoehen\\\/#breadcrumb\"},\"inLanguage\":\"it-IT\",\"potentialAction\":[{\"@type\":\"ReadAction\",\"target\":[\"https:\\\/\\\/www.immobilienbusiness.ch\\\/it\\\/unternehmen\\\/2024-03-06\\\/plazza-will-die-dividende-erhoehen\\\/\"]}]},{\"@type\":\"ImageObject\",\"inLanguage\":\"it-IT\",\"@id\":\"https:\\\/\\\/www.immobilienbusiness.ch\\\/it\\\/unternehmen\\\/2024-03-06\\\/plazza-will-die-dividende-erhoehen\\\/#primaryimage\",\"url\":\"https:\\\/\\\/www.immobilienbusiness.ch\\\/wp-content\\\/uploads\\\/2022\\\/05\\\/PLAZZA_Entwicklungsprojekt_Crissier_1.jpg\",\"contentUrl\":\"https:\\\/\\\/www.immobilienbusiness.ch\\\/wp-content\\\/uploads\\\/2022\\\/05\\\/PLAZZA_Entwicklungsprojekt_Crissier_1.jpg\",\"width\":1024,\"height\":683,\"caption\":\"Ein Grossprojekt in Crissier machte sich bereits in den Zahlen f\u00fcr 2024 positiv bemerkbar (Bild: \u00a9 Plazza)\"},{\"@type\":\"BreadcrumbList\",\"@id\":\"https:\\\/\\\/www.immobilienbusiness.ch\\\/it\\\/unternehmen\\\/2024-03-06\\\/plazza-will-die-dividende-erhoehen\\\/#breadcrumb\",\"itemListElement\":[{\"@type\":\"ListItem\",\"position\":1,\"name\":\"Home\",\"item\":\"https:\\\/\\\/www.immobilienbusiness.ch\\\/\"},{\"@type\":\"ListItem\",\"position\":2,\"name\":\"Plazza will die Dividende erh\u00f6hen\"}]},{\"@type\":\"WebSite\",\"@id\":\"https:\\\/\\\/www.immobilienbusiness.ch\\\/#website\",\"url\":\"https:\\\/\\\/www.immobilienbusiness.ch\\\/\",\"name\":\"IMMOBILIEN Business\",\"description\":\"Unabh\u00e4ngiges Schweizer Wirtschaftsmagazin mit Fokus auf Immobilien, Architektur- und Bau sowie Investment- und Finanzierung.\",\"publisher\":{\"@id\":\"https:\\\/\\\/www.immobilienbusiness.ch\\\/#organization\"},\"potentialAction\":[{\"@type\":\"SearchAction\",\"target\":{\"@type\":\"EntryPoint\",\"urlTemplate\":\"https:\\\/\\\/www.immobilienbusiness.ch\\\/?s={search_term_string}\"},\"query-input\":{\"@type\":\"PropertyValueSpecification\",\"valueRequired\":true,\"valueName\":\"search_term_string\"}}],\"inLanguage\":\"it-IT\"},{\"@type\":\"Organization\",\"@id\":\"https:\\\/\\\/www.immobilienbusiness.ch\\\/#organization\",\"name\":\"IMMOBILIEN Business\",\"url\":\"https:\\\/\\\/www.immobilienbusiness.ch\\\/\",\"logo\":{\"@type\":\"ImageObject\",\"inLanguage\":\"it-IT\",\"@id\":\"https:\\\/\\\/www.immobilienbusiness.ch\\\/#\\\/schema\\\/logo\\\/image\\\/\",\"url\":\"https:\\\/\\\/www.immobilienbusiness.ch\\\/wp-content\\\/uploads\\\/2021\\\/07\\\/logo_ib.png\",\"contentUrl\":\"https:\\\/\\\/www.immobilienbusiness.ch\\\/wp-content\\\/uploads\\\/2021\\\/07\\\/logo_ib.png\",\"width\":800,\"height\":181,\"caption\":\"IMMOBILIEN Business\"},\"image\":{\"@id\":\"https:\\\/\\\/www.immobilienbusiness.ch\\\/#\\\/schema\\\/logo\\\/image\\\/\"},\"sameAs\":[\"https:\\\/\\\/www.facebook.com\\\/immobilienbusiness\\\/\"]},{\"@type\":\"Person\",\"@id\":\"https:\\\/\\\/www.immobilienbusiness.ch\\\/#\\\/schema\\\/person\\\/aba8bea2db926aa0c24c08c43fe1fcd5\",\"name\":\"Alexander Wachter\",\"image\":{\"@type\":\"ImageObject\",\"inLanguage\":\"it-IT\",\"@id\":\"https:\\\/\\\/secure.gravatar.com\\\/avatar\\\/1a09e471f5389b0e0a6416eac287e0927c7c97a7b77f9e787eba3af7aee281dd?s=96&d=mm&r=g\",\"url\":\"https:\\\/\\\/secure.gravatar.com\\\/avatar\\\/1a09e471f5389b0e0a6416eac287e0927c7c97a7b77f9e787eba3af7aee281dd?s=96&d=mm&r=g\",\"contentUrl\":\"https:\\\/\\\/secure.gravatar.com\\\/avatar\\\/1a09e471f5389b0e0a6416eac287e0927c7c97a7b77f9e787eba3af7aee281dd?s=96&d=mm&r=g\",\"caption\":\"Alexander Wachter\"},\"url\":\"https:\\\/\\\/www.immobilienbusiness.ch\\\/it\\\/author\\\/alexander-wachter\\\/\"}]}<\/script>\n<!-- \/ Yoast SEO plugin. -->","yoast_head_json":{"title":"Plazza vuole aumentare il suo dividendo - IMMOBILIEN Business","description":"La mossa arriva alla luce di \u00absolidi risultati operativi e di una prospettiva positiva sostenuta\u00bb, ha annunciato la societ\u00e0 in relazione ai dati annuali.","robots":{"index":"index","follow":"follow","max-snippet":"max-snippet:-1","max-image-preview":"max-image-preview:large","max-video-preview":"max-video-preview:-1"},"canonical":"https:\/\/www.immobilienbusiness.ch\/it\/unternehmen\/2024-03-06\/plazza-will-die-dividende-erhoehen\/","og_locale":"it_IT","og_type":"article","og_title":"Plazza will die Dividende erh\u00f6hen - IMMOBILIEN Business","og_description":"Der Schritt erfolgt angesichts \u00absolider operativer Ergebnisse und nachhaltig positivem Ausblick\u00bb, teilt das Unternehmen im Zusammenhang der Jahreszahlen mit.","og_url":"https:\/\/www.immobilienbusiness.ch\/it\/unternehmen\/2024-03-06\/plazza-will-die-dividende-erhoehen\/","og_site_name":"IMMOBILIEN Business","article_publisher":"https:\/\/www.facebook.com\/immobilienbusiness\/","article_published_time":"2024-03-06T07:59:54+00:00","article_modified_time":"2024-03-06T17:26:05+00:00","og_image":[{"width":1024,"height":683,"url":"https:\/\/www.immobilienbusiness.ch\/wp-content\/uploads\/2022\/05\/PLAZZA_Entwicklungsprojekt_Crissier_1.jpg","type":"image\/jpeg"}],"author":"Alexander Wachter","twitter_card":"summary_large_image","schema":{"@context":"https:\/\/schema.org","@graph":[{"@type":"Article","@id":"https:\/\/www.immobilienbusiness.ch\/it\/unternehmen\/2024-03-06\/plazza-will-die-dividende-erhoehen\/#article","isPartOf":{"@id":"https:\/\/www.immobilienbusiness.ch\/it\/unternehmen\/2024-03-06\/plazza-will-die-dividende-erhoehen\/"},"author":{"name":"Alexander Wachter","@id":"https:\/\/www.immobilienbusiness.ch\/#\/schema\/person\/aba8bea2db926aa0c24c08c43fe1fcd5"},"headline":"Plazza will die Dividende erh\u00f6hen","datePublished":"2024-03-06T07:59:54+00:00","dateModified":"2024-03-06T17:26:05+00:00","mainEntityOfPage":{"@id":"https:\/\/www.immobilienbusiness.ch\/it\/unternehmen\/2024-03-06\/plazza-will-die-dividende-erhoehen\/"},"wordCount":194,"publisher":{"@id":"https:\/\/www.immobilienbusiness.ch\/#organization"},"image":{"@id":"https:\/\/www.immobilienbusiness.ch\/it\/unternehmen\/2024-03-06\/plazza-will-die-dividende-erhoehen\/#primaryimage"},"thumbnailUrl":"https:\/\/www.immobilienbusiness.ch\/wp-content\/uploads\/2022\/05\/PLAZZA_Entwicklungsprojekt_Crissier_1.jpg","keywords":["Immobilien-AG","Jahresergebnis","Plazza AG"],"articleSection":["UNTERNEHMEN"],"inLanguage":"it-IT"},{"@type":"WebPage","@id":"https:\/\/www.immobilienbusiness.ch\/it\/unternehmen\/2024-03-06\/plazza-will-die-dividende-erhoehen\/","url":"https:\/\/www.immobilienbusiness.ch\/it\/unternehmen\/2024-03-06\/plazza-will-die-dividende-erhoehen\/","name":"Plazza vuole aumentare il suo dividendo - IMMOBILIEN Business","isPartOf":{"@id":"https:\/\/www.immobilienbusiness.ch\/#website"},"primaryImageOfPage":{"@id":"https:\/\/www.immobilienbusiness.ch\/it\/unternehmen\/2024-03-06\/plazza-will-die-dividende-erhoehen\/#primaryimage"},"image":{"@id":"https:\/\/www.immobilienbusiness.ch\/it\/unternehmen\/2024-03-06\/plazza-will-die-dividende-erhoehen\/#primaryimage"},"thumbnailUrl":"https:\/\/www.immobilienbusiness.ch\/wp-content\/uploads\/2022\/05\/PLAZZA_Entwicklungsprojekt_Crissier_1.jpg","datePublished":"2024-03-06T07:59:54+00:00","dateModified":"2024-03-06T17:26:05+00:00","description":"La mossa arriva alla luce di \u00absolidi risultati operativi e di una prospettiva positiva sostenuta\u00bb, ha annunciato la societ\u00e0 in relazione ai dati annuali.","breadcrumb":{"@id":"https:\/\/www.immobilienbusiness.ch\/it\/unternehmen\/2024-03-06\/plazza-will-die-dividende-erhoehen\/#breadcrumb"},"inLanguage":"it-IT","potentialAction":[{"@type":"ReadAction","target":["https:\/\/www.immobilienbusiness.ch\/it\/unternehmen\/2024-03-06\/plazza-will-die-dividende-erhoehen\/"]}]},{"@type":"ImageObject","inLanguage":"it-IT","@id":"https:\/\/www.immobilienbusiness.ch\/it\/unternehmen\/2024-03-06\/plazza-will-die-dividende-erhoehen\/#primaryimage","url":"https:\/\/www.immobilienbusiness.ch\/wp-content\/uploads\/2022\/05\/PLAZZA_Entwicklungsprojekt_Crissier_1.jpg","contentUrl":"https:\/\/www.immobilienbusiness.ch\/wp-content\/uploads\/2022\/05\/PLAZZA_Entwicklungsprojekt_Crissier_1.jpg","width":1024,"height":683,"caption":"Ein Grossprojekt in Crissier machte sich bereits in den Zahlen f\u00fcr 2024 positiv bemerkbar (Bild: \u00a9 Plazza)"},{"@type":"BreadcrumbList","@id":"https:\/\/www.immobilienbusiness.ch\/it\/unternehmen\/2024-03-06\/plazza-will-die-dividende-erhoehen\/#breadcrumb","itemListElement":[{"@type":"ListItem","position":1,"name":"Home","item":"https:\/\/www.immobilienbusiness.ch\/"},{"@type":"ListItem","position":2,"name":"Plazza will die Dividende erh\u00f6hen"}]},{"@type":"WebSite","@id":"https:\/\/www.immobilienbusiness.ch\/#website","url":"https:\/\/www.immobilienbusiness.ch\/","name":"Affari immobiliari","description":"Rivista economica indipendente svizzera che si concentra sul settore immobiliare, l'architettura e la costruzione, nonch\u00e9 sugli investimenti e i finanziamenti.","publisher":{"@id":"https:\/\/www.immobilienbusiness.ch\/#organization"},"potentialAction":[{"@type":"SearchAction","target":{"@type":"EntryPoint","urlTemplate":"https:\/\/www.immobilienbusiness.ch\/?s={search_term_string}"},"query-input":{"@type":"PropertyValueSpecification","valueRequired":true,"valueName":"search_term_string"}}],"inLanguage":"it-IT"},{"@type":"Organization","@id":"https:\/\/www.immobilienbusiness.ch\/#organization","name":"Affari immobiliari","url":"https:\/\/www.immobilienbusiness.ch\/","logo":{"@type":"ImageObject","inLanguage":"it-IT","@id":"https:\/\/www.immobilienbusiness.ch\/#\/schema\/logo\/image\/","url":"https:\/\/www.immobilienbusiness.ch\/wp-content\/uploads\/2021\/07\/logo_ib.png","contentUrl":"https:\/\/www.immobilienbusiness.ch\/wp-content\/uploads\/2021\/07\/logo_ib.png","width":800,"height":181,"caption":"IMMOBILIEN Business"},"image":{"@id":"https:\/\/www.immobilienbusiness.ch\/#\/schema\/logo\/image\/"},"sameAs":["https:\/\/www.facebook.com\/immobilienbusiness\/"]},{"@type":"Person","@id":"https:\/\/www.immobilienbusiness.ch\/#\/schema\/person\/aba8bea2db926aa0c24c08c43fe1fcd5","name":"Alexander Wachter","image":{"@type":"ImageObject","inLanguage":"it-IT","@id":"https:\/\/secure.gravatar.com\/avatar\/1a09e471f5389b0e0a6416eac287e0927c7c97a7b77f9e787eba3af7aee281dd?s=96&d=mm&r=g","url":"https:\/\/secure.gravatar.com\/avatar\/1a09e471f5389b0e0a6416eac287e0927c7c97a7b77f9e787eba3af7aee281dd?s=96&d=mm&r=g","contentUrl":"https:\/\/secure.gravatar.com\/avatar\/1a09e471f5389b0e0a6416eac287e0927c7c97a7b77f9e787eba3af7aee281dd?s=96&d=mm&r=g","caption":"Alexander Wachter"},"url":"https:\/\/www.immobilienbusiness.ch\/it\/author\/alexander-wachter\/"}]}},"_links":{"self":[{"href":"https:\/\/www.immobilienbusiness.ch\/it\/wp-json\/wp\/v2\/posts\/56271","targetHints":{"allow":["GET"]}}],"collection":[{"href":"https:\/\/www.immobilienbusiness.ch\/it\/wp-json\/wp\/v2\/posts"}],"about":[{"href":"https:\/\/www.immobilienbusiness.ch\/it\/wp-json\/wp\/v2\/types\/post"}],"author":[{"embeddable":true,"href":"https:\/\/www.immobilienbusiness.ch\/it\/wp-json\/wp\/v2\/users\/102"}],"replies":[{"embeddable":true,"href":"https:\/\/www.immobilienbusiness.ch\/it\/wp-json\/wp\/v2\/comments?post=56271"}],"version-history":[{"count":1,"href":"https:\/\/www.immobilienbusiness.ch\/it\/wp-json\/wp\/v2\/posts\/56271\/revisions"}],"predecessor-version":[{"id":56272,"href":"https:\/\/www.immobilienbusiness.ch\/it\/wp-json\/wp\/v2\/posts\/56271\/revisions\/56272"}],"wp:featuredmedia":[{"embeddable":true,"href":"https:\/\/www.immobilienbusiness.ch\/it\/wp-json\/wp\/v2\/media\/42493"}],"wp:attachment":[{"href":"https:\/\/www.immobilienbusiness.ch\/it\/wp-json\/wp\/v2\/media?parent=56271"}],"wp:term":[{"taxonomy":"category","embeddable":true,"href":"https:\/\/www.immobilienbusiness.ch\/it\/wp-json\/wp\/v2\/categories?post=56271"},{"taxonomy":"post_tag","embeddable":true,"href":"https:\/\/www.immobilienbusiness.ch\/it\/wp-json\/wp\/v2\/tags?post=56271"}],"curies":[{"name":"wp","href":"https:\/\/api.w.org\/{rel}","templated":true}]}}