{"id":55750,"date":"2024-02-01T10:04:25","date_gmt":"2024-02-01T09:04:25","guid":{"rendered":"https:\/\/www.immobilienbusiness.ch\/?p=55750"},"modified":"2024-02-01T10:14:07","modified_gmt":"2024-02-01T09:14:07","slug":"julius-baer-schreibt-signa-kredite-vollstaendig-ab","status":"publish","type":"post","link":"https:\/\/www.immobilienbusiness.ch\/it\/unternehmen\/2024-02-01\/julius-baer-schreibt-signa-kredite-vollstaendig-ab\/","title":{"rendered":"Julius Baer cancella completamente i prestiti di Signa"},"content":{"rendered":"<figure id=\"attachment_17382\" aria-describedby=\"caption-attachment-17382\" style=\"width: 1200px\" class=\"wp-caption alignnone\"><a href=\"https:\/\/www.immobilienbusiness.ch\/wp-content\/uploads\/2019\/06\/Depositphotos_78294064_xl-2015.jpg\"><img loading=\"lazy\" decoding=\"async\" class=\"size-full wp-image-17382\" src=\"https:\/\/www.immobilienbusiness.ch\/wp-content\/uploads\/2019\/06\/Depositphotos_78294064_xl-2015.jpg\" alt=\"\" width=\"1200\" height=\"801\" srcset=\"https:\/\/www.immobilienbusiness.ch\/wp-content\/uploads\/2019\/06\/Depositphotos_78294064_xl-2015.jpg 1200w, https:\/\/www.immobilienbusiness.ch\/wp-content\/uploads\/2019\/06\/Depositphotos_78294064_xl-2015-300x200.jpg 300w, https:\/\/www.immobilienbusiness.ch\/wp-content\/uploads\/2019\/06\/Depositphotos_78294064_xl-2015-1024x683.jpg 1024w, https:\/\/www.immobilienbusiness.ch\/wp-content\/uploads\/2019\/06\/Depositphotos_78294064_xl-2015-768x513.jpg 768w, https:\/\/www.immobilienbusiness.ch\/wp-content\/uploads\/2019\/06\/Depositphotos_78294064_xl-2015-1536x1025.jpg 1536w, https:\/\/www.immobilienbusiness.ch\/wp-content\/uploads\/2019\/06\/Depositphotos_78294064_xl-2015-2048x1367.jpg 2048w, https:\/\/www.immobilienbusiness.ch\/wp-content\/uploads\/2019\/06\/Depositphotos_78294064_xl-2015-16x12.jpg 16w, https:\/\/www.immobilienbusiness.ch\/wp-content\/uploads\/2019\/06\/Depositphotos_78294064_xl-2015-262x175.jpg 262w, https:\/\/www.immobilienbusiness.ch\/wp-content\/uploads\/2019\/06\/Depositphotos_78294064_xl-2015-524x350.jpg 524w, https:\/\/www.immobilienbusiness.ch\/wp-content\/uploads\/2019\/06\/Depositphotos_78294064_xl-2015-1199x800.jpg 1199w, https:\/\/www.immobilienbusiness.ch\/wp-content\/uploads\/2019\/06\/Depositphotos_78294064_xl-2015-920x614.jpg 920w\" sizes=\"auto, (max-width: 1200px) 100vw, 1200px\" \/><\/a><figcaption id=\"caption-attachment-17382\" class=\"wp-caption-text\">Julius Baer cancella completamente i prestiti di Signa (Immagine: depositphotos)<\/figcaption><\/figure>\n<p>La Banca Julius Baer sta traendo le conseguenze della sua esposizione al Gruppo Signa dell'imprenditore immobiliare austriaco Ren\u00e9 Benko: la banca sta effettuando una svalutazione completa di 586 milioni di franchi svizzeri su quella che afferma essere la sua pi\u00f9 grande esposizione al debito privato, con perdite di credito nette totali pari a 606 milioni di franchi svizzeri. La banca lo ha annunciato gioved\u00ec mattina in occasione della presentazione dei risultati annuali 2023.<\/p>\n<p>La banca ha inoltre annunciato che si ritirer\u00e0 dal settore del private debt. In futuro si concentrer\u00e0 sulle soluzioni di credito ipotecario e Lombard, dove il Gruppo vanta un'esperienza di lungo periodo.<\/p>\n<p>Il fallimento dell'operazione Signa ha anche conseguenze sul personale: il CEO Philipp Rickenbacher si dimette dalla sua posizione \"di comune accordo con il Consiglio di Amministrazione\", come annuncia Julius Baer. Il vice CEO e Chief Operating Officer Nic Dreckmann assumer\u00e0 la direzione della banca ad interim. David Nicol, presidente del Comitato governance e rischi del Consiglio di amministrazione, non si candider\u00e0 per la rielezione all'Assemblea generale annuale del 2024.<\/p>\n<h3>Il presidente del Consiglio di amministrazione si scusa<\/h3>\n<p>\"A nome dell'intero Consiglio di Amministrazione, esprimo il mio profondo rammarico per il fatto che la svalutazione completa della maggiore esposizione nella nostra attivit\u00e0 di private debt abbia avuto un impatto significativo sul nostro utile netto per il 2023\", ha dichiarato Romeo Lacher, Presidente del Consiglio di Amministrazione del Gruppo Julius Baer. \"Stiamo adottando misure decisive per eliminare tutte le incertezze legate alla nostra attivit\u00e0 di private debt e all'impatto futuro di questo singolo evento creditizio sui nostri risultati finanziari, e stiamo uscendo completamente da questa attivit\u00e0.\"<\/p>\n<p>Secondo la NZZ, la banca non solo aveva concesso a Benko prestiti troppo elevati, creando cos\u00ec un rischio di massa. Inoltre, non ha richiesto garanzie di primo livello. Il fatto che Julius Baer preveda ora un'insolvenza totale sar\u00e0 probabilmente una sorpresa negativa per i mercati, prosegue la NZZ. Di recente gli osservatori avevano ipotizzato che un terzo dell'esposizione di Benko potesse ancora essere salvato, poich\u00e9 una delle tre tranche di prestito \u00e8 legata alla preziosa attivit\u00e0 di commercio di beni di lusso e Julius Baer \u00e8 in cima alla gerarchia dei creditori in questo caso. Pochi giorni fa, tuttavia, il gruppo tedesco KaDeWe, che rappresenta una parte importante di questo portafoglio, ha presentato istanza di insolvenza. <em>(ah)<\/em><\/p>","protected":false},"excerpt":{"rendered":"<p>La banca annuncia che il CEO Philipp Rickenbacher lascia l'istituto. Si ritira dal settore del debito privato.<\/p>","protected":false},"author":3,"featured_media":17382,"comment_status":"closed","ping_status":"closed","sticky":false,"template":"","format":"standard","meta":{"_acf_changed":false,"_yoast_wpseo_focuskw":"Julius B\u00e4r","_yoast_wpseo_title":"","_yoast_wpseo_metadesc":"","_yoast_wpseo_linkdex":62,"pgc_sgb_lightbox_settings":"","footnotes":""},"categories":[988],"tags":[1393,3214,3511],"class_list":["post-55750","post","type-post","status-publish","format-standard","has-post-thumbnail","hentry","category-unternehmen","tag-julius-baer","tag-kredit","tag-signa"],"acf":[],"yoast_head":"<!-- This site is optimized with the Yoast SEO plugin v27.4 - https:\/\/yoast.com\/product\/yoast-seo-wordpress\/ -->\n<title>Julius B\u00e4r schreibt Signa-Kredite vollst\u00e4ndig ab - IMMOBILIEN Business<\/title>\n<meta name=\"robots\" content=\"index, follow, max-snippet:-1, max-image-preview:large, max-video-preview:-1\" \/>\n<link rel=\"canonical\" href=\"https:\/\/www.immobilienbusiness.ch\/it\/unternehmen\/2024-02-01\/julius-baer-schreibt-signa-kredite-vollstaendig-ab\/\" \/>\n<meta property=\"og:locale\" content=\"it_IT\" \/>\n<meta property=\"og:type\" content=\"article\" \/>\n<meta property=\"og:title\" content=\"Julius B\u00e4r schreibt Signa-Kredite vollst\u00e4ndig ab - IMMOBILIEN Business\" \/>\n<meta property=\"og:description\" content=\"Die Bank k\u00fcndigt an, dass CEO Philipp Rickenbacher das Institut verl\u00e4sst. Aus dem Private-Debt-Gesch\u00e4ft zieht sie sich zur\u00fcck.\" \/>\n<meta property=\"og:url\" content=\"https:\/\/www.immobilienbusiness.ch\/it\/unternehmen\/2024-02-01\/julius-baer-schreibt-signa-kredite-vollstaendig-ab\/\" \/>\n<meta property=\"og:site_name\" content=\"IMMOBILIEN Business\" \/>\n<meta property=\"article:publisher\" content=\"https:\/\/www.facebook.com\/immobilienbusiness\/\" \/>\n<meta property=\"article:published_time\" content=\"2024-02-01T09:04:25+00:00\" \/>\n<meta property=\"article:modified_time\" content=\"2024-02-01T09:14:07+00:00\" \/>\n<meta property=\"og:image\" content=\"https:\/\/www.immobilienbusiness.ch\/wp-content\/uploads\/2019\/06\/Depositphotos_78294064_xl-2015.jpg\" \/>\n\t<meta property=\"og:image:width\" content=\"1200\" \/>\n\t<meta property=\"og:image:height\" content=\"801\" \/>\n\t<meta property=\"og:image:type\" content=\"image\/jpeg\" \/>\n<meta name=\"author\" content=\"anja.hall\" \/>\n<meta name=\"twitter:card\" content=\"summary_large_image\" \/>\n<script type=\"application\/ld+json\" class=\"yoast-schema-graph\">{\"@context\":\"https:\\\/\\\/schema.org\",\"@graph\":[{\"@type\":\"Article\",\"@id\":\"https:\\\/\\\/www.immobilienbusiness.ch\\\/fr\\\/unternehmen\\\/2024-02-01\\\/julius-baer-schreibt-signa-kredite-vollstaendig-ab\\\/#article\",\"isPartOf\":{\"@id\":\"https:\\\/\\\/www.immobilienbusiness.ch\\\/fr\\\/unternehmen\\\/2024-02-01\\\/julius-baer-schreibt-signa-kredite-vollstaendig-ab\\\/\"},\"author\":{\"name\":\"anja.hall\",\"@id\":\"https:\\\/\\\/www.immobilienbusiness.ch\\\/#\\\/schema\\\/person\\\/3fc036297b10b9f42d6db5ee932af8c8\"},\"headline\":\"Julius B\u00e4r schreibt Signa-Kredite vollst\u00e4ndig ab\",\"datePublished\":\"2024-02-01T09:04:25+00:00\",\"dateModified\":\"2024-02-01T09:14:07+00:00\",\"mainEntityOfPage\":{\"@id\":\"https:\\\/\\\/www.immobilienbusiness.ch\\\/fr\\\/unternehmen\\\/2024-02-01\\\/julius-baer-schreibt-signa-kredite-vollstaendig-ab\\\/\"},\"wordCount\":371,\"publisher\":{\"@id\":\"https:\\\/\\\/www.immobilienbusiness.ch\\\/#organization\"},\"image\":{\"@id\":\"https:\\\/\\\/www.immobilienbusiness.ch\\\/fr\\\/unternehmen\\\/2024-02-01\\\/julius-baer-schreibt-signa-kredite-vollstaendig-ab\\\/#primaryimage\"},\"thumbnailUrl\":\"https:\\\/\\\/www.immobilienbusiness.ch\\\/wp-content\\\/uploads\\\/2019\\\/06\\\/Depositphotos_78294064_xl-2015.jpg\",\"keywords\":[\"Julius B\u00e4r\",\"Kredit\",\"Signa\"],\"articleSection\":[\"UNTERNEHMEN\"],\"inLanguage\":\"it-IT\"},{\"@type\":\"WebPage\",\"@id\":\"https:\\\/\\\/www.immobilienbusiness.ch\\\/fr\\\/unternehmen\\\/2024-02-01\\\/julius-baer-schreibt-signa-kredite-vollstaendig-ab\\\/\",\"url\":\"https:\\\/\\\/www.immobilienbusiness.ch\\\/fr\\\/unternehmen\\\/2024-02-01\\\/julius-baer-schreibt-signa-kredite-vollstaendig-ab\\\/\",\"name\":\"Julius B\u00e4r schreibt Signa-Kredite vollst\u00e4ndig ab - IMMOBILIEN Business\",\"isPartOf\":{\"@id\":\"https:\\\/\\\/www.immobilienbusiness.ch\\\/#website\"},\"primaryImageOfPage\":{\"@id\":\"https:\\\/\\\/www.immobilienbusiness.ch\\\/fr\\\/unternehmen\\\/2024-02-01\\\/julius-baer-schreibt-signa-kredite-vollstaendig-ab\\\/#primaryimage\"},\"image\":{\"@id\":\"https:\\\/\\\/www.immobilienbusiness.ch\\\/fr\\\/unternehmen\\\/2024-02-01\\\/julius-baer-schreibt-signa-kredite-vollstaendig-ab\\\/#primaryimage\"},\"thumbnailUrl\":\"https:\\\/\\\/www.immobilienbusiness.ch\\\/wp-content\\\/uploads\\\/2019\\\/06\\\/Depositphotos_78294064_xl-2015.jpg\",\"datePublished\":\"2024-02-01T09:04:25+00:00\",\"dateModified\":\"2024-02-01T09:14:07+00:00\",\"breadcrumb\":{\"@id\":\"https:\\\/\\\/www.immobilienbusiness.ch\\\/fr\\\/unternehmen\\\/2024-02-01\\\/julius-baer-schreibt-signa-kredite-vollstaendig-ab\\\/#breadcrumb\"},\"inLanguage\":\"it-IT\",\"potentialAction\":[{\"@type\":\"ReadAction\",\"target\":[\"https:\\\/\\\/www.immobilienbusiness.ch\\\/fr\\\/unternehmen\\\/2024-02-01\\\/julius-baer-schreibt-signa-kredite-vollstaendig-ab\\\/\"]}]},{\"@type\":\"ImageObject\",\"inLanguage\":\"it-IT\",\"@id\":\"https:\\\/\\\/www.immobilienbusiness.ch\\\/fr\\\/unternehmen\\\/2024-02-01\\\/julius-baer-schreibt-signa-kredite-vollstaendig-ab\\\/#primaryimage\",\"url\":\"https:\\\/\\\/www.immobilienbusiness.ch\\\/wp-content\\\/uploads\\\/2019\\\/06\\\/Depositphotos_78294064_xl-2015.jpg\",\"contentUrl\":\"https:\\\/\\\/www.immobilienbusiness.ch\\\/wp-content\\\/uploads\\\/2019\\\/06\\\/Depositphotos_78294064_xl-2015.jpg\",\"width\":1200,\"height\":801,\"caption\":\"Z\u00fcblin hat seinen Gesch\u00e4ftsbericht f\u00fcr 2023\\\/24 vorgelegt (Bild: depositphotos)\"},{\"@type\":\"BreadcrumbList\",\"@id\":\"https:\\\/\\\/www.immobilienbusiness.ch\\\/fr\\\/unternehmen\\\/2024-02-01\\\/julius-baer-schreibt-signa-kredite-vollstaendig-ab\\\/#breadcrumb\",\"itemListElement\":[{\"@type\":\"ListItem\",\"position\":1,\"name\":\"Home\",\"item\":\"https:\\\/\\\/www.immobilienbusiness.ch\\\/\"},{\"@type\":\"ListItem\",\"position\":2,\"name\":\"Julius B\u00e4r schreibt Signa-Kredite vollst\u00e4ndig ab\"}]},{\"@type\":\"WebSite\",\"@id\":\"https:\\\/\\\/www.immobilienbusiness.ch\\\/#website\",\"url\":\"https:\\\/\\\/www.immobilienbusiness.ch\\\/\",\"name\":\"IMMOBILIEN Business\",\"description\":\"Unabh\u00e4ngiges Schweizer Wirtschaftsmagazin mit Fokus auf Immobilien, Architektur- und Bau sowie Investment- und Finanzierung.\",\"publisher\":{\"@id\":\"https:\\\/\\\/www.immobilienbusiness.ch\\\/#organization\"},\"potentialAction\":[{\"@type\":\"SearchAction\",\"target\":{\"@type\":\"EntryPoint\",\"urlTemplate\":\"https:\\\/\\\/www.immobilienbusiness.ch\\\/?s={search_term_string}\"},\"query-input\":{\"@type\":\"PropertyValueSpecification\",\"valueRequired\":true,\"valueName\":\"search_term_string\"}}],\"inLanguage\":\"it-IT\"},{\"@type\":\"Organization\",\"@id\":\"https:\\\/\\\/www.immobilienbusiness.ch\\\/#organization\",\"name\":\"IMMOBILIEN Business\",\"url\":\"https:\\\/\\\/www.immobilienbusiness.ch\\\/\",\"logo\":{\"@type\":\"ImageObject\",\"inLanguage\":\"it-IT\",\"@id\":\"https:\\\/\\\/www.immobilienbusiness.ch\\\/#\\\/schema\\\/logo\\\/image\\\/\",\"url\":\"https:\\\/\\\/www.immobilienbusiness.ch\\\/wp-content\\\/uploads\\\/2021\\\/07\\\/logo_ib.png\",\"contentUrl\":\"https:\\\/\\\/www.immobilienbusiness.ch\\\/wp-content\\\/uploads\\\/2021\\\/07\\\/logo_ib.png\",\"width\":800,\"height\":181,\"caption\":\"IMMOBILIEN Business\"},\"image\":{\"@id\":\"https:\\\/\\\/www.immobilienbusiness.ch\\\/#\\\/schema\\\/logo\\\/image\\\/\"},\"sameAs\":[\"https:\\\/\\\/www.facebook.com\\\/immobilienbusiness\\\/\"]},{\"@type\":\"Person\",\"@id\":\"https:\\\/\\\/www.immobilienbusiness.ch\\\/#\\\/schema\\\/person\\\/3fc036297b10b9f42d6db5ee932af8c8\",\"name\":\"anja.hall\",\"image\":{\"@type\":\"ImageObject\",\"inLanguage\":\"it-IT\",\"@id\":\"https:\\\/\\\/secure.gravatar.com\\\/avatar\\\/066b5a0d447013502c71a5782f4f3469f03cfe595cc2329fb94652fe47511bfb?s=96&d=mm&r=g\",\"url\":\"https:\\\/\\\/secure.gravatar.com\\\/avatar\\\/066b5a0d447013502c71a5782f4f3469f03cfe595cc2329fb94652fe47511bfb?s=96&d=mm&r=g\",\"contentUrl\":\"https:\\\/\\\/secure.gravatar.com\\\/avatar\\\/066b5a0d447013502c71a5782f4f3469f03cfe595cc2329fb94652fe47511bfb?s=96&d=mm&r=g\",\"caption\":\"anja.hall\"},\"url\":\"https:\\\/\\\/www.immobilienbusiness.ch\\\/it\\\/author\\\/anja-hall\\\/\"}]}<\/script>\n<!-- \/ Yoast SEO plugin. -->","yoast_head_json":{"title":"Julius B\u00e4r schreibt Signa-Kredite vollst\u00e4ndig ab - IMMOBILIEN Business","robots":{"index":"index","follow":"follow","max-snippet":"max-snippet:-1","max-image-preview":"max-image-preview:large","max-video-preview":"max-video-preview:-1"},"canonical":"https:\/\/www.immobilienbusiness.ch\/it\/unternehmen\/2024-02-01\/julius-baer-schreibt-signa-kredite-vollstaendig-ab\/","og_locale":"it_IT","og_type":"article","og_title":"Julius B\u00e4r schreibt Signa-Kredite vollst\u00e4ndig ab - IMMOBILIEN Business","og_description":"Die Bank k\u00fcndigt an, dass CEO Philipp Rickenbacher das Institut verl\u00e4sst. Aus dem Private-Debt-Gesch\u00e4ft zieht sie sich zur\u00fcck.","og_url":"https:\/\/www.immobilienbusiness.ch\/it\/unternehmen\/2024-02-01\/julius-baer-schreibt-signa-kredite-vollstaendig-ab\/","og_site_name":"IMMOBILIEN Business","article_publisher":"https:\/\/www.facebook.com\/immobilienbusiness\/","article_published_time":"2024-02-01T09:04:25+00:00","article_modified_time":"2024-02-01T09:14:07+00:00","og_image":[{"width":1200,"height":801,"url":"https:\/\/www.immobilienbusiness.ch\/wp-content\/uploads\/2019\/06\/Depositphotos_78294064_xl-2015.jpg","type":"image\/jpeg"}],"author":"anja.hall","twitter_card":"summary_large_image","schema":{"@context":"https:\/\/schema.org","@graph":[{"@type":"Article","@id":"https:\/\/www.immobilienbusiness.ch\/fr\/unternehmen\/2024-02-01\/julius-baer-schreibt-signa-kredite-vollstaendig-ab\/#article","isPartOf":{"@id":"https:\/\/www.immobilienbusiness.ch\/fr\/unternehmen\/2024-02-01\/julius-baer-schreibt-signa-kredite-vollstaendig-ab\/"},"author":{"name":"anja.hall","@id":"https:\/\/www.immobilienbusiness.ch\/#\/schema\/person\/3fc036297b10b9f42d6db5ee932af8c8"},"headline":"Julius B\u00e4r schreibt Signa-Kredite vollst\u00e4ndig ab","datePublished":"2024-02-01T09:04:25+00:00","dateModified":"2024-02-01T09:14:07+00:00","mainEntityOfPage":{"@id":"https:\/\/www.immobilienbusiness.ch\/fr\/unternehmen\/2024-02-01\/julius-baer-schreibt-signa-kredite-vollstaendig-ab\/"},"wordCount":371,"publisher":{"@id":"https:\/\/www.immobilienbusiness.ch\/#organization"},"image":{"@id":"https:\/\/www.immobilienbusiness.ch\/fr\/unternehmen\/2024-02-01\/julius-baer-schreibt-signa-kredite-vollstaendig-ab\/#primaryimage"},"thumbnailUrl":"https:\/\/www.immobilienbusiness.ch\/wp-content\/uploads\/2019\/06\/Depositphotos_78294064_xl-2015.jpg","keywords":["Julius B\u00e4r","Kredit","Signa"],"articleSection":["UNTERNEHMEN"],"inLanguage":"it-IT"},{"@type":"WebPage","@id":"https:\/\/www.immobilienbusiness.ch\/fr\/unternehmen\/2024-02-01\/julius-baer-schreibt-signa-kredite-vollstaendig-ab\/","url":"https:\/\/www.immobilienbusiness.ch\/fr\/unternehmen\/2024-02-01\/julius-baer-schreibt-signa-kredite-vollstaendig-ab\/","name":"Julius B\u00e4r schreibt Signa-Kredite vollst\u00e4ndig ab - IMMOBILIEN Business","isPartOf":{"@id":"https:\/\/www.immobilienbusiness.ch\/#website"},"primaryImageOfPage":{"@id":"https:\/\/www.immobilienbusiness.ch\/fr\/unternehmen\/2024-02-01\/julius-baer-schreibt-signa-kredite-vollstaendig-ab\/#primaryimage"},"image":{"@id":"https:\/\/www.immobilienbusiness.ch\/fr\/unternehmen\/2024-02-01\/julius-baer-schreibt-signa-kredite-vollstaendig-ab\/#primaryimage"},"thumbnailUrl":"https:\/\/www.immobilienbusiness.ch\/wp-content\/uploads\/2019\/06\/Depositphotos_78294064_xl-2015.jpg","datePublished":"2024-02-01T09:04:25+00:00","dateModified":"2024-02-01T09:14:07+00:00","breadcrumb":{"@id":"https:\/\/www.immobilienbusiness.ch\/fr\/unternehmen\/2024-02-01\/julius-baer-schreibt-signa-kredite-vollstaendig-ab\/#breadcrumb"},"inLanguage":"it-IT","potentialAction":[{"@type":"ReadAction","target":["https:\/\/www.immobilienbusiness.ch\/fr\/unternehmen\/2024-02-01\/julius-baer-schreibt-signa-kredite-vollstaendig-ab\/"]}]},{"@type":"ImageObject","inLanguage":"it-IT","@id":"https:\/\/www.immobilienbusiness.ch\/fr\/unternehmen\/2024-02-01\/julius-baer-schreibt-signa-kredite-vollstaendig-ab\/#primaryimage","url":"https:\/\/www.immobilienbusiness.ch\/wp-content\/uploads\/2019\/06\/Depositphotos_78294064_xl-2015.jpg","contentUrl":"https:\/\/www.immobilienbusiness.ch\/wp-content\/uploads\/2019\/06\/Depositphotos_78294064_xl-2015.jpg","width":1200,"height":801,"caption":"Z\u00fcblin hat seinen Gesch\u00e4ftsbericht f\u00fcr 2023\/24 vorgelegt (Bild: depositphotos)"},{"@type":"BreadcrumbList","@id":"https:\/\/www.immobilienbusiness.ch\/fr\/unternehmen\/2024-02-01\/julius-baer-schreibt-signa-kredite-vollstaendig-ab\/#breadcrumb","itemListElement":[{"@type":"ListItem","position":1,"name":"Home","item":"https:\/\/www.immobilienbusiness.ch\/"},{"@type":"ListItem","position":2,"name":"Julius B\u00e4r schreibt Signa-Kredite vollst\u00e4ndig ab"}]},{"@type":"WebSite","@id":"https:\/\/www.immobilienbusiness.ch\/#website","url":"https:\/\/www.immobilienbusiness.ch\/","name":"Affari immobiliari","description":"Rivista economica indipendente svizzera che si concentra sul settore immobiliare, l'architettura e la costruzione, nonch\u00e9 sugli investimenti e i finanziamenti.","publisher":{"@id":"https:\/\/www.immobilienbusiness.ch\/#organization"},"potentialAction":[{"@type":"SearchAction","target":{"@type":"EntryPoint","urlTemplate":"https:\/\/www.immobilienbusiness.ch\/?s={search_term_string}"},"query-input":{"@type":"PropertyValueSpecification","valueRequired":true,"valueName":"search_term_string"}}],"inLanguage":"it-IT"},{"@type":"Organization","@id":"https:\/\/www.immobilienbusiness.ch\/#organization","name":"Affari immobiliari","url":"https:\/\/www.immobilienbusiness.ch\/","logo":{"@type":"ImageObject","inLanguage":"it-IT","@id":"https:\/\/www.immobilienbusiness.ch\/#\/schema\/logo\/image\/","url":"https:\/\/www.immobilienbusiness.ch\/wp-content\/uploads\/2021\/07\/logo_ib.png","contentUrl":"https:\/\/www.immobilienbusiness.ch\/wp-content\/uploads\/2021\/07\/logo_ib.png","width":800,"height":181,"caption":"IMMOBILIEN Business"},"image":{"@id":"https:\/\/www.immobilienbusiness.ch\/#\/schema\/logo\/image\/"},"sameAs":["https:\/\/www.facebook.com\/immobilienbusiness\/"]},{"@type":"Person","@id":"https:\/\/www.immobilienbusiness.ch\/#\/schema\/person\/3fc036297b10b9f42d6db5ee932af8c8","name":"anja.hall","image":{"@type":"ImageObject","inLanguage":"it-IT","@id":"https:\/\/secure.gravatar.com\/avatar\/066b5a0d447013502c71a5782f4f3469f03cfe595cc2329fb94652fe47511bfb?s=96&d=mm&r=g","url":"https:\/\/secure.gravatar.com\/avatar\/066b5a0d447013502c71a5782f4f3469f03cfe595cc2329fb94652fe47511bfb?s=96&d=mm&r=g","contentUrl":"https:\/\/secure.gravatar.com\/avatar\/066b5a0d447013502c71a5782f4f3469f03cfe595cc2329fb94652fe47511bfb?s=96&d=mm&r=g","caption":"anja.hall"},"url":"https:\/\/www.immobilienbusiness.ch\/it\/author\/anja-hall\/"}]}},"_links":{"self":[{"href":"https:\/\/www.immobilienbusiness.ch\/it\/wp-json\/wp\/v2\/posts\/55750","targetHints":{"allow":["GET"]}}],"collection":[{"href":"https:\/\/www.immobilienbusiness.ch\/it\/wp-json\/wp\/v2\/posts"}],"about":[{"href":"https:\/\/www.immobilienbusiness.ch\/it\/wp-json\/wp\/v2\/types\/post"}],"author":[{"embeddable":true,"href":"https:\/\/www.immobilienbusiness.ch\/it\/wp-json\/wp\/v2\/users\/3"}],"replies":[{"embeddable":true,"href":"https:\/\/www.immobilienbusiness.ch\/it\/wp-json\/wp\/v2\/comments?post=55750"}],"version-history":[{"count":3,"href":"https:\/\/www.immobilienbusiness.ch\/it\/wp-json\/wp\/v2\/posts\/55750\/revisions"}],"predecessor-version":[{"id":55757,"href":"https:\/\/www.immobilienbusiness.ch\/it\/wp-json\/wp\/v2\/posts\/55750\/revisions\/55757"}],"wp:featuredmedia":[{"embeddable":true,"href":"https:\/\/www.immobilienbusiness.ch\/it\/wp-json\/wp\/v2\/media\/17382"}],"wp:attachment":[{"href":"https:\/\/www.immobilienbusiness.ch\/it\/wp-json\/wp\/v2\/media?parent=55750"}],"wp:term":[{"taxonomy":"category","embeddable":true,"href":"https:\/\/www.immobilienbusiness.ch\/it\/wp-json\/wp\/v2\/categories?post=55750"},{"taxonomy":"post_tag","embeddable":true,"href":"https:\/\/www.immobilienbusiness.ch\/it\/wp-json\/wp\/v2\/tags?post=55750"}],"curies":[{"name":"wp","href":"https:\/\/api.w.org\/{rel}","templated":true}]}}