{"id":55701,"date":"2024-01-30T08:25:41","date_gmt":"2024-01-30T07:25:41","guid":{"rendered":"https:\/\/www.immobilienbusiness.ch\/?p=55701"},"modified":"2024-02-01T10:10:24","modified_gmt":"2024-02-01T09:10:24","slug":"akara-swiss-diversity-vermeldet-sacheinlage-und-naechste-emission","status":"publish","type":"post","link":"https:\/\/www.immobilienbusiness.ch\/it\/unternehmen\/2024-01-30\/akara-swiss-diversity-vermeldet-sacheinlage-und-naechste-emission\/","title":{"rendered":"Akara annuncia il contributo in natura e la prossima edizione"},"content":{"rendered":"<figure id=\"attachment_55702\" aria-describedby=\"caption-attachment-55702\" style=\"width: 1400px\" class=\"wp-caption alignnone\"><a href=\"https:\/\/www.immobilienbusiness.ch\/wp-content\/uploads\/2024\/01\/6858_waldegg_uitikon_aussen_lea_k02c_230123-scaled.jpg\"><img loading=\"lazy\" decoding=\"async\" class=\"size-full wp-image-55702\" src=\"https:\/\/www.immobilienbusiness.ch\/wp-content\/uploads\/2024\/01\/6858_waldegg_uitikon_aussen_lea_k02c_230123-scaled.jpg\" alt=\"\" width=\"1400\" height=\"990\" srcset=\"https:\/\/www.immobilienbusiness.ch\/wp-content\/uploads\/2024\/01\/6858_waldegg_uitikon_aussen_lea_k02c_230123-scaled.jpg 1200w, https:\/\/www.immobilienbusiness.ch\/wp-content\/uploads\/2024\/01\/6858_waldegg_uitikon_aussen_lea_k02c_230123-300x212.jpg 300w, https:\/\/www.immobilienbusiness.ch\/wp-content\/uploads\/2024\/01\/6858_waldegg_uitikon_aussen_lea_k02c_230123-1024x724.jpg 1024w, https:\/\/www.immobilienbusiness.ch\/wp-content\/uploads\/2024\/01\/6858_waldegg_uitikon_aussen_lea_k02c_230123-768x543.jpg 768w, https:\/\/www.immobilienbusiness.ch\/wp-content\/uploads\/2024\/01\/6858_waldegg_uitikon_aussen_lea_k02c_230123-1536x1086.jpg 1536w, https:\/\/www.immobilienbusiness.ch\/wp-content\/uploads\/2024\/01\/6858_waldegg_uitikon_aussen_lea_k02c_230123-2048x1448.jpg 2048w, https:\/\/www.immobilienbusiness.ch\/wp-content\/uploads\/2024\/01\/6858_waldegg_uitikon_aussen_lea_k02c_230123-18x12.jpg 18w, https:\/\/www.immobilienbusiness.ch\/wp-content\/uploads\/2024\/01\/6858_waldegg_uitikon_aussen_lea_k02c_230123-375x265.jpg 375w, https:\/\/www.immobilienbusiness.ch\/wp-content\/uploads\/2024\/01\/6858_waldegg_uitikon_aussen_lea_k02c_230123-495x350.jpg 495w, https:\/\/www.immobilienbusiness.ch\/wp-content\/uploads\/2024\/01\/6858_waldegg_uitikon_aussen_lea_k02c_230123-1000x707.jpg 1000w\" sizes=\"auto, (max-width: 1400px) 100vw, 1400px\" \/><\/a><figcaption id=\"caption-attachment-55702\" class=\"wp-caption-text\">Ci sono novit\u00e0 anche sul progetto Akara a Waldegg-Uitikon (Immagine: Akara)<\/figcaption><\/figure>\n<p>Secondo un aggiornamento del fondo Akara Swiss Diversity Property Fund PK, all'inizio di dicembre Ascaro Vorsorgestiftung ha acquistato cinque immobili residenziali nella Svizzera occidentale mediante un conferimento in natura. \"Grazie al conferimento in natura, abbiamo acquisito un nuovo interessante investitore in Ascaro Vorsorgestiftung e possiamo contemporaneamente ridurre il nostro rapporto di indebitamento al di sotto di 26%\", scrive la societ\u00e0 di gestione del fondo. Inoltre, sar\u00e0 migliorata la diversificazione regionale nei cantoni di Vaud e Neuch\u00e2tel.<\/p>\n<h3>Riposizionato il progetto di Uitikon-Waldegg<\/h3>\n<p>Akara ha anche notizie sul suo progetto a Uitikon-Waldegg (ZH), dove il progetto \"Leuen Waldegg\", con un totale di 207 appartamenti, viene realizzato in tre fasi di costruzione. Il nuovo complesso residenziale con il marchio SNBS Gold e SNBS Platinum, composto da 17 condomini di tre o quattro piani, si trova ai piedi dell'area ricreativa dell'Uetliberg. La seconda fase, \"Leandro\", \u00e8 stata riposizionata come condominio. Alcuni dei 47 condomini saranno occupati nel novembre 2024 e gli altri nella prima met\u00e0 del 2025, mentre le vendite inizieranno alla fine di febbraio 2024. \"Il riposizionamento ha portato a un significativo apprezzamento della propriet\u00e0\", scrive Akara. Il profitto sar\u00e0 realizzato con la vendita dei condomini negli esercizi 2024 e 2025.<\/p>\n<h3>Vendite strategiche nel quarto trimestre<\/h3>\n<p>Nel quarto trimestre, Akara ha inoltre venduto dodici immobili nel Cantone di Zurigo per un totale di 177,3 milioni di franchi. Le propriet\u00e0 pi\u00f9 piccole sono state vendute con una plusvalenza realizzata di oltre 7 milioni di franchi. Si tratta di undici propriet\u00e0 residenziali a Zurigo, Winterthur, Meilen e Spreitenbach e di una propriet\u00e0 commerciale nella citt\u00e0 di Zurigo.<\/p>\n<h3>Aumento di capitale nel secondo trimestre del 2024<\/h3>\n<p>Inoltre, la direzione del fondo Akara Diversity PK ha annunciato che la prossima emissione \u00e8 prevista per il secondo trimestre. I nuovi fondi saranno utilizzati principalmente per ampliare il portafoglio e gli acquisti sono gi\u00e0 stati garantiti. Inoltre, saranno finanziati i progetti in corso e, ove possibile, sar\u00e0 ridotto ulteriormente il rapporto di indebitamento. <em>(aw)<\/em><\/p>","protected":false},"excerpt":{"rendered":"<p>La Fondazione di previdenza Ascaro apporta cinque immobili residenziali ad Akara Swiss Diversity. Il fondo annuncia inoltre un nuovo aumento di capitale e una vendita.<\/p>","protected":false},"author":102,"featured_media":55702,"comment_status":"closed","ping_status":"closed","sticky":false,"template":"","format":"standard","meta":{"_acf_changed":false,"_yoast_wpseo_focuskw":"Akara","_yoast_wpseo_title":"","_yoast_wpseo_metadesc":"Die Asacara Vorsorgestiftung bringt f\u00fcnf Wohnh\u00e4user in den Fonds ein. Der informiert ausserdem \u00fcber eine neue Kapitalerh\u00f6hung und Verk\u00e4ufe.","_yoast_wpseo_linkdex":64,"pgc_sgb_lightbox_settings":"","footnotes":""},"categories":[988],"tags":[2235,3559,1344,1412,2147],"class_list":["post-55701","post","type-post","status-publish","format-standard","has-post-thumbnail","hentry","category-unternehmen","tag-akara","tag-ascaro","tag-immobilienfonds","tag-kapitalerhoehung","tag-verkaeufe"],"acf":[],"yoast_head":"<!-- This site is optimized with the Yoast SEO plugin v27.4 - https:\/\/yoast.com\/product\/yoast-seo-wordpress\/ -->\n<title>Akara vermeldet Sacheinlage und n\u00e4chste Emission - IMMOBILIEN Business<\/title>\n<meta name=\"description\" content=\"Die Asacara Vorsorgestiftung bringt f\u00fcnf Wohnh\u00e4user in den Fonds ein. Der informiert ausserdem \u00fcber eine neue Kapitalerh\u00f6hung und Verk\u00e4ufe.\" \/>\n<meta name=\"robots\" content=\"index, follow, max-snippet:-1, max-image-preview:large, max-video-preview:-1\" \/>\n<link rel=\"canonical\" href=\"https:\/\/www.immobilienbusiness.ch\/it\/unternehmen\/2024-01-30\/akara-swiss-diversity-vermeldet-sacheinlage-und-naechste-emission\/\" \/>\n<meta property=\"og:locale\" content=\"it_IT\" \/>\n<meta property=\"og:type\" content=\"article\" \/>\n<meta property=\"og:title\" content=\"Akara vermeldet Sacheinlage und n\u00e4chste Emission - IMMOBILIEN Business\" \/>\n<meta property=\"og:description\" content=\"Die Asacara Vorsorgestiftung bringt f\u00fcnf Wohnh\u00e4user in den Fonds ein. Der informiert ausserdem \u00fcber eine neue Kapitalerh\u00f6hung und Verk\u00e4ufe.\" \/>\n<meta property=\"og:url\" content=\"https:\/\/www.immobilienbusiness.ch\/it\/unternehmen\/2024-01-30\/akara-swiss-diversity-vermeldet-sacheinlage-und-naechste-emission\/\" \/>\n<meta property=\"og:site_name\" content=\"IMMOBILIEN Business\" \/>\n<meta property=\"article:publisher\" content=\"https:\/\/www.facebook.com\/immobilienbusiness\/\" \/>\n<meta property=\"article:published_time\" content=\"2024-01-30T07:25:41+00:00\" \/>\n<meta property=\"article:modified_time\" content=\"2024-02-01T09:10:24+00:00\" \/>\n<meta property=\"og:image\" content=\"https:\/\/www.immobilienbusiness.ch\/wp-content\/uploads\/2024\/01\/6858_waldegg_uitikon_aussen_lea_k02c_230123-scaled.jpg\" \/>\n\t<meta property=\"og:image:width\" content=\"1200\" \/>\n\t<meta property=\"og:image:height\" content=\"849\" \/>\n\t<meta property=\"og:image:type\" content=\"image\/jpeg\" \/>\n<meta name=\"author\" content=\"Alexander Wachter\" \/>\n<meta name=\"twitter:card\" content=\"summary_large_image\" \/>\n<script type=\"application\/ld+json\" class=\"yoast-schema-graph\">{\"@context\":\"https:\\\/\\\/schema.org\",\"@graph\":[{\"@type\":\"Article\",\"@id\":\"https:\\\/\\\/www.immobilienbusiness.ch\\\/fr\\\/unternehmen\\\/2024-01-30\\\/akara-swiss-diversity-vermeldet-sacheinlage-und-naechste-emission\\\/#article\",\"isPartOf\":{\"@id\":\"https:\\\/\\\/www.immobilienbusiness.ch\\\/fr\\\/unternehmen\\\/2024-01-30\\\/akara-swiss-diversity-vermeldet-sacheinlage-und-naechste-emission\\\/\"},\"author\":{\"name\":\"Alexander Wachter\",\"@id\":\"https:\\\/\\\/www.immobilienbusiness.ch\\\/#\\\/schema\\\/person\\\/aba8bea2db926aa0c24c08c43fe1fcd5\"},\"headline\":\"Akara vermeldet Sacheinlage und n\u00e4chste Emission\",\"datePublished\":\"2024-01-30T07:25:41+00:00\",\"dateModified\":\"2024-02-01T09:10:24+00:00\",\"mainEntityOfPage\":{\"@id\":\"https:\\\/\\\/www.immobilienbusiness.ch\\\/fr\\\/unternehmen\\\/2024-01-30\\\/akara-swiss-diversity-vermeldet-sacheinlage-und-naechste-emission\\\/\"},\"wordCount\":307,\"publisher\":{\"@id\":\"https:\\\/\\\/www.immobilienbusiness.ch\\\/#organization\"},\"image\":{\"@id\":\"https:\\\/\\\/www.immobilienbusiness.ch\\\/fr\\\/unternehmen\\\/2024-01-30\\\/akara-swiss-diversity-vermeldet-sacheinlage-und-naechste-emission\\\/#primaryimage\"},\"thumbnailUrl\":\"https:\\\/\\\/www.immobilienbusiness.ch\\\/wp-content\\\/uploads\\\/2024\\\/01\\\/6858_waldegg_uitikon_aussen_lea_k02c_230123-scaled.jpg\",\"keywords\":[\"Akara\",\"Ascaro\",\"Immobilienfonds\",\"Kapitalerh\u00f6hung\",\"Verk\u00e4ufe\"],\"articleSection\":[\"UNTERNEHMEN\"],\"inLanguage\":\"it-IT\"},{\"@type\":\"WebPage\",\"@id\":\"https:\\\/\\\/www.immobilienbusiness.ch\\\/fr\\\/unternehmen\\\/2024-01-30\\\/akara-swiss-diversity-vermeldet-sacheinlage-und-naechste-emission\\\/\",\"url\":\"https:\\\/\\\/www.immobilienbusiness.ch\\\/fr\\\/unternehmen\\\/2024-01-30\\\/akara-swiss-diversity-vermeldet-sacheinlage-und-naechste-emission\\\/\",\"name\":\"Akara vermeldet Sacheinlage und n\u00e4chste Emission - IMMOBILIEN Business\",\"isPartOf\":{\"@id\":\"https:\\\/\\\/www.immobilienbusiness.ch\\\/#website\"},\"primaryImageOfPage\":{\"@id\":\"https:\\\/\\\/www.immobilienbusiness.ch\\\/fr\\\/unternehmen\\\/2024-01-30\\\/akara-swiss-diversity-vermeldet-sacheinlage-und-naechste-emission\\\/#primaryimage\"},\"image\":{\"@id\":\"https:\\\/\\\/www.immobilienbusiness.ch\\\/fr\\\/unternehmen\\\/2024-01-30\\\/akara-swiss-diversity-vermeldet-sacheinlage-und-naechste-emission\\\/#primaryimage\"},\"thumbnailUrl\":\"https:\\\/\\\/www.immobilienbusiness.ch\\\/wp-content\\\/uploads\\\/2024\\\/01\\\/6858_waldegg_uitikon_aussen_lea_k02c_230123-scaled.jpg\",\"datePublished\":\"2024-01-30T07:25:41+00:00\",\"dateModified\":\"2024-02-01T09:10:24+00:00\",\"description\":\"Die Asacara Vorsorgestiftung bringt f\u00fcnf Wohnh\u00e4user in den Fonds ein. Der informiert ausserdem \u00fcber eine neue Kapitalerh\u00f6hung und Verk\u00e4ufe.\",\"breadcrumb\":{\"@id\":\"https:\\\/\\\/www.immobilienbusiness.ch\\\/fr\\\/unternehmen\\\/2024-01-30\\\/akara-swiss-diversity-vermeldet-sacheinlage-und-naechste-emission\\\/#breadcrumb\"},\"inLanguage\":\"it-IT\",\"potentialAction\":[{\"@type\":\"ReadAction\",\"target\":[\"https:\\\/\\\/www.immobilienbusiness.ch\\\/fr\\\/unternehmen\\\/2024-01-30\\\/akara-swiss-diversity-vermeldet-sacheinlage-und-naechste-emission\\\/\"]}]},{\"@type\":\"ImageObject\",\"inLanguage\":\"it-IT\",\"@id\":\"https:\\\/\\\/www.immobilienbusiness.ch\\\/fr\\\/unternehmen\\\/2024-01-30\\\/akara-swiss-diversity-vermeldet-sacheinlage-und-naechste-emission\\\/#primaryimage\",\"url\":\"https:\\\/\\\/www.immobilienbusiness.ch\\\/wp-content\\\/uploads\\\/2024\\\/01\\\/6858_waldegg_uitikon_aussen_lea_k02c_230123-scaled.jpg\",\"contentUrl\":\"https:\\\/\\\/www.immobilienbusiness.ch\\\/wp-content\\\/uploads\\\/2024\\\/01\\\/6858_waldegg_uitikon_aussen_lea_k02c_230123-scaled.jpg\",\"width\":1200,\"height\":849,\"caption\":\"Ein Projekt von Akara in Waldegg-Uitikon (Bild: Akara)\"},{\"@type\":\"BreadcrumbList\",\"@id\":\"https:\\\/\\\/www.immobilienbusiness.ch\\\/fr\\\/unternehmen\\\/2024-01-30\\\/akara-swiss-diversity-vermeldet-sacheinlage-und-naechste-emission\\\/#breadcrumb\",\"itemListElement\":[{\"@type\":\"ListItem\",\"position\":1,\"name\":\"Home\",\"item\":\"https:\\\/\\\/www.immobilienbusiness.ch\\\/\"},{\"@type\":\"ListItem\",\"position\":2,\"name\":\"Akara vermeldet Sacheinlage und n\u00e4chste Emission\"}]},{\"@type\":\"WebSite\",\"@id\":\"https:\\\/\\\/www.immobilienbusiness.ch\\\/#website\",\"url\":\"https:\\\/\\\/www.immobilienbusiness.ch\\\/\",\"name\":\"IMMOBILIEN Business\",\"description\":\"Unabh\u00e4ngiges Schweizer Wirtschaftsmagazin mit Fokus auf Immobilien, Architektur- und Bau sowie Investment- und Finanzierung.\",\"publisher\":{\"@id\":\"https:\\\/\\\/www.immobilienbusiness.ch\\\/#organization\"},\"potentialAction\":[{\"@type\":\"SearchAction\",\"target\":{\"@type\":\"EntryPoint\",\"urlTemplate\":\"https:\\\/\\\/www.immobilienbusiness.ch\\\/?s={search_term_string}\"},\"query-input\":{\"@type\":\"PropertyValueSpecification\",\"valueRequired\":true,\"valueName\":\"search_term_string\"}}],\"inLanguage\":\"it-IT\"},{\"@type\":\"Organization\",\"@id\":\"https:\\\/\\\/www.immobilienbusiness.ch\\\/#organization\",\"name\":\"IMMOBILIEN Business\",\"url\":\"https:\\\/\\\/www.immobilienbusiness.ch\\\/\",\"logo\":{\"@type\":\"ImageObject\",\"inLanguage\":\"it-IT\",\"@id\":\"https:\\\/\\\/www.immobilienbusiness.ch\\\/#\\\/schema\\\/logo\\\/image\\\/\",\"url\":\"https:\\\/\\\/www.immobilienbusiness.ch\\\/wp-content\\\/uploads\\\/2021\\\/07\\\/logo_ib.png\",\"contentUrl\":\"https:\\\/\\\/www.immobilienbusiness.ch\\\/wp-content\\\/uploads\\\/2021\\\/07\\\/logo_ib.png\",\"width\":800,\"height\":181,\"caption\":\"IMMOBILIEN Business\"},\"image\":{\"@id\":\"https:\\\/\\\/www.immobilienbusiness.ch\\\/#\\\/schema\\\/logo\\\/image\\\/\"},\"sameAs\":[\"https:\\\/\\\/www.facebook.com\\\/immobilienbusiness\\\/\"]},{\"@type\":\"Person\",\"@id\":\"https:\\\/\\\/www.immobilienbusiness.ch\\\/#\\\/schema\\\/person\\\/aba8bea2db926aa0c24c08c43fe1fcd5\",\"name\":\"Alexander Wachter\",\"image\":{\"@type\":\"ImageObject\",\"inLanguage\":\"it-IT\",\"@id\":\"https:\\\/\\\/secure.gravatar.com\\\/avatar\\\/1a09e471f5389b0e0a6416eac287e0927c7c97a7b77f9e787eba3af7aee281dd?s=96&d=mm&r=g\",\"url\":\"https:\\\/\\\/secure.gravatar.com\\\/avatar\\\/1a09e471f5389b0e0a6416eac287e0927c7c97a7b77f9e787eba3af7aee281dd?s=96&d=mm&r=g\",\"contentUrl\":\"https:\\\/\\\/secure.gravatar.com\\\/avatar\\\/1a09e471f5389b0e0a6416eac287e0927c7c97a7b77f9e787eba3af7aee281dd?s=96&d=mm&r=g\",\"caption\":\"Alexander Wachter\"},\"url\":\"https:\\\/\\\/www.immobilienbusiness.ch\\\/it\\\/author\\\/alexander-wachter\\\/\"}]}<\/script>\n<!-- \/ Yoast SEO plugin. -->","yoast_head_json":{"title":"Akara vermeldet Sacheinlage und n\u00e4chste Emission - IMMOBILIEN Business","description":"Die Asacara Vorsorgestiftung bringt f\u00fcnf Wohnh\u00e4user in den Fonds ein. Der informiert ausserdem \u00fcber eine neue Kapitalerh\u00f6hung und Verk\u00e4ufe.","robots":{"index":"index","follow":"follow","max-snippet":"max-snippet:-1","max-image-preview":"max-image-preview:large","max-video-preview":"max-video-preview:-1"},"canonical":"https:\/\/www.immobilienbusiness.ch\/it\/unternehmen\/2024-01-30\/akara-swiss-diversity-vermeldet-sacheinlage-und-naechste-emission\/","og_locale":"it_IT","og_type":"article","og_title":"Akara vermeldet Sacheinlage und n\u00e4chste Emission - IMMOBILIEN Business","og_description":"Die Asacara Vorsorgestiftung bringt f\u00fcnf Wohnh\u00e4user in den Fonds ein. Der informiert ausserdem \u00fcber eine neue Kapitalerh\u00f6hung und Verk\u00e4ufe.","og_url":"https:\/\/www.immobilienbusiness.ch\/it\/unternehmen\/2024-01-30\/akara-swiss-diversity-vermeldet-sacheinlage-und-naechste-emission\/","og_site_name":"IMMOBILIEN Business","article_publisher":"https:\/\/www.facebook.com\/immobilienbusiness\/","article_published_time":"2024-01-30T07:25:41+00:00","article_modified_time":"2024-02-01T09:10:24+00:00","og_image":[{"width":1200,"height":849,"url":"https:\/\/www.immobilienbusiness.ch\/wp-content\/uploads\/2024\/01\/6858_waldegg_uitikon_aussen_lea_k02c_230123-scaled.jpg","type":"image\/jpeg"}],"author":"Alexander Wachter","twitter_card":"summary_large_image","schema":{"@context":"https:\/\/schema.org","@graph":[{"@type":"Article","@id":"https:\/\/www.immobilienbusiness.ch\/fr\/unternehmen\/2024-01-30\/akara-swiss-diversity-vermeldet-sacheinlage-und-naechste-emission\/#article","isPartOf":{"@id":"https:\/\/www.immobilienbusiness.ch\/fr\/unternehmen\/2024-01-30\/akara-swiss-diversity-vermeldet-sacheinlage-und-naechste-emission\/"},"author":{"name":"Alexander Wachter","@id":"https:\/\/www.immobilienbusiness.ch\/#\/schema\/person\/aba8bea2db926aa0c24c08c43fe1fcd5"},"headline":"Akara vermeldet Sacheinlage und n\u00e4chste Emission","datePublished":"2024-01-30T07:25:41+00:00","dateModified":"2024-02-01T09:10:24+00:00","mainEntityOfPage":{"@id":"https:\/\/www.immobilienbusiness.ch\/fr\/unternehmen\/2024-01-30\/akara-swiss-diversity-vermeldet-sacheinlage-und-naechste-emission\/"},"wordCount":307,"publisher":{"@id":"https:\/\/www.immobilienbusiness.ch\/#organization"},"image":{"@id":"https:\/\/www.immobilienbusiness.ch\/fr\/unternehmen\/2024-01-30\/akara-swiss-diversity-vermeldet-sacheinlage-und-naechste-emission\/#primaryimage"},"thumbnailUrl":"https:\/\/www.immobilienbusiness.ch\/wp-content\/uploads\/2024\/01\/6858_waldegg_uitikon_aussen_lea_k02c_230123-scaled.jpg","keywords":["Akara","Ascaro","Immobilienfonds","Kapitalerh\u00f6hung","Verk\u00e4ufe"],"articleSection":["UNTERNEHMEN"],"inLanguage":"it-IT"},{"@type":"WebPage","@id":"https:\/\/www.immobilienbusiness.ch\/fr\/unternehmen\/2024-01-30\/akara-swiss-diversity-vermeldet-sacheinlage-und-naechste-emission\/","url":"https:\/\/www.immobilienbusiness.ch\/fr\/unternehmen\/2024-01-30\/akara-swiss-diversity-vermeldet-sacheinlage-und-naechste-emission\/","name":"Akara vermeldet Sacheinlage und n\u00e4chste Emission - IMMOBILIEN Business","isPartOf":{"@id":"https:\/\/www.immobilienbusiness.ch\/#website"},"primaryImageOfPage":{"@id":"https:\/\/www.immobilienbusiness.ch\/fr\/unternehmen\/2024-01-30\/akara-swiss-diversity-vermeldet-sacheinlage-und-naechste-emission\/#primaryimage"},"image":{"@id":"https:\/\/www.immobilienbusiness.ch\/fr\/unternehmen\/2024-01-30\/akara-swiss-diversity-vermeldet-sacheinlage-und-naechste-emission\/#primaryimage"},"thumbnailUrl":"https:\/\/www.immobilienbusiness.ch\/wp-content\/uploads\/2024\/01\/6858_waldegg_uitikon_aussen_lea_k02c_230123-scaled.jpg","datePublished":"2024-01-30T07:25:41+00:00","dateModified":"2024-02-01T09:10:24+00:00","description":"Die Asacara Vorsorgestiftung bringt f\u00fcnf Wohnh\u00e4user in den Fonds ein. Der informiert ausserdem \u00fcber eine neue Kapitalerh\u00f6hung und Verk\u00e4ufe.","breadcrumb":{"@id":"https:\/\/www.immobilienbusiness.ch\/fr\/unternehmen\/2024-01-30\/akara-swiss-diversity-vermeldet-sacheinlage-und-naechste-emission\/#breadcrumb"},"inLanguage":"it-IT","potentialAction":[{"@type":"ReadAction","target":["https:\/\/www.immobilienbusiness.ch\/fr\/unternehmen\/2024-01-30\/akara-swiss-diversity-vermeldet-sacheinlage-und-naechste-emission\/"]}]},{"@type":"ImageObject","inLanguage":"it-IT","@id":"https:\/\/www.immobilienbusiness.ch\/fr\/unternehmen\/2024-01-30\/akara-swiss-diversity-vermeldet-sacheinlage-und-naechste-emission\/#primaryimage","url":"https:\/\/www.immobilienbusiness.ch\/wp-content\/uploads\/2024\/01\/6858_waldegg_uitikon_aussen_lea_k02c_230123-scaled.jpg","contentUrl":"https:\/\/www.immobilienbusiness.ch\/wp-content\/uploads\/2024\/01\/6858_waldegg_uitikon_aussen_lea_k02c_230123-scaled.jpg","width":1200,"height":849,"caption":"Ein Projekt von Akara in Waldegg-Uitikon (Bild: Akara)"},{"@type":"BreadcrumbList","@id":"https:\/\/www.immobilienbusiness.ch\/fr\/unternehmen\/2024-01-30\/akara-swiss-diversity-vermeldet-sacheinlage-und-naechste-emission\/#breadcrumb","itemListElement":[{"@type":"ListItem","position":1,"name":"Home","item":"https:\/\/www.immobilienbusiness.ch\/"},{"@type":"ListItem","position":2,"name":"Akara vermeldet Sacheinlage und n\u00e4chste Emission"}]},{"@type":"WebSite","@id":"https:\/\/www.immobilienbusiness.ch\/#website","url":"https:\/\/www.immobilienbusiness.ch\/","name":"Affari immobiliari","description":"Rivista economica indipendente svizzera che si concentra sul settore immobiliare, l'architettura e la costruzione, nonch\u00e9 sugli investimenti e i finanziamenti.","publisher":{"@id":"https:\/\/www.immobilienbusiness.ch\/#organization"},"potentialAction":[{"@type":"SearchAction","target":{"@type":"EntryPoint","urlTemplate":"https:\/\/www.immobilienbusiness.ch\/?s={search_term_string}"},"query-input":{"@type":"PropertyValueSpecification","valueRequired":true,"valueName":"search_term_string"}}],"inLanguage":"it-IT"},{"@type":"Organization","@id":"https:\/\/www.immobilienbusiness.ch\/#organization","name":"Affari immobiliari","url":"https:\/\/www.immobilienbusiness.ch\/","logo":{"@type":"ImageObject","inLanguage":"it-IT","@id":"https:\/\/www.immobilienbusiness.ch\/#\/schema\/logo\/image\/","url":"https:\/\/www.immobilienbusiness.ch\/wp-content\/uploads\/2021\/07\/logo_ib.png","contentUrl":"https:\/\/www.immobilienbusiness.ch\/wp-content\/uploads\/2021\/07\/logo_ib.png","width":800,"height":181,"caption":"IMMOBILIEN Business"},"image":{"@id":"https:\/\/www.immobilienbusiness.ch\/#\/schema\/logo\/image\/"},"sameAs":["https:\/\/www.facebook.com\/immobilienbusiness\/"]},{"@type":"Person","@id":"https:\/\/www.immobilienbusiness.ch\/#\/schema\/person\/aba8bea2db926aa0c24c08c43fe1fcd5","name":"Alexander Wachter","image":{"@type":"ImageObject","inLanguage":"it-IT","@id":"https:\/\/secure.gravatar.com\/avatar\/1a09e471f5389b0e0a6416eac287e0927c7c97a7b77f9e787eba3af7aee281dd?s=96&d=mm&r=g","url":"https:\/\/secure.gravatar.com\/avatar\/1a09e471f5389b0e0a6416eac287e0927c7c97a7b77f9e787eba3af7aee281dd?s=96&d=mm&r=g","contentUrl":"https:\/\/secure.gravatar.com\/avatar\/1a09e471f5389b0e0a6416eac287e0927c7c97a7b77f9e787eba3af7aee281dd?s=96&d=mm&r=g","caption":"Alexander Wachter"},"url":"https:\/\/www.immobilienbusiness.ch\/it\/author\/alexander-wachter\/"}]}},"_links":{"self":[{"href":"https:\/\/www.immobilienbusiness.ch\/it\/wp-json\/wp\/v2\/posts\/55701","targetHints":{"allow":["GET"]}}],"collection":[{"href":"https:\/\/www.immobilienbusiness.ch\/it\/wp-json\/wp\/v2\/posts"}],"about":[{"href":"https:\/\/www.immobilienbusiness.ch\/it\/wp-json\/wp\/v2\/types\/post"}],"author":[{"embeddable":true,"href":"https:\/\/www.immobilienbusiness.ch\/it\/wp-json\/wp\/v2\/users\/102"}],"replies":[{"embeddable":true,"href":"https:\/\/www.immobilienbusiness.ch\/it\/wp-json\/wp\/v2\/comments?post=55701"}],"version-history":[{"count":6,"href":"https:\/\/www.immobilienbusiness.ch\/it\/wp-json\/wp\/v2\/posts\/55701\/revisions"}],"predecessor-version":[{"id":55753,"href":"https:\/\/www.immobilienbusiness.ch\/it\/wp-json\/wp\/v2\/posts\/55701\/revisions\/55753"}],"wp:featuredmedia":[{"embeddable":true,"href":"https:\/\/www.immobilienbusiness.ch\/it\/wp-json\/wp\/v2\/media\/55702"}],"wp:attachment":[{"href":"https:\/\/www.immobilienbusiness.ch\/it\/wp-json\/wp\/v2\/media?parent=55701"}],"wp:term":[{"taxonomy":"category","embeddable":true,"href":"https:\/\/www.immobilienbusiness.ch\/it\/wp-json\/wp\/v2\/categories?post=55701"},{"taxonomy":"post_tag","embeddable":true,"href":"https:\/\/www.immobilienbusiness.ch\/it\/wp-json\/wp\/v2\/tags?post=55701"}],"curies":[{"name":"wp","href":"https:\/\/api.w.org\/{rel}","templated":true}]}}