{"id":55697,"date":"2024-01-30T07:50:24","date_gmt":"2024-01-30T06:50:24","guid":{"rendered":"https:\/\/www.immobilienbusiness.ch\/?p=55697"},"modified":"2024-01-31T09:25:08","modified_gmt":"2024-01-31T08:25:08","slug":"wuest-und-wuest-holt-julia-greber-als-coo","status":"publish","type":"post","link":"https:\/\/www.immobilienbusiness.ch\/it\/personalia\/2024-01-30\/wuest-und-wuest-holt-julia-greber-als-coo\/","title":{"rendered":"W\u00fcst und W\u00fcst nomina Julia Greber come COO"},"content":{"rendered":"<figure id=\"attachment_55698\" aria-describedby=\"caption-attachment-55698\" style=\"width: 1099px\" class=\"wp-caption alignnone\"><a href=\"https:\/\/www.immobilienbusiness.ch\/wp-content\/uploads\/2024\/01\/Julia-Greber.jpg\"><img loading=\"lazy\" decoding=\"async\" class=\"size-full wp-image-55698\" src=\"https:\/\/www.immobilienbusiness.ch\/wp-content\/uploads\/2024\/01\/Julia-Greber.jpg\" alt=\"\" width=\"1099\" height=\"915\" srcset=\"https:\/\/www.immobilienbusiness.ch\/wp-content\/uploads\/2024\/01\/Julia-Greber.jpg 1099w, https:\/\/www.immobilienbusiness.ch\/wp-content\/uploads\/2024\/01\/Julia-Greber-300x250.jpg 300w, https:\/\/www.immobilienbusiness.ch\/wp-content\/uploads\/2024\/01\/Julia-Greber-1024x853.jpg 1024w, https:\/\/www.immobilienbusiness.ch\/wp-content\/uploads\/2024\/01\/Julia-Greber-768x639.jpg 768w, https:\/\/www.immobilienbusiness.ch\/wp-content\/uploads\/2024\/01\/Julia-Greber-14x12.jpg 14w, https:\/\/www.immobilienbusiness.ch\/wp-content\/uploads\/2024\/01\/Julia-Greber-360x300.jpg 360w, https:\/\/www.immobilienbusiness.ch\/wp-content\/uploads\/2024\/01\/Julia-Greber-420x350.jpg 420w, https:\/\/www.immobilienbusiness.ch\/wp-content\/uploads\/2024\/01\/Julia-Greber-961x800.jpg 961w\" sizes=\"auto, (max-width: 1099px) 100vw, 1099px\" \/><\/a><figcaption id=\"caption-attachment-55698\" class=\"wp-caption-text\">Julia Greber (Immagine: W\u00fcst und W\u00fcst)<\/figcaption><\/figure>\n<p>Julia Greber ha lavorato per circa dodici anni in diverse posizioni nel settore dei servizi immobiliari, tra cui la divisione Commercial Property Advisors presso la filiale di Intercity SPGI Zurich AG dal 2018 al 2021. Nel gennaio 2024 ha assunto il nuovo ruolo di COO (Chief Operating Officer) presso W\u00fcst und W\u00fcst AG. Greber ha conseguito un MAS UZH in Real Estate e un MSc in BA.<\/p>\n<p>W\u00fcst und W\u00fcst annuncia anche un'altra nomina. Stefanie Oechslin, economista aziendale e fiduciaria immobiliare certificata a livello federale, in azienda dal 2012 e vicedirettore di K\u00fcsnacht dal 2017, assumer\u00e0 la direzione dell'ufficio W\u00fcst und W\u00fcst AG di K\u00fcsnacht\/Zurigo con effetto immediato.<\/p>\n<p>\"Stefanie Oechslin ha fornito un supporto eccezionale ai nostri clienti nell'area di Zurigo per oltre un decennio e ha contribuito in modo significativo al posizionamento della nostra azienda\", afferma Pascal Vaucher, CEO di W\u00fcst und W\u00fcst AG. Con Julia Greber, l'azienda ha acquisito \"una personalit\u00e0 altamente qualificata e ben collegata\". <em>(aw)<\/em><\/p>","protected":false},"excerpt":{"rendered":"<p>Il fornitore di servizi specializzato nel marketing residenziale ha creato la nuova posizione di Chief Operating Officer e ha annunciato una promozione.<\/p>","protected":false},"author":102,"featured_media":55698,"comment_status":"closed","ping_status":"closed","sticky":false,"template":"","format":"standard","meta":{"_acf_changed":false,"_yoast_wpseo_focuskw":"Greber","_yoast_wpseo_title":"","_yoast_wpseo_metadesc":"Der auf Wohnungsvermarktung spezialisierte Dienstleister schafft die neue Position eines Chief Operating Officers und bef\u00f6rdert Stefanie Oechslin zur Leiterin der Filiale in K\u00fcssnacht.","_yoast_wpseo_linkdex":56,"pgc_sgb_lightbox_settings":"","footnotes":""},"categories":[1912],"tags":[1371,1563,2125],"class_list":["post-55697","post","type-post","status-publish","format-standard","has-post-thumbnail","hentry","category-personalia","tag-intercity-group","tag-personalia","tag-wuest-und-wuest"],"acf":[],"yoast_head":"<!-- This site is optimized with the Yoast SEO plugin v27.5 - https:\/\/yoast.com\/product\/yoast-seo-wordpress\/ -->\n<title>W\u00fcst und W\u00fcst ernennt Julia Greber zur COO - IMMOBILIEN Business<\/title>\n<meta name=\"description\" content=\"Der auf Wohnungsvermarktung spezialisierte Dienstleister schafft die neue Position eines Chief Operating Officers und bef\u00f6rdert Stefanie Oechslin zur Leiterin der Filiale in K\u00fcssnacht.\" \/>\n<meta name=\"robots\" content=\"index, follow, max-snippet:-1, max-image-preview:large, max-video-preview:-1\" \/>\n<link rel=\"canonical\" href=\"https:\/\/www.immobilienbusiness.ch\/it\/personalia\/2024-01-30\/wuest-und-wuest-holt-julia-greber-als-coo\/\" \/>\n<meta property=\"og:locale\" content=\"it_IT\" \/>\n<meta property=\"og:type\" content=\"article\" \/>\n<meta property=\"og:title\" content=\"W\u00fcst und W\u00fcst ernennt Julia Greber zur COO - IMMOBILIEN Business\" \/>\n<meta property=\"og:description\" content=\"Der auf Wohnungsvermarktung spezialisierte Dienstleister schafft die neue Position eines Chief Operating Officers und bef\u00f6rdert Stefanie Oechslin zur Leiterin der Filiale in K\u00fcssnacht.\" \/>\n<meta property=\"og:url\" content=\"https:\/\/www.immobilienbusiness.ch\/it\/personalia\/2024-01-30\/wuest-und-wuest-holt-julia-greber-als-coo\/\" \/>\n<meta property=\"og:site_name\" content=\"IMMOBILIEN Business\" \/>\n<meta property=\"article:publisher\" content=\"https:\/\/www.facebook.com\/immobilienbusiness\/\" \/>\n<meta property=\"article:published_time\" content=\"2024-01-30T06:50:24+00:00\" \/>\n<meta property=\"article:modified_time\" content=\"2024-01-31T08:25:08+00:00\" \/>\n<meta property=\"og:image\" content=\"https:\/\/www.immobilienbusiness.ch\/wp-content\/uploads\/2024\/01\/Julia-Greber.jpg\" \/>\n\t<meta property=\"og:image:width\" content=\"1099\" \/>\n\t<meta property=\"og:image:height\" content=\"915\" \/>\n\t<meta property=\"og:image:type\" content=\"image\/jpeg\" \/>\n<meta name=\"author\" content=\"Alexander Wachter\" \/>\n<meta name=\"twitter:card\" content=\"summary_large_image\" \/>\n<script type=\"application\/ld+json\" class=\"yoast-schema-graph\">{\"@context\":\"https:\\\/\\\/schema.org\",\"@graph\":[{\"@type\":\"Article\",\"@id\":\"https:\\\/\\\/www.immobilienbusiness.ch\\\/de\\\/personalia\\\/2024-01-30\\\/wuest-und-wuest-holt-julia-greber-als-coo\\\/#article\",\"isPartOf\":{\"@id\":\"https:\\\/\\\/www.immobilienbusiness.ch\\\/de\\\/personalia\\\/2024-01-30\\\/wuest-und-wuest-holt-julia-greber-als-coo\\\/\"},\"author\":{\"name\":\"Alexander Wachter\",\"@id\":\"https:\\\/\\\/www.immobilienbusiness.ch\\\/#\\\/schema\\\/person\\\/aba8bea2db926aa0c24c08c43fe1fcd5\"},\"headline\":\"W\u00fcst und W\u00fcst ernennt Julia Greber zur COO\",\"datePublished\":\"2024-01-30T06:50:24+00:00\",\"dateModified\":\"2024-01-31T08:25:08+00:00\",\"mainEntityOfPage\":{\"@id\":\"https:\\\/\\\/www.immobilienbusiness.ch\\\/de\\\/personalia\\\/2024-01-30\\\/wuest-und-wuest-holt-julia-greber-als-coo\\\/\"},\"wordCount\":190,\"publisher\":{\"@id\":\"https:\\\/\\\/www.immobilienbusiness.ch\\\/#organization\"},\"image\":{\"@id\":\"https:\\\/\\\/www.immobilienbusiness.ch\\\/de\\\/personalia\\\/2024-01-30\\\/wuest-und-wuest-holt-julia-greber-als-coo\\\/#primaryimage\"},\"thumbnailUrl\":\"https:\\\/\\\/www.immobilienbusiness.ch\\\/wp-content\\\/uploads\\\/2024\\\/01\\\/Julia-Greber.jpg\",\"keywords\":[\"Intercity Group\",\"Personalia\",\"W\u00fcst und W\u00fcst\"],\"articleSection\":[\"PERSONALIA\"],\"inLanguage\":\"it-IT\"},{\"@type\":\"WebPage\",\"@id\":\"https:\\\/\\\/www.immobilienbusiness.ch\\\/de\\\/personalia\\\/2024-01-30\\\/wuest-und-wuest-holt-julia-greber-als-coo\\\/\",\"url\":\"https:\\\/\\\/www.immobilienbusiness.ch\\\/de\\\/personalia\\\/2024-01-30\\\/wuest-und-wuest-holt-julia-greber-als-coo\\\/\",\"name\":\"W\u00fcst und W\u00fcst ernennt Julia Greber zur COO - IMMOBILIEN Business\",\"isPartOf\":{\"@id\":\"https:\\\/\\\/www.immobilienbusiness.ch\\\/#website\"},\"primaryImageOfPage\":{\"@id\":\"https:\\\/\\\/www.immobilienbusiness.ch\\\/de\\\/personalia\\\/2024-01-30\\\/wuest-und-wuest-holt-julia-greber-als-coo\\\/#primaryimage\"},\"image\":{\"@id\":\"https:\\\/\\\/www.immobilienbusiness.ch\\\/de\\\/personalia\\\/2024-01-30\\\/wuest-und-wuest-holt-julia-greber-als-coo\\\/#primaryimage\"},\"thumbnailUrl\":\"https:\\\/\\\/www.immobilienbusiness.ch\\\/wp-content\\\/uploads\\\/2024\\\/01\\\/Julia-Greber.jpg\",\"datePublished\":\"2024-01-30T06:50:24+00:00\",\"dateModified\":\"2024-01-31T08:25:08+00:00\",\"description\":\"Der auf Wohnungsvermarktung spezialisierte Dienstleister schafft die neue Position eines Chief Operating Officers und bef\u00f6rdert Stefanie Oechslin zur Leiterin der Filiale in K\u00fcssnacht.\",\"breadcrumb\":{\"@id\":\"https:\\\/\\\/www.immobilienbusiness.ch\\\/de\\\/personalia\\\/2024-01-30\\\/wuest-und-wuest-holt-julia-greber-als-coo\\\/#breadcrumb\"},\"inLanguage\":\"it-IT\",\"potentialAction\":[{\"@type\":\"ReadAction\",\"target\":[\"https:\\\/\\\/www.immobilienbusiness.ch\\\/de\\\/personalia\\\/2024-01-30\\\/wuest-und-wuest-holt-julia-greber-als-coo\\\/\"]}]},{\"@type\":\"ImageObject\",\"inLanguage\":\"it-IT\",\"@id\":\"https:\\\/\\\/www.immobilienbusiness.ch\\\/de\\\/personalia\\\/2024-01-30\\\/wuest-und-wuest-holt-julia-greber-als-coo\\\/#primaryimage\",\"url\":\"https:\\\/\\\/www.immobilienbusiness.ch\\\/wp-content\\\/uploads\\\/2024\\\/01\\\/Julia-Greber.jpg\",\"contentUrl\":\"https:\\\/\\\/www.immobilienbusiness.ch\\\/wp-content\\\/uploads\\\/2024\\\/01\\\/Julia-Greber.jpg\",\"width\":1099,\"height\":915,\"caption\":\"Julia Greber (Bild: W\u00fcst und W\u00fcst)\"},{\"@type\":\"BreadcrumbList\",\"@id\":\"https:\\\/\\\/www.immobilienbusiness.ch\\\/de\\\/personalia\\\/2024-01-30\\\/wuest-und-wuest-holt-julia-greber-als-coo\\\/#breadcrumb\",\"itemListElement\":[{\"@type\":\"ListItem\",\"position\":1,\"name\":\"Home\",\"item\":\"https:\\\/\\\/www.immobilienbusiness.ch\\\/\"},{\"@type\":\"ListItem\",\"position\":2,\"name\":\"W\u00fcst und W\u00fcst ernennt Julia Greber zur COO\"}]},{\"@type\":\"WebSite\",\"@id\":\"https:\\\/\\\/www.immobilienbusiness.ch\\\/#website\",\"url\":\"https:\\\/\\\/www.immobilienbusiness.ch\\\/\",\"name\":\"IMMOBILIEN Business\",\"description\":\"Unabh\u00e4ngiges Schweizer Wirtschaftsmagazin mit Fokus auf Immobilien, Architektur- und Bau sowie Investment- und Finanzierung.\",\"publisher\":{\"@id\":\"https:\\\/\\\/www.immobilienbusiness.ch\\\/#organization\"},\"potentialAction\":[{\"@type\":\"SearchAction\",\"target\":{\"@type\":\"EntryPoint\",\"urlTemplate\":\"https:\\\/\\\/www.immobilienbusiness.ch\\\/?s={search_term_string}\"},\"query-input\":{\"@type\":\"PropertyValueSpecification\",\"valueRequired\":true,\"valueName\":\"search_term_string\"}}],\"inLanguage\":\"it-IT\"},{\"@type\":\"Organization\",\"@id\":\"https:\\\/\\\/www.immobilienbusiness.ch\\\/#organization\",\"name\":\"IMMOBILIEN Business\",\"url\":\"https:\\\/\\\/www.immobilienbusiness.ch\\\/\",\"logo\":{\"@type\":\"ImageObject\",\"inLanguage\":\"it-IT\",\"@id\":\"https:\\\/\\\/www.immobilienbusiness.ch\\\/#\\\/schema\\\/logo\\\/image\\\/\",\"url\":\"https:\\\/\\\/www.immobilienbusiness.ch\\\/wp-content\\\/uploads\\\/2021\\\/07\\\/logo_ib.png\",\"contentUrl\":\"https:\\\/\\\/www.immobilienbusiness.ch\\\/wp-content\\\/uploads\\\/2021\\\/07\\\/logo_ib.png\",\"width\":800,\"height\":181,\"caption\":\"IMMOBILIEN Business\"},\"image\":{\"@id\":\"https:\\\/\\\/www.immobilienbusiness.ch\\\/#\\\/schema\\\/logo\\\/image\\\/\"},\"sameAs\":[\"https:\\\/\\\/www.facebook.com\\\/immobilienbusiness\\\/\"]},{\"@type\":\"Person\",\"@id\":\"https:\\\/\\\/www.immobilienbusiness.ch\\\/#\\\/schema\\\/person\\\/aba8bea2db926aa0c24c08c43fe1fcd5\",\"name\":\"Alexander Wachter\",\"image\":{\"@type\":\"ImageObject\",\"inLanguage\":\"it-IT\",\"@id\":\"https:\\\/\\\/secure.gravatar.com\\\/avatar\\\/1a09e471f5389b0e0a6416eac287e0927c7c97a7b77f9e787eba3af7aee281dd?s=96&d=mm&r=g\",\"url\":\"https:\\\/\\\/secure.gravatar.com\\\/avatar\\\/1a09e471f5389b0e0a6416eac287e0927c7c97a7b77f9e787eba3af7aee281dd?s=96&d=mm&r=g\",\"contentUrl\":\"https:\\\/\\\/secure.gravatar.com\\\/avatar\\\/1a09e471f5389b0e0a6416eac287e0927c7c97a7b77f9e787eba3af7aee281dd?s=96&d=mm&r=g\",\"caption\":\"Alexander Wachter\"},\"url\":\"https:\\\/\\\/www.immobilienbusiness.ch\\\/it\\\/author\\\/alexander-wachter\\\/\"}]}<\/script>\n<!-- \/ Yoast SEO plugin. -->","yoast_head_json":{"title":"W\u00fcst und W\u00fcst ernennt Julia Greber zur COO - IMMOBILIEN Business","description":"Der auf Wohnungsvermarktung spezialisierte Dienstleister schafft die neue Position eines Chief Operating Officers und bef\u00f6rdert Stefanie Oechslin zur Leiterin der Filiale in K\u00fcssnacht.","robots":{"index":"index","follow":"follow","max-snippet":"max-snippet:-1","max-image-preview":"max-image-preview:large","max-video-preview":"max-video-preview:-1"},"canonical":"https:\/\/www.immobilienbusiness.ch\/it\/personalia\/2024-01-30\/wuest-und-wuest-holt-julia-greber-als-coo\/","og_locale":"it_IT","og_type":"article","og_title":"W\u00fcst und W\u00fcst ernennt Julia Greber zur COO - IMMOBILIEN Business","og_description":"Der auf Wohnungsvermarktung spezialisierte Dienstleister schafft die neue Position eines Chief Operating Officers und bef\u00f6rdert Stefanie Oechslin zur Leiterin der Filiale in K\u00fcssnacht.","og_url":"https:\/\/www.immobilienbusiness.ch\/it\/personalia\/2024-01-30\/wuest-und-wuest-holt-julia-greber-als-coo\/","og_site_name":"IMMOBILIEN Business","article_publisher":"https:\/\/www.facebook.com\/immobilienbusiness\/","article_published_time":"2024-01-30T06:50:24+00:00","article_modified_time":"2024-01-31T08:25:08+00:00","og_image":[{"width":1099,"height":915,"url":"https:\/\/www.immobilienbusiness.ch\/wp-content\/uploads\/2024\/01\/Julia-Greber.jpg","type":"image\/jpeg"}],"author":"Alexander Wachter","twitter_card":"summary_large_image","schema":{"@context":"https:\/\/schema.org","@graph":[{"@type":"Article","@id":"https:\/\/www.immobilienbusiness.ch\/de\/personalia\/2024-01-30\/wuest-und-wuest-holt-julia-greber-als-coo\/#article","isPartOf":{"@id":"https:\/\/www.immobilienbusiness.ch\/de\/personalia\/2024-01-30\/wuest-und-wuest-holt-julia-greber-als-coo\/"},"author":{"name":"Alexander Wachter","@id":"https:\/\/www.immobilienbusiness.ch\/#\/schema\/person\/aba8bea2db926aa0c24c08c43fe1fcd5"},"headline":"W\u00fcst und W\u00fcst ernennt Julia Greber zur COO","datePublished":"2024-01-30T06:50:24+00:00","dateModified":"2024-01-31T08:25:08+00:00","mainEntityOfPage":{"@id":"https:\/\/www.immobilienbusiness.ch\/de\/personalia\/2024-01-30\/wuest-und-wuest-holt-julia-greber-als-coo\/"},"wordCount":190,"publisher":{"@id":"https:\/\/www.immobilienbusiness.ch\/#organization"},"image":{"@id":"https:\/\/www.immobilienbusiness.ch\/de\/personalia\/2024-01-30\/wuest-und-wuest-holt-julia-greber-als-coo\/#primaryimage"},"thumbnailUrl":"https:\/\/www.immobilienbusiness.ch\/wp-content\/uploads\/2024\/01\/Julia-Greber.jpg","keywords":["Intercity Group","Personalia","W\u00fcst und W\u00fcst"],"articleSection":["PERSONALIA"],"inLanguage":"it-IT"},{"@type":"WebPage","@id":"https:\/\/www.immobilienbusiness.ch\/de\/personalia\/2024-01-30\/wuest-und-wuest-holt-julia-greber-als-coo\/","url":"https:\/\/www.immobilienbusiness.ch\/de\/personalia\/2024-01-30\/wuest-und-wuest-holt-julia-greber-als-coo\/","name":"W\u00fcst und W\u00fcst ernennt Julia Greber zur COO - IMMOBILIEN Business","isPartOf":{"@id":"https:\/\/www.immobilienbusiness.ch\/#website"},"primaryImageOfPage":{"@id":"https:\/\/www.immobilienbusiness.ch\/de\/personalia\/2024-01-30\/wuest-und-wuest-holt-julia-greber-als-coo\/#primaryimage"},"image":{"@id":"https:\/\/www.immobilienbusiness.ch\/de\/personalia\/2024-01-30\/wuest-und-wuest-holt-julia-greber-als-coo\/#primaryimage"},"thumbnailUrl":"https:\/\/www.immobilienbusiness.ch\/wp-content\/uploads\/2024\/01\/Julia-Greber.jpg","datePublished":"2024-01-30T06:50:24+00:00","dateModified":"2024-01-31T08:25:08+00:00","description":"Der auf Wohnungsvermarktung spezialisierte Dienstleister schafft die neue Position eines Chief Operating Officers und bef\u00f6rdert Stefanie Oechslin zur Leiterin der Filiale in K\u00fcssnacht.","breadcrumb":{"@id":"https:\/\/www.immobilienbusiness.ch\/de\/personalia\/2024-01-30\/wuest-und-wuest-holt-julia-greber-als-coo\/#breadcrumb"},"inLanguage":"it-IT","potentialAction":[{"@type":"ReadAction","target":["https:\/\/www.immobilienbusiness.ch\/de\/personalia\/2024-01-30\/wuest-und-wuest-holt-julia-greber-als-coo\/"]}]},{"@type":"ImageObject","inLanguage":"it-IT","@id":"https:\/\/www.immobilienbusiness.ch\/de\/personalia\/2024-01-30\/wuest-und-wuest-holt-julia-greber-als-coo\/#primaryimage","url":"https:\/\/www.immobilienbusiness.ch\/wp-content\/uploads\/2024\/01\/Julia-Greber.jpg","contentUrl":"https:\/\/www.immobilienbusiness.ch\/wp-content\/uploads\/2024\/01\/Julia-Greber.jpg","width":1099,"height":915,"caption":"Julia Greber (Bild: W\u00fcst und W\u00fcst)"},{"@type":"BreadcrumbList","@id":"https:\/\/www.immobilienbusiness.ch\/de\/personalia\/2024-01-30\/wuest-und-wuest-holt-julia-greber-als-coo\/#breadcrumb","itemListElement":[{"@type":"ListItem","position":1,"name":"Home","item":"https:\/\/www.immobilienbusiness.ch\/"},{"@type":"ListItem","position":2,"name":"W\u00fcst und W\u00fcst ernennt Julia Greber zur COO"}]},{"@type":"WebSite","@id":"https:\/\/www.immobilienbusiness.ch\/#website","url":"https:\/\/www.immobilienbusiness.ch\/","name":"Affari immobiliari","description":"Rivista economica indipendente svizzera che si concentra sul settore immobiliare, l'architettura e la costruzione, nonch\u00e9 sugli investimenti e i finanziamenti.","publisher":{"@id":"https:\/\/www.immobilienbusiness.ch\/#organization"},"potentialAction":[{"@type":"SearchAction","target":{"@type":"EntryPoint","urlTemplate":"https:\/\/www.immobilienbusiness.ch\/?s={search_term_string}"},"query-input":{"@type":"PropertyValueSpecification","valueRequired":true,"valueName":"search_term_string"}}],"inLanguage":"it-IT"},{"@type":"Organization","@id":"https:\/\/www.immobilienbusiness.ch\/#organization","name":"Affari immobiliari","url":"https:\/\/www.immobilienbusiness.ch\/","logo":{"@type":"ImageObject","inLanguage":"it-IT","@id":"https:\/\/www.immobilienbusiness.ch\/#\/schema\/logo\/image\/","url":"https:\/\/www.immobilienbusiness.ch\/wp-content\/uploads\/2021\/07\/logo_ib.png","contentUrl":"https:\/\/www.immobilienbusiness.ch\/wp-content\/uploads\/2021\/07\/logo_ib.png","width":800,"height":181,"caption":"IMMOBILIEN Business"},"image":{"@id":"https:\/\/www.immobilienbusiness.ch\/#\/schema\/logo\/image\/"},"sameAs":["https:\/\/www.facebook.com\/immobilienbusiness\/"]},{"@type":"Person","@id":"https:\/\/www.immobilienbusiness.ch\/#\/schema\/person\/aba8bea2db926aa0c24c08c43fe1fcd5","name":"Alexander Wachter","image":{"@type":"ImageObject","inLanguage":"it-IT","@id":"https:\/\/secure.gravatar.com\/avatar\/1a09e471f5389b0e0a6416eac287e0927c7c97a7b77f9e787eba3af7aee281dd?s=96&d=mm&r=g","url":"https:\/\/secure.gravatar.com\/avatar\/1a09e471f5389b0e0a6416eac287e0927c7c97a7b77f9e787eba3af7aee281dd?s=96&d=mm&r=g","contentUrl":"https:\/\/secure.gravatar.com\/avatar\/1a09e471f5389b0e0a6416eac287e0927c7c97a7b77f9e787eba3af7aee281dd?s=96&d=mm&r=g","caption":"Alexander Wachter"},"url":"https:\/\/www.immobilienbusiness.ch\/it\/author\/alexander-wachter\/"}]}},"_links":{"self":[{"href":"https:\/\/www.immobilienbusiness.ch\/it\/wp-json\/wp\/v2\/posts\/55697","targetHints":{"allow":["GET"]}}],"collection":[{"href":"https:\/\/www.immobilienbusiness.ch\/it\/wp-json\/wp\/v2\/posts"}],"about":[{"href":"https:\/\/www.immobilienbusiness.ch\/it\/wp-json\/wp\/v2\/types\/post"}],"author":[{"embeddable":true,"href":"https:\/\/www.immobilienbusiness.ch\/it\/wp-json\/wp\/v2\/users\/102"}],"replies":[{"embeddable":true,"href":"https:\/\/www.immobilienbusiness.ch\/it\/wp-json\/wp\/v2\/comments?post=55697"}],"version-history":[{"count":5,"href":"https:\/\/www.immobilienbusiness.ch\/it\/wp-json\/wp\/v2\/posts\/55697\/revisions"}],"predecessor-version":[{"id":55730,"href":"https:\/\/www.immobilienbusiness.ch\/it\/wp-json\/wp\/v2\/posts\/55697\/revisions\/55730"}],"wp:featuredmedia":[{"embeddable":true,"href":"https:\/\/www.immobilienbusiness.ch\/it\/wp-json\/wp\/v2\/media\/55698"}],"wp:attachment":[{"href":"https:\/\/www.immobilienbusiness.ch\/it\/wp-json\/wp\/v2\/media?parent=55697"}],"wp:term":[{"taxonomy":"category","embeddable":true,"href":"https:\/\/www.immobilienbusiness.ch\/it\/wp-json\/wp\/v2\/categories?post=55697"},{"taxonomy":"post_tag","embeddable":true,"href":"https:\/\/www.immobilienbusiness.ch\/it\/wp-json\/wp\/v2\/tags?post=55697"}],"curies":[{"name":"wp","href":"https:\/\/api.w.org\/{rel}","templated":true}]}}