{"id":5540,"date":"2016-12-23T10:47:46","date_gmt":"2016-12-23T09:47:46","guid":{"rendered":"https:\/\/immobilienbusiness.ch\/?p=5540"},"modified":"2016-12-23T10:47:46","modified_gmt":"2016-12-23T09:47:46","slug":"wigoltingen-abstimmung-fashion-outlet-januar","status":"publish","type":"post","link":"https:\/\/www.immobilienbusiness.ch\/it\/regionen\/2016-12-23\/wigoltingen-abstimmung-fashion-outlet-januar\/","title":{"rendered":"Wigoltingen: Vota su Fashion Outlet a gennaio"},"content":{"rendered":"<figure id=\"attachment_5541\" aria-describedby=\"caption-attachment-5541\" style=\"width: 680px\" class=\"wp-caption alignnone\"><img loading=\"lazy\" decoding=\"async\" class=\"size-medium wp-image-5541\" src=\"https:\/\/immobilienbusiness.ch\/wp-content\/uploads\/2016\/12\/Depositphotos_39147241_l-2015.jpg\" alt=\"\" width=\"680\" height=\"537\" srcset=\"https:\/\/www.immobilienbusiness.ch\/wp-content\/uploads\/2016\/12\/Depositphotos_39147241_l-2015.jpg 2000w, https:\/\/www.immobilienbusiness.ch\/wp-content\/uploads\/2016\/12\/Depositphotos_39147241_l-2015-300x237.jpg 300w, https:\/\/www.immobilienbusiness.ch\/wp-content\/uploads\/2016\/12\/Depositphotos_39147241_l-2015-1024x808.jpg 1024w, https:\/\/www.immobilienbusiness.ch\/wp-content\/uploads\/2016\/12\/Depositphotos_39147241_l-2015-768x606.jpg 768w, https:\/\/www.immobilienbusiness.ch\/wp-content\/uploads\/2016\/12\/Depositphotos_39147241_l-2015-1536x1213.jpg 1536w, https:\/\/www.immobilienbusiness.ch\/wp-content\/uploads\/2016\/12\/Depositphotos_39147241_l-2015-16x12.jpg 16w, https:\/\/www.immobilienbusiness.ch\/wp-content\/uploads\/2016\/12\/Depositphotos_39147241_l-2015-222x175.jpg 222w, https:\/\/www.immobilienbusiness.ch\/wp-content\/uploads\/2016\/12\/Depositphotos_39147241_l-2015-443x350.jpg 443w, https:\/\/www.immobilienbusiness.ch\/wp-content\/uploads\/2016\/12\/Depositphotos_39147241_l-2015-1013x800.jpg 1013w, https:\/\/www.immobilienbusiness.ch\/wp-content\/uploads\/2016\/12\/Depositphotos_39147241_l-2015-920x726.jpg 920w, https:\/\/www.immobilienbusiness.ch\/wp-content\/uploads\/2016\/12\/Depositphotos_39147241_l-2015-1400x1105.jpg 1400w, https:\/\/www.immobilienbusiness.ch\/wp-content\/uploads\/2016\/12\/Depositphotos_39147241_l-2015-1773x1400.jpg 1773w\" sizes=\"auto, (max-width: 680px) 100vw, 680px\" \/><figcaption id=\"caption-attachment-5541\" class=\"wp-caption-text\">Il progetto del centro outlet di Wigoltingen sar\u00e0 sottoposto a votazione a gennaio (Foto: deposidphotos)<\/figcaption><\/figure>\n<p>Il progetto \"Edelreich\" a Wigoltingen sar\u00e0 il pi\u00f9 grande outlet di moda della regione del Lago di Costanza. Secondo il sito web del progetto, sono previsti da 90 a 120 negozi su una superficie di vendita di 30.000 m\u00b2. Il centro outlet sar\u00e0 costruito in tre fasi; il promotore \u00e8 JTM R\u00fctenen AG, che \u00e8 anche proprietario del sito di 60.000 mq. Sono attesi circa 2.500 visitatori al giorno.<\/p>\n<p>Tuttavia, anche la vicina comunit\u00e0 di M\u00fcllheim \u00e8 interessata dal progetto del centro outlet. Questo perch\u00e9 l'accesso al cantiere avverr\u00e0 attraverso due strade che si trovano sul suolo di M\u00fcllheim. Sebbene il Consiglio comunale abbia approvato il piano di progettazione dell'opera, \u00e8 stato indetto un referendum facoltativo. Pertanto, il 24 gennaio 2017 si terr\u00e0 una riunione straordinaria della comunit\u00e0. La popolazione di M\u00fcllheim potr\u00e0 quindi decidere sul progetto.<\/p>\n<h2>Molta opposizione al progetto<\/h2>\n<p>Se il popolo vota no, il progetto non \u00e8 pi\u00f9 in discussione. Se la popolazione vota a favore, il Cantone deve ancora approvare la base di pianificazione. Poi gli investitori possono presentare la domanda di costruzione.<\/p>\n<p>L'opposizione al centro outlet proviene dall'associazione ambientalista e da altri quattro partiti. Come riportano i media locali, hanno presentato delle obiezioni che per\u00f2 sono state respinte dai due comuni. Il VCS Thurgau si oppone al centro outlet perch\u00e9 teme un aumento del traffico automobilistico per Wigoltingen e M\u00fcllheim.<\/p>","protected":false},"excerpt":{"rendered":"<p>La decisione sul centro outlet previsto a Wigoltingen (TG) sar\u00e0 presa alla fine di gennaio. I cittadini del vicino villaggio di M\u00fcllheim voteranno sul progetto in una riunione comunitaria.<\/p>","protected":false},"author":3,"featured_media":5541,"comment_status":"open","ping_status":"open","sticky":false,"template":"","format":"standard","meta":{"_acf_changed":false,"_yoast_wpseo_focuskw":"Wigoltingen","_yoast_wpseo_title":"","_yoast_wpseo_metadesc":"Ende Januar f\u00e4llt die Entscheidung \u00fcber das geplante Outlet-Center in Wigoltingen (TG). Die Gemeindeversammlung von M\u00fcllheim stimmt \u00fcber das Projekt ab.","_yoast_wpseo_linkdex":81,"pgc_sgb_lightbox_settings":"","footnotes":""},"categories":[985],"tags":[1546,1550,1600,1643],"class_list":["post-5540","post","type-post","status-publish","format-standard","has-post-thumbnail","hentry","category-regionen","tag-ost-schweiz","tag-outlet-center","tag-projekt-in-planung","tag-retail"],"acf":[],"yoast_head":"<!-- This site is optimized with the Yoast SEO plugin v27.4 - https:\/\/yoast.com\/product\/yoast-seo-wordpress\/ -->\n<title>Wigoltingen: Abstimmung \u00fcber Fashion Outlet im Januar - IMMOBILIEN Business<\/title>\n<meta name=\"description\" content=\"Ende Januar f\u00e4llt die Entscheidung \u00fcber das geplante Outlet-Center in Wigoltingen (TG). Die Gemeindeversammlung von M\u00fcllheim stimmt \u00fcber das Projekt ab.\" \/>\n<meta name=\"robots\" content=\"index, follow, max-snippet:-1, max-image-preview:large, max-video-preview:-1\" \/>\n<link rel=\"canonical\" href=\"https:\/\/www.immobilienbusiness.ch\/it\/regionen\/2016-12-23\/wigoltingen-abstimmung-fashion-outlet-januar\/\" \/>\n<meta property=\"og:locale\" content=\"it_IT\" \/>\n<meta property=\"og:type\" content=\"article\" \/>\n<meta property=\"og:title\" content=\"Wigoltingen: Abstimmung \u00fcber Fashion Outlet im Januar\" \/>\n<meta property=\"og:description\" content=\"Ende Januar f\u00e4llt die Entscheidung \u00fcber das geplante Outlet-Center in Wigoltingen (TG). Die Gemeindeversammlung von M\u00fcllheim stimmt \u00fcber das Projekt ab.\" \/>\n<meta property=\"og:url\" content=\"https:\/\/www.immobilienbusiness.ch\/it\/regionen\/2016-12-23\/wigoltingen-abstimmung-fashion-outlet-januar\/\" \/>\n<meta property=\"og:site_name\" content=\"IMMOBILIEN Business\" \/>\n<meta property=\"article:publisher\" content=\"https:\/\/www.facebook.com\/immobilienbusiness\/\" \/>\n<meta property=\"article:published_time\" content=\"2016-12-23T09:47:46+00:00\" \/>\n<meta name=\"author\" content=\"anja.hall\" \/>\n<meta name=\"twitter:card\" content=\"summary_large_image\" \/>\n<meta name=\"twitter:title\" content=\"Wigoltingen: Abstimmung \u00fcber Fashion Outlet im Januar\" \/>\n<meta name=\"twitter:description\" content=\"Ende Januar f\u00e4llt die Entscheidung \u00fcber das geplante Outlet-Center in Wigoltingen (TG). Die Gemeindeversammlung von M\u00fcllheim stimmt \u00fcber das Projekt ab.\" \/>\n<meta name=\"twitter:image\" content=\"https:\/\/immobilienbusiness.ch\/wp-content\/uploads\/2016\/12\/Depositphotos_39147241_l-2015.jpg\" \/>\n<script type=\"application\/ld+json\" class=\"yoast-schema-graph\">{\"@context\":\"https:\\\/\\\/schema.org\",\"@graph\":[{\"@type\":\"Article\",\"@id\":\"https:\\\/\\\/www.immobilienbusiness.ch\\\/de\\\/regionen\\\/2016-12-23\\\/wigoltingen-abstimmung-fashion-outlet-januar\\\/#article\",\"isPartOf\":{\"@id\":\"https:\\\/\\\/www.immobilienbusiness.ch\\\/de\\\/regionen\\\/2016-12-23\\\/wigoltingen-abstimmung-fashion-outlet-januar\\\/\"},\"author\":{\"name\":\"anja.hall\",\"@id\":\"https:\\\/\\\/www.immobilienbusiness.ch\\\/#\\\/schema\\\/person\\\/3fc036297b10b9f42d6db5ee932af8c8\"},\"headline\":\"Wigoltingen: Abstimmung \u00fcber Fashion Outlet im Januar\",\"datePublished\":\"2016-12-23T09:47:46+00:00\",\"mainEntityOfPage\":{\"@id\":\"https:\\\/\\\/www.immobilienbusiness.ch\\\/de\\\/regionen\\\/2016-12-23\\\/wigoltingen-abstimmung-fashion-outlet-januar\\\/\"},\"wordCount\":235,\"commentCount\":0,\"publisher\":{\"@id\":\"https:\\\/\\\/www.immobilienbusiness.ch\\\/#organization\"},\"image\":{\"@id\":\"https:\\\/\\\/www.immobilienbusiness.ch\\\/de\\\/regionen\\\/2016-12-23\\\/wigoltingen-abstimmung-fashion-outlet-januar\\\/#primaryimage\"},\"thumbnailUrl\":\"https:\\\/\\\/www.immobilienbusiness.ch\\\/wp-content\\\/uploads\\\/2016\\\/12\\\/Depositphotos_39147241_l-2015.jpg\",\"keywords\":[\"Ost-Schweiz\",\"Outlet Center\",\"Projekt in Planung\",\"Retail\"],\"articleSection\":[\"REGIONEN\"],\"inLanguage\":\"it-IT\"},{\"@type\":\"WebPage\",\"@id\":\"https:\\\/\\\/www.immobilienbusiness.ch\\\/de\\\/regionen\\\/2016-12-23\\\/wigoltingen-abstimmung-fashion-outlet-januar\\\/\",\"url\":\"https:\\\/\\\/www.immobilienbusiness.ch\\\/de\\\/regionen\\\/2016-12-23\\\/wigoltingen-abstimmung-fashion-outlet-januar\\\/\",\"name\":\"Wigoltingen: Abstimmung \u00fcber Fashion Outlet im Januar - IMMOBILIEN Business\",\"isPartOf\":{\"@id\":\"https:\\\/\\\/www.immobilienbusiness.ch\\\/#website\"},\"primaryImageOfPage\":{\"@id\":\"https:\\\/\\\/www.immobilienbusiness.ch\\\/de\\\/regionen\\\/2016-12-23\\\/wigoltingen-abstimmung-fashion-outlet-januar\\\/#primaryimage\"},\"image\":{\"@id\":\"https:\\\/\\\/www.immobilienbusiness.ch\\\/de\\\/regionen\\\/2016-12-23\\\/wigoltingen-abstimmung-fashion-outlet-januar\\\/#primaryimage\"},\"thumbnailUrl\":\"https:\\\/\\\/www.immobilienbusiness.ch\\\/wp-content\\\/uploads\\\/2016\\\/12\\\/Depositphotos_39147241_l-2015.jpg\",\"datePublished\":\"2016-12-23T09:47:46+00:00\",\"description\":\"Ende Januar f\u00e4llt die Entscheidung \u00fcber das geplante Outlet-Center in Wigoltingen (TG). Die Gemeindeversammlung von M\u00fcllheim stimmt \u00fcber das Projekt ab.\",\"breadcrumb\":{\"@id\":\"https:\\\/\\\/www.immobilienbusiness.ch\\\/de\\\/regionen\\\/2016-12-23\\\/wigoltingen-abstimmung-fashion-outlet-januar\\\/#breadcrumb\"},\"inLanguage\":\"it-IT\",\"potentialAction\":[{\"@type\":\"ReadAction\",\"target\":[\"https:\\\/\\\/www.immobilienbusiness.ch\\\/de\\\/regionen\\\/2016-12-23\\\/wigoltingen-abstimmung-fashion-outlet-januar\\\/\"]}]},{\"@type\":\"ImageObject\",\"inLanguage\":\"it-IT\",\"@id\":\"https:\\\/\\\/www.immobilienbusiness.ch\\\/de\\\/regionen\\\/2016-12-23\\\/wigoltingen-abstimmung-fashion-outlet-januar\\\/#primaryimage\",\"url\":\"https:\\\/\\\/www.immobilienbusiness.ch\\\/wp-content\\\/uploads\\\/2016\\\/12\\\/Depositphotos_39147241_l-2015.jpg\",\"contentUrl\":\"https:\\\/\\\/www.immobilienbusiness.ch\\\/wp-content\\\/uploads\\\/2016\\\/12\\\/Depositphotos_39147241_l-2015.jpg\",\"width\":2000,\"height\":1579,\"caption\":\"Im Januar wird \u00fcber das geplante Outlet Center in Wigoltingen abgestimmt (Foto: deposidphotos)\"},{\"@type\":\"BreadcrumbList\",\"@id\":\"https:\\\/\\\/www.immobilienbusiness.ch\\\/de\\\/regionen\\\/2016-12-23\\\/wigoltingen-abstimmung-fashion-outlet-januar\\\/#breadcrumb\",\"itemListElement\":[{\"@type\":\"ListItem\",\"position\":1,\"name\":\"Home\",\"item\":\"https:\\\/\\\/www.immobilienbusiness.ch\\\/\"},{\"@type\":\"ListItem\",\"position\":2,\"name\":\"Wigoltingen: Abstimmung \u00fcber Fashion Outlet im Januar\"}]},{\"@type\":\"WebSite\",\"@id\":\"https:\\\/\\\/www.immobilienbusiness.ch\\\/#website\",\"url\":\"https:\\\/\\\/www.immobilienbusiness.ch\\\/\",\"name\":\"IMMOBILIEN Business\",\"description\":\"Unabh\u00e4ngiges Schweizer Wirtschaftsmagazin mit Fokus auf Immobilien, Architektur- und Bau sowie Investment- und Finanzierung.\",\"publisher\":{\"@id\":\"https:\\\/\\\/www.immobilienbusiness.ch\\\/#organization\"},\"potentialAction\":[{\"@type\":\"SearchAction\",\"target\":{\"@type\":\"EntryPoint\",\"urlTemplate\":\"https:\\\/\\\/www.immobilienbusiness.ch\\\/?s={search_term_string}\"},\"query-input\":{\"@type\":\"PropertyValueSpecification\",\"valueRequired\":true,\"valueName\":\"search_term_string\"}}],\"inLanguage\":\"it-IT\"},{\"@type\":\"Organization\",\"@id\":\"https:\\\/\\\/www.immobilienbusiness.ch\\\/#organization\",\"name\":\"IMMOBILIEN Business\",\"url\":\"https:\\\/\\\/www.immobilienbusiness.ch\\\/\",\"logo\":{\"@type\":\"ImageObject\",\"inLanguage\":\"it-IT\",\"@id\":\"https:\\\/\\\/www.immobilienbusiness.ch\\\/#\\\/schema\\\/logo\\\/image\\\/\",\"url\":\"https:\\\/\\\/www.immobilienbusiness.ch\\\/wp-content\\\/uploads\\\/2021\\\/07\\\/logo_ib.png\",\"contentUrl\":\"https:\\\/\\\/www.immobilienbusiness.ch\\\/wp-content\\\/uploads\\\/2021\\\/07\\\/logo_ib.png\",\"width\":800,\"height\":181,\"caption\":\"IMMOBILIEN Business\"},\"image\":{\"@id\":\"https:\\\/\\\/www.immobilienbusiness.ch\\\/#\\\/schema\\\/logo\\\/image\\\/\"},\"sameAs\":[\"https:\\\/\\\/www.facebook.com\\\/immobilienbusiness\\\/\"]},{\"@type\":\"Person\",\"@id\":\"https:\\\/\\\/www.immobilienbusiness.ch\\\/#\\\/schema\\\/person\\\/3fc036297b10b9f42d6db5ee932af8c8\",\"name\":\"anja.hall\",\"image\":{\"@type\":\"ImageObject\",\"inLanguage\":\"it-IT\",\"@id\":\"https:\\\/\\\/secure.gravatar.com\\\/avatar\\\/066b5a0d447013502c71a5782f4f3469f03cfe595cc2329fb94652fe47511bfb?s=96&d=mm&r=g\",\"url\":\"https:\\\/\\\/secure.gravatar.com\\\/avatar\\\/066b5a0d447013502c71a5782f4f3469f03cfe595cc2329fb94652fe47511bfb?s=96&d=mm&r=g\",\"contentUrl\":\"https:\\\/\\\/secure.gravatar.com\\\/avatar\\\/066b5a0d447013502c71a5782f4f3469f03cfe595cc2329fb94652fe47511bfb?s=96&d=mm&r=g\",\"caption\":\"anja.hall\"},\"url\":\"https:\\\/\\\/www.immobilienbusiness.ch\\\/it\\\/author\\\/anja-hall\\\/\"}]}<\/script>\n<!-- \/ Yoast SEO plugin. -->","yoast_head_json":{"title":"Wigoltingen: Abstimmung \u00fcber Fashion Outlet im Januar - IMMOBILIEN Business","description":"Ende Januar f\u00e4llt die Entscheidung \u00fcber das geplante Outlet-Center in Wigoltingen (TG). Die Gemeindeversammlung von M\u00fcllheim stimmt \u00fcber das Projekt ab.","robots":{"index":"index","follow":"follow","max-snippet":"max-snippet:-1","max-image-preview":"max-image-preview:large","max-video-preview":"max-video-preview:-1"},"canonical":"https:\/\/www.immobilienbusiness.ch\/it\/regionen\/2016-12-23\/wigoltingen-abstimmung-fashion-outlet-januar\/","og_locale":"it_IT","og_type":"article","og_title":"Wigoltingen: Abstimmung \u00fcber Fashion Outlet im Januar","og_description":"Ende Januar f\u00e4llt die Entscheidung \u00fcber das geplante Outlet-Center in Wigoltingen (TG). Die Gemeindeversammlung von M\u00fcllheim stimmt \u00fcber das Projekt ab.","og_url":"https:\/\/www.immobilienbusiness.ch\/it\/regionen\/2016-12-23\/wigoltingen-abstimmung-fashion-outlet-januar\/","og_site_name":"IMMOBILIEN Business","article_publisher":"https:\/\/www.facebook.com\/immobilienbusiness\/","article_published_time":"2016-12-23T09:47:46+00:00","author":"anja.hall","twitter_card":"summary_large_image","twitter_title":"Wigoltingen: Abstimmung \u00fcber Fashion Outlet im Januar","twitter_description":"Ende Januar f\u00e4llt die Entscheidung \u00fcber das geplante Outlet-Center in Wigoltingen (TG). Die Gemeindeversammlung von M\u00fcllheim stimmt \u00fcber das Projekt ab.","twitter_image":"https:\/\/immobilienbusiness.ch\/wp-content\/uploads\/2016\/12\/Depositphotos_39147241_l-2015.jpg","schema":{"@context":"https:\/\/schema.org","@graph":[{"@type":"Article","@id":"https:\/\/www.immobilienbusiness.ch\/de\/regionen\/2016-12-23\/wigoltingen-abstimmung-fashion-outlet-januar\/#article","isPartOf":{"@id":"https:\/\/www.immobilienbusiness.ch\/de\/regionen\/2016-12-23\/wigoltingen-abstimmung-fashion-outlet-januar\/"},"author":{"name":"anja.hall","@id":"https:\/\/www.immobilienbusiness.ch\/#\/schema\/person\/3fc036297b10b9f42d6db5ee932af8c8"},"headline":"Wigoltingen: Abstimmung \u00fcber Fashion Outlet im Januar","datePublished":"2016-12-23T09:47:46+00:00","mainEntityOfPage":{"@id":"https:\/\/www.immobilienbusiness.ch\/de\/regionen\/2016-12-23\/wigoltingen-abstimmung-fashion-outlet-januar\/"},"wordCount":235,"commentCount":0,"publisher":{"@id":"https:\/\/www.immobilienbusiness.ch\/#organization"},"image":{"@id":"https:\/\/www.immobilienbusiness.ch\/de\/regionen\/2016-12-23\/wigoltingen-abstimmung-fashion-outlet-januar\/#primaryimage"},"thumbnailUrl":"https:\/\/www.immobilienbusiness.ch\/wp-content\/uploads\/2016\/12\/Depositphotos_39147241_l-2015.jpg","keywords":["Ost-Schweiz","Outlet Center","Projekt in Planung","Retail"],"articleSection":["REGIONEN"],"inLanguage":"it-IT"},{"@type":"WebPage","@id":"https:\/\/www.immobilienbusiness.ch\/de\/regionen\/2016-12-23\/wigoltingen-abstimmung-fashion-outlet-januar\/","url":"https:\/\/www.immobilienbusiness.ch\/de\/regionen\/2016-12-23\/wigoltingen-abstimmung-fashion-outlet-januar\/","name":"Wigoltingen: Abstimmung \u00fcber Fashion Outlet im Januar - IMMOBILIEN Business","isPartOf":{"@id":"https:\/\/www.immobilienbusiness.ch\/#website"},"primaryImageOfPage":{"@id":"https:\/\/www.immobilienbusiness.ch\/de\/regionen\/2016-12-23\/wigoltingen-abstimmung-fashion-outlet-januar\/#primaryimage"},"image":{"@id":"https:\/\/www.immobilienbusiness.ch\/de\/regionen\/2016-12-23\/wigoltingen-abstimmung-fashion-outlet-januar\/#primaryimage"},"thumbnailUrl":"https:\/\/www.immobilienbusiness.ch\/wp-content\/uploads\/2016\/12\/Depositphotos_39147241_l-2015.jpg","datePublished":"2016-12-23T09:47:46+00:00","description":"Ende Januar f\u00e4llt die Entscheidung \u00fcber das geplante Outlet-Center in Wigoltingen (TG). Die Gemeindeversammlung von M\u00fcllheim stimmt \u00fcber das Projekt ab.","breadcrumb":{"@id":"https:\/\/www.immobilienbusiness.ch\/de\/regionen\/2016-12-23\/wigoltingen-abstimmung-fashion-outlet-januar\/#breadcrumb"},"inLanguage":"it-IT","potentialAction":[{"@type":"ReadAction","target":["https:\/\/www.immobilienbusiness.ch\/de\/regionen\/2016-12-23\/wigoltingen-abstimmung-fashion-outlet-januar\/"]}]},{"@type":"ImageObject","inLanguage":"it-IT","@id":"https:\/\/www.immobilienbusiness.ch\/de\/regionen\/2016-12-23\/wigoltingen-abstimmung-fashion-outlet-januar\/#primaryimage","url":"https:\/\/www.immobilienbusiness.ch\/wp-content\/uploads\/2016\/12\/Depositphotos_39147241_l-2015.jpg","contentUrl":"https:\/\/www.immobilienbusiness.ch\/wp-content\/uploads\/2016\/12\/Depositphotos_39147241_l-2015.jpg","width":2000,"height":1579,"caption":"Im Januar wird \u00fcber das geplante Outlet Center in Wigoltingen abgestimmt (Foto: deposidphotos)"},{"@type":"BreadcrumbList","@id":"https:\/\/www.immobilienbusiness.ch\/de\/regionen\/2016-12-23\/wigoltingen-abstimmung-fashion-outlet-januar\/#breadcrumb","itemListElement":[{"@type":"ListItem","position":1,"name":"Home","item":"https:\/\/www.immobilienbusiness.ch\/"},{"@type":"ListItem","position":2,"name":"Wigoltingen: Abstimmung \u00fcber Fashion Outlet im Januar"}]},{"@type":"WebSite","@id":"https:\/\/www.immobilienbusiness.ch\/#website","url":"https:\/\/www.immobilienbusiness.ch\/","name":"Affari immobiliari","description":"Rivista economica indipendente svizzera che si concentra sul settore immobiliare, l'architettura e la costruzione, nonch\u00e9 sugli investimenti e i finanziamenti.","publisher":{"@id":"https:\/\/www.immobilienbusiness.ch\/#organization"},"potentialAction":[{"@type":"SearchAction","target":{"@type":"EntryPoint","urlTemplate":"https:\/\/www.immobilienbusiness.ch\/?s={search_term_string}"},"query-input":{"@type":"PropertyValueSpecification","valueRequired":true,"valueName":"search_term_string"}}],"inLanguage":"it-IT"},{"@type":"Organization","@id":"https:\/\/www.immobilienbusiness.ch\/#organization","name":"Affari immobiliari","url":"https:\/\/www.immobilienbusiness.ch\/","logo":{"@type":"ImageObject","inLanguage":"it-IT","@id":"https:\/\/www.immobilienbusiness.ch\/#\/schema\/logo\/image\/","url":"https:\/\/www.immobilienbusiness.ch\/wp-content\/uploads\/2021\/07\/logo_ib.png","contentUrl":"https:\/\/www.immobilienbusiness.ch\/wp-content\/uploads\/2021\/07\/logo_ib.png","width":800,"height":181,"caption":"IMMOBILIEN Business"},"image":{"@id":"https:\/\/www.immobilienbusiness.ch\/#\/schema\/logo\/image\/"},"sameAs":["https:\/\/www.facebook.com\/immobilienbusiness\/"]},{"@type":"Person","@id":"https:\/\/www.immobilienbusiness.ch\/#\/schema\/person\/3fc036297b10b9f42d6db5ee932af8c8","name":"anja.hall","image":{"@type":"ImageObject","inLanguage":"it-IT","@id":"https:\/\/secure.gravatar.com\/avatar\/066b5a0d447013502c71a5782f4f3469f03cfe595cc2329fb94652fe47511bfb?s=96&d=mm&r=g","url":"https:\/\/secure.gravatar.com\/avatar\/066b5a0d447013502c71a5782f4f3469f03cfe595cc2329fb94652fe47511bfb?s=96&d=mm&r=g","contentUrl":"https:\/\/secure.gravatar.com\/avatar\/066b5a0d447013502c71a5782f4f3469f03cfe595cc2329fb94652fe47511bfb?s=96&d=mm&r=g","caption":"anja.hall"},"url":"https:\/\/www.immobilienbusiness.ch\/it\/author\/anja-hall\/"}]}},"_links":{"self":[{"href":"https:\/\/www.immobilienbusiness.ch\/it\/wp-json\/wp\/v2\/posts\/5540","targetHints":{"allow":["GET"]}}],"collection":[{"href":"https:\/\/www.immobilienbusiness.ch\/it\/wp-json\/wp\/v2\/posts"}],"about":[{"href":"https:\/\/www.immobilienbusiness.ch\/it\/wp-json\/wp\/v2\/types\/post"}],"author":[{"embeddable":true,"href":"https:\/\/www.immobilienbusiness.ch\/it\/wp-json\/wp\/v2\/users\/3"}],"replies":[{"embeddable":true,"href":"https:\/\/www.immobilienbusiness.ch\/it\/wp-json\/wp\/v2\/comments?post=5540"}],"version-history":[{"count":0,"href":"https:\/\/www.immobilienbusiness.ch\/it\/wp-json\/wp\/v2\/posts\/5540\/revisions"}],"wp:featuredmedia":[{"embeddable":true,"href":"https:\/\/www.immobilienbusiness.ch\/it\/wp-json\/wp\/v2\/media\/5541"}],"wp:attachment":[{"href":"https:\/\/www.immobilienbusiness.ch\/it\/wp-json\/wp\/v2\/media?parent=5540"}],"wp:term":[{"taxonomy":"category","embeddable":true,"href":"https:\/\/www.immobilienbusiness.ch\/it\/wp-json\/wp\/v2\/categories?post=5540"},{"taxonomy":"post_tag","embeddable":true,"href":"https:\/\/www.immobilienbusiness.ch\/it\/wp-json\/wp\/v2\/tags?post=5540"}],"curies":[{"name":"wp","href":"https:\/\/api.w.org\/{rel}","templated":true}]}}