{"id":55070,"date":"2023-12-20T06:51:02","date_gmt":"2023-12-20T05:51:02","guid":{"rendered":"https:\/\/www.immobilienbusiness.ch\/?p=55070"},"modified":"2023-12-22T11:43:09","modified_gmt":"2023-12-22T10:43:09","slug":"move-consultants-neuer-head-of-digital-real-estate","status":"publish","type":"post","link":"https:\/\/www.immobilienbusiness.ch\/it\/allgemein\/2023-12-20\/move-consultants-neuer-head-of-digital-real-estate\/","title":{"rendered":"Spostare i consulenti con la nuova testa digitale"},"content":{"rendered":"<figure id=\"attachment_55071\" aria-describedby=\"caption-attachment-55071\" style=\"width: 1200px\" class=\"wp-caption alignnone\"><a href=\"https:\/\/www.immobilienbusiness.ch\/wp-content\/uploads\/2023\/12\/image002.png\"><img loading=\"lazy\" decoding=\"async\" class=\"size-full wp-image-55071\" src=\"https:\/\/www.immobilienbusiness.ch\/wp-content\/uploads\/2023\/12\/image002.png\" alt=\"\" width=\"1200\" height=\"811\" srcset=\"https:\/\/www.immobilienbusiness.ch\/wp-content\/uploads\/2023\/12\/image002.png 1200w, https:\/\/www.immobilienbusiness.ch\/wp-content\/uploads\/2023\/12\/image002-300x203.png 300w, https:\/\/www.immobilienbusiness.ch\/wp-content\/uploads\/2023\/12\/image002-1024x692.png 1024w, https:\/\/www.immobilienbusiness.ch\/wp-content\/uploads\/2023\/12\/image002-768x519.png 768w, https:\/\/www.immobilienbusiness.ch\/wp-content\/uploads\/2023\/12\/image002-18x12.png 18w, https:\/\/www.immobilienbusiness.ch\/wp-content\/uploads\/2023\/12\/image002-375x253.png 375w, https:\/\/www.immobilienbusiness.ch\/wp-content\/uploads\/2023\/12\/image002-518x350.png 518w, https:\/\/www.immobilienbusiness.ch\/wp-content\/uploads\/2023\/12\/image002-1000x676.png 1000w\" sizes=\"auto, (max-width: 1200px) 100vw, 1200px\" \/><\/a><figcaption id=\"caption-attachment-55071\" class=\"wp-caption-text\">Katharina Freund (responsabile della consulenza immobiliare), il CEO Manuel Senn e Florian Engesser (Immagine: Move Consultants)<\/figcaption><\/figure>\n<p>Move Consultants AG ha annunciato il passaggio di Fernando Rimo a \"partner strategico\" dell'azienda a partire dal 1\u00b0 marzo, dopo 17 anni di attivit\u00e0. La sua posizione di responsabile del Digital Real Estate sar\u00e0 occupata da Florian Engesser a partire da gennaio. Uno dei suoi incarichi precedenti \u00e8 stato quello di Aremis Svizzera, dove ha lavorato come amministratore delegato fino all'agosto 2022. Engesser ha esperienza nello sviluppo organizzativo, nell'integrazione di software e nella gestione di dati edilizi e operativi, scrive Move in un comunicato stampa. Engesser assumer\u00e0 le attivit\u00e0 di Rimo a partire da gennaio nell'ambito di un programma di onboarding. <em>(aw)<\/em><\/p>","protected":false},"excerpt":{"rendered":"<p>Florian Engesser subentra a Fernando Rimo, che si trasferisce in un'altra azienda.<\/p>","protected":false},"author":102,"featured_media":55071,"comment_status":"closed","ping_status":"closed","sticky":false,"template":"","format":"standard","meta":{"_acf_changed":false,"_yoast_wpseo_focuskw":"Move Consultants","_yoast_wpseo_title":"","_yoast_wpseo_metadesc":"Stefan Engesser \u00fcbernimmt die Position von Fernando Rimo, der zu einem anderen Unternehmen wechselt.","_yoast_wpseo_linkdex":53,"pgc_sgb_lightbox_settings":"","footnotes":""},"categories":[1],"tags":[3454,1563],"class_list":["post-55070","post","type-post","status-publish","format-standard","has-post-thumbnail","hentry","category-allgemein","tag-move-consultants","tag-personalia"],"acf":[],"yoast_head":"<!-- This site is optimized with the Yoast SEO plugin v27.4 - https:\/\/yoast.com\/product\/yoast-seo-wordpress\/ -->\n<title>Move Consultants mit neuem Digital-Chef - IMMOBILIEN Business<\/title>\n<meta name=\"description\" content=\"Stefan Engesser \u00fcbernimmt die Position von Fernando Rimo, der zu einem anderen Unternehmen wechselt.\" \/>\n<meta name=\"robots\" content=\"index, follow, max-snippet:-1, max-image-preview:large, max-video-preview:-1\" \/>\n<link rel=\"canonical\" href=\"https:\/\/www.immobilienbusiness.ch\/it\/allgemein\/2023-12-20\/move-consultants-neuer-head-of-digital-real-estate\/\" \/>\n<meta property=\"og:locale\" content=\"it_IT\" \/>\n<meta property=\"og:type\" content=\"article\" \/>\n<meta property=\"og:title\" content=\"Move Consultants mit neuem Digital-Chef - IMMOBILIEN Business\" \/>\n<meta property=\"og:description\" content=\"Stefan Engesser \u00fcbernimmt die Position von Fernando Rimo, der zu einem anderen Unternehmen wechselt.\" \/>\n<meta property=\"og:url\" content=\"https:\/\/www.immobilienbusiness.ch\/it\/allgemein\/2023-12-20\/move-consultants-neuer-head-of-digital-real-estate\/\" \/>\n<meta property=\"og:site_name\" content=\"IMMOBILIEN Business\" \/>\n<meta property=\"article:publisher\" content=\"https:\/\/www.facebook.com\/immobilienbusiness\/\" \/>\n<meta property=\"article:published_time\" content=\"2023-12-20T05:51:02+00:00\" \/>\n<meta property=\"article:modified_time\" content=\"2023-12-22T10:43:09+00:00\" \/>\n<meta property=\"og:image\" content=\"https:\/\/www.immobilienbusiness.ch\/wp-content\/uploads\/2023\/12\/image002.png\" \/>\n\t<meta property=\"og:image:width\" content=\"1200\" \/>\n\t<meta property=\"og:image:height\" content=\"811\" \/>\n\t<meta property=\"og:image:type\" content=\"image\/png\" \/>\n<meta name=\"author\" content=\"Alexander Wachter\" \/>\n<meta name=\"twitter:card\" content=\"summary_large_image\" \/>\n<script type=\"application\/ld+json\" class=\"yoast-schema-graph\">{\"@context\":\"https:\\\/\\\/schema.org\",\"@graph\":[{\"@type\":\"Article\",\"@id\":\"https:\\\/\\\/www.immobilienbusiness.ch\\\/allgemein\\\/2023-12-20\\\/move-consultants-neuer-head-of-digital-real-estate\\\/#article\",\"isPartOf\":{\"@id\":\"https:\\\/\\\/www.immobilienbusiness.ch\\\/allgemein\\\/2023-12-20\\\/move-consultants-neuer-head-of-digital-real-estate\\\/\"},\"author\":{\"name\":\"Alexander Wachter\",\"@id\":\"https:\\\/\\\/www.immobilienbusiness.ch\\\/#\\\/schema\\\/person\\\/aba8bea2db926aa0c24c08c43fe1fcd5\"},\"headline\":\"Move Consultants mit neuem Digital-Chef\",\"datePublished\":\"2023-12-20T05:51:02+00:00\",\"dateModified\":\"2023-12-22T10:43:09+00:00\",\"mainEntityOfPage\":{\"@id\":\"https:\\\/\\\/www.immobilienbusiness.ch\\\/allgemein\\\/2023-12-20\\\/move-consultants-neuer-head-of-digital-real-estate\\\/\"},\"wordCount\":121,\"publisher\":{\"@id\":\"https:\\\/\\\/www.immobilienbusiness.ch\\\/#organization\"},\"image\":{\"@id\":\"https:\\\/\\\/www.immobilienbusiness.ch\\\/allgemein\\\/2023-12-20\\\/move-consultants-neuer-head-of-digital-real-estate\\\/#primaryimage\"},\"thumbnailUrl\":\"https:\\\/\\\/www.immobilienbusiness.ch\\\/wp-content\\\/uploads\\\/2023\\\/12\\\/image002.png\",\"keywords\":[\"Move Consultants\",\"Personalia\"],\"articleSection\":[\"Allgemein\"],\"inLanguage\":\"it-IT\"},{\"@type\":\"WebPage\",\"@id\":\"https:\\\/\\\/www.immobilienbusiness.ch\\\/allgemein\\\/2023-12-20\\\/move-consultants-neuer-head-of-digital-real-estate\\\/\",\"url\":\"https:\\\/\\\/www.immobilienbusiness.ch\\\/allgemein\\\/2023-12-20\\\/move-consultants-neuer-head-of-digital-real-estate\\\/\",\"name\":\"Move Consultants mit neuem Digital-Chef - IMMOBILIEN Business\",\"isPartOf\":{\"@id\":\"https:\\\/\\\/www.immobilienbusiness.ch\\\/#website\"},\"primaryImageOfPage\":{\"@id\":\"https:\\\/\\\/www.immobilienbusiness.ch\\\/allgemein\\\/2023-12-20\\\/move-consultants-neuer-head-of-digital-real-estate\\\/#primaryimage\"},\"image\":{\"@id\":\"https:\\\/\\\/www.immobilienbusiness.ch\\\/allgemein\\\/2023-12-20\\\/move-consultants-neuer-head-of-digital-real-estate\\\/#primaryimage\"},\"thumbnailUrl\":\"https:\\\/\\\/www.immobilienbusiness.ch\\\/wp-content\\\/uploads\\\/2023\\\/12\\\/image002.png\",\"datePublished\":\"2023-12-20T05:51:02+00:00\",\"dateModified\":\"2023-12-22T10:43:09+00:00\",\"description\":\"Stefan Engesser \u00fcbernimmt die Position von Fernando Rimo, der zu einem anderen Unternehmen wechselt.\",\"breadcrumb\":{\"@id\":\"https:\\\/\\\/www.immobilienbusiness.ch\\\/allgemein\\\/2023-12-20\\\/move-consultants-neuer-head-of-digital-real-estate\\\/#breadcrumb\"},\"inLanguage\":\"it-IT\",\"potentialAction\":[{\"@type\":\"ReadAction\",\"target\":[\"https:\\\/\\\/www.immobilienbusiness.ch\\\/allgemein\\\/2023-12-20\\\/move-consultants-neuer-head-of-digital-real-estate\\\/\"]}]},{\"@type\":\"ImageObject\",\"inLanguage\":\"it-IT\",\"@id\":\"https:\\\/\\\/www.immobilienbusiness.ch\\\/allgemein\\\/2023-12-20\\\/move-consultants-neuer-head-of-digital-real-estate\\\/#primaryimage\",\"url\":\"https:\\\/\\\/www.immobilienbusiness.ch\\\/wp-content\\\/uploads\\\/2023\\\/12\\\/image002.png\",\"contentUrl\":\"https:\\\/\\\/www.immobilienbusiness.ch\\\/wp-content\\\/uploads\\\/2023\\\/12\\\/image002.png\",\"width\":1200,\"height\":811,\"caption\":\"Move Consultants hat einen personellen Wechsel zu verk\u00fcnden (Bild: zVg)\"},{\"@type\":\"BreadcrumbList\",\"@id\":\"https:\\\/\\\/www.immobilienbusiness.ch\\\/allgemein\\\/2023-12-20\\\/move-consultants-neuer-head-of-digital-real-estate\\\/#breadcrumb\",\"itemListElement\":[{\"@type\":\"ListItem\",\"position\":1,\"name\":\"Home\",\"item\":\"https:\\\/\\\/www.immobilienbusiness.ch\\\/\"},{\"@type\":\"ListItem\",\"position\":2,\"name\":\"Move Consultants mit neuem Digital-Chef\"}]},{\"@type\":\"WebSite\",\"@id\":\"https:\\\/\\\/www.immobilienbusiness.ch\\\/#website\",\"url\":\"https:\\\/\\\/www.immobilienbusiness.ch\\\/\",\"name\":\"IMMOBILIEN Business\",\"description\":\"Unabh\u00e4ngiges Schweizer Wirtschaftsmagazin mit Fokus auf Immobilien, Architektur- und Bau sowie Investment- und Finanzierung.\",\"publisher\":{\"@id\":\"https:\\\/\\\/www.immobilienbusiness.ch\\\/#organization\"},\"potentialAction\":[{\"@type\":\"SearchAction\",\"target\":{\"@type\":\"EntryPoint\",\"urlTemplate\":\"https:\\\/\\\/www.immobilienbusiness.ch\\\/?s={search_term_string}\"},\"query-input\":{\"@type\":\"PropertyValueSpecification\",\"valueRequired\":true,\"valueName\":\"search_term_string\"}}],\"inLanguage\":\"it-IT\"},{\"@type\":\"Organization\",\"@id\":\"https:\\\/\\\/www.immobilienbusiness.ch\\\/#organization\",\"name\":\"IMMOBILIEN Business\",\"url\":\"https:\\\/\\\/www.immobilienbusiness.ch\\\/\",\"logo\":{\"@type\":\"ImageObject\",\"inLanguage\":\"it-IT\",\"@id\":\"https:\\\/\\\/www.immobilienbusiness.ch\\\/#\\\/schema\\\/logo\\\/image\\\/\",\"url\":\"https:\\\/\\\/www.immobilienbusiness.ch\\\/wp-content\\\/uploads\\\/2021\\\/07\\\/logo_ib.png\",\"contentUrl\":\"https:\\\/\\\/www.immobilienbusiness.ch\\\/wp-content\\\/uploads\\\/2021\\\/07\\\/logo_ib.png\",\"width\":800,\"height\":181,\"caption\":\"IMMOBILIEN Business\"},\"image\":{\"@id\":\"https:\\\/\\\/www.immobilienbusiness.ch\\\/#\\\/schema\\\/logo\\\/image\\\/\"},\"sameAs\":[\"https:\\\/\\\/www.facebook.com\\\/immobilienbusiness\\\/\"]},{\"@type\":\"Person\",\"@id\":\"https:\\\/\\\/www.immobilienbusiness.ch\\\/#\\\/schema\\\/person\\\/aba8bea2db926aa0c24c08c43fe1fcd5\",\"name\":\"Alexander Wachter\",\"image\":{\"@type\":\"ImageObject\",\"inLanguage\":\"it-IT\",\"@id\":\"https:\\\/\\\/secure.gravatar.com\\\/avatar\\\/1a09e471f5389b0e0a6416eac287e0927c7c97a7b77f9e787eba3af7aee281dd?s=96&d=mm&r=g\",\"url\":\"https:\\\/\\\/secure.gravatar.com\\\/avatar\\\/1a09e471f5389b0e0a6416eac287e0927c7c97a7b77f9e787eba3af7aee281dd?s=96&d=mm&r=g\",\"contentUrl\":\"https:\\\/\\\/secure.gravatar.com\\\/avatar\\\/1a09e471f5389b0e0a6416eac287e0927c7c97a7b77f9e787eba3af7aee281dd?s=96&d=mm&r=g\",\"caption\":\"Alexander Wachter\"},\"url\":\"https:\\\/\\\/www.immobilienbusiness.ch\\\/it\\\/author\\\/alexander-wachter\\\/\"}]}<\/script>\n<!-- \/ Yoast SEO plugin. -->","yoast_head_json":{"title":"Move Consultants mit neuem Digital-Chef - IMMOBILIEN Business","description":"Stefan Engesser \u00fcbernimmt die Position von Fernando Rimo, der zu einem anderen Unternehmen wechselt.","robots":{"index":"index","follow":"follow","max-snippet":"max-snippet:-1","max-image-preview":"max-image-preview:large","max-video-preview":"max-video-preview:-1"},"canonical":"https:\/\/www.immobilienbusiness.ch\/it\/allgemein\/2023-12-20\/move-consultants-neuer-head-of-digital-real-estate\/","og_locale":"it_IT","og_type":"article","og_title":"Move Consultants mit neuem Digital-Chef - IMMOBILIEN Business","og_description":"Stefan Engesser \u00fcbernimmt die Position von Fernando Rimo, der zu einem anderen Unternehmen wechselt.","og_url":"https:\/\/www.immobilienbusiness.ch\/it\/allgemein\/2023-12-20\/move-consultants-neuer-head-of-digital-real-estate\/","og_site_name":"IMMOBILIEN Business","article_publisher":"https:\/\/www.facebook.com\/immobilienbusiness\/","article_published_time":"2023-12-20T05:51:02+00:00","article_modified_time":"2023-12-22T10:43:09+00:00","og_image":[{"width":1200,"height":811,"url":"https:\/\/www.immobilienbusiness.ch\/wp-content\/uploads\/2023\/12\/image002.png","type":"image\/png"}],"author":"Alexander Wachter","twitter_card":"summary_large_image","schema":{"@context":"https:\/\/schema.org","@graph":[{"@type":"Article","@id":"https:\/\/www.immobilienbusiness.ch\/allgemein\/2023-12-20\/move-consultants-neuer-head-of-digital-real-estate\/#article","isPartOf":{"@id":"https:\/\/www.immobilienbusiness.ch\/allgemein\/2023-12-20\/move-consultants-neuer-head-of-digital-real-estate\/"},"author":{"name":"Alexander Wachter","@id":"https:\/\/www.immobilienbusiness.ch\/#\/schema\/person\/aba8bea2db926aa0c24c08c43fe1fcd5"},"headline":"Move Consultants mit neuem Digital-Chef","datePublished":"2023-12-20T05:51:02+00:00","dateModified":"2023-12-22T10:43:09+00:00","mainEntityOfPage":{"@id":"https:\/\/www.immobilienbusiness.ch\/allgemein\/2023-12-20\/move-consultants-neuer-head-of-digital-real-estate\/"},"wordCount":121,"publisher":{"@id":"https:\/\/www.immobilienbusiness.ch\/#organization"},"image":{"@id":"https:\/\/www.immobilienbusiness.ch\/allgemein\/2023-12-20\/move-consultants-neuer-head-of-digital-real-estate\/#primaryimage"},"thumbnailUrl":"https:\/\/www.immobilienbusiness.ch\/wp-content\/uploads\/2023\/12\/image002.png","keywords":["Move Consultants","Personalia"],"articleSection":["Allgemein"],"inLanguage":"it-IT"},{"@type":"WebPage","@id":"https:\/\/www.immobilienbusiness.ch\/allgemein\/2023-12-20\/move-consultants-neuer-head-of-digital-real-estate\/","url":"https:\/\/www.immobilienbusiness.ch\/allgemein\/2023-12-20\/move-consultants-neuer-head-of-digital-real-estate\/","name":"Move Consultants mit neuem Digital-Chef - IMMOBILIEN Business","isPartOf":{"@id":"https:\/\/www.immobilienbusiness.ch\/#website"},"primaryImageOfPage":{"@id":"https:\/\/www.immobilienbusiness.ch\/allgemein\/2023-12-20\/move-consultants-neuer-head-of-digital-real-estate\/#primaryimage"},"image":{"@id":"https:\/\/www.immobilienbusiness.ch\/allgemein\/2023-12-20\/move-consultants-neuer-head-of-digital-real-estate\/#primaryimage"},"thumbnailUrl":"https:\/\/www.immobilienbusiness.ch\/wp-content\/uploads\/2023\/12\/image002.png","datePublished":"2023-12-20T05:51:02+00:00","dateModified":"2023-12-22T10:43:09+00:00","description":"Stefan Engesser \u00fcbernimmt die Position von Fernando Rimo, der zu einem anderen Unternehmen wechselt.","breadcrumb":{"@id":"https:\/\/www.immobilienbusiness.ch\/allgemein\/2023-12-20\/move-consultants-neuer-head-of-digital-real-estate\/#breadcrumb"},"inLanguage":"it-IT","potentialAction":[{"@type":"ReadAction","target":["https:\/\/www.immobilienbusiness.ch\/allgemein\/2023-12-20\/move-consultants-neuer-head-of-digital-real-estate\/"]}]},{"@type":"ImageObject","inLanguage":"it-IT","@id":"https:\/\/www.immobilienbusiness.ch\/allgemein\/2023-12-20\/move-consultants-neuer-head-of-digital-real-estate\/#primaryimage","url":"https:\/\/www.immobilienbusiness.ch\/wp-content\/uploads\/2023\/12\/image002.png","contentUrl":"https:\/\/www.immobilienbusiness.ch\/wp-content\/uploads\/2023\/12\/image002.png","width":1200,"height":811,"caption":"Move Consultants hat einen personellen Wechsel zu verk\u00fcnden (Bild: zVg)"},{"@type":"BreadcrumbList","@id":"https:\/\/www.immobilienbusiness.ch\/allgemein\/2023-12-20\/move-consultants-neuer-head-of-digital-real-estate\/#breadcrumb","itemListElement":[{"@type":"ListItem","position":1,"name":"Home","item":"https:\/\/www.immobilienbusiness.ch\/"},{"@type":"ListItem","position":2,"name":"Move Consultants mit neuem Digital-Chef"}]},{"@type":"WebSite","@id":"https:\/\/www.immobilienbusiness.ch\/#website","url":"https:\/\/www.immobilienbusiness.ch\/","name":"Affari immobiliari","description":"Rivista economica indipendente svizzera che si concentra sul settore immobiliare, l'architettura e la costruzione, nonch\u00e9 sugli investimenti e i finanziamenti.","publisher":{"@id":"https:\/\/www.immobilienbusiness.ch\/#organization"},"potentialAction":[{"@type":"SearchAction","target":{"@type":"EntryPoint","urlTemplate":"https:\/\/www.immobilienbusiness.ch\/?s={search_term_string}"},"query-input":{"@type":"PropertyValueSpecification","valueRequired":true,"valueName":"search_term_string"}}],"inLanguage":"it-IT"},{"@type":"Organization","@id":"https:\/\/www.immobilienbusiness.ch\/#organization","name":"Affari immobiliari","url":"https:\/\/www.immobilienbusiness.ch\/","logo":{"@type":"ImageObject","inLanguage":"it-IT","@id":"https:\/\/www.immobilienbusiness.ch\/#\/schema\/logo\/image\/","url":"https:\/\/www.immobilienbusiness.ch\/wp-content\/uploads\/2021\/07\/logo_ib.png","contentUrl":"https:\/\/www.immobilienbusiness.ch\/wp-content\/uploads\/2021\/07\/logo_ib.png","width":800,"height":181,"caption":"IMMOBILIEN Business"},"image":{"@id":"https:\/\/www.immobilienbusiness.ch\/#\/schema\/logo\/image\/"},"sameAs":["https:\/\/www.facebook.com\/immobilienbusiness\/"]},{"@type":"Person","@id":"https:\/\/www.immobilienbusiness.ch\/#\/schema\/person\/aba8bea2db926aa0c24c08c43fe1fcd5","name":"Alexander Wachter","image":{"@type":"ImageObject","inLanguage":"it-IT","@id":"https:\/\/secure.gravatar.com\/avatar\/1a09e471f5389b0e0a6416eac287e0927c7c97a7b77f9e787eba3af7aee281dd?s=96&d=mm&r=g","url":"https:\/\/secure.gravatar.com\/avatar\/1a09e471f5389b0e0a6416eac287e0927c7c97a7b77f9e787eba3af7aee281dd?s=96&d=mm&r=g","contentUrl":"https:\/\/secure.gravatar.com\/avatar\/1a09e471f5389b0e0a6416eac287e0927c7c97a7b77f9e787eba3af7aee281dd?s=96&d=mm&r=g","caption":"Alexander Wachter"},"url":"https:\/\/www.immobilienbusiness.ch\/it\/author\/alexander-wachter\/"}]}},"_links":{"self":[{"href":"https:\/\/www.immobilienbusiness.ch\/it\/wp-json\/wp\/v2\/posts\/55070","targetHints":{"allow":["GET"]}}],"collection":[{"href":"https:\/\/www.immobilienbusiness.ch\/it\/wp-json\/wp\/v2\/posts"}],"about":[{"href":"https:\/\/www.immobilienbusiness.ch\/it\/wp-json\/wp\/v2\/types\/post"}],"author":[{"embeddable":true,"href":"https:\/\/www.immobilienbusiness.ch\/it\/wp-json\/wp\/v2\/users\/102"}],"replies":[{"embeddable":true,"href":"https:\/\/www.immobilienbusiness.ch\/it\/wp-json\/wp\/v2\/comments?post=55070"}],"version-history":[{"count":4,"href":"https:\/\/www.immobilienbusiness.ch\/it\/wp-json\/wp\/v2\/posts\/55070\/revisions"}],"predecessor-version":[{"id":55140,"href":"https:\/\/www.immobilienbusiness.ch\/it\/wp-json\/wp\/v2\/posts\/55070\/revisions\/55140"}],"wp:featuredmedia":[{"embeddable":true,"href":"https:\/\/www.immobilienbusiness.ch\/it\/wp-json\/wp\/v2\/media\/55071"}],"wp:attachment":[{"href":"https:\/\/www.immobilienbusiness.ch\/it\/wp-json\/wp\/v2\/media?parent=55070"}],"wp:term":[{"taxonomy":"category","embeddable":true,"href":"https:\/\/www.immobilienbusiness.ch\/it\/wp-json\/wp\/v2\/categories?post=55070"},{"taxonomy":"post_tag","embeddable":true,"href":"https:\/\/www.immobilienbusiness.ch\/it\/wp-json\/wp\/v2\/tags?post=55070"}],"curies":[{"name":"wp","href":"https:\/\/api.w.org\/{rel}","templated":true}]}}