{"id":54923,"date":"2023-12-12T06:50:17","date_gmt":"2023-12-12T05:50:17","guid":{"rendered":"https:\/\/www.immobilienbusiness.ch\/?p=54923"},"modified":"2023-12-14T09:25:49","modified_gmt":"2023-12-14T08:25:49","slug":"baloise-swiss-property-fund-legt-operativ-zu","status":"publish","type":"post","link":"https:\/\/www.immobilienbusiness.ch\/it\/unternehmen\/2023-12-12\/baloise-swiss-property-fund-legt-operativ-zu\/","title":{"rendered":"Il Fondo immobiliare svizzero della Basilese cresce operativamente"},"content":{"rendered":"<figure id=\"attachment_15262\" aria-describedby=\"caption-attachment-15262\" style=\"width: 1000px\" class=\"wp-caption alignnone\"><a href=\"https:\/\/www.immobilienbusiness.ch\/wp-content\/uploads\/2018\/12\/Depositphotos_5140832_m-2015.jpg\"><img loading=\"lazy\" decoding=\"async\" class=\"size-full wp-image-15262\" src=\"https:\/\/www.immobilienbusiness.ch\/wp-content\/uploads\/2018\/12\/Depositphotos_5140832_m-2015.jpg\" alt=\"\" width=\"1000\" height=\"695\" srcset=\"https:\/\/www.immobilienbusiness.ch\/wp-content\/uploads\/2018\/12\/Depositphotos_5140832_m-2015.jpg 1000w, https:\/\/www.immobilienbusiness.ch\/wp-content\/uploads\/2018\/12\/Depositphotos_5140832_m-2015-300x209.jpg 300w, https:\/\/www.immobilienbusiness.ch\/wp-content\/uploads\/2018\/12\/Depositphotos_5140832_m-2015-768x534.jpg 768w, https:\/\/www.immobilienbusiness.ch\/wp-content\/uploads\/2018\/12\/Depositphotos_5140832_m-2015-16x12.jpg 16w, https:\/\/www.immobilienbusiness.ch\/wp-content\/uploads\/2018\/12\/Depositphotos_5140832_m-2015-252x175.jpg 252w, https:\/\/www.immobilienbusiness.ch\/wp-content\/uploads\/2018\/12\/Depositphotos_5140832_m-2015-504x350.jpg 504w, https:\/\/www.immobilienbusiness.ch\/wp-content\/uploads\/2018\/12\/Depositphotos_5140832_m-2015-920x639.jpg 920w\" sizes=\"auto, (max-width: 1000px) 100vw, 1000px\" \/><\/a><figcaption id=\"caption-attachment-15262\" class=\"wp-caption-text\">Il Fondo immobiliare svizzero della Basilese ha presentato i suoi dati annuali. (Immagine: Thomaspajot - depositphotos)<\/figcaption><\/figure>\n<p>Il patrimonio totale del Baloise Swiss Property Fund (BSPF), quotato alla Borsa svizzera, \u00e8 passato da 871,2 milioni di franchi svizzeri a 993,3 milioni di franchi svizzeri nel quinto esercizio finanziario, a seguito di un aumento di capitale. Il BSPF ha generato redditi da locazione per un totale di 34,8 milioni di CHF (anno precedente: 33,9 milioni di CHF).<\/p>\n<p>I ricavi da locazione target per il periodo sono stati pari a 35,99 milioni di franchi svizzeri, con un aumento di 1,9% rispetto allo stesso periodo dell'anno precedente. Questo aumento \u00e8 dovuto principalmente alle cinque propriet\u00e0 acquisite il 1\u00b0 settembre nell'ambito dell'aumento di capitale di 135 milioni di franchi svizzeri.<\/p>\n<p>Questo aumento delle entrate non comprende gli aumenti dei canoni di locazione derivanti dall'aumento del tasso di interesse di riferimento da 1,25% a 1,5%. Il reddito locativo target del portafoglio, escluse le acquisizioni e le vendite e la riduzione del reddito locativo target dovuta alla ristrutturazione, \u00e8 aumentato di 0,7%. Anche la riduzione del tasso di morosit\u00e0 di quasi un quinto, pari a 3,4%, ha contribuito all'aumento del reddito. Nel frattempo, la durata media residua (Wault) dei contratti di locazione commerciale \u00e8 aumentata da 7,57 a 7,72 anni. Il rapporto di indebitamento \u00e8 sceso a 19,3%.<\/p>\n<p>L'utile netto del fondo \u00e8 migliorato da 18,9 a 21,8 milioni di franchi svizzeri. Per contro, le minusvalenze non realizzate sono aumentate da 0,5 milioni di franchi svizzeri dell'anno precedente a 17,9 milioni di franchi svizzeri. Di conseguenza, il reddito totale \u00e8 diminuito da 19,4 milioni di franchi a 4,2 milioni di franchi. La distribuzione rimane stabile a 3,00 franchi per azione. Il payout ratio \u00e8 del 99,2%. <em>(aw)<\/em><\/p>","protected":false},"excerpt":{"rendered":"<p>Il fondo ha incrementato il proprio utile netto nell'ultimo esercizio finanziario. Le svalutazioni hanno avuto un impatto negativo sul risultato complessivo.<\/p>","protected":false},"author":102,"featured_media":15262,"comment_status":"closed","ping_status":"closed","sticky":false,"template":"","format":"standard","meta":{"_acf_changed":false,"_yoast_wpseo_focuskw":"Baloise","_yoast_wpseo_title":"","_yoast_wpseo_metadesc":"Der Fonds steigert im abgelaufenen Gesch\u00e4ftsjahr den Nettoertrag, w\u00e4hrend Abwertungen den Gesamterfolg beeintr\u00e4chtigen.","_yoast_wpseo_linkdex":63,"pgc_sgb_lightbox_settings":"","footnotes":""},"categories":[988],"tags":[2978,1344,1389],"class_list":["post-54923","post","type-post","status-publish","format-standard","has-post-thumbnail","hentry","category-unternehmen","tag-baloise-swiss-property-fund","tag-immobilienfonds","tag-jahresergebnis"],"acf":[],"yoast_head":"<!-- This site is optimized with the Yoast SEO plugin v27.4 - https:\/\/yoast.com\/product\/yoast-seo-wordpress\/ -->\n<title>Baloise Swiss Property Fund legt operativ zu - IMMOBILIEN Business<\/title>\n<meta name=\"description\" content=\"Der Fonds steigert im abgelaufenen Gesch\u00e4ftsjahr den Nettoertrag, w\u00e4hrend Abwertungen den Gesamterfolg beeintr\u00e4chtigen.\" \/>\n<meta name=\"robots\" content=\"index, follow, max-snippet:-1, max-image-preview:large, max-video-preview:-1\" \/>\n<link rel=\"canonical\" href=\"https:\/\/www.immobilienbusiness.ch\/it\/unternehmen\/2023-12-12\/baloise-swiss-property-fund-legt-operativ-zu\/\" \/>\n<meta property=\"og:locale\" content=\"it_IT\" \/>\n<meta property=\"og:type\" content=\"article\" \/>\n<meta property=\"og:title\" content=\"Baloise Swiss Property Fund legt operativ zu - IMMOBILIEN Business\" \/>\n<meta property=\"og:description\" content=\"Der Fonds steigert im abgelaufenen Gesch\u00e4ftsjahr den Nettoertrag, w\u00e4hrend Abwertungen den Gesamterfolg beeintr\u00e4chtigen.\" \/>\n<meta property=\"og:url\" content=\"https:\/\/www.immobilienbusiness.ch\/it\/unternehmen\/2023-12-12\/baloise-swiss-property-fund-legt-operativ-zu\/\" \/>\n<meta property=\"og:site_name\" content=\"IMMOBILIEN Business\" \/>\n<meta property=\"article:publisher\" content=\"https:\/\/www.facebook.com\/immobilienbusiness\/\" \/>\n<meta property=\"article:published_time\" content=\"2023-12-12T05:50:17+00:00\" \/>\n<meta property=\"article:modified_time\" content=\"2023-12-14T08:25:49+00:00\" \/>\n<meta property=\"og:image\" content=\"https:\/\/www.immobilienbusiness.ch\/wp-content\/uploads\/2018\/12\/Depositphotos_5140832_m-2015.jpg\" \/>\n\t<meta property=\"og:image:width\" content=\"1000\" \/>\n\t<meta property=\"og:image:height\" content=\"695\" \/>\n\t<meta property=\"og:image:type\" content=\"image\/jpeg\" \/>\n<meta name=\"author\" content=\"Alexander Wachter\" \/>\n<meta name=\"twitter:card\" content=\"summary_large_image\" \/>\n<script type=\"application\/ld+json\" class=\"yoast-schema-graph\">{\"@context\":\"https:\\\/\\\/schema.org\",\"@graph\":[{\"@type\":\"Article\",\"@id\":\"https:\\\/\\\/www.immobilienbusiness.ch\\\/fr\\\/unternehmen\\\/2023-12-12\\\/baloise-swiss-property-fund-legt-operativ-zu\\\/#article\",\"isPartOf\":{\"@id\":\"https:\\\/\\\/www.immobilienbusiness.ch\\\/fr\\\/unternehmen\\\/2023-12-12\\\/baloise-swiss-property-fund-legt-operativ-zu\\\/\"},\"author\":{\"name\":\"Alexander Wachter\",\"@id\":\"https:\\\/\\\/www.immobilienbusiness.ch\\\/#\\\/schema\\\/person\\\/aba8bea2db926aa0c24c08c43fe1fcd5\"},\"headline\":\"Baloise Swiss Property Fund legt operativ zu\",\"datePublished\":\"2023-12-12T05:50:17+00:00\",\"dateModified\":\"2023-12-14T08:25:49+00:00\",\"mainEntityOfPage\":{\"@id\":\"https:\\\/\\\/www.immobilienbusiness.ch\\\/fr\\\/unternehmen\\\/2023-12-12\\\/baloise-swiss-property-fund-legt-operativ-zu\\\/\"},\"wordCount\":240,\"publisher\":{\"@id\":\"https:\\\/\\\/www.immobilienbusiness.ch\\\/#organization\"},\"image\":{\"@id\":\"https:\\\/\\\/www.immobilienbusiness.ch\\\/fr\\\/unternehmen\\\/2023-12-12\\\/baloise-swiss-property-fund-legt-operativ-zu\\\/#primaryimage\"},\"thumbnailUrl\":\"https:\\\/\\\/www.immobilienbusiness.ch\\\/wp-content\\\/uploads\\\/2018\\\/12\\\/Depositphotos_5140832_m-2015.jpg\",\"keywords\":[\"Baloise Swiss Property Fund\",\"Immobilienfonds\",\"Jahresergebnis\"],\"articleSection\":[\"UNTERNEHMEN\"],\"inLanguage\":\"it-IT\"},{\"@type\":\"WebPage\",\"@id\":\"https:\\\/\\\/www.immobilienbusiness.ch\\\/fr\\\/unternehmen\\\/2023-12-12\\\/baloise-swiss-property-fund-legt-operativ-zu\\\/\",\"url\":\"https:\\\/\\\/www.immobilienbusiness.ch\\\/fr\\\/unternehmen\\\/2023-12-12\\\/baloise-swiss-property-fund-legt-operativ-zu\\\/\",\"name\":\"Baloise Swiss Property Fund legt operativ zu - IMMOBILIEN Business\",\"isPartOf\":{\"@id\":\"https:\\\/\\\/www.immobilienbusiness.ch\\\/#website\"},\"primaryImageOfPage\":{\"@id\":\"https:\\\/\\\/www.immobilienbusiness.ch\\\/fr\\\/unternehmen\\\/2023-12-12\\\/baloise-swiss-property-fund-legt-operativ-zu\\\/#primaryimage\"},\"image\":{\"@id\":\"https:\\\/\\\/www.immobilienbusiness.ch\\\/fr\\\/unternehmen\\\/2023-12-12\\\/baloise-swiss-property-fund-legt-operativ-zu\\\/#primaryimage\"},\"thumbnailUrl\":\"https:\\\/\\\/www.immobilienbusiness.ch\\\/wp-content\\\/uploads\\\/2018\\\/12\\\/Depositphotos_5140832_m-2015.jpg\",\"datePublished\":\"2023-12-12T05:50:17+00:00\",\"dateModified\":\"2023-12-14T08:25:49+00:00\",\"description\":\"Der Fonds steigert im abgelaufenen Gesch\u00e4ftsjahr den Nettoertrag, w\u00e4hrend Abwertungen den Gesamterfolg beeintr\u00e4chtigen.\",\"breadcrumb\":{\"@id\":\"https:\\\/\\\/www.immobilienbusiness.ch\\\/fr\\\/unternehmen\\\/2023-12-12\\\/baloise-swiss-property-fund-legt-operativ-zu\\\/#breadcrumb\"},\"inLanguage\":\"it-IT\",\"potentialAction\":[{\"@type\":\"ReadAction\",\"target\":[\"https:\\\/\\\/www.immobilienbusiness.ch\\\/fr\\\/unternehmen\\\/2023-12-12\\\/baloise-swiss-property-fund-legt-operativ-zu\\\/\"]}]},{\"@type\":\"ImageObject\",\"inLanguage\":\"it-IT\",\"@id\":\"https:\\\/\\\/www.immobilienbusiness.ch\\\/fr\\\/unternehmen\\\/2023-12-12\\\/baloise-swiss-property-fund-legt-operativ-zu\\\/#primaryimage\",\"url\":\"https:\\\/\\\/www.immobilienbusiness.ch\\\/wp-content\\\/uploads\\\/2018\\\/12\\\/Depositphotos_5140832_m-2015.jpg\",\"contentUrl\":\"https:\\\/\\\/www.immobilienbusiness.ch\\\/wp-content\\\/uploads\\\/2018\\\/12\\\/Depositphotos_5140832_m-2015.jpg\",\"width\":1000,\"height\":695,\"caption\":\"Mobimo hat den Gesch\u00e4ftsbericht f\u00fcr 2025 vorgestellt (Bild: Thomaspajot - depositphotos)\"},{\"@type\":\"BreadcrumbList\",\"@id\":\"https:\\\/\\\/www.immobilienbusiness.ch\\\/fr\\\/unternehmen\\\/2023-12-12\\\/baloise-swiss-property-fund-legt-operativ-zu\\\/#breadcrumb\",\"itemListElement\":[{\"@type\":\"ListItem\",\"position\":1,\"name\":\"Home\",\"item\":\"https:\\\/\\\/www.immobilienbusiness.ch\\\/\"},{\"@type\":\"ListItem\",\"position\":2,\"name\":\"Baloise Swiss Property Fund legt operativ zu\"}]},{\"@type\":\"WebSite\",\"@id\":\"https:\\\/\\\/www.immobilienbusiness.ch\\\/#website\",\"url\":\"https:\\\/\\\/www.immobilienbusiness.ch\\\/\",\"name\":\"IMMOBILIEN Business\",\"description\":\"Unabh\u00e4ngiges Schweizer Wirtschaftsmagazin mit Fokus auf Immobilien, Architektur- und Bau sowie Investment- und Finanzierung.\",\"publisher\":{\"@id\":\"https:\\\/\\\/www.immobilienbusiness.ch\\\/#organization\"},\"potentialAction\":[{\"@type\":\"SearchAction\",\"target\":{\"@type\":\"EntryPoint\",\"urlTemplate\":\"https:\\\/\\\/www.immobilienbusiness.ch\\\/?s={search_term_string}\"},\"query-input\":{\"@type\":\"PropertyValueSpecification\",\"valueRequired\":true,\"valueName\":\"search_term_string\"}}],\"inLanguage\":\"it-IT\"},{\"@type\":\"Organization\",\"@id\":\"https:\\\/\\\/www.immobilienbusiness.ch\\\/#organization\",\"name\":\"IMMOBILIEN Business\",\"url\":\"https:\\\/\\\/www.immobilienbusiness.ch\\\/\",\"logo\":{\"@type\":\"ImageObject\",\"inLanguage\":\"it-IT\",\"@id\":\"https:\\\/\\\/www.immobilienbusiness.ch\\\/#\\\/schema\\\/logo\\\/image\\\/\",\"url\":\"https:\\\/\\\/www.immobilienbusiness.ch\\\/wp-content\\\/uploads\\\/2021\\\/07\\\/logo_ib.png\",\"contentUrl\":\"https:\\\/\\\/www.immobilienbusiness.ch\\\/wp-content\\\/uploads\\\/2021\\\/07\\\/logo_ib.png\",\"width\":800,\"height\":181,\"caption\":\"IMMOBILIEN Business\"},\"image\":{\"@id\":\"https:\\\/\\\/www.immobilienbusiness.ch\\\/#\\\/schema\\\/logo\\\/image\\\/\"},\"sameAs\":[\"https:\\\/\\\/www.facebook.com\\\/immobilienbusiness\\\/\"]},{\"@type\":\"Person\",\"@id\":\"https:\\\/\\\/www.immobilienbusiness.ch\\\/#\\\/schema\\\/person\\\/aba8bea2db926aa0c24c08c43fe1fcd5\",\"name\":\"Alexander Wachter\",\"image\":{\"@type\":\"ImageObject\",\"inLanguage\":\"it-IT\",\"@id\":\"https:\\\/\\\/secure.gravatar.com\\\/avatar\\\/1a09e471f5389b0e0a6416eac287e0927c7c97a7b77f9e787eba3af7aee281dd?s=96&d=mm&r=g\",\"url\":\"https:\\\/\\\/secure.gravatar.com\\\/avatar\\\/1a09e471f5389b0e0a6416eac287e0927c7c97a7b77f9e787eba3af7aee281dd?s=96&d=mm&r=g\",\"contentUrl\":\"https:\\\/\\\/secure.gravatar.com\\\/avatar\\\/1a09e471f5389b0e0a6416eac287e0927c7c97a7b77f9e787eba3af7aee281dd?s=96&d=mm&r=g\",\"caption\":\"Alexander Wachter\"},\"url\":\"https:\\\/\\\/www.immobilienbusiness.ch\\\/it\\\/author\\\/alexander-wachter\\\/\"}]}<\/script>\n<!-- \/ Yoast SEO plugin. -->","yoast_head_json":{"title":"Il Fondo immobiliare svizzero della Basilese registra una crescita operativa - IMMOBILIEN Business","description":"Il fondo ha aumentato l'utile netto nell'ultimo esercizio, mentre le svalutazioni hanno avuto un impatto negativo sul risultato complessivo.","robots":{"index":"index","follow":"follow","max-snippet":"max-snippet:-1","max-image-preview":"max-image-preview:large","max-video-preview":"max-video-preview:-1"},"canonical":"https:\/\/www.immobilienbusiness.ch\/it\/unternehmen\/2023-12-12\/baloise-swiss-property-fund-legt-operativ-zu\/","og_locale":"it_IT","og_type":"article","og_title":"Baloise Swiss Property Fund legt operativ zu - IMMOBILIEN Business","og_description":"Der Fonds steigert im abgelaufenen Gesch\u00e4ftsjahr den Nettoertrag, w\u00e4hrend Abwertungen den Gesamterfolg beeintr\u00e4chtigen.","og_url":"https:\/\/www.immobilienbusiness.ch\/it\/unternehmen\/2023-12-12\/baloise-swiss-property-fund-legt-operativ-zu\/","og_site_name":"IMMOBILIEN Business","article_publisher":"https:\/\/www.facebook.com\/immobilienbusiness\/","article_published_time":"2023-12-12T05:50:17+00:00","article_modified_time":"2023-12-14T08:25:49+00:00","og_image":[{"width":1000,"height":695,"url":"https:\/\/www.immobilienbusiness.ch\/wp-content\/uploads\/2018\/12\/Depositphotos_5140832_m-2015.jpg","type":"image\/jpeg"}],"author":"Alexander Wachter","twitter_card":"summary_large_image","schema":{"@context":"https:\/\/schema.org","@graph":[{"@type":"Article","@id":"https:\/\/www.immobilienbusiness.ch\/fr\/unternehmen\/2023-12-12\/baloise-swiss-property-fund-legt-operativ-zu\/#article","isPartOf":{"@id":"https:\/\/www.immobilienbusiness.ch\/fr\/unternehmen\/2023-12-12\/baloise-swiss-property-fund-legt-operativ-zu\/"},"author":{"name":"Alexander Wachter","@id":"https:\/\/www.immobilienbusiness.ch\/#\/schema\/person\/aba8bea2db926aa0c24c08c43fe1fcd5"},"headline":"Baloise Swiss Property Fund legt operativ zu","datePublished":"2023-12-12T05:50:17+00:00","dateModified":"2023-12-14T08:25:49+00:00","mainEntityOfPage":{"@id":"https:\/\/www.immobilienbusiness.ch\/fr\/unternehmen\/2023-12-12\/baloise-swiss-property-fund-legt-operativ-zu\/"},"wordCount":240,"publisher":{"@id":"https:\/\/www.immobilienbusiness.ch\/#organization"},"image":{"@id":"https:\/\/www.immobilienbusiness.ch\/fr\/unternehmen\/2023-12-12\/baloise-swiss-property-fund-legt-operativ-zu\/#primaryimage"},"thumbnailUrl":"https:\/\/www.immobilienbusiness.ch\/wp-content\/uploads\/2018\/12\/Depositphotos_5140832_m-2015.jpg","keywords":["Baloise Swiss Property Fund","Immobilienfonds","Jahresergebnis"],"articleSection":["UNTERNEHMEN"],"inLanguage":"it-IT"},{"@type":"WebPage","@id":"https:\/\/www.immobilienbusiness.ch\/fr\/unternehmen\/2023-12-12\/baloise-swiss-property-fund-legt-operativ-zu\/","url":"https:\/\/www.immobilienbusiness.ch\/fr\/unternehmen\/2023-12-12\/baloise-swiss-property-fund-legt-operativ-zu\/","name":"Il Fondo immobiliare svizzero della Basilese registra una crescita operativa - IMMOBILIEN Business","isPartOf":{"@id":"https:\/\/www.immobilienbusiness.ch\/#website"},"primaryImageOfPage":{"@id":"https:\/\/www.immobilienbusiness.ch\/fr\/unternehmen\/2023-12-12\/baloise-swiss-property-fund-legt-operativ-zu\/#primaryimage"},"image":{"@id":"https:\/\/www.immobilienbusiness.ch\/fr\/unternehmen\/2023-12-12\/baloise-swiss-property-fund-legt-operativ-zu\/#primaryimage"},"thumbnailUrl":"https:\/\/www.immobilienbusiness.ch\/wp-content\/uploads\/2018\/12\/Depositphotos_5140832_m-2015.jpg","datePublished":"2023-12-12T05:50:17+00:00","dateModified":"2023-12-14T08:25:49+00:00","description":"Il fondo ha aumentato l'utile netto nell'ultimo esercizio, mentre le svalutazioni hanno avuto un impatto negativo sul risultato complessivo.","breadcrumb":{"@id":"https:\/\/www.immobilienbusiness.ch\/fr\/unternehmen\/2023-12-12\/baloise-swiss-property-fund-legt-operativ-zu\/#breadcrumb"},"inLanguage":"it-IT","potentialAction":[{"@type":"ReadAction","target":["https:\/\/www.immobilienbusiness.ch\/fr\/unternehmen\/2023-12-12\/baloise-swiss-property-fund-legt-operativ-zu\/"]}]},{"@type":"ImageObject","inLanguage":"it-IT","@id":"https:\/\/www.immobilienbusiness.ch\/fr\/unternehmen\/2023-12-12\/baloise-swiss-property-fund-legt-operativ-zu\/#primaryimage","url":"https:\/\/www.immobilienbusiness.ch\/wp-content\/uploads\/2018\/12\/Depositphotos_5140832_m-2015.jpg","contentUrl":"https:\/\/www.immobilienbusiness.ch\/wp-content\/uploads\/2018\/12\/Depositphotos_5140832_m-2015.jpg","width":1000,"height":695,"caption":"Mobimo hat den Gesch\u00e4ftsbericht f\u00fcr 2025 vorgestellt (Bild: Thomaspajot - depositphotos)"},{"@type":"BreadcrumbList","@id":"https:\/\/www.immobilienbusiness.ch\/fr\/unternehmen\/2023-12-12\/baloise-swiss-property-fund-legt-operativ-zu\/#breadcrumb","itemListElement":[{"@type":"ListItem","position":1,"name":"Home","item":"https:\/\/www.immobilienbusiness.ch\/"},{"@type":"ListItem","position":2,"name":"Baloise Swiss Property Fund legt operativ zu"}]},{"@type":"WebSite","@id":"https:\/\/www.immobilienbusiness.ch\/#website","url":"https:\/\/www.immobilienbusiness.ch\/","name":"Affari immobiliari","description":"Rivista economica indipendente svizzera che si concentra sul settore immobiliare, l'architettura e la costruzione, nonch\u00e9 sugli investimenti e i finanziamenti.","publisher":{"@id":"https:\/\/www.immobilienbusiness.ch\/#organization"},"potentialAction":[{"@type":"SearchAction","target":{"@type":"EntryPoint","urlTemplate":"https:\/\/www.immobilienbusiness.ch\/?s={search_term_string}"},"query-input":{"@type":"PropertyValueSpecification","valueRequired":true,"valueName":"search_term_string"}}],"inLanguage":"it-IT"},{"@type":"Organization","@id":"https:\/\/www.immobilienbusiness.ch\/#organization","name":"Affari immobiliari","url":"https:\/\/www.immobilienbusiness.ch\/","logo":{"@type":"ImageObject","inLanguage":"it-IT","@id":"https:\/\/www.immobilienbusiness.ch\/#\/schema\/logo\/image\/","url":"https:\/\/www.immobilienbusiness.ch\/wp-content\/uploads\/2021\/07\/logo_ib.png","contentUrl":"https:\/\/www.immobilienbusiness.ch\/wp-content\/uploads\/2021\/07\/logo_ib.png","width":800,"height":181,"caption":"IMMOBILIEN Business"},"image":{"@id":"https:\/\/www.immobilienbusiness.ch\/#\/schema\/logo\/image\/"},"sameAs":["https:\/\/www.facebook.com\/immobilienbusiness\/"]},{"@type":"Person","@id":"https:\/\/www.immobilienbusiness.ch\/#\/schema\/person\/aba8bea2db926aa0c24c08c43fe1fcd5","name":"Alexander Wachter","image":{"@type":"ImageObject","inLanguage":"it-IT","@id":"https:\/\/secure.gravatar.com\/avatar\/1a09e471f5389b0e0a6416eac287e0927c7c97a7b77f9e787eba3af7aee281dd?s=96&d=mm&r=g","url":"https:\/\/secure.gravatar.com\/avatar\/1a09e471f5389b0e0a6416eac287e0927c7c97a7b77f9e787eba3af7aee281dd?s=96&d=mm&r=g","contentUrl":"https:\/\/secure.gravatar.com\/avatar\/1a09e471f5389b0e0a6416eac287e0927c7c97a7b77f9e787eba3af7aee281dd?s=96&d=mm&r=g","caption":"Alexander Wachter"},"url":"https:\/\/www.immobilienbusiness.ch\/it\/author\/alexander-wachter\/"}]}},"_links":{"self":[{"href":"https:\/\/www.immobilienbusiness.ch\/it\/wp-json\/wp\/v2\/posts\/54923","targetHints":{"allow":["GET"]}}],"collection":[{"href":"https:\/\/www.immobilienbusiness.ch\/it\/wp-json\/wp\/v2\/posts"}],"about":[{"href":"https:\/\/www.immobilienbusiness.ch\/it\/wp-json\/wp\/v2\/types\/post"}],"author":[{"embeddable":true,"href":"https:\/\/www.immobilienbusiness.ch\/it\/wp-json\/wp\/v2\/users\/102"}],"replies":[{"embeddable":true,"href":"https:\/\/www.immobilienbusiness.ch\/it\/wp-json\/wp\/v2\/comments?post=54923"}],"version-history":[{"count":6,"href":"https:\/\/www.immobilienbusiness.ch\/it\/wp-json\/wp\/v2\/posts\/54923\/revisions"}],"predecessor-version":[{"id":54978,"href":"https:\/\/www.immobilienbusiness.ch\/it\/wp-json\/wp\/v2\/posts\/54923\/revisions\/54978"}],"wp:featuredmedia":[{"embeddable":true,"href":"https:\/\/www.immobilienbusiness.ch\/it\/wp-json\/wp\/v2\/media\/15262"}],"wp:attachment":[{"href":"https:\/\/www.immobilienbusiness.ch\/it\/wp-json\/wp\/v2\/media?parent=54923"}],"wp:term":[{"taxonomy":"category","embeddable":true,"href":"https:\/\/www.immobilienbusiness.ch\/it\/wp-json\/wp\/v2\/categories?post=54923"},{"taxonomy":"post_tag","embeddable":true,"href":"https:\/\/www.immobilienbusiness.ch\/it\/wp-json\/wp\/v2\/tags?post=54923"}],"curies":[{"name":"wp","href":"https:\/\/api.w.org\/{rel}","templated":true}]}}