{"id":54920,"date":"2023-12-12T06:30:06","date_gmt":"2023-12-12T05:30:06","guid":{"rendered":"https:\/\/www.immobilienbusiness.ch\/?p=54920"},"modified":"2023-12-13T09:31:04","modified_gmt":"2023-12-13T08:31:04","slug":"sfp-ast-mit-neuem-geschaeftsfuehrer","status":"publish","type":"post","link":"https:\/\/www.immobilienbusiness.ch\/it\/personalia\/2023-12-12\/sfp-ast-mit-neuem-geschaeftsfuehrer\/","title":{"rendered":"SFP AST con un nuovo direttore generale"},"content":{"rendered":"<figure id=\"attachment_54921\" aria-describedby=\"caption-attachment-54921\" style=\"width: 589px\" class=\"wp-caption alignnone\"><a href=\"https:\/\/www.immobilienbusiness.ch\/wp-content\/uploads\/2023\/12\/csm_Rothlin_Philippe_a6468d05d4.jpg\"><img loading=\"lazy\" decoding=\"async\" class=\"size-full wp-image-54921\" src=\"https:\/\/www.immobilienbusiness.ch\/wp-content\/uploads\/2023\/12\/csm_Rothlin_Philippe_a6468d05d4.jpg\" alt=\"\" width=\"589\" height=\"503\" srcset=\"https:\/\/www.immobilienbusiness.ch\/wp-content\/uploads\/2023\/12\/csm_Rothlin_Philippe_a6468d05d4.jpg 589w, https:\/\/www.immobilienbusiness.ch\/wp-content\/uploads\/2023\/12\/csm_Rothlin_Philippe_a6468d05d4-300x256.jpg 300w, https:\/\/www.immobilienbusiness.ch\/wp-content\/uploads\/2023\/12\/csm_Rothlin_Philippe_a6468d05d4-14x12.jpg 14w, https:\/\/www.immobilienbusiness.ch\/wp-content\/uploads\/2023\/12\/csm_Rothlin_Philippe_a6468d05d4-351x300.jpg 351w, https:\/\/www.immobilienbusiness.ch\/wp-content\/uploads\/2023\/12\/csm_Rothlin_Philippe_a6468d05d4-410x350.jpg 410w\" sizes=\"auto, (max-width: 589px) 100vw, 589px\" \/><\/a><figcaption id=\"caption-attachment-54921\" class=\"wp-caption-text\">Philippe Rothlin (Immagine: SFP)<\/figcaption><\/figure>\n<p>Nell'ambito del piano di successione, Rothlin subentrer\u00e0 a Gregor Bucher, che andr\u00e0 in pensione alla fine del 2023. Il nuovo amministratore delegato \u00e8 stato per oltre cinque anni responsabile dei servizi condivisi presso lo Swiss Finance &amp; Property Group. In precedenza, Rothlin \u00e8 stato responsabile del monitoraggio dei fondi di investimento presso una grande banca per sei anni come garante Finma. Ha studiato legge e amministrazione aziendale all'Universit\u00e0 di San Gallo e ha conseguito un MBA presso la Esade Business School di Barcellona.<\/p>\n<p>\"Abbiamo scelto Philippe Rothlin perch\u00e9 possiede la rete ideale per il nostro contesto normativo\", afferma Alexander V\u00f6gele, presidente del Consiglio di fondazione della Fondazione di investimento SFP. Egli ringrazia l'attuale presidente Bucher, che ha \"contribuito in modo significativo allo sviluppo della SFP Investment Foundation dal 2018\", \"soprattutto nella fase iniziale di crescita\". <em>(aw)<\/em><\/p>","protected":false},"excerpt":{"rendered":"<p>Philippe Rothlin diventer\u00e0 il nuovo direttore generale della SFP Investment Foundation a partire dal 1\u00b0 gennaio.<\/p>","protected":false},"author":102,"featured_media":54921,"comment_status":"closed","ping_status":"closed","sticky":false,"template":"","format":"standard","meta":{"_acf_changed":false,"_yoast_wpseo_focuskw":"SFP","_yoast_wpseo_title":"","_yoast_wpseo_metadesc":"Philippe Rothlin wird per 1. Januar neuer Gesch\u00e4ftsf\u00fchrer der SFP Anlagestiftung.","_yoast_wpseo_linkdex":57,"pgc_sgb_lightbox_settings":"","footnotes":""},"categories":[1912],"tags":[1030,1563,1753],"class_list":["post-54920","post","type-post","status-publish","format-standard","has-post-thumbnail","hentry","category-personalia","tag-anlagestiftung","tag-personalia","tag-swiss-finance-property"],"acf":[],"yoast_head":"<!-- This site is optimized with the Yoast SEO plugin v27.5 - https:\/\/yoast.com\/product\/yoast-seo-wordpress\/ -->\n<title>SFP AST mit neuem Gesch\u00e4ftsf\u00fchrer - IMMOBILIEN Business<\/title>\n<meta name=\"description\" content=\"Philippe Rothlin wird per 1. Januar neuer Gesch\u00e4ftsf\u00fchrer der SFP Anlagestiftung.\" \/>\n<meta name=\"robots\" content=\"index, follow, max-snippet:-1, max-image-preview:large, max-video-preview:-1\" \/>\n<link rel=\"canonical\" href=\"https:\/\/www.immobilienbusiness.ch\/it\/personalia\/2023-12-12\/sfp-ast-mit-neuem-geschaeftsfuehrer\/\" \/>\n<meta property=\"og:locale\" content=\"it_IT\" \/>\n<meta property=\"og:type\" content=\"article\" \/>\n<meta property=\"og:title\" content=\"SFP AST mit neuem Gesch\u00e4ftsf\u00fchrer - IMMOBILIEN Business\" \/>\n<meta property=\"og:description\" content=\"Philippe Rothlin wird per 1. Januar neuer Gesch\u00e4ftsf\u00fchrer der SFP Anlagestiftung.\" \/>\n<meta property=\"og:url\" content=\"https:\/\/www.immobilienbusiness.ch\/it\/personalia\/2023-12-12\/sfp-ast-mit-neuem-geschaeftsfuehrer\/\" \/>\n<meta property=\"og:site_name\" content=\"IMMOBILIEN Business\" \/>\n<meta property=\"article:publisher\" content=\"https:\/\/www.facebook.com\/immobilienbusiness\/\" \/>\n<meta property=\"article:published_time\" content=\"2023-12-12T05:30:06+00:00\" \/>\n<meta property=\"article:modified_time\" content=\"2023-12-13T08:31:04+00:00\" \/>\n<meta property=\"og:image\" content=\"https:\/\/www.immobilienbusiness.ch\/wp-content\/uploads\/2023\/12\/csm_Rothlin_Philippe_a6468d05d4.jpg\" \/>\n\t<meta property=\"og:image:width\" content=\"589\" \/>\n\t<meta property=\"og:image:height\" content=\"503\" \/>\n\t<meta property=\"og:image:type\" content=\"image\/jpeg\" \/>\n<meta name=\"author\" content=\"Alexander Wachter\" \/>\n<meta name=\"twitter:card\" content=\"summary_large_image\" \/>\n<script type=\"application\/ld+json\" class=\"yoast-schema-graph\">{\"@context\":\"https:\\\/\\\/schema.org\",\"@graph\":[{\"@type\":\"Article\",\"@id\":\"https:\\\/\\\/www.immobilienbusiness.ch\\\/fr\\\/personalia\\\/2023-12-12\\\/sfp-ast-mit-neuem-geschaeftsfuehrer\\\/#article\",\"isPartOf\":{\"@id\":\"https:\\\/\\\/www.immobilienbusiness.ch\\\/fr\\\/personalia\\\/2023-12-12\\\/sfp-ast-mit-neuem-geschaeftsfuehrer\\\/\"},\"author\":{\"name\":\"Alexander Wachter\",\"@id\":\"https:\\\/\\\/www.immobilienbusiness.ch\\\/#\\\/schema\\\/person\\\/aba8bea2db926aa0c24c08c43fe1fcd5\"},\"headline\":\"SFP AST mit neuem Gesch\u00e4ftsf\u00fchrer\",\"datePublished\":\"2023-12-12T05:30:06+00:00\",\"dateModified\":\"2023-12-13T08:31:04+00:00\",\"mainEntityOfPage\":{\"@id\":\"https:\\\/\\\/www.immobilienbusiness.ch\\\/fr\\\/personalia\\\/2023-12-12\\\/sfp-ast-mit-neuem-geschaeftsfuehrer\\\/\"},\"wordCount\":157,\"publisher\":{\"@id\":\"https:\\\/\\\/www.immobilienbusiness.ch\\\/#organization\"},\"image\":{\"@id\":\"https:\\\/\\\/www.immobilienbusiness.ch\\\/fr\\\/personalia\\\/2023-12-12\\\/sfp-ast-mit-neuem-geschaeftsfuehrer\\\/#primaryimage\"},\"thumbnailUrl\":\"https:\\\/\\\/www.immobilienbusiness.ch\\\/wp-content\\\/uploads\\\/2023\\\/12\\\/csm_Rothlin_Philippe_a6468d05d4.jpg\",\"keywords\":[\"Anlagestiftung\",\"Personalia\",\"Swiss Finance &amp; Property\"],\"articleSection\":[\"PERSONALIA\"],\"inLanguage\":\"it-IT\"},{\"@type\":\"WebPage\",\"@id\":\"https:\\\/\\\/www.immobilienbusiness.ch\\\/fr\\\/personalia\\\/2023-12-12\\\/sfp-ast-mit-neuem-geschaeftsfuehrer\\\/\",\"url\":\"https:\\\/\\\/www.immobilienbusiness.ch\\\/fr\\\/personalia\\\/2023-12-12\\\/sfp-ast-mit-neuem-geschaeftsfuehrer\\\/\",\"name\":\"SFP AST mit neuem Gesch\u00e4ftsf\u00fchrer - IMMOBILIEN Business\",\"isPartOf\":{\"@id\":\"https:\\\/\\\/www.immobilienbusiness.ch\\\/#website\"},\"primaryImageOfPage\":{\"@id\":\"https:\\\/\\\/www.immobilienbusiness.ch\\\/fr\\\/personalia\\\/2023-12-12\\\/sfp-ast-mit-neuem-geschaeftsfuehrer\\\/#primaryimage\"},\"image\":{\"@id\":\"https:\\\/\\\/www.immobilienbusiness.ch\\\/fr\\\/personalia\\\/2023-12-12\\\/sfp-ast-mit-neuem-geschaeftsfuehrer\\\/#primaryimage\"},\"thumbnailUrl\":\"https:\\\/\\\/www.immobilienbusiness.ch\\\/wp-content\\\/uploads\\\/2023\\\/12\\\/csm_Rothlin_Philippe_a6468d05d4.jpg\",\"datePublished\":\"2023-12-12T05:30:06+00:00\",\"dateModified\":\"2023-12-13T08:31:04+00:00\",\"description\":\"Philippe Rothlin wird per 1. Januar neuer Gesch\u00e4ftsf\u00fchrer der SFP Anlagestiftung.\",\"breadcrumb\":{\"@id\":\"https:\\\/\\\/www.immobilienbusiness.ch\\\/fr\\\/personalia\\\/2023-12-12\\\/sfp-ast-mit-neuem-geschaeftsfuehrer\\\/#breadcrumb\"},\"inLanguage\":\"it-IT\",\"potentialAction\":[{\"@type\":\"ReadAction\",\"target\":[\"https:\\\/\\\/www.immobilienbusiness.ch\\\/fr\\\/personalia\\\/2023-12-12\\\/sfp-ast-mit-neuem-geschaeftsfuehrer\\\/\"]}]},{\"@type\":\"ImageObject\",\"inLanguage\":\"it-IT\",\"@id\":\"https:\\\/\\\/www.immobilienbusiness.ch\\\/fr\\\/personalia\\\/2023-12-12\\\/sfp-ast-mit-neuem-geschaeftsfuehrer\\\/#primaryimage\",\"url\":\"https:\\\/\\\/www.immobilienbusiness.ch\\\/wp-content\\\/uploads\\\/2023\\\/12\\\/csm_Rothlin_Philippe_a6468d05d4.jpg\",\"contentUrl\":\"https:\\\/\\\/www.immobilienbusiness.ch\\\/wp-content\\\/uploads\\\/2023\\\/12\\\/csm_Rothlin_Philippe_a6468d05d4.jpg\",\"width\":589,\"height\":503,\"caption\":\"Philippe Rothlin (Bild: SFP)\"},{\"@type\":\"BreadcrumbList\",\"@id\":\"https:\\\/\\\/www.immobilienbusiness.ch\\\/fr\\\/personalia\\\/2023-12-12\\\/sfp-ast-mit-neuem-geschaeftsfuehrer\\\/#breadcrumb\",\"itemListElement\":[{\"@type\":\"ListItem\",\"position\":1,\"name\":\"Home\",\"item\":\"https:\\\/\\\/www.immobilienbusiness.ch\\\/\"},{\"@type\":\"ListItem\",\"position\":2,\"name\":\"SFP AST mit neuem Gesch\u00e4ftsf\u00fchrer\"}]},{\"@type\":\"WebSite\",\"@id\":\"https:\\\/\\\/www.immobilienbusiness.ch\\\/#website\",\"url\":\"https:\\\/\\\/www.immobilienbusiness.ch\\\/\",\"name\":\"IMMOBILIEN Business\",\"description\":\"Unabh\u00e4ngiges Schweizer Wirtschaftsmagazin mit Fokus auf Immobilien, Architektur- und Bau sowie Investment- und Finanzierung.\",\"publisher\":{\"@id\":\"https:\\\/\\\/www.immobilienbusiness.ch\\\/#organization\"},\"potentialAction\":[{\"@type\":\"SearchAction\",\"target\":{\"@type\":\"EntryPoint\",\"urlTemplate\":\"https:\\\/\\\/www.immobilienbusiness.ch\\\/?s={search_term_string}\"},\"query-input\":{\"@type\":\"PropertyValueSpecification\",\"valueRequired\":true,\"valueName\":\"search_term_string\"}}],\"inLanguage\":\"it-IT\"},{\"@type\":\"Organization\",\"@id\":\"https:\\\/\\\/www.immobilienbusiness.ch\\\/#organization\",\"name\":\"IMMOBILIEN Business\",\"url\":\"https:\\\/\\\/www.immobilienbusiness.ch\\\/\",\"logo\":{\"@type\":\"ImageObject\",\"inLanguage\":\"it-IT\",\"@id\":\"https:\\\/\\\/www.immobilienbusiness.ch\\\/#\\\/schema\\\/logo\\\/image\\\/\",\"url\":\"https:\\\/\\\/www.immobilienbusiness.ch\\\/wp-content\\\/uploads\\\/2021\\\/07\\\/logo_ib.png\",\"contentUrl\":\"https:\\\/\\\/www.immobilienbusiness.ch\\\/wp-content\\\/uploads\\\/2021\\\/07\\\/logo_ib.png\",\"width\":800,\"height\":181,\"caption\":\"IMMOBILIEN Business\"},\"image\":{\"@id\":\"https:\\\/\\\/www.immobilienbusiness.ch\\\/#\\\/schema\\\/logo\\\/image\\\/\"},\"sameAs\":[\"https:\\\/\\\/www.facebook.com\\\/immobilienbusiness\\\/\"]},{\"@type\":\"Person\",\"@id\":\"https:\\\/\\\/www.immobilienbusiness.ch\\\/#\\\/schema\\\/person\\\/aba8bea2db926aa0c24c08c43fe1fcd5\",\"name\":\"Alexander Wachter\",\"image\":{\"@type\":\"ImageObject\",\"inLanguage\":\"it-IT\",\"@id\":\"https:\\\/\\\/secure.gravatar.com\\\/avatar\\\/1a09e471f5389b0e0a6416eac287e0927c7c97a7b77f9e787eba3af7aee281dd?s=96&d=mm&r=g\",\"url\":\"https:\\\/\\\/secure.gravatar.com\\\/avatar\\\/1a09e471f5389b0e0a6416eac287e0927c7c97a7b77f9e787eba3af7aee281dd?s=96&d=mm&r=g\",\"contentUrl\":\"https:\\\/\\\/secure.gravatar.com\\\/avatar\\\/1a09e471f5389b0e0a6416eac287e0927c7c97a7b77f9e787eba3af7aee281dd?s=96&d=mm&r=g\",\"caption\":\"Alexander Wachter\"},\"url\":\"https:\\\/\\\/www.immobilienbusiness.ch\\\/it\\\/author\\\/alexander-wachter\\\/\"}]}<\/script>\n<!-- \/ Yoast SEO plugin. -->","yoast_head_json":{"title":"SFP AST con un nuovo direttore generale - IMMOBILIEN Business","description":"Philippe Rothlin diventer\u00e0 il nuovo direttore generale della SFP Investment Foundation a partire dal 1\u00b0 gennaio.","robots":{"index":"index","follow":"follow","max-snippet":"max-snippet:-1","max-image-preview":"max-image-preview:large","max-video-preview":"max-video-preview:-1"},"canonical":"https:\/\/www.immobilienbusiness.ch\/it\/personalia\/2023-12-12\/sfp-ast-mit-neuem-geschaeftsfuehrer\/","og_locale":"it_IT","og_type":"article","og_title":"SFP AST mit neuem Gesch\u00e4ftsf\u00fchrer - IMMOBILIEN Business","og_description":"Philippe Rothlin wird per 1. Januar neuer Gesch\u00e4ftsf\u00fchrer der SFP Anlagestiftung.","og_url":"https:\/\/www.immobilienbusiness.ch\/it\/personalia\/2023-12-12\/sfp-ast-mit-neuem-geschaeftsfuehrer\/","og_site_name":"IMMOBILIEN Business","article_publisher":"https:\/\/www.facebook.com\/immobilienbusiness\/","article_published_time":"2023-12-12T05:30:06+00:00","article_modified_time":"2023-12-13T08:31:04+00:00","og_image":[{"width":589,"height":503,"url":"https:\/\/www.immobilienbusiness.ch\/wp-content\/uploads\/2023\/12\/csm_Rothlin_Philippe_a6468d05d4.jpg","type":"image\/jpeg"}],"author":"Alexander Wachter","twitter_card":"summary_large_image","schema":{"@context":"https:\/\/schema.org","@graph":[{"@type":"Article","@id":"https:\/\/www.immobilienbusiness.ch\/fr\/personalia\/2023-12-12\/sfp-ast-mit-neuem-geschaeftsfuehrer\/#article","isPartOf":{"@id":"https:\/\/www.immobilienbusiness.ch\/fr\/personalia\/2023-12-12\/sfp-ast-mit-neuem-geschaeftsfuehrer\/"},"author":{"name":"Alexander Wachter","@id":"https:\/\/www.immobilienbusiness.ch\/#\/schema\/person\/aba8bea2db926aa0c24c08c43fe1fcd5"},"headline":"SFP AST mit neuem Gesch\u00e4ftsf\u00fchrer","datePublished":"2023-12-12T05:30:06+00:00","dateModified":"2023-12-13T08:31:04+00:00","mainEntityOfPage":{"@id":"https:\/\/www.immobilienbusiness.ch\/fr\/personalia\/2023-12-12\/sfp-ast-mit-neuem-geschaeftsfuehrer\/"},"wordCount":157,"publisher":{"@id":"https:\/\/www.immobilienbusiness.ch\/#organization"},"image":{"@id":"https:\/\/www.immobilienbusiness.ch\/fr\/personalia\/2023-12-12\/sfp-ast-mit-neuem-geschaeftsfuehrer\/#primaryimage"},"thumbnailUrl":"https:\/\/www.immobilienbusiness.ch\/wp-content\/uploads\/2023\/12\/csm_Rothlin_Philippe_a6468d05d4.jpg","keywords":["Anlagestiftung","Personalia","Swiss Finance &amp; Property"],"articleSection":["PERSONALIA"],"inLanguage":"it-IT"},{"@type":"WebPage","@id":"https:\/\/www.immobilienbusiness.ch\/fr\/personalia\/2023-12-12\/sfp-ast-mit-neuem-geschaeftsfuehrer\/","url":"https:\/\/www.immobilienbusiness.ch\/fr\/personalia\/2023-12-12\/sfp-ast-mit-neuem-geschaeftsfuehrer\/","name":"SFP AST con un nuovo direttore generale - IMMOBILIEN Business","isPartOf":{"@id":"https:\/\/www.immobilienbusiness.ch\/#website"},"primaryImageOfPage":{"@id":"https:\/\/www.immobilienbusiness.ch\/fr\/personalia\/2023-12-12\/sfp-ast-mit-neuem-geschaeftsfuehrer\/#primaryimage"},"image":{"@id":"https:\/\/www.immobilienbusiness.ch\/fr\/personalia\/2023-12-12\/sfp-ast-mit-neuem-geschaeftsfuehrer\/#primaryimage"},"thumbnailUrl":"https:\/\/www.immobilienbusiness.ch\/wp-content\/uploads\/2023\/12\/csm_Rothlin_Philippe_a6468d05d4.jpg","datePublished":"2023-12-12T05:30:06+00:00","dateModified":"2023-12-13T08:31:04+00:00","description":"Philippe Rothlin diventer\u00e0 il nuovo direttore generale della SFP Investment Foundation a partire dal 1\u00b0 gennaio.","breadcrumb":{"@id":"https:\/\/www.immobilienbusiness.ch\/fr\/personalia\/2023-12-12\/sfp-ast-mit-neuem-geschaeftsfuehrer\/#breadcrumb"},"inLanguage":"it-IT","potentialAction":[{"@type":"ReadAction","target":["https:\/\/www.immobilienbusiness.ch\/fr\/personalia\/2023-12-12\/sfp-ast-mit-neuem-geschaeftsfuehrer\/"]}]},{"@type":"ImageObject","inLanguage":"it-IT","@id":"https:\/\/www.immobilienbusiness.ch\/fr\/personalia\/2023-12-12\/sfp-ast-mit-neuem-geschaeftsfuehrer\/#primaryimage","url":"https:\/\/www.immobilienbusiness.ch\/wp-content\/uploads\/2023\/12\/csm_Rothlin_Philippe_a6468d05d4.jpg","contentUrl":"https:\/\/www.immobilienbusiness.ch\/wp-content\/uploads\/2023\/12\/csm_Rothlin_Philippe_a6468d05d4.jpg","width":589,"height":503,"caption":"Philippe Rothlin (Bild: SFP)"},{"@type":"BreadcrumbList","@id":"https:\/\/www.immobilienbusiness.ch\/fr\/personalia\/2023-12-12\/sfp-ast-mit-neuem-geschaeftsfuehrer\/#breadcrumb","itemListElement":[{"@type":"ListItem","position":1,"name":"Home","item":"https:\/\/www.immobilienbusiness.ch\/"},{"@type":"ListItem","position":2,"name":"SFP AST mit neuem Gesch\u00e4ftsf\u00fchrer"}]},{"@type":"WebSite","@id":"https:\/\/www.immobilienbusiness.ch\/#website","url":"https:\/\/www.immobilienbusiness.ch\/","name":"Affari immobiliari","description":"Rivista economica indipendente svizzera che si concentra sul settore immobiliare, l'architettura e la costruzione, nonch\u00e9 sugli investimenti e i finanziamenti.","publisher":{"@id":"https:\/\/www.immobilienbusiness.ch\/#organization"},"potentialAction":[{"@type":"SearchAction","target":{"@type":"EntryPoint","urlTemplate":"https:\/\/www.immobilienbusiness.ch\/?s={search_term_string}"},"query-input":{"@type":"PropertyValueSpecification","valueRequired":true,"valueName":"search_term_string"}}],"inLanguage":"it-IT"},{"@type":"Organization","@id":"https:\/\/www.immobilienbusiness.ch\/#organization","name":"Affari immobiliari","url":"https:\/\/www.immobilienbusiness.ch\/","logo":{"@type":"ImageObject","inLanguage":"it-IT","@id":"https:\/\/www.immobilienbusiness.ch\/#\/schema\/logo\/image\/","url":"https:\/\/www.immobilienbusiness.ch\/wp-content\/uploads\/2021\/07\/logo_ib.png","contentUrl":"https:\/\/www.immobilienbusiness.ch\/wp-content\/uploads\/2021\/07\/logo_ib.png","width":800,"height":181,"caption":"IMMOBILIEN Business"},"image":{"@id":"https:\/\/www.immobilienbusiness.ch\/#\/schema\/logo\/image\/"},"sameAs":["https:\/\/www.facebook.com\/immobilienbusiness\/"]},{"@type":"Person","@id":"https:\/\/www.immobilienbusiness.ch\/#\/schema\/person\/aba8bea2db926aa0c24c08c43fe1fcd5","name":"Alexander Wachter","image":{"@type":"ImageObject","inLanguage":"it-IT","@id":"https:\/\/secure.gravatar.com\/avatar\/1a09e471f5389b0e0a6416eac287e0927c7c97a7b77f9e787eba3af7aee281dd?s=96&d=mm&r=g","url":"https:\/\/secure.gravatar.com\/avatar\/1a09e471f5389b0e0a6416eac287e0927c7c97a7b77f9e787eba3af7aee281dd?s=96&d=mm&r=g","contentUrl":"https:\/\/secure.gravatar.com\/avatar\/1a09e471f5389b0e0a6416eac287e0927c7c97a7b77f9e787eba3af7aee281dd?s=96&d=mm&r=g","caption":"Alexander Wachter"},"url":"https:\/\/www.immobilienbusiness.ch\/it\/author\/alexander-wachter\/"}]}},"_links":{"self":[{"href":"https:\/\/www.immobilienbusiness.ch\/it\/wp-json\/wp\/v2\/posts\/54920","targetHints":{"allow":["GET"]}}],"collection":[{"href":"https:\/\/www.immobilienbusiness.ch\/it\/wp-json\/wp\/v2\/posts"}],"about":[{"href":"https:\/\/www.immobilienbusiness.ch\/it\/wp-json\/wp\/v2\/types\/post"}],"author":[{"embeddable":true,"href":"https:\/\/www.immobilienbusiness.ch\/it\/wp-json\/wp\/v2\/users\/102"}],"replies":[{"embeddable":true,"href":"https:\/\/www.immobilienbusiness.ch\/it\/wp-json\/wp\/v2\/comments?post=54920"}],"version-history":[{"count":2,"href":"https:\/\/www.immobilienbusiness.ch\/it\/wp-json\/wp\/v2\/posts\/54920\/revisions"}],"predecessor-version":[{"id":54936,"href":"https:\/\/www.immobilienbusiness.ch\/it\/wp-json\/wp\/v2\/posts\/54920\/revisions\/54936"}],"wp:featuredmedia":[{"embeddable":true,"href":"https:\/\/www.immobilienbusiness.ch\/it\/wp-json\/wp\/v2\/media\/54921"}],"wp:attachment":[{"href":"https:\/\/www.immobilienbusiness.ch\/it\/wp-json\/wp\/v2\/media?parent=54920"}],"wp:term":[{"taxonomy":"category","embeddable":true,"href":"https:\/\/www.immobilienbusiness.ch\/it\/wp-json\/wp\/v2\/categories?post=54920"},{"taxonomy":"post_tag","embeddable":true,"href":"https:\/\/www.immobilienbusiness.ch\/it\/wp-json\/wp\/v2\/tags?post=54920"}],"curies":[{"name":"wp","href":"https:\/\/api.w.org\/{rel}","templated":true}]}}