{"id":544,"date":"2015-08-24T09:19:02","date_gmt":"2015-08-24T07:19:02","guid":{"rendered":"http:\/\/dev.immobilienbusiness.ch\/?p=544"},"modified":"2015-08-24T09:19:02","modified_gmt":"2015-08-24T07:19:02","slug":"sbb-entscheidet-ueber-renens-entrepots","status":"publish","type":"post","link":"https:\/\/www.immobilienbusiness.ch\/it\/buero\/2015-08-24\/sbb-entscheidet-ueber-renens-entrepots\/","title":{"rendered":"Le FFS decidono per Renens-Entrep\u00f4ts"},"content":{"rendered":"<figure id=\"attachment_4689\" aria-describedby=\"caption-attachment-4689\" style=\"width: 680px\" class=\"wp-caption alignnone\"><img loading=\"lazy\" decoding=\"async\" class=\"wp-image-4689 size-medium\" src=\"https:\/\/immobilienbusiness.ch\/wp-content\/uploads\/2015\/08\/SBB-entscheidet-\u00fcber-Renens-Entrepots-immobilien-business.jpg\" width=\"680\" height=\"382\" \/><figcaption id=\"caption-attachment-4689\" class=\"wp-caption-text\">MEP CFF Entrepots Renens, Ferrari Architectes, Copyright: SBB<\/figcaption><\/figure>\n<p>Il progetto prevede circa 200 appartamenti, spazi per uffici, strutture pubbliche e locali commerciali con una superficie lorda fino a 37.000 mq. Entro il 2020, da 30.000 a 40.000 persone potrebbero vivere in \"Entrep\u00f4ts\". Secondo la stampa, \u00e8 anche previsto che ben 1.300 dipendenti del CFF, che finora hanno lavorato intorno alla stazione di Losanna, si trasferiranno in due edifici per uffici previsti sul sito.<\/p>\n<p>L'investimento \u00e8 stimato in 150 milioni di franchi, di cui 90 milioni saranno coperti da FFS-CFF. I permessi di costruzione dovrebbero essere rilasciati nel 2017. (ah)<\/p>","protected":false},"excerpt":{"rendered":"<p>Ferrari Architectes ha vinto il contratto di studio per lo sviluppo del sito \"Entrep\u00f4ts\" delle FFS-CFF a Renens nell'agglomerato di Losanna Ovest. Il sito di 15.000 mq, situato a 300 metri dalla stazione ferroviaria, \u00e8 attualmente utilizzato per scopi commerciali e come area di stoccaggio, ma entro il 2020 le FFS-CFF, come proprietario del terreno, vogliono crearvi un nuovo quartiere urbano.<\/p>","protected":false},"author":1,"featured_media":4689,"comment_status":"open","ping_status":"open","sticky":false,"template":"","format":"standard","meta":{"_acf_changed":false,"_yoast_wpseo_focuskw":"Renens Entrepots","_yoast_wpseo_title":"Renens Entrepots: SBB entscheidet \u00fcber neues Quartier","_yoast_wpseo_metadesc":"Die SBB plant ein grosses Projekt in Renens mit 200 Wohnungen, B\u00fcrofl\u00e4chen und Gewerbe. Investitionen von 150 Mio. CHF bis 2020 vorgesehen.","_yoast_wpseo_linkdex":44,"pgc_sgb_lightbox_settings":"","footnotes":""},"categories":[983,986,987],"tags":[1118,1438,1639,1643,1862],"class_list":["post-544","post","type-post","status-publish","format-standard","has-post-thumbnail","hentry","category-buero","category-residential","category-retail","tag-buero","tag-lausanne","tag-residential","tag-retail","tag-wohnen"],"acf":[],"yoast_head":"<!-- This site is optimized with the Yoast SEO plugin v27.4 - https:\/\/yoast.com\/product\/yoast-seo-wordpress\/ -->\n<title>Renens Entrepots: SBB entscheidet \u00fcber neues Quartier<\/title>\n<meta name=\"description\" content=\"Die SBB plant ein grosses Projekt in Renens mit 200 Wohnungen, B\u00fcrofl\u00e4chen und Gewerbe. Investitionen von 150 Mio. CHF bis 2020 vorgesehen.\" \/>\n<meta name=\"robots\" content=\"index, follow, max-snippet:-1, max-image-preview:large, max-video-preview:-1\" \/>\n<link rel=\"canonical\" href=\"https:\/\/www.immobilienbusiness.ch\/it\/buero\/2015-08-24\/sbb-entscheidet-ueber-renens-entrepots\/\" \/>\n<meta property=\"og:locale\" content=\"it_IT\" \/>\n<meta property=\"og:type\" content=\"article\" \/>\n<meta property=\"og:title\" content=\"SBB entscheidet \u00fcber Renens-Entrep\u00f4ts\" \/>\n<meta property=\"og:description\" content=\"Ferrari Architectes hat den Studienauftrag zur Entwicklung des SBB-CFF-Areals \u00abEntrep\u00f4ts\u00bb in Renens in der Agglomeration Lausanne West gewonnen. Das 300 Meter vom Bahnhof entfernt liegende, 15.000 qm grosse Areal wird derzeit noch Gewerbezwecke und als Lagerfl\u00e4che genutzt, doch bis 2020 will die SBB-CFF als Grundeigent\u00fcmerin dort ein neues Stadtquartier schaffen.\" \/>\n<meta property=\"og:url\" content=\"https:\/\/www.immobilienbusiness.ch\/it\/buero\/2015-08-24\/sbb-entscheidet-ueber-renens-entrepots\/\" \/>\n<meta property=\"og:site_name\" content=\"IMMOBILIEN Business\" \/>\n<meta property=\"article:publisher\" content=\"https:\/\/www.facebook.com\/immobilienbusiness\/\" \/>\n<meta property=\"article:published_time\" content=\"2015-08-24T07:19:02+00:00\" \/>\n<meta name=\"author\" content=\"Redaktion\" \/>\n<meta name=\"twitter:card\" content=\"summary_large_image\" \/>\n<meta name=\"twitter:image\" content=\"https:\/\/www.immobilienbusiness.ch\/wp-content\/uploads\/2015\/08\/SBB-entscheidet-ueber-Renens-Entrepots-immobilien-business.jpg\" \/>\n<script type=\"application\/ld+json\" class=\"yoast-schema-graph\">{\"@context\":\"https:\\\/\\\/schema.org\",\"@graph\":[{\"@type\":\"Article\",\"@id\":\"https:\\\/\\\/www.immobilienbusiness.ch\\\/buero\\\/2015-08-24\\\/sbb-entscheidet-ueber-renens-entrepots\\\/#article\",\"isPartOf\":{\"@id\":\"https:\\\/\\\/www.immobilienbusiness.ch\\\/buero\\\/2015-08-24\\\/sbb-entscheidet-ueber-renens-entrepots\\\/\"},\"author\":{\"name\":\"Redaktion\",\"@id\":\"https:\\\/\\\/www.immobilienbusiness.ch\\\/#\\\/schema\\\/person\\\/aa2bace6c5c5aad60102004a50c4eb1c\"},\"headline\":\"SBB entscheidet \u00fcber Renens-Entrep\u00f4ts\",\"datePublished\":\"2015-08-24T07:19:02+00:00\",\"mainEntityOfPage\":{\"@id\":\"https:\\\/\\\/www.immobilienbusiness.ch\\\/buero\\\/2015-08-24\\\/sbb-entscheidet-ueber-renens-entrepots\\\/\"},\"wordCount\":102,\"commentCount\":0,\"publisher\":{\"@id\":\"https:\\\/\\\/www.immobilienbusiness.ch\\\/#organization\"},\"image\":{\"@id\":\"https:\\\/\\\/www.immobilienbusiness.ch\\\/buero\\\/2015-08-24\\\/sbb-entscheidet-ueber-renens-entrepots\\\/#primaryimage\"},\"thumbnailUrl\":\"https:\\\/\\\/www.immobilienbusiness.ch\\\/wp-content\\\/uploads\\\/2015\\\/08\\\/SBB-entscheidet-ueber-Renens-Entrepots-immobilien-business.jpg\",\"keywords\":[\"B\u00fcro\",\"Lausanne\",\"Residential\",\"Retail\",\"Wohnen\"],\"articleSection\":[\"B\u00dcRO\",\"RESIDENTIAL\",\"RETAIL\"],\"inLanguage\":\"it-IT\"},{\"@type\":\"WebPage\",\"@id\":\"https:\\\/\\\/www.immobilienbusiness.ch\\\/buero\\\/2015-08-24\\\/sbb-entscheidet-ueber-renens-entrepots\\\/\",\"url\":\"https:\\\/\\\/www.immobilienbusiness.ch\\\/buero\\\/2015-08-24\\\/sbb-entscheidet-ueber-renens-entrepots\\\/\",\"name\":\"Renens Entrepots: SBB entscheidet \u00fcber neues Quartier\",\"isPartOf\":{\"@id\":\"https:\\\/\\\/www.immobilienbusiness.ch\\\/#website\"},\"primaryImageOfPage\":{\"@id\":\"https:\\\/\\\/www.immobilienbusiness.ch\\\/buero\\\/2015-08-24\\\/sbb-entscheidet-ueber-renens-entrepots\\\/#primaryimage\"},\"image\":{\"@id\":\"https:\\\/\\\/www.immobilienbusiness.ch\\\/buero\\\/2015-08-24\\\/sbb-entscheidet-ueber-renens-entrepots\\\/#primaryimage\"},\"thumbnailUrl\":\"https:\\\/\\\/www.immobilienbusiness.ch\\\/wp-content\\\/uploads\\\/2015\\\/08\\\/SBB-entscheidet-ueber-Renens-Entrepots-immobilien-business.jpg\",\"datePublished\":\"2015-08-24T07:19:02+00:00\",\"description\":\"Die SBB plant ein grosses Projekt in Renens mit 200 Wohnungen, B\u00fcrofl\u00e4chen und Gewerbe. Investitionen von 150 Mio. CHF bis 2020 vorgesehen.\",\"breadcrumb\":{\"@id\":\"https:\\\/\\\/www.immobilienbusiness.ch\\\/buero\\\/2015-08-24\\\/sbb-entscheidet-ueber-renens-entrepots\\\/#breadcrumb\"},\"inLanguage\":\"it-IT\",\"potentialAction\":[{\"@type\":\"ReadAction\",\"target\":[\"https:\\\/\\\/www.immobilienbusiness.ch\\\/buero\\\/2015-08-24\\\/sbb-entscheidet-ueber-renens-entrepots\\\/\"]}]},{\"@type\":\"ImageObject\",\"inLanguage\":\"it-IT\",\"@id\":\"https:\\\/\\\/www.immobilienbusiness.ch\\\/buero\\\/2015-08-24\\\/sbb-entscheidet-ueber-renens-entrepots\\\/#primaryimage\",\"url\":\"https:\\\/\\\/www.immobilienbusiness.ch\\\/wp-content\\\/uploads\\\/2015\\\/08\\\/SBB-entscheidet-ueber-Renens-Entrepots-immobilien-business.jpg\",\"contentUrl\":\"https:\\\/\\\/www.immobilienbusiness.ch\\\/wp-content\\\/uploads\\\/2015\\\/08\\\/SBB-entscheidet-ueber-Renens-Entrepots-immobilien-business.jpg\",\"width\":2560,\"height\":1440,\"caption\":\"MEP CFF Entrepots Renens, Ferrari Architectes, Copyright: SBB\"},{\"@type\":\"BreadcrumbList\",\"@id\":\"https:\\\/\\\/www.immobilienbusiness.ch\\\/buero\\\/2015-08-24\\\/sbb-entscheidet-ueber-renens-entrepots\\\/#breadcrumb\",\"itemListElement\":[{\"@type\":\"ListItem\",\"position\":1,\"name\":\"Home\",\"item\":\"https:\\\/\\\/www.immobilienbusiness.ch\\\/\"},{\"@type\":\"ListItem\",\"position\":2,\"name\":\"SBB entscheidet \u00fcber Renens-Entrep\u00f4ts\"}]},{\"@type\":\"WebSite\",\"@id\":\"https:\\\/\\\/www.immobilienbusiness.ch\\\/#website\",\"url\":\"https:\\\/\\\/www.immobilienbusiness.ch\\\/\",\"name\":\"IMMOBILIEN Business\",\"description\":\"Unabh\u00e4ngiges Schweizer Wirtschaftsmagazin mit Fokus auf Immobilien, Architektur- und Bau sowie Investment- und Finanzierung.\",\"publisher\":{\"@id\":\"https:\\\/\\\/www.immobilienbusiness.ch\\\/#organization\"},\"potentialAction\":[{\"@type\":\"SearchAction\",\"target\":{\"@type\":\"EntryPoint\",\"urlTemplate\":\"https:\\\/\\\/www.immobilienbusiness.ch\\\/?s={search_term_string}\"},\"query-input\":{\"@type\":\"PropertyValueSpecification\",\"valueRequired\":true,\"valueName\":\"search_term_string\"}}],\"inLanguage\":\"it-IT\"},{\"@type\":\"Organization\",\"@id\":\"https:\\\/\\\/www.immobilienbusiness.ch\\\/#organization\",\"name\":\"IMMOBILIEN Business\",\"url\":\"https:\\\/\\\/www.immobilienbusiness.ch\\\/\",\"logo\":{\"@type\":\"ImageObject\",\"inLanguage\":\"it-IT\",\"@id\":\"https:\\\/\\\/www.immobilienbusiness.ch\\\/#\\\/schema\\\/logo\\\/image\\\/\",\"url\":\"https:\\\/\\\/www.immobilienbusiness.ch\\\/wp-content\\\/uploads\\\/2021\\\/07\\\/logo_ib.png\",\"contentUrl\":\"https:\\\/\\\/www.immobilienbusiness.ch\\\/wp-content\\\/uploads\\\/2021\\\/07\\\/logo_ib.png\",\"width\":800,\"height\":181,\"caption\":\"IMMOBILIEN Business\"},\"image\":{\"@id\":\"https:\\\/\\\/www.immobilienbusiness.ch\\\/#\\\/schema\\\/logo\\\/image\\\/\"},\"sameAs\":[\"https:\\\/\\\/www.facebook.com\\\/immobilienbusiness\\\/\"]},{\"@type\":\"Person\",\"@id\":\"https:\\\/\\\/www.immobilienbusiness.ch\\\/#\\\/schema\\\/person\\\/aa2bace6c5c5aad60102004a50c4eb1c\",\"name\":\"Redaktion\",\"image\":{\"@type\":\"ImageObject\",\"inLanguage\":\"it-IT\",\"@id\":\"https:\\\/\\\/secure.gravatar.com\\\/avatar\\\/ae2f4d718e6c49043e314ce431e7e645d646302a24a5ef5a8bc8e3f5a032e319?s=96&d=mm&r=g\",\"url\":\"https:\\\/\\\/secure.gravatar.com\\\/avatar\\\/ae2f4d718e6c49043e314ce431e7e645d646302a24a5ef5a8bc8e3f5a032e319?s=96&d=mm&r=g\",\"contentUrl\":\"https:\\\/\\\/secure.gravatar.com\\\/avatar\\\/ae2f4d718e6c49043e314ce431e7e645d646302a24a5ef5a8bc8e3f5a032e319?s=96&d=mm&r=g\",\"caption\":\"Redaktion\"},\"sameAs\":[\"http:\\\/\\\/develop.organisator.galledia.ch\"],\"url\":\"https:\\\/\\\/www.immobilienbusiness.ch\\\/it\\\/author\\\/admin\\\/\"}]}<\/script>\n<!-- \/ Yoast SEO plugin. -->","yoast_head_json":{"title":"Renens Entrepots: SBB entscheidet \u00fcber neues Quartier","description":"Die SBB plant ein grosses Projekt in Renens mit 200 Wohnungen, B\u00fcrofl\u00e4chen und Gewerbe. Investitionen von 150 Mio. CHF bis 2020 vorgesehen.","robots":{"index":"index","follow":"follow","max-snippet":"max-snippet:-1","max-image-preview":"max-image-preview:large","max-video-preview":"max-video-preview:-1"},"canonical":"https:\/\/www.immobilienbusiness.ch\/it\/buero\/2015-08-24\/sbb-entscheidet-ueber-renens-entrepots\/","og_locale":"it_IT","og_type":"article","og_title":"SBB entscheidet \u00fcber Renens-Entrep\u00f4ts","og_description":"Ferrari Architectes hat den Studienauftrag zur Entwicklung des SBB-CFF-Areals \u00abEntrep\u00f4ts\u00bb in Renens in der Agglomeration Lausanne West gewonnen. Das 300 Meter vom Bahnhof entfernt liegende, 15.000 qm grosse Areal wird derzeit noch Gewerbezwecke und als Lagerfl\u00e4che genutzt, doch bis 2020 will die SBB-CFF als Grundeigent\u00fcmerin dort ein neues Stadtquartier schaffen.","og_url":"https:\/\/www.immobilienbusiness.ch\/it\/buero\/2015-08-24\/sbb-entscheidet-ueber-renens-entrepots\/","og_site_name":"IMMOBILIEN Business","article_publisher":"https:\/\/www.facebook.com\/immobilienbusiness\/","article_published_time":"2015-08-24T07:19:02+00:00","author":"Redaktion","twitter_card":"summary_large_image","twitter_image":"https:\/\/www.immobilienbusiness.ch\/wp-content\/uploads\/2015\/08\/SBB-entscheidet-ueber-Renens-Entrepots-immobilien-business.jpg","schema":{"@context":"https:\/\/schema.org","@graph":[{"@type":"Article","@id":"https:\/\/www.immobilienbusiness.ch\/buero\/2015-08-24\/sbb-entscheidet-ueber-renens-entrepots\/#article","isPartOf":{"@id":"https:\/\/www.immobilienbusiness.ch\/buero\/2015-08-24\/sbb-entscheidet-ueber-renens-entrepots\/"},"author":{"name":"Redaktion","@id":"https:\/\/www.immobilienbusiness.ch\/#\/schema\/person\/aa2bace6c5c5aad60102004a50c4eb1c"},"headline":"SBB entscheidet \u00fcber Renens-Entrep\u00f4ts","datePublished":"2015-08-24T07:19:02+00:00","mainEntityOfPage":{"@id":"https:\/\/www.immobilienbusiness.ch\/buero\/2015-08-24\/sbb-entscheidet-ueber-renens-entrepots\/"},"wordCount":102,"commentCount":0,"publisher":{"@id":"https:\/\/www.immobilienbusiness.ch\/#organization"},"image":{"@id":"https:\/\/www.immobilienbusiness.ch\/buero\/2015-08-24\/sbb-entscheidet-ueber-renens-entrepots\/#primaryimage"},"thumbnailUrl":"https:\/\/www.immobilienbusiness.ch\/wp-content\/uploads\/2015\/08\/SBB-entscheidet-ueber-Renens-Entrepots-immobilien-business.jpg","keywords":["B\u00fcro","Lausanne","Residential","Retail","Wohnen"],"articleSection":["B\u00dcRO","RESIDENTIAL","RETAIL"],"inLanguage":"it-IT"},{"@type":"WebPage","@id":"https:\/\/www.immobilienbusiness.ch\/buero\/2015-08-24\/sbb-entscheidet-ueber-renens-entrepots\/","url":"https:\/\/www.immobilienbusiness.ch\/buero\/2015-08-24\/sbb-entscheidet-ueber-renens-entrepots\/","name":"Renens Entrepots: SBB entscheidet \u00fcber neues Quartier","isPartOf":{"@id":"https:\/\/www.immobilienbusiness.ch\/#website"},"primaryImageOfPage":{"@id":"https:\/\/www.immobilienbusiness.ch\/buero\/2015-08-24\/sbb-entscheidet-ueber-renens-entrepots\/#primaryimage"},"image":{"@id":"https:\/\/www.immobilienbusiness.ch\/buero\/2015-08-24\/sbb-entscheidet-ueber-renens-entrepots\/#primaryimage"},"thumbnailUrl":"https:\/\/www.immobilienbusiness.ch\/wp-content\/uploads\/2015\/08\/SBB-entscheidet-ueber-Renens-Entrepots-immobilien-business.jpg","datePublished":"2015-08-24T07:19:02+00:00","description":"Die SBB plant ein grosses Projekt in Renens mit 200 Wohnungen, B\u00fcrofl\u00e4chen und Gewerbe. Investitionen von 150 Mio. CHF bis 2020 vorgesehen.","breadcrumb":{"@id":"https:\/\/www.immobilienbusiness.ch\/buero\/2015-08-24\/sbb-entscheidet-ueber-renens-entrepots\/#breadcrumb"},"inLanguage":"it-IT","potentialAction":[{"@type":"ReadAction","target":["https:\/\/www.immobilienbusiness.ch\/buero\/2015-08-24\/sbb-entscheidet-ueber-renens-entrepots\/"]}]},{"@type":"ImageObject","inLanguage":"it-IT","@id":"https:\/\/www.immobilienbusiness.ch\/buero\/2015-08-24\/sbb-entscheidet-ueber-renens-entrepots\/#primaryimage","url":"https:\/\/www.immobilienbusiness.ch\/wp-content\/uploads\/2015\/08\/SBB-entscheidet-ueber-Renens-Entrepots-immobilien-business.jpg","contentUrl":"https:\/\/www.immobilienbusiness.ch\/wp-content\/uploads\/2015\/08\/SBB-entscheidet-ueber-Renens-Entrepots-immobilien-business.jpg","width":2560,"height":1440,"caption":"MEP CFF Entrepots Renens, Ferrari Architectes, Copyright: SBB"},{"@type":"BreadcrumbList","@id":"https:\/\/www.immobilienbusiness.ch\/buero\/2015-08-24\/sbb-entscheidet-ueber-renens-entrepots\/#breadcrumb","itemListElement":[{"@type":"ListItem","position":1,"name":"Home","item":"https:\/\/www.immobilienbusiness.ch\/"},{"@type":"ListItem","position":2,"name":"SBB entscheidet \u00fcber Renens-Entrep\u00f4ts"}]},{"@type":"WebSite","@id":"https:\/\/www.immobilienbusiness.ch\/#website","url":"https:\/\/www.immobilienbusiness.ch\/","name":"Affari immobiliari","description":"Rivista economica indipendente svizzera che si concentra sul settore immobiliare, l'architettura e la costruzione, nonch\u00e9 sugli investimenti e i finanziamenti.","publisher":{"@id":"https:\/\/www.immobilienbusiness.ch\/#organization"},"potentialAction":[{"@type":"SearchAction","target":{"@type":"EntryPoint","urlTemplate":"https:\/\/www.immobilienbusiness.ch\/?s={search_term_string}"},"query-input":{"@type":"PropertyValueSpecification","valueRequired":true,"valueName":"search_term_string"}}],"inLanguage":"it-IT"},{"@type":"Organization","@id":"https:\/\/www.immobilienbusiness.ch\/#organization","name":"Affari immobiliari","url":"https:\/\/www.immobilienbusiness.ch\/","logo":{"@type":"ImageObject","inLanguage":"it-IT","@id":"https:\/\/www.immobilienbusiness.ch\/#\/schema\/logo\/image\/","url":"https:\/\/www.immobilienbusiness.ch\/wp-content\/uploads\/2021\/07\/logo_ib.png","contentUrl":"https:\/\/www.immobilienbusiness.ch\/wp-content\/uploads\/2021\/07\/logo_ib.png","width":800,"height":181,"caption":"IMMOBILIEN Business"},"image":{"@id":"https:\/\/www.immobilienbusiness.ch\/#\/schema\/logo\/image\/"},"sameAs":["https:\/\/www.facebook.com\/immobilienbusiness\/"]},{"@type":"Person","@id":"https:\/\/www.immobilienbusiness.ch\/#\/schema\/person\/aa2bace6c5c5aad60102004a50c4eb1c","name":"Editoriale","image":{"@type":"ImageObject","inLanguage":"it-IT","@id":"https:\/\/secure.gravatar.com\/avatar\/ae2f4d718e6c49043e314ce431e7e645d646302a24a5ef5a8bc8e3f5a032e319?s=96&d=mm&r=g","url":"https:\/\/secure.gravatar.com\/avatar\/ae2f4d718e6c49043e314ce431e7e645d646302a24a5ef5a8bc8e3f5a032e319?s=96&d=mm&r=g","contentUrl":"https:\/\/secure.gravatar.com\/avatar\/ae2f4d718e6c49043e314ce431e7e645d646302a24a5ef5a8bc8e3f5a032e319?s=96&d=mm&r=g","caption":"Redaktion"},"sameAs":["http:\/\/develop.organisator.galledia.ch"],"url":"https:\/\/www.immobilienbusiness.ch\/it\/author\/admin\/"}]}},"_links":{"self":[{"href":"https:\/\/www.immobilienbusiness.ch\/it\/wp-json\/wp\/v2\/posts\/544","targetHints":{"allow":["GET"]}}],"collection":[{"href":"https:\/\/www.immobilienbusiness.ch\/it\/wp-json\/wp\/v2\/posts"}],"about":[{"href":"https:\/\/www.immobilienbusiness.ch\/it\/wp-json\/wp\/v2\/types\/post"}],"author":[{"embeddable":true,"href":"https:\/\/www.immobilienbusiness.ch\/it\/wp-json\/wp\/v2\/users\/1"}],"replies":[{"embeddable":true,"href":"https:\/\/www.immobilienbusiness.ch\/it\/wp-json\/wp\/v2\/comments?post=544"}],"version-history":[{"count":0,"href":"https:\/\/www.immobilienbusiness.ch\/it\/wp-json\/wp\/v2\/posts\/544\/revisions"}],"wp:featuredmedia":[{"embeddable":true,"href":"https:\/\/www.immobilienbusiness.ch\/it\/wp-json\/wp\/v2\/media\/4689"}],"wp:attachment":[{"href":"https:\/\/www.immobilienbusiness.ch\/it\/wp-json\/wp\/v2\/media?parent=544"}],"wp:term":[{"taxonomy":"category","embeddable":true,"href":"https:\/\/www.immobilienbusiness.ch\/it\/wp-json\/wp\/v2\/categories?post=544"},{"taxonomy":"post_tag","embeddable":true,"href":"https:\/\/www.immobilienbusiness.ch\/it\/wp-json\/wp\/v2\/tags?post=544"}],"curies":[{"name":"wp","href":"https:\/\/api.w.org\/{rel}","templated":true}]}}