{"id":54388,"date":"2023-11-15T06:00:58","date_gmt":"2023-11-15T05:00:58","guid":{"rendered":"https:\/\/www.immobilienbusiness.ch\/?p=54388"},"modified":"2023-11-15T18:19:42","modified_gmt":"2023-11-15T17:19:42","slug":"baden-weitere-flaeche-im-buerokomplex-konnex-vermietet","status":"publish","type":"post","link":"https:\/\/www.immobilienbusiness.ch\/it\/regionen\/2023-11-15\/baden-weitere-flaeche-im-buerokomplex-konnex-vermietet\/","title":{"rendered":"Baden: Affittati altri spazi nel complesso di uffici \"Konnex"},"content":{"rendered":"<figure id=\"attachment_54391\" aria-describedby=\"caption-attachment-54391\" style=\"width: 1280px\" class=\"wp-caption alignnone\"><a href=\"https:\/\/www.immobilienbusiness.ch\/wp-content\/uploads\/2023\/11\/Konnex.jpeg\"><img loading=\"lazy\" decoding=\"async\" class=\"size-full wp-image-54391\" src=\"https:\/\/www.immobilienbusiness.ch\/wp-content\/uploads\/2023\/11\/Konnex.jpeg\" alt=\"\" width=\"1280\" height=\"1066\" srcset=\"https:\/\/www.immobilienbusiness.ch\/wp-content\/uploads\/2023\/11\/Konnex.jpeg 1280w, https:\/\/www.immobilienbusiness.ch\/wp-content\/uploads\/2023\/11\/Konnex-300x250.jpeg 300w, https:\/\/www.immobilienbusiness.ch\/wp-content\/uploads\/2023\/11\/Konnex-1024x853.jpeg 1024w, https:\/\/www.immobilienbusiness.ch\/wp-content\/uploads\/2023\/11\/Konnex-768x640.jpeg 768w, https:\/\/www.immobilienbusiness.ch\/wp-content\/uploads\/2023\/11\/Konnex-14x12.jpeg 14w, https:\/\/www.immobilienbusiness.ch\/wp-content\/uploads\/2023\/11\/Konnex-360x300.jpeg 360w, https:\/\/www.immobilienbusiness.ch\/wp-content\/uploads\/2023\/11\/Konnex-420x350.jpeg 420w, https:\/\/www.immobilienbusiness.ch\/wp-content\/uploads\/2023\/11\/Konnex-961x800.jpeg 961w\" sizes=\"auto, (max-width: 1280px) 100vw, 1280px\" \/><\/a><figcaption id=\"caption-attachment-54391\" class=\"wp-caption-text\">Il \"Konnex\" a Baden (Immagine: zVg)<\/figcaption><\/figure>\n<p>La SPGI di Zurigo ha affittato un altro spazio per il proprietario nel complesso di uffici \"Konnex\" a Baden (AG). Secondo il consulente immobiliare, il gruppo elettrotecnico francese Schneider Electric occuper\u00e0 362 metri quadrati nell'edificio. Il concetto di sostenibilit\u00e0 dell'immobile per uffici \u00e8 stato un fattore decisivo nella decisione, scrive SPGI. \"Konnex\" ha ottenuto le certificazioni LEED Gold e Minergie, \u00e8 completamente a zero emissioni di CO2 grazie a un impianto fotovoltaico ed \u00e8 collegato alla rete di teleriscaldamento. Il contratto di locazione avvicina Schneider ai propri obiettivi di sostenibilit\u00e0. L'azienda si trasferir\u00e0 in uno spazio al 3\u00b0 piano dell'edificio longitudinale. L'allestimento dell'inquilino inizier\u00e0 all'inizio del 2024.<\/p>\n<p>Dopo la ristrutturazione totale, nel Konnex saranno disponibili circa 35.000 metri quadrati di spazi commerciali. Secondo SPGI, oltre 50% dello spazio sono attualmente affittati. Il mix di utenti \u00e8 attualmente composto da uffici, uffici serviti, conferenze, appartamenti serviti, un centro ambulatoriale, una scuola, un club di boxe e molto altro. <em>(aw)<\/em><\/p>","protected":false},"excerpt":{"rendered":"<p>Il gruppo tecnologico francese Schneider Electric ha affittato 362 metri quadrati nel \"Konnex\" di Baden, secondo la SPGI di Zurigo.<\/p>","protected":false},"author":102,"featured_media":54391,"comment_status":"closed","ping_status":"closed","sticky":false,"template":"","format":"standard","meta":{"_acf_changed":false,"_yoast_wpseo_focuskw":"Baden","_yoast_wpseo_title":"","_yoast_wpseo_metadesc":"Der franz\u00f6sische Technologiekonzern Schneider Electric steht als Mieter im \u00bb\u00abKonnex\u00bb in Baden fest, wie SPGI Zurich mitteilt.","_yoast_wpseo_linkdex":59,"pgc_sgb_lightbox_settings":"","footnotes":""},"categories":[985],"tags":[1956,1060,1118,2016,1832],"class_list":["post-54388","post","type-post","status-publish","format-standard","has-post-thumbnail","hentry","category-regionen","tag-ag","tag-baden","tag-buero","tag-spgi-zurich","tag-vermietung"],"acf":[],"yoast_head":"<!-- This site is optimized with the Yoast SEO plugin v27.5 - https:\/\/yoast.com\/product\/yoast-seo-wordpress\/ -->\n<title>Baden: Weitere Fl\u00e4che im B\u00fcrokomplex \u00abKonnex\u00bb vermietet - IMMOBILIEN Business<\/title>\n<meta name=\"description\" content=\"Der franz\u00f6sische Technologiekonzern Schneider Electric steht als Mieter im \u00bb\u00abKonnex\u00bb in Baden fest, wie SPGI Zurich mitteilt.\" \/>\n<meta name=\"robots\" content=\"index, follow, max-snippet:-1, max-image-preview:large, max-video-preview:-1\" \/>\n<link rel=\"canonical\" href=\"https:\/\/www.immobilienbusiness.ch\/it\/regionen\/2023-11-15\/baden-weitere-flaeche-im-buerokomplex-konnex-vermietet\/\" \/>\n<meta property=\"og:locale\" content=\"it_IT\" \/>\n<meta property=\"og:type\" content=\"article\" \/>\n<meta property=\"og:title\" content=\"Baden: Weitere Fl\u00e4che im B\u00fcrokomplex \u00abKonnex\u00bb vermietet - IMMOBILIEN Business\" \/>\n<meta property=\"og:description\" content=\"Der franz\u00f6sische Technologiekonzern Schneider Electric steht als Mieter im \u00bb\u00abKonnex\u00bb in Baden fest, wie SPGI Zurich mitteilt.\" \/>\n<meta property=\"og:url\" content=\"https:\/\/www.immobilienbusiness.ch\/it\/regionen\/2023-11-15\/baden-weitere-flaeche-im-buerokomplex-konnex-vermietet\/\" \/>\n<meta property=\"og:site_name\" content=\"IMMOBILIEN Business\" \/>\n<meta property=\"article:publisher\" content=\"https:\/\/www.facebook.com\/immobilienbusiness\/\" \/>\n<meta property=\"article:published_time\" content=\"2023-11-15T05:00:58+00:00\" \/>\n<meta property=\"article:modified_time\" content=\"2023-11-15T17:19:42+00:00\" \/>\n<meta property=\"og:image\" content=\"https:\/\/www.immobilienbusiness.ch\/wp-content\/uploads\/2023\/11\/Konnex.jpeg\" \/>\n\t<meta property=\"og:image:width\" content=\"1280\" \/>\n\t<meta property=\"og:image:height\" content=\"1066\" \/>\n\t<meta property=\"og:image:type\" content=\"image\/jpeg\" \/>\n<meta name=\"author\" content=\"Alexander Wachter\" \/>\n<meta name=\"twitter:card\" content=\"summary_large_image\" \/>\n<script type=\"application\/ld+json\" class=\"yoast-schema-graph\">{\"@context\":\"https:\\\/\\\/schema.org\",\"@graph\":[{\"@type\":\"Article\",\"@id\":\"https:\\\/\\\/www.immobilienbusiness.ch\\\/fr\\\/regionen\\\/2023-11-15\\\/baden-weitere-flaeche-im-buerokomplex-konnex-vermietet\\\/#article\",\"isPartOf\":{\"@id\":\"https:\\\/\\\/www.immobilienbusiness.ch\\\/fr\\\/regionen\\\/2023-11-15\\\/baden-weitere-flaeche-im-buerokomplex-konnex-vermietet\\\/\"},\"author\":{\"name\":\"Alexander Wachter\",\"@id\":\"https:\\\/\\\/www.immobilienbusiness.ch\\\/#\\\/schema\\\/person\\\/aba8bea2db926aa0c24c08c43fe1fcd5\"},\"headline\":\"Baden: Weitere Fl\u00e4che im B\u00fcrokomplex \u00abKonnex\u00bb vermietet\",\"datePublished\":\"2023-11-15T05:00:58+00:00\",\"dateModified\":\"2023-11-15T17:19:42+00:00\",\"mainEntityOfPage\":{\"@id\":\"https:\\\/\\\/www.immobilienbusiness.ch\\\/fr\\\/regionen\\\/2023-11-15\\\/baden-weitere-flaeche-im-buerokomplex-konnex-vermietet\\\/\"},\"wordCount\":175,\"publisher\":{\"@id\":\"https:\\\/\\\/www.immobilienbusiness.ch\\\/#organization\"},\"image\":{\"@id\":\"https:\\\/\\\/www.immobilienbusiness.ch\\\/fr\\\/regionen\\\/2023-11-15\\\/baden-weitere-flaeche-im-buerokomplex-konnex-vermietet\\\/#primaryimage\"},\"thumbnailUrl\":\"https:\\\/\\\/www.immobilienbusiness.ch\\\/wp-content\\\/uploads\\\/2023\\\/11\\\/Konnex.jpeg\",\"keywords\":[\"AG\",\"Baden\",\"B\u00fcro\",\"SPGI Zurich\",\"Vermietung\"],\"articleSection\":[\"REGIONEN\"],\"inLanguage\":\"it-IT\"},{\"@type\":\"WebPage\",\"@id\":\"https:\\\/\\\/www.immobilienbusiness.ch\\\/fr\\\/regionen\\\/2023-11-15\\\/baden-weitere-flaeche-im-buerokomplex-konnex-vermietet\\\/\",\"url\":\"https:\\\/\\\/www.immobilienbusiness.ch\\\/fr\\\/regionen\\\/2023-11-15\\\/baden-weitere-flaeche-im-buerokomplex-konnex-vermietet\\\/\",\"name\":\"Baden: Weitere Fl\u00e4che im B\u00fcrokomplex \u00abKonnex\u00bb vermietet - IMMOBILIEN Business\",\"isPartOf\":{\"@id\":\"https:\\\/\\\/www.immobilienbusiness.ch\\\/#website\"},\"primaryImageOfPage\":{\"@id\":\"https:\\\/\\\/www.immobilienbusiness.ch\\\/fr\\\/regionen\\\/2023-11-15\\\/baden-weitere-flaeche-im-buerokomplex-konnex-vermietet\\\/#primaryimage\"},\"image\":{\"@id\":\"https:\\\/\\\/www.immobilienbusiness.ch\\\/fr\\\/regionen\\\/2023-11-15\\\/baden-weitere-flaeche-im-buerokomplex-konnex-vermietet\\\/#primaryimage\"},\"thumbnailUrl\":\"https:\\\/\\\/www.immobilienbusiness.ch\\\/wp-content\\\/uploads\\\/2023\\\/11\\\/Konnex.jpeg\",\"datePublished\":\"2023-11-15T05:00:58+00:00\",\"dateModified\":\"2023-11-15T17:19:42+00:00\",\"description\":\"Der franz\u00f6sische Technologiekonzern Schneider Electric steht als Mieter im \u00bb\u00abKonnex\u00bb in Baden fest, wie SPGI Zurich mitteilt.\",\"breadcrumb\":{\"@id\":\"https:\\\/\\\/www.immobilienbusiness.ch\\\/fr\\\/regionen\\\/2023-11-15\\\/baden-weitere-flaeche-im-buerokomplex-konnex-vermietet\\\/#breadcrumb\"},\"inLanguage\":\"it-IT\",\"potentialAction\":[{\"@type\":\"ReadAction\",\"target\":[\"https:\\\/\\\/www.immobilienbusiness.ch\\\/fr\\\/regionen\\\/2023-11-15\\\/baden-weitere-flaeche-im-buerokomplex-konnex-vermietet\\\/\"]}]},{\"@type\":\"ImageObject\",\"inLanguage\":\"it-IT\",\"@id\":\"https:\\\/\\\/www.immobilienbusiness.ch\\\/fr\\\/regionen\\\/2023-11-15\\\/baden-weitere-flaeche-im-buerokomplex-konnex-vermietet\\\/#primaryimage\",\"url\":\"https:\\\/\\\/www.immobilienbusiness.ch\\\/wp-content\\\/uploads\\\/2023\\\/11\\\/Konnex.jpeg\",\"contentUrl\":\"https:\\\/\\\/www.immobilienbusiness.ch\\\/wp-content\\\/uploads\\\/2023\\\/11\\\/Konnex.jpeg\",\"width\":1280,\"height\":1066,\"caption\":\"Das \u00abKonnex\u00bb in Baden (Bild: zVg)\"},{\"@type\":\"BreadcrumbList\",\"@id\":\"https:\\\/\\\/www.immobilienbusiness.ch\\\/fr\\\/regionen\\\/2023-11-15\\\/baden-weitere-flaeche-im-buerokomplex-konnex-vermietet\\\/#breadcrumb\",\"itemListElement\":[{\"@type\":\"ListItem\",\"position\":1,\"name\":\"Home\",\"item\":\"https:\\\/\\\/www.immobilienbusiness.ch\\\/\"},{\"@type\":\"ListItem\",\"position\":2,\"name\":\"Baden: Weitere Fl\u00e4che im B\u00fcrokomplex \u00abKonnex\u00bb vermietet\"}]},{\"@type\":\"WebSite\",\"@id\":\"https:\\\/\\\/www.immobilienbusiness.ch\\\/#website\",\"url\":\"https:\\\/\\\/www.immobilienbusiness.ch\\\/\",\"name\":\"IMMOBILIEN Business\",\"description\":\"Unabh\u00e4ngiges Schweizer Wirtschaftsmagazin mit Fokus auf Immobilien, Architektur- und Bau sowie Investment- und Finanzierung.\",\"publisher\":{\"@id\":\"https:\\\/\\\/www.immobilienbusiness.ch\\\/#organization\"},\"potentialAction\":[{\"@type\":\"SearchAction\",\"target\":{\"@type\":\"EntryPoint\",\"urlTemplate\":\"https:\\\/\\\/www.immobilienbusiness.ch\\\/?s={search_term_string}\"},\"query-input\":{\"@type\":\"PropertyValueSpecification\",\"valueRequired\":true,\"valueName\":\"search_term_string\"}}],\"inLanguage\":\"it-IT\"},{\"@type\":\"Organization\",\"@id\":\"https:\\\/\\\/www.immobilienbusiness.ch\\\/#organization\",\"name\":\"IMMOBILIEN Business\",\"url\":\"https:\\\/\\\/www.immobilienbusiness.ch\\\/\",\"logo\":{\"@type\":\"ImageObject\",\"inLanguage\":\"it-IT\",\"@id\":\"https:\\\/\\\/www.immobilienbusiness.ch\\\/#\\\/schema\\\/logo\\\/image\\\/\",\"url\":\"https:\\\/\\\/www.immobilienbusiness.ch\\\/wp-content\\\/uploads\\\/2021\\\/07\\\/logo_ib.png\",\"contentUrl\":\"https:\\\/\\\/www.immobilienbusiness.ch\\\/wp-content\\\/uploads\\\/2021\\\/07\\\/logo_ib.png\",\"width\":800,\"height\":181,\"caption\":\"IMMOBILIEN Business\"},\"image\":{\"@id\":\"https:\\\/\\\/www.immobilienbusiness.ch\\\/#\\\/schema\\\/logo\\\/image\\\/\"},\"sameAs\":[\"https:\\\/\\\/www.facebook.com\\\/immobilienbusiness\\\/\"]},{\"@type\":\"Person\",\"@id\":\"https:\\\/\\\/www.immobilienbusiness.ch\\\/#\\\/schema\\\/person\\\/aba8bea2db926aa0c24c08c43fe1fcd5\",\"name\":\"Alexander Wachter\",\"image\":{\"@type\":\"ImageObject\",\"inLanguage\":\"it-IT\",\"@id\":\"https:\\\/\\\/secure.gravatar.com\\\/avatar\\\/1a09e471f5389b0e0a6416eac287e0927c7c97a7b77f9e787eba3af7aee281dd?s=96&d=mm&r=g\",\"url\":\"https:\\\/\\\/secure.gravatar.com\\\/avatar\\\/1a09e471f5389b0e0a6416eac287e0927c7c97a7b77f9e787eba3af7aee281dd?s=96&d=mm&r=g\",\"contentUrl\":\"https:\\\/\\\/secure.gravatar.com\\\/avatar\\\/1a09e471f5389b0e0a6416eac287e0927c7c97a7b77f9e787eba3af7aee281dd?s=96&d=mm&r=g\",\"caption\":\"Alexander Wachter\"},\"url\":\"https:\\\/\\\/www.immobilienbusiness.ch\\\/it\\\/author\\\/alexander-wachter\\\/\"}]}<\/script>\n<!-- \/ Yoast SEO plugin. -->","yoast_head_json":{"title":"Baden: Affittati altri spazi nel complesso di uffici \u00abKonnex\u00bb - IMMOBILIEN Business","description":"Secondo la SPGI di Zurigo, il gruppo tecnologico francese Schneider Electric \u00e8 stato confermato come inquilino del \u00bbKonnex\u00ab di Baden.","robots":{"index":"index","follow":"follow","max-snippet":"max-snippet:-1","max-image-preview":"max-image-preview:large","max-video-preview":"max-video-preview:-1"},"canonical":"https:\/\/www.immobilienbusiness.ch\/it\/regionen\/2023-11-15\/baden-weitere-flaeche-im-buerokomplex-konnex-vermietet\/","og_locale":"it_IT","og_type":"article","og_title":"Baden: Weitere Fl\u00e4che im B\u00fcrokomplex \u00abKonnex\u00bb vermietet - IMMOBILIEN Business","og_description":"Der franz\u00f6sische Technologiekonzern Schneider Electric steht als Mieter im \u00bb\u00abKonnex\u00bb in Baden fest, wie SPGI Zurich mitteilt.","og_url":"https:\/\/www.immobilienbusiness.ch\/it\/regionen\/2023-11-15\/baden-weitere-flaeche-im-buerokomplex-konnex-vermietet\/","og_site_name":"IMMOBILIEN Business","article_publisher":"https:\/\/www.facebook.com\/immobilienbusiness\/","article_published_time":"2023-11-15T05:00:58+00:00","article_modified_time":"2023-11-15T17:19:42+00:00","og_image":[{"width":1280,"height":1066,"url":"https:\/\/www.immobilienbusiness.ch\/wp-content\/uploads\/2023\/11\/Konnex.jpeg","type":"image\/jpeg"}],"author":"Alexander Wachter","twitter_card":"summary_large_image","schema":{"@context":"https:\/\/schema.org","@graph":[{"@type":"Article","@id":"https:\/\/www.immobilienbusiness.ch\/fr\/regionen\/2023-11-15\/baden-weitere-flaeche-im-buerokomplex-konnex-vermietet\/#article","isPartOf":{"@id":"https:\/\/www.immobilienbusiness.ch\/fr\/regionen\/2023-11-15\/baden-weitere-flaeche-im-buerokomplex-konnex-vermietet\/"},"author":{"name":"Alexander Wachter","@id":"https:\/\/www.immobilienbusiness.ch\/#\/schema\/person\/aba8bea2db926aa0c24c08c43fe1fcd5"},"headline":"Baden: Weitere Fl\u00e4che im B\u00fcrokomplex \u00abKonnex\u00bb vermietet","datePublished":"2023-11-15T05:00:58+00:00","dateModified":"2023-11-15T17:19:42+00:00","mainEntityOfPage":{"@id":"https:\/\/www.immobilienbusiness.ch\/fr\/regionen\/2023-11-15\/baden-weitere-flaeche-im-buerokomplex-konnex-vermietet\/"},"wordCount":175,"publisher":{"@id":"https:\/\/www.immobilienbusiness.ch\/#organization"},"image":{"@id":"https:\/\/www.immobilienbusiness.ch\/fr\/regionen\/2023-11-15\/baden-weitere-flaeche-im-buerokomplex-konnex-vermietet\/#primaryimage"},"thumbnailUrl":"https:\/\/www.immobilienbusiness.ch\/wp-content\/uploads\/2023\/11\/Konnex.jpeg","keywords":["AG","Baden","B\u00fcro","SPGI Zurich","Vermietung"],"articleSection":["REGIONEN"],"inLanguage":"it-IT"},{"@type":"WebPage","@id":"https:\/\/www.immobilienbusiness.ch\/fr\/regionen\/2023-11-15\/baden-weitere-flaeche-im-buerokomplex-konnex-vermietet\/","url":"https:\/\/www.immobilienbusiness.ch\/fr\/regionen\/2023-11-15\/baden-weitere-flaeche-im-buerokomplex-konnex-vermietet\/","name":"Baden: Affittati altri spazi nel complesso di uffici \u00abKonnex\u00bb - IMMOBILIEN Business","isPartOf":{"@id":"https:\/\/www.immobilienbusiness.ch\/#website"},"primaryImageOfPage":{"@id":"https:\/\/www.immobilienbusiness.ch\/fr\/regionen\/2023-11-15\/baden-weitere-flaeche-im-buerokomplex-konnex-vermietet\/#primaryimage"},"image":{"@id":"https:\/\/www.immobilienbusiness.ch\/fr\/regionen\/2023-11-15\/baden-weitere-flaeche-im-buerokomplex-konnex-vermietet\/#primaryimage"},"thumbnailUrl":"https:\/\/www.immobilienbusiness.ch\/wp-content\/uploads\/2023\/11\/Konnex.jpeg","datePublished":"2023-11-15T05:00:58+00:00","dateModified":"2023-11-15T17:19:42+00:00","description":"Secondo la SPGI di Zurigo, il gruppo tecnologico francese Schneider Electric \u00e8 stato confermato come inquilino del \u00bbKonnex\u00ab di Baden.","breadcrumb":{"@id":"https:\/\/www.immobilienbusiness.ch\/fr\/regionen\/2023-11-15\/baden-weitere-flaeche-im-buerokomplex-konnex-vermietet\/#breadcrumb"},"inLanguage":"it-IT","potentialAction":[{"@type":"ReadAction","target":["https:\/\/www.immobilienbusiness.ch\/fr\/regionen\/2023-11-15\/baden-weitere-flaeche-im-buerokomplex-konnex-vermietet\/"]}]},{"@type":"ImageObject","inLanguage":"it-IT","@id":"https:\/\/www.immobilienbusiness.ch\/fr\/regionen\/2023-11-15\/baden-weitere-flaeche-im-buerokomplex-konnex-vermietet\/#primaryimage","url":"https:\/\/www.immobilienbusiness.ch\/wp-content\/uploads\/2023\/11\/Konnex.jpeg","contentUrl":"https:\/\/www.immobilienbusiness.ch\/wp-content\/uploads\/2023\/11\/Konnex.jpeg","width":1280,"height":1066,"caption":"Das \u00abKonnex\u00bb in Baden (Bild: zVg)"},{"@type":"BreadcrumbList","@id":"https:\/\/www.immobilienbusiness.ch\/fr\/regionen\/2023-11-15\/baden-weitere-flaeche-im-buerokomplex-konnex-vermietet\/#breadcrumb","itemListElement":[{"@type":"ListItem","position":1,"name":"Home","item":"https:\/\/www.immobilienbusiness.ch\/"},{"@type":"ListItem","position":2,"name":"Baden: Weitere Fl\u00e4che im B\u00fcrokomplex \u00abKonnex\u00bb vermietet"}]},{"@type":"WebSite","@id":"https:\/\/www.immobilienbusiness.ch\/#website","url":"https:\/\/www.immobilienbusiness.ch\/","name":"Affari immobiliari","description":"Rivista economica indipendente svizzera che si concentra sul settore immobiliare, l'architettura e la costruzione, nonch\u00e9 sugli investimenti e i finanziamenti.","publisher":{"@id":"https:\/\/www.immobilienbusiness.ch\/#organization"},"potentialAction":[{"@type":"SearchAction","target":{"@type":"EntryPoint","urlTemplate":"https:\/\/www.immobilienbusiness.ch\/?s={search_term_string}"},"query-input":{"@type":"PropertyValueSpecification","valueRequired":true,"valueName":"search_term_string"}}],"inLanguage":"it-IT"},{"@type":"Organization","@id":"https:\/\/www.immobilienbusiness.ch\/#organization","name":"Affari immobiliari","url":"https:\/\/www.immobilienbusiness.ch\/","logo":{"@type":"ImageObject","inLanguage":"it-IT","@id":"https:\/\/www.immobilienbusiness.ch\/#\/schema\/logo\/image\/","url":"https:\/\/www.immobilienbusiness.ch\/wp-content\/uploads\/2021\/07\/logo_ib.png","contentUrl":"https:\/\/www.immobilienbusiness.ch\/wp-content\/uploads\/2021\/07\/logo_ib.png","width":800,"height":181,"caption":"IMMOBILIEN Business"},"image":{"@id":"https:\/\/www.immobilienbusiness.ch\/#\/schema\/logo\/image\/"},"sameAs":["https:\/\/www.facebook.com\/immobilienbusiness\/"]},{"@type":"Person","@id":"https:\/\/www.immobilienbusiness.ch\/#\/schema\/person\/aba8bea2db926aa0c24c08c43fe1fcd5","name":"Alexander Wachter","image":{"@type":"ImageObject","inLanguage":"it-IT","@id":"https:\/\/secure.gravatar.com\/avatar\/1a09e471f5389b0e0a6416eac287e0927c7c97a7b77f9e787eba3af7aee281dd?s=96&d=mm&r=g","url":"https:\/\/secure.gravatar.com\/avatar\/1a09e471f5389b0e0a6416eac287e0927c7c97a7b77f9e787eba3af7aee281dd?s=96&d=mm&r=g","contentUrl":"https:\/\/secure.gravatar.com\/avatar\/1a09e471f5389b0e0a6416eac287e0927c7c97a7b77f9e787eba3af7aee281dd?s=96&d=mm&r=g","caption":"Alexander Wachter"},"url":"https:\/\/www.immobilienbusiness.ch\/it\/author\/alexander-wachter\/"}]}},"_links":{"self":[{"href":"https:\/\/www.immobilienbusiness.ch\/it\/wp-json\/wp\/v2\/posts\/54388","targetHints":{"allow":["GET"]}}],"collection":[{"href":"https:\/\/www.immobilienbusiness.ch\/it\/wp-json\/wp\/v2\/posts"}],"about":[{"href":"https:\/\/www.immobilienbusiness.ch\/it\/wp-json\/wp\/v2\/types\/post"}],"author":[{"embeddable":true,"href":"https:\/\/www.immobilienbusiness.ch\/it\/wp-json\/wp\/v2\/users\/102"}],"replies":[{"embeddable":true,"href":"https:\/\/www.immobilienbusiness.ch\/it\/wp-json\/wp\/v2\/comments?post=54388"}],"version-history":[{"count":5,"href":"https:\/\/www.immobilienbusiness.ch\/it\/wp-json\/wp\/v2\/posts\/54388\/revisions"}],"predecessor-version":[{"id":54439,"href":"https:\/\/www.immobilienbusiness.ch\/it\/wp-json\/wp\/v2\/posts\/54388\/revisions\/54439"}],"wp:featuredmedia":[{"embeddable":true,"href":"https:\/\/www.immobilienbusiness.ch\/it\/wp-json\/wp\/v2\/media\/54391"}],"wp:attachment":[{"href":"https:\/\/www.immobilienbusiness.ch\/it\/wp-json\/wp\/v2\/media?parent=54388"}],"wp:term":[{"taxonomy":"category","embeddable":true,"href":"https:\/\/www.immobilienbusiness.ch\/it\/wp-json\/wp\/v2\/categories?post=54388"},{"taxonomy":"post_tag","embeddable":true,"href":"https:\/\/www.immobilienbusiness.ch\/it\/wp-json\/wp\/v2\/tags?post=54388"}],"curies":[{"name":"wp","href":"https:\/\/api.w.org\/{rel}","templated":true}]}}