{"id":53628,"date":"2023-10-04T07:29:39","date_gmt":"2023-10-04T05:29:39","guid":{"rendered":"https:\/\/www.immobilienbusiness.ch\/?p=53628"},"modified":"2023-10-03T23:12:20","modified_gmt":"2023-10-03T21:12:20","slug":"egnach-stiftung-abendrot-kauft-auch-die-alte-mosterei","status":"publish","type":"post","link":"https:\/\/www.immobilienbusiness.ch\/it\/regionen\/2023-10-04\/egnach-stiftung-abendrot-kauft-auch-die-alte-mosterei\/","title":{"rendered":"Egnach: anche la Fondazione Abendrot acquista la \"Alte Mosterei\"."},"content":{"rendered":"<figure id=\"attachment_53630\" aria-describedby=\"caption-attachment-53630\" style=\"width: 432px\" class=\"wp-caption alignnone\"><a href=\"https:\/\/www.immobilienbusiness.ch\/wp-content\/uploads\/2023\/09\/Alte-Mosterei.png\"><img loading=\"lazy\" decoding=\"async\" class=\"size-full wp-image-53630\" src=\"https:\/\/www.immobilienbusiness.ch\/wp-content\/uploads\/2023\/09\/Alte-Mosterei.png\" alt=\"\" width=\"432\" height=\"187\" srcset=\"https:\/\/www.immobilienbusiness.ch\/wp-content\/uploads\/2023\/09\/Alte-Mosterei.png 432w, https:\/\/www.immobilienbusiness.ch\/wp-content\/uploads\/2023\/09\/Alte-Mosterei-300x130.png 300w, https:\/\/www.immobilienbusiness.ch\/wp-content\/uploads\/2023\/09\/Alte-Mosterei-18x8.png 18w, https:\/\/www.immobilienbusiness.ch\/wp-content\/uploads\/2023\/09\/Alte-Mosterei-375x162.png 375w\" sizes=\"auto, (max-width: 432px) 100vw, 432px\" \/><\/a><figcaption id=\"caption-attachment-53630\" class=\"wp-caption-text\">La \"Alte Mosterei\" (foto: Fondazione Abendroth)<\/figcaption><\/figure>\n<p>Sulla \"Mosterei-Areal\" di Egnach (TG), sul Lago di Costanza, la Fondazione Abendroth ha acquisito l'edificio dell'ex sidreria in aggiunta ai suoi precedenti investimenti. Il progetto prevede la conversione del complesso storico in case a schiera e appartamenti. Il piano terra sar\u00e0 adibito a ristorante.<\/p>\n<p>Dal 2022, la fondazione lavora con Mettler2Invest per sviluppare l'ex sito di un'azienda di succhi di frutta a Egnach. Intorno a una nuova piazza del villaggio, verranno costruiti 161 nuovi appartamenti in affitto e in propriet\u00e0, 17 appartamenti per anziani, 52 camere di cura, oltre a spazi per la ristorazione, uffici e spazi commerciali, aree verdi comuni, strutture circostanti e un parcheggio. L'investimento della Fondazione Abendrot ha finora incluso la locanda Sternen esistente, un edificio commerciale e tre dei sei nuovi edifici.<\/p>\n<h3>Case a schiera nell'edificio industriale<\/h3>\n<p>L'Alte Mosterei, ora acquisita, costruita nel 1902, \u00e8 stata ampliata nel 1917 e dotata di un'estensione a due piani. L'aspetto esterno e una piccola mensa rivestita in legno al primo piano sono edifici classificati. L'ex edificio industriale \u00e8 sfitto da diversi anni. Nella parte meridionale sono in costruzione cinque villette a schiera, ognuna con un'area salotto all'aperto, una cantina e un posto auto nel seminterrato. Le case a schiera saranno costruite in quella che dall'esterno sembra essere una parte dell'edificio a due piani, che un tempo serviva come sala aperta per serbatoi alti fino a dieci metri.<\/p>\n<p>Nella parte settentrionale dell'edificio sono previsti sei appartamenti duplex e cinque appartamenti multipiano. Agli appartamenti si accede attraverso un porticato aperto a est, che \u00e8 anche a disposizione dei residenti come area balcone. Lo spazio della mensa, che \u00e8 stato classificato come spazio mensa, sar\u00e0 integrato in uno degli appartamenti come una spaziosa cucina-soggiorno. Sono in corso discussioni con un ristoratore locale per l'utilizzo del piano terra dell'Alte Mosterei.<\/p>\n<p>Nel nuovo edificio, la Casa 1, proprio di fronte alla stazione ferroviaria di Egnach, la fondazione sta costruendo un totale di 25 appartamenti di diverse dimensioni con balcone. Il sito della Mosterei sar\u00e0 realizzato in due fasi. L'Alte Mosterei e la Casa 1 fanno parte della prima fase a ovest della Bahnhofstrasse, che dovrebbe essere pronta per essere occupata entro l'estate del 2025. L'inizio delle locazioni \u00e8 previsto per il 2024. La seconda fase di costruzione dovrebbe essere completata entro la primavera del 2026.<\/p>\n<h3>Associazione di colonizzazione per giocare sull'area comune<\/h3>\n<p>Come elemento di vita semi-comunitaria, insieme ai nuovi residenti del quartiere viene fondata un'associazione immobiliare che pu\u00f2 gestire alcuni locali e aree. Inizialmente si tratta di una sala comune, di una camera per gli ospiti con angolo cottura e bagno e di diversi giardini per i residenti. I nuovi edifici sono stati progettati insieme agli architetti Baumschlager Eberle. Mettler2Invest \u00e8 responsabile della realizzazione dei nuovi edifici e dell'intera area circostante in qualit\u00e0 di appaltatore totale. Lo studio di architettura B\u00e4nziger Lutze di Berneck \u00e8 stato incaricato dell'ulteriore progettazione dell'Alte Mosterei e del Gasthof Sternen. Il prossimo traguardo \u00e8 l'inizio dei lavori di costruzione nell'ottobre 2023. <em>(aw)<\/em><\/p>","protected":false},"excerpt":{"rendered":"<p>Il progetto che la Fondazione Abendrot sta realizzando insieme a Mettler2Invest a Egnach (TG) \u00e8 cresciuto ancora. La fondazione \u00e8 ora proprietaria anche dello storico edificio esistente sul sito della \"Alte Mosterei\".<\/p>","protected":false},"author":102,"featured_media":53630,"comment_status":"closed","ping_status":"closed","sticky":false,"template":"","format":"standard","meta":{"_acf_changed":false,"_yoast_wpseo_focuskw":"Egnach","_yoast_wpseo_title":"","_yoast_wpseo_metadesc":"Das Projekt, das die Stiftung Abendrot gemeinsam mit Mettler2Invest in Egnach (TG) realisiert, ist noch einmal etwas gewachsen. Auf dem Areal der \u00abAlten Mosterei\u00bb geh\u00f6rt der Stiftung nun auch das historische Bestandesgeb\u00e4ude.","_yoast_wpseo_linkdex":64,"pgc_sgb_lightbox_settings":"","footnotes":""},"categories":[985],"tags":[3279,3278,2440,1185,1486,1492,1600,1643,2063,1997,1830],"class_list":["post-53628","post","type-post","status-publish","format-standard","has-post-thumbnail","hentry","category-regionen","tag-baenziger-lutze","tag-baumschlager-eberle","tag-egnach","tag-eigentumswohnungen","tag-mettler2invest","tag-mietwohnungen","tag-projekt-in-planung","tag-retail","tag-stiftung-abendrot","tag-tg","tag-verkauf"],"acf":[],"yoast_head":"<!-- This site is optimized with the Yoast SEO plugin v27.4 - https:\/\/yoast.com\/product\/yoast-seo-wordpress\/ -->\n<title>Egnach: Stiftung Abendrot kauft auch die \u00abAlte Mosterei\u00bb - IMMOBILIEN Business<\/title>\n<meta name=\"description\" content=\"Das Projekt, das die Stiftung Abendrot gemeinsam mit Mettler2Invest in Egnach (TG) realisiert, ist noch einmal etwas gewachsen. Auf dem Areal der \u00abAlten Mosterei\u00bb geh\u00f6rt der Stiftung nun auch das historische Bestandesgeb\u00e4ude.\" \/>\n<meta name=\"robots\" content=\"index, follow, max-snippet:-1, max-image-preview:large, max-video-preview:-1\" \/>\n<link rel=\"canonical\" href=\"https:\/\/www.immobilienbusiness.ch\/it\/regionen\/2023-10-04\/egnach-stiftung-abendrot-kauft-auch-die-alte-mosterei\/\" \/>\n<meta property=\"og:locale\" content=\"it_IT\" \/>\n<meta property=\"og:type\" content=\"article\" \/>\n<meta property=\"og:title\" content=\"Egnach: Stiftung Abendrot kauft auch die \u00abAlte Mosterei\u00bb - IMMOBILIEN Business\" \/>\n<meta property=\"og:description\" content=\"Das Projekt, das die Stiftung Abendrot gemeinsam mit Mettler2Invest in Egnach (TG) realisiert, ist noch einmal etwas gewachsen. Auf dem Areal der \u00abAlten Mosterei\u00bb geh\u00f6rt der Stiftung nun auch das historische Bestandesgeb\u00e4ude.\" \/>\n<meta property=\"og:url\" content=\"https:\/\/www.immobilienbusiness.ch\/it\/regionen\/2023-10-04\/egnach-stiftung-abendrot-kauft-auch-die-alte-mosterei\/\" \/>\n<meta property=\"og:site_name\" content=\"IMMOBILIEN Business\" \/>\n<meta property=\"article:publisher\" content=\"https:\/\/www.facebook.com\/immobilienbusiness\/\" \/>\n<meta property=\"article:published_time\" content=\"2023-10-04T05:29:39+00:00\" \/>\n<meta property=\"og:image\" content=\"https:\/\/www.immobilienbusiness.ch\/wp-content\/uploads\/2023\/09\/Alte-Mosterei.png\" \/>\n\t<meta property=\"og:image:width\" content=\"432\" \/>\n\t<meta property=\"og:image:height\" content=\"187\" \/>\n\t<meta property=\"og:image:type\" content=\"image\/png\" \/>\n<meta name=\"author\" content=\"Alexander Wachter\" \/>\n<meta name=\"twitter:card\" content=\"summary_large_image\" \/>\n<script type=\"application\/ld+json\" class=\"yoast-schema-graph\">{\"@context\":\"https:\\\/\\\/schema.org\",\"@graph\":[{\"@type\":\"Article\",\"@id\":\"https:\\\/\\\/www.immobilienbusiness.ch\\\/en\\\/regionen\\\/2023-10-04\\\/egnach-stiftung-abendrot-kauft-auch-die-alte-mosterei\\\/#article\",\"isPartOf\":{\"@id\":\"https:\\\/\\\/www.immobilienbusiness.ch\\\/en\\\/regionen\\\/2023-10-04\\\/egnach-stiftung-abendrot-kauft-auch-die-alte-mosterei\\\/\"},\"author\":{\"name\":\"Alexander Wachter\",\"@id\":\"https:\\\/\\\/www.immobilienbusiness.ch\\\/#\\\/schema\\\/person\\\/aba8bea2db926aa0c24c08c43fe1fcd5\"},\"headline\":\"Egnach: Stiftung Abendrot kauft auch die \u00abAlte Mosterei\u00bb\",\"datePublished\":\"2023-10-04T05:29:39+00:00\",\"mainEntityOfPage\":{\"@id\":\"https:\\\/\\\/www.immobilienbusiness.ch\\\/en\\\/regionen\\\/2023-10-04\\\/egnach-stiftung-abendrot-kauft-auch-die-alte-mosterei\\\/\"},\"wordCount\":450,\"publisher\":{\"@id\":\"https:\\\/\\\/www.immobilienbusiness.ch\\\/#organization\"},\"image\":{\"@id\":\"https:\\\/\\\/www.immobilienbusiness.ch\\\/en\\\/regionen\\\/2023-10-04\\\/egnach-stiftung-abendrot-kauft-auch-die-alte-mosterei\\\/#primaryimage\"},\"thumbnailUrl\":\"https:\\\/\\\/www.immobilienbusiness.ch\\\/wp-content\\\/uploads\\\/2023\\\/09\\\/Alte-Mosterei.png\",\"keywords\":[\"B\u00e4nziger Lutze\",\"Baumschlager Eberle\",\"Egnach\",\"Eigentumswohnungen\",\"Mettler2Invest\",\"Mietwohnungen\",\"Projekt in Planung\",\"Retail\",\"Stiftung Abendrot\",\"TG\",\"Verkauf\"],\"articleSection\":[\"REGIONEN\"],\"inLanguage\":\"it-IT\"},{\"@type\":\"WebPage\",\"@id\":\"https:\\\/\\\/www.immobilienbusiness.ch\\\/en\\\/regionen\\\/2023-10-04\\\/egnach-stiftung-abendrot-kauft-auch-die-alte-mosterei\\\/\",\"url\":\"https:\\\/\\\/www.immobilienbusiness.ch\\\/en\\\/regionen\\\/2023-10-04\\\/egnach-stiftung-abendrot-kauft-auch-die-alte-mosterei\\\/\",\"name\":\"Egnach: Stiftung Abendrot kauft auch die \u00abAlte Mosterei\u00bb - IMMOBILIEN Business\",\"isPartOf\":{\"@id\":\"https:\\\/\\\/www.immobilienbusiness.ch\\\/#website\"},\"primaryImageOfPage\":{\"@id\":\"https:\\\/\\\/www.immobilienbusiness.ch\\\/en\\\/regionen\\\/2023-10-04\\\/egnach-stiftung-abendrot-kauft-auch-die-alte-mosterei\\\/#primaryimage\"},\"image\":{\"@id\":\"https:\\\/\\\/www.immobilienbusiness.ch\\\/en\\\/regionen\\\/2023-10-04\\\/egnach-stiftung-abendrot-kauft-auch-die-alte-mosterei\\\/#primaryimage\"},\"thumbnailUrl\":\"https:\\\/\\\/www.immobilienbusiness.ch\\\/wp-content\\\/uploads\\\/2023\\\/09\\\/Alte-Mosterei.png\",\"datePublished\":\"2023-10-04T05:29:39+00:00\",\"description\":\"Das Projekt, das die Stiftung Abendrot gemeinsam mit Mettler2Invest in Egnach (TG) realisiert, ist noch einmal etwas gewachsen. Auf dem Areal der \u00abAlten Mosterei\u00bb geh\u00f6rt der Stiftung nun auch das historische Bestandesgeb\u00e4ude.\",\"breadcrumb\":{\"@id\":\"https:\\\/\\\/www.immobilienbusiness.ch\\\/en\\\/regionen\\\/2023-10-04\\\/egnach-stiftung-abendrot-kauft-auch-die-alte-mosterei\\\/#breadcrumb\"},\"inLanguage\":\"it-IT\",\"potentialAction\":[{\"@type\":\"ReadAction\",\"target\":[\"https:\\\/\\\/www.immobilienbusiness.ch\\\/en\\\/regionen\\\/2023-10-04\\\/egnach-stiftung-abendrot-kauft-auch-die-alte-mosterei\\\/\"]}]},{\"@type\":\"ImageObject\",\"inLanguage\":\"it-IT\",\"@id\":\"https:\\\/\\\/www.immobilienbusiness.ch\\\/en\\\/regionen\\\/2023-10-04\\\/egnach-stiftung-abendrot-kauft-auch-die-alte-mosterei\\\/#primaryimage\",\"url\":\"https:\\\/\\\/www.immobilienbusiness.ch\\\/wp-content\\\/uploads\\\/2023\\\/09\\\/Alte-Mosterei.png\",\"contentUrl\":\"https:\\\/\\\/www.immobilienbusiness.ch\\\/wp-content\\\/uploads\\\/2023\\\/09\\\/Alte-Mosterei.png\",\"width\":432,\"height\":187,\"caption\":\"Die \u00abAlte Mosterei\u00bb (Bild: Stiftung Abendroth)\"},{\"@type\":\"BreadcrumbList\",\"@id\":\"https:\\\/\\\/www.immobilienbusiness.ch\\\/en\\\/regionen\\\/2023-10-04\\\/egnach-stiftung-abendrot-kauft-auch-die-alte-mosterei\\\/#breadcrumb\",\"itemListElement\":[{\"@type\":\"ListItem\",\"position\":1,\"name\":\"Home\",\"item\":\"https:\\\/\\\/www.immobilienbusiness.ch\\\/\"},{\"@type\":\"ListItem\",\"position\":2,\"name\":\"Egnach: Stiftung Abendrot kauft auch die \u00abAlte Mosterei\u00bb\"}]},{\"@type\":\"WebSite\",\"@id\":\"https:\\\/\\\/www.immobilienbusiness.ch\\\/#website\",\"url\":\"https:\\\/\\\/www.immobilienbusiness.ch\\\/\",\"name\":\"IMMOBILIEN Business\",\"description\":\"Unabh\u00e4ngiges Schweizer Wirtschaftsmagazin mit Fokus auf Immobilien, Architektur- und Bau sowie Investment- und Finanzierung.\",\"publisher\":{\"@id\":\"https:\\\/\\\/www.immobilienbusiness.ch\\\/#organization\"},\"potentialAction\":[{\"@type\":\"SearchAction\",\"target\":{\"@type\":\"EntryPoint\",\"urlTemplate\":\"https:\\\/\\\/www.immobilienbusiness.ch\\\/?s={search_term_string}\"},\"query-input\":{\"@type\":\"PropertyValueSpecification\",\"valueRequired\":true,\"valueName\":\"search_term_string\"}}],\"inLanguage\":\"it-IT\"},{\"@type\":\"Organization\",\"@id\":\"https:\\\/\\\/www.immobilienbusiness.ch\\\/#organization\",\"name\":\"IMMOBILIEN Business\",\"url\":\"https:\\\/\\\/www.immobilienbusiness.ch\\\/\",\"logo\":{\"@type\":\"ImageObject\",\"inLanguage\":\"it-IT\",\"@id\":\"https:\\\/\\\/www.immobilienbusiness.ch\\\/#\\\/schema\\\/logo\\\/image\\\/\",\"url\":\"https:\\\/\\\/www.immobilienbusiness.ch\\\/wp-content\\\/uploads\\\/2021\\\/07\\\/logo_ib.png\",\"contentUrl\":\"https:\\\/\\\/www.immobilienbusiness.ch\\\/wp-content\\\/uploads\\\/2021\\\/07\\\/logo_ib.png\",\"width\":800,\"height\":181,\"caption\":\"IMMOBILIEN Business\"},\"image\":{\"@id\":\"https:\\\/\\\/www.immobilienbusiness.ch\\\/#\\\/schema\\\/logo\\\/image\\\/\"},\"sameAs\":[\"https:\\\/\\\/www.facebook.com\\\/immobilienbusiness\\\/\"]},{\"@type\":\"Person\",\"@id\":\"https:\\\/\\\/www.immobilienbusiness.ch\\\/#\\\/schema\\\/person\\\/aba8bea2db926aa0c24c08c43fe1fcd5\",\"name\":\"Alexander Wachter\",\"image\":{\"@type\":\"ImageObject\",\"inLanguage\":\"it-IT\",\"@id\":\"https:\\\/\\\/secure.gravatar.com\\\/avatar\\\/1a09e471f5389b0e0a6416eac287e0927c7c97a7b77f9e787eba3af7aee281dd?s=96&d=mm&r=g\",\"url\":\"https:\\\/\\\/secure.gravatar.com\\\/avatar\\\/1a09e471f5389b0e0a6416eac287e0927c7c97a7b77f9e787eba3af7aee281dd?s=96&d=mm&r=g\",\"contentUrl\":\"https:\\\/\\\/secure.gravatar.com\\\/avatar\\\/1a09e471f5389b0e0a6416eac287e0927c7c97a7b77f9e787eba3af7aee281dd?s=96&d=mm&r=g\",\"caption\":\"Alexander Wachter\"},\"url\":\"https:\\\/\\\/www.immobilienbusiness.ch\\\/it\\\/author\\\/alexander-wachter\\\/\"}]}<\/script>\n<!-- \/ Yoast SEO plugin. -->","yoast_head_json":{"title":"Egnach: Stiftung Abendrot kauft auch die \u00abAlte Mosterei\u00bb - IMMOBILIEN Business","description":"Il progetto che la Fondazione Abendrot sta realizzando insieme a Mettler2Invest a Egnach (TG) \u00e8 cresciuto ancora. La fondazione \u00e8 ora proprietaria anche dello storico edificio esistente sul sito della \"Alte Mosterei\".","robots":{"index":"index","follow":"follow","max-snippet":"max-snippet:-1","max-image-preview":"max-image-preview:large","max-video-preview":"max-video-preview:-1"},"canonical":"https:\/\/www.immobilienbusiness.ch\/it\/regionen\/2023-10-04\/egnach-stiftung-abendrot-kauft-auch-die-alte-mosterei\/","og_locale":"it_IT","og_type":"article","og_title":"Egnach: Stiftung Abendrot kauft auch die \u00abAlte Mosterei\u00bb - IMMOBILIEN Business","og_description":"Das Projekt, das die Stiftung Abendrot gemeinsam mit Mettler2Invest in Egnach (TG) realisiert, ist noch einmal etwas gewachsen. Auf dem Areal der \u00abAlten Mosterei\u00bb geh\u00f6rt der Stiftung nun auch das historische Bestandesgeb\u00e4ude.","og_url":"https:\/\/www.immobilienbusiness.ch\/it\/regionen\/2023-10-04\/egnach-stiftung-abendrot-kauft-auch-die-alte-mosterei\/","og_site_name":"IMMOBILIEN Business","article_publisher":"https:\/\/www.facebook.com\/immobilienbusiness\/","article_published_time":"2023-10-04T05:29:39+00:00","og_image":[{"width":432,"height":187,"url":"https:\/\/www.immobilienbusiness.ch\/wp-content\/uploads\/2023\/09\/Alte-Mosterei.png","type":"image\/png"}],"author":"Alexander Wachter","twitter_card":"summary_large_image","schema":{"@context":"https:\/\/schema.org","@graph":[{"@type":"Article","@id":"https:\/\/www.immobilienbusiness.ch\/en\/regionen\/2023-10-04\/egnach-stiftung-abendrot-kauft-auch-die-alte-mosterei\/#article","isPartOf":{"@id":"https:\/\/www.immobilienbusiness.ch\/en\/regionen\/2023-10-04\/egnach-stiftung-abendrot-kauft-auch-die-alte-mosterei\/"},"author":{"name":"Alexander Wachter","@id":"https:\/\/www.immobilienbusiness.ch\/#\/schema\/person\/aba8bea2db926aa0c24c08c43fe1fcd5"},"headline":"Egnach: Stiftung Abendrot kauft auch die \u00abAlte Mosterei\u00bb","datePublished":"2023-10-04T05:29:39+00:00","mainEntityOfPage":{"@id":"https:\/\/www.immobilienbusiness.ch\/en\/regionen\/2023-10-04\/egnach-stiftung-abendrot-kauft-auch-die-alte-mosterei\/"},"wordCount":450,"publisher":{"@id":"https:\/\/www.immobilienbusiness.ch\/#organization"},"image":{"@id":"https:\/\/www.immobilienbusiness.ch\/en\/regionen\/2023-10-04\/egnach-stiftung-abendrot-kauft-auch-die-alte-mosterei\/#primaryimage"},"thumbnailUrl":"https:\/\/www.immobilienbusiness.ch\/wp-content\/uploads\/2023\/09\/Alte-Mosterei.png","keywords":["B\u00e4nziger Lutze","Baumschlager Eberle","Egnach","Eigentumswohnungen","Mettler2Invest","Mietwohnungen","Projekt in Planung","Retail","Stiftung Abendrot","TG","Verkauf"],"articleSection":["REGIONEN"],"inLanguage":"it-IT"},{"@type":"WebPage","@id":"https:\/\/www.immobilienbusiness.ch\/en\/regionen\/2023-10-04\/egnach-stiftung-abendrot-kauft-auch-die-alte-mosterei\/","url":"https:\/\/www.immobilienbusiness.ch\/en\/regionen\/2023-10-04\/egnach-stiftung-abendrot-kauft-auch-die-alte-mosterei\/","name":"Egnach: Stiftung Abendrot kauft auch die \u00abAlte Mosterei\u00bb - IMMOBILIEN Business","isPartOf":{"@id":"https:\/\/www.immobilienbusiness.ch\/#website"},"primaryImageOfPage":{"@id":"https:\/\/www.immobilienbusiness.ch\/en\/regionen\/2023-10-04\/egnach-stiftung-abendrot-kauft-auch-die-alte-mosterei\/#primaryimage"},"image":{"@id":"https:\/\/www.immobilienbusiness.ch\/en\/regionen\/2023-10-04\/egnach-stiftung-abendrot-kauft-auch-die-alte-mosterei\/#primaryimage"},"thumbnailUrl":"https:\/\/www.immobilienbusiness.ch\/wp-content\/uploads\/2023\/09\/Alte-Mosterei.png","datePublished":"2023-10-04T05:29:39+00:00","description":"Il progetto che la Fondazione Abendrot sta realizzando insieme a Mettler2Invest a Egnach (TG) \u00e8 cresciuto ancora. La fondazione \u00e8 ora proprietaria anche dello storico edificio esistente sul sito della \"Alte Mosterei\".","breadcrumb":{"@id":"https:\/\/www.immobilienbusiness.ch\/en\/regionen\/2023-10-04\/egnach-stiftung-abendrot-kauft-auch-die-alte-mosterei\/#breadcrumb"},"inLanguage":"it-IT","potentialAction":[{"@type":"ReadAction","target":["https:\/\/www.immobilienbusiness.ch\/en\/regionen\/2023-10-04\/egnach-stiftung-abendrot-kauft-auch-die-alte-mosterei\/"]}]},{"@type":"ImageObject","inLanguage":"it-IT","@id":"https:\/\/www.immobilienbusiness.ch\/en\/regionen\/2023-10-04\/egnach-stiftung-abendrot-kauft-auch-die-alte-mosterei\/#primaryimage","url":"https:\/\/www.immobilienbusiness.ch\/wp-content\/uploads\/2023\/09\/Alte-Mosterei.png","contentUrl":"https:\/\/www.immobilienbusiness.ch\/wp-content\/uploads\/2023\/09\/Alte-Mosterei.png","width":432,"height":187,"caption":"Die \u00abAlte Mosterei\u00bb (Bild: Stiftung Abendroth)"},{"@type":"BreadcrumbList","@id":"https:\/\/www.immobilienbusiness.ch\/en\/regionen\/2023-10-04\/egnach-stiftung-abendrot-kauft-auch-die-alte-mosterei\/#breadcrumb","itemListElement":[{"@type":"ListItem","position":1,"name":"Home","item":"https:\/\/www.immobilienbusiness.ch\/"},{"@type":"ListItem","position":2,"name":"Egnach: Stiftung Abendrot kauft auch die \u00abAlte Mosterei\u00bb"}]},{"@type":"WebSite","@id":"https:\/\/www.immobilienbusiness.ch\/#website","url":"https:\/\/www.immobilienbusiness.ch\/","name":"Affari immobiliari","description":"Rivista economica indipendente svizzera che si concentra sul settore immobiliare, l'architettura e la costruzione, nonch\u00e9 sugli investimenti e i finanziamenti.","publisher":{"@id":"https:\/\/www.immobilienbusiness.ch\/#organization"},"potentialAction":[{"@type":"SearchAction","target":{"@type":"EntryPoint","urlTemplate":"https:\/\/www.immobilienbusiness.ch\/?s={search_term_string}"},"query-input":{"@type":"PropertyValueSpecification","valueRequired":true,"valueName":"search_term_string"}}],"inLanguage":"it-IT"},{"@type":"Organization","@id":"https:\/\/www.immobilienbusiness.ch\/#organization","name":"Affari immobiliari","url":"https:\/\/www.immobilienbusiness.ch\/","logo":{"@type":"ImageObject","inLanguage":"it-IT","@id":"https:\/\/www.immobilienbusiness.ch\/#\/schema\/logo\/image\/","url":"https:\/\/www.immobilienbusiness.ch\/wp-content\/uploads\/2021\/07\/logo_ib.png","contentUrl":"https:\/\/www.immobilienbusiness.ch\/wp-content\/uploads\/2021\/07\/logo_ib.png","width":800,"height":181,"caption":"IMMOBILIEN Business"},"image":{"@id":"https:\/\/www.immobilienbusiness.ch\/#\/schema\/logo\/image\/"},"sameAs":["https:\/\/www.facebook.com\/immobilienbusiness\/"]},{"@type":"Person","@id":"https:\/\/www.immobilienbusiness.ch\/#\/schema\/person\/aba8bea2db926aa0c24c08c43fe1fcd5","name":"Alexander Wachter","image":{"@type":"ImageObject","inLanguage":"it-IT","@id":"https:\/\/secure.gravatar.com\/avatar\/1a09e471f5389b0e0a6416eac287e0927c7c97a7b77f9e787eba3af7aee281dd?s=96&d=mm&r=g","url":"https:\/\/secure.gravatar.com\/avatar\/1a09e471f5389b0e0a6416eac287e0927c7c97a7b77f9e787eba3af7aee281dd?s=96&d=mm&r=g","contentUrl":"https:\/\/secure.gravatar.com\/avatar\/1a09e471f5389b0e0a6416eac287e0927c7c97a7b77f9e787eba3af7aee281dd?s=96&d=mm&r=g","caption":"Alexander Wachter"},"url":"https:\/\/www.immobilienbusiness.ch\/it\/author\/alexander-wachter\/"}]}},"_links":{"self":[{"href":"https:\/\/www.immobilienbusiness.ch\/it\/wp-json\/wp\/v2\/posts\/53628","targetHints":{"allow":["GET"]}}],"collection":[{"href":"https:\/\/www.immobilienbusiness.ch\/it\/wp-json\/wp\/v2\/posts"}],"about":[{"href":"https:\/\/www.immobilienbusiness.ch\/it\/wp-json\/wp\/v2\/types\/post"}],"author":[{"embeddable":true,"href":"https:\/\/www.immobilienbusiness.ch\/it\/wp-json\/wp\/v2\/users\/102"}],"replies":[{"embeddable":true,"href":"https:\/\/www.immobilienbusiness.ch\/it\/wp-json\/wp\/v2\/comments?post=53628"}],"version-history":[{"count":3,"href":"https:\/\/www.immobilienbusiness.ch\/it\/wp-json\/wp\/v2\/posts\/53628\/revisions"}],"predecessor-version":[{"id":53691,"href":"https:\/\/www.immobilienbusiness.ch\/it\/wp-json\/wp\/v2\/posts\/53628\/revisions\/53691"}],"wp:featuredmedia":[{"embeddable":true,"href":"https:\/\/www.immobilienbusiness.ch\/it\/wp-json\/wp\/v2\/media\/53630"}],"wp:attachment":[{"href":"https:\/\/www.immobilienbusiness.ch\/it\/wp-json\/wp\/v2\/media?parent=53628"}],"wp:term":[{"taxonomy":"category","embeddable":true,"href":"https:\/\/www.immobilienbusiness.ch\/it\/wp-json\/wp\/v2\/categories?post=53628"},{"taxonomy":"post_tag","embeddable":true,"href":"https:\/\/www.immobilienbusiness.ch\/it\/wp-json\/wp\/v2\/tags?post=53628"}],"curies":[{"name":"wp","href":"https:\/\/api.w.org\/{rel}","templated":true}]}}