{"id":53421,"date":"2023-09-19T08:14:16","date_gmt":"2023-09-19T06:14:16","guid":{"rendered":"https:\/\/www.immobilienbusiness.ch\/?p=53421"},"modified":"2023-09-20T09:53:26","modified_gmt":"2023-09-20T07:53:26","slug":"thun-naechster-schritt-fuer-grossprojekt-siegenthalergut","status":"publish","type":"post","link":"https:\/\/www.immobilienbusiness.ch\/it\/regionen\/2023-09-19\/thun-naechster-schritt-fuer-grossprojekt-siegenthalergut\/","title":{"rendered":"Thun: il prossimo passo per il grande progetto \"Siegenthalergut"},"content":{"rendered":"<figure id=\"attachment_53422\" aria-describedby=\"caption-attachment-53422\" style=\"width: 1354px\" class=\"wp-caption alignnone\"><a href=\"https:\/\/www.immobilienbusiness.ch\/wp-content\/uploads\/2023\/09\/Siegenthalergut.png\"><img loading=\"lazy\" decoding=\"async\" class=\"size-full wp-image-53422\" src=\"https:\/\/www.immobilienbusiness.ch\/wp-content\/uploads\/2023\/09\/Siegenthalergut.png\" alt=\"\" width=\"1354\" height=\"878\" srcset=\"https:\/\/www.immobilienbusiness.ch\/wp-content\/uploads\/2023\/09\/Siegenthalergut.png 1200w, https:\/\/www.immobilienbusiness.ch\/wp-content\/uploads\/2023\/09\/Siegenthalergut-300x195.png 300w, https:\/\/www.immobilienbusiness.ch\/wp-content\/uploads\/2023\/09\/Siegenthalergut-1024x664.png 1024w, https:\/\/www.immobilienbusiness.ch\/wp-content\/uploads\/2023\/09\/Siegenthalergut-768x498.png 768w, https:\/\/www.immobilienbusiness.ch\/wp-content\/uploads\/2023\/09\/Siegenthalergut-18x12.png 18w, https:\/\/www.immobilienbusiness.ch\/wp-content\/uploads\/2023\/09\/Siegenthalergut-375x243.png 375w, https:\/\/www.immobilienbusiness.ch\/wp-content\/uploads\/2023\/09\/Siegenthalergut-540x350.png 540w, https:\/\/www.immobilienbusiness.ch\/wp-content\/uploads\/2023\/09\/Siegenthalergut-1000x648.png 1000w\" sizes=\"auto, (max-width: 1354px) 100vw, 1354px\" \/><\/a><figcaption id=\"caption-attachment-53422\" class=\"wp-caption-text\">Il modello per la progettazione del \"Siegenthalergut\" (Immagine: Citt\u00e0 di Thun)<\/figcaption><\/figure>\n<p>A sud-ovest di Thun, il dipartimento immobiliare di Frutiger AG sta sviluppando il \"Siegenthalergut\" in collaborazione con la citt\u00e0 di Thun. Su un'area di cinque ettari sorger\u00e0 un quartiere residenziale sostenibile e orientato al futuro per circa 1.500 persone. Un grande parco pubblico di 7.100 metri quadrati e altri spazi pubblici all'aperto sono previsti come elementi caratterizzanti. \"L'obiettivo \u00e8 che l'intero sviluppo del Siegenthalergut sia caratterizzato in modo significativo dallo spazio aperto\", scrive la citt\u00e0 in un comunicato stampa. Per la progettazione del quartiere \u00e8 stata istituita una commissione di studio, in cui la proposta \"Plus de jardins\" dello studio di Zurigo \"Skala Landschaft Stadt Raum\" \u00e8 risultata vincente. Il nuovo quartiere sar\u00e0 caratterizzato da molto verde e sar\u00e0 un centro \"per tutti\". Con circa 700 appartamenti, fornir\u00e0 lo spazio abitativo di cui c'\u00e8 urgente bisogno. La citt\u00e0 di Thun cita il sindaco Raphael Lanz come segue: \"Il concetto di spazio aperto 'Plus de jardins' \u00e8 impressionante in termini di design, ecologia e pianificazione urbana. Inoltre, crea le condizioni ottimali per il parco come futuro luogo di incontro per l'intero quartiere\". La partecipazione pubblica deve essere al centro del progetto. \"I residenti locali in particolare hanno l'opportunit\u00e0 di essere coinvolti, e due persone del quartiere sono state addirittura coinvolte nel processo della commissione di studio. \u00c8 stata una collaborazione molto preziosa e costruttiva\", ha dichiarato il sindaco Raphael Lanz.<\/p>\n<h3>Inizio della costruzione non prima del 2027<\/h3>\n<p>Per realizzare il progetto \u00e8 necessario creare una nuova zona con obbligo di pianificazione. La consultazione pubblica \u00e8 prevista per la fine del 2023. Nella fase successiva, verr\u00e0 elaborato un concetto su come progettare e utilizzare la Hohmadstrasse e la Burgerstrasse. I suggerimenti del pubblico saranno presi in considerazione. I risultati di questo processo saranno integrati nel masterplan, che costituir\u00e0 la base per il regolamento urbanistico (UeO) e per il concorso di architettura. La costruzione inizier\u00e0 non prima del 2027 e l'occupazione \u00e8 prevista per il 2029. <em>(aw)<\/em><\/p>","protected":false},"excerpt":{"rendered":"<p>Frutiger vuole creare 700 appartamenti sul sito \"Siegenthalergut\". I vincitori del progetto di spazio aperto sono stati presentati. Questo avr\u00e0 un impatto significativo sul quartiere.<\/p>","protected":false},"author":102,"featured_media":53422,"comment_status":"closed","ping_status":"closed","sticky":false,"template":"","format":"standard","meta":{"_acf_changed":false,"_yoast_wpseo_focuskw":"Thun","_yoast_wpseo_title":"","_yoast_wpseo_metadesc":"Auf dem Areal \u00abSiegenthalergut\u00bb will Frutiger 700 Wohnungen schaffen. Nun wurden die Sieger f\u00fcr das Freiraumkonzept pr\u00e4sentiert, welches das neue Quartier massgeblich pr\u00e4gen soll.","_yoast_wpseo_linkdex":62,"pgc_sgb_lightbox_settings":"","footnotes":""},"categories":[985],"tags":[2075,1600,1781,2109],"class_list":["post-53421","post","type-post","status-publish","format-standard","has-post-thumbnail","hentry","category-regionen","tag-frutiger","tag-projekt-in-planung","tag-thun","tag-wohnungen"],"acf":[],"yoast_head":"<!-- This site is optimized with the Yoast SEO plugin v27.4 - https:\/\/yoast.com\/product\/yoast-seo-wordpress\/ -->\n<title>Thun: N\u00e4chster Schritt f\u00fcr Grossprojekt \u00bbSiegenthalergut\u00bb - IMMOBILIEN Business<\/title>\n<meta name=\"description\" content=\"Auf dem Areal \u00abSiegenthalergut\u00bb will Frutiger 700 Wohnungen schaffen. Nun wurden die Sieger f\u00fcr das Freiraumkonzept pr\u00e4sentiert, welches das neue Quartier massgeblich pr\u00e4gen soll.\" \/>\n<meta name=\"robots\" content=\"index, follow, max-snippet:-1, max-image-preview:large, max-video-preview:-1\" \/>\n<link rel=\"canonical\" href=\"https:\/\/www.immobilienbusiness.ch\/it\/regionen\/2023-09-19\/thun-naechster-schritt-fuer-grossprojekt-siegenthalergut\/\" \/>\n<meta property=\"og:locale\" content=\"it_IT\" \/>\n<meta property=\"og:type\" content=\"article\" \/>\n<meta property=\"og:title\" content=\"Thun: N\u00e4chster Schritt f\u00fcr Grossprojekt \u00bbSiegenthalergut\u00bb - IMMOBILIEN Business\" \/>\n<meta property=\"og:description\" content=\"Auf dem Areal \u00abSiegenthalergut\u00bb will Frutiger 700 Wohnungen schaffen. Nun wurden die Sieger f\u00fcr das Freiraumkonzept pr\u00e4sentiert, welches das neue Quartier massgeblich pr\u00e4gen soll.\" \/>\n<meta property=\"og:url\" content=\"https:\/\/www.immobilienbusiness.ch\/it\/regionen\/2023-09-19\/thun-naechster-schritt-fuer-grossprojekt-siegenthalergut\/\" \/>\n<meta property=\"og:site_name\" content=\"IMMOBILIEN Business\" \/>\n<meta property=\"article:publisher\" content=\"https:\/\/www.facebook.com\/immobilienbusiness\/\" \/>\n<meta property=\"article:published_time\" content=\"2023-09-19T06:14:16+00:00\" \/>\n<meta property=\"article:modified_time\" content=\"2023-09-20T07:53:26+00:00\" \/>\n<meta property=\"og:image\" content=\"https:\/\/www.immobilienbusiness.ch\/wp-content\/uploads\/2023\/09\/Siegenthalergut.png\" \/>\n\t<meta property=\"og:image:width\" content=\"1200\" \/>\n\t<meta property=\"og:image:height\" content=\"778\" \/>\n\t<meta property=\"og:image:type\" content=\"image\/png\" \/>\n<meta name=\"author\" content=\"Alexander Wachter\" \/>\n<meta name=\"twitter:card\" content=\"summary_large_image\" \/>\n<script type=\"application\/ld+json\" class=\"yoast-schema-graph\">{\"@context\":\"https:\\\/\\\/schema.org\",\"@graph\":[{\"@type\":\"Article\",\"@id\":\"https:\\\/\\\/www.immobilienbusiness.ch\\\/de\\\/regionen\\\/2023-09-19\\\/thun-naechster-schritt-fuer-grossprojekt-siegenthalergut\\\/#article\",\"isPartOf\":{\"@id\":\"https:\\\/\\\/www.immobilienbusiness.ch\\\/de\\\/regionen\\\/2023-09-19\\\/thun-naechster-schritt-fuer-grossprojekt-siegenthalergut\\\/\"},\"author\":{\"name\":\"Alexander Wachter\",\"@id\":\"https:\\\/\\\/www.immobilienbusiness.ch\\\/#\\\/schema\\\/person\\\/aba8bea2db926aa0c24c08c43fe1fcd5\"},\"headline\":\"Thun: N\u00e4chster Schritt f\u00fcr Grossprojekt \u00bbSiegenthalergut\u00bb\",\"datePublished\":\"2023-09-19T06:14:16+00:00\",\"dateModified\":\"2023-09-20T07:53:26+00:00\",\"mainEntityOfPage\":{\"@id\":\"https:\\\/\\\/www.immobilienbusiness.ch\\\/de\\\/regionen\\\/2023-09-19\\\/thun-naechster-schritt-fuer-grossprojekt-siegenthalergut\\\/\"},\"wordCount\":331,\"publisher\":{\"@id\":\"https:\\\/\\\/www.immobilienbusiness.ch\\\/#organization\"},\"image\":{\"@id\":\"https:\\\/\\\/www.immobilienbusiness.ch\\\/de\\\/regionen\\\/2023-09-19\\\/thun-naechster-schritt-fuer-grossprojekt-siegenthalergut\\\/#primaryimage\"},\"thumbnailUrl\":\"https:\\\/\\\/www.immobilienbusiness.ch\\\/wp-content\\\/uploads\\\/2023\\\/09\\\/Siegenthalergut.png\",\"keywords\":[\"Frutiger\",\"Projekt in Planung\",\"Thun\",\"Wohnungen\"],\"articleSection\":[\"REGIONEN\"],\"inLanguage\":\"it-IT\"},{\"@type\":\"WebPage\",\"@id\":\"https:\\\/\\\/www.immobilienbusiness.ch\\\/de\\\/regionen\\\/2023-09-19\\\/thun-naechster-schritt-fuer-grossprojekt-siegenthalergut\\\/\",\"url\":\"https:\\\/\\\/www.immobilienbusiness.ch\\\/de\\\/regionen\\\/2023-09-19\\\/thun-naechster-schritt-fuer-grossprojekt-siegenthalergut\\\/\",\"name\":\"Thun: N\u00e4chster Schritt f\u00fcr Grossprojekt \u00bbSiegenthalergut\u00bb - IMMOBILIEN Business\",\"isPartOf\":{\"@id\":\"https:\\\/\\\/www.immobilienbusiness.ch\\\/#website\"},\"primaryImageOfPage\":{\"@id\":\"https:\\\/\\\/www.immobilienbusiness.ch\\\/de\\\/regionen\\\/2023-09-19\\\/thun-naechster-schritt-fuer-grossprojekt-siegenthalergut\\\/#primaryimage\"},\"image\":{\"@id\":\"https:\\\/\\\/www.immobilienbusiness.ch\\\/de\\\/regionen\\\/2023-09-19\\\/thun-naechster-schritt-fuer-grossprojekt-siegenthalergut\\\/#primaryimage\"},\"thumbnailUrl\":\"https:\\\/\\\/www.immobilienbusiness.ch\\\/wp-content\\\/uploads\\\/2023\\\/09\\\/Siegenthalergut.png\",\"datePublished\":\"2023-09-19T06:14:16+00:00\",\"dateModified\":\"2023-09-20T07:53:26+00:00\",\"description\":\"Auf dem Areal \u00abSiegenthalergut\u00bb will Frutiger 700 Wohnungen schaffen. Nun wurden die Sieger f\u00fcr das Freiraumkonzept pr\u00e4sentiert, welches das neue Quartier massgeblich pr\u00e4gen soll.\",\"breadcrumb\":{\"@id\":\"https:\\\/\\\/www.immobilienbusiness.ch\\\/de\\\/regionen\\\/2023-09-19\\\/thun-naechster-schritt-fuer-grossprojekt-siegenthalergut\\\/#breadcrumb\"},\"inLanguage\":\"it-IT\",\"potentialAction\":[{\"@type\":\"ReadAction\",\"target\":[\"https:\\\/\\\/www.immobilienbusiness.ch\\\/de\\\/regionen\\\/2023-09-19\\\/thun-naechster-schritt-fuer-grossprojekt-siegenthalergut\\\/\"]}]},{\"@type\":\"ImageObject\",\"inLanguage\":\"it-IT\",\"@id\":\"https:\\\/\\\/www.immobilienbusiness.ch\\\/de\\\/regionen\\\/2023-09-19\\\/thun-naechster-schritt-fuer-grossprojekt-siegenthalergut\\\/#primaryimage\",\"url\":\"https:\\\/\\\/www.immobilienbusiness.ch\\\/wp-content\\\/uploads\\\/2023\\\/09\\\/Siegenthalergut.png\",\"contentUrl\":\"https:\\\/\\\/www.immobilienbusiness.ch\\\/wp-content\\\/uploads\\\/2023\\\/09\\\/Siegenthalergut.png\",\"width\":1200,\"height\":778,\"caption\":\"Das Modell f\u00fcr die Gestaltung des \u00abSiegenthalerguts\u00bb (Bild: Stadt Thun)\"},{\"@type\":\"BreadcrumbList\",\"@id\":\"https:\\\/\\\/www.immobilienbusiness.ch\\\/de\\\/regionen\\\/2023-09-19\\\/thun-naechster-schritt-fuer-grossprojekt-siegenthalergut\\\/#breadcrumb\",\"itemListElement\":[{\"@type\":\"ListItem\",\"position\":1,\"name\":\"Home\",\"item\":\"https:\\\/\\\/www.immobilienbusiness.ch\\\/\"},{\"@type\":\"ListItem\",\"position\":2,\"name\":\"Thun: N\u00e4chster Schritt f\u00fcr Grossprojekt \u00bbSiegenthalergut\u00bb\"}]},{\"@type\":\"WebSite\",\"@id\":\"https:\\\/\\\/www.immobilienbusiness.ch\\\/#website\",\"url\":\"https:\\\/\\\/www.immobilienbusiness.ch\\\/\",\"name\":\"IMMOBILIEN Business\",\"description\":\"Unabh\u00e4ngiges Schweizer Wirtschaftsmagazin mit Fokus auf Immobilien, Architektur- und Bau sowie Investment- und Finanzierung.\",\"publisher\":{\"@id\":\"https:\\\/\\\/www.immobilienbusiness.ch\\\/#organization\"},\"potentialAction\":[{\"@type\":\"SearchAction\",\"target\":{\"@type\":\"EntryPoint\",\"urlTemplate\":\"https:\\\/\\\/www.immobilienbusiness.ch\\\/?s={search_term_string}\"},\"query-input\":{\"@type\":\"PropertyValueSpecification\",\"valueRequired\":true,\"valueName\":\"search_term_string\"}}],\"inLanguage\":\"it-IT\"},{\"@type\":\"Organization\",\"@id\":\"https:\\\/\\\/www.immobilienbusiness.ch\\\/#organization\",\"name\":\"IMMOBILIEN Business\",\"url\":\"https:\\\/\\\/www.immobilienbusiness.ch\\\/\",\"logo\":{\"@type\":\"ImageObject\",\"inLanguage\":\"it-IT\",\"@id\":\"https:\\\/\\\/www.immobilienbusiness.ch\\\/#\\\/schema\\\/logo\\\/image\\\/\",\"url\":\"https:\\\/\\\/www.immobilienbusiness.ch\\\/wp-content\\\/uploads\\\/2021\\\/07\\\/logo_ib.png\",\"contentUrl\":\"https:\\\/\\\/www.immobilienbusiness.ch\\\/wp-content\\\/uploads\\\/2021\\\/07\\\/logo_ib.png\",\"width\":800,\"height\":181,\"caption\":\"IMMOBILIEN Business\"},\"image\":{\"@id\":\"https:\\\/\\\/www.immobilienbusiness.ch\\\/#\\\/schema\\\/logo\\\/image\\\/\"},\"sameAs\":[\"https:\\\/\\\/www.facebook.com\\\/immobilienbusiness\\\/\"]},{\"@type\":\"Person\",\"@id\":\"https:\\\/\\\/www.immobilienbusiness.ch\\\/#\\\/schema\\\/person\\\/aba8bea2db926aa0c24c08c43fe1fcd5\",\"name\":\"Alexander Wachter\",\"image\":{\"@type\":\"ImageObject\",\"inLanguage\":\"it-IT\",\"@id\":\"https:\\\/\\\/secure.gravatar.com\\\/avatar\\\/1a09e471f5389b0e0a6416eac287e0927c7c97a7b77f9e787eba3af7aee281dd?s=96&d=mm&r=g\",\"url\":\"https:\\\/\\\/secure.gravatar.com\\\/avatar\\\/1a09e471f5389b0e0a6416eac287e0927c7c97a7b77f9e787eba3af7aee281dd?s=96&d=mm&r=g\",\"contentUrl\":\"https:\\\/\\\/secure.gravatar.com\\\/avatar\\\/1a09e471f5389b0e0a6416eac287e0927c7c97a7b77f9e787eba3af7aee281dd?s=96&d=mm&r=g\",\"caption\":\"Alexander Wachter\"},\"url\":\"https:\\\/\\\/www.immobilienbusiness.ch\\\/it\\\/author\\\/alexander-wachter\\\/\"}]}<\/script>\n<!-- \/ Yoast SEO plugin. -->","yoast_head_json":{"title":"Thun: N\u00e4chster Schritt f\u00fcr Grossprojekt \u00bbSiegenthalergut\u00bb - IMMOBILIEN Business","description":"Auf dem Areal \u00abSiegenthalergut\u00bb will Frutiger 700 Wohnungen schaffen. Nun wurden die Sieger f\u00fcr das Freiraumkonzept pr\u00e4sentiert, welches das neue Quartier massgeblich pr\u00e4gen soll.","robots":{"index":"index","follow":"follow","max-snippet":"max-snippet:-1","max-image-preview":"max-image-preview:large","max-video-preview":"max-video-preview:-1"},"canonical":"https:\/\/www.immobilienbusiness.ch\/it\/regionen\/2023-09-19\/thun-naechster-schritt-fuer-grossprojekt-siegenthalergut\/","og_locale":"it_IT","og_type":"article","og_title":"Thun: N\u00e4chster Schritt f\u00fcr Grossprojekt \u00bbSiegenthalergut\u00bb - IMMOBILIEN Business","og_description":"Auf dem Areal \u00abSiegenthalergut\u00bb will Frutiger 700 Wohnungen schaffen. Nun wurden die Sieger f\u00fcr das Freiraumkonzept pr\u00e4sentiert, welches das neue Quartier massgeblich pr\u00e4gen soll.","og_url":"https:\/\/www.immobilienbusiness.ch\/it\/regionen\/2023-09-19\/thun-naechster-schritt-fuer-grossprojekt-siegenthalergut\/","og_site_name":"IMMOBILIEN Business","article_publisher":"https:\/\/www.facebook.com\/immobilienbusiness\/","article_published_time":"2023-09-19T06:14:16+00:00","article_modified_time":"2023-09-20T07:53:26+00:00","og_image":[{"width":1200,"height":778,"url":"https:\/\/www.immobilienbusiness.ch\/wp-content\/uploads\/2023\/09\/Siegenthalergut.png","type":"image\/png"}],"author":"Alexander Wachter","twitter_card":"summary_large_image","schema":{"@context":"https:\/\/schema.org","@graph":[{"@type":"Article","@id":"https:\/\/www.immobilienbusiness.ch\/de\/regionen\/2023-09-19\/thun-naechster-schritt-fuer-grossprojekt-siegenthalergut\/#article","isPartOf":{"@id":"https:\/\/www.immobilienbusiness.ch\/de\/regionen\/2023-09-19\/thun-naechster-schritt-fuer-grossprojekt-siegenthalergut\/"},"author":{"name":"Alexander Wachter","@id":"https:\/\/www.immobilienbusiness.ch\/#\/schema\/person\/aba8bea2db926aa0c24c08c43fe1fcd5"},"headline":"Thun: N\u00e4chster Schritt f\u00fcr Grossprojekt \u00bbSiegenthalergut\u00bb","datePublished":"2023-09-19T06:14:16+00:00","dateModified":"2023-09-20T07:53:26+00:00","mainEntityOfPage":{"@id":"https:\/\/www.immobilienbusiness.ch\/de\/regionen\/2023-09-19\/thun-naechster-schritt-fuer-grossprojekt-siegenthalergut\/"},"wordCount":331,"publisher":{"@id":"https:\/\/www.immobilienbusiness.ch\/#organization"},"image":{"@id":"https:\/\/www.immobilienbusiness.ch\/de\/regionen\/2023-09-19\/thun-naechster-schritt-fuer-grossprojekt-siegenthalergut\/#primaryimage"},"thumbnailUrl":"https:\/\/www.immobilienbusiness.ch\/wp-content\/uploads\/2023\/09\/Siegenthalergut.png","keywords":["Frutiger","Projekt in Planung","Thun","Wohnungen"],"articleSection":["REGIONEN"],"inLanguage":"it-IT"},{"@type":"WebPage","@id":"https:\/\/www.immobilienbusiness.ch\/de\/regionen\/2023-09-19\/thun-naechster-schritt-fuer-grossprojekt-siegenthalergut\/","url":"https:\/\/www.immobilienbusiness.ch\/de\/regionen\/2023-09-19\/thun-naechster-schritt-fuer-grossprojekt-siegenthalergut\/","name":"Thun: N\u00e4chster Schritt f\u00fcr Grossprojekt \u00bbSiegenthalergut\u00bb - IMMOBILIEN Business","isPartOf":{"@id":"https:\/\/www.immobilienbusiness.ch\/#website"},"primaryImageOfPage":{"@id":"https:\/\/www.immobilienbusiness.ch\/de\/regionen\/2023-09-19\/thun-naechster-schritt-fuer-grossprojekt-siegenthalergut\/#primaryimage"},"image":{"@id":"https:\/\/www.immobilienbusiness.ch\/de\/regionen\/2023-09-19\/thun-naechster-schritt-fuer-grossprojekt-siegenthalergut\/#primaryimage"},"thumbnailUrl":"https:\/\/www.immobilienbusiness.ch\/wp-content\/uploads\/2023\/09\/Siegenthalergut.png","datePublished":"2023-09-19T06:14:16+00:00","dateModified":"2023-09-20T07:53:26+00:00","description":"Auf dem Areal \u00abSiegenthalergut\u00bb will Frutiger 700 Wohnungen schaffen. Nun wurden die Sieger f\u00fcr das Freiraumkonzept pr\u00e4sentiert, welches das neue Quartier massgeblich pr\u00e4gen soll.","breadcrumb":{"@id":"https:\/\/www.immobilienbusiness.ch\/de\/regionen\/2023-09-19\/thun-naechster-schritt-fuer-grossprojekt-siegenthalergut\/#breadcrumb"},"inLanguage":"it-IT","potentialAction":[{"@type":"ReadAction","target":["https:\/\/www.immobilienbusiness.ch\/de\/regionen\/2023-09-19\/thun-naechster-schritt-fuer-grossprojekt-siegenthalergut\/"]}]},{"@type":"ImageObject","inLanguage":"it-IT","@id":"https:\/\/www.immobilienbusiness.ch\/de\/regionen\/2023-09-19\/thun-naechster-schritt-fuer-grossprojekt-siegenthalergut\/#primaryimage","url":"https:\/\/www.immobilienbusiness.ch\/wp-content\/uploads\/2023\/09\/Siegenthalergut.png","contentUrl":"https:\/\/www.immobilienbusiness.ch\/wp-content\/uploads\/2023\/09\/Siegenthalergut.png","width":1200,"height":778,"caption":"Das Modell f\u00fcr die Gestaltung des \u00abSiegenthalerguts\u00bb (Bild: Stadt Thun)"},{"@type":"BreadcrumbList","@id":"https:\/\/www.immobilienbusiness.ch\/de\/regionen\/2023-09-19\/thun-naechster-schritt-fuer-grossprojekt-siegenthalergut\/#breadcrumb","itemListElement":[{"@type":"ListItem","position":1,"name":"Home","item":"https:\/\/www.immobilienbusiness.ch\/"},{"@type":"ListItem","position":2,"name":"Thun: N\u00e4chster Schritt f\u00fcr Grossprojekt \u00bbSiegenthalergut\u00bb"}]},{"@type":"WebSite","@id":"https:\/\/www.immobilienbusiness.ch\/#website","url":"https:\/\/www.immobilienbusiness.ch\/","name":"Affari immobiliari","description":"Rivista economica indipendente svizzera che si concentra sul settore immobiliare, l'architettura e la costruzione, nonch\u00e9 sugli investimenti e i finanziamenti.","publisher":{"@id":"https:\/\/www.immobilienbusiness.ch\/#organization"},"potentialAction":[{"@type":"SearchAction","target":{"@type":"EntryPoint","urlTemplate":"https:\/\/www.immobilienbusiness.ch\/?s={search_term_string}"},"query-input":{"@type":"PropertyValueSpecification","valueRequired":true,"valueName":"search_term_string"}}],"inLanguage":"it-IT"},{"@type":"Organization","@id":"https:\/\/www.immobilienbusiness.ch\/#organization","name":"Affari immobiliari","url":"https:\/\/www.immobilienbusiness.ch\/","logo":{"@type":"ImageObject","inLanguage":"it-IT","@id":"https:\/\/www.immobilienbusiness.ch\/#\/schema\/logo\/image\/","url":"https:\/\/www.immobilienbusiness.ch\/wp-content\/uploads\/2021\/07\/logo_ib.png","contentUrl":"https:\/\/www.immobilienbusiness.ch\/wp-content\/uploads\/2021\/07\/logo_ib.png","width":800,"height":181,"caption":"IMMOBILIEN Business"},"image":{"@id":"https:\/\/www.immobilienbusiness.ch\/#\/schema\/logo\/image\/"},"sameAs":["https:\/\/www.facebook.com\/immobilienbusiness\/"]},{"@type":"Person","@id":"https:\/\/www.immobilienbusiness.ch\/#\/schema\/person\/aba8bea2db926aa0c24c08c43fe1fcd5","name":"Alexander Wachter","image":{"@type":"ImageObject","inLanguage":"it-IT","@id":"https:\/\/secure.gravatar.com\/avatar\/1a09e471f5389b0e0a6416eac287e0927c7c97a7b77f9e787eba3af7aee281dd?s=96&d=mm&r=g","url":"https:\/\/secure.gravatar.com\/avatar\/1a09e471f5389b0e0a6416eac287e0927c7c97a7b77f9e787eba3af7aee281dd?s=96&d=mm&r=g","contentUrl":"https:\/\/secure.gravatar.com\/avatar\/1a09e471f5389b0e0a6416eac287e0927c7c97a7b77f9e787eba3af7aee281dd?s=96&d=mm&r=g","caption":"Alexander Wachter"},"url":"https:\/\/www.immobilienbusiness.ch\/it\/author\/alexander-wachter\/"}]}},"_links":{"self":[{"href":"https:\/\/www.immobilienbusiness.ch\/it\/wp-json\/wp\/v2\/posts\/53421","targetHints":{"allow":["GET"]}}],"collection":[{"href":"https:\/\/www.immobilienbusiness.ch\/it\/wp-json\/wp\/v2\/posts"}],"about":[{"href":"https:\/\/www.immobilienbusiness.ch\/it\/wp-json\/wp\/v2\/types\/post"}],"author":[{"embeddable":true,"href":"https:\/\/www.immobilienbusiness.ch\/it\/wp-json\/wp\/v2\/users\/102"}],"replies":[{"embeddable":true,"href":"https:\/\/www.immobilienbusiness.ch\/it\/wp-json\/wp\/v2\/comments?post=53421"}],"version-history":[{"count":3,"href":"https:\/\/www.immobilienbusiness.ch\/it\/wp-json\/wp\/v2\/posts\/53421\/revisions"}],"predecessor-version":[{"id":53474,"href":"https:\/\/www.immobilienbusiness.ch\/it\/wp-json\/wp\/v2\/posts\/53421\/revisions\/53474"}],"wp:featuredmedia":[{"embeddable":true,"href":"https:\/\/www.immobilienbusiness.ch\/it\/wp-json\/wp\/v2\/media\/53422"}],"wp:attachment":[{"href":"https:\/\/www.immobilienbusiness.ch\/it\/wp-json\/wp\/v2\/media?parent=53421"}],"wp:term":[{"taxonomy":"category","embeddable":true,"href":"https:\/\/www.immobilienbusiness.ch\/it\/wp-json\/wp\/v2\/categories?post=53421"},{"taxonomy":"post_tag","embeddable":true,"href":"https:\/\/www.immobilienbusiness.ch\/it\/wp-json\/wp\/v2\/tags?post=53421"}],"curies":[{"name":"wp","href":"https:\/\/api.w.org\/{rel}","templated":true}]}}