{"id":53162,"date":"2023-09-06T07:11:22","date_gmt":"2023-09-06T05:11:22","guid":{"rendered":"https:\/\/www.immobilienbusiness.ch\/?p=53162"},"modified":"2023-09-06T12:19:50","modified_gmt":"2023-09-06T10:19:50","slug":"wsg-beruft-ruettimann-giera-und-imhof-in-den-vr","status":"publish","type":"post","link":"https:\/\/www.immobilienbusiness.ch\/it\/personalia\/2023-09-06\/wsg-beruft-ruettimann-giera-und-imhof-in-den-vr\/","title":{"rendered":"WSG nomina R\u00fcttimann, Giera e Imhof nel Consiglio di Amministrazione"},"content":{"rendered":"<figure id=\"attachment_53163\" aria-describedby=\"caption-attachment-53163\" style=\"width: 735px\" class=\"wp-caption alignnone\"><a href=\"https:\/\/www.immobilienbusiness.ch\/wp-content\/uploads\/2023\/09\/WSG.png\"><img loading=\"lazy\" decoding=\"async\" class=\"size-full wp-image-53163\" src=\"https:\/\/www.immobilienbusiness.ch\/wp-content\/uploads\/2023\/09\/WSG.png\" alt=\"\" width=\"735\" height=\"367\" srcset=\"https:\/\/www.immobilienbusiness.ch\/wp-content\/uploads\/2023\/09\/WSG.png 735w, https:\/\/www.immobilienbusiness.ch\/wp-content\/uploads\/2023\/09\/WSG-300x150.png 300w, https:\/\/www.immobilienbusiness.ch\/wp-content\/uploads\/2023\/09\/WSG-18x9.png 18w, https:\/\/www.immobilienbusiness.ch\/wp-content\/uploads\/2023\/09\/WSG-375x187.png 375w, https:\/\/www.immobilienbusiness.ch\/wp-content\/uploads\/2023\/09\/WSG-701x350.png 701w\" sizes=\"auto, (max-width: 735px) 100vw, 735px\" \/><\/a><figcaption id=\"caption-attachment-53163\" class=\"wp-caption-text\">Da sinistra a destra: Mark Imhof, Markus Giera, Marc Mettauer, Martin Krupp, Raymond R\u00fcttimann (Immagine: WSG)<\/figcaption><\/figure>\n<p>A settembre, gli imprenditori immobiliari Raymond R\u00fcttimann, Markus Giera e Mark Imhof siederanno nel Consiglio di amministrazione di WSG.<\/p>\n<ul>\n<li>Raymond R\u00fcttimann ha ricoperto diverse posizioni presso il Credit Suisse dal 2000, da ultimo come Head of Global Real Estate e Head of Real Estate Switzerland presso il Credit Suisse Real Estate Asset Management AG. Dall'inizio del 2023 \u00e8 socio e comproprietario di R2 Partners AG.<\/li>\n<li>Markus Giera \u00e8 dipl. Arch. ETH e vanta oltre 25 anni di esperienza nella digitalizzazione del settore immobiliare e delle costruzioni. Fa parte del team fondatore di Kaulquappe AG con sedi in Svizzera, Germania e Sudafrica. Kaulquappe collabora con oltre 350 aziende del settore edile in Svizzera e all'estero e offre tecnologie e strategie relative, tra l'altro, al \"gemello digitale\" e al BIM.<\/li>\n<li>Mark Imhof si \u00e8 laureato in architettura presso l'Universit\u00e0 di Scienze Applicate e Arti di Lucerna - Ingegneria e Architettura. \u00c8 stato partner dello studio di architettura GKS di Lucerna fino al 2016 e ha fondato diverse aziende, tra cui IVO Innenentwicklung AG. Dal 2019, insieme al suo team, ha sviluppato anche la piattaforma immobiliare Luucy per lo sviluppo di spazi e propriet\u00e0. Oggi, oltre a vari mandati di sviluppo di progetti, \u00e8 responsabile dello sviluppo urbano di Burgdorf.<\/li>\n<\/ul>\n<p>\"\u00c8 un piacere avere questi tre signori a bordo e continuare a sviluppare e plasmare WSG con loro nella prossima fase di crescita\", afferma Marc Mettauer, CEO e delegato del Consiglio di Amministrazione di WSG. Martin Krupp rimane presidente del Consiglio di amministrazione.<\/p>\n<p>WSG sviluppa e realizza progetti immobiliari di ogni tipo. L'azienda opera nella Svizzera tedesca con due uffici a Basilea e Zurigo e impiega circa 70 persone. <em>(aw)<\/em><\/p>","protected":false},"excerpt":{"rendered":"<p>  Con l'elezione di tre nuovi membri, la societ\u00e0 di sviluppo di progetti edilizi WSG sta riorganizzando il proprio Consiglio di amministrazione.<\/p>","protected":false},"author":102,"featured_media":53163,"comment_status":"closed","ping_status":"closed","sticky":false,"template":"","format":"standard","meta":{"_acf_changed":false,"_yoast_wpseo_focuskw":"WSG","_yoast_wpseo_title":"","_yoast_wpseo_metadesc":"Mit der Wahl von drei neuen Mitgliedern organisiert das Bau- Projektentwicklungsunternehmen WSG seinen Verwaltungsrat neu.","_yoast_wpseo_linkdex":73,"pgc_sgb_lightbox_settings":"","footnotes":""},"categories":[1912],"tags":[1563,3224],"class_list":["post-53162","post","type-post","status-publish","format-standard","has-post-thumbnail","hentry","category-personalia","tag-personalia","tag-wsg"],"acf":[],"yoast_head":"<!-- This site is optimized with the Yoast SEO plugin v27.4 - https:\/\/yoast.com\/product\/yoast-seo-wordpress\/ -->\n<title>WSG beruft R\u00fcttimann, Giera und Imhof in den VR - IMMOBILIEN Business<\/title>\n<meta name=\"description\" content=\"Mit der Wahl von drei neuen Mitgliedern organisiert das Bau- Projektentwicklungsunternehmen WSG seinen Verwaltungsrat neu.\" \/>\n<meta name=\"robots\" content=\"index, follow, max-snippet:-1, max-image-preview:large, max-video-preview:-1\" \/>\n<link rel=\"canonical\" href=\"https:\/\/www.immobilienbusiness.ch\/it\/personalia\/2023-09-06\/wsg-beruft-ruettimann-giera-und-imhof-in-den-vr\/\" \/>\n<meta property=\"og:locale\" content=\"it_IT\" \/>\n<meta property=\"og:type\" content=\"article\" \/>\n<meta property=\"og:title\" content=\"WSG beruft R\u00fcttimann, Giera und Imhof in den VR - IMMOBILIEN Business\" \/>\n<meta property=\"og:description\" content=\"Mit der Wahl von drei neuen Mitgliedern organisiert das Bau- Projektentwicklungsunternehmen WSG seinen Verwaltungsrat neu.\" \/>\n<meta property=\"og:url\" content=\"https:\/\/www.immobilienbusiness.ch\/it\/personalia\/2023-09-06\/wsg-beruft-ruettimann-giera-und-imhof-in-den-vr\/\" \/>\n<meta property=\"og:site_name\" content=\"IMMOBILIEN Business\" \/>\n<meta property=\"article:publisher\" content=\"https:\/\/www.facebook.com\/immobilienbusiness\/\" \/>\n<meta property=\"article:published_time\" content=\"2023-09-06T05:11:22+00:00\" \/>\n<meta property=\"article:modified_time\" content=\"2023-09-06T10:19:50+00:00\" \/>\n<meta property=\"og:image\" content=\"https:\/\/www.immobilienbusiness.ch\/wp-content\/uploads\/2023\/09\/WSG.png\" \/>\n\t<meta property=\"og:image:width\" content=\"735\" \/>\n\t<meta property=\"og:image:height\" content=\"367\" \/>\n\t<meta property=\"og:image:type\" content=\"image\/png\" \/>\n<meta name=\"author\" content=\"Alexander Wachter\" \/>\n<meta name=\"twitter:card\" content=\"summary_large_image\" \/>\n<script type=\"application\/ld+json\" class=\"yoast-schema-graph\">{\"@context\":\"https:\\\/\\\/schema.org\",\"@graph\":[{\"@type\":\"Article\",\"@id\":\"https:\\\/\\\/www.immobilienbusiness.ch\\\/en\\\/personalia\\\/2023-09-06\\\/wsg-beruft-ruettimann-giera-und-imhof-in-den-vr\\\/#article\",\"isPartOf\":{\"@id\":\"https:\\\/\\\/www.immobilienbusiness.ch\\\/en\\\/personalia\\\/2023-09-06\\\/wsg-beruft-ruettimann-giera-und-imhof-in-den-vr\\\/\"},\"author\":{\"name\":\"Alexander Wachter\",\"@id\":\"https:\\\/\\\/www.immobilienbusiness.ch\\\/#\\\/schema\\\/person\\\/aba8bea2db926aa0c24c08c43fe1fcd5\"},\"headline\":\"WSG beruft R\u00fcttimann, Giera und Imhof in den VR\",\"datePublished\":\"2023-09-06T05:11:22+00:00\",\"dateModified\":\"2023-09-06T10:19:50+00:00\",\"mainEntityOfPage\":{\"@id\":\"https:\\\/\\\/www.immobilienbusiness.ch\\\/en\\\/personalia\\\/2023-09-06\\\/wsg-beruft-ruettimann-giera-und-imhof-in-den-vr\\\/\"},\"wordCount\":311,\"publisher\":{\"@id\":\"https:\\\/\\\/www.immobilienbusiness.ch\\\/#organization\"},\"image\":{\"@id\":\"https:\\\/\\\/www.immobilienbusiness.ch\\\/en\\\/personalia\\\/2023-09-06\\\/wsg-beruft-ruettimann-giera-und-imhof-in-den-vr\\\/#primaryimage\"},\"thumbnailUrl\":\"https:\\\/\\\/www.immobilienbusiness.ch\\\/wp-content\\\/uploads\\\/2023\\\/09\\\/WSG.png\",\"keywords\":[\"Personalia\",\"WSG\"],\"articleSection\":[\"PERSONALIA\"],\"inLanguage\":\"it-IT\"},{\"@type\":\"WebPage\",\"@id\":\"https:\\\/\\\/www.immobilienbusiness.ch\\\/en\\\/personalia\\\/2023-09-06\\\/wsg-beruft-ruettimann-giera-und-imhof-in-den-vr\\\/\",\"url\":\"https:\\\/\\\/www.immobilienbusiness.ch\\\/en\\\/personalia\\\/2023-09-06\\\/wsg-beruft-ruettimann-giera-und-imhof-in-den-vr\\\/\",\"name\":\"WSG beruft R\u00fcttimann, Giera und Imhof in den VR - IMMOBILIEN Business\",\"isPartOf\":{\"@id\":\"https:\\\/\\\/www.immobilienbusiness.ch\\\/#website\"},\"primaryImageOfPage\":{\"@id\":\"https:\\\/\\\/www.immobilienbusiness.ch\\\/en\\\/personalia\\\/2023-09-06\\\/wsg-beruft-ruettimann-giera-und-imhof-in-den-vr\\\/#primaryimage\"},\"image\":{\"@id\":\"https:\\\/\\\/www.immobilienbusiness.ch\\\/en\\\/personalia\\\/2023-09-06\\\/wsg-beruft-ruettimann-giera-und-imhof-in-den-vr\\\/#primaryimage\"},\"thumbnailUrl\":\"https:\\\/\\\/www.immobilienbusiness.ch\\\/wp-content\\\/uploads\\\/2023\\\/09\\\/WSG.png\",\"datePublished\":\"2023-09-06T05:11:22+00:00\",\"dateModified\":\"2023-09-06T10:19:50+00:00\",\"description\":\"Mit der Wahl von drei neuen Mitgliedern organisiert das Bau- Projektentwicklungsunternehmen WSG seinen Verwaltungsrat neu.\",\"breadcrumb\":{\"@id\":\"https:\\\/\\\/www.immobilienbusiness.ch\\\/en\\\/personalia\\\/2023-09-06\\\/wsg-beruft-ruettimann-giera-und-imhof-in-den-vr\\\/#breadcrumb\"},\"inLanguage\":\"it-IT\",\"potentialAction\":[{\"@type\":\"ReadAction\",\"target\":[\"https:\\\/\\\/www.immobilienbusiness.ch\\\/en\\\/personalia\\\/2023-09-06\\\/wsg-beruft-ruettimann-giera-und-imhof-in-den-vr\\\/\"]}]},{\"@type\":\"ImageObject\",\"inLanguage\":\"it-IT\",\"@id\":\"https:\\\/\\\/www.immobilienbusiness.ch\\\/en\\\/personalia\\\/2023-09-06\\\/wsg-beruft-ruettimann-giera-und-imhof-in-den-vr\\\/#primaryimage\",\"url\":\"https:\\\/\\\/www.immobilienbusiness.ch\\\/wp-content\\\/uploads\\\/2023\\\/09\\\/WSG.png\",\"contentUrl\":\"https:\\\/\\\/www.immobilienbusiness.ch\\\/wp-content\\\/uploads\\\/2023\\\/09\\\/WSG.png\",\"width\":735,\"height\":367,\"caption\":\"Mark Imhof, Markus Giera, Marc Mettauer, Martin Krupp, Raymond R\u00fcttimann (von links nach rechts; Bild: WSG)\"},{\"@type\":\"BreadcrumbList\",\"@id\":\"https:\\\/\\\/www.immobilienbusiness.ch\\\/en\\\/personalia\\\/2023-09-06\\\/wsg-beruft-ruettimann-giera-und-imhof-in-den-vr\\\/#breadcrumb\",\"itemListElement\":[{\"@type\":\"ListItem\",\"position\":1,\"name\":\"Home\",\"item\":\"https:\\\/\\\/www.immobilienbusiness.ch\\\/\"},{\"@type\":\"ListItem\",\"position\":2,\"name\":\"WSG beruft R\u00fcttimann, Giera und Imhof in den VR\"}]},{\"@type\":\"WebSite\",\"@id\":\"https:\\\/\\\/www.immobilienbusiness.ch\\\/#website\",\"url\":\"https:\\\/\\\/www.immobilienbusiness.ch\\\/\",\"name\":\"IMMOBILIEN Business\",\"description\":\"Unabh\u00e4ngiges Schweizer Wirtschaftsmagazin mit Fokus auf Immobilien, Architektur- und Bau sowie Investment- und Finanzierung.\",\"publisher\":{\"@id\":\"https:\\\/\\\/www.immobilienbusiness.ch\\\/#organization\"},\"potentialAction\":[{\"@type\":\"SearchAction\",\"target\":{\"@type\":\"EntryPoint\",\"urlTemplate\":\"https:\\\/\\\/www.immobilienbusiness.ch\\\/?s={search_term_string}\"},\"query-input\":{\"@type\":\"PropertyValueSpecification\",\"valueRequired\":true,\"valueName\":\"search_term_string\"}}],\"inLanguage\":\"it-IT\"},{\"@type\":\"Organization\",\"@id\":\"https:\\\/\\\/www.immobilienbusiness.ch\\\/#organization\",\"name\":\"IMMOBILIEN Business\",\"url\":\"https:\\\/\\\/www.immobilienbusiness.ch\\\/\",\"logo\":{\"@type\":\"ImageObject\",\"inLanguage\":\"it-IT\",\"@id\":\"https:\\\/\\\/www.immobilienbusiness.ch\\\/#\\\/schema\\\/logo\\\/image\\\/\",\"url\":\"https:\\\/\\\/www.immobilienbusiness.ch\\\/wp-content\\\/uploads\\\/2021\\\/07\\\/logo_ib.png\",\"contentUrl\":\"https:\\\/\\\/www.immobilienbusiness.ch\\\/wp-content\\\/uploads\\\/2021\\\/07\\\/logo_ib.png\",\"width\":800,\"height\":181,\"caption\":\"IMMOBILIEN Business\"},\"image\":{\"@id\":\"https:\\\/\\\/www.immobilienbusiness.ch\\\/#\\\/schema\\\/logo\\\/image\\\/\"},\"sameAs\":[\"https:\\\/\\\/www.facebook.com\\\/immobilienbusiness\\\/\"]},{\"@type\":\"Person\",\"@id\":\"https:\\\/\\\/www.immobilienbusiness.ch\\\/#\\\/schema\\\/person\\\/aba8bea2db926aa0c24c08c43fe1fcd5\",\"name\":\"Alexander Wachter\",\"image\":{\"@type\":\"ImageObject\",\"inLanguage\":\"it-IT\",\"@id\":\"https:\\\/\\\/secure.gravatar.com\\\/avatar\\\/1a09e471f5389b0e0a6416eac287e0927c7c97a7b77f9e787eba3af7aee281dd?s=96&d=mm&r=g\",\"url\":\"https:\\\/\\\/secure.gravatar.com\\\/avatar\\\/1a09e471f5389b0e0a6416eac287e0927c7c97a7b77f9e787eba3af7aee281dd?s=96&d=mm&r=g\",\"contentUrl\":\"https:\\\/\\\/secure.gravatar.com\\\/avatar\\\/1a09e471f5389b0e0a6416eac287e0927c7c97a7b77f9e787eba3af7aee281dd?s=96&d=mm&r=g\",\"caption\":\"Alexander Wachter\"},\"url\":\"https:\\\/\\\/www.immobilienbusiness.ch\\\/it\\\/author\\\/alexander-wachter\\\/\"}]}<\/script>\n<!-- \/ Yoast SEO plugin. -->","yoast_head_json":{"title":"WSG beruft R\u00fcttimann, Giera und Imhof in den VR - IMMOBILIEN Business","description":"Con l'elezione di tre nuovi membri, la societ\u00e0 di sviluppo di progetti edilizi WSG sta riorganizzando il proprio Consiglio di amministrazione.","robots":{"index":"index","follow":"follow","max-snippet":"max-snippet:-1","max-image-preview":"max-image-preview:large","max-video-preview":"max-video-preview:-1"},"canonical":"https:\/\/www.immobilienbusiness.ch\/it\/personalia\/2023-09-06\/wsg-beruft-ruettimann-giera-und-imhof-in-den-vr\/","og_locale":"it_IT","og_type":"article","og_title":"WSG beruft R\u00fcttimann, Giera und Imhof in den VR - IMMOBILIEN Business","og_description":"Mit der Wahl von drei neuen Mitgliedern organisiert das Bau- Projektentwicklungsunternehmen WSG seinen Verwaltungsrat neu.","og_url":"https:\/\/www.immobilienbusiness.ch\/it\/personalia\/2023-09-06\/wsg-beruft-ruettimann-giera-und-imhof-in-den-vr\/","og_site_name":"IMMOBILIEN Business","article_publisher":"https:\/\/www.facebook.com\/immobilienbusiness\/","article_published_time":"2023-09-06T05:11:22+00:00","article_modified_time":"2023-09-06T10:19:50+00:00","og_image":[{"width":735,"height":367,"url":"https:\/\/www.immobilienbusiness.ch\/wp-content\/uploads\/2023\/09\/WSG.png","type":"image\/png"}],"author":"Alexander Wachter","twitter_card":"summary_large_image","schema":{"@context":"https:\/\/schema.org","@graph":[{"@type":"Article","@id":"https:\/\/www.immobilienbusiness.ch\/en\/personalia\/2023-09-06\/wsg-beruft-ruettimann-giera-und-imhof-in-den-vr\/#article","isPartOf":{"@id":"https:\/\/www.immobilienbusiness.ch\/en\/personalia\/2023-09-06\/wsg-beruft-ruettimann-giera-und-imhof-in-den-vr\/"},"author":{"name":"Alexander Wachter","@id":"https:\/\/www.immobilienbusiness.ch\/#\/schema\/person\/aba8bea2db926aa0c24c08c43fe1fcd5"},"headline":"WSG beruft R\u00fcttimann, Giera und Imhof in den VR","datePublished":"2023-09-06T05:11:22+00:00","dateModified":"2023-09-06T10:19:50+00:00","mainEntityOfPage":{"@id":"https:\/\/www.immobilienbusiness.ch\/en\/personalia\/2023-09-06\/wsg-beruft-ruettimann-giera-und-imhof-in-den-vr\/"},"wordCount":311,"publisher":{"@id":"https:\/\/www.immobilienbusiness.ch\/#organization"},"image":{"@id":"https:\/\/www.immobilienbusiness.ch\/en\/personalia\/2023-09-06\/wsg-beruft-ruettimann-giera-und-imhof-in-den-vr\/#primaryimage"},"thumbnailUrl":"https:\/\/www.immobilienbusiness.ch\/wp-content\/uploads\/2023\/09\/WSG.png","keywords":["Personalia","WSG"],"articleSection":["PERSONALIA"],"inLanguage":"it-IT"},{"@type":"WebPage","@id":"https:\/\/www.immobilienbusiness.ch\/en\/personalia\/2023-09-06\/wsg-beruft-ruettimann-giera-und-imhof-in-den-vr\/","url":"https:\/\/www.immobilienbusiness.ch\/en\/personalia\/2023-09-06\/wsg-beruft-ruettimann-giera-und-imhof-in-den-vr\/","name":"WSG beruft R\u00fcttimann, Giera und Imhof in den VR - IMMOBILIEN Business","isPartOf":{"@id":"https:\/\/www.immobilienbusiness.ch\/#website"},"primaryImageOfPage":{"@id":"https:\/\/www.immobilienbusiness.ch\/en\/personalia\/2023-09-06\/wsg-beruft-ruettimann-giera-und-imhof-in-den-vr\/#primaryimage"},"image":{"@id":"https:\/\/www.immobilienbusiness.ch\/en\/personalia\/2023-09-06\/wsg-beruft-ruettimann-giera-und-imhof-in-den-vr\/#primaryimage"},"thumbnailUrl":"https:\/\/www.immobilienbusiness.ch\/wp-content\/uploads\/2023\/09\/WSG.png","datePublished":"2023-09-06T05:11:22+00:00","dateModified":"2023-09-06T10:19:50+00:00","description":"Con l'elezione di tre nuovi membri, la societ\u00e0 di sviluppo di progetti edilizi WSG sta riorganizzando il proprio Consiglio di amministrazione.","breadcrumb":{"@id":"https:\/\/www.immobilienbusiness.ch\/en\/personalia\/2023-09-06\/wsg-beruft-ruettimann-giera-und-imhof-in-den-vr\/#breadcrumb"},"inLanguage":"it-IT","potentialAction":[{"@type":"ReadAction","target":["https:\/\/www.immobilienbusiness.ch\/en\/personalia\/2023-09-06\/wsg-beruft-ruettimann-giera-und-imhof-in-den-vr\/"]}]},{"@type":"ImageObject","inLanguage":"it-IT","@id":"https:\/\/www.immobilienbusiness.ch\/en\/personalia\/2023-09-06\/wsg-beruft-ruettimann-giera-und-imhof-in-den-vr\/#primaryimage","url":"https:\/\/www.immobilienbusiness.ch\/wp-content\/uploads\/2023\/09\/WSG.png","contentUrl":"https:\/\/www.immobilienbusiness.ch\/wp-content\/uploads\/2023\/09\/WSG.png","width":735,"height":367,"caption":"Mark Imhof, Markus Giera, Marc Mettauer, Martin Krupp, Raymond R\u00fcttimann (von links nach rechts; Bild: WSG)"},{"@type":"BreadcrumbList","@id":"https:\/\/www.immobilienbusiness.ch\/en\/personalia\/2023-09-06\/wsg-beruft-ruettimann-giera-und-imhof-in-den-vr\/#breadcrumb","itemListElement":[{"@type":"ListItem","position":1,"name":"Home","item":"https:\/\/www.immobilienbusiness.ch\/"},{"@type":"ListItem","position":2,"name":"WSG beruft R\u00fcttimann, Giera und Imhof in den VR"}]},{"@type":"WebSite","@id":"https:\/\/www.immobilienbusiness.ch\/#website","url":"https:\/\/www.immobilienbusiness.ch\/","name":"Affari immobiliari","description":"Rivista economica indipendente svizzera che si concentra sul settore immobiliare, l'architettura e la costruzione, nonch\u00e9 sugli investimenti e i finanziamenti.","publisher":{"@id":"https:\/\/www.immobilienbusiness.ch\/#organization"},"potentialAction":[{"@type":"SearchAction","target":{"@type":"EntryPoint","urlTemplate":"https:\/\/www.immobilienbusiness.ch\/?s={search_term_string}"},"query-input":{"@type":"PropertyValueSpecification","valueRequired":true,"valueName":"search_term_string"}}],"inLanguage":"it-IT"},{"@type":"Organization","@id":"https:\/\/www.immobilienbusiness.ch\/#organization","name":"Affari immobiliari","url":"https:\/\/www.immobilienbusiness.ch\/","logo":{"@type":"ImageObject","inLanguage":"it-IT","@id":"https:\/\/www.immobilienbusiness.ch\/#\/schema\/logo\/image\/","url":"https:\/\/www.immobilienbusiness.ch\/wp-content\/uploads\/2021\/07\/logo_ib.png","contentUrl":"https:\/\/www.immobilienbusiness.ch\/wp-content\/uploads\/2021\/07\/logo_ib.png","width":800,"height":181,"caption":"IMMOBILIEN Business"},"image":{"@id":"https:\/\/www.immobilienbusiness.ch\/#\/schema\/logo\/image\/"},"sameAs":["https:\/\/www.facebook.com\/immobilienbusiness\/"]},{"@type":"Person","@id":"https:\/\/www.immobilienbusiness.ch\/#\/schema\/person\/aba8bea2db926aa0c24c08c43fe1fcd5","name":"Alexander Wachter","image":{"@type":"ImageObject","inLanguage":"it-IT","@id":"https:\/\/secure.gravatar.com\/avatar\/1a09e471f5389b0e0a6416eac287e0927c7c97a7b77f9e787eba3af7aee281dd?s=96&d=mm&r=g","url":"https:\/\/secure.gravatar.com\/avatar\/1a09e471f5389b0e0a6416eac287e0927c7c97a7b77f9e787eba3af7aee281dd?s=96&d=mm&r=g","contentUrl":"https:\/\/secure.gravatar.com\/avatar\/1a09e471f5389b0e0a6416eac287e0927c7c97a7b77f9e787eba3af7aee281dd?s=96&d=mm&r=g","caption":"Alexander Wachter"},"url":"https:\/\/www.immobilienbusiness.ch\/it\/author\/alexander-wachter\/"}]}},"_links":{"self":[{"href":"https:\/\/www.immobilienbusiness.ch\/it\/wp-json\/wp\/v2\/posts\/53162","targetHints":{"allow":["GET"]}}],"collection":[{"href":"https:\/\/www.immobilienbusiness.ch\/it\/wp-json\/wp\/v2\/posts"}],"about":[{"href":"https:\/\/www.immobilienbusiness.ch\/it\/wp-json\/wp\/v2\/types\/post"}],"author":[{"embeddable":true,"href":"https:\/\/www.immobilienbusiness.ch\/it\/wp-json\/wp\/v2\/users\/102"}],"replies":[{"embeddable":true,"href":"https:\/\/www.immobilienbusiness.ch\/it\/wp-json\/wp\/v2\/comments?post=53162"}],"version-history":[{"count":3,"href":"https:\/\/www.immobilienbusiness.ch\/it\/wp-json\/wp\/v2\/posts\/53162\/revisions"}],"predecessor-version":[{"id":53193,"href":"https:\/\/www.immobilienbusiness.ch\/it\/wp-json\/wp\/v2\/posts\/53162\/revisions\/53193"}],"wp:featuredmedia":[{"embeddable":true,"href":"https:\/\/www.immobilienbusiness.ch\/it\/wp-json\/wp\/v2\/media\/53163"}],"wp:attachment":[{"href":"https:\/\/www.immobilienbusiness.ch\/it\/wp-json\/wp\/v2\/media?parent=53162"}],"wp:term":[{"taxonomy":"category","embeddable":true,"href":"https:\/\/www.immobilienbusiness.ch\/it\/wp-json\/wp\/v2\/categories?post=53162"},{"taxonomy":"post_tag","embeddable":true,"href":"https:\/\/www.immobilienbusiness.ch\/it\/wp-json\/wp\/v2\/tags?post=53162"}],"curies":[{"name":"wp","href":"https:\/\/api.w.org\/{rel}","templated":true}]}}