{"id":52999,"date":"2023-08-30T07:27:04","date_gmt":"2023-08-30T05:27:04","guid":{"rendered":"https:\/\/www.immobilienbusiness.ch\/?p=52999"},"modified":"2024-09-18T14:38:33","modified_gmt":"2024-09-18T12:38:33","slug":"sbb-immobilien-neue-leiterin","status":"publish","type":"post","link":"https:\/\/www.immobilienbusiness.ch\/it\/personalia\/2023-08-30\/sbb-immobilien-neue-leiterin\/","title":{"rendered":"FFS Immobili nomina un nuovo responsabile"},"content":{"rendered":"<figure id=\"attachment_53000\" aria-describedby=\"caption-attachment-53000\" style=\"width: 571px\" class=\"wp-caption alignnone\"><a href=\"https:\/\/www.immobilienbusiness.ch\/wp-content\/uploads\/2023\/08\/Bichsel.png\"><img loading=\"lazy\" decoding=\"async\" class=\"size-full wp-image-53000\" src=\"https:\/\/www.immobilienbusiness.ch\/wp-content\/uploads\/2023\/08\/Bichsel.png\" alt=\"\" width=\"571\" height=\"350\" srcset=\"https:\/\/www.immobilienbusiness.ch\/wp-content\/uploads\/2023\/08\/Bichsel.png 571w, https:\/\/www.immobilienbusiness.ch\/wp-content\/uploads\/2023\/08\/Bichsel-300x184.png 300w, https:\/\/www.immobilienbusiness.ch\/wp-content\/uploads\/2023\/08\/Bichsel-18x12.png 18w, https:\/\/www.immobilienbusiness.ch\/wp-content\/uploads\/2023\/08\/Bichsel-375x230.png 375w\" sizes=\"auto, (max-width: 571px) 100vw, 571px\" \/><\/a><figcaption id=\"caption-attachment-53000\" class=\"wp-caption-text\">Beatrice Bichsel (Immagine: SBB Real Estate)<\/figcaption><\/figure>\n<p>Succede ad Alexander Muhm, attuale membro della Direzione di FFS Immobili. Alexander Muhm assumer\u00e0 la direzione di FFS Trasporto merci alla fine di giugno 2023.<\/p>\n<p>Bichsel (41 anni) ha lavorato per dodici anni in diverse funzioni presso FFS Immobili. In questo periodo ha acquisito familiarit\u00e0 con le varie sfaccettature dell'attivit\u00e0 e ha svolto un ruolo fondamentale nella creazione della divisione. Da giugno 2020 Beatrice Bichsel \u00e8 responsabile di Facility Management come membro della Direzione generale e, da quando \u00e8 subentrata ad Alexander Muhm di FFS Trasporto merci, \u00e8 responsabile ad interim di FFS Immobili. In qualit\u00e0 di responsabile di Facility Management, ha riallineato strategicamente il reparto, standardizzato la fornitura di servizi in tutta la Svizzera e sviluppato ulteriormente i processi aziendali e l'organizzazione, riferisce FFS Immobili.<\/p>\n<p>Beatrice Bichsel ha conseguito il Bachelor e il Master in Legge presso l'Universit\u00e0 di Berna ed \u00e8 stata ammessa all'albo degli avvocati del Cantone di Berna nel 2008. Recentemente ha conseguito un Executive MBA presso l'Universit\u00e0 di San Gallo. <em>(bw)<\/em><\/p>","protected":false},"excerpt":{"rendered":"<p>Beatrice Bichsel assumer\u00e0 la carica di responsabile di FFS Immobili il 1\u00b0 settembre 2023 e diventer\u00e0 membro della Direzione generale del Gruppo.<\/p>","protected":false},"author":102,"featured_media":53000,"comment_status":"closed","ping_status":"closed","sticky":false,"template":"","format":"standard","meta":{"_acf_changed":false,"_yoast_wpseo_focuskw":"Beatrice Bichsel SBB Immobilien","_yoast_wpseo_title":"","_yoast_wpseo_metadesc":"Beatrice Bichsel wird neue Leiterin von SBB Immobilien. Sie folgt auf Alexander Muhm und bringt umfangreiche Erfahrung und Qualifikationen mit.","_yoast_wpseo_linkdex":52,"pgc_sgb_lightbox_settings":"","footnotes":""},"categories":[1912],"tags":[1563,2114],"class_list":["post-52999","post","type-post","status-publish","format-standard","has-post-thumbnail","hentry","category-personalia","tag-personalia","tag-sbb-immobilien"],"acf":[],"yoast_head":"<!-- This site is optimized with the Yoast SEO plugin v27.4 - https:\/\/yoast.com\/product\/yoast-seo-wordpress\/ -->\n<title>SBB Immobilien ernennt neue Leiterin - IMMOBILIEN Business<\/title>\n<meta name=\"description\" content=\"Beatrice Bichsel wird neue Leiterin von SBB Immobilien. Sie folgt auf Alexander Muhm und bringt umfangreiche Erfahrung und Qualifikationen mit.\" \/>\n<meta name=\"robots\" content=\"index, follow, max-snippet:-1, max-image-preview:large, max-video-preview:-1\" \/>\n<link rel=\"canonical\" href=\"https:\/\/www.immobilienbusiness.ch\/it\/personalia\/2023-08-30\/sbb-immobilien-neue-leiterin\/\" \/>\n<meta property=\"og:locale\" content=\"it_IT\" \/>\n<meta property=\"og:type\" content=\"article\" \/>\n<meta property=\"og:title\" content=\"SBB Immobilien ernennt neue Leiterin - IMMOBILIEN Business\" \/>\n<meta property=\"og:description\" content=\"Beatrice Bichsel wird neue Leiterin von SBB Immobilien. Sie folgt auf Alexander Muhm und bringt umfangreiche Erfahrung und Qualifikationen mit.\" \/>\n<meta property=\"og:url\" content=\"https:\/\/www.immobilienbusiness.ch\/it\/personalia\/2023-08-30\/sbb-immobilien-neue-leiterin\/\" \/>\n<meta property=\"og:site_name\" content=\"IMMOBILIEN Business\" \/>\n<meta property=\"article:publisher\" content=\"https:\/\/www.facebook.com\/immobilienbusiness\/\" \/>\n<meta property=\"article:published_time\" content=\"2023-08-30T05:27:04+00:00\" \/>\n<meta property=\"article:modified_time\" content=\"2024-09-18T12:38:33+00:00\" \/>\n<meta property=\"og:image\" content=\"https:\/\/www.immobilienbusiness.ch\/wp-content\/uploads\/2023\/08\/Bichsel.png\" \/>\n\t<meta property=\"og:image:width\" content=\"571\" \/>\n\t<meta property=\"og:image:height\" content=\"350\" \/>\n\t<meta property=\"og:image:type\" content=\"image\/png\" \/>\n<meta name=\"author\" content=\"Alexander Wachter\" \/>\n<meta name=\"twitter:card\" content=\"summary_large_image\" \/>\n<script type=\"application\/ld+json\" class=\"yoast-schema-graph\">{\"@context\":\"https:\\\/\\\/schema.org\",\"@graph\":[{\"@type\":\"Article\",\"@id\":\"https:\\\/\\\/www.immobilienbusiness.ch\\\/de\\\/personalia\\\/2023-08-30\\\/sbb-immobilien-neue-leiterin\\\/#article\",\"isPartOf\":{\"@id\":\"https:\\\/\\\/www.immobilienbusiness.ch\\\/de\\\/personalia\\\/2023-08-30\\\/sbb-immobilien-neue-leiterin\\\/\"},\"author\":{\"name\":\"Alexander Wachter\",\"@id\":\"https:\\\/\\\/www.immobilienbusiness.ch\\\/#\\\/schema\\\/person\\\/aba8bea2db926aa0c24c08c43fe1fcd5\"},\"headline\":\"SBB Immobilien ernennt neue Leiterin\",\"datePublished\":\"2023-08-30T05:27:04+00:00\",\"dateModified\":\"2024-09-18T12:38:33+00:00\",\"mainEntityOfPage\":{\"@id\":\"https:\\\/\\\/www.immobilienbusiness.ch\\\/de\\\/personalia\\\/2023-08-30\\\/sbb-immobilien-neue-leiterin\\\/\"},\"wordCount\":170,\"publisher\":{\"@id\":\"https:\\\/\\\/www.immobilienbusiness.ch\\\/#organization\"},\"image\":{\"@id\":\"https:\\\/\\\/www.immobilienbusiness.ch\\\/de\\\/personalia\\\/2023-08-30\\\/sbb-immobilien-neue-leiterin\\\/#primaryimage\"},\"thumbnailUrl\":\"https:\\\/\\\/www.immobilienbusiness.ch\\\/wp-content\\\/uploads\\\/2023\\\/08\\\/Bichsel.png\",\"keywords\":[\"Personalia\",\"SBB Immobilien\"],\"articleSection\":[\"PERSONALIA\"],\"inLanguage\":\"it-IT\"},{\"@type\":\"WebPage\",\"@id\":\"https:\\\/\\\/www.immobilienbusiness.ch\\\/de\\\/personalia\\\/2023-08-30\\\/sbb-immobilien-neue-leiterin\\\/\",\"url\":\"https:\\\/\\\/www.immobilienbusiness.ch\\\/de\\\/personalia\\\/2023-08-30\\\/sbb-immobilien-neue-leiterin\\\/\",\"name\":\"SBB Immobilien ernennt neue Leiterin - IMMOBILIEN Business\",\"isPartOf\":{\"@id\":\"https:\\\/\\\/www.immobilienbusiness.ch\\\/#website\"},\"primaryImageOfPage\":{\"@id\":\"https:\\\/\\\/www.immobilienbusiness.ch\\\/de\\\/personalia\\\/2023-08-30\\\/sbb-immobilien-neue-leiterin\\\/#primaryimage\"},\"image\":{\"@id\":\"https:\\\/\\\/www.immobilienbusiness.ch\\\/de\\\/personalia\\\/2023-08-30\\\/sbb-immobilien-neue-leiterin\\\/#primaryimage\"},\"thumbnailUrl\":\"https:\\\/\\\/www.immobilienbusiness.ch\\\/wp-content\\\/uploads\\\/2023\\\/08\\\/Bichsel.png\",\"datePublished\":\"2023-08-30T05:27:04+00:00\",\"dateModified\":\"2024-09-18T12:38:33+00:00\",\"description\":\"Beatrice Bichsel wird neue Leiterin von SBB Immobilien. Sie folgt auf Alexander Muhm und bringt umfangreiche Erfahrung und Qualifikationen mit.\",\"breadcrumb\":{\"@id\":\"https:\\\/\\\/www.immobilienbusiness.ch\\\/de\\\/personalia\\\/2023-08-30\\\/sbb-immobilien-neue-leiterin\\\/#breadcrumb\"},\"inLanguage\":\"it-IT\",\"potentialAction\":[{\"@type\":\"ReadAction\",\"target\":[\"https:\\\/\\\/www.immobilienbusiness.ch\\\/de\\\/personalia\\\/2023-08-30\\\/sbb-immobilien-neue-leiterin\\\/\"]}]},{\"@type\":\"ImageObject\",\"inLanguage\":\"it-IT\",\"@id\":\"https:\\\/\\\/www.immobilienbusiness.ch\\\/de\\\/personalia\\\/2023-08-30\\\/sbb-immobilien-neue-leiterin\\\/#primaryimage\",\"url\":\"https:\\\/\\\/www.immobilienbusiness.ch\\\/wp-content\\\/uploads\\\/2023\\\/08\\\/Bichsel.png\",\"contentUrl\":\"https:\\\/\\\/www.immobilienbusiness.ch\\\/wp-content\\\/uploads\\\/2023\\\/08\\\/Bichsel.png\",\"width\":571,\"height\":350,\"caption\":\"Beatrice Bichsel (Bild: SBB Immobilien)\"},{\"@type\":\"BreadcrumbList\",\"@id\":\"https:\\\/\\\/www.immobilienbusiness.ch\\\/de\\\/personalia\\\/2023-08-30\\\/sbb-immobilien-neue-leiterin\\\/#breadcrumb\",\"itemListElement\":[{\"@type\":\"ListItem\",\"position\":1,\"name\":\"Home\",\"item\":\"https:\\\/\\\/www.immobilienbusiness.ch\\\/\"},{\"@type\":\"ListItem\",\"position\":2,\"name\":\"SBB Immobilien ernennt neue Leiterin\"}]},{\"@type\":\"WebSite\",\"@id\":\"https:\\\/\\\/www.immobilienbusiness.ch\\\/#website\",\"url\":\"https:\\\/\\\/www.immobilienbusiness.ch\\\/\",\"name\":\"IMMOBILIEN Business\",\"description\":\"Unabh\u00e4ngiges Schweizer Wirtschaftsmagazin mit Fokus auf Immobilien, Architektur- und Bau sowie Investment- und Finanzierung.\",\"publisher\":{\"@id\":\"https:\\\/\\\/www.immobilienbusiness.ch\\\/#organization\"},\"potentialAction\":[{\"@type\":\"SearchAction\",\"target\":{\"@type\":\"EntryPoint\",\"urlTemplate\":\"https:\\\/\\\/www.immobilienbusiness.ch\\\/?s={search_term_string}\"},\"query-input\":{\"@type\":\"PropertyValueSpecification\",\"valueRequired\":true,\"valueName\":\"search_term_string\"}}],\"inLanguage\":\"it-IT\"},{\"@type\":\"Organization\",\"@id\":\"https:\\\/\\\/www.immobilienbusiness.ch\\\/#organization\",\"name\":\"IMMOBILIEN Business\",\"url\":\"https:\\\/\\\/www.immobilienbusiness.ch\\\/\",\"logo\":{\"@type\":\"ImageObject\",\"inLanguage\":\"it-IT\",\"@id\":\"https:\\\/\\\/www.immobilienbusiness.ch\\\/#\\\/schema\\\/logo\\\/image\\\/\",\"url\":\"https:\\\/\\\/www.immobilienbusiness.ch\\\/wp-content\\\/uploads\\\/2021\\\/07\\\/logo_ib.png\",\"contentUrl\":\"https:\\\/\\\/www.immobilienbusiness.ch\\\/wp-content\\\/uploads\\\/2021\\\/07\\\/logo_ib.png\",\"width\":800,\"height\":181,\"caption\":\"IMMOBILIEN Business\"},\"image\":{\"@id\":\"https:\\\/\\\/www.immobilienbusiness.ch\\\/#\\\/schema\\\/logo\\\/image\\\/\"},\"sameAs\":[\"https:\\\/\\\/www.facebook.com\\\/immobilienbusiness\\\/\"]},{\"@type\":\"Person\",\"@id\":\"https:\\\/\\\/www.immobilienbusiness.ch\\\/#\\\/schema\\\/person\\\/aba8bea2db926aa0c24c08c43fe1fcd5\",\"name\":\"Alexander Wachter\",\"image\":{\"@type\":\"ImageObject\",\"inLanguage\":\"it-IT\",\"@id\":\"https:\\\/\\\/secure.gravatar.com\\\/avatar\\\/1a09e471f5389b0e0a6416eac287e0927c7c97a7b77f9e787eba3af7aee281dd?s=96&d=mm&r=g\",\"url\":\"https:\\\/\\\/secure.gravatar.com\\\/avatar\\\/1a09e471f5389b0e0a6416eac287e0927c7c97a7b77f9e787eba3af7aee281dd?s=96&d=mm&r=g\",\"contentUrl\":\"https:\\\/\\\/secure.gravatar.com\\\/avatar\\\/1a09e471f5389b0e0a6416eac287e0927c7c97a7b77f9e787eba3af7aee281dd?s=96&d=mm&r=g\",\"caption\":\"Alexander Wachter\"},\"url\":\"https:\\\/\\\/www.immobilienbusiness.ch\\\/it\\\/author\\\/alexander-wachter\\\/\"}]}<\/script>\n<!-- \/ Yoast SEO plugin. -->","yoast_head_json":{"title":"SBB Immobilien ernennt neue Leiterin - IMMOBILIEN Business","description":"Beatrice Bichsel wird neue Leiterin von SBB Immobilien. Sie folgt auf Alexander Muhm und bringt umfangreiche Erfahrung und Qualifikationen mit.","robots":{"index":"index","follow":"follow","max-snippet":"max-snippet:-1","max-image-preview":"max-image-preview:large","max-video-preview":"max-video-preview:-1"},"canonical":"https:\/\/www.immobilienbusiness.ch\/it\/personalia\/2023-08-30\/sbb-immobilien-neue-leiterin\/","og_locale":"it_IT","og_type":"article","og_title":"SBB Immobilien ernennt neue Leiterin - IMMOBILIEN Business","og_description":"Beatrice Bichsel wird neue Leiterin von SBB Immobilien. Sie folgt auf Alexander Muhm und bringt umfangreiche Erfahrung und Qualifikationen mit.","og_url":"https:\/\/www.immobilienbusiness.ch\/it\/personalia\/2023-08-30\/sbb-immobilien-neue-leiterin\/","og_site_name":"IMMOBILIEN Business","article_publisher":"https:\/\/www.facebook.com\/immobilienbusiness\/","article_published_time":"2023-08-30T05:27:04+00:00","article_modified_time":"2024-09-18T12:38:33+00:00","og_image":[{"width":571,"height":350,"url":"https:\/\/www.immobilienbusiness.ch\/wp-content\/uploads\/2023\/08\/Bichsel.png","type":"image\/png"}],"author":"Alexander Wachter","twitter_card":"summary_large_image","schema":{"@context":"https:\/\/schema.org","@graph":[{"@type":"Article","@id":"https:\/\/www.immobilienbusiness.ch\/de\/personalia\/2023-08-30\/sbb-immobilien-neue-leiterin\/#article","isPartOf":{"@id":"https:\/\/www.immobilienbusiness.ch\/de\/personalia\/2023-08-30\/sbb-immobilien-neue-leiterin\/"},"author":{"name":"Alexander Wachter","@id":"https:\/\/www.immobilienbusiness.ch\/#\/schema\/person\/aba8bea2db926aa0c24c08c43fe1fcd5"},"headline":"SBB Immobilien ernennt neue Leiterin","datePublished":"2023-08-30T05:27:04+00:00","dateModified":"2024-09-18T12:38:33+00:00","mainEntityOfPage":{"@id":"https:\/\/www.immobilienbusiness.ch\/de\/personalia\/2023-08-30\/sbb-immobilien-neue-leiterin\/"},"wordCount":170,"publisher":{"@id":"https:\/\/www.immobilienbusiness.ch\/#organization"},"image":{"@id":"https:\/\/www.immobilienbusiness.ch\/de\/personalia\/2023-08-30\/sbb-immobilien-neue-leiterin\/#primaryimage"},"thumbnailUrl":"https:\/\/www.immobilienbusiness.ch\/wp-content\/uploads\/2023\/08\/Bichsel.png","keywords":["Personalia","SBB Immobilien"],"articleSection":["PERSONALIA"],"inLanguage":"it-IT"},{"@type":"WebPage","@id":"https:\/\/www.immobilienbusiness.ch\/de\/personalia\/2023-08-30\/sbb-immobilien-neue-leiterin\/","url":"https:\/\/www.immobilienbusiness.ch\/de\/personalia\/2023-08-30\/sbb-immobilien-neue-leiterin\/","name":"SBB Immobilien ernennt neue Leiterin - IMMOBILIEN Business","isPartOf":{"@id":"https:\/\/www.immobilienbusiness.ch\/#website"},"primaryImageOfPage":{"@id":"https:\/\/www.immobilienbusiness.ch\/de\/personalia\/2023-08-30\/sbb-immobilien-neue-leiterin\/#primaryimage"},"image":{"@id":"https:\/\/www.immobilienbusiness.ch\/de\/personalia\/2023-08-30\/sbb-immobilien-neue-leiterin\/#primaryimage"},"thumbnailUrl":"https:\/\/www.immobilienbusiness.ch\/wp-content\/uploads\/2023\/08\/Bichsel.png","datePublished":"2023-08-30T05:27:04+00:00","dateModified":"2024-09-18T12:38:33+00:00","description":"Beatrice Bichsel wird neue Leiterin von SBB Immobilien. Sie folgt auf Alexander Muhm und bringt umfangreiche Erfahrung und Qualifikationen mit.","breadcrumb":{"@id":"https:\/\/www.immobilienbusiness.ch\/de\/personalia\/2023-08-30\/sbb-immobilien-neue-leiterin\/#breadcrumb"},"inLanguage":"it-IT","potentialAction":[{"@type":"ReadAction","target":["https:\/\/www.immobilienbusiness.ch\/de\/personalia\/2023-08-30\/sbb-immobilien-neue-leiterin\/"]}]},{"@type":"ImageObject","inLanguage":"it-IT","@id":"https:\/\/www.immobilienbusiness.ch\/de\/personalia\/2023-08-30\/sbb-immobilien-neue-leiterin\/#primaryimage","url":"https:\/\/www.immobilienbusiness.ch\/wp-content\/uploads\/2023\/08\/Bichsel.png","contentUrl":"https:\/\/www.immobilienbusiness.ch\/wp-content\/uploads\/2023\/08\/Bichsel.png","width":571,"height":350,"caption":"Beatrice Bichsel (Bild: SBB Immobilien)"},{"@type":"BreadcrumbList","@id":"https:\/\/www.immobilienbusiness.ch\/de\/personalia\/2023-08-30\/sbb-immobilien-neue-leiterin\/#breadcrumb","itemListElement":[{"@type":"ListItem","position":1,"name":"Home","item":"https:\/\/www.immobilienbusiness.ch\/"},{"@type":"ListItem","position":2,"name":"SBB Immobilien ernennt neue Leiterin"}]},{"@type":"WebSite","@id":"https:\/\/www.immobilienbusiness.ch\/#website","url":"https:\/\/www.immobilienbusiness.ch\/","name":"Affari immobiliari","description":"Rivista economica indipendente svizzera che si concentra sul settore immobiliare, l'architettura e la costruzione, nonch\u00e9 sugli investimenti e i finanziamenti.","publisher":{"@id":"https:\/\/www.immobilienbusiness.ch\/#organization"},"potentialAction":[{"@type":"SearchAction","target":{"@type":"EntryPoint","urlTemplate":"https:\/\/www.immobilienbusiness.ch\/?s={search_term_string}"},"query-input":{"@type":"PropertyValueSpecification","valueRequired":true,"valueName":"search_term_string"}}],"inLanguage":"it-IT"},{"@type":"Organization","@id":"https:\/\/www.immobilienbusiness.ch\/#organization","name":"Affari immobiliari","url":"https:\/\/www.immobilienbusiness.ch\/","logo":{"@type":"ImageObject","inLanguage":"it-IT","@id":"https:\/\/www.immobilienbusiness.ch\/#\/schema\/logo\/image\/","url":"https:\/\/www.immobilienbusiness.ch\/wp-content\/uploads\/2021\/07\/logo_ib.png","contentUrl":"https:\/\/www.immobilienbusiness.ch\/wp-content\/uploads\/2021\/07\/logo_ib.png","width":800,"height":181,"caption":"IMMOBILIEN Business"},"image":{"@id":"https:\/\/www.immobilienbusiness.ch\/#\/schema\/logo\/image\/"},"sameAs":["https:\/\/www.facebook.com\/immobilienbusiness\/"]},{"@type":"Person","@id":"https:\/\/www.immobilienbusiness.ch\/#\/schema\/person\/aba8bea2db926aa0c24c08c43fe1fcd5","name":"Alexander Wachter","image":{"@type":"ImageObject","inLanguage":"it-IT","@id":"https:\/\/secure.gravatar.com\/avatar\/1a09e471f5389b0e0a6416eac287e0927c7c97a7b77f9e787eba3af7aee281dd?s=96&d=mm&r=g","url":"https:\/\/secure.gravatar.com\/avatar\/1a09e471f5389b0e0a6416eac287e0927c7c97a7b77f9e787eba3af7aee281dd?s=96&d=mm&r=g","contentUrl":"https:\/\/secure.gravatar.com\/avatar\/1a09e471f5389b0e0a6416eac287e0927c7c97a7b77f9e787eba3af7aee281dd?s=96&d=mm&r=g","caption":"Alexander Wachter"},"url":"https:\/\/www.immobilienbusiness.ch\/it\/author\/alexander-wachter\/"}]}},"_links":{"self":[{"href":"https:\/\/www.immobilienbusiness.ch\/it\/wp-json\/wp\/v2\/posts\/52999","targetHints":{"allow":["GET"]}}],"collection":[{"href":"https:\/\/www.immobilienbusiness.ch\/it\/wp-json\/wp\/v2\/posts"}],"about":[{"href":"https:\/\/www.immobilienbusiness.ch\/it\/wp-json\/wp\/v2\/types\/post"}],"author":[{"embeddable":true,"href":"https:\/\/www.immobilienbusiness.ch\/it\/wp-json\/wp\/v2\/users\/102"}],"replies":[{"embeddable":true,"href":"https:\/\/www.immobilienbusiness.ch\/it\/wp-json\/wp\/v2\/comments?post=52999"}],"version-history":[{"count":2,"href":"https:\/\/www.immobilienbusiness.ch\/it\/wp-json\/wp\/v2\/posts\/52999\/revisions"}],"predecessor-version":[{"id":53002,"href":"https:\/\/www.immobilienbusiness.ch\/it\/wp-json\/wp\/v2\/posts\/52999\/revisions\/53002"}],"wp:featuredmedia":[{"embeddable":true,"href":"https:\/\/www.immobilienbusiness.ch\/it\/wp-json\/wp\/v2\/media\/53000"}],"wp:attachment":[{"href":"https:\/\/www.immobilienbusiness.ch\/it\/wp-json\/wp\/v2\/media?parent=52999"}],"wp:term":[{"taxonomy":"category","embeddable":true,"href":"https:\/\/www.immobilienbusiness.ch\/it\/wp-json\/wp\/v2\/categories?post=52999"},{"taxonomy":"post_tag","embeddable":true,"href":"https:\/\/www.immobilienbusiness.ch\/it\/wp-json\/wp\/v2\/tags?post=52999"}],"curies":[{"name":"wp","href":"https:\/\/api.w.org\/{rel}","templated":true}]}}