{"id":527,"date":"2015-08-21T10:54:29","date_gmt":"2015-08-21T08:54:29","guid":{"rendered":"http:\/\/dev.immobilienbusiness.ch\/?p=527"},"modified":"2015-08-21T10:54:29","modified_gmt":"2015-08-21T08:54:29","slug":"coop-lanciert-neues-ladenkonzept","status":"publish","type":"post","link":"https:\/\/www.immobilienbusiness.ch\/it\/retail\/2015-08-21\/coop-lanciert-neues-ladenkonzept\/","title":{"rendered":"Coop lancia un nuovo concetto di negozio"},"content":{"rendered":"<figure id=\"attachment_4683\" aria-describedby=\"caption-attachment-4683\" style=\"width: 680px\" class=\"wp-caption alignnone\"><img loading=\"lazy\" decoding=\"async\" class=\"wp-image-4683 size-medium\" src=\"https:\/\/immobilienbusiness.ch\/wp-content\/uploads\/2015\/08\/Coop-lanciert-neues-Ladenkonzept-immobilien-business.jpg\" width=\"680\" height=\"453\" srcset=\"https:\/\/www.immobilienbusiness.ch\/wp-content\/uploads\/2015\/08\/Coop-lanciert-neues-Ladenkonzept-immobilien-business.jpg 2560w, https:\/\/www.immobilienbusiness.ch\/wp-content\/uploads\/2015\/08\/Coop-lanciert-neues-Ladenkonzept-immobilien-business-300x200.jpg 300w, https:\/\/www.immobilienbusiness.ch\/wp-content\/uploads\/2015\/08\/Coop-lanciert-neues-Ladenkonzept-immobilien-business-1024x683.jpg 1024w, https:\/\/www.immobilienbusiness.ch\/wp-content\/uploads\/2015\/08\/Coop-lanciert-neues-Ladenkonzept-immobilien-business-768x512.jpg 768w, https:\/\/www.immobilienbusiness.ch\/wp-content\/uploads\/2015\/08\/Coop-lanciert-neues-Ladenkonzept-immobilien-business-1536x1024.jpg 1536w, https:\/\/www.immobilienbusiness.ch\/wp-content\/uploads\/2015\/08\/Coop-lanciert-neues-Ladenkonzept-immobilien-business-2048x1366.jpg 2048w, https:\/\/www.immobilienbusiness.ch\/wp-content\/uploads\/2015\/08\/Coop-lanciert-neues-Ladenkonzept-immobilien-business-16x12.jpg 16w, https:\/\/www.immobilienbusiness.ch\/wp-content\/uploads\/2015\/08\/Coop-lanciert-neues-Ladenkonzept-immobilien-business-262x175.jpg 262w, https:\/\/www.immobilienbusiness.ch\/wp-content\/uploads\/2015\/08\/Coop-lanciert-neues-Ladenkonzept-immobilien-business-525x350.jpg 525w, https:\/\/www.immobilienbusiness.ch\/wp-content\/uploads\/2015\/08\/Coop-lanciert-neues-Ladenkonzept-immobilien-business-1200x800.jpg 1200w, https:\/\/www.immobilienbusiness.ch\/wp-content\/uploads\/2015\/08\/Coop-lanciert-neues-Ladenkonzept-immobilien-business-920x614.jpg 920w, https:\/\/www.immobilienbusiness.ch\/wp-content\/uploads\/2015\/08\/Coop-lanciert-neues-Ladenkonzept-immobilien-business-1400x934.jpg 1400w\" sizes=\"auto, (max-width: 680px) 100vw, 680px\" \/><figcaption id=\"caption-attachment-4683\" class=\"wp-caption-text\">Vista interna di una filiale Coop-to-go (Foto: Coop)<\/figcaption><\/figure>\n<p>L'offerta comprende, per esempio, un muesli e un salad bar e prodotti da asporto come frullati fatti in casa o piccoli pani.<\/p>\n<p>Coop vede un grande potenziale nel concetto. Come scrive l'azienda in un comunicato stampa, l'anno scorso sono stati spesi oltre 2,6 miliardi di franchi per il fast food. Soprattutto nei giorni feriali, molti, soprattutto giovani consumatori, passano sempre meno tempo a preparare il cibo. Allo stesso tempo, per\u00f2, la domanda di cibo fresco e sano sta crescendo. (ah)<\/p>","protected":false},"excerpt":{"rendered":"<p>Il rivenditore al dettaglio Coop sta lanciando un nuovo concetto di negozio chiamato \"Coop to go\", che \u00e8 orientato alla ristorazione fuori casa. Il primo negozio ha aperto il 19 agosto alla stazione Stadelhofen di Zurigo, con altri 50 punti vendita che seguiranno nei prossimi cinque anni.<\/p>","protected":false},"author":1,"featured_media":4683,"comment_status":"open","ping_status":"open","sticky":false,"template":"","format":"standard","meta":{"_acf_changed":false,"_yoast_wpseo_focuskw":"neues Ladenkonzept Coop","_yoast_wpseo_title":"Neues Ladenkonzept Coop: Frisch, modern, kundenorientiert","_yoast_wpseo_metadesc":"Coop investiert in ein innovatives Ladenkonzept mit Salatbar und Take-away-Angeboten, um den steigenden Bedarf an frischem und gesundem Essen zu decken.","_yoast_wpseo_linkdex":48,"pgc_sgb_lightbox_settings":"","footnotes":""},"categories":[987,988],"tags":[1643,1807],"class_list":["post-527","post","type-post","status-publish","format-standard","has-post-thumbnail","hentry","category-retail","category-unternehmen","tag-retail","tag-unternehmen"],"acf":[],"yoast_head":"<!-- This site is optimized with the Yoast SEO plugin v27.4 - https:\/\/yoast.com\/product\/yoast-seo-wordpress\/ -->\n<title>Neues Ladenkonzept Coop: Frisch, modern, kundenorientiert<\/title>\n<meta name=\"description\" content=\"Coop investiert in ein innovatives Ladenkonzept mit Salatbar und Take-away-Angeboten, um den steigenden Bedarf an frischem und gesundem Essen zu decken.\" \/>\n<meta name=\"robots\" content=\"index, follow, max-snippet:-1, max-image-preview:large, max-video-preview:-1\" \/>\n<link rel=\"canonical\" href=\"https:\/\/www.immobilienbusiness.ch\/it\/retail\/2015-08-21\/coop-lanciert-neues-ladenkonzept\/\" \/>\n<meta property=\"og:locale\" content=\"it_IT\" \/>\n<meta property=\"og:type\" content=\"article\" \/>\n<meta property=\"og:title\" content=\"Coop lanciert neues Ladenkonzept\" \/>\n<meta property=\"og:description\" content=\"Die Detailh\u00e4ndlerin Coop lanciert unter dem Namen \u00abCoop to go\u00bb ein neues Ladenkonzept, das sich auf die Ausserhausverpflegung ausrichtet. Die erste Filiale hat am 19. August im Bahnhof Z\u00fcrich Stadelhofen er\u00f6ffnet, 50 weitere Verkaufsstellen sollen in den n\u00e4chsten f\u00fcnf Jahren folgen.\" \/>\n<meta property=\"og:url\" content=\"https:\/\/www.immobilienbusiness.ch\/it\/retail\/2015-08-21\/coop-lanciert-neues-ladenkonzept\/\" \/>\n<meta property=\"og:site_name\" content=\"IMMOBILIEN Business\" \/>\n<meta property=\"article:publisher\" content=\"https:\/\/www.facebook.com\/immobilienbusiness\/\" \/>\n<meta property=\"article:published_time\" content=\"2015-08-21T08:54:29+00:00\" \/>\n<meta name=\"author\" content=\"Redaktion\" \/>\n<meta name=\"twitter:card\" content=\"summary_large_image\" \/>\n<meta name=\"twitter:image\" content=\"https:\/\/www.immobilienbusiness.ch\/wp-content\/uploads\/2015\/08\/Coop-lanciert-neues-Ladenkonzept-immobilien-business.jpg\" \/>\n<script type=\"application\/ld+json\" class=\"yoast-schema-graph\">{\"@context\":\"https:\\\/\\\/schema.org\",\"@graph\":[{\"@type\":\"Article\",\"@id\":\"https:\\\/\\\/www.immobilienbusiness.ch\\\/retail\\\/2015-08-21\\\/coop-lanciert-neues-ladenkonzept\\\/#article\",\"isPartOf\":{\"@id\":\"https:\\\/\\\/www.immobilienbusiness.ch\\\/retail\\\/2015-08-21\\\/coop-lanciert-neues-ladenkonzept\\\/\"},\"author\":{\"name\":\"Redaktion\",\"@id\":\"https:\\\/\\\/www.immobilienbusiness.ch\\\/#\\\/schema\\\/person\\\/aa2bace6c5c5aad60102004a50c4eb1c\"},\"headline\":\"Coop lanciert neues Ladenkonzept\",\"datePublished\":\"2015-08-21T08:54:29+00:00\",\"mainEntityOfPage\":{\"@id\":\"https:\\\/\\\/www.immobilienbusiness.ch\\\/retail\\\/2015-08-21\\\/coop-lanciert-neues-ladenkonzept\\\/\"},\"wordCount\":89,\"commentCount\":0,\"publisher\":{\"@id\":\"https:\\\/\\\/www.immobilienbusiness.ch\\\/#organization\"},\"image\":{\"@id\":\"https:\\\/\\\/www.immobilienbusiness.ch\\\/retail\\\/2015-08-21\\\/coop-lanciert-neues-ladenkonzept\\\/#primaryimage\"},\"thumbnailUrl\":\"https:\\\/\\\/www.immobilienbusiness.ch\\\/wp-content\\\/uploads\\\/2015\\\/08\\\/Coop-lanciert-neues-Ladenkonzept-immobilien-business.jpg\",\"keywords\":[\"Retail\",\"Unternehmen\"],\"articleSection\":[\"RETAIL\",\"UNTERNEHMEN\"],\"inLanguage\":\"it-IT\"},{\"@type\":\"WebPage\",\"@id\":\"https:\\\/\\\/www.immobilienbusiness.ch\\\/retail\\\/2015-08-21\\\/coop-lanciert-neues-ladenkonzept\\\/\",\"url\":\"https:\\\/\\\/www.immobilienbusiness.ch\\\/retail\\\/2015-08-21\\\/coop-lanciert-neues-ladenkonzept\\\/\",\"name\":\"Neues Ladenkonzept Coop: Frisch, modern, kundenorientiert\",\"isPartOf\":{\"@id\":\"https:\\\/\\\/www.immobilienbusiness.ch\\\/#website\"},\"primaryImageOfPage\":{\"@id\":\"https:\\\/\\\/www.immobilienbusiness.ch\\\/retail\\\/2015-08-21\\\/coop-lanciert-neues-ladenkonzept\\\/#primaryimage\"},\"image\":{\"@id\":\"https:\\\/\\\/www.immobilienbusiness.ch\\\/retail\\\/2015-08-21\\\/coop-lanciert-neues-ladenkonzept\\\/#primaryimage\"},\"thumbnailUrl\":\"https:\\\/\\\/www.immobilienbusiness.ch\\\/wp-content\\\/uploads\\\/2015\\\/08\\\/Coop-lanciert-neues-Ladenkonzept-immobilien-business.jpg\",\"datePublished\":\"2015-08-21T08:54:29+00:00\",\"description\":\"Coop investiert in ein innovatives Ladenkonzept mit Salatbar und Take-away-Angeboten, um den steigenden Bedarf an frischem und gesundem Essen zu decken.\",\"breadcrumb\":{\"@id\":\"https:\\\/\\\/www.immobilienbusiness.ch\\\/retail\\\/2015-08-21\\\/coop-lanciert-neues-ladenkonzept\\\/#breadcrumb\"},\"inLanguage\":\"it-IT\",\"potentialAction\":[{\"@type\":\"ReadAction\",\"target\":[\"https:\\\/\\\/www.immobilienbusiness.ch\\\/retail\\\/2015-08-21\\\/coop-lanciert-neues-ladenkonzept\\\/\"]}]},{\"@type\":\"ImageObject\",\"inLanguage\":\"it-IT\",\"@id\":\"https:\\\/\\\/www.immobilienbusiness.ch\\\/retail\\\/2015-08-21\\\/coop-lanciert-neues-ladenkonzept\\\/#primaryimage\",\"url\":\"https:\\\/\\\/www.immobilienbusiness.ch\\\/wp-content\\\/uploads\\\/2015\\\/08\\\/Coop-lanciert-neues-Ladenkonzept-immobilien-business.jpg\",\"contentUrl\":\"https:\\\/\\\/www.immobilienbusiness.ch\\\/wp-content\\\/uploads\\\/2015\\\/08\\\/Coop-lanciert-neues-Ladenkonzept-immobilien-business.jpg\",\"width\":2560,\"height\":1707,\"caption\":\"Innenansicht einer Coop-to-go-Filiale (Foto: Coop)\"},{\"@type\":\"BreadcrumbList\",\"@id\":\"https:\\\/\\\/www.immobilienbusiness.ch\\\/retail\\\/2015-08-21\\\/coop-lanciert-neues-ladenkonzept\\\/#breadcrumb\",\"itemListElement\":[{\"@type\":\"ListItem\",\"position\":1,\"name\":\"Home\",\"item\":\"https:\\\/\\\/www.immobilienbusiness.ch\\\/\"},{\"@type\":\"ListItem\",\"position\":2,\"name\":\"Coop lanciert neues Ladenkonzept\"}]},{\"@type\":\"WebSite\",\"@id\":\"https:\\\/\\\/www.immobilienbusiness.ch\\\/#website\",\"url\":\"https:\\\/\\\/www.immobilienbusiness.ch\\\/\",\"name\":\"IMMOBILIEN Business\",\"description\":\"Unabh\u00e4ngiges Schweizer Wirtschaftsmagazin mit Fokus auf Immobilien, Architektur- und Bau sowie Investment- und Finanzierung.\",\"publisher\":{\"@id\":\"https:\\\/\\\/www.immobilienbusiness.ch\\\/#organization\"},\"potentialAction\":[{\"@type\":\"SearchAction\",\"target\":{\"@type\":\"EntryPoint\",\"urlTemplate\":\"https:\\\/\\\/www.immobilienbusiness.ch\\\/?s={search_term_string}\"},\"query-input\":{\"@type\":\"PropertyValueSpecification\",\"valueRequired\":true,\"valueName\":\"search_term_string\"}}],\"inLanguage\":\"it-IT\"},{\"@type\":\"Organization\",\"@id\":\"https:\\\/\\\/www.immobilienbusiness.ch\\\/#organization\",\"name\":\"IMMOBILIEN Business\",\"url\":\"https:\\\/\\\/www.immobilienbusiness.ch\\\/\",\"logo\":{\"@type\":\"ImageObject\",\"inLanguage\":\"it-IT\",\"@id\":\"https:\\\/\\\/www.immobilienbusiness.ch\\\/#\\\/schema\\\/logo\\\/image\\\/\",\"url\":\"https:\\\/\\\/www.immobilienbusiness.ch\\\/wp-content\\\/uploads\\\/2021\\\/07\\\/logo_ib.png\",\"contentUrl\":\"https:\\\/\\\/www.immobilienbusiness.ch\\\/wp-content\\\/uploads\\\/2021\\\/07\\\/logo_ib.png\",\"width\":800,\"height\":181,\"caption\":\"IMMOBILIEN Business\"},\"image\":{\"@id\":\"https:\\\/\\\/www.immobilienbusiness.ch\\\/#\\\/schema\\\/logo\\\/image\\\/\"},\"sameAs\":[\"https:\\\/\\\/www.facebook.com\\\/immobilienbusiness\\\/\"]},{\"@type\":\"Person\",\"@id\":\"https:\\\/\\\/www.immobilienbusiness.ch\\\/#\\\/schema\\\/person\\\/aa2bace6c5c5aad60102004a50c4eb1c\",\"name\":\"Redaktion\",\"image\":{\"@type\":\"ImageObject\",\"inLanguage\":\"it-IT\",\"@id\":\"https:\\\/\\\/secure.gravatar.com\\\/avatar\\\/ae2f4d718e6c49043e314ce431e7e645d646302a24a5ef5a8bc8e3f5a032e319?s=96&d=mm&r=g\",\"url\":\"https:\\\/\\\/secure.gravatar.com\\\/avatar\\\/ae2f4d718e6c49043e314ce431e7e645d646302a24a5ef5a8bc8e3f5a032e319?s=96&d=mm&r=g\",\"contentUrl\":\"https:\\\/\\\/secure.gravatar.com\\\/avatar\\\/ae2f4d718e6c49043e314ce431e7e645d646302a24a5ef5a8bc8e3f5a032e319?s=96&d=mm&r=g\",\"caption\":\"Redaktion\"},\"sameAs\":[\"http:\\\/\\\/develop.organisator.galledia.ch\"],\"url\":\"https:\\\/\\\/www.immobilienbusiness.ch\\\/it\\\/author\\\/admin\\\/\"}]}<\/script>\n<!-- \/ Yoast SEO plugin. -->","yoast_head_json":{"title":"Neues Ladenkonzept Coop: Frisch, modern, kundenorientiert","description":"Coop investiert in ein innovatives Ladenkonzept mit Salatbar und Take-away-Angeboten, um den steigenden Bedarf an frischem und gesundem Essen zu decken.","robots":{"index":"index","follow":"follow","max-snippet":"max-snippet:-1","max-image-preview":"max-image-preview:large","max-video-preview":"max-video-preview:-1"},"canonical":"https:\/\/www.immobilienbusiness.ch\/it\/retail\/2015-08-21\/coop-lanciert-neues-ladenkonzept\/","og_locale":"it_IT","og_type":"article","og_title":"Coop lanciert neues Ladenkonzept","og_description":"Die Detailh\u00e4ndlerin Coop lanciert unter dem Namen \u00abCoop to go\u00bb ein neues Ladenkonzept, das sich auf die Ausserhausverpflegung ausrichtet. Die erste Filiale hat am 19. August im Bahnhof Z\u00fcrich Stadelhofen er\u00f6ffnet, 50 weitere Verkaufsstellen sollen in den n\u00e4chsten f\u00fcnf Jahren folgen.","og_url":"https:\/\/www.immobilienbusiness.ch\/it\/retail\/2015-08-21\/coop-lanciert-neues-ladenkonzept\/","og_site_name":"IMMOBILIEN Business","article_publisher":"https:\/\/www.facebook.com\/immobilienbusiness\/","article_published_time":"2015-08-21T08:54:29+00:00","author":"Redaktion","twitter_card":"summary_large_image","twitter_image":"https:\/\/www.immobilienbusiness.ch\/wp-content\/uploads\/2015\/08\/Coop-lanciert-neues-Ladenkonzept-immobilien-business.jpg","schema":{"@context":"https:\/\/schema.org","@graph":[{"@type":"Article","@id":"https:\/\/www.immobilienbusiness.ch\/retail\/2015-08-21\/coop-lanciert-neues-ladenkonzept\/#article","isPartOf":{"@id":"https:\/\/www.immobilienbusiness.ch\/retail\/2015-08-21\/coop-lanciert-neues-ladenkonzept\/"},"author":{"name":"Redaktion","@id":"https:\/\/www.immobilienbusiness.ch\/#\/schema\/person\/aa2bace6c5c5aad60102004a50c4eb1c"},"headline":"Coop lanciert neues Ladenkonzept","datePublished":"2015-08-21T08:54:29+00:00","mainEntityOfPage":{"@id":"https:\/\/www.immobilienbusiness.ch\/retail\/2015-08-21\/coop-lanciert-neues-ladenkonzept\/"},"wordCount":89,"commentCount":0,"publisher":{"@id":"https:\/\/www.immobilienbusiness.ch\/#organization"},"image":{"@id":"https:\/\/www.immobilienbusiness.ch\/retail\/2015-08-21\/coop-lanciert-neues-ladenkonzept\/#primaryimage"},"thumbnailUrl":"https:\/\/www.immobilienbusiness.ch\/wp-content\/uploads\/2015\/08\/Coop-lanciert-neues-Ladenkonzept-immobilien-business.jpg","keywords":["Retail","Unternehmen"],"articleSection":["RETAIL","UNTERNEHMEN"],"inLanguage":"it-IT"},{"@type":"WebPage","@id":"https:\/\/www.immobilienbusiness.ch\/retail\/2015-08-21\/coop-lanciert-neues-ladenkonzept\/","url":"https:\/\/www.immobilienbusiness.ch\/retail\/2015-08-21\/coop-lanciert-neues-ladenkonzept\/","name":"Neues Ladenkonzept Coop: Frisch, modern, kundenorientiert","isPartOf":{"@id":"https:\/\/www.immobilienbusiness.ch\/#website"},"primaryImageOfPage":{"@id":"https:\/\/www.immobilienbusiness.ch\/retail\/2015-08-21\/coop-lanciert-neues-ladenkonzept\/#primaryimage"},"image":{"@id":"https:\/\/www.immobilienbusiness.ch\/retail\/2015-08-21\/coop-lanciert-neues-ladenkonzept\/#primaryimage"},"thumbnailUrl":"https:\/\/www.immobilienbusiness.ch\/wp-content\/uploads\/2015\/08\/Coop-lanciert-neues-Ladenkonzept-immobilien-business.jpg","datePublished":"2015-08-21T08:54:29+00:00","description":"Coop investiert in ein innovatives Ladenkonzept mit Salatbar und Take-away-Angeboten, um den steigenden Bedarf an frischem und gesundem Essen zu decken.","breadcrumb":{"@id":"https:\/\/www.immobilienbusiness.ch\/retail\/2015-08-21\/coop-lanciert-neues-ladenkonzept\/#breadcrumb"},"inLanguage":"it-IT","potentialAction":[{"@type":"ReadAction","target":["https:\/\/www.immobilienbusiness.ch\/retail\/2015-08-21\/coop-lanciert-neues-ladenkonzept\/"]}]},{"@type":"ImageObject","inLanguage":"it-IT","@id":"https:\/\/www.immobilienbusiness.ch\/retail\/2015-08-21\/coop-lanciert-neues-ladenkonzept\/#primaryimage","url":"https:\/\/www.immobilienbusiness.ch\/wp-content\/uploads\/2015\/08\/Coop-lanciert-neues-Ladenkonzept-immobilien-business.jpg","contentUrl":"https:\/\/www.immobilienbusiness.ch\/wp-content\/uploads\/2015\/08\/Coop-lanciert-neues-Ladenkonzept-immobilien-business.jpg","width":2560,"height":1707,"caption":"Innenansicht einer Coop-to-go-Filiale (Foto: Coop)"},{"@type":"BreadcrumbList","@id":"https:\/\/www.immobilienbusiness.ch\/retail\/2015-08-21\/coop-lanciert-neues-ladenkonzept\/#breadcrumb","itemListElement":[{"@type":"ListItem","position":1,"name":"Home","item":"https:\/\/www.immobilienbusiness.ch\/"},{"@type":"ListItem","position":2,"name":"Coop lanciert neues Ladenkonzept"}]},{"@type":"WebSite","@id":"https:\/\/www.immobilienbusiness.ch\/#website","url":"https:\/\/www.immobilienbusiness.ch\/","name":"Affari immobiliari","description":"Rivista economica indipendente svizzera che si concentra sul settore immobiliare, l'architettura e la costruzione, nonch\u00e9 sugli investimenti e i finanziamenti.","publisher":{"@id":"https:\/\/www.immobilienbusiness.ch\/#organization"},"potentialAction":[{"@type":"SearchAction","target":{"@type":"EntryPoint","urlTemplate":"https:\/\/www.immobilienbusiness.ch\/?s={search_term_string}"},"query-input":{"@type":"PropertyValueSpecification","valueRequired":true,"valueName":"search_term_string"}}],"inLanguage":"it-IT"},{"@type":"Organization","@id":"https:\/\/www.immobilienbusiness.ch\/#organization","name":"Affari immobiliari","url":"https:\/\/www.immobilienbusiness.ch\/","logo":{"@type":"ImageObject","inLanguage":"it-IT","@id":"https:\/\/www.immobilienbusiness.ch\/#\/schema\/logo\/image\/","url":"https:\/\/www.immobilienbusiness.ch\/wp-content\/uploads\/2021\/07\/logo_ib.png","contentUrl":"https:\/\/www.immobilienbusiness.ch\/wp-content\/uploads\/2021\/07\/logo_ib.png","width":800,"height":181,"caption":"IMMOBILIEN Business"},"image":{"@id":"https:\/\/www.immobilienbusiness.ch\/#\/schema\/logo\/image\/"},"sameAs":["https:\/\/www.facebook.com\/immobilienbusiness\/"]},{"@type":"Person","@id":"https:\/\/www.immobilienbusiness.ch\/#\/schema\/person\/aa2bace6c5c5aad60102004a50c4eb1c","name":"Editoriale","image":{"@type":"ImageObject","inLanguage":"it-IT","@id":"https:\/\/secure.gravatar.com\/avatar\/ae2f4d718e6c49043e314ce431e7e645d646302a24a5ef5a8bc8e3f5a032e319?s=96&d=mm&r=g","url":"https:\/\/secure.gravatar.com\/avatar\/ae2f4d718e6c49043e314ce431e7e645d646302a24a5ef5a8bc8e3f5a032e319?s=96&d=mm&r=g","contentUrl":"https:\/\/secure.gravatar.com\/avatar\/ae2f4d718e6c49043e314ce431e7e645d646302a24a5ef5a8bc8e3f5a032e319?s=96&d=mm&r=g","caption":"Redaktion"},"sameAs":["http:\/\/develop.organisator.galledia.ch"],"url":"https:\/\/www.immobilienbusiness.ch\/it\/author\/admin\/"}]}},"_links":{"self":[{"href":"https:\/\/www.immobilienbusiness.ch\/it\/wp-json\/wp\/v2\/posts\/527","targetHints":{"allow":["GET"]}}],"collection":[{"href":"https:\/\/www.immobilienbusiness.ch\/it\/wp-json\/wp\/v2\/posts"}],"about":[{"href":"https:\/\/www.immobilienbusiness.ch\/it\/wp-json\/wp\/v2\/types\/post"}],"author":[{"embeddable":true,"href":"https:\/\/www.immobilienbusiness.ch\/it\/wp-json\/wp\/v2\/users\/1"}],"replies":[{"embeddable":true,"href":"https:\/\/www.immobilienbusiness.ch\/it\/wp-json\/wp\/v2\/comments?post=527"}],"version-history":[{"count":0,"href":"https:\/\/www.immobilienbusiness.ch\/it\/wp-json\/wp\/v2\/posts\/527\/revisions"}],"wp:featuredmedia":[{"embeddable":true,"href":"https:\/\/www.immobilienbusiness.ch\/it\/wp-json\/wp\/v2\/media\/4683"}],"wp:attachment":[{"href":"https:\/\/www.immobilienbusiness.ch\/it\/wp-json\/wp\/v2\/media?parent=527"}],"wp:term":[{"taxonomy":"category","embeddable":true,"href":"https:\/\/www.immobilienbusiness.ch\/it\/wp-json\/wp\/v2\/categories?post=527"},{"taxonomy":"post_tag","embeddable":true,"href":"https:\/\/www.immobilienbusiness.ch\/it\/wp-json\/wp\/v2\/tags?post=527"}],"curies":[{"name":"wp","href":"https:\/\/api.w.org\/{rel}","templated":true}]}}