{"id":52095,"date":"2023-08-14T07:43:22","date_gmt":"2023-08-14T05:43:22","guid":{"rendered":"https:\/\/www.immobilienbusiness.ch\/?p=52095"},"modified":"2023-08-16T22:46:05","modified_gmt":"2023-08-16T20:46:05","slug":"logistik-swiss-commerce-mietet-standort-in-deutschland","status":"publish","type":"post","link":"https:\/\/www.immobilienbusiness.ch\/it\/unternehmen\/2023-08-14\/logistik-swiss-commerce-mietet-standort-in-deutschland\/","title":{"rendered":"Logistica: Swiss Commerce affitta una sede in Germania"},"content":{"rendered":"<figure id=\"attachment_15003\" aria-describedby=\"caption-attachment-15003\" style=\"width: 1000px\" class=\"wp-caption alignnone\"><a href=\"https:\/\/www.immobilienbusiness.ch\/wp-content\/uploads\/2018\/11\/Depositphotos_6057970_m-2015.jpg\"><img loading=\"lazy\" decoding=\"async\" class=\"size-full wp-image-15003\" src=\"https:\/\/www.immobilienbusiness.ch\/wp-content\/uploads\/2018\/11\/Depositphotos_6057970_m-2015.jpg\" alt=\"\" width=\"1000\" height=\"659\" srcset=\"https:\/\/www.immobilienbusiness.ch\/wp-content\/uploads\/2018\/11\/Depositphotos_6057970_m-2015.jpg 1000w, https:\/\/www.immobilienbusiness.ch\/wp-content\/uploads\/2018\/11\/Depositphotos_6057970_m-2015-300x198.jpg 300w, https:\/\/www.immobilienbusiness.ch\/wp-content\/uploads\/2018\/11\/Depositphotos_6057970_m-2015-768x506.jpg 768w, https:\/\/www.immobilienbusiness.ch\/wp-content\/uploads\/2018\/11\/Depositphotos_6057970_m-2015-16x12.jpg 16w, https:\/\/www.immobilienbusiness.ch\/wp-content\/uploads\/2018\/11\/Depositphotos_6057970_m-2015-266x175.jpg 266w, https:\/\/www.immobilienbusiness.ch\/wp-content\/uploads\/2018\/11\/Depositphotos_6057970_m-2015-531x350.jpg 531w, https:\/\/www.immobilienbusiness.ch\/wp-content\/uploads\/2018\/11\/Depositphotos_6057970_m-2015-920x606.jpg 920w\" sizes=\"auto, (max-width: 1000px) 100vw, 1000px\" \/><\/a><figcaption id=\"caption-attachment-15003\" class=\"wp-caption-text\">Swiss Commerce ha affittato un immobile logistico a Gladbeck, in Germania (Immagine simbolica: carloscastilla - depositphotos)<\/figcaption><\/figure>\n<p>Lo Swiss Commerce Group \u00e8 l'affittuario del Log Plaza Gladbeck 1, con una superficie totale di circa 16.000 metri quadrati. L'immobile logistico, progettato in modo sostenibile, \u00e8 stato consegnato all'inizio di agosto da Alcaro Invest, che lo aveva sviluppato su base speculativa.<\/p>\n<p>Il Log Plaza Gladbeck 1 si trova su un'area di 26.000 m\u00b2 in Beisenstrasse 47, nella zona industriale di Gladbeck, in una posizione comoda e vicina alle autostrade A2 e A31.<\/p>\n<p>Come afferma Markus Kroner, amministratore delegato di Alcaro Invest, la domanda da parte degli interessati \u00e8 stata elevata, tanto che il nuovo edificio \u00e8 stato affittato completamente diversi mesi prima del completamento. Il nuovo edificio sar\u00e0 utilizzato da una filiale tedesca di Swiss Commerce Group. <em>(ah)<\/em><\/p>","protected":false},"excerpt":{"rendered":"<p>Lo Swiss Commerce Group ha affittato un immobile logistico di 16.000 metri quadrati nella regione settentrionale della Ruhr.<\/p>","protected":false},"author":3,"featured_media":15003,"comment_status":"closed","ping_status":"closed","sticky":false,"template":"","format":"standard","meta":{"_acf_changed":false,"_yoast_wpseo_focuskw":"Swiss Commerce","_yoast_wpseo_title":"","_yoast_wpseo_metadesc":"Die Swiss Commerce Gruppe hat eine 16.000 qm grosse Logistikimmobilie im n\u00f6rdlichen Ruhrgebiet angemietet.","_yoast_wpseo_linkdex":50,"pgc_sgb_lightbox_settings":"","footnotes":""},"categories":[988],"tags":[1052,1166,1452,1832],"class_list":["post-52095","post","type-post","status-publish","format-standard","has-post-thumbnail","hentry","category-unternehmen","tag-ausland","tag-deutschland","tag-logistikimmobilien","tag-vermietung"],"acf":[],"yoast_head":"<!-- This site is optimized with the Yoast SEO plugin v27.5 - https:\/\/yoast.com\/product\/yoast-seo-wordpress\/ -->\n<title>Logistik: Swiss Commerce mietet Standort in Deutschland - IMMOBILIEN Business<\/title>\n<meta name=\"description\" content=\"Die Swiss Commerce Gruppe hat eine 16.000 qm grosse Logistikimmobilie im n\u00f6rdlichen Ruhrgebiet angemietet.\" \/>\n<meta name=\"robots\" content=\"index, follow, max-snippet:-1, max-image-preview:large, max-video-preview:-1\" \/>\n<link rel=\"canonical\" href=\"https:\/\/www.immobilienbusiness.ch\/it\/unternehmen\/2023-08-14\/logistik-swiss-commerce-mietet-standort-in-deutschland\/\" \/>\n<meta property=\"og:locale\" content=\"it_IT\" \/>\n<meta property=\"og:type\" content=\"article\" \/>\n<meta property=\"og:title\" content=\"Logistik: Swiss Commerce mietet Standort in Deutschland - IMMOBILIEN Business\" \/>\n<meta property=\"og:description\" content=\"Die Swiss Commerce Gruppe hat eine 16.000 qm grosse Logistikimmobilie im n\u00f6rdlichen Ruhrgebiet angemietet.\" \/>\n<meta property=\"og:url\" content=\"https:\/\/www.immobilienbusiness.ch\/it\/unternehmen\/2023-08-14\/logistik-swiss-commerce-mietet-standort-in-deutschland\/\" \/>\n<meta property=\"og:site_name\" content=\"IMMOBILIEN Business\" \/>\n<meta property=\"article:publisher\" content=\"https:\/\/www.facebook.com\/immobilienbusiness\/\" \/>\n<meta property=\"article:published_time\" content=\"2023-08-14T05:43:22+00:00\" \/>\n<meta property=\"article:modified_time\" content=\"2023-08-16T20:46:05+00:00\" \/>\n<meta property=\"og:image\" content=\"https:\/\/www.immobilienbusiness.ch\/wp-content\/uploads\/2018\/11\/Depositphotos_6057970_m-2015.jpg\" \/>\n\t<meta property=\"og:image:width\" content=\"1000\" \/>\n\t<meta property=\"og:image:height\" content=\"659\" \/>\n\t<meta property=\"og:image:type\" content=\"image\/jpeg\" \/>\n<meta name=\"author\" content=\"anja.hall\" \/>\n<meta name=\"twitter:card\" content=\"summary_large_image\" \/>\n<meta name=\"twitter:image\" content=\"https:\/\/www.immobilienbusiness.ch\/wp-content\/uploads\/2018\/11\/Depositphotos_6057970_m-2015.jpg\" \/>\n<script type=\"application\/ld+json\" class=\"yoast-schema-graph\">{\"@context\":\"https:\\\/\\\/schema.org\",\"@graph\":[{\"@type\":\"Article\",\"@id\":\"https:\\\/\\\/www.immobilienbusiness.ch\\\/de\\\/unternehmen\\\/2023-08-14\\\/logistik-swiss-commerce-mietet-standort-in-deutschland\\\/#article\",\"isPartOf\":{\"@id\":\"https:\\\/\\\/www.immobilienbusiness.ch\\\/de\\\/unternehmen\\\/2023-08-14\\\/logistik-swiss-commerce-mietet-standort-in-deutschland\\\/\"},\"author\":{\"name\":\"anja.hall\",\"@id\":\"https:\\\/\\\/www.immobilienbusiness.ch\\\/#\\\/schema\\\/person\\\/3fc036297b10b9f42d6db5ee932af8c8\"},\"headline\":\"Logistik: Swiss Commerce mietet Standort in Deutschland\",\"datePublished\":\"2023-08-14T05:43:22+00:00\",\"dateModified\":\"2023-08-16T20:46:05+00:00\",\"mainEntityOfPage\":{\"@id\":\"https:\\\/\\\/www.immobilienbusiness.ch\\\/de\\\/unternehmen\\\/2023-08-14\\\/logistik-swiss-commerce-mietet-standort-in-deutschland\\\/\"},\"wordCount\":133,\"publisher\":{\"@id\":\"https:\\\/\\\/www.immobilienbusiness.ch\\\/#organization\"},\"image\":{\"@id\":\"https:\\\/\\\/www.immobilienbusiness.ch\\\/de\\\/unternehmen\\\/2023-08-14\\\/logistik-swiss-commerce-mietet-standort-in-deutschland\\\/#primaryimage\"},\"thumbnailUrl\":\"https:\\\/\\\/www.immobilienbusiness.ch\\\/wp-content\\\/uploads\\\/2018\\\/11\\\/Depositphotos_6057970_m-2015.jpg\",\"keywords\":[\"Ausland\",\"Deutschland\",\"Logistikimmobilien\",\"Vermietung\"],\"articleSection\":[\"UNTERNEHMEN\"],\"inLanguage\":\"it-IT\"},{\"@type\":\"WebPage\",\"@id\":\"https:\\\/\\\/www.immobilienbusiness.ch\\\/de\\\/unternehmen\\\/2023-08-14\\\/logistik-swiss-commerce-mietet-standort-in-deutschland\\\/\",\"url\":\"https:\\\/\\\/www.immobilienbusiness.ch\\\/de\\\/unternehmen\\\/2023-08-14\\\/logistik-swiss-commerce-mietet-standort-in-deutschland\\\/\",\"name\":\"Logistik: Swiss Commerce mietet Standort in Deutschland - IMMOBILIEN Business\",\"isPartOf\":{\"@id\":\"https:\\\/\\\/www.immobilienbusiness.ch\\\/#website\"},\"primaryImageOfPage\":{\"@id\":\"https:\\\/\\\/www.immobilienbusiness.ch\\\/de\\\/unternehmen\\\/2023-08-14\\\/logistik-swiss-commerce-mietet-standort-in-deutschland\\\/#primaryimage\"},\"image\":{\"@id\":\"https:\\\/\\\/www.immobilienbusiness.ch\\\/de\\\/unternehmen\\\/2023-08-14\\\/logistik-swiss-commerce-mietet-standort-in-deutschland\\\/#primaryimage\"},\"thumbnailUrl\":\"https:\\\/\\\/www.immobilienbusiness.ch\\\/wp-content\\\/uploads\\\/2018\\\/11\\\/Depositphotos_6057970_m-2015.jpg\",\"datePublished\":\"2023-08-14T05:43:22+00:00\",\"dateModified\":\"2023-08-16T20:46:05+00:00\",\"description\":\"Die Swiss Commerce Gruppe hat eine 16.000 qm grosse Logistikimmobilie im n\u00f6rdlichen Ruhrgebiet angemietet.\",\"breadcrumb\":{\"@id\":\"https:\\\/\\\/www.immobilienbusiness.ch\\\/de\\\/unternehmen\\\/2023-08-14\\\/logistik-swiss-commerce-mietet-standort-in-deutschland\\\/#breadcrumb\"},\"inLanguage\":\"it-IT\",\"potentialAction\":[{\"@type\":\"ReadAction\",\"target\":[\"https:\\\/\\\/www.immobilienbusiness.ch\\\/de\\\/unternehmen\\\/2023-08-14\\\/logistik-swiss-commerce-mietet-standort-in-deutschland\\\/\"]}]},{\"@type\":\"ImageObject\",\"inLanguage\":\"it-IT\",\"@id\":\"https:\\\/\\\/www.immobilienbusiness.ch\\\/de\\\/unternehmen\\\/2023-08-14\\\/logistik-swiss-commerce-mietet-standort-in-deutschland\\\/#primaryimage\",\"url\":\"https:\\\/\\\/www.immobilienbusiness.ch\\\/wp-content\\\/uploads\\\/2018\\\/11\\\/Depositphotos_6057970_m-2015.jpg\",\"contentUrl\":\"https:\\\/\\\/www.immobilienbusiness.ch\\\/wp-content\\\/uploads\\\/2018\\\/11\\\/Depositphotos_6057970_m-2015.jpg\",\"width\":1000,\"height\":659,\"caption\":\"Der Immobilienfonds Logistics Plus hat seinen Gesch\u00e4ftsbericht f\u00fcr das Gesamtjahr ver\u00f6ffentlicht (Symbolbild; carloscastilla - depositphotos)\"},{\"@type\":\"BreadcrumbList\",\"@id\":\"https:\\\/\\\/www.immobilienbusiness.ch\\\/de\\\/unternehmen\\\/2023-08-14\\\/logistik-swiss-commerce-mietet-standort-in-deutschland\\\/#breadcrumb\",\"itemListElement\":[{\"@type\":\"ListItem\",\"position\":1,\"name\":\"Home\",\"item\":\"https:\\\/\\\/www.immobilienbusiness.ch\\\/\"},{\"@type\":\"ListItem\",\"position\":2,\"name\":\"Logistik: Swiss Commerce mietet Standort in Deutschland\"}]},{\"@type\":\"WebSite\",\"@id\":\"https:\\\/\\\/www.immobilienbusiness.ch\\\/#website\",\"url\":\"https:\\\/\\\/www.immobilienbusiness.ch\\\/\",\"name\":\"IMMOBILIEN Business\",\"description\":\"Unabh\u00e4ngiges Schweizer Wirtschaftsmagazin mit Fokus auf Immobilien, Architektur- und Bau sowie Investment- und Finanzierung.\",\"publisher\":{\"@id\":\"https:\\\/\\\/www.immobilienbusiness.ch\\\/#organization\"},\"potentialAction\":[{\"@type\":\"SearchAction\",\"target\":{\"@type\":\"EntryPoint\",\"urlTemplate\":\"https:\\\/\\\/www.immobilienbusiness.ch\\\/?s={search_term_string}\"},\"query-input\":{\"@type\":\"PropertyValueSpecification\",\"valueRequired\":true,\"valueName\":\"search_term_string\"}}],\"inLanguage\":\"it-IT\"},{\"@type\":\"Organization\",\"@id\":\"https:\\\/\\\/www.immobilienbusiness.ch\\\/#organization\",\"name\":\"IMMOBILIEN Business\",\"url\":\"https:\\\/\\\/www.immobilienbusiness.ch\\\/\",\"logo\":{\"@type\":\"ImageObject\",\"inLanguage\":\"it-IT\",\"@id\":\"https:\\\/\\\/www.immobilienbusiness.ch\\\/#\\\/schema\\\/logo\\\/image\\\/\",\"url\":\"https:\\\/\\\/www.immobilienbusiness.ch\\\/wp-content\\\/uploads\\\/2021\\\/07\\\/logo_ib.png\",\"contentUrl\":\"https:\\\/\\\/www.immobilienbusiness.ch\\\/wp-content\\\/uploads\\\/2021\\\/07\\\/logo_ib.png\",\"width\":800,\"height\":181,\"caption\":\"IMMOBILIEN Business\"},\"image\":{\"@id\":\"https:\\\/\\\/www.immobilienbusiness.ch\\\/#\\\/schema\\\/logo\\\/image\\\/\"},\"sameAs\":[\"https:\\\/\\\/www.facebook.com\\\/immobilienbusiness\\\/\"]},{\"@type\":\"Person\",\"@id\":\"https:\\\/\\\/www.immobilienbusiness.ch\\\/#\\\/schema\\\/person\\\/3fc036297b10b9f42d6db5ee932af8c8\",\"name\":\"anja.hall\",\"image\":{\"@type\":\"ImageObject\",\"inLanguage\":\"it-IT\",\"@id\":\"https:\\\/\\\/secure.gravatar.com\\\/avatar\\\/066b5a0d447013502c71a5782f4f3469f03cfe595cc2329fb94652fe47511bfb?s=96&d=mm&r=g\",\"url\":\"https:\\\/\\\/secure.gravatar.com\\\/avatar\\\/066b5a0d447013502c71a5782f4f3469f03cfe595cc2329fb94652fe47511bfb?s=96&d=mm&r=g\",\"contentUrl\":\"https:\\\/\\\/secure.gravatar.com\\\/avatar\\\/066b5a0d447013502c71a5782f4f3469f03cfe595cc2329fb94652fe47511bfb?s=96&d=mm&r=g\",\"caption\":\"anja.hall\"},\"url\":\"https:\\\/\\\/www.immobilienbusiness.ch\\\/it\\\/author\\\/anja-hall\\\/\"}]}<\/script>\n<!-- \/ Yoast SEO plugin. -->","yoast_head_json":{"title":"Logistica: Swiss Commerce affitta una sede in Germania - IMMOBILIEN Business","description":"Lo Swiss Commerce Group ha affittato un immobile logistico di 16.000 metri quadrati nella regione settentrionale della Ruhr.","robots":{"index":"index","follow":"follow","max-snippet":"max-snippet:-1","max-image-preview":"max-image-preview:large","max-video-preview":"max-video-preview:-1"},"canonical":"https:\/\/www.immobilienbusiness.ch\/it\/unternehmen\/2023-08-14\/logistik-swiss-commerce-mietet-standort-in-deutschland\/","og_locale":"it_IT","og_type":"article","og_title":"Logistik: Swiss Commerce mietet Standort in Deutschland - IMMOBILIEN Business","og_description":"Die Swiss Commerce Gruppe hat eine 16.000 qm grosse Logistikimmobilie im n\u00f6rdlichen Ruhrgebiet angemietet.","og_url":"https:\/\/www.immobilienbusiness.ch\/it\/unternehmen\/2023-08-14\/logistik-swiss-commerce-mietet-standort-in-deutschland\/","og_site_name":"IMMOBILIEN Business","article_publisher":"https:\/\/www.facebook.com\/immobilienbusiness\/","article_published_time":"2023-08-14T05:43:22+00:00","article_modified_time":"2023-08-16T20:46:05+00:00","og_image":[{"width":1000,"height":659,"url":"https:\/\/www.immobilienbusiness.ch\/wp-content\/uploads\/2018\/11\/Depositphotos_6057970_m-2015.jpg","type":"image\/jpeg"}],"author":"anja.hall","twitter_card":"summary_large_image","twitter_image":"https:\/\/www.immobilienbusiness.ch\/wp-content\/uploads\/2018\/11\/Depositphotos_6057970_m-2015.jpg","schema":{"@context":"https:\/\/schema.org","@graph":[{"@type":"Article","@id":"https:\/\/www.immobilienbusiness.ch\/de\/unternehmen\/2023-08-14\/logistik-swiss-commerce-mietet-standort-in-deutschland\/#article","isPartOf":{"@id":"https:\/\/www.immobilienbusiness.ch\/de\/unternehmen\/2023-08-14\/logistik-swiss-commerce-mietet-standort-in-deutschland\/"},"author":{"name":"anja.hall","@id":"https:\/\/www.immobilienbusiness.ch\/#\/schema\/person\/3fc036297b10b9f42d6db5ee932af8c8"},"headline":"Logistik: Swiss Commerce mietet Standort in Deutschland","datePublished":"2023-08-14T05:43:22+00:00","dateModified":"2023-08-16T20:46:05+00:00","mainEntityOfPage":{"@id":"https:\/\/www.immobilienbusiness.ch\/de\/unternehmen\/2023-08-14\/logistik-swiss-commerce-mietet-standort-in-deutschland\/"},"wordCount":133,"publisher":{"@id":"https:\/\/www.immobilienbusiness.ch\/#organization"},"image":{"@id":"https:\/\/www.immobilienbusiness.ch\/de\/unternehmen\/2023-08-14\/logistik-swiss-commerce-mietet-standort-in-deutschland\/#primaryimage"},"thumbnailUrl":"https:\/\/www.immobilienbusiness.ch\/wp-content\/uploads\/2018\/11\/Depositphotos_6057970_m-2015.jpg","keywords":["Ausland","Deutschland","Logistikimmobilien","Vermietung"],"articleSection":["UNTERNEHMEN"],"inLanguage":"it-IT"},{"@type":"WebPage","@id":"https:\/\/www.immobilienbusiness.ch\/de\/unternehmen\/2023-08-14\/logistik-swiss-commerce-mietet-standort-in-deutschland\/","url":"https:\/\/www.immobilienbusiness.ch\/de\/unternehmen\/2023-08-14\/logistik-swiss-commerce-mietet-standort-in-deutschland\/","name":"Logistica: Swiss Commerce affitta una sede in Germania - IMMOBILIEN Business","isPartOf":{"@id":"https:\/\/www.immobilienbusiness.ch\/#website"},"primaryImageOfPage":{"@id":"https:\/\/www.immobilienbusiness.ch\/de\/unternehmen\/2023-08-14\/logistik-swiss-commerce-mietet-standort-in-deutschland\/#primaryimage"},"image":{"@id":"https:\/\/www.immobilienbusiness.ch\/de\/unternehmen\/2023-08-14\/logistik-swiss-commerce-mietet-standort-in-deutschland\/#primaryimage"},"thumbnailUrl":"https:\/\/www.immobilienbusiness.ch\/wp-content\/uploads\/2018\/11\/Depositphotos_6057970_m-2015.jpg","datePublished":"2023-08-14T05:43:22+00:00","dateModified":"2023-08-16T20:46:05+00:00","description":"Lo Swiss Commerce Group ha affittato un immobile logistico di 16.000 metri quadrati nella regione settentrionale della Ruhr.","breadcrumb":{"@id":"https:\/\/www.immobilienbusiness.ch\/de\/unternehmen\/2023-08-14\/logistik-swiss-commerce-mietet-standort-in-deutschland\/#breadcrumb"},"inLanguage":"it-IT","potentialAction":[{"@type":"ReadAction","target":["https:\/\/www.immobilienbusiness.ch\/de\/unternehmen\/2023-08-14\/logistik-swiss-commerce-mietet-standort-in-deutschland\/"]}]},{"@type":"ImageObject","inLanguage":"it-IT","@id":"https:\/\/www.immobilienbusiness.ch\/de\/unternehmen\/2023-08-14\/logistik-swiss-commerce-mietet-standort-in-deutschland\/#primaryimage","url":"https:\/\/www.immobilienbusiness.ch\/wp-content\/uploads\/2018\/11\/Depositphotos_6057970_m-2015.jpg","contentUrl":"https:\/\/www.immobilienbusiness.ch\/wp-content\/uploads\/2018\/11\/Depositphotos_6057970_m-2015.jpg","width":1000,"height":659,"caption":"Der Immobilienfonds Logistics Plus hat seinen Gesch\u00e4ftsbericht f\u00fcr das Gesamtjahr ver\u00f6ffentlicht (Symbolbild; carloscastilla - depositphotos)"},{"@type":"BreadcrumbList","@id":"https:\/\/www.immobilienbusiness.ch\/de\/unternehmen\/2023-08-14\/logistik-swiss-commerce-mietet-standort-in-deutschland\/#breadcrumb","itemListElement":[{"@type":"ListItem","position":1,"name":"Home","item":"https:\/\/www.immobilienbusiness.ch\/"},{"@type":"ListItem","position":2,"name":"Logistik: Swiss Commerce mietet Standort in Deutschland"}]},{"@type":"WebSite","@id":"https:\/\/www.immobilienbusiness.ch\/#website","url":"https:\/\/www.immobilienbusiness.ch\/","name":"Affari immobiliari","description":"Rivista economica indipendente svizzera che si concentra sul settore immobiliare, l'architettura e la costruzione, nonch\u00e9 sugli investimenti e i finanziamenti.","publisher":{"@id":"https:\/\/www.immobilienbusiness.ch\/#organization"},"potentialAction":[{"@type":"SearchAction","target":{"@type":"EntryPoint","urlTemplate":"https:\/\/www.immobilienbusiness.ch\/?s={search_term_string}"},"query-input":{"@type":"PropertyValueSpecification","valueRequired":true,"valueName":"search_term_string"}}],"inLanguage":"it-IT"},{"@type":"Organization","@id":"https:\/\/www.immobilienbusiness.ch\/#organization","name":"Affari immobiliari","url":"https:\/\/www.immobilienbusiness.ch\/","logo":{"@type":"ImageObject","inLanguage":"it-IT","@id":"https:\/\/www.immobilienbusiness.ch\/#\/schema\/logo\/image\/","url":"https:\/\/www.immobilienbusiness.ch\/wp-content\/uploads\/2021\/07\/logo_ib.png","contentUrl":"https:\/\/www.immobilienbusiness.ch\/wp-content\/uploads\/2021\/07\/logo_ib.png","width":800,"height":181,"caption":"IMMOBILIEN Business"},"image":{"@id":"https:\/\/www.immobilienbusiness.ch\/#\/schema\/logo\/image\/"},"sameAs":["https:\/\/www.facebook.com\/immobilienbusiness\/"]},{"@type":"Person","@id":"https:\/\/www.immobilienbusiness.ch\/#\/schema\/person\/3fc036297b10b9f42d6db5ee932af8c8","name":"anja.hall","image":{"@type":"ImageObject","inLanguage":"it-IT","@id":"https:\/\/secure.gravatar.com\/avatar\/066b5a0d447013502c71a5782f4f3469f03cfe595cc2329fb94652fe47511bfb?s=96&d=mm&r=g","url":"https:\/\/secure.gravatar.com\/avatar\/066b5a0d447013502c71a5782f4f3469f03cfe595cc2329fb94652fe47511bfb?s=96&d=mm&r=g","contentUrl":"https:\/\/secure.gravatar.com\/avatar\/066b5a0d447013502c71a5782f4f3469f03cfe595cc2329fb94652fe47511bfb?s=96&d=mm&r=g","caption":"anja.hall"},"url":"https:\/\/www.immobilienbusiness.ch\/it\/author\/anja-hall\/"}]}},"_links":{"self":[{"href":"https:\/\/www.immobilienbusiness.ch\/it\/wp-json\/wp\/v2\/posts\/52095","targetHints":{"allow":["GET"]}}],"collection":[{"href":"https:\/\/www.immobilienbusiness.ch\/it\/wp-json\/wp\/v2\/posts"}],"about":[{"href":"https:\/\/www.immobilienbusiness.ch\/it\/wp-json\/wp\/v2\/types\/post"}],"author":[{"embeddable":true,"href":"https:\/\/www.immobilienbusiness.ch\/it\/wp-json\/wp\/v2\/users\/3"}],"replies":[{"embeddable":true,"href":"https:\/\/www.immobilienbusiness.ch\/it\/wp-json\/wp\/v2\/comments?post=52095"}],"version-history":[{"count":1,"href":"https:\/\/www.immobilienbusiness.ch\/it\/wp-json\/wp\/v2\/posts\/52095\/revisions"}],"predecessor-version":[{"id":52096,"href":"https:\/\/www.immobilienbusiness.ch\/it\/wp-json\/wp\/v2\/posts\/52095\/revisions\/52096"}],"wp:featuredmedia":[{"embeddable":true,"href":"https:\/\/www.immobilienbusiness.ch\/it\/wp-json\/wp\/v2\/media\/15003"}],"wp:attachment":[{"href":"https:\/\/www.immobilienbusiness.ch\/it\/wp-json\/wp\/v2\/media?parent=52095"}],"wp:term":[{"taxonomy":"category","embeddable":true,"href":"https:\/\/www.immobilienbusiness.ch\/it\/wp-json\/wp\/v2\/categories?post=52095"},{"taxonomy":"post_tag","embeddable":true,"href":"https:\/\/www.immobilienbusiness.ch\/it\/wp-json\/wp\/v2\/tags?post=52095"}],"curies":[{"name":"wp","href":"https:\/\/api.w.org\/{rel}","templated":true}]}}