{"id":51476,"date":"2023-07-31T09:10:47","date_gmt":"2023-07-31T07:10:47","guid":{"rendered":"https:\/\/www.immobilienbusiness.ch\/?p=51476"},"modified":"2023-08-02T23:11:20","modified_gmt":"2023-08-02T21:11:20","slug":"zuerich-grossprojekt-seebahn-hoefe-im-kreis-4-nimmt-wichtige-huerde","status":"publish","type":"post","link":"https:\/\/www.immobilienbusiness.ch\/it\/regionen\/2023-07-31\/zuerich-grossprojekt-seebahn-hoefe-im-kreis-4-nimmt-wichtige-huerde\/","title":{"rendered":"Zurigo: il grande progetto Seebahn-H\u00f6fe supera un importante ostacolo"},"content":{"rendered":"<figure id=\"attachment_51477\" aria-describedby=\"caption-attachment-51477\" style=\"width: 1400px\" class=\"wp-caption alignnone\"><a href=\"https:\/\/www.immobilienbusiness.ch\/wp-content\/uploads\/2023\/07\/ABZ_Innenhof_press-scaled.jpg\"><img loading=\"lazy\" decoding=\"async\" class=\"size-full wp-image-51477\" src=\"https:\/\/www.immobilienbusiness.ch\/wp-content\/uploads\/2023\/07\/ABZ_Innenhof_press-scaled.jpg\" alt=\"\" width=\"1400\" height=\"933\" srcset=\"https:\/\/www.immobilienbusiness.ch\/wp-content\/uploads\/2023\/07\/ABZ_Innenhof_press-scaled.jpg 1200w, https:\/\/www.immobilienbusiness.ch\/wp-content\/uploads\/2023\/07\/ABZ_Innenhof_press-300x200.jpg 300w, https:\/\/www.immobilienbusiness.ch\/wp-content\/uploads\/2023\/07\/ABZ_Innenhof_press-1024x683.jpg 1024w, https:\/\/www.immobilienbusiness.ch\/wp-content\/uploads\/2023\/07\/ABZ_Innenhof_press-768x512.jpg 768w, https:\/\/www.immobilienbusiness.ch\/wp-content\/uploads\/2023\/07\/ABZ_Innenhof_press-1536x1024.jpg 1536w, https:\/\/www.immobilienbusiness.ch\/wp-content\/uploads\/2023\/07\/ABZ_Innenhof_press-18x12.jpg 18w, https:\/\/www.immobilienbusiness.ch\/wp-content\/uploads\/2023\/07\/ABZ_Innenhof_press-375x250.jpg 375w, https:\/\/www.immobilienbusiness.ch\/wp-content\/uploads\/2023\/07\/ABZ_Innenhof_press-525x350.jpg 525w, https:\/\/www.immobilienbusiness.ch\/wp-content\/uploads\/2023\/07\/ABZ_Innenhof_press-1000x667.jpg 1000w\" sizes=\"auto, (max-width: 1400px) 100vw, 1400px\" \/><\/a><figcaption id=\"caption-attachment-51477\" class=\"wp-caption-text\">Visualizzazione del progetto di sviluppo della Seebahn-H\u00f6fe nel quartiere Kreis 4 di Zurigo (Immagine: Rafael Schmid Architekten, Zurigo)<\/figcaption><\/figure>\n<p>Pietra miliare per il grande progetto Seebahn-H\u00f6fe di Allgemeine Baugenossenschaft Z\u00fcrich ABZ e BEP Baugenossenschaft des eidgen\u00f6ssischen Personals: il Dipartimento Edilizio di Zurigo ha approvato il piano di progettazione privata per il progetto.<\/p>\n<p>BEP e ABZ vogliono realizzare due nuovi edifici sostitutivi in Seebahnstrasse, nel distretto 4, e creare appartamenti per 1.000 persone. Attualmente negli edifici esistenti c'\u00e8 solo la met\u00e0 dello spazio abitativo. Secondo ABZ e BEP, almeno un appartamento su cinque sar\u00e0 sovvenzionato e quindi riservato alle famiglie a basso reddito. Per gli altri appartamenti \u00e8 previsto un canone di locazione, in modo che rientrino anch'essi nel segmento accessibile.<\/p>\n<h3>Ampio mix di appartamenti e usi pubblici<\/h3>\n<p>L'obiettivo \u00e8 creare un ampio mix: sono previsti appartamenti per famiglie, piccoli appartamenti per anziani e spazi per forme di vita comune. Al piano terra di entrambi i quartieri sono previsti studi e spazi commerciali, ad esempio per un caff\u00e8 in Anny-Klawa-Platz. Sono previsti anche un asilo nido, una doppia scuola materna e due sale comuni. Il numero di posti auto sar\u00e0 ridotto al di sotto del minimo richiesto dalla normativa sui parcheggi.<\/p>\n<p>Il piano di progettazione privato per la Seebahn-H\u00f6fe sar\u00e0 ora presentato al pubblico, approvato dal consiglio comunale e discusso dal parlamento cittadino. BEP e ABZ prevedono che entrer\u00e0 in vigore alla fine del 2024. Le due cooperative edilizie hanno gi\u00e0 un progetto di costruzione approvato dai loro membri. La costruzione inizier\u00e0 non prima dell'estate 2025. <em>(ah)<\/em><\/p>","protected":false},"excerpt":{"rendered":"<p>La citt\u00e0 di Zurigo ha approvato il piano di progettazione privato del progetto. Le cooperative edilizie ABZ e BEP stanno progettando spazi residenziali per circa 1.000 persone nel distretto 4.<\/p>","protected":false},"author":3,"featured_media":51477,"comment_status":"closed","ping_status":"closed","sticky":false,"template":"","format":"standard","meta":{"_acf_changed":false,"_yoast_wpseo_focuskw":"Seebahn-H\u00f6fe","_yoast_wpseo_title":"","_yoast_wpseo_metadesc":"Die Stadt Z\u00fcrich hat den privaten Gestaltungsplan f\u00fcr das Vorhaben genehmigt. ABZ und BEP planen Wohnraum f\u00fcr rund 1.000 Personen.","_yoast_wpseo_linkdex":65,"pgc_sgb_lightbox_settings":"","footnotes":""},"categories":[985],"tags":[1077,1957,1863,1888],"class_list":["post-51476","post","type-post","status-publish","format-standard","has-post-thumbnail","hentry","category-regionen","tag-baugenossenschaft","tag-in-planung","tag-wohnimmobilien","tag-zuerich"],"acf":[],"yoast_head":"<!-- This site is optimized with the Yoast SEO plugin v27.4 - https:\/\/yoast.com\/product\/yoast-seo-wordpress\/ -->\n<title>Z\u00fcrich: Grossprojekt Seebahn-H\u00f6fe nimmt wichtige H\u00fcrde - IMMOBILIEN Business<\/title>\n<meta name=\"description\" content=\"Die Stadt Z\u00fcrich hat den privaten Gestaltungsplan f\u00fcr das Vorhaben genehmigt. ABZ und BEP planen Wohnraum f\u00fcr rund 1.000 Personen.\" \/>\n<meta name=\"robots\" content=\"index, follow, max-snippet:-1, max-image-preview:large, max-video-preview:-1\" \/>\n<link rel=\"canonical\" href=\"https:\/\/www.immobilienbusiness.ch\/it\/regionen\/2023-07-31\/zuerich-grossprojekt-seebahn-hoefe-im-kreis-4-nimmt-wichtige-huerde\/\" \/>\n<meta property=\"og:locale\" content=\"it_IT\" \/>\n<meta property=\"og:type\" content=\"article\" \/>\n<meta property=\"og:title\" content=\"Z\u00fcrich: Grossprojekt Seebahn-H\u00f6fe nimmt wichtige H\u00fcrde - IMMOBILIEN Business\" \/>\n<meta property=\"og:description\" content=\"Die Stadt Z\u00fcrich hat den privaten Gestaltungsplan f\u00fcr das Vorhaben genehmigt. ABZ und BEP planen Wohnraum f\u00fcr rund 1.000 Personen.\" \/>\n<meta property=\"og:url\" content=\"https:\/\/www.immobilienbusiness.ch\/it\/regionen\/2023-07-31\/zuerich-grossprojekt-seebahn-hoefe-im-kreis-4-nimmt-wichtige-huerde\/\" \/>\n<meta property=\"og:site_name\" content=\"IMMOBILIEN Business\" \/>\n<meta property=\"article:publisher\" content=\"https:\/\/www.facebook.com\/immobilienbusiness\/\" \/>\n<meta property=\"article:published_time\" content=\"2023-07-31T07:10:47+00:00\" \/>\n<meta property=\"article:modified_time\" content=\"2023-08-02T21:11:20+00:00\" \/>\n<meta property=\"og:image\" content=\"https:\/\/www.immobilienbusiness.ch\/wp-content\/uploads\/2023\/07\/ABZ_Innenhof_press-scaled.jpg\" \/>\n\t<meta property=\"og:image:width\" content=\"1200\" \/>\n\t<meta property=\"og:image:height\" content=\"800\" \/>\n\t<meta property=\"og:image:type\" content=\"image\/jpeg\" \/>\n<meta name=\"author\" content=\"anja.hall\" \/>\n<meta name=\"twitter:card\" content=\"summary_large_image\" \/>\n<meta name=\"twitter:image\" content=\"https:\/\/www.immobilienbusiness.ch\/wp-content\/uploads\/2023\/07\/ABZ_Innenhof_press-scaled.jpg\" \/>\n<script type=\"application\/ld+json\" class=\"yoast-schema-graph\">{\"@context\":\"https:\\\/\\\/schema.org\",\"@graph\":[{\"@type\":\"Article\",\"@id\":\"https:\\\/\\\/www.immobilienbusiness.ch\\\/fr\\\/regionen\\\/2023-07-31\\\/zuerich-grossprojekt-seebahn-hoefe-im-kreis-4-nimmt-wichtige-huerde\\\/#article\",\"isPartOf\":{\"@id\":\"https:\\\/\\\/www.immobilienbusiness.ch\\\/fr\\\/regionen\\\/2023-07-31\\\/zuerich-grossprojekt-seebahn-hoefe-im-kreis-4-nimmt-wichtige-huerde\\\/\"},\"author\":{\"name\":\"anja.hall\",\"@id\":\"https:\\\/\\\/www.immobilienbusiness.ch\\\/#\\\/schema\\\/person\\\/3fc036297b10b9f42d6db5ee932af8c8\"},\"headline\":\"Z\u00fcrich: Grossprojekt Seebahn-H\u00f6fe nimmt wichtige H\u00fcrde\",\"datePublished\":\"2023-07-31T07:10:47+00:00\",\"dateModified\":\"2023-08-02T21:11:20+00:00\",\"mainEntityOfPage\":{\"@id\":\"https:\\\/\\\/www.immobilienbusiness.ch\\\/fr\\\/regionen\\\/2023-07-31\\\/zuerich-grossprojekt-seebahn-hoefe-im-kreis-4-nimmt-wichtige-huerde\\\/\"},\"wordCount\":259,\"publisher\":{\"@id\":\"https:\\\/\\\/www.immobilienbusiness.ch\\\/#organization\"},\"image\":{\"@id\":\"https:\\\/\\\/www.immobilienbusiness.ch\\\/fr\\\/regionen\\\/2023-07-31\\\/zuerich-grossprojekt-seebahn-hoefe-im-kreis-4-nimmt-wichtige-huerde\\\/#primaryimage\"},\"thumbnailUrl\":\"https:\\\/\\\/www.immobilienbusiness.ch\\\/wp-content\\\/uploads\\\/2023\\\/07\\\/ABZ_Innenhof_press-scaled.jpg\",\"keywords\":[\"Baugenossenschaft\",\"in Planung\",\"Wohnimmobilien\",\"Z\u00fcrich\"],\"articleSection\":[\"REGIONEN\"],\"inLanguage\":\"it-IT\"},{\"@type\":\"WebPage\",\"@id\":\"https:\\\/\\\/www.immobilienbusiness.ch\\\/fr\\\/regionen\\\/2023-07-31\\\/zuerich-grossprojekt-seebahn-hoefe-im-kreis-4-nimmt-wichtige-huerde\\\/\",\"url\":\"https:\\\/\\\/www.immobilienbusiness.ch\\\/fr\\\/regionen\\\/2023-07-31\\\/zuerich-grossprojekt-seebahn-hoefe-im-kreis-4-nimmt-wichtige-huerde\\\/\",\"name\":\"Z\u00fcrich: Grossprojekt Seebahn-H\u00f6fe nimmt wichtige H\u00fcrde - IMMOBILIEN Business\",\"isPartOf\":{\"@id\":\"https:\\\/\\\/www.immobilienbusiness.ch\\\/#website\"},\"primaryImageOfPage\":{\"@id\":\"https:\\\/\\\/www.immobilienbusiness.ch\\\/fr\\\/regionen\\\/2023-07-31\\\/zuerich-grossprojekt-seebahn-hoefe-im-kreis-4-nimmt-wichtige-huerde\\\/#primaryimage\"},\"image\":{\"@id\":\"https:\\\/\\\/www.immobilienbusiness.ch\\\/fr\\\/regionen\\\/2023-07-31\\\/zuerich-grossprojekt-seebahn-hoefe-im-kreis-4-nimmt-wichtige-huerde\\\/#primaryimage\"},\"thumbnailUrl\":\"https:\\\/\\\/www.immobilienbusiness.ch\\\/wp-content\\\/uploads\\\/2023\\\/07\\\/ABZ_Innenhof_press-scaled.jpg\",\"datePublished\":\"2023-07-31T07:10:47+00:00\",\"dateModified\":\"2023-08-02T21:11:20+00:00\",\"description\":\"Die Stadt Z\u00fcrich hat den privaten Gestaltungsplan f\u00fcr das Vorhaben genehmigt. ABZ und BEP planen Wohnraum f\u00fcr rund 1.000 Personen.\",\"breadcrumb\":{\"@id\":\"https:\\\/\\\/www.immobilienbusiness.ch\\\/fr\\\/regionen\\\/2023-07-31\\\/zuerich-grossprojekt-seebahn-hoefe-im-kreis-4-nimmt-wichtige-huerde\\\/#breadcrumb\"},\"inLanguage\":\"it-IT\",\"potentialAction\":[{\"@type\":\"ReadAction\",\"target\":[\"https:\\\/\\\/www.immobilienbusiness.ch\\\/fr\\\/regionen\\\/2023-07-31\\\/zuerich-grossprojekt-seebahn-hoefe-im-kreis-4-nimmt-wichtige-huerde\\\/\"]}]},{\"@type\":\"ImageObject\",\"inLanguage\":\"it-IT\",\"@id\":\"https:\\\/\\\/www.immobilienbusiness.ch\\\/fr\\\/regionen\\\/2023-07-31\\\/zuerich-grossprojekt-seebahn-hoefe-im-kreis-4-nimmt-wichtige-huerde\\\/#primaryimage\",\"url\":\"https:\\\/\\\/www.immobilienbusiness.ch\\\/wp-content\\\/uploads\\\/2023\\\/07\\\/ABZ_Innenhof_press-scaled.jpg\",\"contentUrl\":\"https:\\\/\\\/www.immobilienbusiness.ch\\\/wp-content\\\/uploads\\\/2023\\\/07\\\/ABZ_Innenhof_press-scaled.jpg\",\"width\":1200,\"height\":800,\"caption\":\"Visualisierung der geplanen Siedlung Seebahn-H\u00f6fe im Z\u00fcrcher Kreis 4 (Bild: Rafael Schmid Architekten, Z\u00fcrich)\"},{\"@type\":\"BreadcrumbList\",\"@id\":\"https:\\\/\\\/www.immobilienbusiness.ch\\\/fr\\\/regionen\\\/2023-07-31\\\/zuerich-grossprojekt-seebahn-hoefe-im-kreis-4-nimmt-wichtige-huerde\\\/#breadcrumb\",\"itemListElement\":[{\"@type\":\"ListItem\",\"position\":1,\"name\":\"Home\",\"item\":\"https:\\\/\\\/www.immobilienbusiness.ch\\\/\"},{\"@type\":\"ListItem\",\"position\":2,\"name\":\"Z\u00fcrich: Grossprojekt Seebahn-H\u00f6fe nimmt wichtige H\u00fcrde\"}]},{\"@type\":\"WebSite\",\"@id\":\"https:\\\/\\\/www.immobilienbusiness.ch\\\/#website\",\"url\":\"https:\\\/\\\/www.immobilienbusiness.ch\\\/\",\"name\":\"IMMOBILIEN Business\",\"description\":\"Unabh\u00e4ngiges Schweizer Wirtschaftsmagazin mit Fokus auf Immobilien, Architektur- und Bau sowie Investment- und Finanzierung.\",\"publisher\":{\"@id\":\"https:\\\/\\\/www.immobilienbusiness.ch\\\/#organization\"},\"potentialAction\":[{\"@type\":\"SearchAction\",\"target\":{\"@type\":\"EntryPoint\",\"urlTemplate\":\"https:\\\/\\\/www.immobilienbusiness.ch\\\/?s={search_term_string}\"},\"query-input\":{\"@type\":\"PropertyValueSpecification\",\"valueRequired\":true,\"valueName\":\"search_term_string\"}}],\"inLanguage\":\"it-IT\"},{\"@type\":\"Organization\",\"@id\":\"https:\\\/\\\/www.immobilienbusiness.ch\\\/#organization\",\"name\":\"IMMOBILIEN Business\",\"url\":\"https:\\\/\\\/www.immobilienbusiness.ch\\\/\",\"logo\":{\"@type\":\"ImageObject\",\"inLanguage\":\"it-IT\",\"@id\":\"https:\\\/\\\/www.immobilienbusiness.ch\\\/#\\\/schema\\\/logo\\\/image\\\/\",\"url\":\"https:\\\/\\\/www.immobilienbusiness.ch\\\/wp-content\\\/uploads\\\/2021\\\/07\\\/logo_ib.png\",\"contentUrl\":\"https:\\\/\\\/www.immobilienbusiness.ch\\\/wp-content\\\/uploads\\\/2021\\\/07\\\/logo_ib.png\",\"width\":800,\"height\":181,\"caption\":\"IMMOBILIEN Business\"},\"image\":{\"@id\":\"https:\\\/\\\/www.immobilienbusiness.ch\\\/#\\\/schema\\\/logo\\\/image\\\/\"},\"sameAs\":[\"https:\\\/\\\/www.facebook.com\\\/immobilienbusiness\\\/\"]},{\"@type\":\"Person\",\"@id\":\"https:\\\/\\\/www.immobilienbusiness.ch\\\/#\\\/schema\\\/person\\\/3fc036297b10b9f42d6db5ee932af8c8\",\"name\":\"anja.hall\",\"image\":{\"@type\":\"ImageObject\",\"inLanguage\":\"it-IT\",\"@id\":\"https:\\\/\\\/secure.gravatar.com\\\/avatar\\\/066b5a0d447013502c71a5782f4f3469f03cfe595cc2329fb94652fe47511bfb?s=96&d=mm&r=g\",\"url\":\"https:\\\/\\\/secure.gravatar.com\\\/avatar\\\/066b5a0d447013502c71a5782f4f3469f03cfe595cc2329fb94652fe47511bfb?s=96&d=mm&r=g\",\"contentUrl\":\"https:\\\/\\\/secure.gravatar.com\\\/avatar\\\/066b5a0d447013502c71a5782f4f3469f03cfe595cc2329fb94652fe47511bfb?s=96&d=mm&r=g\",\"caption\":\"anja.hall\"},\"url\":\"https:\\\/\\\/www.immobilienbusiness.ch\\\/it\\\/author\\\/anja-hall\\\/\"}]}<\/script>\n<!-- \/ Yoast SEO plugin. -->","yoast_head_json":{"title":"Zurigo: il grande progetto della Seebahn-H\u00f6fe supera un importante ostacolo - IMMOBILIEN Business","description":"La citt\u00e0 di Zurigo ha approvato il piano di progettazione privato del progetto. ABZ e BEP prevedono spazi abitativi per circa 1.000 persone.","robots":{"index":"index","follow":"follow","max-snippet":"max-snippet:-1","max-image-preview":"max-image-preview:large","max-video-preview":"max-video-preview:-1"},"canonical":"https:\/\/www.immobilienbusiness.ch\/it\/regionen\/2023-07-31\/zuerich-grossprojekt-seebahn-hoefe-im-kreis-4-nimmt-wichtige-huerde\/","og_locale":"it_IT","og_type":"article","og_title":"Z\u00fcrich: Grossprojekt Seebahn-H\u00f6fe nimmt wichtige H\u00fcrde - IMMOBILIEN Business","og_description":"Die Stadt Z\u00fcrich hat den privaten Gestaltungsplan f\u00fcr das Vorhaben genehmigt. ABZ und BEP planen Wohnraum f\u00fcr rund 1.000 Personen.","og_url":"https:\/\/www.immobilienbusiness.ch\/it\/regionen\/2023-07-31\/zuerich-grossprojekt-seebahn-hoefe-im-kreis-4-nimmt-wichtige-huerde\/","og_site_name":"IMMOBILIEN Business","article_publisher":"https:\/\/www.facebook.com\/immobilienbusiness\/","article_published_time":"2023-07-31T07:10:47+00:00","article_modified_time":"2023-08-02T21:11:20+00:00","og_image":[{"width":1200,"height":800,"url":"https:\/\/www.immobilienbusiness.ch\/wp-content\/uploads\/2023\/07\/ABZ_Innenhof_press-scaled.jpg","type":"image\/jpeg"}],"author":"anja.hall","twitter_card":"summary_large_image","twitter_image":"https:\/\/www.immobilienbusiness.ch\/wp-content\/uploads\/2023\/07\/ABZ_Innenhof_press-scaled.jpg","schema":{"@context":"https:\/\/schema.org","@graph":[{"@type":"Article","@id":"https:\/\/www.immobilienbusiness.ch\/fr\/regionen\/2023-07-31\/zuerich-grossprojekt-seebahn-hoefe-im-kreis-4-nimmt-wichtige-huerde\/#article","isPartOf":{"@id":"https:\/\/www.immobilienbusiness.ch\/fr\/regionen\/2023-07-31\/zuerich-grossprojekt-seebahn-hoefe-im-kreis-4-nimmt-wichtige-huerde\/"},"author":{"name":"anja.hall","@id":"https:\/\/www.immobilienbusiness.ch\/#\/schema\/person\/3fc036297b10b9f42d6db5ee932af8c8"},"headline":"Z\u00fcrich: Grossprojekt Seebahn-H\u00f6fe nimmt wichtige H\u00fcrde","datePublished":"2023-07-31T07:10:47+00:00","dateModified":"2023-08-02T21:11:20+00:00","mainEntityOfPage":{"@id":"https:\/\/www.immobilienbusiness.ch\/fr\/regionen\/2023-07-31\/zuerich-grossprojekt-seebahn-hoefe-im-kreis-4-nimmt-wichtige-huerde\/"},"wordCount":259,"publisher":{"@id":"https:\/\/www.immobilienbusiness.ch\/#organization"},"image":{"@id":"https:\/\/www.immobilienbusiness.ch\/fr\/regionen\/2023-07-31\/zuerich-grossprojekt-seebahn-hoefe-im-kreis-4-nimmt-wichtige-huerde\/#primaryimage"},"thumbnailUrl":"https:\/\/www.immobilienbusiness.ch\/wp-content\/uploads\/2023\/07\/ABZ_Innenhof_press-scaled.jpg","keywords":["Baugenossenschaft","in Planung","Wohnimmobilien","Z\u00fcrich"],"articleSection":["REGIONEN"],"inLanguage":"it-IT"},{"@type":"WebPage","@id":"https:\/\/www.immobilienbusiness.ch\/fr\/regionen\/2023-07-31\/zuerich-grossprojekt-seebahn-hoefe-im-kreis-4-nimmt-wichtige-huerde\/","url":"https:\/\/www.immobilienbusiness.ch\/fr\/regionen\/2023-07-31\/zuerich-grossprojekt-seebahn-hoefe-im-kreis-4-nimmt-wichtige-huerde\/","name":"Zurigo: il grande progetto della Seebahn-H\u00f6fe supera un importante ostacolo - IMMOBILIEN Business","isPartOf":{"@id":"https:\/\/www.immobilienbusiness.ch\/#website"},"primaryImageOfPage":{"@id":"https:\/\/www.immobilienbusiness.ch\/fr\/regionen\/2023-07-31\/zuerich-grossprojekt-seebahn-hoefe-im-kreis-4-nimmt-wichtige-huerde\/#primaryimage"},"image":{"@id":"https:\/\/www.immobilienbusiness.ch\/fr\/regionen\/2023-07-31\/zuerich-grossprojekt-seebahn-hoefe-im-kreis-4-nimmt-wichtige-huerde\/#primaryimage"},"thumbnailUrl":"https:\/\/www.immobilienbusiness.ch\/wp-content\/uploads\/2023\/07\/ABZ_Innenhof_press-scaled.jpg","datePublished":"2023-07-31T07:10:47+00:00","dateModified":"2023-08-02T21:11:20+00:00","description":"La citt\u00e0 di Zurigo ha approvato il piano di progettazione privato del progetto. ABZ e BEP prevedono spazi abitativi per circa 1.000 persone.","breadcrumb":{"@id":"https:\/\/www.immobilienbusiness.ch\/fr\/regionen\/2023-07-31\/zuerich-grossprojekt-seebahn-hoefe-im-kreis-4-nimmt-wichtige-huerde\/#breadcrumb"},"inLanguage":"it-IT","potentialAction":[{"@type":"ReadAction","target":["https:\/\/www.immobilienbusiness.ch\/fr\/regionen\/2023-07-31\/zuerich-grossprojekt-seebahn-hoefe-im-kreis-4-nimmt-wichtige-huerde\/"]}]},{"@type":"ImageObject","inLanguage":"it-IT","@id":"https:\/\/www.immobilienbusiness.ch\/fr\/regionen\/2023-07-31\/zuerich-grossprojekt-seebahn-hoefe-im-kreis-4-nimmt-wichtige-huerde\/#primaryimage","url":"https:\/\/www.immobilienbusiness.ch\/wp-content\/uploads\/2023\/07\/ABZ_Innenhof_press-scaled.jpg","contentUrl":"https:\/\/www.immobilienbusiness.ch\/wp-content\/uploads\/2023\/07\/ABZ_Innenhof_press-scaled.jpg","width":1200,"height":800,"caption":"Visualisierung der geplanen Siedlung Seebahn-H\u00f6fe im Z\u00fcrcher Kreis 4 (Bild: Rafael Schmid Architekten, Z\u00fcrich)"},{"@type":"BreadcrumbList","@id":"https:\/\/www.immobilienbusiness.ch\/fr\/regionen\/2023-07-31\/zuerich-grossprojekt-seebahn-hoefe-im-kreis-4-nimmt-wichtige-huerde\/#breadcrumb","itemListElement":[{"@type":"ListItem","position":1,"name":"Home","item":"https:\/\/www.immobilienbusiness.ch\/"},{"@type":"ListItem","position":2,"name":"Z\u00fcrich: Grossprojekt Seebahn-H\u00f6fe nimmt wichtige H\u00fcrde"}]},{"@type":"WebSite","@id":"https:\/\/www.immobilienbusiness.ch\/#website","url":"https:\/\/www.immobilienbusiness.ch\/","name":"Affari immobiliari","description":"Rivista economica indipendente svizzera che si concentra sul settore immobiliare, l'architettura e la costruzione, nonch\u00e9 sugli investimenti e i finanziamenti.","publisher":{"@id":"https:\/\/www.immobilienbusiness.ch\/#organization"},"potentialAction":[{"@type":"SearchAction","target":{"@type":"EntryPoint","urlTemplate":"https:\/\/www.immobilienbusiness.ch\/?s={search_term_string}"},"query-input":{"@type":"PropertyValueSpecification","valueRequired":true,"valueName":"search_term_string"}}],"inLanguage":"it-IT"},{"@type":"Organization","@id":"https:\/\/www.immobilienbusiness.ch\/#organization","name":"Affari immobiliari","url":"https:\/\/www.immobilienbusiness.ch\/","logo":{"@type":"ImageObject","inLanguage":"it-IT","@id":"https:\/\/www.immobilienbusiness.ch\/#\/schema\/logo\/image\/","url":"https:\/\/www.immobilienbusiness.ch\/wp-content\/uploads\/2021\/07\/logo_ib.png","contentUrl":"https:\/\/www.immobilienbusiness.ch\/wp-content\/uploads\/2021\/07\/logo_ib.png","width":800,"height":181,"caption":"IMMOBILIEN Business"},"image":{"@id":"https:\/\/www.immobilienbusiness.ch\/#\/schema\/logo\/image\/"},"sameAs":["https:\/\/www.facebook.com\/immobilienbusiness\/"]},{"@type":"Person","@id":"https:\/\/www.immobilienbusiness.ch\/#\/schema\/person\/3fc036297b10b9f42d6db5ee932af8c8","name":"anja.hall","image":{"@type":"ImageObject","inLanguage":"it-IT","@id":"https:\/\/secure.gravatar.com\/avatar\/066b5a0d447013502c71a5782f4f3469f03cfe595cc2329fb94652fe47511bfb?s=96&d=mm&r=g","url":"https:\/\/secure.gravatar.com\/avatar\/066b5a0d447013502c71a5782f4f3469f03cfe595cc2329fb94652fe47511bfb?s=96&d=mm&r=g","contentUrl":"https:\/\/secure.gravatar.com\/avatar\/066b5a0d447013502c71a5782f4f3469f03cfe595cc2329fb94652fe47511bfb?s=96&d=mm&r=g","caption":"anja.hall"},"url":"https:\/\/www.immobilienbusiness.ch\/it\/author\/anja-hall\/"}]}},"_links":{"self":[{"href":"https:\/\/www.immobilienbusiness.ch\/it\/wp-json\/wp\/v2\/posts\/51476","targetHints":{"allow":["GET"]}}],"collection":[{"href":"https:\/\/www.immobilienbusiness.ch\/it\/wp-json\/wp\/v2\/posts"}],"about":[{"href":"https:\/\/www.immobilienbusiness.ch\/it\/wp-json\/wp\/v2\/types\/post"}],"author":[{"embeddable":true,"href":"https:\/\/www.immobilienbusiness.ch\/it\/wp-json\/wp\/v2\/users\/3"}],"replies":[{"embeddable":true,"href":"https:\/\/www.immobilienbusiness.ch\/it\/wp-json\/wp\/v2\/comments?post=51476"}],"version-history":[{"count":5,"href":"https:\/\/www.immobilienbusiness.ch\/it\/wp-json\/wp\/v2\/posts\/51476\/revisions"}],"predecessor-version":[{"id":51548,"href":"https:\/\/www.immobilienbusiness.ch\/it\/wp-json\/wp\/v2\/posts\/51476\/revisions\/51548"}],"wp:featuredmedia":[{"embeddable":true,"href":"https:\/\/www.immobilienbusiness.ch\/it\/wp-json\/wp\/v2\/media\/51477"}],"wp:attachment":[{"href":"https:\/\/www.immobilienbusiness.ch\/it\/wp-json\/wp\/v2\/media?parent=51476"}],"wp:term":[{"taxonomy":"category","embeddable":true,"href":"https:\/\/www.immobilienbusiness.ch\/it\/wp-json\/wp\/v2\/categories?post=51476"},{"taxonomy":"post_tag","embeddable":true,"href":"https:\/\/www.immobilienbusiness.ch\/it\/wp-json\/wp\/v2\/tags?post=51476"}],"curies":[{"name":"wp","href":"https:\/\/api.w.org\/{rel}","templated":true}]}}