{"id":50285,"date":"2023-07-11T08:25:57","date_gmt":"2023-07-11T06:25:57","guid":{"rendered":"https:\/\/www.immobilienbusiness.ch\/?p=50285"},"modified":"2023-07-12T13:51:18","modified_gmt":"2023-07-12T11:51:18","slug":"stadt-arbon-kauft-34-500-qm-grosses-areal","status":"publish","type":"post","link":"https:\/\/www.immobilienbusiness.ch\/it\/regionen\/2023-07-11\/stadt-arbon-kauft-34-500-qm-grosses-areal\/","title":{"rendered":"La citt\u00e0 di Arbon acquista 34.500 metri quadrati di terreno"},"content":{"rendered":"<figure id=\"attachment_9861\" aria-describedby=\"caption-attachment-9861\" style=\"width: 750px\" class=\"wp-caption alignnone\"><a href=\"https:\/\/www.immobilienbusiness.ch\/wp-content\/uploads\/2017\/11\/IB-News-20171101-Swiss-Life-Fonds-kauft-in-Arbon-und-Sion-zu-c-Pixabay.png\"><img loading=\"lazy\" decoding=\"async\" class=\"size-full wp-image-9861\" src=\"https:\/\/www.immobilienbusiness.ch\/wp-content\/uploads\/2017\/11\/IB-News-20171101-Swiss-Life-Fonds-kauft-in-Arbon-und-Sion-zu-c-Pixabay.png\" alt=\"\" width=\"750\" height=\"500\" srcset=\"https:\/\/www.immobilienbusiness.ch\/wp-content\/uploads\/2017\/11\/IB-News-20171101-Swiss-Life-Fonds-kauft-in-Arbon-und-Sion-zu-c-Pixabay.png 750w, https:\/\/www.immobilienbusiness.ch\/wp-content\/uploads\/2017\/11\/IB-News-20171101-Swiss-Life-Fonds-kauft-in-Arbon-und-Sion-zu-c-Pixabay-300x200.png 300w, https:\/\/www.immobilienbusiness.ch\/wp-content\/uploads\/2017\/11\/IB-News-20171101-Swiss-Life-Fonds-kauft-in-Arbon-und-Sion-zu-c-Pixabay-16x12.png 16w, https:\/\/www.immobilienbusiness.ch\/wp-content\/uploads\/2017\/11\/IB-News-20171101-Swiss-Life-Fonds-kauft-in-Arbon-und-Sion-zu-c-Pixabay-263x175.png 263w, https:\/\/www.immobilienbusiness.ch\/wp-content\/uploads\/2017\/11\/IB-News-20171101-Swiss-Life-Fonds-kauft-in-Arbon-und-Sion-zu-c-Pixabay-525x350.png 525w\" sizes=\"auto, (max-width: 750px) 100vw, 750px\" \/><\/a><figcaption id=\"caption-attachment-9861\" class=\"wp-caption-text\">Il contratto di acquisto per un immobile di 19,5 milioni di franchi ad Arbon \u00e8 stato perfezionato (Immagine: Pixabay)<\/figcaption><\/figure>\n<p>Lo \"Strausswiese\", di 34.500 metri quadrati, si trova in posizione centrale ad Arbon, tra Romanshornerstrasse, Zelgstrasse, la linea ferroviaria e gli edifici a est di Werftstrasse. Il terreno \u00e8 poco edificato. Secondo l'attuale piano regolatore, la maggior parte di esso si trova in zona agricola. Con l'approvazione della revisione della pianificazione locale da parte del Cantone, l'area sar\u00e0 riqualificata in zona residenziale ad alta densit\u00e0. Secondo un comunicato stampa, il terreno \u00e8 \"di grande importanza\" per il futuro sviluppo del comune di Arbon sul Lago di Costanza. Per garantire che il terreno possa essere utilizzato nell'interesse pubblico, il Comune sta cercando di acquistarlo. Durante le trattative con il proprietario \u00e8 stato concordato un prezzo di acquisto di 19,5 milioni di franchi. Il relativo contratto di acquisto \u00e8 gi\u00e0 stato approvato dal Consiglio comunale e l'acquisto \u00e8 gi\u00e0 stato autenticato, ma deve ancora essere approvato dagli elettori. La riorganizzazione deve inoltre diventare giuridicamente vincolante prima che l'iscrizione a registro fondiario possa essere completata. <i>(aw)<\/i><\/p>","protected":false},"excerpt":{"rendered":"<p>Per poter controllare direttamente lo sviluppo di un sito chiave situato in posizione centrale, la citt\u00e0 di Arbon (TG) vuole acquistarlo per 19,5 milioni di franchi.<\/p>","protected":false},"author":102,"featured_media":9861,"comment_status":"closed","ping_status":"closed","sticky":false,"template":"","format":"standard","meta":{"_acf_changed":false,"_yoast_wpseo_focuskw":"Arbon","_yoast_wpseo_title":"","_yoast_wpseo_metadesc":"Um die Entwicklung eines zentral gelegenen Schl\u00fcsselgrundst\u00fccks selbst steuern zu k\u00f6nnen, will die Stadt Arbon es f\u00fcr 19,5 Mio. CHF erwerben.","_yoast_wpseo_linkdex":57,"pgc_sgb_lightbox_settings":"","footnotes":""},"categories":[985],"tags":[1037,1287,1726,1997],"class_list":["post-50285","post","type-post","status-publish","format-standard","has-post-thumbnail","hentry","category-regionen","tag-arbon","tag-grundstueckskauf","tag-stadtplanung","tag-tg"],"acf":[],"yoast_head":"<!-- This site is optimized with the Yoast SEO plugin v27.4 - https:\/\/yoast.com\/product\/yoast-seo-wordpress\/ -->\n<title>Stadt Arbon kauft 34.500 qm grosses Grundst\u00fcck - IMMOBILIEN Business<\/title>\n<meta name=\"description\" content=\"Um die Entwicklung eines zentral gelegenen Schl\u00fcsselgrundst\u00fccks selbst steuern zu k\u00f6nnen, will die Stadt Arbon es f\u00fcr 19,5 Mio. CHF erwerben.\" \/>\n<meta name=\"robots\" content=\"index, follow, max-snippet:-1, max-image-preview:large, max-video-preview:-1\" \/>\n<link rel=\"canonical\" href=\"https:\/\/www.immobilienbusiness.ch\/it\/regionen\/2023-07-11\/stadt-arbon-kauft-34-500-qm-grosses-areal\/\" \/>\n<meta property=\"og:locale\" content=\"it_IT\" \/>\n<meta property=\"og:type\" content=\"article\" \/>\n<meta property=\"og:title\" content=\"Stadt Arbon kauft 34.500 qm grosses Grundst\u00fcck - IMMOBILIEN Business\" \/>\n<meta property=\"og:description\" content=\"Um die Entwicklung eines zentral gelegenen Schl\u00fcsselgrundst\u00fccks selbst steuern zu k\u00f6nnen, will die Stadt Arbon es f\u00fcr 19,5 Mio. CHF erwerben.\" \/>\n<meta property=\"og:url\" content=\"https:\/\/www.immobilienbusiness.ch\/it\/regionen\/2023-07-11\/stadt-arbon-kauft-34-500-qm-grosses-areal\/\" \/>\n<meta property=\"og:site_name\" content=\"IMMOBILIEN Business\" \/>\n<meta property=\"article:publisher\" content=\"https:\/\/www.facebook.com\/immobilienbusiness\/\" \/>\n<meta property=\"article:published_time\" content=\"2023-07-11T06:25:57+00:00\" \/>\n<meta property=\"article:modified_time\" content=\"2023-07-12T11:51:18+00:00\" \/>\n<meta property=\"og:image\" content=\"https:\/\/www.immobilienbusiness.ch\/wp-content\/uploads\/2017\/11\/IB-News-20171101-Swiss-Life-Fonds-kauft-in-Arbon-und-Sion-zu-c-Pixabay.png\" \/>\n\t<meta property=\"og:image:width\" content=\"750\" \/>\n\t<meta property=\"og:image:height\" content=\"500\" \/>\n\t<meta property=\"og:image:type\" content=\"image\/png\" \/>\n<meta name=\"author\" content=\"Alexander Wachter\" \/>\n<meta name=\"twitter:card\" content=\"summary_large_image\" \/>\n<script type=\"application\/ld+json\" class=\"yoast-schema-graph\">{\"@context\":\"https:\\\/\\\/schema.org\",\"@graph\":[{\"@type\":\"Article\",\"@id\":\"https:\\\/\\\/www.immobilienbusiness.ch\\\/en\\\/regionen\\\/2023-07-11\\\/stadt-arbon-kauft-34-500-qm-grosses-areal\\\/#article\",\"isPartOf\":{\"@id\":\"https:\\\/\\\/www.immobilienbusiness.ch\\\/en\\\/regionen\\\/2023-07-11\\\/stadt-arbon-kauft-34-500-qm-grosses-areal\\\/\"},\"author\":{\"name\":\"Alexander Wachter\",\"@id\":\"https:\\\/\\\/www.immobilienbusiness.ch\\\/#\\\/schema\\\/person\\\/aba8bea2db926aa0c24c08c43fe1fcd5\"},\"headline\":\"Stadt Arbon kauft 34.500 qm grosses Grundst\u00fcck\",\"datePublished\":\"2023-07-11T06:25:57+00:00\",\"dateModified\":\"2023-07-12T11:51:18+00:00\",\"mainEntityOfPage\":{\"@id\":\"https:\\\/\\\/www.immobilienbusiness.ch\\\/en\\\/regionen\\\/2023-07-11\\\/stadt-arbon-kauft-34-500-qm-grosses-areal\\\/\"},\"wordCount\":180,\"publisher\":{\"@id\":\"https:\\\/\\\/www.immobilienbusiness.ch\\\/#organization\"},\"image\":{\"@id\":\"https:\\\/\\\/www.immobilienbusiness.ch\\\/en\\\/regionen\\\/2023-07-11\\\/stadt-arbon-kauft-34-500-qm-grosses-areal\\\/#primaryimage\"},\"thumbnailUrl\":\"https:\\\/\\\/www.immobilienbusiness.ch\\\/wp-content\\\/uploads\\\/2017\\\/11\\\/IB-News-20171101-Swiss-Life-Fonds-kauft-in-Arbon-und-Sion-zu-c-Pixabay.png\",\"keywords\":[\"Arbon\",\"Grundst\u00fcckskauf\",\"Stadtplanung\",\"TG\"],\"articleSection\":[\"REGIONEN\"],\"inLanguage\":\"it-IT\"},{\"@type\":\"WebPage\",\"@id\":\"https:\\\/\\\/www.immobilienbusiness.ch\\\/en\\\/regionen\\\/2023-07-11\\\/stadt-arbon-kauft-34-500-qm-grosses-areal\\\/\",\"url\":\"https:\\\/\\\/www.immobilienbusiness.ch\\\/en\\\/regionen\\\/2023-07-11\\\/stadt-arbon-kauft-34-500-qm-grosses-areal\\\/\",\"name\":\"Stadt Arbon kauft 34.500 qm grosses Grundst\u00fcck - IMMOBILIEN Business\",\"isPartOf\":{\"@id\":\"https:\\\/\\\/www.immobilienbusiness.ch\\\/#website\"},\"primaryImageOfPage\":{\"@id\":\"https:\\\/\\\/www.immobilienbusiness.ch\\\/en\\\/regionen\\\/2023-07-11\\\/stadt-arbon-kauft-34-500-qm-grosses-areal\\\/#primaryimage\"},\"image\":{\"@id\":\"https:\\\/\\\/www.immobilienbusiness.ch\\\/en\\\/regionen\\\/2023-07-11\\\/stadt-arbon-kauft-34-500-qm-grosses-areal\\\/#primaryimage\"},\"thumbnailUrl\":\"https:\\\/\\\/www.immobilienbusiness.ch\\\/wp-content\\\/uploads\\\/2017\\\/11\\\/IB-News-20171101-Swiss-Life-Fonds-kauft-in-Arbon-und-Sion-zu-c-Pixabay.png\",\"datePublished\":\"2023-07-11T06:25:57+00:00\",\"dateModified\":\"2023-07-12T11:51:18+00:00\",\"description\":\"Um die Entwicklung eines zentral gelegenen Schl\u00fcsselgrundst\u00fccks selbst steuern zu k\u00f6nnen, will die Stadt Arbon es f\u00fcr 19,5 Mio. CHF erwerben.\",\"breadcrumb\":{\"@id\":\"https:\\\/\\\/www.immobilienbusiness.ch\\\/en\\\/regionen\\\/2023-07-11\\\/stadt-arbon-kauft-34-500-qm-grosses-areal\\\/#breadcrumb\"},\"inLanguage\":\"it-IT\",\"potentialAction\":[{\"@type\":\"ReadAction\",\"target\":[\"https:\\\/\\\/www.immobilienbusiness.ch\\\/en\\\/regionen\\\/2023-07-11\\\/stadt-arbon-kauft-34-500-qm-grosses-areal\\\/\"]}]},{\"@type\":\"ImageObject\",\"inLanguage\":\"it-IT\",\"@id\":\"https:\\\/\\\/www.immobilienbusiness.ch\\\/en\\\/regionen\\\/2023-07-11\\\/stadt-arbon-kauft-34-500-qm-grosses-areal\\\/#primaryimage\",\"url\":\"https:\\\/\\\/www.immobilienbusiness.ch\\\/wp-content\\\/uploads\\\/2017\\\/11\\\/IB-News-20171101-Swiss-Life-Fonds-kauft-in-Arbon-und-Sion-zu-c-Pixabay.png\",\"contentUrl\":\"https:\\\/\\\/www.immobilienbusiness.ch\\\/wp-content\\\/uploads\\\/2017\\\/11\\\/IB-News-20171101-Swiss-Life-Fonds-kauft-in-Arbon-und-Sion-zu-c-Pixabay.png\",\"width\":750,\"height\":500,\"caption\":\"Die Fusion zweier b\u00f6rsenkotierten Immobiliengesellschaften ist nun beschlossene Sache (Bild: Pixabay)\"},{\"@type\":\"BreadcrumbList\",\"@id\":\"https:\\\/\\\/www.immobilienbusiness.ch\\\/en\\\/regionen\\\/2023-07-11\\\/stadt-arbon-kauft-34-500-qm-grosses-areal\\\/#breadcrumb\",\"itemListElement\":[{\"@type\":\"ListItem\",\"position\":1,\"name\":\"Home\",\"item\":\"https:\\\/\\\/www.immobilienbusiness.ch\\\/\"},{\"@type\":\"ListItem\",\"position\":2,\"name\":\"Stadt Arbon kauft 34.500 qm grosses Grundst\u00fcck\"}]},{\"@type\":\"WebSite\",\"@id\":\"https:\\\/\\\/www.immobilienbusiness.ch\\\/#website\",\"url\":\"https:\\\/\\\/www.immobilienbusiness.ch\\\/\",\"name\":\"IMMOBILIEN Business\",\"description\":\"Unabh\u00e4ngiges Schweizer Wirtschaftsmagazin mit Fokus auf Immobilien, Architektur- und Bau sowie Investment- und Finanzierung.\",\"publisher\":{\"@id\":\"https:\\\/\\\/www.immobilienbusiness.ch\\\/#organization\"},\"potentialAction\":[{\"@type\":\"SearchAction\",\"target\":{\"@type\":\"EntryPoint\",\"urlTemplate\":\"https:\\\/\\\/www.immobilienbusiness.ch\\\/?s={search_term_string}\"},\"query-input\":{\"@type\":\"PropertyValueSpecification\",\"valueRequired\":true,\"valueName\":\"search_term_string\"}}],\"inLanguage\":\"it-IT\"},{\"@type\":\"Organization\",\"@id\":\"https:\\\/\\\/www.immobilienbusiness.ch\\\/#organization\",\"name\":\"IMMOBILIEN Business\",\"url\":\"https:\\\/\\\/www.immobilienbusiness.ch\\\/\",\"logo\":{\"@type\":\"ImageObject\",\"inLanguage\":\"it-IT\",\"@id\":\"https:\\\/\\\/www.immobilienbusiness.ch\\\/#\\\/schema\\\/logo\\\/image\\\/\",\"url\":\"https:\\\/\\\/www.immobilienbusiness.ch\\\/wp-content\\\/uploads\\\/2021\\\/07\\\/logo_ib.png\",\"contentUrl\":\"https:\\\/\\\/www.immobilienbusiness.ch\\\/wp-content\\\/uploads\\\/2021\\\/07\\\/logo_ib.png\",\"width\":800,\"height\":181,\"caption\":\"IMMOBILIEN Business\"},\"image\":{\"@id\":\"https:\\\/\\\/www.immobilienbusiness.ch\\\/#\\\/schema\\\/logo\\\/image\\\/\"},\"sameAs\":[\"https:\\\/\\\/www.facebook.com\\\/immobilienbusiness\\\/\"]},{\"@type\":\"Person\",\"@id\":\"https:\\\/\\\/www.immobilienbusiness.ch\\\/#\\\/schema\\\/person\\\/aba8bea2db926aa0c24c08c43fe1fcd5\",\"name\":\"Alexander Wachter\",\"image\":{\"@type\":\"ImageObject\",\"inLanguage\":\"it-IT\",\"@id\":\"https:\\\/\\\/secure.gravatar.com\\\/avatar\\\/1a09e471f5389b0e0a6416eac287e0927c7c97a7b77f9e787eba3af7aee281dd?s=96&d=mm&r=g\",\"url\":\"https:\\\/\\\/secure.gravatar.com\\\/avatar\\\/1a09e471f5389b0e0a6416eac287e0927c7c97a7b77f9e787eba3af7aee281dd?s=96&d=mm&r=g\",\"contentUrl\":\"https:\\\/\\\/secure.gravatar.com\\\/avatar\\\/1a09e471f5389b0e0a6416eac287e0927c7c97a7b77f9e787eba3af7aee281dd?s=96&d=mm&r=g\",\"caption\":\"Alexander Wachter\"},\"url\":\"https:\\\/\\\/www.immobilienbusiness.ch\\\/it\\\/author\\\/alexander-wachter\\\/\"}]}<\/script>\n<!-- \/ Yoast SEO plugin. -->","yoast_head_json":{"title":"La citt\u00e0 di Arbon acquista un immobile di 34.500 metri quadri - IMMOBILIEN Business","description":"Per poter controllare lo sviluppo di un sito chiave in posizione centrale, la citt\u00e0 di Arbon intende acquistarlo per 19,5 milioni di franchi.","robots":{"index":"index","follow":"follow","max-snippet":"max-snippet:-1","max-image-preview":"max-image-preview:large","max-video-preview":"max-video-preview:-1"},"canonical":"https:\/\/www.immobilienbusiness.ch\/it\/regionen\/2023-07-11\/stadt-arbon-kauft-34-500-qm-grosses-areal\/","og_locale":"it_IT","og_type":"article","og_title":"Stadt Arbon kauft 34.500 qm grosses Grundst\u00fcck - IMMOBILIEN Business","og_description":"Um die Entwicklung eines zentral gelegenen Schl\u00fcsselgrundst\u00fccks selbst steuern zu k\u00f6nnen, will die Stadt Arbon es f\u00fcr 19,5 Mio. CHF erwerben.","og_url":"https:\/\/www.immobilienbusiness.ch\/it\/regionen\/2023-07-11\/stadt-arbon-kauft-34-500-qm-grosses-areal\/","og_site_name":"IMMOBILIEN Business","article_publisher":"https:\/\/www.facebook.com\/immobilienbusiness\/","article_published_time":"2023-07-11T06:25:57+00:00","article_modified_time":"2023-07-12T11:51:18+00:00","og_image":[{"width":750,"height":500,"url":"https:\/\/www.immobilienbusiness.ch\/wp-content\/uploads\/2017\/11\/IB-News-20171101-Swiss-Life-Fonds-kauft-in-Arbon-und-Sion-zu-c-Pixabay.png","type":"image\/png"}],"author":"Alexander Wachter","twitter_card":"summary_large_image","schema":{"@context":"https:\/\/schema.org","@graph":[{"@type":"Article","@id":"https:\/\/www.immobilienbusiness.ch\/en\/regionen\/2023-07-11\/stadt-arbon-kauft-34-500-qm-grosses-areal\/#article","isPartOf":{"@id":"https:\/\/www.immobilienbusiness.ch\/en\/regionen\/2023-07-11\/stadt-arbon-kauft-34-500-qm-grosses-areal\/"},"author":{"name":"Alexander Wachter","@id":"https:\/\/www.immobilienbusiness.ch\/#\/schema\/person\/aba8bea2db926aa0c24c08c43fe1fcd5"},"headline":"Stadt Arbon kauft 34.500 qm grosses Grundst\u00fcck","datePublished":"2023-07-11T06:25:57+00:00","dateModified":"2023-07-12T11:51:18+00:00","mainEntityOfPage":{"@id":"https:\/\/www.immobilienbusiness.ch\/en\/regionen\/2023-07-11\/stadt-arbon-kauft-34-500-qm-grosses-areal\/"},"wordCount":180,"publisher":{"@id":"https:\/\/www.immobilienbusiness.ch\/#organization"},"image":{"@id":"https:\/\/www.immobilienbusiness.ch\/en\/regionen\/2023-07-11\/stadt-arbon-kauft-34-500-qm-grosses-areal\/#primaryimage"},"thumbnailUrl":"https:\/\/www.immobilienbusiness.ch\/wp-content\/uploads\/2017\/11\/IB-News-20171101-Swiss-Life-Fonds-kauft-in-Arbon-und-Sion-zu-c-Pixabay.png","keywords":["Arbon","Grundst\u00fcckskauf","Stadtplanung","TG"],"articleSection":["REGIONEN"],"inLanguage":"it-IT"},{"@type":"WebPage","@id":"https:\/\/www.immobilienbusiness.ch\/en\/regionen\/2023-07-11\/stadt-arbon-kauft-34-500-qm-grosses-areal\/","url":"https:\/\/www.immobilienbusiness.ch\/en\/regionen\/2023-07-11\/stadt-arbon-kauft-34-500-qm-grosses-areal\/","name":"La citt\u00e0 di Arbon acquista un immobile di 34.500 metri quadri - IMMOBILIEN Business","isPartOf":{"@id":"https:\/\/www.immobilienbusiness.ch\/#website"},"primaryImageOfPage":{"@id":"https:\/\/www.immobilienbusiness.ch\/en\/regionen\/2023-07-11\/stadt-arbon-kauft-34-500-qm-grosses-areal\/#primaryimage"},"image":{"@id":"https:\/\/www.immobilienbusiness.ch\/en\/regionen\/2023-07-11\/stadt-arbon-kauft-34-500-qm-grosses-areal\/#primaryimage"},"thumbnailUrl":"https:\/\/www.immobilienbusiness.ch\/wp-content\/uploads\/2017\/11\/IB-News-20171101-Swiss-Life-Fonds-kauft-in-Arbon-und-Sion-zu-c-Pixabay.png","datePublished":"2023-07-11T06:25:57+00:00","dateModified":"2023-07-12T11:51:18+00:00","description":"Per poter controllare lo sviluppo di un sito chiave in posizione centrale, la citt\u00e0 di Arbon intende acquistarlo per 19,5 milioni di franchi.","breadcrumb":{"@id":"https:\/\/www.immobilienbusiness.ch\/en\/regionen\/2023-07-11\/stadt-arbon-kauft-34-500-qm-grosses-areal\/#breadcrumb"},"inLanguage":"it-IT","potentialAction":[{"@type":"ReadAction","target":["https:\/\/www.immobilienbusiness.ch\/en\/regionen\/2023-07-11\/stadt-arbon-kauft-34-500-qm-grosses-areal\/"]}]},{"@type":"ImageObject","inLanguage":"it-IT","@id":"https:\/\/www.immobilienbusiness.ch\/en\/regionen\/2023-07-11\/stadt-arbon-kauft-34-500-qm-grosses-areal\/#primaryimage","url":"https:\/\/www.immobilienbusiness.ch\/wp-content\/uploads\/2017\/11\/IB-News-20171101-Swiss-Life-Fonds-kauft-in-Arbon-und-Sion-zu-c-Pixabay.png","contentUrl":"https:\/\/www.immobilienbusiness.ch\/wp-content\/uploads\/2017\/11\/IB-News-20171101-Swiss-Life-Fonds-kauft-in-Arbon-und-Sion-zu-c-Pixabay.png","width":750,"height":500,"caption":"Die Fusion zweier b\u00f6rsenkotierten Immobiliengesellschaften ist nun beschlossene Sache (Bild: Pixabay)"},{"@type":"BreadcrumbList","@id":"https:\/\/www.immobilienbusiness.ch\/en\/regionen\/2023-07-11\/stadt-arbon-kauft-34-500-qm-grosses-areal\/#breadcrumb","itemListElement":[{"@type":"ListItem","position":1,"name":"Home","item":"https:\/\/www.immobilienbusiness.ch\/"},{"@type":"ListItem","position":2,"name":"Stadt Arbon kauft 34.500 qm grosses Grundst\u00fcck"}]},{"@type":"WebSite","@id":"https:\/\/www.immobilienbusiness.ch\/#website","url":"https:\/\/www.immobilienbusiness.ch\/","name":"Affari immobiliari","description":"Rivista economica indipendente svizzera che si concentra sul settore immobiliare, l'architettura e la costruzione, nonch\u00e9 sugli investimenti e i finanziamenti.","publisher":{"@id":"https:\/\/www.immobilienbusiness.ch\/#organization"},"potentialAction":[{"@type":"SearchAction","target":{"@type":"EntryPoint","urlTemplate":"https:\/\/www.immobilienbusiness.ch\/?s={search_term_string}"},"query-input":{"@type":"PropertyValueSpecification","valueRequired":true,"valueName":"search_term_string"}}],"inLanguage":"it-IT"},{"@type":"Organization","@id":"https:\/\/www.immobilienbusiness.ch\/#organization","name":"Affari immobiliari","url":"https:\/\/www.immobilienbusiness.ch\/","logo":{"@type":"ImageObject","inLanguage":"it-IT","@id":"https:\/\/www.immobilienbusiness.ch\/#\/schema\/logo\/image\/","url":"https:\/\/www.immobilienbusiness.ch\/wp-content\/uploads\/2021\/07\/logo_ib.png","contentUrl":"https:\/\/www.immobilienbusiness.ch\/wp-content\/uploads\/2021\/07\/logo_ib.png","width":800,"height":181,"caption":"IMMOBILIEN Business"},"image":{"@id":"https:\/\/www.immobilienbusiness.ch\/#\/schema\/logo\/image\/"},"sameAs":["https:\/\/www.facebook.com\/immobilienbusiness\/"]},{"@type":"Person","@id":"https:\/\/www.immobilienbusiness.ch\/#\/schema\/person\/aba8bea2db926aa0c24c08c43fe1fcd5","name":"Alexander Wachter","image":{"@type":"ImageObject","inLanguage":"it-IT","@id":"https:\/\/secure.gravatar.com\/avatar\/1a09e471f5389b0e0a6416eac287e0927c7c97a7b77f9e787eba3af7aee281dd?s=96&d=mm&r=g","url":"https:\/\/secure.gravatar.com\/avatar\/1a09e471f5389b0e0a6416eac287e0927c7c97a7b77f9e787eba3af7aee281dd?s=96&d=mm&r=g","contentUrl":"https:\/\/secure.gravatar.com\/avatar\/1a09e471f5389b0e0a6416eac287e0927c7c97a7b77f9e787eba3af7aee281dd?s=96&d=mm&r=g","caption":"Alexander Wachter"},"url":"https:\/\/www.immobilienbusiness.ch\/it\/author\/alexander-wachter\/"}]}},"_links":{"self":[{"href":"https:\/\/www.immobilienbusiness.ch\/it\/wp-json\/wp\/v2\/posts\/50285","targetHints":{"allow":["GET"]}}],"collection":[{"href":"https:\/\/www.immobilienbusiness.ch\/it\/wp-json\/wp\/v2\/posts"}],"about":[{"href":"https:\/\/www.immobilienbusiness.ch\/it\/wp-json\/wp\/v2\/types\/post"}],"author":[{"embeddable":true,"href":"https:\/\/www.immobilienbusiness.ch\/it\/wp-json\/wp\/v2\/users\/102"}],"replies":[{"embeddable":true,"href":"https:\/\/www.immobilienbusiness.ch\/it\/wp-json\/wp\/v2\/comments?post=50285"}],"version-history":[{"count":3,"href":"https:\/\/www.immobilienbusiness.ch\/it\/wp-json\/wp\/v2\/posts\/50285\/revisions"}],"predecessor-version":[{"id":50288,"href":"https:\/\/www.immobilienbusiness.ch\/it\/wp-json\/wp\/v2\/posts\/50285\/revisions\/50288"}],"wp:featuredmedia":[{"embeddable":true,"href":"https:\/\/www.immobilienbusiness.ch\/it\/wp-json\/wp\/v2\/media\/9861"}],"wp:attachment":[{"href":"https:\/\/www.immobilienbusiness.ch\/it\/wp-json\/wp\/v2\/media?parent=50285"}],"wp:term":[{"taxonomy":"category","embeddable":true,"href":"https:\/\/www.immobilienbusiness.ch\/it\/wp-json\/wp\/v2\/categories?post=50285"},{"taxonomy":"post_tag","embeddable":true,"href":"https:\/\/www.immobilienbusiness.ch\/it\/wp-json\/wp\/v2\/tags?post=50285"}],"curies":[{"name":"wp","href":"https:\/\/api.w.org\/{rel}","templated":true}]}}