{"id":49429,"date":"2023-07-04T08:00:36","date_gmt":"2023-07-04T06:00:36","guid":{"rendered":"https:\/\/www.immobilienbusiness.ch\/?p=49429"},"modified":"2023-07-24T17:14:48","modified_gmt":"2023-07-24T15:14:48","slug":"avadis-vorsorge-christian-zoss-neu-in-geschaeftsleitung","status":"publish","type":"post","link":"https:\/\/www.immobilienbusiness.ch\/it\/personalia\/2023-07-04\/avadis-vorsorge-christian-zoss-neu-in-geschaeftsleitung\/","title":{"rendered":"Avadis Vorsorge: Christian Zoss nuovo membro del Comitato esecutivo"},"content":{"rendered":"<figure id=\"attachment_49430\" aria-describedby=\"caption-attachment-49430\" style=\"width: 433px\" class=\"wp-caption alignnone\"><a href=\"https:\/\/www.immobilienbusiness.ch\/wp-content\/uploads\/2023\/07\/Christian-Zoss.png\"><img loading=\"lazy\" decoding=\"async\" class=\"wp-image-49430 size-full\" src=\"https:\/\/www.immobilienbusiness.ch\/wp-content\/uploads\/2023\/07\/Christian-Zoss.png\" alt=\"Avadis Vorsorge Christian Zoss\" width=\"433\" height=\"384\" srcset=\"https:\/\/www.immobilienbusiness.ch\/wp-content\/uploads\/2023\/07\/Christian-Zoss.png 433w, https:\/\/www.immobilienbusiness.ch\/wp-content\/uploads\/2023\/07\/Christian-Zoss-300x266.png 300w, https:\/\/www.immobilienbusiness.ch\/wp-content\/uploads\/2023\/07\/Christian-Zoss-14x12.png 14w, https:\/\/www.immobilienbusiness.ch\/wp-content\/uploads\/2023\/07\/Christian-Zoss-338x300.png 338w, https:\/\/www.immobilienbusiness.ch\/wp-content\/uploads\/2023\/07\/Christian-Zoss-395x350.png 395w\" sizes=\"auto, (max-width: 433px) 100vw, 433px\" \/><\/a><figcaption id=\"caption-attachment-49430\" class=\"wp-caption-text\">Christian Zoss (Immagine: Avadis)<\/figcaption><\/figure>\n<p>Christian Zoss \u00e8 un nuovo membro del Consiglio di amministrazione di Avadis Vorsorge AG dall'inizio di luglio. Egli assume la responsabilit\u00e0 generale della divisione Asset Management, che comprende i mandati di gestione patrimoniale di Avadis e delle Fondazioni di investimento Avadis. Zoss succede a Claudia Emele, che ha deciso di concentrarsi sulla gestione e sull'ulteriore sviluppo delle Fondazioni d'investimento Avadis.<\/p>\n<p>\"Con Christian Zoss rafforziamo il Comitato esecutivo con una grande esperienza di mercato nel settore della gestione patrimoniale\", afferma il CEO Benno Halter. \"Siamo lieti di aver trovato un'eccellente soluzione di successione interna\". Zoss \u00e8 Head of Investment Sales di Avadis dall'estate 2016. In precedenza, \u00e8 stato responsabile dei clienti istituzionali presso diverse banche e gestori patrimoniali in Svizzera. Il 51enne \u00e8 un economista aziendale e Chartered Alternative Investment Analyst (CAIA).<\/p>\n<p>Claudia Emele continuer\u00e0 a essere a disposizione dell'azienda come amministratore delegato di Avadis Anlagestiftungen e si concentrer\u00e0 sempre pi\u00f9 sull'ulteriore sviluppo e sull'espansione delle aree della sostenibilit\u00e0 e dello sviluppo dei prodotti. \"Ringraziamo Claudia Emele per il suo impegno e ci auguriamo di poter continuare a contare su di lei\", afferma Benno Halter. <em>(aw)<\/em><\/p>","protected":false},"excerpt":{"rendered":"<p>Christian Zoss subentra a Claudie Emele nella responsabilit\u00e0 degli investimenti nel Consiglio di amministrazione di Avadis Vorsorge.<\/p>","protected":false},"author":102,"featured_media":49430,"comment_status":"closed","ping_status":"closed","sticky":false,"template":"","format":"standard","meta":{"_acf_changed":false,"_yoast_wpseo_focuskw":"Avadis Vorsorge Christian Zoss","_yoast_wpseo_title":"","_yoast_wpseo_metadesc":"Christian Zoss \u00fcbernimmt in der Gesch\u00e4ftsleitung der Avadis Vorsorge die Verantwortung f\u00fcr den Bereich Verm\u00f6gensanlagen von Claudie Emele.","_yoast_wpseo_linkdex":57,"pgc_sgb_lightbox_settings":"","footnotes":""},"categories":[1912],"tags":[1055,1563],"class_list":["post-49429","post","type-post","status-publish","format-standard","has-post-thumbnail","hentry","category-personalia","tag-avadis","tag-personalia"],"acf":[],"yoast_head":"<!-- This site is optimized with the Yoast SEO plugin v27.5 - https:\/\/yoast.com\/product\/yoast-seo-wordpress\/ -->\n<title>Avadis Vorsorge: Christian Zoss neu in Gesch\u00e4ftsleitung - IMMOBILIEN Business<\/title>\n<meta name=\"description\" content=\"Christian Zoss \u00fcbernimmt in der Gesch\u00e4ftsleitung der Avadis Vorsorge die Verantwortung f\u00fcr den Bereich Verm\u00f6gensanlagen von Claudie Emele.\" \/>\n<meta name=\"robots\" content=\"index, follow, max-snippet:-1, max-image-preview:large, max-video-preview:-1\" \/>\n<link rel=\"canonical\" href=\"https:\/\/www.immobilienbusiness.ch\/it\/personalia\/2023-07-04\/avadis-vorsorge-christian-zoss-neu-in-geschaeftsleitung\/\" \/>\n<meta property=\"og:locale\" content=\"it_IT\" \/>\n<meta property=\"og:type\" content=\"article\" \/>\n<meta property=\"og:title\" content=\"Avadis Vorsorge: Christian Zoss neu in Gesch\u00e4ftsleitung - IMMOBILIEN Business\" \/>\n<meta property=\"og:description\" content=\"Christian Zoss \u00fcbernimmt in der Gesch\u00e4ftsleitung der Avadis Vorsorge die Verantwortung f\u00fcr den Bereich Verm\u00f6gensanlagen von Claudie Emele.\" \/>\n<meta property=\"og:url\" content=\"https:\/\/www.immobilienbusiness.ch\/it\/personalia\/2023-07-04\/avadis-vorsorge-christian-zoss-neu-in-geschaeftsleitung\/\" \/>\n<meta property=\"og:site_name\" content=\"IMMOBILIEN Business\" \/>\n<meta property=\"article:publisher\" content=\"https:\/\/www.facebook.com\/immobilienbusiness\/\" \/>\n<meta property=\"article:published_time\" content=\"2023-07-04T06:00:36+00:00\" \/>\n<meta property=\"article:modified_time\" content=\"2023-07-24T15:14:48+00:00\" \/>\n<meta property=\"og:image\" content=\"https:\/\/www.immobilienbusiness.ch\/wp-content\/uploads\/2023\/07\/Christian-Zoss.png\" \/>\n\t<meta property=\"og:image:width\" content=\"433\" \/>\n\t<meta property=\"og:image:height\" content=\"384\" \/>\n\t<meta property=\"og:image:type\" content=\"image\/png\" \/>\n<meta name=\"author\" content=\"Alexander Wachter\" \/>\n<meta name=\"twitter:card\" content=\"summary_large_image\" \/>\n<script type=\"application\/ld+json\" class=\"yoast-schema-graph\">{\"@context\":\"https:\\\/\\\/schema.org\",\"@graph\":[{\"@type\":\"Article\",\"@id\":\"https:\\\/\\\/www.immobilienbusiness.ch\\\/personalia\\\/2023-07-04\\\/avadis-vorsorge-christian-zoss-neu-in-geschaeftsleitung\\\/#article\",\"isPartOf\":{\"@id\":\"https:\\\/\\\/www.immobilienbusiness.ch\\\/personalia\\\/2023-07-04\\\/avadis-vorsorge-christian-zoss-neu-in-geschaeftsleitung\\\/\"},\"author\":{\"name\":\"Alexander Wachter\",\"@id\":\"https:\\\/\\\/www.immobilienbusiness.ch\\\/#\\\/schema\\\/person\\\/aba8bea2db926aa0c24c08c43fe1fcd5\"},\"headline\":\"Avadis Vorsorge: Christian Zoss neu in Gesch\u00e4ftsleitung\",\"datePublished\":\"2023-07-04T06:00:36+00:00\",\"dateModified\":\"2023-07-24T15:14:48+00:00\",\"mainEntityOfPage\":{\"@id\":\"https:\\\/\\\/www.immobilienbusiness.ch\\\/personalia\\\/2023-07-04\\\/avadis-vorsorge-christian-zoss-neu-in-geschaeftsleitung\\\/\"},\"wordCount\":206,\"publisher\":{\"@id\":\"https:\\\/\\\/www.immobilienbusiness.ch\\\/#organization\"},\"image\":{\"@id\":\"https:\\\/\\\/www.immobilienbusiness.ch\\\/personalia\\\/2023-07-04\\\/avadis-vorsorge-christian-zoss-neu-in-geschaeftsleitung\\\/#primaryimage\"},\"thumbnailUrl\":\"https:\\\/\\\/www.immobilienbusiness.ch\\\/wp-content\\\/uploads\\\/2023\\\/07\\\/Christian-Zoss.png\",\"keywords\":[\"Avadis\",\"Personalia\"],\"articleSection\":[\"PERSONALIA\"],\"inLanguage\":\"it-IT\"},{\"@type\":\"WebPage\",\"@id\":\"https:\\\/\\\/www.immobilienbusiness.ch\\\/personalia\\\/2023-07-04\\\/avadis-vorsorge-christian-zoss-neu-in-geschaeftsleitung\\\/\",\"url\":\"https:\\\/\\\/www.immobilienbusiness.ch\\\/personalia\\\/2023-07-04\\\/avadis-vorsorge-christian-zoss-neu-in-geschaeftsleitung\\\/\",\"name\":\"Avadis Vorsorge: Christian Zoss neu in Gesch\u00e4ftsleitung - IMMOBILIEN Business\",\"isPartOf\":{\"@id\":\"https:\\\/\\\/www.immobilienbusiness.ch\\\/#website\"},\"primaryImageOfPage\":{\"@id\":\"https:\\\/\\\/www.immobilienbusiness.ch\\\/personalia\\\/2023-07-04\\\/avadis-vorsorge-christian-zoss-neu-in-geschaeftsleitung\\\/#primaryimage\"},\"image\":{\"@id\":\"https:\\\/\\\/www.immobilienbusiness.ch\\\/personalia\\\/2023-07-04\\\/avadis-vorsorge-christian-zoss-neu-in-geschaeftsleitung\\\/#primaryimage\"},\"thumbnailUrl\":\"https:\\\/\\\/www.immobilienbusiness.ch\\\/wp-content\\\/uploads\\\/2023\\\/07\\\/Christian-Zoss.png\",\"datePublished\":\"2023-07-04T06:00:36+00:00\",\"dateModified\":\"2023-07-24T15:14:48+00:00\",\"description\":\"Christian Zoss \u00fcbernimmt in der Gesch\u00e4ftsleitung der Avadis Vorsorge die Verantwortung f\u00fcr den Bereich Verm\u00f6gensanlagen von Claudie Emele.\",\"breadcrumb\":{\"@id\":\"https:\\\/\\\/www.immobilienbusiness.ch\\\/personalia\\\/2023-07-04\\\/avadis-vorsorge-christian-zoss-neu-in-geschaeftsleitung\\\/#breadcrumb\"},\"inLanguage\":\"it-IT\",\"potentialAction\":[{\"@type\":\"ReadAction\",\"target\":[\"https:\\\/\\\/www.immobilienbusiness.ch\\\/personalia\\\/2023-07-04\\\/avadis-vorsorge-christian-zoss-neu-in-geschaeftsleitung\\\/\"]}]},{\"@type\":\"ImageObject\",\"inLanguage\":\"it-IT\",\"@id\":\"https:\\\/\\\/www.immobilienbusiness.ch\\\/personalia\\\/2023-07-04\\\/avadis-vorsorge-christian-zoss-neu-in-geschaeftsleitung\\\/#primaryimage\",\"url\":\"https:\\\/\\\/www.immobilienbusiness.ch\\\/wp-content\\\/uploads\\\/2023\\\/07\\\/Christian-Zoss.png\",\"contentUrl\":\"https:\\\/\\\/www.immobilienbusiness.ch\\\/wp-content\\\/uploads\\\/2023\\\/07\\\/Christian-Zoss.png\",\"width\":433,\"height\":384,\"caption\":\"Christian Zoss (Bild: Avadis)\"},{\"@type\":\"BreadcrumbList\",\"@id\":\"https:\\\/\\\/www.immobilienbusiness.ch\\\/personalia\\\/2023-07-04\\\/avadis-vorsorge-christian-zoss-neu-in-geschaeftsleitung\\\/#breadcrumb\",\"itemListElement\":[{\"@type\":\"ListItem\",\"position\":1,\"name\":\"Home\",\"item\":\"https:\\\/\\\/www.immobilienbusiness.ch\\\/\"},{\"@type\":\"ListItem\",\"position\":2,\"name\":\"Avadis Vorsorge: Christian Zoss neu in Gesch\u00e4ftsleitung\"}]},{\"@type\":\"WebSite\",\"@id\":\"https:\\\/\\\/www.immobilienbusiness.ch\\\/#website\",\"url\":\"https:\\\/\\\/www.immobilienbusiness.ch\\\/\",\"name\":\"IMMOBILIEN Business\",\"description\":\"Unabh\u00e4ngiges Schweizer Wirtschaftsmagazin mit Fokus auf Immobilien, Architektur- und Bau sowie Investment- und Finanzierung.\",\"publisher\":{\"@id\":\"https:\\\/\\\/www.immobilienbusiness.ch\\\/#organization\"},\"potentialAction\":[{\"@type\":\"SearchAction\",\"target\":{\"@type\":\"EntryPoint\",\"urlTemplate\":\"https:\\\/\\\/www.immobilienbusiness.ch\\\/?s={search_term_string}\"},\"query-input\":{\"@type\":\"PropertyValueSpecification\",\"valueRequired\":true,\"valueName\":\"search_term_string\"}}],\"inLanguage\":\"it-IT\"},{\"@type\":\"Organization\",\"@id\":\"https:\\\/\\\/www.immobilienbusiness.ch\\\/#organization\",\"name\":\"IMMOBILIEN Business\",\"url\":\"https:\\\/\\\/www.immobilienbusiness.ch\\\/\",\"logo\":{\"@type\":\"ImageObject\",\"inLanguage\":\"it-IT\",\"@id\":\"https:\\\/\\\/www.immobilienbusiness.ch\\\/#\\\/schema\\\/logo\\\/image\\\/\",\"url\":\"https:\\\/\\\/www.immobilienbusiness.ch\\\/wp-content\\\/uploads\\\/2021\\\/07\\\/logo_ib.png\",\"contentUrl\":\"https:\\\/\\\/www.immobilienbusiness.ch\\\/wp-content\\\/uploads\\\/2021\\\/07\\\/logo_ib.png\",\"width\":800,\"height\":181,\"caption\":\"IMMOBILIEN Business\"},\"image\":{\"@id\":\"https:\\\/\\\/www.immobilienbusiness.ch\\\/#\\\/schema\\\/logo\\\/image\\\/\"},\"sameAs\":[\"https:\\\/\\\/www.facebook.com\\\/immobilienbusiness\\\/\"]},{\"@type\":\"Person\",\"@id\":\"https:\\\/\\\/www.immobilienbusiness.ch\\\/#\\\/schema\\\/person\\\/aba8bea2db926aa0c24c08c43fe1fcd5\",\"name\":\"Alexander Wachter\",\"image\":{\"@type\":\"ImageObject\",\"inLanguage\":\"it-IT\",\"@id\":\"https:\\\/\\\/secure.gravatar.com\\\/avatar\\\/1a09e471f5389b0e0a6416eac287e0927c7c97a7b77f9e787eba3af7aee281dd?s=96&d=mm&r=g\",\"url\":\"https:\\\/\\\/secure.gravatar.com\\\/avatar\\\/1a09e471f5389b0e0a6416eac287e0927c7c97a7b77f9e787eba3af7aee281dd?s=96&d=mm&r=g\",\"contentUrl\":\"https:\\\/\\\/secure.gravatar.com\\\/avatar\\\/1a09e471f5389b0e0a6416eac287e0927c7c97a7b77f9e787eba3af7aee281dd?s=96&d=mm&r=g\",\"caption\":\"Alexander Wachter\"},\"url\":\"https:\\\/\\\/www.immobilienbusiness.ch\\\/it\\\/author\\\/alexander-wachter\\\/\"}]}<\/script>\n<!-- \/ Yoast SEO plugin. -->","yoast_head_json":{"title":"Avadis Vorsorge: Christian Zoss neu in Gesch\u00e4ftsleitung - IMMOBILIEN Business","description":"Christian Zoss subentra a Claudie Emele nella responsabilit\u00e0 degli investimenti nel Consiglio di amministrazione di Avadis Vorsorge.","robots":{"index":"index","follow":"follow","max-snippet":"max-snippet:-1","max-image-preview":"max-image-preview:large","max-video-preview":"max-video-preview:-1"},"canonical":"https:\/\/www.immobilienbusiness.ch\/it\/personalia\/2023-07-04\/avadis-vorsorge-christian-zoss-neu-in-geschaeftsleitung\/","og_locale":"it_IT","og_type":"article","og_title":"Avadis Vorsorge: Christian Zoss neu in Gesch\u00e4ftsleitung - IMMOBILIEN Business","og_description":"Christian Zoss \u00fcbernimmt in der Gesch\u00e4ftsleitung der Avadis Vorsorge die Verantwortung f\u00fcr den Bereich Verm\u00f6gensanlagen von Claudie Emele.","og_url":"https:\/\/www.immobilienbusiness.ch\/it\/personalia\/2023-07-04\/avadis-vorsorge-christian-zoss-neu-in-geschaeftsleitung\/","og_site_name":"IMMOBILIEN Business","article_publisher":"https:\/\/www.facebook.com\/immobilienbusiness\/","article_published_time":"2023-07-04T06:00:36+00:00","article_modified_time":"2023-07-24T15:14:48+00:00","og_image":[{"width":433,"height":384,"url":"https:\/\/www.immobilienbusiness.ch\/wp-content\/uploads\/2023\/07\/Christian-Zoss.png","type":"image\/png"}],"author":"Alexander Wachter","twitter_card":"summary_large_image","schema":{"@context":"https:\/\/schema.org","@graph":[{"@type":"Article","@id":"https:\/\/www.immobilienbusiness.ch\/personalia\/2023-07-04\/avadis-vorsorge-christian-zoss-neu-in-geschaeftsleitung\/#article","isPartOf":{"@id":"https:\/\/www.immobilienbusiness.ch\/personalia\/2023-07-04\/avadis-vorsorge-christian-zoss-neu-in-geschaeftsleitung\/"},"author":{"name":"Alexander Wachter","@id":"https:\/\/www.immobilienbusiness.ch\/#\/schema\/person\/aba8bea2db926aa0c24c08c43fe1fcd5"},"headline":"Avadis Vorsorge: Christian Zoss neu in Gesch\u00e4ftsleitung","datePublished":"2023-07-04T06:00:36+00:00","dateModified":"2023-07-24T15:14:48+00:00","mainEntityOfPage":{"@id":"https:\/\/www.immobilienbusiness.ch\/personalia\/2023-07-04\/avadis-vorsorge-christian-zoss-neu-in-geschaeftsleitung\/"},"wordCount":206,"publisher":{"@id":"https:\/\/www.immobilienbusiness.ch\/#organization"},"image":{"@id":"https:\/\/www.immobilienbusiness.ch\/personalia\/2023-07-04\/avadis-vorsorge-christian-zoss-neu-in-geschaeftsleitung\/#primaryimage"},"thumbnailUrl":"https:\/\/www.immobilienbusiness.ch\/wp-content\/uploads\/2023\/07\/Christian-Zoss.png","keywords":["Avadis","Personalia"],"articleSection":["PERSONALIA"],"inLanguage":"it-IT"},{"@type":"WebPage","@id":"https:\/\/www.immobilienbusiness.ch\/personalia\/2023-07-04\/avadis-vorsorge-christian-zoss-neu-in-geschaeftsleitung\/","url":"https:\/\/www.immobilienbusiness.ch\/personalia\/2023-07-04\/avadis-vorsorge-christian-zoss-neu-in-geschaeftsleitung\/","name":"Avadis Vorsorge: Christian Zoss neu in Gesch\u00e4ftsleitung - IMMOBILIEN Business","isPartOf":{"@id":"https:\/\/www.immobilienbusiness.ch\/#website"},"primaryImageOfPage":{"@id":"https:\/\/www.immobilienbusiness.ch\/personalia\/2023-07-04\/avadis-vorsorge-christian-zoss-neu-in-geschaeftsleitung\/#primaryimage"},"image":{"@id":"https:\/\/www.immobilienbusiness.ch\/personalia\/2023-07-04\/avadis-vorsorge-christian-zoss-neu-in-geschaeftsleitung\/#primaryimage"},"thumbnailUrl":"https:\/\/www.immobilienbusiness.ch\/wp-content\/uploads\/2023\/07\/Christian-Zoss.png","datePublished":"2023-07-04T06:00:36+00:00","dateModified":"2023-07-24T15:14:48+00:00","description":"Christian Zoss subentra a Claudie Emele nella responsabilit\u00e0 degli investimenti nel Consiglio di amministrazione di Avadis Vorsorge.","breadcrumb":{"@id":"https:\/\/www.immobilienbusiness.ch\/personalia\/2023-07-04\/avadis-vorsorge-christian-zoss-neu-in-geschaeftsleitung\/#breadcrumb"},"inLanguage":"it-IT","potentialAction":[{"@type":"ReadAction","target":["https:\/\/www.immobilienbusiness.ch\/personalia\/2023-07-04\/avadis-vorsorge-christian-zoss-neu-in-geschaeftsleitung\/"]}]},{"@type":"ImageObject","inLanguage":"it-IT","@id":"https:\/\/www.immobilienbusiness.ch\/personalia\/2023-07-04\/avadis-vorsorge-christian-zoss-neu-in-geschaeftsleitung\/#primaryimage","url":"https:\/\/www.immobilienbusiness.ch\/wp-content\/uploads\/2023\/07\/Christian-Zoss.png","contentUrl":"https:\/\/www.immobilienbusiness.ch\/wp-content\/uploads\/2023\/07\/Christian-Zoss.png","width":433,"height":384,"caption":"Christian Zoss (Bild: Avadis)"},{"@type":"BreadcrumbList","@id":"https:\/\/www.immobilienbusiness.ch\/personalia\/2023-07-04\/avadis-vorsorge-christian-zoss-neu-in-geschaeftsleitung\/#breadcrumb","itemListElement":[{"@type":"ListItem","position":1,"name":"Home","item":"https:\/\/www.immobilienbusiness.ch\/"},{"@type":"ListItem","position":2,"name":"Avadis Vorsorge: Christian Zoss neu in Gesch\u00e4ftsleitung"}]},{"@type":"WebSite","@id":"https:\/\/www.immobilienbusiness.ch\/#website","url":"https:\/\/www.immobilienbusiness.ch\/","name":"Affari immobiliari","description":"Rivista economica indipendente svizzera che si concentra sul settore immobiliare, l'architettura e la costruzione, nonch\u00e9 sugli investimenti e i finanziamenti.","publisher":{"@id":"https:\/\/www.immobilienbusiness.ch\/#organization"},"potentialAction":[{"@type":"SearchAction","target":{"@type":"EntryPoint","urlTemplate":"https:\/\/www.immobilienbusiness.ch\/?s={search_term_string}"},"query-input":{"@type":"PropertyValueSpecification","valueRequired":true,"valueName":"search_term_string"}}],"inLanguage":"it-IT"},{"@type":"Organization","@id":"https:\/\/www.immobilienbusiness.ch\/#organization","name":"Affari immobiliari","url":"https:\/\/www.immobilienbusiness.ch\/","logo":{"@type":"ImageObject","inLanguage":"it-IT","@id":"https:\/\/www.immobilienbusiness.ch\/#\/schema\/logo\/image\/","url":"https:\/\/www.immobilienbusiness.ch\/wp-content\/uploads\/2021\/07\/logo_ib.png","contentUrl":"https:\/\/www.immobilienbusiness.ch\/wp-content\/uploads\/2021\/07\/logo_ib.png","width":800,"height":181,"caption":"IMMOBILIEN Business"},"image":{"@id":"https:\/\/www.immobilienbusiness.ch\/#\/schema\/logo\/image\/"},"sameAs":["https:\/\/www.facebook.com\/immobilienbusiness\/"]},{"@type":"Person","@id":"https:\/\/www.immobilienbusiness.ch\/#\/schema\/person\/aba8bea2db926aa0c24c08c43fe1fcd5","name":"Alexander Wachter","image":{"@type":"ImageObject","inLanguage":"it-IT","@id":"https:\/\/secure.gravatar.com\/avatar\/1a09e471f5389b0e0a6416eac287e0927c7c97a7b77f9e787eba3af7aee281dd?s=96&d=mm&r=g","url":"https:\/\/secure.gravatar.com\/avatar\/1a09e471f5389b0e0a6416eac287e0927c7c97a7b77f9e787eba3af7aee281dd?s=96&d=mm&r=g","contentUrl":"https:\/\/secure.gravatar.com\/avatar\/1a09e471f5389b0e0a6416eac287e0927c7c97a7b77f9e787eba3af7aee281dd?s=96&d=mm&r=g","caption":"Alexander Wachter"},"url":"https:\/\/www.immobilienbusiness.ch\/it\/author\/alexander-wachter\/"}]}},"_links":{"self":[{"href":"https:\/\/www.immobilienbusiness.ch\/it\/wp-json\/wp\/v2\/posts\/49429","targetHints":{"allow":["GET"]}}],"collection":[{"href":"https:\/\/www.immobilienbusiness.ch\/it\/wp-json\/wp\/v2\/posts"}],"about":[{"href":"https:\/\/www.immobilienbusiness.ch\/it\/wp-json\/wp\/v2\/types\/post"}],"author":[{"embeddable":true,"href":"https:\/\/www.immobilienbusiness.ch\/it\/wp-json\/wp\/v2\/users\/102"}],"replies":[{"embeddable":true,"href":"https:\/\/www.immobilienbusiness.ch\/it\/wp-json\/wp\/v2\/comments?post=49429"}],"version-history":[{"count":2,"href":"https:\/\/www.immobilienbusiness.ch\/it\/wp-json\/wp\/v2\/posts\/49429\/revisions"}],"predecessor-version":[{"id":51389,"href":"https:\/\/www.immobilienbusiness.ch\/it\/wp-json\/wp\/v2\/posts\/49429\/revisions\/51389"}],"wp:featuredmedia":[{"embeddable":true,"href":"https:\/\/www.immobilienbusiness.ch\/it\/wp-json\/wp\/v2\/media\/49430"}],"wp:attachment":[{"href":"https:\/\/www.immobilienbusiness.ch\/it\/wp-json\/wp\/v2\/media?parent=49429"}],"wp:term":[{"taxonomy":"category","embeddable":true,"href":"https:\/\/www.immobilienbusiness.ch\/it\/wp-json\/wp\/v2\/categories?post=49429"},{"taxonomy":"post_tag","embeddable":true,"href":"https:\/\/www.immobilienbusiness.ch\/it\/wp-json\/wp\/v2\/tags?post=49429"}],"curies":[{"name":"wp","href":"https:\/\/api.w.org\/{rel}","templated":true}]}}