{"id":47427,"date":"2023-06-20T07:57:48","date_gmt":"2023-06-20T05:57:48","guid":{"rendered":"https:\/\/www.immobilienbusiness.ch\/?p=47427"},"modified":"2023-06-22T19:00:44","modified_gmt":"2023-06-22T17:00:44","slug":"bern-ja-zur-landabgabe-auf-dem-viererfeld","status":"publish","type":"post","link":"https:\/\/www.immobilienbusiness.ch\/it\/regionen\/2023-06-20\/bern-ja-zur-landabgabe-auf-dem-viererfeld\/","title":{"rendered":"Berna: s\u00ec al trasferimento del terreno sul sito di Viererfeld"},"content":{"rendered":"<figure id=\"attachment_15518\" aria-describedby=\"caption-attachment-15518\" style=\"width: 1200px\" class=\"wp-caption alignnone\"><a href=\"https:\/\/www.immobilienbusiness.ch\/wp-content\/uploads\/2019\/01\/Viererfeld.png\"><img loading=\"lazy\" decoding=\"async\" class=\"wp-image-15518 size-full\" src=\"https:\/\/www.immobilienbusiness.ch\/wp-content\/uploads\/2019\/01\/Viererfeld-e1687423958246.png\" alt=\"Bern\" width=\"1200\" height=\"752\" srcset=\"https:\/\/www.immobilienbusiness.ch\/wp-content\/uploads\/2019\/01\/Viererfeld-e1687423958246.png 1200w, https:\/\/www.immobilienbusiness.ch\/wp-content\/uploads\/2019\/01\/Viererfeld-e1687423958246-300x188.png 300w, https:\/\/www.immobilienbusiness.ch\/wp-content\/uploads\/2019\/01\/Viererfeld-e1687423958246-1024x641.png 1024w, https:\/\/www.immobilienbusiness.ch\/wp-content\/uploads\/2019\/01\/Viererfeld-e1687423958246-768x481.png 768w, https:\/\/www.immobilienbusiness.ch\/wp-content\/uploads\/2019\/01\/Viererfeld-e1687423958246-18x12.png 18w, https:\/\/www.immobilienbusiness.ch\/wp-content\/uploads\/2019\/01\/Viererfeld-e1687423958246-375x235.png 375w, https:\/\/www.immobilienbusiness.ch\/wp-content\/uploads\/2019\/01\/Viererfeld-e1687423958246-559x350.png 559w, https:\/\/www.immobilienbusiness.ch\/wp-content\/uploads\/2019\/01\/Viererfeld-e1687423958246-1000x626.png 1000w\" sizes=\"auto, (max-width: 1200px) 100vw, 1200px\" \/><\/a><figcaption id=\"caption-attachment-15518\" class=\"wp-caption-text\">Ecco come sar\u00e0 il nuovo quartiere cittadino (visualizzazione: Citt\u00e0 di Berna)<\/figcaption><\/figure>\n<p>Con 75,77% di voti favorevoli, i cittadini di Berna hanno dato la loro benedizione al progetto della Cooperativa Capital City (HGB). Il progetto della Mobiliare ha ricevuto il 66,93% dei voti favorevoli.<\/p>\n<p>HGB costruir\u00e0 circa 200 appartamenti a prezzi accessibili con una variet\u00e0 di usi al piano terra all'ingresso del nuovo quartiere, vicino alla strettoia interna. Sono previsti anche alloggi per persone con disabilit\u00e0. La Mobiliare sta progettando 75 appartamenti sul sito.<\/p>\n<p>Sul sito di Viererfeld\/Mittelfeld sorger\u00e0 un nuovo quartiere urbano con 1.140 appartamenti. Met\u00e0 dello spazio abitativo di Viererfeld e almeno met\u00e0 dello spazio abitativo di Mittelfeld sono riservati alla costruzione di abitazioni senza scopo di lucro. I primi edifici residenziali dovrebbero essere pronti per essere occupati nel 2029. I due diritti di costruzione detenuti da HGB e Mobiliare sono i pi\u00f9 grandi e hanno dovuto essere approvati dagli elettori, poich\u00e9 il valore dei lotti supera i 10 milioni di franchi. <a href=\"https:\/\/www.immobilienbusiness.ch\/it\/regionen\/2023-01-05\/bern-erste-baurechtsabgaben-fuer-das-viererfeld-mittelfeld\/\" target=\"_blank\" rel=\"noopener\">(IB ha riferito)<\/a>. <em>(aw)<\/em><\/p>","protected":false},"excerpt":{"rendered":"<p>A Berna, l'assegnazione di due grandi diritti di costruzione sul sito di Viererfeld \u00e8 stata approvata dagli elettori. Sia la Hauptstadtgenossenschaft che la Mobiliare possono realizzare i loro progetti nella prima fase di costruzione.<\/p>","protected":false},"author":102,"featured_media":15518,"comment_status":"closed","ping_status":"closed","sticky":false,"template":"","format":"standard","meta":{"_acf_changed":false,"_yoast_wpseo_focuskw":"Bern","_yoast_wpseo_title":"","_yoast_wpseo_metadesc":"In Bern ist die Vergabe zweier grosser Baurechte auf dem Viererfeld von den Stimmberechtigten bewilligt worden. Sowohl die Hauptstadtgenossenschaft als auch die Mobiliar k\u00f6nnen ihre Projekte in der ersten Bauetappe realisieren.","_yoast_wpseo_linkdex":52,"pgc_sgb_lightbox_settings":"","footnotes":""},"categories":[985],"tags":[1091,2080,1600],"class_list":["post-47427","post","type-post","status-publish","format-standard","has-post-thumbnail","hentry","category-regionen","tag-bern","tag-mobiliar","tag-projekt-in-planung"],"acf":[],"yoast_head":"<!-- This site is optimized with the Yoast SEO plugin v27.5 - https:\/\/yoast.com\/product\/yoast-seo-wordpress\/ -->\n<title>Bern: Ja zur Landabgabe auf dem Viererfeld - IMMOBILIEN Business<\/title>\n<meta name=\"description\" content=\"In Bern ist die Vergabe zweier grosser Baurechte auf dem Viererfeld von den Stimmberechtigten bewilligt worden. Sowohl die Hauptstadtgenossenschaft als auch die Mobiliar k\u00f6nnen ihre Projekte in der ersten Bauetappe realisieren.\" \/>\n<meta name=\"robots\" content=\"index, follow, max-snippet:-1, max-image-preview:large, max-video-preview:-1\" \/>\n<link rel=\"canonical\" href=\"https:\/\/www.immobilienbusiness.ch\/it\/regionen\/2023-06-20\/bern-ja-zur-landabgabe-auf-dem-viererfeld\/\" \/>\n<meta property=\"og:locale\" content=\"it_IT\" \/>\n<meta property=\"og:type\" content=\"article\" \/>\n<meta property=\"og:title\" content=\"Bern: Ja zur Landabgabe auf dem Viererfeld - IMMOBILIEN Business\" \/>\n<meta property=\"og:description\" content=\"In Bern ist die Vergabe zweier grosser Baurechte auf dem Viererfeld von den Stimmberechtigten bewilligt worden. Sowohl die Hauptstadtgenossenschaft als auch die Mobiliar k\u00f6nnen ihre Projekte in der ersten Bauetappe realisieren.\" \/>\n<meta property=\"og:url\" content=\"https:\/\/www.immobilienbusiness.ch\/it\/regionen\/2023-06-20\/bern-ja-zur-landabgabe-auf-dem-viererfeld\/\" \/>\n<meta property=\"og:site_name\" content=\"IMMOBILIEN Business\" \/>\n<meta property=\"article:publisher\" content=\"https:\/\/www.facebook.com\/immobilienbusiness\/\" \/>\n<meta property=\"article:published_time\" content=\"2023-06-20T05:57:48+00:00\" \/>\n<meta property=\"article:modified_time\" content=\"2023-06-22T17:00:44+00:00\" \/>\n<meta property=\"og:image\" content=\"https:\/\/www.immobilienbusiness.ch\/wp-content\/uploads\/2019\/01\/Viererfeld-e1687423958246.png\" \/>\n\t<meta property=\"og:image:width\" content=\"1200\" \/>\n\t<meta property=\"og:image:height\" content=\"752\" \/>\n\t<meta property=\"og:image:type\" content=\"image\/png\" \/>\n<meta name=\"author\" content=\"Alexander Wachter\" \/>\n<meta name=\"twitter:card\" content=\"summary_large_image\" \/>\n<script type=\"application\/ld+json\" class=\"yoast-schema-graph\">{\"@context\":\"https:\\\/\\\/schema.org\",\"@graph\":[{\"@type\":\"Article\",\"@id\":\"https:\\\/\\\/www.immobilienbusiness.ch\\\/en\\\/regionen\\\/2023-06-20\\\/bern-ja-zur-landabgabe-auf-dem-viererfeld\\\/#article\",\"isPartOf\":{\"@id\":\"https:\\\/\\\/www.immobilienbusiness.ch\\\/en\\\/regionen\\\/2023-06-20\\\/bern-ja-zur-landabgabe-auf-dem-viererfeld\\\/\"},\"author\":{\"name\":\"Alexander Wachter\",\"@id\":\"https:\\\/\\\/www.immobilienbusiness.ch\\\/#\\\/schema\\\/person\\\/aba8bea2db926aa0c24c08c43fe1fcd5\"},\"headline\":\"Bern: Ja zur Landabgabe auf dem Viererfeld\",\"datePublished\":\"2023-06-20T05:57:48+00:00\",\"dateModified\":\"2023-06-22T17:00:44+00:00\",\"mainEntityOfPage\":{\"@id\":\"https:\\\/\\\/www.immobilienbusiness.ch\\\/en\\\/regionen\\\/2023-06-20\\\/bern-ja-zur-landabgabe-auf-dem-viererfeld\\\/\"},\"wordCount\":163,\"publisher\":{\"@id\":\"https:\\\/\\\/www.immobilienbusiness.ch\\\/#organization\"},\"image\":{\"@id\":\"https:\\\/\\\/www.immobilienbusiness.ch\\\/en\\\/regionen\\\/2023-06-20\\\/bern-ja-zur-landabgabe-auf-dem-viererfeld\\\/#primaryimage\"},\"thumbnailUrl\":\"https:\\\/\\\/www.immobilienbusiness.ch\\\/wp-content\\\/uploads\\\/2019\\\/01\\\/Viererfeld-e1687423958246.png\",\"keywords\":[\"Bern\",\"Mobiliar\",\"Projekt in Planung\"],\"articleSection\":[\"REGIONEN\"],\"inLanguage\":\"it-IT\"},{\"@type\":\"WebPage\",\"@id\":\"https:\\\/\\\/www.immobilienbusiness.ch\\\/en\\\/regionen\\\/2023-06-20\\\/bern-ja-zur-landabgabe-auf-dem-viererfeld\\\/\",\"url\":\"https:\\\/\\\/www.immobilienbusiness.ch\\\/en\\\/regionen\\\/2023-06-20\\\/bern-ja-zur-landabgabe-auf-dem-viererfeld\\\/\",\"name\":\"Bern: Ja zur Landabgabe auf dem Viererfeld - IMMOBILIEN Business\",\"isPartOf\":{\"@id\":\"https:\\\/\\\/www.immobilienbusiness.ch\\\/#website\"},\"primaryImageOfPage\":{\"@id\":\"https:\\\/\\\/www.immobilienbusiness.ch\\\/en\\\/regionen\\\/2023-06-20\\\/bern-ja-zur-landabgabe-auf-dem-viererfeld\\\/#primaryimage\"},\"image\":{\"@id\":\"https:\\\/\\\/www.immobilienbusiness.ch\\\/en\\\/regionen\\\/2023-06-20\\\/bern-ja-zur-landabgabe-auf-dem-viererfeld\\\/#primaryimage\"},\"thumbnailUrl\":\"https:\\\/\\\/www.immobilienbusiness.ch\\\/wp-content\\\/uploads\\\/2019\\\/01\\\/Viererfeld-e1687423958246.png\",\"datePublished\":\"2023-06-20T05:57:48+00:00\",\"dateModified\":\"2023-06-22T17:00:44+00:00\",\"description\":\"In Bern ist die Vergabe zweier grosser Baurechte auf dem Viererfeld von den Stimmberechtigten bewilligt worden. Sowohl die Hauptstadtgenossenschaft als auch die Mobiliar k\u00f6nnen ihre Projekte in der ersten Bauetappe realisieren.\",\"breadcrumb\":{\"@id\":\"https:\\\/\\\/www.immobilienbusiness.ch\\\/en\\\/regionen\\\/2023-06-20\\\/bern-ja-zur-landabgabe-auf-dem-viererfeld\\\/#breadcrumb\"},\"inLanguage\":\"it-IT\",\"potentialAction\":[{\"@type\":\"ReadAction\",\"target\":[\"https:\\\/\\\/www.immobilienbusiness.ch\\\/en\\\/regionen\\\/2023-06-20\\\/bern-ja-zur-landabgabe-auf-dem-viererfeld\\\/\"]}]},{\"@type\":\"ImageObject\",\"inLanguage\":\"it-IT\",\"@id\":\"https:\\\/\\\/www.immobilienbusiness.ch\\\/en\\\/regionen\\\/2023-06-20\\\/bern-ja-zur-landabgabe-auf-dem-viererfeld\\\/#primaryimage\",\"url\":\"https:\\\/\\\/www.immobilienbusiness.ch\\\/wp-content\\\/uploads\\\/2019\\\/01\\\/Viererfeld-e1687423958246.png\",\"contentUrl\":\"https:\\\/\\\/www.immobilienbusiness.ch\\\/wp-content\\\/uploads\\\/2019\\\/01\\\/Viererfeld-e1687423958246.png\",\"width\":1200,\"height\":752,\"caption\":\"Auf dem Viererfeld in Bern soll in mehreren Etappen ein Stadtteil f\u00fcr tausende Menschen entstehen (Visualisierung: Stadt Bern)\"},{\"@type\":\"BreadcrumbList\",\"@id\":\"https:\\\/\\\/www.immobilienbusiness.ch\\\/en\\\/regionen\\\/2023-06-20\\\/bern-ja-zur-landabgabe-auf-dem-viererfeld\\\/#breadcrumb\",\"itemListElement\":[{\"@type\":\"ListItem\",\"position\":1,\"name\":\"Home\",\"item\":\"https:\\\/\\\/www.immobilienbusiness.ch\\\/\"},{\"@type\":\"ListItem\",\"position\":2,\"name\":\"Bern: Ja zur Landabgabe auf dem Viererfeld\"}]},{\"@type\":\"WebSite\",\"@id\":\"https:\\\/\\\/www.immobilienbusiness.ch\\\/#website\",\"url\":\"https:\\\/\\\/www.immobilienbusiness.ch\\\/\",\"name\":\"IMMOBILIEN Business\",\"description\":\"Unabh\u00e4ngiges Schweizer Wirtschaftsmagazin mit Fokus auf Immobilien, Architektur- und Bau sowie Investment- und Finanzierung.\",\"publisher\":{\"@id\":\"https:\\\/\\\/www.immobilienbusiness.ch\\\/#organization\"},\"potentialAction\":[{\"@type\":\"SearchAction\",\"target\":{\"@type\":\"EntryPoint\",\"urlTemplate\":\"https:\\\/\\\/www.immobilienbusiness.ch\\\/?s={search_term_string}\"},\"query-input\":{\"@type\":\"PropertyValueSpecification\",\"valueRequired\":true,\"valueName\":\"search_term_string\"}}],\"inLanguage\":\"it-IT\"},{\"@type\":\"Organization\",\"@id\":\"https:\\\/\\\/www.immobilienbusiness.ch\\\/#organization\",\"name\":\"IMMOBILIEN Business\",\"url\":\"https:\\\/\\\/www.immobilienbusiness.ch\\\/\",\"logo\":{\"@type\":\"ImageObject\",\"inLanguage\":\"it-IT\",\"@id\":\"https:\\\/\\\/www.immobilienbusiness.ch\\\/#\\\/schema\\\/logo\\\/image\\\/\",\"url\":\"https:\\\/\\\/www.immobilienbusiness.ch\\\/wp-content\\\/uploads\\\/2021\\\/07\\\/logo_ib.png\",\"contentUrl\":\"https:\\\/\\\/www.immobilienbusiness.ch\\\/wp-content\\\/uploads\\\/2021\\\/07\\\/logo_ib.png\",\"width\":800,\"height\":181,\"caption\":\"IMMOBILIEN Business\"},\"image\":{\"@id\":\"https:\\\/\\\/www.immobilienbusiness.ch\\\/#\\\/schema\\\/logo\\\/image\\\/\"},\"sameAs\":[\"https:\\\/\\\/www.facebook.com\\\/immobilienbusiness\\\/\"]},{\"@type\":\"Person\",\"@id\":\"https:\\\/\\\/www.immobilienbusiness.ch\\\/#\\\/schema\\\/person\\\/aba8bea2db926aa0c24c08c43fe1fcd5\",\"name\":\"Alexander Wachter\",\"image\":{\"@type\":\"ImageObject\",\"inLanguage\":\"it-IT\",\"@id\":\"https:\\\/\\\/secure.gravatar.com\\\/avatar\\\/1a09e471f5389b0e0a6416eac287e0927c7c97a7b77f9e787eba3af7aee281dd?s=96&d=mm&r=g\",\"url\":\"https:\\\/\\\/secure.gravatar.com\\\/avatar\\\/1a09e471f5389b0e0a6416eac287e0927c7c97a7b77f9e787eba3af7aee281dd?s=96&d=mm&r=g\",\"contentUrl\":\"https:\\\/\\\/secure.gravatar.com\\\/avatar\\\/1a09e471f5389b0e0a6416eac287e0927c7c97a7b77f9e787eba3af7aee281dd?s=96&d=mm&r=g\",\"caption\":\"Alexander Wachter\"},\"url\":\"https:\\\/\\\/www.immobilienbusiness.ch\\\/it\\\/author\\\/alexander-wachter\\\/\"}]}<\/script>\n<!-- \/ Yoast SEO plugin. -->","yoast_head_json":{"title":"Berna: s\u00ec al trasferimento del terreno su Viererfeld - IMMOBILIEN Business","description":"A Berna, l'assegnazione di due grandi diritti di costruzione sul sito di Viererfeld \u00e8 stata approvata dagli elettori. Sia la Hauptstadtgenossenschaft che la Mobiliare possono realizzare i loro progetti nella prima fase di costruzione.","robots":{"index":"index","follow":"follow","max-snippet":"max-snippet:-1","max-image-preview":"max-image-preview:large","max-video-preview":"max-video-preview:-1"},"canonical":"https:\/\/www.immobilienbusiness.ch\/it\/regionen\/2023-06-20\/bern-ja-zur-landabgabe-auf-dem-viererfeld\/","og_locale":"it_IT","og_type":"article","og_title":"Bern: Ja zur Landabgabe auf dem Viererfeld - IMMOBILIEN Business","og_description":"In Bern ist die Vergabe zweier grosser Baurechte auf dem Viererfeld von den Stimmberechtigten bewilligt worden. Sowohl die Hauptstadtgenossenschaft als auch die Mobiliar k\u00f6nnen ihre Projekte in der ersten Bauetappe realisieren.","og_url":"https:\/\/www.immobilienbusiness.ch\/it\/regionen\/2023-06-20\/bern-ja-zur-landabgabe-auf-dem-viererfeld\/","og_site_name":"IMMOBILIEN Business","article_publisher":"https:\/\/www.facebook.com\/immobilienbusiness\/","article_published_time":"2023-06-20T05:57:48+00:00","article_modified_time":"2023-06-22T17:00:44+00:00","og_image":[{"width":1200,"height":752,"url":"https:\/\/www.immobilienbusiness.ch\/wp-content\/uploads\/2019\/01\/Viererfeld-e1687423958246.png","type":"image\/png"}],"author":"Alexander Wachter","twitter_card":"summary_large_image","schema":{"@context":"https:\/\/schema.org","@graph":[{"@type":"Article","@id":"https:\/\/www.immobilienbusiness.ch\/en\/regionen\/2023-06-20\/bern-ja-zur-landabgabe-auf-dem-viererfeld\/#article","isPartOf":{"@id":"https:\/\/www.immobilienbusiness.ch\/en\/regionen\/2023-06-20\/bern-ja-zur-landabgabe-auf-dem-viererfeld\/"},"author":{"name":"Alexander Wachter","@id":"https:\/\/www.immobilienbusiness.ch\/#\/schema\/person\/aba8bea2db926aa0c24c08c43fe1fcd5"},"headline":"Bern: Ja zur Landabgabe auf dem Viererfeld","datePublished":"2023-06-20T05:57:48+00:00","dateModified":"2023-06-22T17:00:44+00:00","mainEntityOfPage":{"@id":"https:\/\/www.immobilienbusiness.ch\/en\/regionen\/2023-06-20\/bern-ja-zur-landabgabe-auf-dem-viererfeld\/"},"wordCount":163,"publisher":{"@id":"https:\/\/www.immobilienbusiness.ch\/#organization"},"image":{"@id":"https:\/\/www.immobilienbusiness.ch\/en\/regionen\/2023-06-20\/bern-ja-zur-landabgabe-auf-dem-viererfeld\/#primaryimage"},"thumbnailUrl":"https:\/\/www.immobilienbusiness.ch\/wp-content\/uploads\/2019\/01\/Viererfeld-e1687423958246.png","keywords":["Bern","Mobiliar","Projekt in Planung"],"articleSection":["REGIONEN"],"inLanguage":"it-IT"},{"@type":"WebPage","@id":"https:\/\/www.immobilienbusiness.ch\/en\/regionen\/2023-06-20\/bern-ja-zur-landabgabe-auf-dem-viererfeld\/","url":"https:\/\/www.immobilienbusiness.ch\/en\/regionen\/2023-06-20\/bern-ja-zur-landabgabe-auf-dem-viererfeld\/","name":"Berna: s\u00ec al trasferimento del terreno su Viererfeld - IMMOBILIEN Business","isPartOf":{"@id":"https:\/\/www.immobilienbusiness.ch\/#website"},"primaryImageOfPage":{"@id":"https:\/\/www.immobilienbusiness.ch\/en\/regionen\/2023-06-20\/bern-ja-zur-landabgabe-auf-dem-viererfeld\/#primaryimage"},"image":{"@id":"https:\/\/www.immobilienbusiness.ch\/en\/regionen\/2023-06-20\/bern-ja-zur-landabgabe-auf-dem-viererfeld\/#primaryimage"},"thumbnailUrl":"https:\/\/www.immobilienbusiness.ch\/wp-content\/uploads\/2019\/01\/Viererfeld-e1687423958246.png","datePublished":"2023-06-20T05:57:48+00:00","dateModified":"2023-06-22T17:00:44+00:00","description":"A Berna, l'assegnazione di due grandi diritti di costruzione sul sito di Viererfeld \u00e8 stata approvata dagli elettori. Sia la Hauptstadtgenossenschaft che la Mobiliare possono realizzare i loro progetti nella prima fase di costruzione.","breadcrumb":{"@id":"https:\/\/www.immobilienbusiness.ch\/en\/regionen\/2023-06-20\/bern-ja-zur-landabgabe-auf-dem-viererfeld\/#breadcrumb"},"inLanguage":"it-IT","potentialAction":[{"@type":"ReadAction","target":["https:\/\/www.immobilienbusiness.ch\/en\/regionen\/2023-06-20\/bern-ja-zur-landabgabe-auf-dem-viererfeld\/"]}]},{"@type":"ImageObject","inLanguage":"it-IT","@id":"https:\/\/www.immobilienbusiness.ch\/en\/regionen\/2023-06-20\/bern-ja-zur-landabgabe-auf-dem-viererfeld\/#primaryimage","url":"https:\/\/www.immobilienbusiness.ch\/wp-content\/uploads\/2019\/01\/Viererfeld-e1687423958246.png","contentUrl":"https:\/\/www.immobilienbusiness.ch\/wp-content\/uploads\/2019\/01\/Viererfeld-e1687423958246.png","width":1200,"height":752,"caption":"Auf dem Viererfeld in Bern soll in mehreren Etappen ein Stadtteil f\u00fcr tausende Menschen entstehen (Visualisierung: Stadt Bern)"},{"@type":"BreadcrumbList","@id":"https:\/\/www.immobilienbusiness.ch\/en\/regionen\/2023-06-20\/bern-ja-zur-landabgabe-auf-dem-viererfeld\/#breadcrumb","itemListElement":[{"@type":"ListItem","position":1,"name":"Home","item":"https:\/\/www.immobilienbusiness.ch\/"},{"@type":"ListItem","position":2,"name":"Bern: Ja zur Landabgabe auf dem Viererfeld"}]},{"@type":"WebSite","@id":"https:\/\/www.immobilienbusiness.ch\/#website","url":"https:\/\/www.immobilienbusiness.ch\/","name":"Affari immobiliari","description":"Rivista economica indipendente svizzera che si concentra sul settore immobiliare, l'architettura e la costruzione, nonch\u00e9 sugli investimenti e i finanziamenti.","publisher":{"@id":"https:\/\/www.immobilienbusiness.ch\/#organization"},"potentialAction":[{"@type":"SearchAction","target":{"@type":"EntryPoint","urlTemplate":"https:\/\/www.immobilienbusiness.ch\/?s={search_term_string}"},"query-input":{"@type":"PropertyValueSpecification","valueRequired":true,"valueName":"search_term_string"}}],"inLanguage":"it-IT"},{"@type":"Organization","@id":"https:\/\/www.immobilienbusiness.ch\/#organization","name":"Affari immobiliari","url":"https:\/\/www.immobilienbusiness.ch\/","logo":{"@type":"ImageObject","inLanguage":"it-IT","@id":"https:\/\/www.immobilienbusiness.ch\/#\/schema\/logo\/image\/","url":"https:\/\/www.immobilienbusiness.ch\/wp-content\/uploads\/2021\/07\/logo_ib.png","contentUrl":"https:\/\/www.immobilienbusiness.ch\/wp-content\/uploads\/2021\/07\/logo_ib.png","width":800,"height":181,"caption":"IMMOBILIEN Business"},"image":{"@id":"https:\/\/www.immobilienbusiness.ch\/#\/schema\/logo\/image\/"},"sameAs":["https:\/\/www.facebook.com\/immobilienbusiness\/"]},{"@type":"Person","@id":"https:\/\/www.immobilienbusiness.ch\/#\/schema\/person\/aba8bea2db926aa0c24c08c43fe1fcd5","name":"Alexander Wachter","image":{"@type":"ImageObject","inLanguage":"it-IT","@id":"https:\/\/secure.gravatar.com\/avatar\/1a09e471f5389b0e0a6416eac287e0927c7c97a7b77f9e787eba3af7aee281dd?s=96&d=mm&r=g","url":"https:\/\/secure.gravatar.com\/avatar\/1a09e471f5389b0e0a6416eac287e0927c7c97a7b77f9e787eba3af7aee281dd?s=96&d=mm&r=g","contentUrl":"https:\/\/secure.gravatar.com\/avatar\/1a09e471f5389b0e0a6416eac287e0927c7c97a7b77f9e787eba3af7aee281dd?s=96&d=mm&r=g","caption":"Alexander Wachter"},"url":"https:\/\/www.immobilienbusiness.ch\/it\/author\/alexander-wachter\/"}]}},"_links":{"self":[{"href":"https:\/\/www.immobilienbusiness.ch\/it\/wp-json\/wp\/v2\/posts\/47427","targetHints":{"allow":["GET"]}}],"collection":[{"href":"https:\/\/www.immobilienbusiness.ch\/it\/wp-json\/wp\/v2\/posts"}],"about":[{"href":"https:\/\/www.immobilienbusiness.ch\/it\/wp-json\/wp\/v2\/types\/post"}],"author":[{"embeddable":true,"href":"https:\/\/www.immobilienbusiness.ch\/it\/wp-json\/wp\/v2\/users\/102"}],"replies":[{"embeddable":true,"href":"https:\/\/www.immobilienbusiness.ch\/it\/wp-json\/wp\/v2\/comments?post=47427"}],"version-history":[{"count":7,"href":"https:\/\/www.immobilienbusiness.ch\/it\/wp-json\/wp\/v2\/posts\/47427\/revisions"}],"predecessor-version":[{"id":47643,"href":"https:\/\/www.immobilienbusiness.ch\/it\/wp-json\/wp\/v2\/posts\/47427\/revisions\/47643"}],"wp:featuredmedia":[{"embeddable":true,"href":"https:\/\/www.immobilienbusiness.ch\/it\/wp-json\/wp\/v2\/media\/15518"}],"wp:attachment":[{"href":"https:\/\/www.immobilienbusiness.ch\/it\/wp-json\/wp\/v2\/media?parent=47427"}],"wp:term":[{"taxonomy":"category","embeddable":true,"href":"https:\/\/www.immobilienbusiness.ch\/it\/wp-json\/wp\/v2\/categories?post=47427"},{"taxonomy":"post_tag","embeddable":true,"href":"https:\/\/www.immobilienbusiness.ch\/it\/wp-json\/wp\/v2\/tags?post=47427"}],"curies":[{"name":"wp","href":"https:\/\/api.w.org\/{rel}","templated":true}]}}