{"id":47386,"date":"2023-06-15T08:38:09","date_gmt":"2023-06-15T06:38:09","guid":{"rendered":"https:\/\/www.immobilienbusiness.ch\/?p=47386"},"modified":"2023-06-22T18:44:37","modified_gmt":"2023-06-22T16:44:37","slug":"bern-entwicklung-des-wifag-areals-nimmt-naechsten-schritt","status":"publish","type":"post","link":"https:\/\/www.immobilienbusiness.ch\/it\/regionen\/2023-06-15\/bern-entwicklung-des-wifag-areals-nimmt-naechsten-schritt\/","title":{"rendered":"Berna: lo sviluppo del sito Wifag compie un ulteriore passo avanti"},"content":{"rendered":"<figure id=\"attachment_13266\" aria-describedby=\"caption-attachment-13266\" style=\"width: 1000px\" class=\"wp-caption alignnone\"><a href=\"https:\/\/www.immobilienbusiness.ch\/wp-content\/uploads\/2018\/07\/Depositphotos_10731714_m-2015.jpg\"><img loading=\"lazy\" decoding=\"async\" class=\"wp-image-13266 size-full\" src=\"https:\/\/www.immobilienbusiness.ch\/wp-content\/uploads\/2018\/07\/Depositphotos_10731714_m-2015.jpg\" alt=\"Wifag-Areal\" width=\"1000\" height=\"667\" srcset=\"https:\/\/www.immobilienbusiness.ch\/wp-content\/uploads\/2018\/07\/Depositphotos_10731714_m-2015.jpg 1000w, https:\/\/www.immobilienbusiness.ch\/wp-content\/uploads\/2018\/07\/Depositphotos_10731714_m-2015-300x200.jpg 300w, https:\/\/www.immobilienbusiness.ch\/wp-content\/uploads\/2018\/07\/Depositphotos_10731714_m-2015-768x512.jpg 768w, https:\/\/www.immobilienbusiness.ch\/wp-content\/uploads\/2018\/07\/Depositphotos_10731714_m-2015-16x12.jpg 16w, https:\/\/www.immobilienbusiness.ch\/wp-content\/uploads\/2018\/07\/Depositphotos_10731714_m-2015-262x175.jpg 262w, https:\/\/www.immobilienbusiness.ch\/wp-content\/uploads\/2018\/07\/Depositphotos_10731714_m-2015-525x350.jpg 525w, https:\/\/www.immobilienbusiness.ch\/wp-content\/uploads\/2018\/07\/Depositphotos_10731714_m-2015-920x614.jpg 920w\" sizes=\"auto, (max-width: 1000px) 100vw, 1000px\" \/><\/a><figcaption id=\"caption-attachment-13266\" class=\"wp-caption-text\">Il sito Wifag e l'ex tessitura di lino di Berna stanno per essere trasformati in un quartiere (Immagine: pressmaster - depositphotos)<\/figcaption><\/figure>\n<p>I proprietari dell'ex fabbrica di macchine Wifag e della tessitura di lino nel Wylerquartier di Berna, nel distretto di Breitenrain-Lorraine, vorrebbero trasformare il sito in un quartiere in tre fasi. Il piano di sviluppo, aperto al pubblico fino al 14 luglio, prevede la costruzione di circa 360 unit\u00e0 abitative, un terzo delle quali a prezzi accessibili. Le nuove norme di sviluppo sono necessarie perch\u00e9 il sito Wifag si trova attualmente in una zona industriale e commerciale.<\/p>\n<p>L'area di 27.000 metri quadrati confina con i binari delle FFS della linea ferroviaria Berna-Zurigo, a est con la Scheibenstrasse, a sud con la Wylerringstrasse e a ovest con la Wylerstrasse. I proprietari dei terreni sono Mali International AG, Leinenweberei Bern AG e la Citt\u00e0 di Berna.<\/p>\n<h3>Prevista destinazione prevalentemente residenziale<\/h3>\n<p>Come si evince dalla relazione illustrativa del piano di sviluppo, l'obiettivo \u00e8 quello di creare un ampio mix di appartamenti. Per i piani terra degli edifici sono previsti usi legati al quartiere. Almeno 80% dell'area saranno riservate a uso residenziale, mentre le restanti 20% saranno destinate a usi lavorativi.<\/p>\n<p>Il progetto urbanistico dello studio Salewski &amp; Kretz prevede una struttura di singoli edifici di forme e dimensioni diverse, collegati da spazi esterni. Non sono previsti blocchi a torre.<\/p>\n<p>Da quattro a sei nuovi edifici occupano i bordi meridionali e settentrionali della met\u00e0 del sito a ovest della pista per le gru. Insieme formano un \"cortile residenziale\" allungato e ben illuminato. A est della Kranbahn, dove il sito \u00e8 pi\u00f9 profondo, un'ulteriore fila sottile per un edificio residenziale - \"Wohnen im Wohnhof\" - \u00e8 inserita al centro tra gli edifici periferici. Pi\u00f9 a est si trova il \"Wifag-Hof\", seguito dalla tessitura di lino, che sar\u00e0 parzialmente demolita. I livelli interrati, in particolare la parte occidentale dell'edificio esistente, sono utilizzati principalmente per il parcheggio delle auto.<\/p>\n<p>La mensa, le ville della Wifag e della Leinenweberei e la parte del 1922 dell'edificio della Leinenweberei saranno mantenuti e saranno ristrutturati e parzialmente ampliati o integrati. Gli altri padiglioni e i loro edifici periferici di grandi dimensioni saranno invece demoliti. <em>(ah)<\/em><\/p>","protected":false},"excerpt":{"rendered":"<p>Il piano di sviluppo del sito Wifag e della vicina Leinenweberei \u00e8 aperto al pubblico. Il piano prevede la costruzione di un quartiere misto.<\/p>","protected":false},"author":3,"featured_media":13266,"comment_status":"closed","ping_status":"closed","sticky":false,"template":"","format":"standard","meta":{"_acf_changed":false,"_yoast_wpseo_focuskw":"Wifag-Areal","_yoast_wpseo_title":"","_yoast_wpseo_metadesc":"Die \u00dcberbauungsordnung f\u00fcr das Wifag-Areal und die angrenzende Leinenweberei liegt \u00f6ffentlich auf. Geplant ist der Bau eines durchmischten Quartiers.","_yoast_wpseo_linkdex":60,"pgc_sgb_lightbox_settings":"","footnotes":""},"categories":[985],"tags":[1937,1091,1600,1863],"class_list":["post-47386","post","type-post","status-publish","format-standard","has-post-thumbnail","hentry","category-regionen","tag-arealentwicklung","tag-bern","tag-projekt-in-planung","tag-wohnimmobilien"],"acf":[],"yoast_head":"<!-- This site is optimized with the Yoast SEO plugin v27.4 - https:\/\/yoast.com\/product\/yoast-seo-wordpress\/ -->\n<title>Bern: Entwicklung des Wifag-Areals nimmt n\u00e4chsten Schritt - IMMOBILIEN Business<\/title>\n<meta name=\"description\" content=\"Die \u00dcberbauungsordnung f\u00fcr das Wifag-Areal und die angrenzende Leinenweberei liegt \u00f6ffentlich auf. Geplant ist der Bau eines durchmischten Quartiers.\" \/>\n<meta name=\"robots\" content=\"index, follow, max-snippet:-1, max-image-preview:large, max-video-preview:-1\" \/>\n<link rel=\"canonical\" href=\"https:\/\/www.immobilienbusiness.ch\/it\/regionen\/2023-06-15\/bern-entwicklung-des-wifag-areals-nimmt-naechsten-schritt\/\" \/>\n<meta property=\"og:locale\" content=\"it_IT\" \/>\n<meta property=\"og:type\" content=\"article\" \/>\n<meta property=\"og:title\" content=\"Bern: Entwicklung des Wifag-Areals nimmt n\u00e4chsten Schritt - IMMOBILIEN Business\" \/>\n<meta property=\"og:description\" content=\"Die \u00dcberbauungsordnung f\u00fcr das Wifag-Areal und die angrenzende Leinenweberei liegt \u00f6ffentlich auf. Geplant ist der Bau eines durchmischten Quartiers.\" \/>\n<meta property=\"og:url\" content=\"https:\/\/www.immobilienbusiness.ch\/it\/regionen\/2023-06-15\/bern-entwicklung-des-wifag-areals-nimmt-naechsten-schritt\/\" \/>\n<meta property=\"og:site_name\" content=\"IMMOBILIEN Business\" \/>\n<meta property=\"article:publisher\" content=\"https:\/\/www.facebook.com\/immobilienbusiness\/\" \/>\n<meta property=\"article:published_time\" content=\"2023-06-15T06:38:09+00:00\" \/>\n<meta property=\"article:modified_time\" content=\"2023-06-22T16:44:37+00:00\" \/>\n<meta property=\"og:image\" content=\"https:\/\/www.immobilienbusiness.ch\/wp-content\/uploads\/2018\/07\/Depositphotos_10731714_m-2015.jpg\" \/>\n\t<meta property=\"og:image:width\" content=\"1000\" \/>\n\t<meta property=\"og:image:height\" content=\"667\" \/>\n\t<meta property=\"og:image:type\" content=\"image\/jpeg\" \/>\n<meta name=\"author\" content=\"anja.hall\" \/>\n<meta name=\"twitter:card\" content=\"summary_large_image\" \/>\n<meta name=\"twitter:image\" content=\"https:\/\/www.immobilienbusiness.ch\/wp-content\/uploads\/2018\/07\/Depositphotos_10731714_m-2015.jpg\" \/>\n<script type=\"application\/ld+json\" class=\"yoast-schema-graph\">{\"@context\":\"https:\\\/\\\/schema.org\",\"@graph\":[{\"@type\":\"Article\",\"@id\":\"https:\\\/\\\/www.immobilienbusiness.ch\\\/de\\\/regionen\\\/2023-06-15\\\/bern-entwicklung-des-wifag-areals-nimmt-naechsten-schritt\\\/#article\",\"isPartOf\":{\"@id\":\"https:\\\/\\\/www.immobilienbusiness.ch\\\/de\\\/regionen\\\/2023-06-15\\\/bern-entwicklung-des-wifag-areals-nimmt-naechsten-schritt\\\/\"},\"author\":{\"name\":\"anja.hall\",\"@id\":\"https:\\\/\\\/www.immobilienbusiness.ch\\\/#\\\/schema\\\/person\\\/3fc036297b10b9f42d6db5ee932af8c8\"},\"headline\":\"Bern: Entwicklung des Wifag-Areals nimmt n\u00e4chsten Schritt\",\"datePublished\":\"2023-06-15T06:38:09+00:00\",\"dateModified\":\"2023-06-22T16:44:37+00:00\",\"mainEntityOfPage\":{\"@id\":\"https:\\\/\\\/www.immobilienbusiness.ch\\\/de\\\/regionen\\\/2023-06-15\\\/bern-entwicklung-des-wifag-areals-nimmt-naechsten-schritt\\\/\"},\"wordCount\":336,\"publisher\":{\"@id\":\"https:\\\/\\\/www.immobilienbusiness.ch\\\/#organization\"},\"image\":{\"@id\":\"https:\\\/\\\/www.immobilienbusiness.ch\\\/de\\\/regionen\\\/2023-06-15\\\/bern-entwicklung-des-wifag-areals-nimmt-naechsten-schritt\\\/#primaryimage\"},\"thumbnailUrl\":\"https:\\\/\\\/www.immobilienbusiness.ch\\\/wp-content\\\/uploads\\\/2018\\\/07\\\/Depositphotos_10731714_m-2015.jpg\",\"keywords\":[\"Arealentwicklung\",\"Bern\",\"Projekt in Planung\",\"Wohnimmobilien\"],\"articleSection\":[\"REGIONEN\"],\"inLanguage\":\"it-IT\"},{\"@type\":\"WebPage\",\"@id\":\"https:\\\/\\\/www.immobilienbusiness.ch\\\/de\\\/regionen\\\/2023-06-15\\\/bern-entwicklung-des-wifag-areals-nimmt-naechsten-schritt\\\/\",\"url\":\"https:\\\/\\\/www.immobilienbusiness.ch\\\/de\\\/regionen\\\/2023-06-15\\\/bern-entwicklung-des-wifag-areals-nimmt-naechsten-schritt\\\/\",\"name\":\"Bern: Entwicklung des Wifag-Areals nimmt n\u00e4chsten Schritt - IMMOBILIEN Business\",\"isPartOf\":{\"@id\":\"https:\\\/\\\/www.immobilienbusiness.ch\\\/#website\"},\"primaryImageOfPage\":{\"@id\":\"https:\\\/\\\/www.immobilienbusiness.ch\\\/de\\\/regionen\\\/2023-06-15\\\/bern-entwicklung-des-wifag-areals-nimmt-naechsten-schritt\\\/#primaryimage\"},\"image\":{\"@id\":\"https:\\\/\\\/www.immobilienbusiness.ch\\\/de\\\/regionen\\\/2023-06-15\\\/bern-entwicklung-des-wifag-areals-nimmt-naechsten-schritt\\\/#primaryimage\"},\"thumbnailUrl\":\"https:\\\/\\\/www.immobilienbusiness.ch\\\/wp-content\\\/uploads\\\/2018\\\/07\\\/Depositphotos_10731714_m-2015.jpg\",\"datePublished\":\"2023-06-15T06:38:09+00:00\",\"dateModified\":\"2023-06-22T16:44:37+00:00\",\"description\":\"Die \u00dcberbauungsordnung f\u00fcr das Wifag-Areal und die angrenzende Leinenweberei liegt \u00f6ffentlich auf. Geplant ist der Bau eines durchmischten Quartiers.\",\"breadcrumb\":{\"@id\":\"https:\\\/\\\/www.immobilienbusiness.ch\\\/de\\\/regionen\\\/2023-06-15\\\/bern-entwicklung-des-wifag-areals-nimmt-naechsten-schritt\\\/#breadcrumb\"},\"inLanguage\":\"it-IT\",\"potentialAction\":[{\"@type\":\"ReadAction\",\"target\":[\"https:\\\/\\\/www.immobilienbusiness.ch\\\/de\\\/regionen\\\/2023-06-15\\\/bern-entwicklung-des-wifag-areals-nimmt-naechsten-schritt\\\/\"]}]},{\"@type\":\"ImageObject\",\"inLanguage\":\"it-IT\",\"@id\":\"https:\\\/\\\/www.immobilienbusiness.ch\\\/de\\\/regionen\\\/2023-06-15\\\/bern-entwicklung-des-wifag-areals-nimmt-naechsten-schritt\\\/#primaryimage\",\"url\":\"https:\\\/\\\/www.immobilienbusiness.ch\\\/wp-content\\\/uploads\\\/2018\\\/07\\\/Depositphotos_10731714_m-2015.jpg\",\"contentUrl\":\"https:\\\/\\\/www.immobilienbusiness.ch\\\/wp-content\\\/uploads\\\/2018\\\/07\\\/Depositphotos_10731714_m-2015.jpg\",\"width\":1000,\"height\":667,\"caption\":\"(Bild: pressmaster - depositphotos)\"},{\"@type\":\"BreadcrumbList\",\"@id\":\"https:\\\/\\\/www.immobilienbusiness.ch\\\/de\\\/regionen\\\/2023-06-15\\\/bern-entwicklung-des-wifag-areals-nimmt-naechsten-schritt\\\/#breadcrumb\",\"itemListElement\":[{\"@type\":\"ListItem\",\"position\":1,\"name\":\"Home\",\"item\":\"https:\\\/\\\/www.immobilienbusiness.ch\\\/\"},{\"@type\":\"ListItem\",\"position\":2,\"name\":\"Bern: Entwicklung des Wifag-Areals nimmt n\u00e4chsten Schritt\"}]},{\"@type\":\"WebSite\",\"@id\":\"https:\\\/\\\/www.immobilienbusiness.ch\\\/#website\",\"url\":\"https:\\\/\\\/www.immobilienbusiness.ch\\\/\",\"name\":\"IMMOBILIEN Business\",\"description\":\"Unabh\u00e4ngiges Schweizer Wirtschaftsmagazin mit Fokus auf Immobilien, Architektur- und Bau sowie Investment- und Finanzierung.\",\"publisher\":{\"@id\":\"https:\\\/\\\/www.immobilienbusiness.ch\\\/#organization\"},\"potentialAction\":[{\"@type\":\"SearchAction\",\"target\":{\"@type\":\"EntryPoint\",\"urlTemplate\":\"https:\\\/\\\/www.immobilienbusiness.ch\\\/?s={search_term_string}\"},\"query-input\":{\"@type\":\"PropertyValueSpecification\",\"valueRequired\":true,\"valueName\":\"search_term_string\"}}],\"inLanguage\":\"it-IT\"},{\"@type\":\"Organization\",\"@id\":\"https:\\\/\\\/www.immobilienbusiness.ch\\\/#organization\",\"name\":\"IMMOBILIEN Business\",\"url\":\"https:\\\/\\\/www.immobilienbusiness.ch\\\/\",\"logo\":{\"@type\":\"ImageObject\",\"inLanguage\":\"it-IT\",\"@id\":\"https:\\\/\\\/www.immobilienbusiness.ch\\\/#\\\/schema\\\/logo\\\/image\\\/\",\"url\":\"https:\\\/\\\/www.immobilienbusiness.ch\\\/wp-content\\\/uploads\\\/2021\\\/07\\\/logo_ib.png\",\"contentUrl\":\"https:\\\/\\\/www.immobilienbusiness.ch\\\/wp-content\\\/uploads\\\/2021\\\/07\\\/logo_ib.png\",\"width\":800,\"height\":181,\"caption\":\"IMMOBILIEN Business\"},\"image\":{\"@id\":\"https:\\\/\\\/www.immobilienbusiness.ch\\\/#\\\/schema\\\/logo\\\/image\\\/\"},\"sameAs\":[\"https:\\\/\\\/www.facebook.com\\\/immobilienbusiness\\\/\"]},{\"@type\":\"Person\",\"@id\":\"https:\\\/\\\/www.immobilienbusiness.ch\\\/#\\\/schema\\\/person\\\/3fc036297b10b9f42d6db5ee932af8c8\",\"name\":\"anja.hall\",\"image\":{\"@type\":\"ImageObject\",\"inLanguage\":\"it-IT\",\"@id\":\"https:\\\/\\\/secure.gravatar.com\\\/avatar\\\/066b5a0d447013502c71a5782f4f3469f03cfe595cc2329fb94652fe47511bfb?s=96&d=mm&r=g\",\"url\":\"https:\\\/\\\/secure.gravatar.com\\\/avatar\\\/066b5a0d447013502c71a5782f4f3469f03cfe595cc2329fb94652fe47511bfb?s=96&d=mm&r=g\",\"contentUrl\":\"https:\\\/\\\/secure.gravatar.com\\\/avatar\\\/066b5a0d447013502c71a5782f4f3469f03cfe595cc2329fb94652fe47511bfb?s=96&d=mm&r=g\",\"caption\":\"anja.hall\"},\"url\":\"https:\\\/\\\/www.immobilienbusiness.ch\\\/it\\\/author\\\/anja-hall\\\/\"}]}<\/script>\n<!-- \/ Yoast SEO plugin. -->","yoast_head_json":{"title":"Bern: Entwicklung des Wifag-Areals nimmt n\u00e4chsten Schritt - IMMOBILIEN Business","description":"Il piano di sviluppo del sito Wifag e della vicina Leinenweberei \u00e8 aperto al pubblico. Il piano prevede la costruzione di un quartiere misto.","robots":{"index":"index","follow":"follow","max-snippet":"max-snippet:-1","max-image-preview":"max-image-preview:large","max-video-preview":"max-video-preview:-1"},"canonical":"https:\/\/www.immobilienbusiness.ch\/it\/regionen\/2023-06-15\/bern-entwicklung-des-wifag-areals-nimmt-naechsten-schritt\/","og_locale":"it_IT","og_type":"article","og_title":"Bern: Entwicklung des Wifag-Areals nimmt n\u00e4chsten Schritt - IMMOBILIEN Business","og_description":"Die \u00dcberbauungsordnung f\u00fcr das Wifag-Areal und die angrenzende Leinenweberei liegt \u00f6ffentlich auf. Geplant ist der Bau eines durchmischten Quartiers.","og_url":"https:\/\/www.immobilienbusiness.ch\/it\/regionen\/2023-06-15\/bern-entwicklung-des-wifag-areals-nimmt-naechsten-schritt\/","og_site_name":"IMMOBILIEN Business","article_publisher":"https:\/\/www.facebook.com\/immobilienbusiness\/","article_published_time":"2023-06-15T06:38:09+00:00","article_modified_time":"2023-06-22T16:44:37+00:00","og_image":[{"width":1000,"height":667,"url":"https:\/\/www.immobilienbusiness.ch\/wp-content\/uploads\/2018\/07\/Depositphotos_10731714_m-2015.jpg","type":"image\/jpeg"}],"author":"anja.hall","twitter_card":"summary_large_image","twitter_image":"https:\/\/www.immobilienbusiness.ch\/wp-content\/uploads\/2018\/07\/Depositphotos_10731714_m-2015.jpg","schema":{"@context":"https:\/\/schema.org","@graph":[{"@type":"Article","@id":"https:\/\/www.immobilienbusiness.ch\/de\/regionen\/2023-06-15\/bern-entwicklung-des-wifag-areals-nimmt-naechsten-schritt\/#article","isPartOf":{"@id":"https:\/\/www.immobilienbusiness.ch\/de\/regionen\/2023-06-15\/bern-entwicklung-des-wifag-areals-nimmt-naechsten-schritt\/"},"author":{"name":"anja.hall","@id":"https:\/\/www.immobilienbusiness.ch\/#\/schema\/person\/3fc036297b10b9f42d6db5ee932af8c8"},"headline":"Bern: Entwicklung des Wifag-Areals nimmt n\u00e4chsten Schritt","datePublished":"2023-06-15T06:38:09+00:00","dateModified":"2023-06-22T16:44:37+00:00","mainEntityOfPage":{"@id":"https:\/\/www.immobilienbusiness.ch\/de\/regionen\/2023-06-15\/bern-entwicklung-des-wifag-areals-nimmt-naechsten-schritt\/"},"wordCount":336,"publisher":{"@id":"https:\/\/www.immobilienbusiness.ch\/#organization"},"image":{"@id":"https:\/\/www.immobilienbusiness.ch\/de\/regionen\/2023-06-15\/bern-entwicklung-des-wifag-areals-nimmt-naechsten-schritt\/#primaryimage"},"thumbnailUrl":"https:\/\/www.immobilienbusiness.ch\/wp-content\/uploads\/2018\/07\/Depositphotos_10731714_m-2015.jpg","keywords":["Arealentwicklung","Bern","Projekt in Planung","Wohnimmobilien"],"articleSection":["REGIONEN"],"inLanguage":"it-IT"},{"@type":"WebPage","@id":"https:\/\/www.immobilienbusiness.ch\/de\/regionen\/2023-06-15\/bern-entwicklung-des-wifag-areals-nimmt-naechsten-schritt\/","url":"https:\/\/www.immobilienbusiness.ch\/de\/regionen\/2023-06-15\/bern-entwicklung-des-wifag-areals-nimmt-naechsten-schritt\/","name":"Bern: Entwicklung des Wifag-Areals nimmt n\u00e4chsten Schritt - IMMOBILIEN Business","isPartOf":{"@id":"https:\/\/www.immobilienbusiness.ch\/#website"},"primaryImageOfPage":{"@id":"https:\/\/www.immobilienbusiness.ch\/de\/regionen\/2023-06-15\/bern-entwicklung-des-wifag-areals-nimmt-naechsten-schritt\/#primaryimage"},"image":{"@id":"https:\/\/www.immobilienbusiness.ch\/de\/regionen\/2023-06-15\/bern-entwicklung-des-wifag-areals-nimmt-naechsten-schritt\/#primaryimage"},"thumbnailUrl":"https:\/\/www.immobilienbusiness.ch\/wp-content\/uploads\/2018\/07\/Depositphotos_10731714_m-2015.jpg","datePublished":"2023-06-15T06:38:09+00:00","dateModified":"2023-06-22T16:44:37+00:00","description":"Il piano di sviluppo del sito Wifag e della vicina Leinenweberei \u00e8 aperto al pubblico. Il piano prevede la costruzione di un quartiere misto.","breadcrumb":{"@id":"https:\/\/www.immobilienbusiness.ch\/de\/regionen\/2023-06-15\/bern-entwicklung-des-wifag-areals-nimmt-naechsten-schritt\/#breadcrumb"},"inLanguage":"it-IT","potentialAction":[{"@type":"ReadAction","target":["https:\/\/www.immobilienbusiness.ch\/de\/regionen\/2023-06-15\/bern-entwicklung-des-wifag-areals-nimmt-naechsten-schritt\/"]}]},{"@type":"ImageObject","inLanguage":"it-IT","@id":"https:\/\/www.immobilienbusiness.ch\/de\/regionen\/2023-06-15\/bern-entwicklung-des-wifag-areals-nimmt-naechsten-schritt\/#primaryimage","url":"https:\/\/www.immobilienbusiness.ch\/wp-content\/uploads\/2018\/07\/Depositphotos_10731714_m-2015.jpg","contentUrl":"https:\/\/www.immobilienbusiness.ch\/wp-content\/uploads\/2018\/07\/Depositphotos_10731714_m-2015.jpg","width":1000,"height":667,"caption":"(Bild: pressmaster - depositphotos)"},{"@type":"BreadcrumbList","@id":"https:\/\/www.immobilienbusiness.ch\/de\/regionen\/2023-06-15\/bern-entwicklung-des-wifag-areals-nimmt-naechsten-schritt\/#breadcrumb","itemListElement":[{"@type":"ListItem","position":1,"name":"Home","item":"https:\/\/www.immobilienbusiness.ch\/"},{"@type":"ListItem","position":2,"name":"Bern: Entwicklung des Wifag-Areals nimmt n\u00e4chsten Schritt"}]},{"@type":"WebSite","@id":"https:\/\/www.immobilienbusiness.ch\/#website","url":"https:\/\/www.immobilienbusiness.ch\/","name":"Affari immobiliari","description":"Rivista economica indipendente svizzera che si concentra sul settore immobiliare, l'architettura e la costruzione, nonch\u00e9 sugli investimenti e i finanziamenti.","publisher":{"@id":"https:\/\/www.immobilienbusiness.ch\/#organization"},"potentialAction":[{"@type":"SearchAction","target":{"@type":"EntryPoint","urlTemplate":"https:\/\/www.immobilienbusiness.ch\/?s={search_term_string}"},"query-input":{"@type":"PropertyValueSpecification","valueRequired":true,"valueName":"search_term_string"}}],"inLanguage":"it-IT"},{"@type":"Organization","@id":"https:\/\/www.immobilienbusiness.ch\/#organization","name":"Affari immobiliari","url":"https:\/\/www.immobilienbusiness.ch\/","logo":{"@type":"ImageObject","inLanguage":"it-IT","@id":"https:\/\/www.immobilienbusiness.ch\/#\/schema\/logo\/image\/","url":"https:\/\/www.immobilienbusiness.ch\/wp-content\/uploads\/2021\/07\/logo_ib.png","contentUrl":"https:\/\/www.immobilienbusiness.ch\/wp-content\/uploads\/2021\/07\/logo_ib.png","width":800,"height":181,"caption":"IMMOBILIEN Business"},"image":{"@id":"https:\/\/www.immobilienbusiness.ch\/#\/schema\/logo\/image\/"},"sameAs":["https:\/\/www.facebook.com\/immobilienbusiness\/"]},{"@type":"Person","@id":"https:\/\/www.immobilienbusiness.ch\/#\/schema\/person\/3fc036297b10b9f42d6db5ee932af8c8","name":"anja.hall","image":{"@type":"ImageObject","inLanguage":"it-IT","@id":"https:\/\/secure.gravatar.com\/avatar\/066b5a0d447013502c71a5782f4f3469f03cfe595cc2329fb94652fe47511bfb?s=96&d=mm&r=g","url":"https:\/\/secure.gravatar.com\/avatar\/066b5a0d447013502c71a5782f4f3469f03cfe595cc2329fb94652fe47511bfb?s=96&d=mm&r=g","contentUrl":"https:\/\/secure.gravatar.com\/avatar\/066b5a0d447013502c71a5782f4f3469f03cfe595cc2329fb94652fe47511bfb?s=96&d=mm&r=g","caption":"anja.hall"},"url":"https:\/\/www.immobilienbusiness.ch\/it\/author\/anja-hall\/"}]}},"_links":{"self":[{"href":"https:\/\/www.immobilienbusiness.ch\/it\/wp-json\/wp\/v2\/posts\/47386","targetHints":{"allow":["GET"]}}],"collection":[{"href":"https:\/\/www.immobilienbusiness.ch\/it\/wp-json\/wp\/v2\/posts"}],"about":[{"href":"https:\/\/www.immobilienbusiness.ch\/it\/wp-json\/wp\/v2\/types\/post"}],"author":[{"embeddable":true,"href":"https:\/\/www.immobilienbusiness.ch\/it\/wp-json\/wp\/v2\/users\/3"}],"replies":[{"embeddable":true,"href":"https:\/\/www.immobilienbusiness.ch\/it\/wp-json\/wp\/v2\/comments?post=47386"}],"version-history":[{"count":5,"href":"https:\/\/www.immobilienbusiness.ch\/it\/wp-json\/wp\/v2\/posts\/47386\/revisions"}],"predecessor-version":[{"id":47657,"href":"https:\/\/www.immobilienbusiness.ch\/it\/wp-json\/wp\/v2\/posts\/47386\/revisions\/47657"}],"wp:featuredmedia":[{"embeddable":true,"href":"https:\/\/www.immobilienbusiness.ch\/it\/wp-json\/wp\/v2\/media\/13266"}],"wp:attachment":[{"href":"https:\/\/www.immobilienbusiness.ch\/it\/wp-json\/wp\/v2\/media?parent=47386"}],"wp:term":[{"taxonomy":"category","embeddable":true,"href":"https:\/\/www.immobilienbusiness.ch\/it\/wp-json\/wp\/v2\/categories?post=47386"},{"taxonomy":"post_tag","embeddable":true,"href":"https:\/\/www.immobilienbusiness.ch\/it\/wp-json\/wp\/v2\/tags?post=47386"}],"curies":[{"name":"wp","href":"https:\/\/api.w.org\/{rel}","templated":true}]}}