{"id":47311,"date":"2023-06-09T06:57:13","date_gmt":"2023-06-09T04:57:13","guid":{"rendered":"https:\/\/www.immobilienbusiness.ch\/?p=47311"},"modified":"2023-06-22T18:52:43","modified_gmt":"2023-06-22T16:52:43","slug":"avobis-ernennt-neue-geschaeftsfuehrer-fuer-verit-und-rimaplan","status":"publish","type":"post","link":"https:\/\/www.immobilienbusiness.ch\/it\/personalia\/2023-06-09\/avobis-ernennt-neue-geschaeftsfuehrer-fuer-verit-und-rimaplan\/","title":{"rendered":"Avobis nomina i nuovi direttori generali di Verit e Rimaplan"},"content":{"rendered":"<figure id=\"attachment_47312\" aria-describedby=\"caption-attachment-47312\" style=\"width: 517px\" class=\"wp-caption alignnone\"><a href=\"https:\/\/www.immobilienbusiness.ch\/wp-content\/uploads\/2023\/06\/Felix-Wurhmann-Dieter-Sommer.png\"><img loading=\"lazy\" decoding=\"async\" class=\"wp-image-47312 size-full\" src=\"https:\/\/www.immobilienbusiness.ch\/wp-content\/uploads\/2023\/06\/Felix-Wurhmann-Dieter-Sommer.png\" alt=\"Avobis\" width=\"517\" height=\"292\" srcset=\"https:\/\/www.immobilienbusiness.ch\/wp-content\/uploads\/2023\/06\/Felix-Wurhmann-Dieter-Sommer.png 517w, https:\/\/www.immobilienbusiness.ch\/wp-content\/uploads\/2023\/06\/Felix-Wurhmann-Dieter-Sommer-300x169.png 300w, https:\/\/www.immobilienbusiness.ch\/wp-content\/uploads\/2023\/06\/Felix-Wurhmann-Dieter-Sommer-18x10.png 18w, https:\/\/www.immobilienbusiness.ch\/wp-content\/uploads\/2023\/06\/Felix-Wurhmann-Dieter-Sommer-375x212.png 375w\" sizes=\"auto, (max-width: 517px) 100vw, 517px\" \/><\/a><figcaption id=\"caption-attachment-47312\" class=\"wp-caption-text\">Felix Wuhrmann e Dieter Sommer (Immagine: Avobis)<\/figcaption><\/figure>\n<p>Dieter Sommer assume la direzione di Verit Immobilien con effetto immediato insieme al precedente amministratore delegato Ralf Capeder. Secondo Avobis, mentre Sommer sar\u00e0 responsabile delle operazioni quotidiane e delle prestazioni, Capeder si concentrer\u00e0 sull'acquisizione e sulla crescita dei clienti. Sommer ha lavorato nel settore della gestione immobiliare per oltre 25 anni, anche come CEO di Privera AG. \u00c8 proprietario di Hubconsult e membro del Consiglio di amministrazione e del Comitato esecutivo di Svit beider Basel.<\/p>\n<h3>L'amministratore delegato di Rimaplan proviene da HRS<\/h3>\n<p>Felix Wuhrmann assumer\u00e0 la direzione dello sviluppatore di progetti Rimaplan AG il 1\u00b0 luglio. Vanta oltre 30 anni di esperienza nel settore immobiliare svizzero, anche come membro del team di gestione di Allreal e, pi\u00f9 recentemente, come responsabile delle acquisizioni di HRS Real Estate. Succede ai due co-amministratori delegati Patrik Bossart e Daniel F\u00e4ssler che, secondo Avobis, hanno deciso di intraprendere una nuova direzione al di fuori del Gruppo. \"L'integrazione di Rimaplan nel Gruppo Avobis \u00e8 ora completa\", ha annunciato Avobis. \"Desideriamo inoltre ringraziare Patrik Bossart e Daniel F\u00e4ssler per l'impegno e i risultati ottenuti negli ultimi anni\", ha dichiarato Stefan Gautschi, Co-CEO del Gruppo Avobis. <em>(aw)<\/em><\/p>","protected":false},"excerpt":{"rendered":"<p>Il Gruppo Avobis ha annunciato due nuove nomine: Dieter Sommer diventer\u00e0 co-amministratore delegato di Verit Immobilien AG e Felix Wuhrmann diventer\u00e0 amministratore delegato di Rimaplan AG.<\/p>","protected":false},"author":102,"featured_media":47312,"comment_status":"closed","ping_status":"closed","sticky":false,"template":"","format":"standard","meta":{"_acf_changed":false,"_yoast_wpseo_focuskw":"Avobis","_yoast_wpseo_title":"","_yoast_wpseo_metadesc":"Die Avobis Group vermeldet zwei Personalien: Dieter Sommer wird Co-Gesch\u00e4ftsf\u00fchrer des Immobilienbewirtschafters Verit Immobilien AG und Felix Wuhrmann wird Gesch\u00e4ftsf\u00fchrer des Projektentwicklers Rimaplan AG.","_yoast_wpseo_linkdex":42,"pgc_sgb_lightbox_settings":"","footnotes":""},"categories":[1912],"tags":[1056,1563,2231,1828],"class_list":["post-47311","post","type-post","status-publish","format-standard","has-post-thumbnail","hentry","category-personalia","tag-avobis","tag-personalia","tag-rimaplan","tag-verit"],"acf":[],"yoast_head":"<!-- This site is optimized with the Yoast SEO plugin v27.4 - https:\/\/yoast.com\/product\/yoast-seo-wordpress\/ -->\n<title>Avobis ernennt neue Gesch\u00e4ftsf\u00fchrer f\u00fcr Verit und Rimaplan - IMMOBILIEN Business<\/title>\n<meta name=\"description\" content=\"Die Avobis Group vermeldet zwei Personalien: Dieter Sommer wird Co-Gesch\u00e4ftsf\u00fchrer des Immobilienbewirtschafters Verit Immobilien AG und Felix Wuhrmann wird Gesch\u00e4ftsf\u00fchrer des Projektentwicklers Rimaplan AG.\" \/>\n<meta name=\"robots\" content=\"index, follow, max-snippet:-1, max-image-preview:large, max-video-preview:-1\" \/>\n<link rel=\"canonical\" href=\"https:\/\/www.immobilienbusiness.ch\/it\/personalia\/2023-06-09\/avobis-ernennt-neue-geschaeftsfuehrer-fuer-verit-und-rimaplan\/\" \/>\n<meta property=\"og:locale\" content=\"it_IT\" \/>\n<meta property=\"og:type\" content=\"article\" \/>\n<meta property=\"og:title\" content=\"Avobis ernennt neue Gesch\u00e4ftsf\u00fchrer f\u00fcr Verit und Rimaplan - IMMOBILIEN Business\" \/>\n<meta property=\"og:description\" content=\"Die Avobis Group vermeldet zwei Personalien: Dieter Sommer wird Co-Gesch\u00e4ftsf\u00fchrer des Immobilienbewirtschafters Verit Immobilien AG und Felix Wuhrmann wird Gesch\u00e4ftsf\u00fchrer des Projektentwicklers Rimaplan AG.\" \/>\n<meta property=\"og:url\" content=\"https:\/\/www.immobilienbusiness.ch\/it\/personalia\/2023-06-09\/avobis-ernennt-neue-geschaeftsfuehrer-fuer-verit-und-rimaplan\/\" \/>\n<meta property=\"og:site_name\" content=\"IMMOBILIEN Business\" \/>\n<meta property=\"article:publisher\" content=\"https:\/\/www.facebook.com\/immobilienbusiness\/\" \/>\n<meta property=\"article:published_time\" content=\"2023-06-09T04:57:13+00:00\" \/>\n<meta property=\"article:modified_time\" content=\"2023-06-22T16:52:43+00:00\" \/>\n<meta property=\"og:image\" content=\"https:\/\/www.immobilienbusiness.ch\/wp-content\/uploads\/2023\/06\/Felix-Wurhmann-Dieter-Sommer.png\" \/>\n\t<meta property=\"og:image:width\" content=\"517\" \/>\n\t<meta property=\"og:image:height\" content=\"292\" \/>\n\t<meta property=\"og:image:type\" content=\"image\/png\" \/>\n<meta name=\"author\" content=\"Alexander Wachter\" \/>\n<meta name=\"twitter:card\" content=\"summary_large_image\" \/>\n<script type=\"application\/ld+json\" class=\"yoast-schema-graph\">{\"@context\":\"https:\\\/\\\/schema.org\",\"@graph\":[{\"@type\":\"Article\",\"@id\":\"https:\\\/\\\/www.immobilienbusiness.ch\\\/fr\\\/personalia\\\/2023-06-09\\\/avobis-ernennt-neue-geschaeftsfuehrer-fuer-verit-und-rimaplan\\\/#article\",\"isPartOf\":{\"@id\":\"https:\\\/\\\/www.immobilienbusiness.ch\\\/fr\\\/personalia\\\/2023-06-09\\\/avobis-ernennt-neue-geschaeftsfuehrer-fuer-verit-und-rimaplan\\\/\"},\"author\":{\"name\":\"Alexander Wachter\",\"@id\":\"https:\\\/\\\/www.immobilienbusiness.ch\\\/#\\\/schema\\\/person\\\/aba8bea2db926aa0c24c08c43fe1fcd5\"},\"headline\":\"Avobis ernennt neue Gesch\u00e4ftsf\u00fchrer f\u00fcr Verit und Rimaplan\",\"datePublished\":\"2023-06-09T04:57:13+00:00\",\"dateModified\":\"2023-06-22T16:52:43+00:00\",\"mainEntityOfPage\":{\"@id\":\"https:\\\/\\\/www.immobilienbusiness.ch\\\/fr\\\/personalia\\\/2023-06-09\\\/avobis-ernennt-neue-geschaeftsfuehrer-fuer-verit-und-rimaplan\\\/\"},\"wordCount\":215,\"publisher\":{\"@id\":\"https:\\\/\\\/www.immobilienbusiness.ch\\\/#organization\"},\"image\":{\"@id\":\"https:\\\/\\\/www.immobilienbusiness.ch\\\/fr\\\/personalia\\\/2023-06-09\\\/avobis-ernennt-neue-geschaeftsfuehrer-fuer-verit-und-rimaplan\\\/#primaryimage\"},\"thumbnailUrl\":\"https:\\\/\\\/www.immobilienbusiness.ch\\\/wp-content\\\/uploads\\\/2023\\\/06\\\/Felix-Wurhmann-Dieter-Sommer.png\",\"keywords\":[\"Avobis\",\"Personalia\",\"Rimaplan\",\"Verit\"],\"articleSection\":[\"PERSONALIA\"],\"inLanguage\":\"it-IT\"},{\"@type\":\"WebPage\",\"@id\":\"https:\\\/\\\/www.immobilienbusiness.ch\\\/fr\\\/personalia\\\/2023-06-09\\\/avobis-ernennt-neue-geschaeftsfuehrer-fuer-verit-und-rimaplan\\\/\",\"url\":\"https:\\\/\\\/www.immobilienbusiness.ch\\\/fr\\\/personalia\\\/2023-06-09\\\/avobis-ernennt-neue-geschaeftsfuehrer-fuer-verit-und-rimaplan\\\/\",\"name\":\"Avobis ernennt neue Gesch\u00e4ftsf\u00fchrer f\u00fcr Verit und Rimaplan - IMMOBILIEN Business\",\"isPartOf\":{\"@id\":\"https:\\\/\\\/www.immobilienbusiness.ch\\\/#website\"},\"primaryImageOfPage\":{\"@id\":\"https:\\\/\\\/www.immobilienbusiness.ch\\\/fr\\\/personalia\\\/2023-06-09\\\/avobis-ernennt-neue-geschaeftsfuehrer-fuer-verit-und-rimaplan\\\/#primaryimage\"},\"image\":{\"@id\":\"https:\\\/\\\/www.immobilienbusiness.ch\\\/fr\\\/personalia\\\/2023-06-09\\\/avobis-ernennt-neue-geschaeftsfuehrer-fuer-verit-und-rimaplan\\\/#primaryimage\"},\"thumbnailUrl\":\"https:\\\/\\\/www.immobilienbusiness.ch\\\/wp-content\\\/uploads\\\/2023\\\/06\\\/Felix-Wurhmann-Dieter-Sommer.png\",\"datePublished\":\"2023-06-09T04:57:13+00:00\",\"dateModified\":\"2023-06-22T16:52:43+00:00\",\"description\":\"Die Avobis Group vermeldet zwei Personalien: Dieter Sommer wird Co-Gesch\u00e4ftsf\u00fchrer des Immobilienbewirtschafters Verit Immobilien AG und Felix Wuhrmann wird Gesch\u00e4ftsf\u00fchrer des Projektentwicklers Rimaplan AG.\",\"breadcrumb\":{\"@id\":\"https:\\\/\\\/www.immobilienbusiness.ch\\\/fr\\\/personalia\\\/2023-06-09\\\/avobis-ernennt-neue-geschaeftsfuehrer-fuer-verit-und-rimaplan\\\/#breadcrumb\"},\"inLanguage\":\"it-IT\",\"potentialAction\":[{\"@type\":\"ReadAction\",\"target\":[\"https:\\\/\\\/www.immobilienbusiness.ch\\\/fr\\\/personalia\\\/2023-06-09\\\/avobis-ernennt-neue-geschaeftsfuehrer-fuer-verit-und-rimaplan\\\/\"]}]},{\"@type\":\"ImageObject\",\"inLanguage\":\"it-IT\",\"@id\":\"https:\\\/\\\/www.immobilienbusiness.ch\\\/fr\\\/personalia\\\/2023-06-09\\\/avobis-ernennt-neue-geschaeftsfuehrer-fuer-verit-und-rimaplan\\\/#primaryimage\",\"url\":\"https:\\\/\\\/www.immobilienbusiness.ch\\\/wp-content\\\/uploads\\\/2023\\\/06\\\/Felix-Wurhmann-Dieter-Sommer.png\",\"contentUrl\":\"https:\\\/\\\/www.immobilienbusiness.ch\\\/wp-content\\\/uploads\\\/2023\\\/06\\\/Felix-Wurhmann-Dieter-Sommer.png\",\"width\":517,\"height\":292,\"caption\":\"Felix Wuhrmann und Dieter Sommer (Bild: Avobis)\"},{\"@type\":\"BreadcrumbList\",\"@id\":\"https:\\\/\\\/www.immobilienbusiness.ch\\\/fr\\\/personalia\\\/2023-06-09\\\/avobis-ernennt-neue-geschaeftsfuehrer-fuer-verit-und-rimaplan\\\/#breadcrumb\",\"itemListElement\":[{\"@type\":\"ListItem\",\"position\":1,\"name\":\"Home\",\"item\":\"https:\\\/\\\/www.immobilienbusiness.ch\\\/\"},{\"@type\":\"ListItem\",\"position\":2,\"name\":\"Avobis ernennt neue Gesch\u00e4ftsf\u00fchrer f\u00fcr Verit und Rimaplan\"}]},{\"@type\":\"WebSite\",\"@id\":\"https:\\\/\\\/www.immobilienbusiness.ch\\\/#website\",\"url\":\"https:\\\/\\\/www.immobilienbusiness.ch\\\/\",\"name\":\"IMMOBILIEN Business\",\"description\":\"Unabh\u00e4ngiges Schweizer Wirtschaftsmagazin mit Fokus auf Immobilien, Architektur- und Bau sowie Investment- und Finanzierung.\",\"publisher\":{\"@id\":\"https:\\\/\\\/www.immobilienbusiness.ch\\\/#organization\"},\"potentialAction\":[{\"@type\":\"SearchAction\",\"target\":{\"@type\":\"EntryPoint\",\"urlTemplate\":\"https:\\\/\\\/www.immobilienbusiness.ch\\\/?s={search_term_string}\"},\"query-input\":{\"@type\":\"PropertyValueSpecification\",\"valueRequired\":true,\"valueName\":\"search_term_string\"}}],\"inLanguage\":\"it-IT\"},{\"@type\":\"Organization\",\"@id\":\"https:\\\/\\\/www.immobilienbusiness.ch\\\/#organization\",\"name\":\"IMMOBILIEN Business\",\"url\":\"https:\\\/\\\/www.immobilienbusiness.ch\\\/\",\"logo\":{\"@type\":\"ImageObject\",\"inLanguage\":\"it-IT\",\"@id\":\"https:\\\/\\\/www.immobilienbusiness.ch\\\/#\\\/schema\\\/logo\\\/image\\\/\",\"url\":\"https:\\\/\\\/www.immobilienbusiness.ch\\\/wp-content\\\/uploads\\\/2021\\\/07\\\/logo_ib.png\",\"contentUrl\":\"https:\\\/\\\/www.immobilienbusiness.ch\\\/wp-content\\\/uploads\\\/2021\\\/07\\\/logo_ib.png\",\"width\":800,\"height\":181,\"caption\":\"IMMOBILIEN Business\"},\"image\":{\"@id\":\"https:\\\/\\\/www.immobilienbusiness.ch\\\/#\\\/schema\\\/logo\\\/image\\\/\"},\"sameAs\":[\"https:\\\/\\\/www.facebook.com\\\/immobilienbusiness\\\/\"]},{\"@type\":\"Person\",\"@id\":\"https:\\\/\\\/www.immobilienbusiness.ch\\\/#\\\/schema\\\/person\\\/aba8bea2db926aa0c24c08c43fe1fcd5\",\"name\":\"Alexander Wachter\",\"image\":{\"@type\":\"ImageObject\",\"inLanguage\":\"it-IT\",\"@id\":\"https:\\\/\\\/secure.gravatar.com\\\/avatar\\\/1a09e471f5389b0e0a6416eac287e0927c7c97a7b77f9e787eba3af7aee281dd?s=96&d=mm&r=g\",\"url\":\"https:\\\/\\\/secure.gravatar.com\\\/avatar\\\/1a09e471f5389b0e0a6416eac287e0927c7c97a7b77f9e787eba3af7aee281dd?s=96&d=mm&r=g\",\"contentUrl\":\"https:\\\/\\\/secure.gravatar.com\\\/avatar\\\/1a09e471f5389b0e0a6416eac287e0927c7c97a7b77f9e787eba3af7aee281dd?s=96&d=mm&r=g\",\"caption\":\"Alexander Wachter\"},\"url\":\"https:\\\/\\\/www.immobilienbusiness.ch\\\/it\\\/author\\\/alexander-wachter\\\/\"}]}<\/script>\n<!-- \/ Yoast SEO plugin. -->","yoast_head_json":{"title":"Avobis ernennt neue Gesch\u00e4ftsf\u00fchrer f\u00fcr Verit und Rimaplan - IMMOBILIEN Business","description":"Il Gruppo Avobis ha annunciato due nuove nomine: Dieter Sommer diventer\u00e0 co-amministratore delegato di Verit Immobilien AG e Felix Wuhrmann diventer\u00e0 amministratore delegato di Rimaplan AG.","robots":{"index":"index","follow":"follow","max-snippet":"max-snippet:-1","max-image-preview":"max-image-preview:large","max-video-preview":"max-video-preview:-1"},"canonical":"https:\/\/www.immobilienbusiness.ch\/it\/personalia\/2023-06-09\/avobis-ernennt-neue-geschaeftsfuehrer-fuer-verit-und-rimaplan\/","og_locale":"it_IT","og_type":"article","og_title":"Avobis ernennt neue Gesch\u00e4ftsf\u00fchrer f\u00fcr Verit und Rimaplan - IMMOBILIEN Business","og_description":"Die Avobis Group vermeldet zwei Personalien: Dieter Sommer wird Co-Gesch\u00e4ftsf\u00fchrer des Immobilienbewirtschafters Verit Immobilien AG und Felix Wuhrmann wird Gesch\u00e4ftsf\u00fchrer des Projektentwicklers Rimaplan AG.","og_url":"https:\/\/www.immobilienbusiness.ch\/it\/personalia\/2023-06-09\/avobis-ernennt-neue-geschaeftsfuehrer-fuer-verit-und-rimaplan\/","og_site_name":"IMMOBILIEN Business","article_publisher":"https:\/\/www.facebook.com\/immobilienbusiness\/","article_published_time":"2023-06-09T04:57:13+00:00","article_modified_time":"2023-06-22T16:52:43+00:00","og_image":[{"width":517,"height":292,"url":"https:\/\/www.immobilienbusiness.ch\/wp-content\/uploads\/2023\/06\/Felix-Wurhmann-Dieter-Sommer.png","type":"image\/png"}],"author":"Alexander Wachter","twitter_card":"summary_large_image","schema":{"@context":"https:\/\/schema.org","@graph":[{"@type":"Article","@id":"https:\/\/www.immobilienbusiness.ch\/fr\/personalia\/2023-06-09\/avobis-ernennt-neue-geschaeftsfuehrer-fuer-verit-und-rimaplan\/#article","isPartOf":{"@id":"https:\/\/www.immobilienbusiness.ch\/fr\/personalia\/2023-06-09\/avobis-ernennt-neue-geschaeftsfuehrer-fuer-verit-und-rimaplan\/"},"author":{"name":"Alexander Wachter","@id":"https:\/\/www.immobilienbusiness.ch\/#\/schema\/person\/aba8bea2db926aa0c24c08c43fe1fcd5"},"headline":"Avobis ernennt neue Gesch\u00e4ftsf\u00fchrer f\u00fcr Verit und Rimaplan","datePublished":"2023-06-09T04:57:13+00:00","dateModified":"2023-06-22T16:52:43+00:00","mainEntityOfPage":{"@id":"https:\/\/www.immobilienbusiness.ch\/fr\/personalia\/2023-06-09\/avobis-ernennt-neue-geschaeftsfuehrer-fuer-verit-und-rimaplan\/"},"wordCount":215,"publisher":{"@id":"https:\/\/www.immobilienbusiness.ch\/#organization"},"image":{"@id":"https:\/\/www.immobilienbusiness.ch\/fr\/personalia\/2023-06-09\/avobis-ernennt-neue-geschaeftsfuehrer-fuer-verit-und-rimaplan\/#primaryimage"},"thumbnailUrl":"https:\/\/www.immobilienbusiness.ch\/wp-content\/uploads\/2023\/06\/Felix-Wurhmann-Dieter-Sommer.png","keywords":["Avobis","Personalia","Rimaplan","Verit"],"articleSection":["PERSONALIA"],"inLanguage":"it-IT"},{"@type":"WebPage","@id":"https:\/\/www.immobilienbusiness.ch\/fr\/personalia\/2023-06-09\/avobis-ernennt-neue-geschaeftsfuehrer-fuer-verit-und-rimaplan\/","url":"https:\/\/www.immobilienbusiness.ch\/fr\/personalia\/2023-06-09\/avobis-ernennt-neue-geschaeftsfuehrer-fuer-verit-und-rimaplan\/","name":"Avobis ernennt neue Gesch\u00e4ftsf\u00fchrer f\u00fcr Verit und Rimaplan - IMMOBILIEN Business","isPartOf":{"@id":"https:\/\/www.immobilienbusiness.ch\/#website"},"primaryImageOfPage":{"@id":"https:\/\/www.immobilienbusiness.ch\/fr\/personalia\/2023-06-09\/avobis-ernennt-neue-geschaeftsfuehrer-fuer-verit-und-rimaplan\/#primaryimage"},"image":{"@id":"https:\/\/www.immobilienbusiness.ch\/fr\/personalia\/2023-06-09\/avobis-ernennt-neue-geschaeftsfuehrer-fuer-verit-und-rimaplan\/#primaryimage"},"thumbnailUrl":"https:\/\/www.immobilienbusiness.ch\/wp-content\/uploads\/2023\/06\/Felix-Wurhmann-Dieter-Sommer.png","datePublished":"2023-06-09T04:57:13+00:00","dateModified":"2023-06-22T16:52:43+00:00","description":"Il Gruppo Avobis ha annunciato due nuove nomine: Dieter Sommer diventer\u00e0 co-amministratore delegato di Verit Immobilien AG e Felix Wuhrmann diventer\u00e0 amministratore delegato di Rimaplan AG.","breadcrumb":{"@id":"https:\/\/www.immobilienbusiness.ch\/fr\/personalia\/2023-06-09\/avobis-ernennt-neue-geschaeftsfuehrer-fuer-verit-und-rimaplan\/#breadcrumb"},"inLanguage":"it-IT","potentialAction":[{"@type":"ReadAction","target":["https:\/\/www.immobilienbusiness.ch\/fr\/personalia\/2023-06-09\/avobis-ernennt-neue-geschaeftsfuehrer-fuer-verit-und-rimaplan\/"]}]},{"@type":"ImageObject","inLanguage":"it-IT","@id":"https:\/\/www.immobilienbusiness.ch\/fr\/personalia\/2023-06-09\/avobis-ernennt-neue-geschaeftsfuehrer-fuer-verit-und-rimaplan\/#primaryimage","url":"https:\/\/www.immobilienbusiness.ch\/wp-content\/uploads\/2023\/06\/Felix-Wurhmann-Dieter-Sommer.png","contentUrl":"https:\/\/www.immobilienbusiness.ch\/wp-content\/uploads\/2023\/06\/Felix-Wurhmann-Dieter-Sommer.png","width":517,"height":292,"caption":"Felix Wuhrmann und Dieter Sommer (Bild: Avobis)"},{"@type":"BreadcrumbList","@id":"https:\/\/www.immobilienbusiness.ch\/fr\/personalia\/2023-06-09\/avobis-ernennt-neue-geschaeftsfuehrer-fuer-verit-und-rimaplan\/#breadcrumb","itemListElement":[{"@type":"ListItem","position":1,"name":"Home","item":"https:\/\/www.immobilienbusiness.ch\/"},{"@type":"ListItem","position":2,"name":"Avobis ernennt neue Gesch\u00e4ftsf\u00fchrer f\u00fcr Verit und Rimaplan"}]},{"@type":"WebSite","@id":"https:\/\/www.immobilienbusiness.ch\/#website","url":"https:\/\/www.immobilienbusiness.ch\/","name":"Affari immobiliari","description":"Rivista economica indipendente svizzera che si concentra sul settore immobiliare, l'architettura e la costruzione, nonch\u00e9 sugli investimenti e i finanziamenti.","publisher":{"@id":"https:\/\/www.immobilienbusiness.ch\/#organization"},"potentialAction":[{"@type":"SearchAction","target":{"@type":"EntryPoint","urlTemplate":"https:\/\/www.immobilienbusiness.ch\/?s={search_term_string}"},"query-input":{"@type":"PropertyValueSpecification","valueRequired":true,"valueName":"search_term_string"}}],"inLanguage":"it-IT"},{"@type":"Organization","@id":"https:\/\/www.immobilienbusiness.ch\/#organization","name":"Affari immobiliari","url":"https:\/\/www.immobilienbusiness.ch\/","logo":{"@type":"ImageObject","inLanguage":"it-IT","@id":"https:\/\/www.immobilienbusiness.ch\/#\/schema\/logo\/image\/","url":"https:\/\/www.immobilienbusiness.ch\/wp-content\/uploads\/2021\/07\/logo_ib.png","contentUrl":"https:\/\/www.immobilienbusiness.ch\/wp-content\/uploads\/2021\/07\/logo_ib.png","width":800,"height":181,"caption":"IMMOBILIEN Business"},"image":{"@id":"https:\/\/www.immobilienbusiness.ch\/#\/schema\/logo\/image\/"},"sameAs":["https:\/\/www.facebook.com\/immobilienbusiness\/"]},{"@type":"Person","@id":"https:\/\/www.immobilienbusiness.ch\/#\/schema\/person\/aba8bea2db926aa0c24c08c43fe1fcd5","name":"Alexander Wachter","image":{"@type":"ImageObject","inLanguage":"it-IT","@id":"https:\/\/secure.gravatar.com\/avatar\/1a09e471f5389b0e0a6416eac287e0927c7c97a7b77f9e787eba3af7aee281dd?s=96&d=mm&r=g","url":"https:\/\/secure.gravatar.com\/avatar\/1a09e471f5389b0e0a6416eac287e0927c7c97a7b77f9e787eba3af7aee281dd?s=96&d=mm&r=g","contentUrl":"https:\/\/secure.gravatar.com\/avatar\/1a09e471f5389b0e0a6416eac287e0927c7c97a7b77f9e787eba3af7aee281dd?s=96&d=mm&r=g","caption":"Alexander Wachter"},"url":"https:\/\/www.immobilienbusiness.ch\/it\/author\/alexander-wachter\/"}]}},"_links":{"self":[{"href":"https:\/\/www.immobilienbusiness.ch\/it\/wp-json\/wp\/v2\/posts\/47311","targetHints":{"allow":["GET"]}}],"collection":[{"href":"https:\/\/www.immobilienbusiness.ch\/it\/wp-json\/wp\/v2\/posts"}],"about":[{"href":"https:\/\/www.immobilienbusiness.ch\/it\/wp-json\/wp\/v2\/types\/post"}],"author":[{"embeddable":true,"href":"https:\/\/www.immobilienbusiness.ch\/it\/wp-json\/wp\/v2\/users\/102"}],"replies":[{"embeddable":true,"href":"https:\/\/www.immobilienbusiness.ch\/it\/wp-json\/wp\/v2\/comments?post=47311"}],"version-history":[{"count":5,"href":"https:\/\/www.immobilienbusiness.ch\/it\/wp-json\/wp\/v2\/posts\/47311\/revisions"}],"predecessor-version":[{"id":47518,"href":"https:\/\/www.immobilienbusiness.ch\/it\/wp-json\/wp\/v2\/posts\/47311\/revisions\/47518"}],"wp:featuredmedia":[{"embeddable":true,"href":"https:\/\/www.immobilienbusiness.ch\/it\/wp-json\/wp\/v2\/media\/47312"}],"wp:attachment":[{"href":"https:\/\/www.immobilienbusiness.ch\/it\/wp-json\/wp\/v2\/media?parent=47311"}],"wp:term":[{"taxonomy":"category","embeddable":true,"href":"https:\/\/www.immobilienbusiness.ch\/it\/wp-json\/wp\/v2\/categories?post=47311"},{"taxonomy":"post_tag","embeddable":true,"href":"https:\/\/www.immobilienbusiness.ch\/it\/wp-json\/wp\/v2\/tags?post=47311"}],"curies":[{"name":"wp","href":"https:\/\/api.w.org\/{rel}","templated":true}]}}