{"id":47210,"date":"2023-06-01T08:05:55","date_gmt":"2023-06-01T06:05:55","guid":{"rendered":"https:\/\/www.immobilienbusiness.ch\/?p=47210"},"modified":"2023-06-22T16:37:09","modified_gmt":"2023-06-22T14:37:09","slug":"senioresidenz-begibt-pflichtwandelanleihe","status":"publish","type":"post","link":"https:\/\/www.immobilienbusiness.ch\/it\/unternehmen\/2023-06-01\/senioresidenz-begibt-pflichtwandelanleihe\/","title":{"rendered":"Senioresidenz emette obbligazioni convertibili obbligatorie"},"content":{"rendered":"<figure id=\"attachment_8281\" aria-describedby=\"caption-attachment-8281\" style=\"width: 624px\" class=\"wp-caption alignnone\"><a href=\"https:\/\/www.immobilienbusiness.ch\/wp-content\/uploads\/2017\/07\/Immobilien-Business-News-20170710-Dekotierung-Pax-Anlage-AG-c-Alexmit-\u2013-depositphotos.jpg\"><img loading=\"lazy\" decoding=\"async\" class=\"wp-image-8281 size-full\" src=\"https:\/\/www.immobilienbusiness.ch\/wp-content\/uploads\/2017\/07\/Immobilien-Business-News-20170710-Dekotierung-Pax-Anlage-AG-c-Alexmit-\u2013-depositphotos.jpg\" alt=\"Senioresidenz AG\" width=\"624\" height=\"392\" srcset=\"https:\/\/www.immobilienbusiness.ch\/wp-content\/uploads\/2017\/07\/Immobilien-Business-News-20170710-Dekotierung-Pax-Anlage-AG-c-Alexmit-\u2013-depositphotos.jpg 624w, https:\/\/www.immobilienbusiness.ch\/wp-content\/uploads\/2017\/07\/Immobilien-Business-News-20170710-Dekotierung-Pax-Anlage-AG-c-Alexmit-\u2013-depositphotos-300x188.jpg 300w, https:\/\/www.immobilienbusiness.ch\/wp-content\/uploads\/2017\/07\/Immobilien-Business-News-20170710-Dekotierung-Pax-Anlage-AG-c-Alexmit-\u2013-depositphotos-16x10.jpg 16w, https:\/\/www.immobilienbusiness.ch\/wp-content\/uploads\/2017\/07\/Immobilien-Business-News-20170710-Dekotierung-Pax-Anlage-AG-c-Alexmit-\u2013-depositphotos-279x175.jpg 279w, https:\/\/www.immobilienbusiness.ch\/wp-content\/uploads\/2017\/07\/Immobilien-Business-News-20170710-Dekotierung-Pax-Anlage-AG-c-Alexmit-\u2013-depositphotos-557x350.jpg 557w\" sizes=\"auto, (max-width: 624px) 100vw, 624px\" \/><\/a><figcaption id=\"caption-attachment-8281\" class=\"wp-caption-text\">Senioresidenz emette un'obbligazione convertibile (Immagine: Alexmit - depositphotos)<\/figcaption><\/figure>\n<p>Senioresidenz AG emette un prestito obbligazionario convertibile obbligatorio non garantito per un importo massimo di 20 milioni di franchi svizzeri. I proventi netti dell'emissione sono destinati a scopi di finanziamento in relazione all'acquisizione di propriet\u00e0 esistenti nel segmento delle residenze per anziani\/centri di cura per espandere ulteriormente il portafoglio e i guadagni, ha annunciato la societ\u00e0 immobiliare.<\/p>\n<p>Una prima propriet\u00e0 a Salmsach (TG) \u00e8 stata acquisita a un rendimento netto di 4,6%. Il contratto di locazione con l'operatore ha una durata di 15 anni.<\/p>\n<p>Il periodo di offerta dell'obbligazione \u00e8 previsto dal 12 al 23 giugno, ha aggiunto la societ\u00e0 immobiliare. A ciascun azionista esistente di Senioresidenz AG verr\u00e0 assegnato un diritto di sottoscrizione per ogni azione registrata posseduta il 7 giugno; 130 diritti di sottoscrizione daranno diritto a sottoscrivere un'obbligazione del valore nominale di 1.000 franchi svizzeri al prezzo di 100%. \u00c8 previsto anche un collocamento gratuito ad altri investitori interessati.<\/p>\n<p>L'obbligazione ha una cedola annua del 3,5% e sar\u00e0 convertita obbligatoriamente in azioni nominative quotate di nuova emissione della societ\u00e0 il 3 luglio 2024 a un prezzo di conversione iniziale di 43,00 franchi svizzeri netti per azione nominativa. <em>(ah)<\/em><\/p>","protected":false},"excerpt":{"rendered":"<p>La societ\u00e0 immobiliare intende utilizzare il ricavato, fino a 20 milioni di franchi svizzeri, per acquisire altri centri di cura e residenze per anziani. Il primo immobile \u00e8 gi\u00e0 stato acquistato.<\/p>","protected":false},"author":3,"featured_media":8281,"comment_status":"closed","ping_status":"closed","sticky":false,"template":"","format":"standard","meta":{"_acf_changed":false,"_yoast_wpseo_focuskw":"Senioresidenz AG","_yoast_wpseo_title":"","_yoast_wpseo_metadesc":"Den Erl\u00f6s von bis zu 20 Mio. CHF will die Immobiliengesellschaft f\u00fcr den Zukauf von weiteren Pflegezentren und Seniorenresidenzen einsetzen.","_yoast_wpseo_linkdex":52,"pgc_sgb_lightbox_settings":"","footnotes":""},"categories":[988],"tags":[1222,1570,1687,1688,1843],"class_list":["post-47210","post","type-post","status-publish","format-standard","has-post-thumbnail","hentry","category-unternehmen","tag-finanzierung","tag-pflegeheim","tag-seniorenresidenz","tag-senioresidenz-ag","tag-wandelanleihe"],"acf":[],"yoast_head":"<!-- This site is optimized with the Yoast SEO plugin v27.4 - https:\/\/yoast.com\/product\/yoast-seo-wordpress\/ -->\n<title>Senioresidenz begibt Pflichtwandelanleihe - IMMOBILIEN Business<\/title>\n<meta name=\"description\" content=\"Den Erl\u00f6s von bis zu 20 Mio. CHF will die Immobiliengesellschaft f\u00fcr den Zukauf von weiteren Pflegezentren und Seniorenresidenzen einsetzen.\" \/>\n<meta name=\"robots\" content=\"index, follow, max-snippet:-1, max-image-preview:large, max-video-preview:-1\" \/>\n<link rel=\"canonical\" href=\"https:\/\/www.immobilienbusiness.ch\/it\/unternehmen\/2023-06-01\/senioresidenz-begibt-pflichtwandelanleihe\/\" \/>\n<meta property=\"og:locale\" content=\"it_IT\" \/>\n<meta property=\"og:type\" content=\"article\" \/>\n<meta property=\"og:title\" content=\"Senioresidenz begibt Pflichtwandelanleihe - IMMOBILIEN Business\" \/>\n<meta property=\"og:description\" content=\"Den Erl\u00f6s von bis zu 20 Mio. CHF will die Immobiliengesellschaft f\u00fcr den Zukauf von weiteren Pflegezentren und Seniorenresidenzen einsetzen.\" \/>\n<meta property=\"og:url\" content=\"https:\/\/www.immobilienbusiness.ch\/it\/unternehmen\/2023-06-01\/senioresidenz-begibt-pflichtwandelanleihe\/\" \/>\n<meta property=\"og:site_name\" content=\"IMMOBILIEN Business\" \/>\n<meta property=\"article:publisher\" content=\"https:\/\/www.facebook.com\/immobilienbusiness\/\" \/>\n<meta property=\"article:published_time\" content=\"2023-06-01T06:05:55+00:00\" \/>\n<meta property=\"article:modified_time\" content=\"2023-06-22T14:37:09+00:00\" \/>\n<meta property=\"og:image\" content=\"https:\/\/www.immobilienbusiness.ch\/wp-content\/uploads\/2017\/07\/Immobilien-Business-News-20170710-Dekotierung-Pax-Anlage-AG-c-Alexmit-\u2013-depositphotos.jpg\" \/>\n\t<meta property=\"og:image:width\" content=\"624\" \/>\n\t<meta property=\"og:image:height\" content=\"392\" \/>\n\t<meta property=\"og:image:type\" content=\"image\/jpeg\" \/>\n<meta name=\"author\" content=\"anja.hall\" \/>\n<meta name=\"twitter:card\" content=\"summary_large_image\" \/>\n<meta name=\"twitter:image\" content=\"https:\/\/www.immobilienbusiness.ch\/wp-content\/uploads\/2017\/07\/Immobilien-Business-News-20170710-Dekotierung-Pax-Anlage-AG-c-Alexmit-\u2013-depositphotos.jpg\" \/>\n<script type=\"application\/ld+json\" class=\"yoast-schema-graph\">{\"@context\":\"https:\\\/\\\/schema.org\",\"@graph\":[{\"@type\":\"Article\",\"@id\":\"https:\\\/\\\/www.immobilienbusiness.ch\\\/en\\\/unternehmen\\\/2023-06-01\\\/senioresidenz-begibt-pflichtwandelanleihe\\\/#article\",\"isPartOf\":{\"@id\":\"https:\\\/\\\/www.immobilienbusiness.ch\\\/en\\\/unternehmen\\\/2023-06-01\\\/senioresidenz-begibt-pflichtwandelanleihe\\\/\"},\"author\":{\"name\":\"anja.hall\",\"@id\":\"https:\\\/\\\/www.immobilienbusiness.ch\\\/#\\\/schema\\\/person\\\/3fc036297b10b9f42d6db5ee932af8c8\"},\"headline\":\"Senioresidenz begibt Pflichtwandelanleihe\",\"datePublished\":\"2023-06-01T06:05:55+00:00\",\"dateModified\":\"2023-06-22T14:37:09+00:00\",\"mainEntityOfPage\":{\"@id\":\"https:\\\/\\\/www.immobilienbusiness.ch\\\/en\\\/unternehmen\\\/2023-06-01\\\/senioresidenz-begibt-pflichtwandelanleihe\\\/\"},\"wordCount\":172,\"publisher\":{\"@id\":\"https:\\\/\\\/www.immobilienbusiness.ch\\\/#organization\"},\"image\":{\"@id\":\"https:\\\/\\\/www.immobilienbusiness.ch\\\/en\\\/unternehmen\\\/2023-06-01\\\/senioresidenz-begibt-pflichtwandelanleihe\\\/#primaryimage\"},\"thumbnailUrl\":\"https:\\\/\\\/www.immobilienbusiness.ch\\\/wp-content\\\/uploads\\\/2017\\\/07\\\/Immobilien-Business-News-20170710-Dekotierung-Pax-Anlage-AG-c-Alexmit-\u2013-depositphotos.jpg\",\"keywords\":[\"Finanzierung\",\"Pflegeheim\",\"Seniorenresidenz\",\"SenioResidenz AG\",\"Wandelanleihe\"],\"articleSection\":[\"UNTERNEHMEN\"],\"inLanguage\":\"it-IT\"},{\"@type\":\"WebPage\",\"@id\":\"https:\\\/\\\/www.immobilienbusiness.ch\\\/en\\\/unternehmen\\\/2023-06-01\\\/senioresidenz-begibt-pflichtwandelanleihe\\\/\",\"url\":\"https:\\\/\\\/www.immobilienbusiness.ch\\\/en\\\/unternehmen\\\/2023-06-01\\\/senioresidenz-begibt-pflichtwandelanleihe\\\/\",\"name\":\"Senioresidenz begibt Pflichtwandelanleihe - IMMOBILIEN Business\",\"isPartOf\":{\"@id\":\"https:\\\/\\\/www.immobilienbusiness.ch\\\/#website\"},\"primaryImageOfPage\":{\"@id\":\"https:\\\/\\\/www.immobilienbusiness.ch\\\/en\\\/unternehmen\\\/2023-06-01\\\/senioresidenz-begibt-pflichtwandelanleihe\\\/#primaryimage\"},\"image\":{\"@id\":\"https:\\\/\\\/www.immobilienbusiness.ch\\\/en\\\/unternehmen\\\/2023-06-01\\\/senioresidenz-begibt-pflichtwandelanleihe\\\/#primaryimage\"},\"thumbnailUrl\":\"https:\\\/\\\/www.immobilienbusiness.ch\\\/wp-content\\\/uploads\\\/2017\\\/07\\\/Immobilien-Business-News-20170710-Dekotierung-Pax-Anlage-AG-c-Alexmit-\u2013-depositphotos.jpg\",\"datePublished\":\"2023-06-01T06:05:55+00:00\",\"dateModified\":\"2023-06-22T14:37:09+00:00\",\"description\":\"Den Erl\u00f6s von bis zu 20 Mio. CHF will die Immobiliengesellschaft f\u00fcr den Zukauf von weiteren Pflegezentren und Seniorenresidenzen einsetzen.\",\"breadcrumb\":{\"@id\":\"https:\\\/\\\/www.immobilienbusiness.ch\\\/en\\\/unternehmen\\\/2023-06-01\\\/senioresidenz-begibt-pflichtwandelanleihe\\\/#breadcrumb\"},\"inLanguage\":\"it-IT\",\"potentialAction\":[{\"@type\":\"ReadAction\",\"target\":[\"https:\\\/\\\/www.immobilienbusiness.ch\\\/en\\\/unternehmen\\\/2023-06-01\\\/senioresidenz-begibt-pflichtwandelanleihe\\\/\"]}]},{\"@type\":\"ImageObject\",\"inLanguage\":\"it-IT\",\"@id\":\"https:\\\/\\\/www.immobilienbusiness.ch\\\/en\\\/unternehmen\\\/2023-06-01\\\/senioresidenz-begibt-pflichtwandelanleihe\\\/#primaryimage\",\"url\":\"https:\\\/\\\/www.immobilienbusiness.ch\\\/wp-content\\\/uploads\\\/2017\\\/07\\\/Immobilien-Business-News-20170710-Dekotierung-Pax-Anlage-AG-c-Alexmit-\u2013-depositphotos.jpg\",\"contentUrl\":\"https:\\\/\\\/www.immobilienbusiness.ch\\\/wp-content\\\/uploads\\\/2017\\\/07\\\/Immobilien-Business-News-20170710-Dekotierung-Pax-Anlage-AG-c-Alexmit-\u2013-depositphotos.jpg\",\"width\":624,\"height\":392,\"caption\":\"Ecoreal hat ein Quartalsupdate f\u00fcr seine beiden Anlagegruppen vorgelegt (Bild: Alexmit \u2013 depositphotos)\"},{\"@type\":\"BreadcrumbList\",\"@id\":\"https:\\\/\\\/www.immobilienbusiness.ch\\\/en\\\/unternehmen\\\/2023-06-01\\\/senioresidenz-begibt-pflichtwandelanleihe\\\/#breadcrumb\",\"itemListElement\":[{\"@type\":\"ListItem\",\"position\":1,\"name\":\"Home\",\"item\":\"https:\\\/\\\/www.immobilienbusiness.ch\\\/\"},{\"@type\":\"ListItem\",\"position\":2,\"name\":\"Senioresidenz begibt Pflichtwandelanleihe\"}]},{\"@type\":\"WebSite\",\"@id\":\"https:\\\/\\\/www.immobilienbusiness.ch\\\/#website\",\"url\":\"https:\\\/\\\/www.immobilienbusiness.ch\\\/\",\"name\":\"IMMOBILIEN Business\",\"description\":\"Unabh\u00e4ngiges Schweizer Wirtschaftsmagazin mit Fokus auf Immobilien, Architektur- und Bau sowie Investment- und Finanzierung.\",\"publisher\":{\"@id\":\"https:\\\/\\\/www.immobilienbusiness.ch\\\/#organization\"},\"potentialAction\":[{\"@type\":\"SearchAction\",\"target\":{\"@type\":\"EntryPoint\",\"urlTemplate\":\"https:\\\/\\\/www.immobilienbusiness.ch\\\/?s={search_term_string}\"},\"query-input\":{\"@type\":\"PropertyValueSpecification\",\"valueRequired\":true,\"valueName\":\"search_term_string\"}}],\"inLanguage\":\"it-IT\"},{\"@type\":\"Organization\",\"@id\":\"https:\\\/\\\/www.immobilienbusiness.ch\\\/#organization\",\"name\":\"IMMOBILIEN Business\",\"url\":\"https:\\\/\\\/www.immobilienbusiness.ch\\\/\",\"logo\":{\"@type\":\"ImageObject\",\"inLanguage\":\"it-IT\",\"@id\":\"https:\\\/\\\/www.immobilienbusiness.ch\\\/#\\\/schema\\\/logo\\\/image\\\/\",\"url\":\"https:\\\/\\\/www.immobilienbusiness.ch\\\/wp-content\\\/uploads\\\/2021\\\/07\\\/logo_ib.png\",\"contentUrl\":\"https:\\\/\\\/www.immobilienbusiness.ch\\\/wp-content\\\/uploads\\\/2021\\\/07\\\/logo_ib.png\",\"width\":800,\"height\":181,\"caption\":\"IMMOBILIEN Business\"},\"image\":{\"@id\":\"https:\\\/\\\/www.immobilienbusiness.ch\\\/#\\\/schema\\\/logo\\\/image\\\/\"},\"sameAs\":[\"https:\\\/\\\/www.facebook.com\\\/immobilienbusiness\\\/\"]},{\"@type\":\"Person\",\"@id\":\"https:\\\/\\\/www.immobilienbusiness.ch\\\/#\\\/schema\\\/person\\\/3fc036297b10b9f42d6db5ee932af8c8\",\"name\":\"anja.hall\",\"image\":{\"@type\":\"ImageObject\",\"inLanguage\":\"it-IT\",\"@id\":\"https:\\\/\\\/secure.gravatar.com\\\/avatar\\\/066b5a0d447013502c71a5782f4f3469f03cfe595cc2329fb94652fe47511bfb?s=96&d=mm&r=g\",\"url\":\"https:\\\/\\\/secure.gravatar.com\\\/avatar\\\/066b5a0d447013502c71a5782f4f3469f03cfe595cc2329fb94652fe47511bfb?s=96&d=mm&r=g\",\"contentUrl\":\"https:\\\/\\\/secure.gravatar.com\\\/avatar\\\/066b5a0d447013502c71a5782f4f3469f03cfe595cc2329fb94652fe47511bfb?s=96&d=mm&r=g\",\"caption\":\"anja.hall\"},\"url\":\"https:\\\/\\\/www.immobilienbusiness.ch\\\/it\\\/author\\\/anja-hall\\\/\"}]}<\/script>\n<!-- \/ Yoast SEO plugin. -->","yoast_head_json":{"title":"Senioresidenz begibt Pflichtwandelanleihe - IMMOBILIEN Business","description":"Den Erl\u00f6s von bis zu 20 Mio. CHF will die Immobiliengesellschaft f\u00fcr den Zukauf von weiteren Pflegezentren und Seniorenresidenzen einsetzen.","robots":{"index":"index","follow":"follow","max-snippet":"max-snippet:-1","max-image-preview":"max-image-preview:large","max-video-preview":"max-video-preview:-1"},"canonical":"https:\/\/www.immobilienbusiness.ch\/it\/unternehmen\/2023-06-01\/senioresidenz-begibt-pflichtwandelanleihe\/","og_locale":"it_IT","og_type":"article","og_title":"Senioresidenz begibt Pflichtwandelanleihe - IMMOBILIEN Business","og_description":"Den Erl\u00f6s von bis zu 20 Mio. CHF will die Immobiliengesellschaft f\u00fcr den Zukauf von weiteren Pflegezentren und Seniorenresidenzen einsetzen.","og_url":"https:\/\/www.immobilienbusiness.ch\/it\/unternehmen\/2023-06-01\/senioresidenz-begibt-pflichtwandelanleihe\/","og_site_name":"IMMOBILIEN Business","article_publisher":"https:\/\/www.facebook.com\/immobilienbusiness\/","article_published_time":"2023-06-01T06:05:55+00:00","article_modified_time":"2023-06-22T14:37:09+00:00","og_image":[{"width":624,"height":392,"url":"https:\/\/www.immobilienbusiness.ch\/wp-content\/uploads\/2017\/07\/Immobilien-Business-News-20170710-Dekotierung-Pax-Anlage-AG-c-Alexmit-\u2013-depositphotos.jpg","type":"image\/jpeg"}],"author":"anja.hall","twitter_card":"summary_large_image","twitter_image":"https:\/\/www.immobilienbusiness.ch\/wp-content\/uploads\/2017\/07\/Immobilien-Business-News-20170710-Dekotierung-Pax-Anlage-AG-c-Alexmit-\u2013-depositphotos.jpg","schema":{"@context":"https:\/\/schema.org","@graph":[{"@type":"Article","@id":"https:\/\/www.immobilienbusiness.ch\/en\/unternehmen\/2023-06-01\/senioresidenz-begibt-pflichtwandelanleihe\/#article","isPartOf":{"@id":"https:\/\/www.immobilienbusiness.ch\/en\/unternehmen\/2023-06-01\/senioresidenz-begibt-pflichtwandelanleihe\/"},"author":{"name":"anja.hall","@id":"https:\/\/www.immobilienbusiness.ch\/#\/schema\/person\/3fc036297b10b9f42d6db5ee932af8c8"},"headline":"Senioresidenz begibt Pflichtwandelanleihe","datePublished":"2023-06-01T06:05:55+00:00","dateModified":"2023-06-22T14:37:09+00:00","mainEntityOfPage":{"@id":"https:\/\/www.immobilienbusiness.ch\/en\/unternehmen\/2023-06-01\/senioresidenz-begibt-pflichtwandelanleihe\/"},"wordCount":172,"publisher":{"@id":"https:\/\/www.immobilienbusiness.ch\/#organization"},"image":{"@id":"https:\/\/www.immobilienbusiness.ch\/en\/unternehmen\/2023-06-01\/senioresidenz-begibt-pflichtwandelanleihe\/#primaryimage"},"thumbnailUrl":"https:\/\/www.immobilienbusiness.ch\/wp-content\/uploads\/2017\/07\/Immobilien-Business-News-20170710-Dekotierung-Pax-Anlage-AG-c-Alexmit-\u2013-depositphotos.jpg","keywords":["Finanzierung","Pflegeheim","Seniorenresidenz","SenioResidenz AG","Wandelanleihe"],"articleSection":["UNTERNEHMEN"],"inLanguage":"it-IT"},{"@type":"WebPage","@id":"https:\/\/www.immobilienbusiness.ch\/en\/unternehmen\/2023-06-01\/senioresidenz-begibt-pflichtwandelanleihe\/","url":"https:\/\/www.immobilienbusiness.ch\/en\/unternehmen\/2023-06-01\/senioresidenz-begibt-pflichtwandelanleihe\/","name":"Senioresidenz begibt Pflichtwandelanleihe - IMMOBILIEN Business","isPartOf":{"@id":"https:\/\/www.immobilienbusiness.ch\/#website"},"primaryImageOfPage":{"@id":"https:\/\/www.immobilienbusiness.ch\/en\/unternehmen\/2023-06-01\/senioresidenz-begibt-pflichtwandelanleihe\/#primaryimage"},"image":{"@id":"https:\/\/www.immobilienbusiness.ch\/en\/unternehmen\/2023-06-01\/senioresidenz-begibt-pflichtwandelanleihe\/#primaryimage"},"thumbnailUrl":"https:\/\/www.immobilienbusiness.ch\/wp-content\/uploads\/2017\/07\/Immobilien-Business-News-20170710-Dekotierung-Pax-Anlage-AG-c-Alexmit-\u2013-depositphotos.jpg","datePublished":"2023-06-01T06:05:55+00:00","dateModified":"2023-06-22T14:37:09+00:00","description":"Den Erl\u00f6s von bis zu 20 Mio. CHF will die Immobiliengesellschaft f\u00fcr den Zukauf von weiteren Pflegezentren und Seniorenresidenzen einsetzen.","breadcrumb":{"@id":"https:\/\/www.immobilienbusiness.ch\/en\/unternehmen\/2023-06-01\/senioresidenz-begibt-pflichtwandelanleihe\/#breadcrumb"},"inLanguage":"it-IT","potentialAction":[{"@type":"ReadAction","target":["https:\/\/www.immobilienbusiness.ch\/en\/unternehmen\/2023-06-01\/senioresidenz-begibt-pflichtwandelanleihe\/"]}]},{"@type":"ImageObject","inLanguage":"it-IT","@id":"https:\/\/www.immobilienbusiness.ch\/en\/unternehmen\/2023-06-01\/senioresidenz-begibt-pflichtwandelanleihe\/#primaryimage","url":"https:\/\/www.immobilienbusiness.ch\/wp-content\/uploads\/2017\/07\/Immobilien-Business-News-20170710-Dekotierung-Pax-Anlage-AG-c-Alexmit-\u2013-depositphotos.jpg","contentUrl":"https:\/\/www.immobilienbusiness.ch\/wp-content\/uploads\/2017\/07\/Immobilien-Business-News-20170710-Dekotierung-Pax-Anlage-AG-c-Alexmit-\u2013-depositphotos.jpg","width":624,"height":392,"caption":"Ecoreal hat ein Quartalsupdate f\u00fcr seine beiden Anlagegruppen vorgelegt (Bild: Alexmit \u2013 depositphotos)"},{"@type":"BreadcrumbList","@id":"https:\/\/www.immobilienbusiness.ch\/en\/unternehmen\/2023-06-01\/senioresidenz-begibt-pflichtwandelanleihe\/#breadcrumb","itemListElement":[{"@type":"ListItem","position":1,"name":"Home","item":"https:\/\/www.immobilienbusiness.ch\/"},{"@type":"ListItem","position":2,"name":"Senioresidenz begibt Pflichtwandelanleihe"}]},{"@type":"WebSite","@id":"https:\/\/www.immobilienbusiness.ch\/#website","url":"https:\/\/www.immobilienbusiness.ch\/","name":"Affari immobiliari","description":"Rivista economica indipendente svizzera che si concentra sul settore immobiliare, l'architettura e la costruzione, nonch\u00e9 sugli investimenti e i finanziamenti.","publisher":{"@id":"https:\/\/www.immobilienbusiness.ch\/#organization"},"potentialAction":[{"@type":"SearchAction","target":{"@type":"EntryPoint","urlTemplate":"https:\/\/www.immobilienbusiness.ch\/?s={search_term_string}"},"query-input":{"@type":"PropertyValueSpecification","valueRequired":true,"valueName":"search_term_string"}}],"inLanguage":"it-IT"},{"@type":"Organization","@id":"https:\/\/www.immobilienbusiness.ch\/#organization","name":"Affari immobiliari","url":"https:\/\/www.immobilienbusiness.ch\/","logo":{"@type":"ImageObject","inLanguage":"it-IT","@id":"https:\/\/www.immobilienbusiness.ch\/#\/schema\/logo\/image\/","url":"https:\/\/www.immobilienbusiness.ch\/wp-content\/uploads\/2021\/07\/logo_ib.png","contentUrl":"https:\/\/www.immobilienbusiness.ch\/wp-content\/uploads\/2021\/07\/logo_ib.png","width":800,"height":181,"caption":"IMMOBILIEN Business"},"image":{"@id":"https:\/\/www.immobilienbusiness.ch\/#\/schema\/logo\/image\/"},"sameAs":["https:\/\/www.facebook.com\/immobilienbusiness\/"]},{"@type":"Person","@id":"https:\/\/www.immobilienbusiness.ch\/#\/schema\/person\/3fc036297b10b9f42d6db5ee932af8c8","name":"anja.hall","image":{"@type":"ImageObject","inLanguage":"it-IT","@id":"https:\/\/secure.gravatar.com\/avatar\/066b5a0d447013502c71a5782f4f3469f03cfe595cc2329fb94652fe47511bfb?s=96&d=mm&r=g","url":"https:\/\/secure.gravatar.com\/avatar\/066b5a0d447013502c71a5782f4f3469f03cfe595cc2329fb94652fe47511bfb?s=96&d=mm&r=g","contentUrl":"https:\/\/secure.gravatar.com\/avatar\/066b5a0d447013502c71a5782f4f3469f03cfe595cc2329fb94652fe47511bfb?s=96&d=mm&r=g","caption":"anja.hall"},"url":"https:\/\/www.immobilienbusiness.ch\/it\/author\/anja-hall\/"}]}},"_links":{"self":[{"href":"https:\/\/www.immobilienbusiness.ch\/it\/wp-json\/wp\/v2\/posts\/47210","targetHints":{"allow":["GET"]}}],"collection":[{"href":"https:\/\/www.immobilienbusiness.ch\/it\/wp-json\/wp\/v2\/posts"}],"about":[{"href":"https:\/\/www.immobilienbusiness.ch\/it\/wp-json\/wp\/v2\/types\/post"}],"author":[{"embeddable":true,"href":"https:\/\/www.immobilienbusiness.ch\/it\/wp-json\/wp\/v2\/users\/3"}],"replies":[{"embeddable":true,"href":"https:\/\/www.immobilienbusiness.ch\/it\/wp-json\/wp\/v2\/comments?post=47210"}],"version-history":[{"count":4,"href":"https:\/\/www.immobilienbusiness.ch\/it\/wp-json\/wp\/v2\/posts\/47210\/revisions"}],"predecessor-version":[{"id":47549,"href":"https:\/\/www.immobilienbusiness.ch\/it\/wp-json\/wp\/v2\/posts\/47210\/revisions\/47549"}],"wp:featuredmedia":[{"embeddable":true,"href":"https:\/\/www.immobilienbusiness.ch\/it\/wp-json\/wp\/v2\/media\/8281"}],"wp:attachment":[{"href":"https:\/\/www.immobilienbusiness.ch\/it\/wp-json\/wp\/v2\/media?parent=47210"}],"wp:term":[{"taxonomy":"category","embeddable":true,"href":"https:\/\/www.immobilienbusiness.ch\/it\/wp-json\/wp\/v2\/categories?post=47210"},{"taxonomy":"post_tag","embeddable":true,"href":"https:\/\/www.immobilienbusiness.ch\/it\/wp-json\/wp\/v2\/tags?post=47210"}],"curies":[{"name":"wp","href":"https:\/\/api.w.org\/{rel}","templated":true}]}}